{"id":198258,"date":"2025-10-26T17:32:37","date_gmt":"2025-10-26T20:32:37","guid":{"rendered":"https:\/\/radioinfinitagoya.com.ar\/v1\/?p=198258"},"modified":"2025-10-26T17:32:37","modified_gmt":"2025-10-26T20:32:37","slug":"muestra-anual-de-educacion-fisica-y-musica-de-la-escuela-66-gral-san-martin","status":"publish","type":"post","link":"https:\/\/radioinfinitagoya.com.ar\/v1\/2025\/10\/26\/muestra-anual-de-educacion-fisica-y-musica-de-la-escuela-66-gral-san-martin\/","title":{"rendered":"Muestra anual de educaci\u00f3n F\u00edsica y M\u00fasica de la escuela 66 Gral San Mart\u00edn"},"content":{"rendered":"<p>Con el apoyo y aporte de la Municipalidad de Goya la Escuela Cabecera N\u00famero 66 \u201cGeneral Jos\u00e9 de San Martin\u201d realizar\u00e1 su muestra anual de Educaci\u00f3n F\u00edsica y M\u00fasica el pr\u00f3ximo jueves 30 de octubre a las 18 horas en el Club Central Goya<\/p>\n<p>La profesora Mariana Paola Cicala integrante del Departamento de Educaci\u00f3n F\u00edsica del establecimiento escolar, en declaraciones radiales detalla, sobre este encuentro, informando adem\u00e1s que se encuentra abierta la preinscripci\u00f3n para el periodo lectivo 2026 en la citada instituci\u00f3n.<\/p>\n<p>La docente manifest\u00f3 su agradecimiento por la recepci\u00f3n cuando se radic\u00f3 desde Buenos Aires, en la ciudad de Goya, ejerciendo su funci\u00f3n en la Escuela 66, en tal sentido la profesora Mariana Cicala, invit\u00f3 a los padres a inscribir a sus ni\u00f1os para el ciclo 2026.<\/p>\n<p>125 A\u00d1OS DE FORMACI\u00d3N EDUCATIVA<\/p>\n<p>La profesora se\u00f1al\u00f3: \u201cNosotros trabajamos para mantener este servicio educativo, que lleva 125 a\u00f1os de formaci\u00f3n, contamos con un gabinete odontol\u00f3gico a cargo de la Odont\u00f3loga Mar\u00eda Paula Bernardi, quien brinda el servicio de consultas, de orientaci\u00f3n para el cuidado de la salud buco dental, contamos con ofertas en tecnolog\u00eda, educaci\u00f3n f\u00edsica, m\u00fasica, es una oferta integral, por eso la invitaci\u00f3n a asistir a nuestra escuela para registrar la preinscripci\u00f3n para el pr\u00f3ximo periodo lectivo.\u201d<\/p>\n<p>\u201cVale mencionar que nuestra escuela es una instituci\u00f3n inclusiva, porque desarrollan su actividad las docentes integradoras.\u201d Acot\u00f3 la profesora de Educaci\u00f3n F\u00edsica.<\/p>\n<p>FIESTA ANUAL DE EDUCACION FISICA Y MUSICA<\/p>\n<p>Consultada sobre la muestra anual de Educaci\u00f3n F\u00edsica, que este a\u00f1o se incorpora la m\u00fasica, la docente, explic\u00f3: \u201cEs la muestra anual, para exhibir lo aprendido durante todo el a\u00f1o, invitamos a los padres, a la comunidad a participar, en esta edici\u00f3n realizaremos en instalaciones del Club Central Goya, en el campo de juego de esa instituci\u00f3n, integrado con m\u00fasica, el pr\u00f3ximo 30 de octubre a partir de las 18 horas.\u201d<\/p>\n<p>\u201cSe solicita una colaboraci\u00f3n, a modo de entrada a 1500 Pesos en la escuela, el d\u00eda de la muestra a 2000 Pesos, instalaremos un escenario para integrar la educaci\u00f3n f\u00edsica y la m\u00fasica, hemos trabajado todo el a\u00f1o para poder mostrar este ensamble, danza, actividad f\u00edsica y la m\u00fasica (en vivo) reitero un trabajo integrado que lo hacemos por primera vez.\u201d<\/p>\n<p>MUESTRA TEM\u00c1TICA<\/p>\n<p>La profesora, sostuvo: \u201cNosotros desde la edici\u00f3n del a\u00f1o pasado planteamos hacer esta muestra anual de manera tem\u00e1tica, en el 2024 el tema fue el circo, en esta temporada nos propusimos Las Olimpiadas, con la representaci\u00f3n de las delegaciones participantes de estos \u201cjuegos ol\u00edmpicos\u201d, esto representaremos este a\u00f1o, buscamos generar un hilo conductor por eso surgi\u00f3 esta iniciativa, observando los resultados del a\u00f1o pasado, presentamos este tema el jueves 30 en Central Goya.\u201d<\/p>\n<p>APOYO DE LA MUNICIPALIDAD<\/p>\n<p>La profesora, reconoci\u00f3: \u201cEstamos agradecidos, desde el equipo de conducci\u00f3n de nuestra escuela a cargo de Sof\u00eda Chac\u00f3n, extendiendo nuestro reconocimiento a la Comisi\u00f3n Directiva del Club Central Goya, a la Municipalidad por su aporte, particularmente a la Secretaria de Educaci\u00f3n Sonia Espina, debemos destacar cada vez que recurrimos para una colaboraci\u00f3n, siempre encontramos la excelente predisposici\u00f3n.\u201d<\/p>\n<p>Finalmente, Marina Paola Cicala, detallo: \u201cEn caso de lluvia, establecimos una fecha alternativa, ser\u00e1 para el 4 de noviembre, hemos programado de manera consensuada con el Club, pero apostamos las fichas para nuestra muestra anual de Educaci\u00f3n F\u00edsica y M\u00fasica, para el jueves 30 de octubre a las 18 horas, en Central Goya.\u201d<\/p>\n<p>Direcci\u00f3n de Prensa-Municipalidad de Goya<\/p>\n","protected":false},"excerpt":{"rendered":"<p>Con el apoyo y aporte de la Municipalidad de Goya la Escuela Cabecera N\u00famero 66 \u201cGeneral Jos\u00e9 de San Martin\u201d realizar\u00e1 su muestra anual de Educaci\u00f3n F\u00edsica y M\u00fasica el pr\u00f3ximo jueves 30 de octubre a las 18 horas en el Club Central Goya La profesora Mariana Paola Cicala integrante del Departamento de Educaci\u00f3n F\u00edsica [&hellip;]<\/p>\n","protected":false},"author":4,"featured_media":198259,"comment_status":"closed","ping_status":"closed","sticky":false,"template":"","format":"standard","meta":{"_joinchat":[],"footnotes":""},"categories":[27],"tags":[],"class_list":{"0":"post-198258","1":"post","2":"type-post","3":"status-publish","4":"format-standard","5":"has-post-thumbnail","7":"category-locales"},"yoast_head":"<!-- This site is optimized with the Yoast SEO plugin v27.2 - https:\/\/yoast.com\/product\/yoast-seo-wordpress\/ -->\n<title>Muestra anual de educaci\u00f3n F\u00edsica y M\u00fasica de la escuela 66 Gral San Mart\u00edn - Radio Infinita Goya<\/title>\n<meta name=\"description\" content=\"Con el apoyo y aporte de la Municipalidad de Goya la Escuela Cabecera N\u00famero 66 \u201cGeneral Jos\u00e9 de San Martin\u201d realizar\u00e1 su muestra anual de Educaci\u00f3n\" \/>\n<meta name=\"robots\" content=\"index, follow, max-snippet:-1, max-image-preview:large, max-video-preview:-1\" \/>\n<link rel=\"canonical\" href=\"https:\/\/radioinfinitagoya.com.ar\/v1\/2025\/10\/26\/muestra-anual-de-educacion-fisica-y-musica-de-la-escuela-66-gral-san-martin\/\" \/>\n<meta property=\"og:locale\" content=\"es_ES\" \/>\n<meta property=\"og:type\" content=\"article\" \/>\n<meta property=\"og:title\" content=\"Muestra anual de educaci\u00f3n F\u00edsica y M\u00fasica de la escuela 66 Gral San Mart\u00edn - Radio Infinita Goya\" \/>\n<meta property=\"og:description\" content=\"Con el apoyo y aporte de la Municipalidad de Goya la Escuela Cabecera N\u00famero 66 \u201cGeneral Jos\u00e9 de San Martin\u201d realizar\u00e1 su muestra anual de Educaci\u00f3n\" \/>\n<meta property=\"og:url\" content=\"https:\/\/radioinfinitagoya.com.ar\/v1\/2025\/10\/26\/muestra-anual-de-educacion-fisica-y-musica-de-la-escuela-66-gral-san-martin\/\" \/>\n<meta property=\"og:site_name\" content=\"Radio Infinita Goya\" \/>\n<meta property=\"article:publisher\" content=\"https:\/\/www.facebook.com\/p\/Infinita-Goya-100063870918311\/\" \/>\n<meta property=\"article:published_time\" content=\"2025-10-26T20:32:37+00:00\" \/>\n<meta property=\"og:image\" content=\"https:\/\/radioinfinitagoya.com.ar\/v1\/wp-content\/uploads\/2025\/10\/571286199_10231343599873365_5578920666850008900_n.jpg\" \/>\n\t<meta property=\"og:image:width\" content=\"750\" \/>\n\t<meta property=\"og:image:height\" content=\"738\" \/>\n\t<meta property=\"og:image:type\" content=\"image\/jpeg\" \/>\n<meta name=\"author\" content=\"Jorge Mi\u00f1o\" \/>\n<meta name=\"twitter:card\" content=\"summary_large_image\" \/>\n<meta name=\"twitter:label1\" content=\"Escrito por\" \/>\n\t<meta name=\"twitter:data1\" content=\"Jorge Mi\u00f1o\" \/>\n\t<meta name=\"twitter:label2\" content=\"Tiempo de lectura\" \/>\n\t<meta name=\"twitter:data2\" content=\"3 minutos\" \/>\n<script type=\"application\/ld+json\" class=\"yoast-schema-graph\">{\"@context\":\"https:\/\/schema.org\",\"@graph\":[{\"@type\":\"Article\",\"@id\":\"https:\/\/radioinfinitagoya.com.ar\/v1\/2025\/10\/26\/muestra-anual-de-educacion-fisica-y-musica-de-la-escuela-66-gral-san-martin\/#article\",\"isPartOf\":{\"@id\":\"https:\/\/radioinfinitagoya.com.ar\/v1\/2025\/10\/26\/muestra-anual-de-educacion-fisica-y-musica-de-la-escuela-66-gral-san-martin\/\"},\"author\":{\"name\":\"Jorge Mi\u00f1o\",\"@id\":\"https:\/\/radioinfinitagoya.com.ar\/v1\/#\/schema\/person\/d4cf9c413d4f6edb24aabdccab49ca4a\"},\"headline\":\"Muestra anual de educaci\u00f3n F\u00edsica y M\u00fasica de la escuela 66 Gral San Mart\u00edn\",\"datePublished\":\"2025-10-26T20:32:37+00:00\",\"mainEntityOfPage\":{\"@id\":\"https:\/\/radioinfinitagoya.com.ar\/v1\/2025\/10\/26\/muestra-anual-de-educacion-fisica-y-musica-de-la-escuela-66-gral-san-martin\/\"},\"wordCount\":631,\"publisher\":{\"@id\":\"https:\/\/radioinfinitagoya.com.ar\/v1\/#organization\"},\"image\":{\"@id\":\"https:\/\/radioinfinitagoya.com.ar\/v1\/2025\/10\/26\/muestra-anual-de-educacion-fisica-y-musica-de-la-escuela-66-gral-san-martin\/#primaryimage\"},\"thumbnailUrl\":\"https:\/\/radioinfinitagoya.com.ar\/v1\/wp-content\/uploads\/2025\/10\/571286199_10231343599873365_5578920666850008900_n.jpg\",\"articleSection\":[\"LOCALES\"],\"inLanguage\":\"es-AR\"},{\"@type\":\"WebPage\",\"@id\":\"https:\/\/radioinfinitagoya.com.ar\/v1\/2025\/10\/26\/muestra-anual-de-educacion-fisica-y-musica-de-la-escuela-66-gral-san-martin\/\",\"url\":\"https:\/\/radioinfinitagoya.com.ar\/v1\/2025\/10\/26\/muestra-anual-de-educacion-fisica-y-musica-de-la-escuela-66-gral-san-martin\/\",\"name\":\"Muestra anual de educaci\u00f3n F\u00edsica y M\u00fasica de la escuela 66 Gral San Mart\u00edn - Radio Infinita Goya\",\"isPartOf\":{\"@id\":\"https:\/\/radioinfinitagoya.com.ar\/v1\/#website\"},\"primaryImageOfPage\":{\"@id\":\"https:\/\/radioinfinitagoya.com.ar\/v1\/2025\/10\/26\/muestra-anual-de-educacion-fisica-y-musica-de-la-escuela-66-gral-san-martin\/#primaryimage\"},\"image\":{\"@id\":\"https:\/\/radioinfinitagoya.com.ar\/v1\/2025\/10\/26\/muestra-anual-de-educacion-fisica-y-musica-de-la-escuela-66-gral-san-martin\/#primaryimage\"},\"thumbnailUrl\":\"https:\/\/radioinfinitagoya.com.ar\/v1\/wp-content\/uploads\/2025\/10\/571286199_10231343599873365_5578920666850008900_n.jpg\",\"datePublished\":\"2025-10-26T20:32:37+00:00\",\"description\":\"Con el apoyo y aporte de la Municipalidad de Goya la Escuela Cabecera N\u00famero 66 \u201cGeneral Jos\u00e9 de San Martin\u201d realizar\u00e1 su muestra anual de Educaci\u00f3n\",\"breadcrumb\":{\"@id\":\"https:\/\/radioinfinitagoya.com.ar\/v1\/2025\/10\/26\/muestra-anual-de-educacion-fisica-y-musica-de-la-escuela-66-gral-san-martin\/#breadcrumb\"},\"inLanguage\":\"es-AR\",\"potentialAction\":[{\"@type\":\"ReadAction\",\"target\":[\"https:\/\/radioinfinitagoya.com.ar\/v1\/2025\/10\/26\/muestra-anual-de-educacion-fisica-y-musica-de-la-escuela-66-gral-san-martin\/\"]}]},{\"@type\":\"ImageObject\",\"inLanguage\":\"es-AR\",\"@id\":\"https:\/\/radioinfinitagoya.com.ar\/v1\/2025\/10\/26\/muestra-anual-de-educacion-fisica-y-musica-de-la-escuela-66-gral-san-martin\/#primaryimage\",\"url\":\"https:\/\/radioinfinitagoya.com.ar\/v1\/wp-content\/uploads\/2025\/10\/571286199_10231343599873365_5578920666850008900_n.jpg\",\"contentUrl\":\"https:\/\/radioinfinitagoya.com.ar\/v1\/wp-content\/uploads\/2025\/10\/571286199_10231343599873365_5578920666850008900_n.jpg\",\"width\":750,\"height\":738},{\"@type\":\"BreadcrumbList\",\"@id\":\"https:\/\/radioinfinitagoya.com.ar\/v1\/2025\/10\/26\/muestra-anual-de-educacion-fisica-y-musica-de-la-escuela-66-gral-san-martin\/#breadcrumb\",\"itemListElement\":[{\"@type\":\"ListItem\",\"position\":1,\"name\":\"Inicio\",\"item\":\"https:\/\/radioinfinitagoya.com.ar\/v1\/\"},{\"@type\":\"ListItem\",\"position\":2,\"name\":\"Muestra anual de educaci\u00f3n F\u00edsica y M\u00fasica de la escuela 66 Gral San Mart\u00edn\"}]},{\"@type\":\"WebSite\",\"@id\":\"https:\/\/radioinfinitagoya.com.ar\/v1\/#website\",\"url\":\"https:\/\/radioinfinitagoya.com.ar\/v1\/\",\"name\":\"radioinfinitagoya.com.ar\",\"description\":\"Radio de noticias\",\"publisher\":{\"@id\":\"https:\/\/radioinfinitagoya.com.ar\/v1\/#organization\"},\"potentialAction\":[{\"@type\":\"SearchAction\",\"target\":{\"@type\":\"EntryPoint\",\"urlTemplate\":\"https:\/\/radioinfinitagoya.com.ar\/v1\/?s={search_term_string}\"},\"query-input\":{\"@type\":\"PropertyValueSpecification\",\"valueRequired\":true,\"valueName\":\"search_term_string\"}}],\"inLanguage\":\"es-AR\"},{\"@type\":\"Organization\",\"@id\":\"https:\/\/radioinfinitagoya.com.ar\/v1\/#organization\",\"name\":\"Radio Infinita Goya\",\"url\":\"https:\/\/radioinfinitagoya.com.ar\/v1\/\",\"logo\":{\"@type\":\"ImageObject\",\"inLanguage\":\"es-AR\",\"@id\":\"https:\/\/radioinfinitagoya.com.ar\/v1\/#\/schema\/logo\/image\/\",\"url\":\"https:\/\/radioinfinitagoya.com.ar\/v1\/wp-content\/uploads\/2019\/11\/logo-pie-web.png\",\"contentUrl\":\"https:\/\/radioinfinitagoya.com.ar\/v1\/wp-content\/uploads\/2019\/11\/logo-pie-web.png\",\"width\":635,\"height\":326,\"caption\":\"Radio Infinita Goya\"},\"image\":{\"@id\":\"https:\/\/radioinfinitagoya.com.ar\/v1\/#\/schema\/logo\/image\/\"},\"sameAs\":[\"https:\/\/www.facebook.com\/p\/Infinita-Goya-100063870918311\/\"]},{\"@type\":\"Person\",\"@id\":\"https:\/\/radioinfinitagoya.com.ar\/v1\/#\/schema\/person\/d4cf9c413d4f6edb24aabdccab49ca4a\",\"name\":\"Jorge Mi\u00f1o\",\"image\":{\"@type\":\"ImageObject\",\"inLanguage\":\"es-AR\",\"@id\":\"https:\/\/secure.gravatar.com\/avatar\/910fcf6728fe95320e07a6643c1581fec1c7fc4bf8ae12e3d8f0d0373dc844be?s=96&d=mm&r=g\",\"url\":\"https:\/\/secure.gravatar.com\/avatar\/910fcf6728fe95320e07a6643c1581fec1c7fc4bf8ae12e3d8f0d0373dc844be?s=96&d=mm&r=g\",\"contentUrl\":\"https:\/\/secure.gravatar.com\/avatar\/910fcf6728fe95320e07a6643c1581fec1c7fc4bf8ae12e3d8f0d0373dc844be?s=96&d=mm&r=g\",\"caption\":\"Jorge Mi\u00f1o\"},\"sameAs\":[\"http:\/\/radioinfinitagoya.com.ar\"]}]}<\/script>\n<!-- \/ Yoast SEO plugin. -->","yoast_head_json":{"title":"Muestra anual de educaci\u00f3n F\u00edsica y M\u00fasica de la escuela 66 Gral San Mart\u00edn - Radio Infinita Goya","description":"Con el apoyo y aporte de la Municipalidad de Goya la Escuela Cabecera N\u00famero 66 \u201cGeneral Jos\u00e9 de San Martin\u201d realizar\u00e1 su muestra anual de Educaci\u00f3n","robots":{"index":"index","follow":"follow","max-snippet":"max-snippet:-1","max-image-preview":"max-image-preview:large","max-video-preview":"max-video-preview:-1"},"canonical":"https:\/\/radioinfinitagoya.com.ar\/v1\/2025\/10\/26\/muestra-anual-de-educacion-fisica-y-musica-de-la-escuela-66-gral-san-martin\/","og_locale":"es_ES","og_type":"article","og_title":"Muestra anual de educaci\u00f3n F\u00edsica y M\u00fasica de la escuela 66 Gral San Mart\u00edn - Radio Infinita Goya","og_description":"Con el apoyo y aporte de la Municipalidad de Goya la Escuela Cabecera N\u00famero 66 \u201cGeneral Jos\u00e9 de San Martin\u201d realizar\u00e1 su muestra anual de Educaci\u00f3n","og_url":"https:\/\/radioinfinitagoya.com.ar\/v1\/2025\/10\/26\/muestra-anual-de-educacion-fisica-y-musica-de-la-escuela-66-gral-san-martin\/","og_site_name":"Radio Infinita Goya","article_publisher":"https:\/\/www.facebook.com\/p\/Infinita-Goya-100063870918311\/","article_published_time":"2025-10-26T20:32:37+00:00","og_image":[{"width":750,"height":738,"url":"https:\/\/radioinfinitagoya.com.ar\/v1\/wp-content\/uploads\/2025\/10\/571286199_10231343599873365_5578920666850008900_n.jpg","type":"image\/jpeg"}],"author":"Jorge Mi\u00f1o","twitter_card":"summary_large_image","twitter_misc":{"Escrito por":"Jorge Mi\u00f1o","Tiempo de lectura":"3 minutos"},"schema":{"@context":"https:\/\/schema.org","@graph":[{"@type":"Article","@id":"https:\/\/radioinfinitagoya.com.ar\/v1\/2025\/10\/26\/muestra-anual-de-educacion-fisica-y-musica-de-la-escuela-66-gral-san-martin\/#article","isPartOf":{"@id":"https:\/\/radioinfinitagoya.com.ar\/v1\/2025\/10\/26\/muestra-anual-de-educacion-fisica-y-musica-de-la-escuela-66-gral-san-martin\/"},"author":{"name":"Jorge Mi\u00f1o","@id":"https:\/\/radioinfinitagoya.com.ar\/v1\/#\/schema\/person\/d4cf9c413d4f6edb24aabdccab49ca4a"},"headline":"Muestra anual de educaci\u00f3n F\u00edsica y M\u00fasica de la escuela 66 Gral San Mart\u00edn","datePublished":"2025-10-26T20:32:37+00:00","mainEntityOfPage":{"@id":"https:\/\/radioinfinitagoya.com.ar\/v1\/2025\/10\/26\/muestra-anual-de-educacion-fisica-y-musica-de-la-escuela-66-gral-san-martin\/"},"wordCount":631,"publisher":{"@id":"https:\/\/radioinfinitagoya.com.ar\/v1\/#organization"},"image":{"@id":"https:\/\/radioinfinitagoya.com.ar\/v1\/2025\/10\/26\/muestra-anual-de-educacion-fisica-y-musica-de-la-escuela-66-gral-san-martin\/#primaryimage"},"thumbnailUrl":"https:\/\/radioinfinitagoya.com.ar\/v1\/wp-content\/uploads\/2025\/10\/571286199_10231343599873365_5578920666850008900_n.jpg","articleSection":["LOCALES"],"inLanguage":"es-AR"},{"@type":"WebPage","@id":"https:\/\/radioinfinitagoya.com.ar\/v1\/2025\/10\/26\/muestra-anual-de-educacion-fisica-y-musica-de-la-escuela-66-gral-san-martin\/","url":"https:\/\/radioinfinitagoya.com.ar\/v1\/2025\/10\/26\/muestra-anual-de-educacion-fisica-y-musica-de-la-escuela-66-gral-san-martin\/","name":"Muestra anual de educaci\u00f3n F\u00edsica y M\u00fasica de la escuela 66 Gral San Mart\u00edn - Radio Infinita Goya","isPartOf":{"@id":"https:\/\/radioinfinitagoya.com.ar\/v1\/#website"},"primaryImageOfPage":{"@id":"https:\/\/radioinfinitagoya.com.ar\/v1\/2025\/10\/26\/muestra-anual-de-educacion-fisica-y-musica-de-la-escuela-66-gral-san-martin\/#primaryimage"},"image":{"@id":"https:\/\/radioinfinitagoya.com.ar\/v1\/2025\/10\/26\/muestra-anual-de-educacion-fisica-y-musica-de-la-escuela-66-gral-san-martin\/#primaryimage"},"thumbnailUrl":"https:\/\/radioinfinitagoya.com.ar\/v1\/wp-content\/uploads\/2025\/10\/571286199_10231343599873365_5578920666850008900_n.jpg","datePublished":"2025-10-26T20:32:37+00:00","description":"Con el apoyo y aporte de la Municipalidad de Goya la Escuela Cabecera N\u00famero 66 \u201cGeneral Jos\u00e9 de San Martin\u201d realizar\u00e1 su muestra anual de Educaci\u00f3n","breadcrumb":{"@id":"https:\/\/radioinfinitagoya.com.ar\/v1\/2025\/10\/26\/muestra-anual-de-educacion-fisica-y-musica-de-la-escuela-66-gral-san-martin\/#breadcrumb"},"inLanguage":"es-AR","potentialAction":[{"@type":"ReadAction","target":["https:\/\/radioinfinitagoya.com.ar\/v1\/2025\/10\/26\/muestra-anual-de-educacion-fisica-y-musica-de-la-escuela-66-gral-san-martin\/"]}]},{"@type":"ImageObject","inLanguage":"es-AR","@id":"https:\/\/radioinfinitagoya.com.ar\/v1\/2025\/10\/26\/muestra-anual-de-educacion-fisica-y-musica-de-la-escuela-66-gral-san-martin\/#primaryimage","url":"https:\/\/radioinfinitagoya.com.ar\/v1\/wp-content\/uploads\/2025\/10\/571286199_10231343599873365_5578920666850008900_n.jpg","contentUrl":"https:\/\/radioinfinitagoya.com.ar\/v1\/wp-content\/uploads\/2025\/10\/571286199_10231343599873365_5578920666850008900_n.jpg","width":750,"height":738},{"@type":"BreadcrumbList","@id":"https:\/\/radioinfinitagoya.com.ar\/v1\/2025\/10\/26\/muestra-anual-de-educacion-fisica-y-musica-de-la-escuela-66-gral-san-martin\/#breadcrumb","itemListElement":[{"@type":"ListItem","position":1,"name":"Inicio","item":"https:\/\/radioinfinitagoya.com.ar\/v1\/"},{"@type":"ListItem","position":2,"name":"Muestra anual de educaci\u00f3n F\u00edsica y M\u00fasica de la escuela 66 Gral San Mart\u00edn"}]},{"@type":"WebSite","@id":"https:\/\/radioinfinitagoya.com.ar\/v1\/#website","url":"https:\/\/radioinfinitagoya.com.ar\/v1\/","name":"radioinfinitagoya.com.ar","description":"Radio de noticias","publisher":{"@id":"https:\/\/radioinfinitagoya.com.ar\/v1\/#organization"},"potentialAction":[{"@type":"SearchAction","target":{"@type":"EntryPoint","urlTemplate":"https:\/\/radioinfinitagoya.com.ar\/v1\/?s={search_term_string}"},"query-input":{"@type":"PropertyValueSpecification","valueRequired":true,"valueName":"search_term_string"}}],"inLanguage":"es-AR"},{"@type":"Organization","@id":"https:\/\/radioinfinitagoya.com.ar\/v1\/#organization","name":"Radio Infinita Goya","url":"https:\/\/radioinfinitagoya.com.ar\/v1\/","logo":{"@type":"ImageObject","inLanguage":"es-AR","@id":"https:\/\/radioinfinitagoya.com.ar\/v1\/#\/schema\/logo\/image\/","url":"https:\/\/radioinfinitagoya.com.ar\/v1\/wp-content\/uploads\/2019\/11\/logo-pie-web.png","contentUrl":"https:\/\/radioinfinitagoya.com.ar\/v1\/wp-content\/uploads\/2019\/11\/logo-pie-web.png","width":635,"height":326,"caption":"Radio Infinita Goya"},"image":{"@id":"https:\/\/radioinfinitagoya.com.ar\/v1\/#\/schema\/logo\/image\/"},"sameAs":["https:\/\/www.facebook.com\/p\/Infinita-Goya-100063870918311\/"]},{"@type":"Person","@id":"https:\/\/radioinfinitagoya.com.ar\/v1\/#\/schema\/person\/d4cf9c413d4f6edb24aabdccab49ca4a","name":"Jorge Mi\u00f1o","image":{"@type":"ImageObject","inLanguage":"es-AR","@id":"https:\/\/secure.gravatar.com\/avatar\/910fcf6728fe95320e07a6643c1581fec1c7fc4bf8ae12e3d8f0d0373dc844be?s=96&d=mm&r=g","url":"https:\/\/secure.gravatar.com\/avatar\/910fcf6728fe95320e07a6643c1581fec1c7fc4bf8ae12e3d8f0d0373dc844be?s=96&d=mm&r=g","contentUrl":"https:\/\/secure.gravatar.com\/avatar\/910fcf6728fe95320e07a6643c1581fec1c7fc4bf8ae12e3d8f0d0373dc844be?s=96&d=mm&r=g","caption":"Jorge Mi\u00f1o"},"sameAs":["http:\/\/radioinfinitagoya.com.ar"]}]}},"_links":{"self":[{"href":"https:\/\/radioinfinitagoya.com.ar\/v1\/wp-json\/wp\/v2\/posts\/198258","targetHints":{"allow":["GET"]}}],"collection":[{"href":"https:\/\/radioinfinitagoya.com.ar\/v1\/wp-json\/wp\/v2\/posts"}],"about":[{"href":"https:\/\/radioinfinitagoya.com.ar\/v1\/wp-json\/wp\/v2\/types\/post"}],"author":[{"embeddable":true,"href":"https:\/\/radioinfinitagoya.com.ar\/v1\/wp-json\/wp\/v2\/users\/4"}],"replies":[{"embeddable":true,"href":"https:\/\/radioinfinitagoya.com.ar\/v1\/wp-json\/wp\/v2\/comments?post=198258"}],"version-history":[{"count":0,"href":"https:\/\/radioinfinitagoya.com.ar\/v1\/wp-json\/wp\/v2\/posts\/198258\/revisions"}],"wp:featuredmedia":[{"embeddable":true,"href":"https:\/\/radioinfinitagoya.com.ar\/v1\/wp-json\/wp\/v2\/media\/198259"}],"wp:attachment":[{"href":"https:\/\/radioinfinitagoya.com.ar\/v1\/wp-json\/wp\/v2\/media?parent=198258"}],"wp:term":[{"taxonomy":"category","embeddable":true,"href":"https:\/\/radioinfinitagoya.com.ar\/v1\/wp-json\/wp\/v2\/categories?post=198258"},{"taxonomy":"post_tag","embeddable":true,"href":"https:\/\/radioinfinitagoya.com.ar\/v1\/wp-json\/wp\/v2\/tags?post=198258"}],"curies":[{"name":"wp","href":"https:\/\/api.w.org\/{rel}","templated":true}]}}