{"id":198261,"date":"2025-10-26T17:37:03","date_gmt":"2025-10-26T20:37:03","guid":{"rendered":"https:\/\/radioinfinitagoya.com.ar\/v1\/?p=198261"},"modified":"2025-10-26T17:37:03","modified_gmt":"2025-10-26T20:37:03","slug":"ia-formacion-teatral-un-proyecto-cultural-que-florece","status":"publish","type":"post","link":"https:\/\/radioinfinitagoya.com.ar\/v1\/2025\/10\/26\/ia-formacion-teatral-un-proyecto-cultural-que-florece\/","title":{"rendered":"IA Formaci\u00f3n Teatral un proyecto cultural que florece"},"content":{"rendered":"<p>Llegando pr\u00e1cticamente al final de la temporada teatral, la actividad impulsada por la decisi\u00f3n de la Municipalidad, desde el propio Intendente Mariano Hormaechea, Secretaria de Gobierno, Direcci\u00f3n de Cultural de crear el \u00e1mbito adecuado para la formaci\u00f3n por medio de la Escuela Municipal de Teatro, exhibe logros importantes, un crecimiento art\u00edstico con una marcada agenda cultural con cada una de las propuestas presentadas en este a\u00f1o.<\/p>\n<p>El Coordinador de la Escuela Municipal Profesor Javier Camino destaca el invalorable apoyo desde la Municipalidad, la adhesi\u00f3n del p\u00fablico en cada una de las funciones realizadas, la posibilidad de dar continuidad a la Muestra de Teatro \u201cTomas Mazzanti\u201d, la oportunidad de formar parte de la muestra \u201cArte Somos\u201d del Instituto Santa Teresa de Jes\u00fas, finalizada el viernes, anticipando que se trabaja por un nuevo estreno para el mes de noviembre, \u201ca solicitud del propio Intendente Mariano Hormaechea, junto al Director de Cultura Manuel Zampar, estamos abocados a esa tarea para llegar a tiempo con ese pedido especial.\u201d<\/p>\n<p>Para reafirmar el compromiso con el arte, con la cultura de nuestra ciudad, es interesante poder repasar la agenda desarrollada por la Escuela Municipal de Teatro, en esta temporada, donde se pueden enumerar:<\/p>\n<p>\u00c9xodo juje\u00f1o con 50 actores en escena; Emma; Recuerdos; Enredos; Nos sobra vida;<\/p>\n<p>Con el grupo de ni\u00f1os: Chau se\u00f1or miedo y perfectamente, imperfectas &#8230;<\/p>\n<p>Sin dejar de mencionar las dos funciones ofrecidas en el Teatro Municipal de la obra \u201cLa Teta Envenenada\u201d con la capacidad colmada de acuerdo a la modalidad establecida, reafirmada en la presentaci\u00f3n del viernes 24 de octubre.<\/p>\n<p>De all\u00ed surge la expresi\u00f3n manifestada por Javier Camino, de reconocimiento al \u201cgran elenco de la Escuela Municipal de Teatro, por el compromiso\u201d el agradecimiento a todo el equipo municipal, Intendente, Secretaria de Gobierno, Direcci\u00f3n de Cultura, Teatro Municipal, invitando a \u201cseguir apostando por el desarrollo del arte, de la cultura y el teatro local.\u201d<\/p>\n<p>Direcci\u00f3n de Prensa-Municipalidad de Goya<\/p>\n","protected":false},"excerpt":{"rendered":"<p>Llegando pr\u00e1cticamente al final de la temporada teatral, la actividad impulsada por la decisi\u00f3n de la Municipalidad, desde el propio Intendente Mariano Hormaechea, Secretaria de Gobierno, Direcci\u00f3n de Cultural de crear el \u00e1mbito adecuado para la formaci\u00f3n por medio de la Escuela Municipal de Teatro, exhibe logros importantes, un crecimiento art\u00edstico con una marcada agenda [&hellip;]<\/p>\n","protected":false},"author":4,"featured_media":198262,"comment_status":"closed","ping_status":"closed","sticky":false,"template":"","format":"standard","meta":{"_joinchat":[],"footnotes":""},"categories":[27],"tags":[],"class_list":{"0":"post-198261","1":"post","2":"type-post","3":"status-publish","4":"format-standard","5":"has-post-thumbnail","7":"category-locales"},"yoast_head":"<!-- This site is optimized with the Yoast SEO plugin v27.2 - https:\/\/yoast.com\/product\/yoast-seo-wordpress\/ -->\n<title>IA Formaci\u00f3n Teatral un proyecto cultural que florece - Radio Infinita Goya<\/title>\n<meta name=\"description\" content=\"Llegando pr\u00e1cticamente al final de la temporada teatral, la actividad impulsada por la decisi\u00f3n de la Municipalidad, desde el propio Intendente Mariano\" \/>\n<meta name=\"robots\" content=\"index, follow, max-snippet:-1, max-image-preview:large, max-video-preview:-1\" \/>\n<link rel=\"canonical\" href=\"https:\/\/radioinfinitagoya.com.ar\/v1\/2025\/10\/26\/ia-formacion-teatral-un-proyecto-cultural-que-florece\/\" \/>\n<meta property=\"og:locale\" content=\"es_ES\" \/>\n<meta property=\"og:type\" content=\"article\" \/>\n<meta property=\"og:title\" content=\"IA Formaci\u00f3n Teatral un proyecto cultural que florece - Radio Infinita Goya\" \/>\n<meta property=\"og:description\" content=\"Llegando pr\u00e1cticamente al final de la temporada teatral, la actividad impulsada por la decisi\u00f3n de la Municipalidad, desde el propio Intendente Mariano\" \/>\n<meta property=\"og:url\" content=\"https:\/\/radioinfinitagoya.com.ar\/v1\/2025\/10\/26\/ia-formacion-teatral-un-proyecto-cultural-que-florece\/\" \/>\n<meta property=\"og:site_name\" content=\"Radio Infinita Goya\" \/>\n<meta property=\"article:publisher\" content=\"https:\/\/www.facebook.com\/p\/Infinita-Goya-100063870918311\/\" \/>\n<meta property=\"article:published_time\" content=\"2025-10-26T20:37:03+00:00\" \/>\n<meta property=\"og:image\" content=\"https:\/\/radioinfinitagoya.com.ar\/v1\/wp-content\/uploads\/2025\/10\/imagenes_escuela_de_teatro.jpg\" \/>\n\t<meta property=\"og:image:width\" content=\"848\" \/>\n\t<meta property=\"og:image:height\" content=\"477\" \/>\n\t<meta property=\"og:image:type\" content=\"image\/jpeg\" \/>\n<meta name=\"author\" content=\"Jorge Mi\u00f1o\" \/>\n<meta name=\"twitter:card\" content=\"summary_large_image\" \/>\n<meta name=\"twitter:label1\" content=\"Escrito por\" \/>\n\t<meta name=\"twitter:data1\" content=\"Jorge Mi\u00f1o\" \/>\n\t<meta name=\"twitter:label2\" content=\"Tiempo de lectura\" \/>\n\t<meta name=\"twitter:data2\" content=\"2 minutos\" \/>\n<script type=\"application\/ld+json\" class=\"yoast-schema-graph\">{\"@context\":\"https:\/\/schema.org\",\"@graph\":[{\"@type\":\"Article\",\"@id\":\"https:\/\/radioinfinitagoya.com.ar\/v1\/2025\/10\/26\/ia-formacion-teatral-un-proyecto-cultural-que-florece\/#article\",\"isPartOf\":{\"@id\":\"https:\/\/radioinfinitagoya.com.ar\/v1\/2025\/10\/26\/ia-formacion-teatral-un-proyecto-cultural-que-florece\/\"},\"author\":{\"name\":\"Jorge Mi\u00f1o\",\"@id\":\"https:\/\/radioinfinitagoya.com.ar\/v1\/#\/schema\/person\/d4cf9c413d4f6edb24aabdccab49ca4a\"},\"headline\":\"IA Formaci\u00f3n Teatral un proyecto cultural que florece\",\"datePublished\":\"2025-10-26T20:37:03+00:00\",\"mainEntityOfPage\":{\"@id\":\"https:\/\/radioinfinitagoya.com.ar\/v1\/2025\/10\/26\/ia-formacion-teatral-un-proyecto-cultural-que-florece\/\"},\"wordCount\":341,\"publisher\":{\"@id\":\"https:\/\/radioinfinitagoya.com.ar\/v1\/#organization\"},\"image\":{\"@id\":\"https:\/\/radioinfinitagoya.com.ar\/v1\/2025\/10\/26\/ia-formacion-teatral-un-proyecto-cultural-que-florece\/#primaryimage\"},\"thumbnailUrl\":\"https:\/\/radioinfinitagoya.com.ar\/v1\/wp-content\/uploads\/2025\/10\/imagenes_escuela_de_teatro.jpg\",\"articleSection\":[\"LOCALES\"],\"inLanguage\":\"es-AR\"},{\"@type\":\"WebPage\",\"@id\":\"https:\/\/radioinfinitagoya.com.ar\/v1\/2025\/10\/26\/ia-formacion-teatral-un-proyecto-cultural-que-florece\/\",\"url\":\"https:\/\/radioinfinitagoya.com.ar\/v1\/2025\/10\/26\/ia-formacion-teatral-un-proyecto-cultural-que-florece\/\",\"name\":\"IA Formaci\u00f3n Teatral un proyecto cultural que florece - Radio Infinita Goya\",\"isPartOf\":{\"@id\":\"https:\/\/radioinfinitagoya.com.ar\/v1\/#website\"},\"primaryImageOfPage\":{\"@id\":\"https:\/\/radioinfinitagoya.com.ar\/v1\/2025\/10\/26\/ia-formacion-teatral-un-proyecto-cultural-que-florece\/#primaryimage\"},\"image\":{\"@id\":\"https:\/\/radioinfinitagoya.com.ar\/v1\/2025\/10\/26\/ia-formacion-teatral-un-proyecto-cultural-que-florece\/#primaryimage\"},\"thumbnailUrl\":\"https:\/\/radioinfinitagoya.com.ar\/v1\/wp-content\/uploads\/2025\/10\/imagenes_escuela_de_teatro.jpg\",\"datePublished\":\"2025-10-26T20:37:03+00:00\",\"description\":\"Llegando pr\u00e1cticamente al final de la temporada teatral, la actividad impulsada por la decisi\u00f3n de la Municipalidad, desde el propio Intendente Mariano\",\"breadcrumb\":{\"@id\":\"https:\/\/radioinfinitagoya.com.ar\/v1\/2025\/10\/26\/ia-formacion-teatral-un-proyecto-cultural-que-florece\/#breadcrumb\"},\"inLanguage\":\"es-AR\",\"potentialAction\":[{\"@type\":\"ReadAction\",\"target\":[\"https:\/\/radioinfinitagoya.com.ar\/v1\/2025\/10\/26\/ia-formacion-teatral-un-proyecto-cultural-que-florece\/\"]}]},{\"@type\":\"ImageObject\",\"inLanguage\":\"es-AR\",\"@id\":\"https:\/\/radioinfinitagoya.com.ar\/v1\/2025\/10\/26\/ia-formacion-teatral-un-proyecto-cultural-que-florece\/#primaryimage\",\"url\":\"https:\/\/radioinfinitagoya.com.ar\/v1\/wp-content\/uploads\/2025\/10\/imagenes_escuela_de_teatro.jpg\",\"contentUrl\":\"https:\/\/radioinfinitagoya.com.ar\/v1\/wp-content\/uploads\/2025\/10\/imagenes_escuela_de_teatro.jpg\",\"width\":848,\"height\":477},{\"@type\":\"BreadcrumbList\",\"@id\":\"https:\/\/radioinfinitagoya.com.ar\/v1\/2025\/10\/26\/ia-formacion-teatral-un-proyecto-cultural-que-florece\/#breadcrumb\",\"itemListElement\":[{\"@type\":\"ListItem\",\"position\":1,\"name\":\"Inicio\",\"item\":\"https:\/\/radioinfinitagoya.com.ar\/v1\/\"},{\"@type\":\"ListItem\",\"position\":2,\"name\":\"IA Formaci\u00f3n Teatral un proyecto cultural que florece\"}]},{\"@type\":\"WebSite\",\"@id\":\"https:\/\/radioinfinitagoya.com.ar\/v1\/#website\",\"url\":\"https:\/\/radioinfinitagoya.com.ar\/v1\/\",\"name\":\"radioinfinitagoya.com.ar\",\"description\":\"Radio de noticias\",\"publisher\":{\"@id\":\"https:\/\/radioinfinitagoya.com.ar\/v1\/#organization\"},\"potentialAction\":[{\"@type\":\"SearchAction\",\"target\":{\"@type\":\"EntryPoint\",\"urlTemplate\":\"https:\/\/radioinfinitagoya.com.ar\/v1\/?s={search_term_string}\"},\"query-input\":{\"@type\":\"PropertyValueSpecification\",\"valueRequired\":true,\"valueName\":\"search_term_string\"}}],\"inLanguage\":\"es-AR\"},{\"@type\":\"Organization\",\"@id\":\"https:\/\/radioinfinitagoya.com.ar\/v1\/#organization\",\"name\":\"Radio Infinita Goya\",\"url\":\"https:\/\/radioinfinitagoya.com.ar\/v1\/\",\"logo\":{\"@type\":\"ImageObject\",\"inLanguage\":\"es-AR\",\"@id\":\"https:\/\/radioinfinitagoya.com.ar\/v1\/#\/schema\/logo\/image\/\",\"url\":\"https:\/\/radioinfinitagoya.com.ar\/v1\/wp-content\/uploads\/2019\/11\/logo-pie-web.png\",\"contentUrl\":\"https:\/\/radioinfinitagoya.com.ar\/v1\/wp-content\/uploads\/2019\/11\/logo-pie-web.png\",\"width\":635,\"height\":326,\"caption\":\"Radio Infinita Goya\"},\"image\":{\"@id\":\"https:\/\/radioinfinitagoya.com.ar\/v1\/#\/schema\/logo\/image\/\"},\"sameAs\":[\"https:\/\/www.facebook.com\/p\/Infinita-Goya-100063870918311\/\"]},{\"@type\":\"Person\",\"@id\":\"https:\/\/radioinfinitagoya.com.ar\/v1\/#\/schema\/person\/d4cf9c413d4f6edb24aabdccab49ca4a\",\"name\":\"Jorge Mi\u00f1o\",\"image\":{\"@type\":\"ImageObject\",\"inLanguage\":\"es-AR\",\"@id\":\"https:\/\/secure.gravatar.com\/avatar\/910fcf6728fe95320e07a6643c1581fec1c7fc4bf8ae12e3d8f0d0373dc844be?s=96&d=mm&r=g\",\"url\":\"https:\/\/secure.gravatar.com\/avatar\/910fcf6728fe95320e07a6643c1581fec1c7fc4bf8ae12e3d8f0d0373dc844be?s=96&d=mm&r=g\",\"contentUrl\":\"https:\/\/secure.gravatar.com\/avatar\/910fcf6728fe95320e07a6643c1581fec1c7fc4bf8ae12e3d8f0d0373dc844be?s=96&d=mm&r=g\",\"caption\":\"Jorge Mi\u00f1o\"},\"sameAs\":[\"http:\/\/radioinfinitagoya.com.ar\"]}]}<\/script>\n<!-- \/ Yoast SEO plugin. -->","yoast_head_json":{"title":"IA Formaci\u00f3n Teatral un proyecto cultural que florece - Radio Infinita Goya","description":"Llegando pr\u00e1cticamente al final de la temporada teatral, la actividad impulsada por la decisi\u00f3n de la Municipalidad, desde el propio Intendente Mariano","robots":{"index":"index","follow":"follow","max-snippet":"max-snippet:-1","max-image-preview":"max-image-preview:large","max-video-preview":"max-video-preview:-1"},"canonical":"https:\/\/radioinfinitagoya.com.ar\/v1\/2025\/10\/26\/ia-formacion-teatral-un-proyecto-cultural-que-florece\/","og_locale":"es_ES","og_type":"article","og_title":"IA Formaci\u00f3n Teatral un proyecto cultural que florece - Radio Infinita Goya","og_description":"Llegando pr\u00e1cticamente al final de la temporada teatral, la actividad impulsada por la decisi\u00f3n de la Municipalidad, desde el propio Intendente Mariano","og_url":"https:\/\/radioinfinitagoya.com.ar\/v1\/2025\/10\/26\/ia-formacion-teatral-un-proyecto-cultural-que-florece\/","og_site_name":"Radio Infinita Goya","article_publisher":"https:\/\/www.facebook.com\/p\/Infinita-Goya-100063870918311\/","article_published_time":"2025-10-26T20:37:03+00:00","og_image":[{"width":848,"height":477,"url":"https:\/\/radioinfinitagoya.com.ar\/v1\/wp-content\/uploads\/2025\/10\/imagenes_escuela_de_teatro.jpg","type":"image\/jpeg"}],"author":"Jorge Mi\u00f1o","twitter_card":"summary_large_image","twitter_misc":{"Escrito por":"Jorge Mi\u00f1o","Tiempo de lectura":"2 minutos"},"schema":{"@context":"https:\/\/schema.org","@graph":[{"@type":"Article","@id":"https:\/\/radioinfinitagoya.com.ar\/v1\/2025\/10\/26\/ia-formacion-teatral-un-proyecto-cultural-que-florece\/#article","isPartOf":{"@id":"https:\/\/radioinfinitagoya.com.ar\/v1\/2025\/10\/26\/ia-formacion-teatral-un-proyecto-cultural-que-florece\/"},"author":{"name":"Jorge Mi\u00f1o","@id":"https:\/\/radioinfinitagoya.com.ar\/v1\/#\/schema\/person\/d4cf9c413d4f6edb24aabdccab49ca4a"},"headline":"IA Formaci\u00f3n Teatral un proyecto cultural que florece","datePublished":"2025-10-26T20:37:03+00:00","mainEntityOfPage":{"@id":"https:\/\/radioinfinitagoya.com.ar\/v1\/2025\/10\/26\/ia-formacion-teatral-un-proyecto-cultural-que-florece\/"},"wordCount":341,"publisher":{"@id":"https:\/\/radioinfinitagoya.com.ar\/v1\/#organization"},"image":{"@id":"https:\/\/radioinfinitagoya.com.ar\/v1\/2025\/10\/26\/ia-formacion-teatral-un-proyecto-cultural-que-florece\/#primaryimage"},"thumbnailUrl":"https:\/\/radioinfinitagoya.com.ar\/v1\/wp-content\/uploads\/2025\/10\/imagenes_escuela_de_teatro.jpg","articleSection":["LOCALES"],"inLanguage":"es-AR"},{"@type":"WebPage","@id":"https:\/\/radioinfinitagoya.com.ar\/v1\/2025\/10\/26\/ia-formacion-teatral-un-proyecto-cultural-que-florece\/","url":"https:\/\/radioinfinitagoya.com.ar\/v1\/2025\/10\/26\/ia-formacion-teatral-un-proyecto-cultural-que-florece\/","name":"IA Formaci\u00f3n Teatral un proyecto cultural que florece - Radio Infinita Goya","isPartOf":{"@id":"https:\/\/radioinfinitagoya.com.ar\/v1\/#website"},"primaryImageOfPage":{"@id":"https:\/\/radioinfinitagoya.com.ar\/v1\/2025\/10\/26\/ia-formacion-teatral-un-proyecto-cultural-que-florece\/#primaryimage"},"image":{"@id":"https:\/\/radioinfinitagoya.com.ar\/v1\/2025\/10\/26\/ia-formacion-teatral-un-proyecto-cultural-que-florece\/#primaryimage"},"thumbnailUrl":"https:\/\/radioinfinitagoya.com.ar\/v1\/wp-content\/uploads\/2025\/10\/imagenes_escuela_de_teatro.jpg","datePublished":"2025-10-26T20:37:03+00:00","description":"Llegando pr\u00e1cticamente al final de la temporada teatral, la actividad impulsada por la decisi\u00f3n de la Municipalidad, desde el propio Intendente Mariano","breadcrumb":{"@id":"https:\/\/radioinfinitagoya.com.ar\/v1\/2025\/10\/26\/ia-formacion-teatral-un-proyecto-cultural-que-florece\/#breadcrumb"},"inLanguage":"es-AR","potentialAction":[{"@type":"ReadAction","target":["https:\/\/radioinfinitagoya.com.ar\/v1\/2025\/10\/26\/ia-formacion-teatral-un-proyecto-cultural-que-florece\/"]}]},{"@type":"ImageObject","inLanguage":"es-AR","@id":"https:\/\/radioinfinitagoya.com.ar\/v1\/2025\/10\/26\/ia-formacion-teatral-un-proyecto-cultural-que-florece\/#primaryimage","url":"https:\/\/radioinfinitagoya.com.ar\/v1\/wp-content\/uploads\/2025\/10\/imagenes_escuela_de_teatro.jpg","contentUrl":"https:\/\/radioinfinitagoya.com.ar\/v1\/wp-content\/uploads\/2025\/10\/imagenes_escuela_de_teatro.jpg","width":848,"height":477},{"@type":"BreadcrumbList","@id":"https:\/\/radioinfinitagoya.com.ar\/v1\/2025\/10\/26\/ia-formacion-teatral-un-proyecto-cultural-que-florece\/#breadcrumb","itemListElement":[{"@type":"ListItem","position":1,"name":"Inicio","item":"https:\/\/radioinfinitagoya.com.ar\/v1\/"},{"@type":"ListItem","position":2,"name":"IA Formaci\u00f3n Teatral un proyecto cultural que florece"}]},{"@type":"WebSite","@id":"https:\/\/radioinfinitagoya.com.ar\/v1\/#website","url":"https:\/\/radioinfinitagoya.com.ar\/v1\/","name":"radioinfinitagoya.com.ar","description":"Radio de noticias","publisher":{"@id":"https:\/\/radioinfinitagoya.com.ar\/v1\/#organization"},"potentialAction":[{"@type":"SearchAction","target":{"@type":"EntryPoint","urlTemplate":"https:\/\/radioinfinitagoya.com.ar\/v1\/?s={search_term_string}"},"query-input":{"@type":"PropertyValueSpecification","valueRequired":true,"valueName":"search_term_string"}}],"inLanguage":"es-AR"},{"@type":"Organization","@id":"https:\/\/radioinfinitagoya.com.ar\/v1\/#organization","name":"Radio Infinita Goya","url":"https:\/\/radioinfinitagoya.com.ar\/v1\/","logo":{"@type":"ImageObject","inLanguage":"es-AR","@id":"https:\/\/radioinfinitagoya.com.ar\/v1\/#\/schema\/logo\/image\/","url":"https:\/\/radioinfinitagoya.com.ar\/v1\/wp-content\/uploads\/2019\/11\/logo-pie-web.png","contentUrl":"https:\/\/radioinfinitagoya.com.ar\/v1\/wp-content\/uploads\/2019\/11\/logo-pie-web.png","width":635,"height":326,"caption":"Radio Infinita Goya"},"image":{"@id":"https:\/\/radioinfinitagoya.com.ar\/v1\/#\/schema\/logo\/image\/"},"sameAs":["https:\/\/www.facebook.com\/p\/Infinita-Goya-100063870918311\/"]},{"@type":"Person","@id":"https:\/\/radioinfinitagoya.com.ar\/v1\/#\/schema\/person\/d4cf9c413d4f6edb24aabdccab49ca4a","name":"Jorge Mi\u00f1o","image":{"@type":"ImageObject","inLanguage":"es-AR","@id":"https:\/\/secure.gravatar.com\/avatar\/910fcf6728fe95320e07a6643c1581fec1c7fc4bf8ae12e3d8f0d0373dc844be?s=96&d=mm&r=g","url":"https:\/\/secure.gravatar.com\/avatar\/910fcf6728fe95320e07a6643c1581fec1c7fc4bf8ae12e3d8f0d0373dc844be?s=96&d=mm&r=g","contentUrl":"https:\/\/secure.gravatar.com\/avatar\/910fcf6728fe95320e07a6643c1581fec1c7fc4bf8ae12e3d8f0d0373dc844be?s=96&d=mm&r=g","caption":"Jorge Mi\u00f1o"},"sameAs":["http:\/\/radioinfinitagoya.com.ar"]}]}},"_links":{"self":[{"href":"https:\/\/radioinfinitagoya.com.ar\/v1\/wp-json\/wp\/v2\/posts\/198261","targetHints":{"allow":["GET"]}}],"collection":[{"href":"https:\/\/radioinfinitagoya.com.ar\/v1\/wp-json\/wp\/v2\/posts"}],"about":[{"href":"https:\/\/radioinfinitagoya.com.ar\/v1\/wp-json\/wp\/v2\/types\/post"}],"author":[{"embeddable":true,"href":"https:\/\/radioinfinitagoya.com.ar\/v1\/wp-json\/wp\/v2\/users\/4"}],"replies":[{"embeddable":true,"href":"https:\/\/radioinfinitagoya.com.ar\/v1\/wp-json\/wp\/v2\/comments?post=198261"}],"version-history":[{"count":0,"href":"https:\/\/radioinfinitagoya.com.ar\/v1\/wp-json\/wp\/v2\/posts\/198261\/revisions"}],"wp:featuredmedia":[{"embeddable":true,"href":"https:\/\/radioinfinitagoya.com.ar\/v1\/wp-json\/wp\/v2\/media\/198262"}],"wp:attachment":[{"href":"https:\/\/radioinfinitagoya.com.ar\/v1\/wp-json\/wp\/v2\/media?parent=198261"}],"wp:term":[{"taxonomy":"category","embeddable":true,"href":"https:\/\/radioinfinitagoya.com.ar\/v1\/wp-json\/wp\/v2\/categories?post=198261"},{"taxonomy":"post_tag","embeddable":true,"href":"https:\/\/radioinfinitagoya.com.ar\/v1\/wp-json\/wp\/v2\/tags?post=198261"}],"curies":[{"name":"wp","href":"https:\/\/api.w.org\/{rel}","templated":true}]}}