{"id":198273,"date":"2025-10-26T17:48:15","date_gmt":"2025-10-26T20:48:15","guid":{"rendered":"https:\/\/radioinfinitagoya.com.ar\/v1\/?p=198273"},"modified":"2025-10-26T17:48:15","modified_gmt":"2025-10-26T20:48:15","slug":"juan-pablo-valdes-estamos-votando-el-futuro-que-sonamos","status":"publish","type":"post","link":"https:\/\/radioinfinitagoya.com.ar\/v1\/2025\/10\/26\/juan-pablo-valdes-estamos-votando-el-futuro-que-sonamos\/","title":{"rendered":"Juan Pablo Vald\u00e9s: &#8220;estamos votando el futuro que so\u00f1amos&#8221;"},"content":{"rendered":"<p>El intendente de Ituzaing\u00f3 y gobernador electo de la provincia de Corrientes, Juan Pablo Vald\u00e9s, vot\u00f3 ayer en esa ciudad en las aulas de la escuela t\u00e9cnica \u201cIngeniero Roque Guillermo Carranza\u201d. A trav\u00e9s de sus redes sociales, asegur\u00f3 haber cumplido con su deber c\u00edvico con la expectativa de votar por el futuro, aunque mantuvo reservas a la hora de opinar sobre el nuevo sistema de boleta \u00fanica.<\/p>\n<p>\u201cCumpl\u00ed con mi deber c\u00edvico, votando por el futuro que so\u00f1amos\u201d, expres\u00f3 Juan Pablo Vald\u00e9s, gobernador electo de la provincia, con una bandera argentina que acompa\u00f1\u00f3 su mensaje a trav\u00e9s de su cuenta de la red social X (@JPValdesok).<\/p>\n<p>En breve di\u00e1logo con medios period\u00edsticos, adelant\u00f3 que durante la jornada del lunes \u201cse podr\u00e1 emitir alguna opini\u00f3n\u201d, respecto del sufragio con el sistema de boleta \u00fanica de papel. \u201cLos sistemas nuevos siempre traen algunas dudas, nosotros guaramos reservas por c\u00f3mo se pueda dar, esperamos que funcione de la mejor manera\u201d, sostuvo.<\/p>\n<p>En el plano pol\u00edtico, expres\u00f3 tambi\u00e9n que durante la jornada del lunes \u201cestaremos haciendo el an\u00e1lisis de los resultados. Esperaremos primero a terminar bien el proceso electoral, y luego ser\u00e1 el momento de analizar. No nos olvidemos que nuestra candidata (a diputada nacional por \u201cVamos Corrientes\u201d, Pr\u00e1xes L\u00f3pez) es la Ministra de Educaci\u00f3n. Y para poder avanzar (con la conformaci\u00f3n del gabinete provincial a partir del 10 de diciembre) necesitaremos ver los resultados\u201d, coment\u00f3 al final.<\/p>\n<p>&nbsp;<\/p>\n<p>&nbsp;<\/p>\n","protected":false},"excerpt":{"rendered":"<p>El intendente de Ituzaing\u00f3 y gobernador electo de la provincia de Corrientes, Juan Pablo Vald\u00e9s, vot\u00f3 ayer en esa ciudad en las aulas de la escuela t\u00e9cnica \u201cIngeniero Roque Guillermo Carranza\u201d. A trav\u00e9s de sus redes sociales, asegur\u00f3 haber cumplido con su deber c\u00edvico con la expectativa de votar por el futuro, aunque mantuvo reservas [&hellip;]<\/p>\n","protected":false},"author":4,"featured_media":198274,"comment_status":"closed","ping_status":"closed","sticky":false,"template":"","format":"standard","meta":{"_joinchat":[],"footnotes":""},"categories":[26],"tags":[],"class_list":{"0":"post-198273","1":"post","2":"type-post","3":"status-publish","4":"format-standard","5":"has-post-thumbnail","7":"category-provinciales"},"yoast_head":"<!-- This site is optimized with the Yoast SEO plugin v27.2 - https:\/\/yoast.com\/product\/yoast-seo-wordpress\/ -->\n<title>Juan Pablo Vald\u00e9s: &quot;estamos votando el futuro que so\u00f1amos&quot; - Radio Infinita Goya<\/title>\n<meta name=\"description\" content=\"El intendente de Ituzaing\u00f3 y gobernador electo de la provincia de Corrientes, Juan Pablo Vald\u00e9s, vot\u00f3 ayer en esa ciudad en las aulas de la escuela\" \/>\n<meta name=\"robots\" content=\"index, follow, max-snippet:-1, max-image-preview:large, max-video-preview:-1\" \/>\n<link rel=\"canonical\" href=\"https:\/\/radioinfinitagoya.com.ar\/v1\/2025\/10\/26\/juan-pablo-valdes-estamos-votando-el-futuro-que-sonamos\/\" \/>\n<meta property=\"og:locale\" content=\"es_ES\" \/>\n<meta property=\"og:type\" content=\"article\" \/>\n<meta property=\"og:title\" content=\"Juan Pablo Vald\u00e9s: &quot;estamos votando el futuro que so\u00f1amos&quot; - Radio Infinita Goya\" \/>\n<meta property=\"og:description\" content=\"El intendente de Ituzaing\u00f3 y gobernador electo de la provincia de Corrientes, Juan Pablo Vald\u00e9s, vot\u00f3 ayer en esa ciudad en las aulas de la escuela\" \/>\n<meta property=\"og:url\" content=\"https:\/\/radioinfinitagoya.com.ar\/v1\/2025\/10\/26\/juan-pablo-valdes-estamos-votando-el-futuro-que-sonamos\/\" \/>\n<meta property=\"og:site_name\" content=\"Radio Infinita Goya\" \/>\n<meta property=\"article:publisher\" content=\"https:\/\/www.facebook.com\/p\/Infinita-Goya-100063870918311\/\" \/>\n<meta property=\"article:published_time\" content=\"2025-10-26T20:48:15+00:00\" \/>\n<meta property=\"og:image\" content=\"https:\/\/radioinfinitagoya.com.ar\/v1\/wp-content\/uploads\/2025\/10\/566634090_1388173162677029_6378008931824637227_n.jpg\" \/>\n\t<meta property=\"og:image:width\" content=\"1365\" \/>\n\t<meta property=\"og:image:height\" content=\"1151\" \/>\n\t<meta property=\"og:image:type\" content=\"image\/jpeg\" \/>\n<meta name=\"author\" content=\"Jorge Mi\u00f1o\" \/>\n<meta name=\"twitter:card\" content=\"summary_large_image\" \/>\n<meta name=\"twitter:label1\" content=\"Escrito por\" \/>\n\t<meta name=\"twitter:data1\" content=\"Jorge Mi\u00f1o\" \/>\n\t<meta name=\"twitter:label2\" content=\"Tiempo de lectura\" \/>\n\t<meta name=\"twitter:data2\" content=\"2 minutos\" \/>\n<script type=\"application\/ld+json\" class=\"yoast-schema-graph\">{\"@context\":\"https:\/\/schema.org\",\"@graph\":[{\"@type\":\"Article\",\"@id\":\"https:\/\/radioinfinitagoya.com.ar\/v1\/2025\/10\/26\/juan-pablo-valdes-estamos-votando-el-futuro-que-sonamos\/#article\",\"isPartOf\":{\"@id\":\"https:\/\/radioinfinitagoya.com.ar\/v1\/2025\/10\/26\/juan-pablo-valdes-estamos-votando-el-futuro-que-sonamos\/\"},\"author\":{\"name\":\"Jorge Mi\u00f1o\",\"@id\":\"https:\/\/radioinfinitagoya.com.ar\/v1\/#\/schema\/person\/d4cf9c413d4f6edb24aabdccab49ca4a\"},\"headline\":\"Juan Pablo Vald\u00e9s: &#8220;estamos votando el futuro que so\u00f1amos&#8221;\",\"datePublished\":\"2025-10-26T20:48:15+00:00\",\"mainEntityOfPage\":{\"@id\":\"https:\/\/radioinfinitagoya.com.ar\/v1\/2025\/10\/26\/juan-pablo-valdes-estamos-votando-el-futuro-que-sonamos\/\"},\"wordCount\":265,\"publisher\":{\"@id\":\"https:\/\/radioinfinitagoya.com.ar\/v1\/#organization\"},\"image\":{\"@id\":\"https:\/\/radioinfinitagoya.com.ar\/v1\/2025\/10\/26\/juan-pablo-valdes-estamos-votando-el-futuro-que-sonamos\/#primaryimage\"},\"thumbnailUrl\":\"https:\/\/radioinfinitagoya.com.ar\/v1\/wp-content\/uploads\/2025\/10\/566634090_1388173162677029_6378008931824637227_n.jpg\",\"articleSection\":[\"PROVINCIALES\"],\"inLanguage\":\"es-AR\"},{\"@type\":\"WebPage\",\"@id\":\"https:\/\/radioinfinitagoya.com.ar\/v1\/2025\/10\/26\/juan-pablo-valdes-estamos-votando-el-futuro-que-sonamos\/\",\"url\":\"https:\/\/radioinfinitagoya.com.ar\/v1\/2025\/10\/26\/juan-pablo-valdes-estamos-votando-el-futuro-que-sonamos\/\",\"name\":\"Juan Pablo Vald\u00e9s: \\\"estamos votando el futuro que so\u00f1amos\\\" - Radio Infinita Goya\",\"isPartOf\":{\"@id\":\"https:\/\/radioinfinitagoya.com.ar\/v1\/#website\"},\"primaryImageOfPage\":{\"@id\":\"https:\/\/radioinfinitagoya.com.ar\/v1\/2025\/10\/26\/juan-pablo-valdes-estamos-votando-el-futuro-que-sonamos\/#primaryimage\"},\"image\":{\"@id\":\"https:\/\/radioinfinitagoya.com.ar\/v1\/2025\/10\/26\/juan-pablo-valdes-estamos-votando-el-futuro-que-sonamos\/#primaryimage\"},\"thumbnailUrl\":\"https:\/\/radioinfinitagoya.com.ar\/v1\/wp-content\/uploads\/2025\/10\/566634090_1388173162677029_6378008931824637227_n.jpg\",\"datePublished\":\"2025-10-26T20:48:15+00:00\",\"description\":\"El intendente de Ituzaing\u00f3 y gobernador electo de la provincia de Corrientes, Juan Pablo Vald\u00e9s, vot\u00f3 ayer en esa ciudad en las aulas de la escuela\",\"breadcrumb\":{\"@id\":\"https:\/\/radioinfinitagoya.com.ar\/v1\/2025\/10\/26\/juan-pablo-valdes-estamos-votando-el-futuro-que-sonamos\/#breadcrumb\"},\"inLanguage\":\"es-AR\",\"potentialAction\":[{\"@type\":\"ReadAction\",\"target\":[\"https:\/\/radioinfinitagoya.com.ar\/v1\/2025\/10\/26\/juan-pablo-valdes-estamos-votando-el-futuro-que-sonamos\/\"]}]},{\"@type\":\"ImageObject\",\"inLanguage\":\"es-AR\",\"@id\":\"https:\/\/radioinfinitagoya.com.ar\/v1\/2025\/10\/26\/juan-pablo-valdes-estamos-votando-el-futuro-que-sonamos\/#primaryimage\",\"url\":\"https:\/\/radioinfinitagoya.com.ar\/v1\/wp-content\/uploads\/2025\/10\/566634090_1388173162677029_6378008931824637227_n.jpg\",\"contentUrl\":\"https:\/\/radioinfinitagoya.com.ar\/v1\/wp-content\/uploads\/2025\/10\/566634090_1388173162677029_6378008931824637227_n.jpg\",\"width\":1365,\"height\":1151},{\"@type\":\"BreadcrumbList\",\"@id\":\"https:\/\/radioinfinitagoya.com.ar\/v1\/2025\/10\/26\/juan-pablo-valdes-estamos-votando-el-futuro-que-sonamos\/#breadcrumb\",\"itemListElement\":[{\"@type\":\"ListItem\",\"position\":1,\"name\":\"Inicio\",\"item\":\"https:\/\/radioinfinitagoya.com.ar\/v1\/\"},{\"@type\":\"ListItem\",\"position\":2,\"name\":\"Juan Pablo Vald\u00e9s: &#8220;estamos votando el futuro que so\u00f1amos&#8221;\"}]},{\"@type\":\"WebSite\",\"@id\":\"https:\/\/radioinfinitagoya.com.ar\/v1\/#website\",\"url\":\"https:\/\/radioinfinitagoya.com.ar\/v1\/\",\"name\":\"radioinfinitagoya.com.ar\",\"description\":\"Radio de noticias\",\"publisher\":{\"@id\":\"https:\/\/radioinfinitagoya.com.ar\/v1\/#organization\"},\"potentialAction\":[{\"@type\":\"SearchAction\",\"target\":{\"@type\":\"EntryPoint\",\"urlTemplate\":\"https:\/\/radioinfinitagoya.com.ar\/v1\/?s={search_term_string}\"},\"query-input\":{\"@type\":\"PropertyValueSpecification\",\"valueRequired\":true,\"valueName\":\"search_term_string\"}}],\"inLanguage\":\"es-AR\"},{\"@type\":\"Organization\",\"@id\":\"https:\/\/radioinfinitagoya.com.ar\/v1\/#organization\",\"name\":\"Radio Infinita Goya\",\"url\":\"https:\/\/radioinfinitagoya.com.ar\/v1\/\",\"logo\":{\"@type\":\"ImageObject\",\"inLanguage\":\"es-AR\",\"@id\":\"https:\/\/radioinfinitagoya.com.ar\/v1\/#\/schema\/logo\/image\/\",\"url\":\"https:\/\/radioinfinitagoya.com.ar\/v1\/wp-content\/uploads\/2019\/11\/logo-pie-web.png\",\"contentUrl\":\"https:\/\/radioinfinitagoya.com.ar\/v1\/wp-content\/uploads\/2019\/11\/logo-pie-web.png\",\"width\":635,\"height\":326,\"caption\":\"Radio Infinita Goya\"},\"image\":{\"@id\":\"https:\/\/radioinfinitagoya.com.ar\/v1\/#\/schema\/logo\/image\/\"},\"sameAs\":[\"https:\/\/www.facebook.com\/p\/Infinita-Goya-100063870918311\/\"]},{\"@type\":\"Person\",\"@id\":\"https:\/\/radioinfinitagoya.com.ar\/v1\/#\/schema\/person\/d4cf9c413d4f6edb24aabdccab49ca4a\",\"name\":\"Jorge Mi\u00f1o\",\"image\":{\"@type\":\"ImageObject\",\"inLanguage\":\"es-AR\",\"@id\":\"https:\/\/secure.gravatar.com\/avatar\/910fcf6728fe95320e07a6643c1581fec1c7fc4bf8ae12e3d8f0d0373dc844be?s=96&d=mm&r=g\",\"url\":\"https:\/\/secure.gravatar.com\/avatar\/910fcf6728fe95320e07a6643c1581fec1c7fc4bf8ae12e3d8f0d0373dc844be?s=96&d=mm&r=g\",\"contentUrl\":\"https:\/\/secure.gravatar.com\/avatar\/910fcf6728fe95320e07a6643c1581fec1c7fc4bf8ae12e3d8f0d0373dc844be?s=96&d=mm&r=g\",\"caption\":\"Jorge Mi\u00f1o\"},\"sameAs\":[\"http:\/\/radioinfinitagoya.com.ar\"]}]}<\/script>\n<!-- \/ Yoast SEO plugin. -->","yoast_head_json":{"title":"Juan Pablo Vald\u00e9s: \"estamos votando el futuro que so\u00f1amos\" - Radio Infinita Goya","description":"El intendente de Ituzaing\u00f3 y gobernador electo de la provincia de Corrientes, Juan Pablo Vald\u00e9s, vot\u00f3 ayer en esa ciudad en las aulas de la escuela","robots":{"index":"index","follow":"follow","max-snippet":"max-snippet:-1","max-image-preview":"max-image-preview:large","max-video-preview":"max-video-preview:-1"},"canonical":"https:\/\/radioinfinitagoya.com.ar\/v1\/2025\/10\/26\/juan-pablo-valdes-estamos-votando-el-futuro-que-sonamos\/","og_locale":"es_ES","og_type":"article","og_title":"Juan Pablo Vald\u00e9s: \"estamos votando el futuro que so\u00f1amos\" - Radio Infinita Goya","og_description":"El intendente de Ituzaing\u00f3 y gobernador electo de la provincia de Corrientes, Juan Pablo Vald\u00e9s, vot\u00f3 ayer en esa ciudad en las aulas de la escuela","og_url":"https:\/\/radioinfinitagoya.com.ar\/v1\/2025\/10\/26\/juan-pablo-valdes-estamos-votando-el-futuro-que-sonamos\/","og_site_name":"Radio Infinita Goya","article_publisher":"https:\/\/www.facebook.com\/p\/Infinita-Goya-100063870918311\/","article_published_time":"2025-10-26T20:48:15+00:00","og_image":[{"width":1365,"height":1151,"url":"https:\/\/radioinfinitagoya.com.ar\/v1\/wp-content\/uploads\/2025\/10\/566634090_1388173162677029_6378008931824637227_n.jpg","type":"image\/jpeg"}],"author":"Jorge Mi\u00f1o","twitter_card":"summary_large_image","twitter_misc":{"Escrito por":"Jorge Mi\u00f1o","Tiempo de lectura":"2 minutos"},"schema":{"@context":"https:\/\/schema.org","@graph":[{"@type":"Article","@id":"https:\/\/radioinfinitagoya.com.ar\/v1\/2025\/10\/26\/juan-pablo-valdes-estamos-votando-el-futuro-que-sonamos\/#article","isPartOf":{"@id":"https:\/\/radioinfinitagoya.com.ar\/v1\/2025\/10\/26\/juan-pablo-valdes-estamos-votando-el-futuro-que-sonamos\/"},"author":{"name":"Jorge Mi\u00f1o","@id":"https:\/\/radioinfinitagoya.com.ar\/v1\/#\/schema\/person\/d4cf9c413d4f6edb24aabdccab49ca4a"},"headline":"Juan Pablo Vald\u00e9s: &#8220;estamos votando el futuro que so\u00f1amos&#8221;","datePublished":"2025-10-26T20:48:15+00:00","mainEntityOfPage":{"@id":"https:\/\/radioinfinitagoya.com.ar\/v1\/2025\/10\/26\/juan-pablo-valdes-estamos-votando-el-futuro-que-sonamos\/"},"wordCount":265,"publisher":{"@id":"https:\/\/radioinfinitagoya.com.ar\/v1\/#organization"},"image":{"@id":"https:\/\/radioinfinitagoya.com.ar\/v1\/2025\/10\/26\/juan-pablo-valdes-estamos-votando-el-futuro-que-sonamos\/#primaryimage"},"thumbnailUrl":"https:\/\/radioinfinitagoya.com.ar\/v1\/wp-content\/uploads\/2025\/10\/566634090_1388173162677029_6378008931824637227_n.jpg","articleSection":["PROVINCIALES"],"inLanguage":"es-AR"},{"@type":"WebPage","@id":"https:\/\/radioinfinitagoya.com.ar\/v1\/2025\/10\/26\/juan-pablo-valdes-estamos-votando-el-futuro-que-sonamos\/","url":"https:\/\/radioinfinitagoya.com.ar\/v1\/2025\/10\/26\/juan-pablo-valdes-estamos-votando-el-futuro-que-sonamos\/","name":"Juan Pablo Vald\u00e9s: \"estamos votando el futuro que so\u00f1amos\" - Radio Infinita Goya","isPartOf":{"@id":"https:\/\/radioinfinitagoya.com.ar\/v1\/#website"},"primaryImageOfPage":{"@id":"https:\/\/radioinfinitagoya.com.ar\/v1\/2025\/10\/26\/juan-pablo-valdes-estamos-votando-el-futuro-que-sonamos\/#primaryimage"},"image":{"@id":"https:\/\/radioinfinitagoya.com.ar\/v1\/2025\/10\/26\/juan-pablo-valdes-estamos-votando-el-futuro-que-sonamos\/#primaryimage"},"thumbnailUrl":"https:\/\/radioinfinitagoya.com.ar\/v1\/wp-content\/uploads\/2025\/10\/566634090_1388173162677029_6378008931824637227_n.jpg","datePublished":"2025-10-26T20:48:15+00:00","description":"El intendente de Ituzaing\u00f3 y gobernador electo de la provincia de Corrientes, Juan Pablo Vald\u00e9s, vot\u00f3 ayer en esa ciudad en las aulas de la escuela","breadcrumb":{"@id":"https:\/\/radioinfinitagoya.com.ar\/v1\/2025\/10\/26\/juan-pablo-valdes-estamos-votando-el-futuro-que-sonamos\/#breadcrumb"},"inLanguage":"es-AR","potentialAction":[{"@type":"ReadAction","target":["https:\/\/radioinfinitagoya.com.ar\/v1\/2025\/10\/26\/juan-pablo-valdes-estamos-votando-el-futuro-que-sonamos\/"]}]},{"@type":"ImageObject","inLanguage":"es-AR","@id":"https:\/\/radioinfinitagoya.com.ar\/v1\/2025\/10\/26\/juan-pablo-valdes-estamos-votando-el-futuro-que-sonamos\/#primaryimage","url":"https:\/\/radioinfinitagoya.com.ar\/v1\/wp-content\/uploads\/2025\/10\/566634090_1388173162677029_6378008931824637227_n.jpg","contentUrl":"https:\/\/radioinfinitagoya.com.ar\/v1\/wp-content\/uploads\/2025\/10\/566634090_1388173162677029_6378008931824637227_n.jpg","width":1365,"height":1151},{"@type":"BreadcrumbList","@id":"https:\/\/radioinfinitagoya.com.ar\/v1\/2025\/10\/26\/juan-pablo-valdes-estamos-votando-el-futuro-que-sonamos\/#breadcrumb","itemListElement":[{"@type":"ListItem","position":1,"name":"Inicio","item":"https:\/\/radioinfinitagoya.com.ar\/v1\/"},{"@type":"ListItem","position":2,"name":"Juan Pablo Vald\u00e9s: &#8220;estamos votando el futuro que so\u00f1amos&#8221;"}]},{"@type":"WebSite","@id":"https:\/\/radioinfinitagoya.com.ar\/v1\/#website","url":"https:\/\/radioinfinitagoya.com.ar\/v1\/","name":"radioinfinitagoya.com.ar","description":"Radio de noticias","publisher":{"@id":"https:\/\/radioinfinitagoya.com.ar\/v1\/#organization"},"potentialAction":[{"@type":"SearchAction","target":{"@type":"EntryPoint","urlTemplate":"https:\/\/radioinfinitagoya.com.ar\/v1\/?s={search_term_string}"},"query-input":{"@type":"PropertyValueSpecification","valueRequired":true,"valueName":"search_term_string"}}],"inLanguage":"es-AR"},{"@type":"Organization","@id":"https:\/\/radioinfinitagoya.com.ar\/v1\/#organization","name":"Radio Infinita Goya","url":"https:\/\/radioinfinitagoya.com.ar\/v1\/","logo":{"@type":"ImageObject","inLanguage":"es-AR","@id":"https:\/\/radioinfinitagoya.com.ar\/v1\/#\/schema\/logo\/image\/","url":"https:\/\/radioinfinitagoya.com.ar\/v1\/wp-content\/uploads\/2019\/11\/logo-pie-web.png","contentUrl":"https:\/\/radioinfinitagoya.com.ar\/v1\/wp-content\/uploads\/2019\/11\/logo-pie-web.png","width":635,"height":326,"caption":"Radio Infinita Goya"},"image":{"@id":"https:\/\/radioinfinitagoya.com.ar\/v1\/#\/schema\/logo\/image\/"},"sameAs":["https:\/\/www.facebook.com\/p\/Infinita-Goya-100063870918311\/"]},{"@type":"Person","@id":"https:\/\/radioinfinitagoya.com.ar\/v1\/#\/schema\/person\/d4cf9c413d4f6edb24aabdccab49ca4a","name":"Jorge Mi\u00f1o","image":{"@type":"ImageObject","inLanguage":"es-AR","@id":"https:\/\/secure.gravatar.com\/avatar\/910fcf6728fe95320e07a6643c1581fec1c7fc4bf8ae12e3d8f0d0373dc844be?s=96&d=mm&r=g","url":"https:\/\/secure.gravatar.com\/avatar\/910fcf6728fe95320e07a6643c1581fec1c7fc4bf8ae12e3d8f0d0373dc844be?s=96&d=mm&r=g","contentUrl":"https:\/\/secure.gravatar.com\/avatar\/910fcf6728fe95320e07a6643c1581fec1c7fc4bf8ae12e3d8f0d0373dc844be?s=96&d=mm&r=g","caption":"Jorge Mi\u00f1o"},"sameAs":["http:\/\/radioinfinitagoya.com.ar"]}]}},"_links":{"self":[{"href":"https:\/\/radioinfinitagoya.com.ar\/v1\/wp-json\/wp\/v2\/posts\/198273","targetHints":{"allow":["GET"]}}],"collection":[{"href":"https:\/\/radioinfinitagoya.com.ar\/v1\/wp-json\/wp\/v2\/posts"}],"about":[{"href":"https:\/\/radioinfinitagoya.com.ar\/v1\/wp-json\/wp\/v2\/types\/post"}],"author":[{"embeddable":true,"href":"https:\/\/radioinfinitagoya.com.ar\/v1\/wp-json\/wp\/v2\/users\/4"}],"replies":[{"embeddable":true,"href":"https:\/\/radioinfinitagoya.com.ar\/v1\/wp-json\/wp\/v2\/comments?post=198273"}],"version-history":[{"count":0,"href":"https:\/\/radioinfinitagoya.com.ar\/v1\/wp-json\/wp\/v2\/posts\/198273\/revisions"}],"wp:featuredmedia":[{"embeddable":true,"href":"https:\/\/radioinfinitagoya.com.ar\/v1\/wp-json\/wp\/v2\/media\/198274"}],"wp:attachment":[{"href":"https:\/\/radioinfinitagoya.com.ar\/v1\/wp-json\/wp\/v2\/media?parent=198273"}],"wp:term":[{"taxonomy":"category","embeddable":true,"href":"https:\/\/radioinfinitagoya.com.ar\/v1\/wp-json\/wp\/v2\/categories?post=198273"},{"taxonomy":"post_tag","embeddable":true,"href":"https:\/\/radioinfinitagoya.com.ar\/v1\/wp-json\/wp\/v2\/tags?post=198273"}],"curies":[{"name":"wp","href":"https:\/\/api.w.org\/{rel}","templated":true}]}}