{"id":198276,"date":"2025-10-26T18:17:34","date_gmt":"2025-10-26T21:17:34","guid":{"rendered":"https:\/\/radioinfinitagoya.com.ar\/v1\/?p=198276"},"modified":"2025-10-26T18:17:34","modified_gmt":"2025-10-26T21:17:34","slug":"que-pasa-si-no-fui-a-votar-de-cuanto-es-la-multa-y-como-justificar-la-ausencia","status":"publish","type":"post","link":"https:\/\/radioinfinitagoya.com.ar\/v1\/2025\/10\/26\/que-pasa-si-no-fui-a-votar-de-cuanto-es-la-multa-y-como-justificar-la-ausencia\/","title":{"rendered":"Qu\u00e9 pasa si no fui a votar: de cu\u00e1nto es la multa y c\u00f3mo justificar la ausencia"},"content":{"rendered":"<p>Qu\u00e9 sucede en el caso de no haber participado de los comicios nacionales este domingo<\/p>\n<p>En estos comicios de este domingo 26 de octubre, la ciudadan\u00eda eligi\u00f3 127 diputados y 24 senadores, renovando as\u00ed una parte significativa del Congreso. Cabe se\u00f1alar que desde este viernes a las 8.00 rige la veda electoral en todo el pa\u00eds, que se extender\u00e1 hasta este domingo a las 21.00.<\/p>\n<p>Las bancas del Senado que estuvieron en juego corresponden a las provincias de R\u00edo Negro, Salta, Neuqu\u00e9n, Tierra del Fuego, Santiago del Estero, Entre R\u00edos, Chaco y la Ciudad Aut\u00f3noma de Buenos Aires.<\/p>\n<p>Seg\u00fan lo dispuesto por la Direcci\u00f3n Nacional Electoral (DINE), prev\u00e9 la difusi\u00f3n de los primeros datos del escrutinio provisorio a partir de las 21 horas de este domingo<\/p>\n<p>El resultado de la votaci\u00f3n determinar\u00e1 la composici\u00f3n parlamentaria a partir del 10 de diciembre, fecha en la que asumir\u00e1n los nuevos legisladores.<\/p>\n<p>Por primera vez, el proceso electoral cont\u00f3 con la implementaci\u00f3n de la Boleta \u00danica de Papel (BUP) para la elecci\u00f3n de cargos legislativos en todo el pa\u00eds. Esta modalidad, incorporada por la Ley N.\u00ba 27.781, tiene como objetivo aumentar la transparencia y equiparar la competencia electoral entre las distintas agrupaciones.<\/p>\n<p>La implementaci\u00f3n de la BUP responde a la necesidad de modernizar el sistema electoral argentino, buscando garantizar mayor transparencia y una competencia m\u00e1s justa entre los partidos. Esta innovaci\u00f3n, que se aplicar\u00e1 en todo el territorio nacional, constituye uno de los elementos m\u00e1s destacados de los pr\u00f3ximos comicios.<\/p>\n<p>De cu\u00e1nto es la multa por no votar en las elecciones legislativas nacionales 2025<br \/>\nLa multa por no ir a votar en las elecciones a nivel pa\u00eds en 2025 var\u00eda entre $50 y $500, seg\u00fan lo establecido en el Art\u00edculo 125 del C\u00f3digo Electoral Nacional. Estos son los valores discriminados:<\/p>\n<p>Primera infracci\u00f3n: $50.<br \/>\nSegunda infracci\u00f3n: $100.<br \/>\nTercera infracci\u00f3n: $200.<br \/>\nCuarta infracci\u00f3n: $400.<br \/>\nQuinta o m\u00e1s infracciones: $500.<br \/>\nEsta sanci\u00f3n econ\u00f3mica se aplica a los electores mayores de 18 y menores de 70 a\u00f1os que no justifiquen su ausencia dentro de los 60 d\u00edas posteriores a la elecci\u00f3n.<\/p>\n<p>Adem\u00e1s, quienes no cumplan con la obligaci\u00f3n de votar y no presenten una justificaci\u00f3n v\u00e1lida quedar\u00e1n registrados en el Registro de Infractores al Deber de Votar.<\/p>\n<p>\u00bfPara qui\u00e9nes es obligatorio el voto?<br \/>\nEn Argentina se considera electores para los cargos nacionales a los argentinos nativos desde los 16 a\u00f1os y desde los 18 a los argentinos naturalizados.<\/p>\n<p>Seg\u00fan la legislaci\u00f3n vigente, el voto es universal, igual, secreto, libre y obligatorio. \u00bfQu\u00e9 significa esto? Que todos los argentinos y argentinas, independientemente de su sexo, raza, religi\u00f3n, son titulares del derecho al sufragio a partir de los 16 a\u00f1os de edad.<\/p>\n<p>Es \u201cigual\u201d porque el voto de todas las personas tiene el mismo valor; \u201csecreto\u201d, porque nadie est\u00e1 obligado a revelar su voto; \u201clibre\u201d, porque ninguna persona puede estar forzada a votar a determinada alianza pol\u00edtica; y \u201cobligatorio\u201d, porque todo elector que se encuentre habilitado tiene el deber, por ley, de votar.<\/p>\n<p>En cuanto a los extranjeros residentes en el pa\u00eds, no pueden ejercer el voto en los comicios nacionales. Esto quiere decir que no podr\u00e1n votar en las elecciones generales nacionales del 26 de octubre.<\/p>\n<p>\u00bfPara qui\u00e9nes es optativo el voto?<br \/>\nA diferencia de la obligatoriedad que rige para la mayor\u00eda de los votantes, el sufragio para los j\u00f3venes de 16 y 17 a\u00f1os es optativo, lo que significa que no est\u00e1n obligados a concurrir a las urnas.<\/p>\n<p>Esta medida, establecida por la Ley de Ciudadan\u00eda Argentina (26.774), conocida como \u201cLey de Voto Joven\u201d, permite que los ciudadanos argentinos nativos o por opci\u00f3n en ese rango etario puedan elegir representantes pol\u00edticos y ejercer su derecho al voto en los comicios nacionales.<\/p>\n<p>En el caso de los ciudadanos argentinos que residen en el extranjero, el voto tiene car\u00e1cter optativo. La normativa establece que quienes tengan domicilio registrado fuera del pa\u00eds antes del 19 de abril de 2025 podr\u00e1n participar en la elecci\u00f3n.<\/p>\n<p>Esta excepci\u00f3n tambi\u00e9n se extiende a las personas mayores de 70 a\u00f1os, quienes, seg\u00fan la misma normativa, no tienen la obligaci\u00f3n de participar en las jornadas electorales.<\/p>\n<p>Qui\u00e9nes est\u00e1n exceptuados de votar<br \/>\nLos jueces y sus auxiliares que por disposici\u00f3n del C\u00f3digo Electoral deben asistir a sus oficinas y mantenerlas abiertas mientras dure el acto comicial.<br \/>\nLos que el d\u00eda de la elecci\u00f3n se encuentren a m\u00e1s de quinientos (500) kil\u00f3metros de distancia del lugar donde deban votar y justifiquen que el alejamiento obedece a motivos razonables, debiendo presentarse en el d\u00eda de la elecci\u00f3n a la autoridad policial m\u00e1s cercana, la que extender\u00e1 una certificaci\u00f3n escrita.<br \/>\nLos dementes declarados tales en juicio. Los certificados deber\u00e1n ser emitidos por los m\u00e9dicos del servicio de sanidad nacional y en su defecto, por m\u00e9dicos oficiales, provinciales o municipales, y en defecto de estos por m\u00e9dicos particulares.<br \/>\nLos condenados por delitos dolosos a pena privativa de la libertad, y, por sentencia ejecutoriada, por el t\u00e9rmino de la condena.<br \/>\nLos condenados por faltas previstas en las leyes nacionales y provinciales de juegos prohibidos, por el t\u00e9rmino de tres a\u00f1os; en el caso de reincidencia, por seis.<br \/>\nLos sancionados por la infracci\u00f3n de deserci\u00f3n calificada, por el doble t\u00e9rmino de la duraci\u00f3n de la sanci\u00f3n.<br \/>\nLos declarados rebeldes en causa penal, hasta que cese la rebeld\u00eda o se opere la prescripci\u00f3n.<br \/>\nEl personal de organismos y empresas de servicios p\u00fablicos que por razones atinentes a su cumplimiento deban realizar tareas que le impidan asistir al comicio.<br \/>\nQu\u00e9 hacer si perd\u00ed o me robaron el DNI<br \/>\nSeg\u00fan lo establecido por la C\u00e1mara Nacional Electoral (CNE), la presentaci\u00f3n del DNI resulta indispensable para ejercer el derecho al sufragio. En consecuencia, quienes no cuenten con este documento al momento de la votaci\u00f3n quedan excluidos del proceso.<\/p>\n<p>Si el elector no cuenta con el documento f\u00edsico registrado en el padr\u00f3n, o un ejemplar emitido posteriormente, no podr\u00e1 votar. No se acepta ning\u00fan otro formato: ni pasaporte, ni registro de conducir, ni constancia de tr\u00e1mite, ni denuncia por extrav\u00edo.<\/p>\n<p>La legislaci\u00f3n tampoco permite votar con un ejemplar m\u00e1s antiguo al consignado en el padr\u00f3n, por lo que si solo se dispone de una versi\u00f3n anterior, el acceso a la urna ser\u00e1 rechazado, de acuerdo a la informaci\u00f3n de la Direcci\u00f3n Nacional Electoral.<\/p>\n<p>En caso de extrav\u00edo o robo antes de la elecci\u00f3n, solo se habilita el voto si se obtiene y presenta el documento f\u00edsico actualizado.<\/p>\n<p>Ante esta situaci\u00f3n, la normativa vigente dispone un procedimiento espec\u00edfico para justificar la ausencia en los comicios: el elector afectado debe iniciar el tr\u00e1mite correspondiente en el Registro Nacional de Infractores al Deber de Votar dentro de un plazo de 60 d\u00edas posteriores a la jornada electoral.<\/p>\n<p>Para completar la gesti\u00f3n, es obligatorio presentar una denuncia policial que respalde la causa de la inasistencia.<\/p>\n<p>Adem\u00e1s, en el sitio web habilitado, se requiere adjuntar el n\u00famero de DNI, el g\u00e9nero y el distrito electoral.<\/p>\n<p>No se admite la participaci\u00f3n en las elecciones con una constancia de DNI en tr\u00e1mite, ya que dicho comprobante no se reconoce como prueba suficiente de identidad.<\/p>\n<p>Qu\u00e9 hacer si me encuentro en el extranjero el 26 de octubre<br \/>\nUna persona que est\u00e1 en el exterior del pa\u00eds en el d\u00eda de votaci\u00f3n, no puede votar.<\/p>\n<p>Para justificar la no emisi\u00f3n del sufragio, deber\u00e1 presentarse ante la autoridad policial m\u00e1s cercana para solicitar una constancia que justifique el motivo de su ubicaci\u00f3n.<\/p>\n<p>Otro documento que puede efectuarse es mediante la presentaci\u00f3n de pasajes a\u00e9reos o pasaporte.<\/p>\n<p>En caso de los argentinos residentes en el exterior, podr\u00e1n votar quienes hayan cambiado el domicilio de su DNI antes del 19 de abril de 2025 en forma presencial en la Representaci\u00f3n Consular o Embajada correspondiente a la circunscripci\u00f3n en la que viva. Adem\u00e1s, quienes hayan realizado el tr\u00e1mite correspondiente entre el 29 de mayo y el 28 de junio de 2025 podr\u00e1n votar por correo.<\/p>\n<p>\u00bfLas personas privadas de su libertad pueden votar?<br \/>\nEl C\u00f3digo Electoral Nacional reconoce el derecho a votar a las personas procesadas que se encuentren cumpliendo prisi\u00f3n preventiva.<\/p>\n<p>Estas deben estar incluidas en el Registro de Electores Privados de Libertad, que, al igual que el padr\u00f3n, es elaborado por la C\u00e1mara Nacional Electoral.<\/p>\n<p>Por ende, deber\u00e1n presentar su DNI y votar\u00e1n mediante la boleta \u00fanica de papel. Sus votos se adjudicar\u00e1n al distrito correspondiente al \u00faltimo domicilio registrado en su DNI.<\/p>\n<p>C\u00f3mo justificar la no emisi\u00f3n del voto<br \/>\nQuienes no hayan podido participar en las elecciones del domingo 26 de octubre por razones justificadas disponen de un plazo de 60 d\u00edas h\u00e1biles para presentar la documentaci\u00f3n que respalde su ausencia ante la Justicia Electoral, seg\u00fan lo establece la Ley Electoral nacional.<\/p>\n<p>El procedimiento puede realizarse de forma digital a trav\u00e9s del Registro de Infractores, donde es necesario cargar los documentos que acrediten el motivo de la inasistencia.<\/p>\n<p>Para que la ausencia sea considerada v\u00e1lida, los electores deben presentar un certificado m\u00e9dico oficial si se trata de enfermedad o imposibilidad f\u00edsica, una constancia policial en caso de encontrarse a m\u00e1s de 500 kil\u00f3metros del lugar de votaci\u00f3n, o documentaci\u00f3n laboral que demuestre el cumplimiento de una funci\u00f3n indispensable durante la jornada electoral.<\/p>\n<p>Adem\u00e1s, quienes hayan actuado como fiscales o como personal electoral en otra mesa tambi\u00e9n pueden justificar su no voto mediante la presentaci\u00f3n de la documentaci\u00f3n correspondiente.<\/p>\n<p>Una vez que la Justicia Electoral acepta la justificaci\u00f3n y la documentaci\u00f3n aportada, el elector queda exento de sanciones.<\/p>\n<p>C\u00f3mo revisar el Registro de Infractores al Deber de Votar<\/p>\n<p>Para saber si una persona figura en el Registro de Infractores, se debe ingresar al portal correspondiente<br \/>\n(infractores.padron.gob.ar) y completar el formulario con los datos personales.<\/p>\n","protected":false},"excerpt":{"rendered":"<p>Qu\u00e9 sucede en el caso de no haber participado de los comicios nacionales este domingo En estos comicios de este domingo 26 de octubre, la ciudadan\u00eda eligi\u00f3 127 diputados y 24 senadores, renovando as\u00ed una parte significativa del Congreso. Cabe se\u00f1alar que desde este viernes a las 8.00 rige la veda electoral en todo el [&hellip;]<\/p>\n","protected":false},"author":4,"featured_media":198277,"comment_status":"closed","ping_status":"closed","sticky":false,"template":"","format":"standard","meta":{"_joinchat":[],"footnotes":""},"categories":[31],"tags":[],"class_list":{"0":"post-198276","1":"post","2":"type-post","3":"status-publish","4":"format-standard","5":"has-post-thumbnail","7":"category-informacion-general"},"yoast_head":"<!-- This site is optimized with the Yoast SEO plugin v27.2 - https:\/\/yoast.com\/product\/yoast-seo-wordpress\/ -->\n<title>Qu\u00e9 pasa si no fui a votar: de cu\u00e1nto es la multa y c\u00f3mo justificar la ausencia - Radio Infinita Goya<\/title>\n<meta name=\"description\" content=\"Qu\u00e9 sucede en el caso de no haber participado de los comicios nacionales este domingo En estos comicios de este domingo 26 de octubre, la ciudadan\u00eda\" \/>\n<meta name=\"robots\" content=\"index, follow, max-snippet:-1, max-image-preview:large, max-video-preview:-1\" \/>\n<link rel=\"canonical\" href=\"https:\/\/radioinfinitagoya.com.ar\/v1\/2025\/10\/26\/que-pasa-si-no-fui-a-votar-de-cuanto-es-la-multa-y-como-justificar-la-ausencia\/\" \/>\n<meta property=\"og:locale\" content=\"es_ES\" \/>\n<meta property=\"og:type\" content=\"article\" \/>\n<meta property=\"og:title\" content=\"Qu\u00e9 pasa si no fui a votar: de cu\u00e1nto es la multa y c\u00f3mo justificar la ausencia - Radio Infinita Goya\" \/>\n<meta property=\"og:description\" content=\"Qu\u00e9 sucede en el caso de no haber participado de los comicios nacionales este domingo En estos comicios de este domingo 26 de octubre, la ciudadan\u00eda\" \/>\n<meta property=\"og:url\" content=\"https:\/\/radioinfinitagoya.com.ar\/v1\/2025\/10\/26\/que-pasa-si-no-fui-a-votar-de-cuanto-es-la-multa-y-como-justificar-la-ausencia\/\" \/>\n<meta property=\"og:site_name\" content=\"Radio Infinita Goya\" \/>\n<meta property=\"article:publisher\" content=\"https:\/\/www.facebook.com\/p\/Infinita-Goya-100063870918311\/\" \/>\n<meta property=\"article:published_time\" content=\"2025-10-26T21:17:34+00:00\" \/>\n<meta name=\"author\" content=\"Jorge Mi\u00f1o\" \/>\n<meta name=\"twitter:card\" content=\"summary_large_image\" \/>\n<meta name=\"twitter:label1\" content=\"Escrito por\" \/>\n\t<meta name=\"twitter:data1\" content=\"Jorge Mi\u00f1o\" \/>\n\t<meta name=\"twitter:label2\" content=\"Tiempo de lectura\" \/>\n\t<meta name=\"twitter:data2\" content=\"8 minutos\" \/>\n<script type=\"application\/ld+json\" class=\"yoast-schema-graph\">{\"@context\":\"https:\/\/schema.org\",\"@graph\":[{\"@type\":\"Article\",\"@id\":\"https:\/\/radioinfinitagoya.com.ar\/v1\/2025\/10\/26\/que-pasa-si-no-fui-a-votar-de-cuanto-es-la-multa-y-como-justificar-la-ausencia\/#article\",\"isPartOf\":{\"@id\":\"https:\/\/radioinfinitagoya.com.ar\/v1\/2025\/10\/26\/que-pasa-si-no-fui-a-votar-de-cuanto-es-la-multa-y-como-justificar-la-ausencia\/\"},\"author\":{\"name\":\"Jorge Mi\u00f1o\",\"@id\":\"https:\/\/radioinfinitagoya.com.ar\/v1\/#\/schema\/person\/d4cf9c413d4f6edb24aabdccab49ca4a\"},\"headline\":\"Qu\u00e9 pasa si no fui a votar: de cu\u00e1nto es la multa y c\u00f3mo justificar la ausencia\",\"datePublished\":\"2025-10-26T21:17:34+00:00\",\"mainEntityOfPage\":{\"@id\":\"https:\/\/radioinfinitagoya.com.ar\/v1\/2025\/10\/26\/que-pasa-si-no-fui-a-votar-de-cuanto-es-la-multa-y-como-justificar-la-ausencia\/\"},\"wordCount\":1742,\"publisher\":{\"@id\":\"https:\/\/radioinfinitagoya.com.ar\/v1\/#organization\"},\"image\":{\"@id\":\"https:\/\/radioinfinitagoya.com.ar\/v1\/2025\/10\/26\/que-pasa-si-no-fui-a-votar-de-cuanto-es-la-multa-y-como-justificar-la-ausencia\/#primaryimage\"},\"thumbnailUrl\":\"https:\/\/radioinfinitagoya.com.ar\/v1\/wp-content\/uploads\/2025\/10\/U6SWZHCM6BFEBGUJJ4I3M4DWCI.avif\",\"articleSection\":[\"INFORMACI\u00d3N GENERAL\"],\"inLanguage\":\"es-AR\"},{\"@type\":\"WebPage\",\"@id\":\"https:\/\/radioinfinitagoya.com.ar\/v1\/2025\/10\/26\/que-pasa-si-no-fui-a-votar-de-cuanto-es-la-multa-y-como-justificar-la-ausencia\/\",\"url\":\"https:\/\/radioinfinitagoya.com.ar\/v1\/2025\/10\/26\/que-pasa-si-no-fui-a-votar-de-cuanto-es-la-multa-y-como-justificar-la-ausencia\/\",\"name\":\"Qu\u00e9 pasa si no fui a votar: de cu\u00e1nto es la multa y c\u00f3mo justificar la ausencia - Radio Infinita Goya\",\"isPartOf\":{\"@id\":\"https:\/\/radioinfinitagoya.com.ar\/v1\/#website\"},\"primaryImageOfPage\":{\"@id\":\"https:\/\/radioinfinitagoya.com.ar\/v1\/2025\/10\/26\/que-pasa-si-no-fui-a-votar-de-cuanto-es-la-multa-y-como-justificar-la-ausencia\/#primaryimage\"},\"image\":{\"@id\":\"https:\/\/radioinfinitagoya.com.ar\/v1\/2025\/10\/26\/que-pasa-si-no-fui-a-votar-de-cuanto-es-la-multa-y-como-justificar-la-ausencia\/#primaryimage\"},\"thumbnailUrl\":\"https:\/\/radioinfinitagoya.com.ar\/v1\/wp-content\/uploads\/2025\/10\/U6SWZHCM6BFEBGUJJ4I3M4DWCI.avif\",\"datePublished\":\"2025-10-26T21:17:34+00:00\",\"description\":\"Qu\u00e9 sucede en el caso de no haber participado de los comicios nacionales este domingo En estos comicios de este domingo 26 de octubre, la ciudadan\u00eda\",\"breadcrumb\":{\"@id\":\"https:\/\/radioinfinitagoya.com.ar\/v1\/2025\/10\/26\/que-pasa-si-no-fui-a-votar-de-cuanto-es-la-multa-y-como-justificar-la-ausencia\/#breadcrumb\"},\"inLanguage\":\"es-AR\",\"potentialAction\":[{\"@type\":\"ReadAction\",\"target\":[\"https:\/\/radioinfinitagoya.com.ar\/v1\/2025\/10\/26\/que-pasa-si-no-fui-a-votar-de-cuanto-es-la-multa-y-como-justificar-la-ausencia\/\"]}]},{\"@type\":\"ImageObject\",\"inLanguage\":\"es-AR\",\"@id\":\"https:\/\/radioinfinitagoya.com.ar\/v1\/2025\/10\/26\/que-pasa-si-no-fui-a-votar-de-cuanto-es-la-multa-y-como-justificar-la-ausencia\/#primaryimage\",\"url\":\"https:\/\/radioinfinitagoya.com.ar\/v1\/wp-content\/uploads\/2025\/10\/U6SWZHCM6BFEBGUJJ4I3M4DWCI.avif\",\"contentUrl\":\"https:\/\/radioinfinitagoya.com.ar\/v1\/wp-content\/uploads\/2025\/10\/U6SWZHCM6BFEBGUJJ4I3M4DWCI.avif\",\"width\":992,\"height\":660},{\"@type\":\"BreadcrumbList\",\"@id\":\"https:\/\/radioinfinitagoya.com.ar\/v1\/2025\/10\/26\/que-pasa-si-no-fui-a-votar-de-cuanto-es-la-multa-y-como-justificar-la-ausencia\/#breadcrumb\",\"itemListElement\":[{\"@type\":\"ListItem\",\"position\":1,\"name\":\"Inicio\",\"item\":\"https:\/\/radioinfinitagoya.com.ar\/v1\/\"},{\"@type\":\"ListItem\",\"position\":2,\"name\":\"Qu\u00e9 pasa si no fui a votar: de cu\u00e1nto es la multa y c\u00f3mo justificar la ausencia\"}]},{\"@type\":\"WebSite\",\"@id\":\"https:\/\/radioinfinitagoya.com.ar\/v1\/#website\",\"url\":\"https:\/\/radioinfinitagoya.com.ar\/v1\/\",\"name\":\"radioinfinitagoya.com.ar\",\"description\":\"Radio de noticias\",\"publisher\":{\"@id\":\"https:\/\/radioinfinitagoya.com.ar\/v1\/#organization\"},\"potentialAction\":[{\"@type\":\"SearchAction\",\"target\":{\"@type\":\"EntryPoint\",\"urlTemplate\":\"https:\/\/radioinfinitagoya.com.ar\/v1\/?s={search_term_string}\"},\"query-input\":{\"@type\":\"PropertyValueSpecification\",\"valueRequired\":true,\"valueName\":\"search_term_string\"}}],\"inLanguage\":\"es-AR\"},{\"@type\":\"Organization\",\"@id\":\"https:\/\/radioinfinitagoya.com.ar\/v1\/#organization\",\"name\":\"Radio Infinita Goya\",\"url\":\"https:\/\/radioinfinitagoya.com.ar\/v1\/\",\"logo\":{\"@type\":\"ImageObject\",\"inLanguage\":\"es-AR\",\"@id\":\"https:\/\/radioinfinitagoya.com.ar\/v1\/#\/schema\/logo\/image\/\",\"url\":\"https:\/\/radioinfinitagoya.com.ar\/v1\/wp-content\/uploads\/2019\/11\/logo-pie-web.png\",\"contentUrl\":\"https:\/\/radioinfinitagoya.com.ar\/v1\/wp-content\/uploads\/2019\/11\/logo-pie-web.png\",\"width\":635,\"height\":326,\"caption\":\"Radio Infinita Goya\"},\"image\":{\"@id\":\"https:\/\/radioinfinitagoya.com.ar\/v1\/#\/schema\/logo\/image\/\"},\"sameAs\":[\"https:\/\/www.facebook.com\/p\/Infinita-Goya-100063870918311\/\"]},{\"@type\":\"Person\",\"@id\":\"https:\/\/radioinfinitagoya.com.ar\/v1\/#\/schema\/person\/d4cf9c413d4f6edb24aabdccab49ca4a\",\"name\":\"Jorge Mi\u00f1o\",\"image\":{\"@type\":\"ImageObject\",\"inLanguage\":\"es-AR\",\"@id\":\"https:\/\/secure.gravatar.com\/avatar\/910fcf6728fe95320e07a6643c1581fec1c7fc4bf8ae12e3d8f0d0373dc844be?s=96&d=mm&r=g\",\"url\":\"https:\/\/secure.gravatar.com\/avatar\/910fcf6728fe95320e07a6643c1581fec1c7fc4bf8ae12e3d8f0d0373dc844be?s=96&d=mm&r=g\",\"contentUrl\":\"https:\/\/secure.gravatar.com\/avatar\/910fcf6728fe95320e07a6643c1581fec1c7fc4bf8ae12e3d8f0d0373dc844be?s=96&d=mm&r=g\",\"caption\":\"Jorge Mi\u00f1o\"},\"sameAs\":[\"http:\/\/radioinfinitagoya.com.ar\"]}]}<\/script>\n<!-- \/ Yoast SEO plugin. -->","yoast_head_json":{"title":"Qu\u00e9 pasa si no fui a votar: de cu\u00e1nto es la multa y c\u00f3mo justificar la ausencia - Radio Infinita Goya","description":"Qu\u00e9 sucede en el caso de no haber participado de los comicios nacionales este domingo En estos comicios de este domingo 26 de octubre, la ciudadan\u00eda","robots":{"index":"index","follow":"follow","max-snippet":"max-snippet:-1","max-image-preview":"max-image-preview:large","max-video-preview":"max-video-preview:-1"},"canonical":"https:\/\/radioinfinitagoya.com.ar\/v1\/2025\/10\/26\/que-pasa-si-no-fui-a-votar-de-cuanto-es-la-multa-y-como-justificar-la-ausencia\/","og_locale":"es_ES","og_type":"article","og_title":"Qu\u00e9 pasa si no fui a votar: de cu\u00e1nto es la multa y c\u00f3mo justificar la ausencia - Radio Infinita Goya","og_description":"Qu\u00e9 sucede en el caso de no haber participado de los comicios nacionales este domingo En estos comicios de este domingo 26 de octubre, la ciudadan\u00eda","og_url":"https:\/\/radioinfinitagoya.com.ar\/v1\/2025\/10\/26\/que-pasa-si-no-fui-a-votar-de-cuanto-es-la-multa-y-como-justificar-la-ausencia\/","og_site_name":"Radio Infinita Goya","article_publisher":"https:\/\/www.facebook.com\/p\/Infinita-Goya-100063870918311\/","article_published_time":"2025-10-26T21:17:34+00:00","author":"Jorge Mi\u00f1o","twitter_card":"summary_large_image","twitter_misc":{"Escrito por":"Jorge Mi\u00f1o","Tiempo de lectura":"8 minutos"},"schema":{"@context":"https:\/\/schema.org","@graph":[{"@type":"Article","@id":"https:\/\/radioinfinitagoya.com.ar\/v1\/2025\/10\/26\/que-pasa-si-no-fui-a-votar-de-cuanto-es-la-multa-y-como-justificar-la-ausencia\/#article","isPartOf":{"@id":"https:\/\/radioinfinitagoya.com.ar\/v1\/2025\/10\/26\/que-pasa-si-no-fui-a-votar-de-cuanto-es-la-multa-y-como-justificar-la-ausencia\/"},"author":{"name":"Jorge Mi\u00f1o","@id":"https:\/\/radioinfinitagoya.com.ar\/v1\/#\/schema\/person\/d4cf9c413d4f6edb24aabdccab49ca4a"},"headline":"Qu\u00e9 pasa si no fui a votar: de cu\u00e1nto es la multa y c\u00f3mo justificar la ausencia","datePublished":"2025-10-26T21:17:34+00:00","mainEntityOfPage":{"@id":"https:\/\/radioinfinitagoya.com.ar\/v1\/2025\/10\/26\/que-pasa-si-no-fui-a-votar-de-cuanto-es-la-multa-y-como-justificar-la-ausencia\/"},"wordCount":1742,"publisher":{"@id":"https:\/\/radioinfinitagoya.com.ar\/v1\/#organization"},"image":{"@id":"https:\/\/radioinfinitagoya.com.ar\/v1\/2025\/10\/26\/que-pasa-si-no-fui-a-votar-de-cuanto-es-la-multa-y-como-justificar-la-ausencia\/#primaryimage"},"thumbnailUrl":"https:\/\/radioinfinitagoya.com.ar\/v1\/wp-content\/uploads\/2025\/10\/U6SWZHCM6BFEBGUJJ4I3M4DWCI.avif","articleSection":["INFORMACI\u00d3N GENERAL"],"inLanguage":"es-AR"},{"@type":"WebPage","@id":"https:\/\/radioinfinitagoya.com.ar\/v1\/2025\/10\/26\/que-pasa-si-no-fui-a-votar-de-cuanto-es-la-multa-y-como-justificar-la-ausencia\/","url":"https:\/\/radioinfinitagoya.com.ar\/v1\/2025\/10\/26\/que-pasa-si-no-fui-a-votar-de-cuanto-es-la-multa-y-como-justificar-la-ausencia\/","name":"Qu\u00e9 pasa si no fui a votar: de cu\u00e1nto es la multa y c\u00f3mo justificar la ausencia - Radio Infinita Goya","isPartOf":{"@id":"https:\/\/radioinfinitagoya.com.ar\/v1\/#website"},"primaryImageOfPage":{"@id":"https:\/\/radioinfinitagoya.com.ar\/v1\/2025\/10\/26\/que-pasa-si-no-fui-a-votar-de-cuanto-es-la-multa-y-como-justificar-la-ausencia\/#primaryimage"},"image":{"@id":"https:\/\/radioinfinitagoya.com.ar\/v1\/2025\/10\/26\/que-pasa-si-no-fui-a-votar-de-cuanto-es-la-multa-y-como-justificar-la-ausencia\/#primaryimage"},"thumbnailUrl":"https:\/\/radioinfinitagoya.com.ar\/v1\/wp-content\/uploads\/2025\/10\/U6SWZHCM6BFEBGUJJ4I3M4DWCI.avif","datePublished":"2025-10-26T21:17:34+00:00","description":"Qu\u00e9 sucede en el caso de no haber participado de los comicios nacionales este domingo En estos comicios de este domingo 26 de octubre, la ciudadan\u00eda","breadcrumb":{"@id":"https:\/\/radioinfinitagoya.com.ar\/v1\/2025\/10\/26\/que-pasa-si-no-fui-a-votar-de-cuanto-es-la-multa-y-como-justificar-la-ausencia\/#breadcrumb"},"inLanguage":"es-AR","potentialAction":[{"@type":"ReadAction","target":["https:\/\/radioinfinitagoya.com.ar\/v1\/2025\/10\/26\/que-pasa-si-no-fui-a-votar-de-cuanto-es-la-multa-y-como-justificar-la-ausencia\/"]}]},{"@type":"ImageObject","inLanguage":"es-AR","@id":"https:\/\/radioinfinitagoya.com.ar\/v1\/2025\/10\/26\/que-pasa-si-no-fui-a-votar-de-cuanto-es-la-multa-y-como-justificar-la-ausencia\/#primaryimage","url":"https:\/\/radioinfinitagoya.com.ar\/v1\/wp-content\/uploads\/2025\/10\/U6SWZHCM6BFEBGUJJ4I3M4DWCI.avif","contentUrl":"https:\/\/radioinfinitagoya.com.ar\/v1\/wp-content\/uploads\/2025\/10\/U6SWZHCM6BFEBGUJJ4I3M4DWCI.avif","width":992,"height":660},{"@type":"BreadcrumbList","@id":"https:\/\/radioinfinitagoya.com.ar\/v1\/2025\/10\/26\/que-pasa-si-no-fui-a-votar-de-cuanto-es-la-multa-y-como-justificar-la-ausencia\/#breadcrumb","itemListElement":[{"@type":"ListItem","position":1,"name":"Inicio","item":"https:\/\/radioinfinitagoya.com.ar\/v1\/"},{"@type":"ListItem","position":2,"name":"Qu\u00e9 pasa si no fui a votar: de cu\u00e1nto es la multa y c\u00f3mo justificar la ausencia"}]},{"@type":"WebSite","@id":"https:\/\/radioinfinitagoya.com.ar\/v1\/#website","url":"https:\/\/radioinfinitagoya.com.ar\/v1\/","name":"radioinfinitagoya.com.ar","description":"Radio de noticias","publisher":{"@id":"https:\/\/radioinfinitagoya.com.ar\/v1\/#organization"},"potentialAction":[{"@type":"SearchAction","target":{"@type":"EntryPoint","urlTemplate":"https:\/\/radioinfinitagoya.com.ar\/v1\/?s={search_term_string}"},"query-input":{"@type":"PropertyValueSpecification","valueRequired":true,"valueName":"search_term_string"}}],"inLanguage":"es-AR"},{"@type":"Organization","@id":"https:\/\/radioinfinitagoya.com.ar\/v1\/#organization","name":"Radio Infinita Goya","url":"https:\/\/radioinfinitagoya.com.ar\/v1\/","logo":{"@type":"ImageObject","inLanguage":"es-AR","@id":"https:\/\/radioinfinitagoya.com.ar\/v1\/#\/schema\/logo\/image\/","url":"https:\/\/radioinfinitagoya.com.ar\/v1\/wp-content\/uploads\/2019\/11\/logo-pie-web.png","contentUrl":"https:\/\/radioinfinitagoya.com.ar\/v1\/wp-content\/uploads\/2019\/11\/logo-pie-web.png","width":635,"height":326,"caption":"Radio Infinita Goya"},"image":{"@id":"https:\/\/radioinfinitagoya.com.ar\/v1\/#\/schema\/logo\/image\/"},"sameAs":["https:\/\/www.facebook.com\/p\/Infinita-Goya-100063870918311\/"]},{"@type":"Person","@id":"https:\/\/radioinfinitagoya.com.ar\/v1\/#\/schema\/person\/d4cf9c413d4f6edb24aabdccab49ca4a","name":"Jorge Mi\u00f1o","image":{"@type":"ImageObject","inLanguage":"es-AR","@id":"https:\/\/secure.gravatar.com\/avatar\/910fcf6728fe95320e07a6643c1581fec1c7fc4bf8ae12e3d8f0d0373dc844be?s=96&d=mm&r=g","url":"https:\/\/secure.gravatar.com\/avatar\/910fcf6728fe95320e07a6643c1581fec1c7fc4bf8ae12e3d8f0d0373dc844be?s=96&d=mm&r=g","contentUrl":"https:\/\/secure.gravatar.com\/avatar\/910fcf6728fe95320e07a6643c1581fec1c7fc4bf8ae12e3d8f0d0373dc844be?s=96&d=mm&r=g","caption":"Jorge Mi\u00f1o"},"sameAs":["http:\/\/radioinfinitagoya.com.ar"]}]}},"_links":{"self":[{"href":"https:\/\/radioinfinitagoya.com.ar\/v1\/wp-json\/wp\/v2\/posts\/198276","targetHints":{"allow":["GET"]}}],"collection":[{"href":"https:\/\/radioinfinitagoya.com.ar\/v1\/wp-json\/wp\/v2\/posts"}],"about":[{"href":"https:\/\/radioinfinitagoya.com.ar\/v1\/wp-json\/wp\/v2\/types\/post"}],"author":[{"embeddable":true,"href":"https:\/\/radioinfinitagoya.com.ar\/v1\/wp-json\/wp\/v2\/users\/4"}],"replies":[{"embeddable":true,"href":"https:\/\/radioinfinitagoya.com.ar\/v1\/wp-json\/wp\/v2\/comments?post=198276"}],"version-history":[{"count":0,"href":"https:\/\/radioinfinitagoya.com.ar\/v1\/wp-json\/wp\/v2\/posts\/198276\/revisions"}],"wp:featuredmedia":[{"embeddable":true,"href":"https:\/\/radioinfinitagoya.com.ar\/v1\/wp-json\/wp\/v2\/media\/198277"}],"wp:attachment":[{"href":"https:\/\/radioinfinitagoya.com.ar\/v1\/wp-json\/wp\/v2\/media?parent=198276"}],"wp:term":[{"taxonomy":"category","embeddable":true,"href":"https:\/\/radioinfinitagoya.com.ar\/v1\/wp-json\/wp\/v2\/categories?post=198276"},{"taxonomy":"post_tag","embeddable":true,"href":"https:\/\/radioinfinitagoya.com.ar\/v1\/wp-json\/wp\/v2\/tags?post=198276"}],"curies":[{"name":"wp","href":"https:\/\/api.w.org\/{rel}","templated":true}]}}