{"id":198279,"date":"2025-10-26T18:30:21","date_gmt":"2025-10-26T21:30:21","guid":{"rendered":"https:\/\/radioinfinitagoya.com.ar\/v1\/?p=198279"},"modified":"2025-10-26T18:30:21","modified_gmt":"2025-10-26T21:30:21","slug":"elecciones-2025-brusca-caida-de-la-participacion-fue-del-66","status":"publish","type":"post","link":"https:\/\/radioinfinitagoya.com.ar\/v1\/2025\/10\/26\/elecciones-2025-brusca-caida-de-la-participacion-fue-del-66\/","title":{"rendered":"Elecciones 2025, Brusca ca\u00edda de la participaci\u00f3n: fue del 66%"},"content":{"rendered":"<p>Y m\u00e1s de 12 millones de argentinos no fueron a votar<\/p>\n<p>Ning\u00fan analista esperaba para esta elecci\u00f3n una participaci\u00f3n r\u00e9cord. Los n\u00fameros de hoy siguen la tendencia observada en los 10 distritos en los que se desdoblaron las elecciones provinciales entre abril y septiembre pasado<\/p>\n<p>Seg\u00fan datos oficiales, difundidos apenas termin\u00f3 el escrutinio, la participaci\u00f3n en el proceso electoral de hoy fue del 66%, uno de los valores m\u00e1s bajos a nivel nacional desde el retorno de la democracia. Con ese n\u00famero, el ausentismo alcanz\u00f3 el 34% y sobre las 35.987.634 del padr\u00f3n, se puede concluir que 12.235.796 electores decidieron no votar.<\/p>\n<p>Este m\u00ednimo hist\u00f3rico se suma a la tendencia descendente observada en los \u00faltimos procesos electorales que se registraron en las 10 provincias donde hubo elecciones desdobladas, donde en seis de ellas ni siquiera se alcanz\u00f3 al 60% de participaci\u00f3n. Es m\u00e1s, en las elecciones provinciales del 11 de mayo en Chaco la mitad del electorado no vot\u00f3.<\/p>\n<p>El contexto de malestar social y el hartazgo al deterioro econ\u00f3mico se identifican como los principales factores para la baja afluencia. Distintos consultores pol\u00edticos advirtieron sobre este fen\u00f3meno, atribuyendo el r\u00e9cord de ausentismo a una relaci\u00f3n desgastada de la ciudadan\u00eda con la clase dirigente.<\/p>\n<p>Entre los factores que pudieron incidir en este comportamiento tambi\u00e9n se destacan la desconfianza en las instituciones y en los partidos pol\u00edticos, percepci\u00f3n de corrupci\u00f3n en la clase pol\u00edtica, falta de propuestas que respondan a las necesidades ciudadanas, sensaci\u00f3n de que el voto no produce cambios reales, cansancio ante campa\u00f1as negativas o de polarizaci\u00f3n extrema, proliferaci\u00f3n de noticias falsas y desinformaci\u00f3n, as\u00ed como sentimientos de desencanto por promesas incumplidas, entre otros factores.<\/p>\n<p>El comportamiento del electorado desde 2013, en aquellos a\u00f1os en que se eligieron cargos legislativos.<\/p>\n<p>Hist\u00f3ricamente, el promedio de las elecciones desde 2011, -a\u00f1o en que se implementaron las PASO-, fue del 77%, con una baja de 72% en las legislativas de 2021, probablemente influido por efectos de la pandemia. Ese a\u00f1o, en las provincias la concurrencia a votar para el cargo de diputado nacional fue dispar: por ejemplo, se registr\u00f3 63% de participaci\u00f3n en Salta (la m\u00e1s baja) y un pico de 80% en Tucum\u00e1n. Y dos a\u00f1os despu\u00e9s, en 2023, para los cargos legislativos nacionales todas las provincias superaron el 70% de participaci\u00f3n, siendo la m\u00e1s baja Santa Cruz (72,71%) y la m\u00e1s alta Tucum\u00e1n (83%), tal como hab\u00eda ocurrido en este \u00faltimo distrito en la elecci\u00f3n previa.<\/p>\n<p>Por otro lado, podr\u00eda esperarse un incremento del voto en blanco, que hist\u00f3ricamente en las generales fue en promedio del 3%.<\/p>\n<p>El an\u00e1lisis hist\u00f3rico deja en evidencia que en los ciclos iniciales tras el retorno de la democracia, entre 1983 y 1989, en las presidenciales la afluencia super\u00f3 el 85%, mientras que en los \u201890 los niveles rondaron el 82% y se mantuvieron altos niveles de participaci\u00f3n hasta 2015. De ah\u00ed en m\u00e1s, (salvo en las generales de 2019 con 80%), nunca se super\u00f3 ese techo.<\/p>\n<p>Lo que ocurri\u00f3 en las 10 provincias que desdoblaron<br \/>\nNing\u00fan analista esperaba para esta elecci\u00f3n una participaci\u00f3n r\u00e9cord. Seg\u00fan una proyecci\u00f3n elaborada por la Escuela de Gobierno de la Universidad Austral y difundida la semana pasada, la participaci\u00f3n que se esperaba para el d\u00eda de hoy era del 67%, con un piso de 65% y un techo de 69%.<\/p>\n<p>Los indicios fueron las 10 elecciones provinciales que se desarrollaron entre abril y septiembre pasado. En seis de estos casos (San Luis, Salta, Misiones, Santa Fe, CABA y Chaco) ni siquiera se alcanz\u00f3 el 60% de participaci\u00f3n. Y en el resto fue de entre el 61 y el 71%, siendo este el mayor, correspondiente a Corrientes<\/p>\n<p>Participaci\u00f3n electoral en las 10 elecciones provinciales de 2025<\/p>\n<p>Los valores de las 10 elecciones legislativas provinciales fueron: Corrientes 70,95%, Jujuy 68,1%, Formosa 65,8%, Buenos Aires 60,98%, San Luis 59,8%, Salta 57,8%, Misiones 55,4%, Santa Fe 55,4% (para convencionales constituyentes; para los cargos municipales fue del 52%), CABA 53,3% y Chaco 52,3%<\/p>\n<p>En n\u00fameros globales, hubo 25.502.680 personas empadronadas en las 10 provincias donde se celebraron las legislativas provinciales, de las cuales s\u00f3lo votaron 15.139.359, con lo cual se deduce que 10.363.321 de electores no concurrieron a votar. Estos n\u00fameros fueron un indicativo importante para lo que sucedi\u00f3 hoy a nivel nacional, especialmente por la cantidad de votos no emitidos en el territorio bonaerense.<\/p>\n<p>Por el peso electoral de la provincia de Buenos Aires (37% del padr\u00f3n), en las elecciones provinciales de septiembre pasado 5,5 millones de electores bonaerenses optaron por no acudir a las urnas.<\/p>\n<p>El porcentaje de asistencia en estos comicios result\u00f3 de apenas el 60,98%; lo cual implica un ausentismo del 39,02% sobre un padr\u00f3n formado por 14.376.592 votantes, que incluy\u00f3 a 13.361.359 nativos y 1.015.233 extranjeros.<\/p>\n<p>En CABA, el cuarto distrito con m\u00e1s habitantes, fue peor: en t\u00e9rminos porcentuales casi la mitad del padr\u00f3n en mayo no vot\u00f3: 1,4 millones de personas.<\/p>\n<p>&nbsp;<\/p>\n<p>&nbsp;<\/p>\n<p>&nbsp;<\/p>\n","protected":false},"excerpt":{"rendered":"<p>Y m\u00e1s de 12 millones de argentinos no fueron a votar Ning\u00fan analista esperaba para esta elecci\u00f3n una participaci\u00f3n r\u00e9cord. Los n\u00fameros de hoy siguen la tendencia observada en los 10 distritos en los que se desdoblaron las elecciones provinciales entre abril y septiembre pasado Seg\u00fan datos oficiales, difundidos apenas termin\u00f3 el escrutinio, la participaci\u00f3n [&hellip;]<\/p>\n","protected":false},"author":4,"featured_media":198280,"comment_status":"closed","ping_status":"closed","sticky":false,"template":"","format":"standard","meta":{"_joinchat":[],"footnotes":""},"categories":[25],"tags":[],"class_list":{"0":"post-198279","1":"post","2":"type-post","3":"status-publish","4":"format-standard","5":"has-post-thumbnail","7":"category-destacados"},"yoast_head":"<!-- This site is optimized with the Yoast SEO plugin v27.2 - https:\/\/yoast.com\/product\/yoast-seo-wordpress\/ -->\n<title>Elecciones 2025, Brusca ca\u00edda de la participaci\u00f3n: fue del 66% - Radio Infinita Goya<\/title>\n<meta name=\"description\" content=\"Y m\u00e1s de 12 millones de argentinos no fueron a votar Ning\u00fan analista esperaba para esta elecci\u00f3n una participaci\u00f3n r\u00e9cord. Los n\u00fameros de hoy siguen la\" \/>\n<meta name=\"robots\" content=\"index, follow, max-snippet:-1, max-image-preview:large, max-video-preview:-1\" \/>\n<link rel=\"canonical\" href=\"https:\/\/radioinfinitagoya.com.ar\/v1\/2025\/10\/26\/elecciones-2025-brusca-caida-de-la-participacion-fue-del-66\/\" \/>\n<meta property=\"og:locale\" content=\"es_ES\" \/>\n<meta property=\"og:type\" content=\"article\" \/>\n<meta property=\"og:title\" content=\"Elecciones 2025, Brusca ca\u00edda de la participaci\u00f3n: fue del 66% - Radio Infinita Goya\" \/>\n<meta property=\"og:description\" content=\"Y m\u00e1s de 12 millones de argentinos no fueron a votar Ning\u00fan analista esperaba para esta elecci\u00f3n una participaci\u00f3n r\u00e9cord. Los n\u00fameros de hoy siguen la\" \/>\n<meta property=\"og:url\" content=\"https:\/\/radioinfinitagoya.com.ar\/v1\/2025\/10\/26\/elecciones-2025-brusca-caida-de-la-participacion-fue-del-66\/\" \/>\n<meta property=\"og:site_name\" content=\"Radio Infinita Goya\" \/>\n<meta property=\"article:publisher\" content=\"https:\/\/www.facebook.com\/p\/Infinita-Goya-100063870918311\/\" \/>\n<meta property=\"article:published_time\" content=\"2025-10-26T21:30:21+00:00\" \/>\n<meta name=\"author\" content=\"Jorge Mi\u00f1o\" \/>\n<meta name=\"twitter:card\" content=\"summary_large_image\" \/>\n<meta name=\"twitter:label1\" content=\"Escrito por\" \/>\n\t<meta name=\"twitter:data1\" content=\"Jorge Mi\u00f1o\" \/>\n\t<meta name=\"twitter:label2\" content=\"Tiempo de lectura\" \/>\n\t<meta name=\"twitter:data2\" content=\"4 minutos\" \/>\n<script type=\"application\/ld+json\" class=\"yoast-schema-graph\">{\"@context\":\"https:\/\/schema.org\",\"@graph\":[{\"@type\":\"Article\",\"@id\":\"https:\/\/radioinfinitagoya.com.ar\/v1\/2025\/10\/26\/elecciones-2025-brusca-caida-de-la-participacion-fue-del-66\/#article\",\"isPartOf\":{\"@id\":\"https:\/\/radioinfinitagoya.com.ar\/v1\/2025\/10\/26\/elecciones-2025-brusca-caida-de-la-participacion-fue-del-66\/\"},\"author\":{\"name\":\"Jorge Mi\u00f1o\",\"@id\":\"https:\/\/radioinfinitagoya.com.ar\/v1\/#\/schema\/person\/d4cf9c413d4f6edb24aabdccab49ca4a\"},\"headline\":\"Elecciones 2025, Brusca ca\u00edda de la participaci\u00f3n: fue del 66%\",\"datePublished\":\"2025-10-26T21:30:21+00:00\",\"mainEntityOfPage\":{\"@id\":\"https:\/\/radioinfinitagoya.com.ar\/v1\/2025\/10\/26\/elecciones-2025-brusca-caida-de-la-participacion-fue-del-66\/\"},\"wordCount\":832,\"publisher\":{\"@id\":\"https:\/\/radioinfinitagoya.com.ar\/v1\/#organization\"},\"image\":{\"@id\":\"https:\/\/radioinfinitagoya.com.ar\/v1\/2025\/10\/26\/elecciones-2025-brusca-caida-de-la-participacion-fue-del-66\/#primaryimage\"},\"thumbnailUrl\":\"https:\/\/radioinfinitagoya.com.ar\/v1\/wp-content\/uploads\/2025\/10\/W3Q2PX7D6FHVLGTLSGUXIS5FK4.avif\",\"articleSection\":[\"DESTACADOS\"],\"inLanguage\":\"es-AR\"},{\"@type\":\"WebPage\",\"@id\":\"https:\/\/radioinfinitagoya.com.ar\/v1\/2025\/10\/26\/elecciones-2025-brusca-caida-de-la-participacion-fue-del-66\/\",\"url\":\"https:\/\/radioinfinitagoya.com.ar\/v1\/2025\/10\/26\/elecciones-2025-brusca-caida-de-la-participacion-fue-del-66\/\",\"name\":\"Elecciones 2025, Brusca ca\u00edda de la participaci\u00f3n: fue del 66% - Radio Infinita Goya\",\"isPartOf\":{\"@id\":\"https:\/\/radioinfinitagoya.com.ar\/v1\/#website\"},\"primaryImageOfPage\":{\"@id\":\"https:\/\/radioinfinitagoya.com.ar\/v1\/2025\/10\/26\/elecciones-2025-brusca-caida-de-la-participacion-fue-del-66\/#primaryimage\"},\"image\":{\"@id\":\"https:\/\/radioinfinitagoya.com.ar\/v1\/2025\/10\/26\/elecciones-2025-brusca-caida-de-la-participacion-fue-del-66\/#primaryimage\"},\"thumbnailUrl\":\"https:\/\/radioinfinitagoya.com.ar\/v1\/wp-content\/uploads\/2025\/10\/W3Q2PX7D6FHVLGTLSGUXIS5FK4.avif\",\"datePublished\":\"2025-10-26T21:30:21+00:00\",\"description\":\"Y m\u00e1s de 12 millones de argentinos no fueron a votar Ning\u00fan analista esperaba para esta elecci\u00f3n una participaci\u00f3n r\u00e9cord. Los n\u00fameros de hoy siguen la\",\"breadcrumb\":{\"@id\":\"https:\/\/radioinfinitagoya.com.ar\/v1\/2025\/10\/26\/elecciones-2025-brusca-caida-de-la-participacion-fue-del-66\/#breadcrumb\"},\"inLanguage\":\"es-AR\",\"potentialAction\":[{\"@type\":\"ReadAction\",\"target\":[\"https:\/\/radioinfinitagoya.com.ar\/v1\/2025\/10\/26\/elecciones-2025-brusca-caida-de-la-participacion-fue-del-66\/\"]}]},{\"@type\":\"ImageObject\",\"inLanguage\":\"es-AR\",\"@id\":\"https:\/\/radioinfinitagoya.com.ar\/v1\/2025\/10\/26\/elecciones-2025-brusca-caida-de-la-participacion-fue-del-66\/#primaryimage\",\"url\":\"https:\/\/radioinfinitagoya.com.ar\/v1\/wp-content\/uploads\/2025\/10\/W3Q2PX7D6FHVLGTLSGUXIS5FK4.avif\",\"contentUrl\":\"https:\/\/radioinfinitagoya.com.ar\/v1\/wp-content\/uploads\/2025\/10\/W3Q2PX7D6FHVLGTLSGUXIS5FK4.avif\",\"width\":992,\"height\":558},{\"@type\":\"BreadcrumbList\",\"@id\":\"https:\/\/radioinfinitagoya.com.ar\/v1\/2025\/10\/26\/elecciones-2025-brusca-caida-de-la-participacion-fue-del-66\/#breadcrumb\",\"itemListElement\":[{\"@type\":\"ListItem\",\"position\":1,\"name\":\"Inicio\",\"item\":\"https:\/\/radioinfinitagoya.com.ar\/v1\/\"},{\"@type\":\"ListItem\",\"position\":2,\"name\":\"Elecciones 2025, Brusca ca\u00edda de la participaci\u00f3n: fue del 66%\"}]},{\"@type\":\"WebSite\",\"@id\":\"https:\/\/radioinfinitagoya.com.ar\/v1\/#website\",\"url\":\"https:\/\/radioinfinitagoya.com.ar\/v1\/\",\"name\":\"radioinfinitagoya.com.ar\",\"description\":\"Radio de noticias\",\"publisher\":{\"@id\":\"https:\/\/radioinfinitagoya.com.ar\/v1\/#organization\"},\"potentialAction\":[{\"@type\":\"SearchAction\",\"target\":{\"@type\":\"EntryPoint\",\"urlTemplate\":\"https:\/\/radioinfinitagoya.com.ar\/v1\/?s={search_term_string}\"},\"query-input\":{\"@type\":\"PropertyValueSpecification\",\"valueRequired\":true,\"valueName\":\"search_term_string\"}}],\"inLanguage\":\"es-AR\"},{\"@type\":\"Organization\",\"@id\":\"https:\/\/radioinfinitagoya.com.ar\/v1\/#organization\",\"name\":\"Radio Infinita Goya\",\"url\":\"https:\/\/radioinfinitagoya.com.ar\/v1\/\",\"logo\":{\"@type\":\"ImageObject\",\"inLanguage\":\"es-AR\",\"@id\":\"https:\/\/radioinfinitagoya.com.ar\/v1\/#\/schema\/logo\/image\/\",\"url\":\"https:\/\/radioinfinitagoya.com.ar\/v1\/wp-content\/uploads\/2019\/11\/logo-pie-web.png\",\"contentUrl\":\"https:\/\/radioinfinitagoya.com.ar\/v1\/wp-content\/uploads\/2019\/11\/logo-pie-web.png\",\"width\":635,\"height\":326,\"caption\":\"Radio Infinita Goya\"},\"image\":{\"@id\":\"https:\/\/radioinfinitagoya.com.ar\/v1\/#\/schema\/logo\/image\/\"},\"sameAs\":[\"https:\/\/www.facebook.com\/p\/Infinita-Goya-100063870918311\/\"]},{\"@type\":\"Person\",\"@id\":\"https:\/\/radioinfinitagoya.com.ar\/v1\/#\/schema\/person\/d4cf9c413d4f6edb24aabdccab49ca4a\",\"name\":\"Jorge Mi\u00f1o\",\"image\":{\"@type\":\"ImageObject\",\"inLanguage\":\"es-AR\",\"@id\":\"https:\/\/secure.gravatar.com\/avatar\/910fcf6728fe95320e07a6643c1581fec1c7fc4bf8ae12e3d8f0d0373dc844be?s=96&d=mm&r=g\",\"url\":\"https:\/\/secure.gravatar.com\/avatar\/910fcf6728fe95320e07a6643c1581fec1c7fc4bf8ae12e3d8f0d0373dc844be?s=96&d=mm&r=g\",\"contentUrl\":\"https:\/\/secure.gravatar.com\/avatar\/910fcf6728fe95320e07a6643c1581fec1c7fc4bf8ae12e3d8f0d0373dc844be?s=96&d=mm&r=g\",\"caption\":\"Jorge Mi\u00f1o\"},\"sameAs\":[\"http:\/\/radioinfinitagoya.com.ar\"]}]}<\/script>\n<!-- \/ Yoast SEO plugin. -->","yoast_head_json":{"title":"Elecciones 2025, Brusca ca\u00edda de la participaci\u00f3n: fue del 66% - Radio Infinita Goya","description":"Y m\u00e1s de 12 millones de argentinos no fueron a votar Ning\u00fan analista esperaba para esta elecci\u00f3n una participaci\u00f3n r\u00e9cord. Los n\u00fameros de hoy siguen la","robots":{"index":"index","follow":"follow","max-snippet":"max-snippet:-1","max-image-preview":"max-image-preview:large","max-video-preview":"max-video-preview:-1"},"canonical":"https:\/\/radioinfinitagoya.com.ar\/v1\/2025\/10\/26\/elecciones-2025-brusca-caida-de-la-participacion-fue-del-66\/","og_locale":"es_ES","og_type":"article","og_title":"Elecciones 2025, Brusca ca\u00edda de la participaci\u00f3n: fue del 66% - Radio Infinita Goya","og_description":"Y m\u00e1s de 12 millones de argentinos no fueron a votar Ning\u00fan analista esperaba para esta elecci\u00f3n una participaci\u00f3n r\u00e9cord. Los n\u00fameros de hoy siguen la","og_url":"https:\/\/radioinfinitagoya.com.ar\/v1\/2025\/10\/26\/elecciones-2025-brusca-caida-de-la-participacion-fue-del-66\/","og_site_name":"Radio Infinita Goya","article_publisher":"https:\/\/www.facebook.com\/p\/Infinita-Goya-100063870918311\/","article_published_time":"2025-10-26T21:30:21+00:00","author":"Jorge Mi\u00f1o","twitter_card":"summary_large_image","twitter_misc":{"Escrito por":"Jorge Mi\u00f1o","Tiempo de lectura":"4 minutos"},"schema":{"@context":"https:\/\/schema.org","@graph":[{"@type":"Article","@id":"https:\/\/radioinfinitagoya.com.ar\/v1\/2025\/10\/26\/elecciones-2025-brusca-caida-de-la-participacion-fue-del-66\/#article","isPartOf":{"@id":"https:\/\/radioinfinitagoya.com.ar\/v1\/2025\/10\/26\/elecciones-2025-brusca-caida-de-la-participacion-fue-del-66\/"},"author":{"name":"Jorge Mi\u00f1o","@id":"https:\/\/radioinfinitagoya.com.ar\/v1\/#\/schema\/person\/d4cf9c413d4f6edb24aabdccab49ca4a"},"headline":"Elecciones 2025, Brusca ca\u00edda de la participaci\u00f3n: fue del 66%","datePublished":"2025-10-26T21:30:21+00:00","mainEntityOfPage":{"@id":"https:\/\/radioinfinitagoya.com.ar\/v1\/2025\/10\/26\/elecciones-2025-brusca-caida-de-la-participacion-fue-del-66\/"},"wordCount":832,"publisher":{"@id":"https:\/\/radioinfinitagoya.com.ar\/v1\/#organization"},"image":{"@id":"https:\/\/radioinfinitagoya.com.ar\/v1\/2025\/10\/26\/elecciones-2025-brusca-caida-de-la-participacion-fue-del-66\/#primaryimage"},"thumbnailUrl":"https:\/\/radioinfinitagoya.com.ar\/v1\/wp-content\/uploads\/2025\/10\/W3Q2PX7D6FHVLGTLSGUXIS5FK4.avif","articleSection":["DESTACADOS"],"inLanguage":"es-AR"},{"@type":"WebPage","@id":"https:\/\/radioinfinitagoya.com.ar\/v1\/2025\/10\/26\/elecciones-2025-brusca-caida-de-la-participacion-fue-del-66\/","url":"https:\/\/radioinfinitagoya.com.ar\/v1\/2025\/10\/26\/elecciones-2025-brusca-caida-de-la-participacion-fue-del-66\/","name":"Elecciones 2025, Brusca ca\u00edda de la participaci\u00f3n: fue del 66% - Radio Infinita Goya","isPartOf":{"@id":"https:\/\/radioinfinitagoya.com.ar\/v1\/#website"},"primaryImageOfPage":{"@id":"https:\/\/radioinfinitagoya.com.ar\/v1\/2025\/10\/26\/elecciones-2025-brusca-caida-de-la-participacion-fue-del-66\/#primaryimage"},"image":{"@id":"https:\/\/radioinfinitagoya.com.ar\/v1\/2025\/10\/26\/elecciones-2025-brusca-caida-de-la-participacion-fue-del-66\/#primaryimage"},"thumbnailUrl":"https:\/\/radioinfinitagoya.com.ar\/v1\/wp-content\/uploads\/2025\/10\/W3Q2PX7D6FHVLGTLSGUXIS5FK4.avif","datePublished":"2025-10-26T21:30:21+00:00","description":"Y m\u00e1s de 12 millones de argentinos no fueron a votar Ning\u00fan analista esperaba para esta elecci\u00f3n una participaci\u00f3n r\u00e9cord. Los n\u00fameros de hoy siguen la","breadcrumb":{"@id":"https:\/\/radioinfinitagoya.com.ar\/v1\/2025\/10\/26\/elecciones-2025-brusca-caida-de-la-participacion-fue-del-66\/#breadcrumb"},"inLanguage":"es-AR","potentialAction":[{"@type":"ReadAction","target":["https:\/\/radioinfinitagoya.com.ar\/v1\/2025\/10\/26\/elecciones-2025-brusca-caida-de-la-participacion-fue-del-66\/"]}]},{"@type":"ImageObject","inLanguage":"es-AR","@id":"https:\/\/radioinfinitagoya.com.ar\/v1\/2025\/10\/26\/elecciones-2025-brusca-caida-de-la-participacion-fue-del-66\/#primaryimage","url":"https:\/\/radioinfinitagoya.com.ar\/v1\/wp-content\/uploads\/2025\/10\/W3Q2PX7D6FHVLGTLSGUXIS5FK4.avif","contentUrl":"https:\/\/radioinfinitagoya.com.ar\/v1\/wp-content\/uploads\/2025\/10\/W3Q2PX7D6FHVLGTLSGUXIS5FK4.avif","width":992,"height":558},{"@type":"BreadcrumbList","@id":"https:\/\/radioinfinitagoya.com.ar\/v1\/2025\/10\/26\/elecciones-2025-brusca-caida-de-la-participacion-fue-del-66\/#breadcrumb","itemListElement":[{"@type":"ListItem","position":1,"name":"Inicio","item":"https:\/\/radioinfinitagoya.com.ar\/v1\/"},{"@type":"ListItem","position":2,"name":"Elecciones 2025, Brusca ca\u00edda de la participaci\u00f3n: fue del 66%"}]},{"@type":"WebSite","@id":"https:\/\/radioinfinitagoya.com.ar\/v1\/#website","url":"https:\/\/radioinfinitagoya.com.ar\/v1\/","name":"radioinfinitagoya.com.ar","description":"Radio de noticias","publisher":{"@id":"https:\/\/radioinfinitagoya.com.ar\/v1\/#organization"},"potentialAction":[{"@type":"SearchAction","target":{"@type":"EntryPoint","urlTemplate":"https:\/\/radioinfinitagoya.com.ar\/v1\/?s={search_term_string}"},"query-input":{"@type":"PropertyValueSpecification","valueRequired":true,"valueName":"search_term_string"}}],"inLanguage":"es-AR"},{"@type":"Organization","@id":"https:\/\/radioinfinitagoya.com.ar\/v1\/#organization","name":"Radio Infinita Goya","url":"https:\/\/radioinfinitagoya.com.ar\/v1\/","logo":{"@type":"ImageObject","inLanguage":"es-AR","@id":"https:\/\/radioinfinitagoya.com.ar\/v1\/#\/schema\/logo\/image\/","url":"https:\/\/radioinfinitagoya.com.ar\/v1\/wp-content\/uploads\/2019\/11\/logo-pie-web.png","contentUrl":"https:\/\/radioinfinitagoya.com.ar\/v1\/wp-content\/uploads\/2019\/11\/logo-pie-web.png","width":635,"height":326,"caption":"Radio Infinita Goya"},"image":{"@id":"https:\/\/radioinfinitagoya.com.ar\/v1\/#\/schema\/logo\/image\/"},"sameAs":["https:\/\/www.facebook.com\/p\/Infinita-Goya-100063870918311\/"]},{"@type":"Person","@id":"https:\/\/radioinfinitagoya.com.ar\/v1\/#\/schema\/person\/d4cf9c413d4f6edb24aabdccab49ca4a","name":"Jorge Mi\u00f1o","image":{"@type":"ImageObject","inLanguage":"es-AR","@id":"https:\/\/secure.gravatar.com\/avatar\/910fcf6728fe95320e07a6643c1581fec1c7fc4bf8ae12e3d8f0d0373dc844be?s=96&d=mm&r=g","url":"https:\/\/secure.gravatar.com\/avatar\/910fcf6728fe95320e07a6643c1581fec1c7fc4bf8ae12e3d8f0d0373dc844be?s=96&d=mm&r=g","contentUrl":"https:\/\/secure.gravatar.com\/avatar\/910fcf6728fe95320e07a6643c1581fec1c7fc4bf8ae12e3d8f0d0373dc844be?s=96&d=mm&r=g","caption":"Jorge Mi\u00f1o"},"sameAs":["http:\/\/radioinfinitagoya.com.ar"]}]}},"_links":{"self":[{"href":"https:\/\/radioinfinitagoya.com.ar\/v1\/wp-json\/wp\/v2\/posts\/198279","targetHints":{"allow":["GET"]}}],"collection":[{"href":"https:\/\/radioinfinitagoya.com.ar\/v1\/wp-json\/wp\/v2\/posts"}],"about":[{"href":"https:\/\/radioinfinitagoya.com.ar\/v1\/wp-json\/wp\/v2\/types\/post"}],"author":[{"embeddable":true,"href":"https:\/\/radioinfinitagoya.com.ar\/v1\/wp-json\/wp\/v2\/users\/4"}],"replies":[{"embeddable":true,"href":"https:\/\/radioinfinitagoya.com.ar\/v1\/wp-json\/wp\/v2\/comments?post=198279"}],"version-history":[{"count":0,"href":"https:\/\/radioinfinitagoya.com.ar\/v1\/wp-json\/wp\/v2\/posts\/198279\/revisions"}],"wp:featuredmedia":[{"embeddable":true,"href":"https:\/\/radioinfinitagoya.com.ar\/v1\/wp-json\/wp\/v2\/media\/198280"}],"wp:attachment":[{"href":"https:\/\/radioinfinitagoya.com.ar\/v1\/wp-json\/wp\/v2\/media?parent=198279"}],"wp:term":[{"taxonomy":"category","embeddable":true,"href":"https:\/\/radioinfinitagoya.com.ar\/v1\/wp-json\/wp\/v2\/categories?post=198279"},{"taxonomy":"post_tag","embeddable":true,"href":"https:\/\/radioinfinitagoya.com.ar\/v1\/wp-json\/wp\/v2\/tags?post=198279"}],"curies":[{"name":"wp","href":"https:\/\/api.w.org\/{rel}","templated":true}]}}