{"id":198283,"date":"2025-10-26T21:32:33","date_gmt":"2025-10-27T00:32:33","guid":{"rendered":"https:\/\/radioinfinitagoya.com.ar\/v1\/?p=198283"},"modified":"2025-10-26T21:32:33","modified_gmt":"2025-10-27T00:32:33","slug":"categorico-triunfo-de-la-libertad-avanza-gana-en-la-provincia-de-buenos-aires","status":"publish","type":"post","link":"https:\/\/radioinfinitagoya.com.ar\/v1\/2025\/10\/26\/categorico-triunfo-de-la-libertad-avanza-gana-en-la-provincia-de-buenos-aires\/","title":{"rendered":"Categ\u00f3rico triunfo de La Libertad Avanza: gana en la provincia de Buenos Aires"},"content":{"rendered":"<p>Y obtiene m\u00e1s del 40% de los votos en todo el pa\u00eds<\/p>\n<p>El oficialismo obtiene un fuerte respaldo en las urnas, incluso en la provincia de Buenos Aires, donde hace menos de dos meses hab\u00eda perdido por m\u00e1s 14 puntos. El Presidente iniciar\u00e1 la segunda etapa de su mandato con un mayor respaldo en el Congreso y ox\u00edgeno para realizar los cambios de Gabinete<\/p>\n<p><img loading=\"lazy\" decoding=\"async\" class=\"alignnone size-medium wp-image-198286\" src=\"https:\/\/radioinfinitagoya.com.ar\/v1\/wp-content\/uploads\/2025\/10\/HS5YRQYUSRBGBJBV4JEH5V3VN4.avif\" alt=\"\" width=\"992\" height=\"661\" srcset=\"https:\/\/radioinfinitagoya.com.ar\/v1\/wp-content\/uploads\/2025\/10\/HS5YRQYUSRBGBJBV4JEH5V3VN4.avif 992w, https:\/\/radioinfinitagoya.com.ar\/v1\/wp-content\/uploads\/2025\/10\/HS5YRQYUSRBGBJBV4JEH5V3VN4-630x420.jpg 630w, https:\/\/radioinfinitagoya.com.ar\/v1\/wp-content\/uploads\/2025\/10\/HS5YRQYUSRBGBJBV4JEH5V3VN4-696x464.jpg 696w\" sizes=\"auto, (max-width: 992px) 100vw, 992px\" \/><\/p>\n<p>El Gobierno obtuvo un fuerte respaldo y gan\u00f3 las elecciones nacionales legislativas 2025. Con m\u00e1s del 90% de las mesas escrutadas, el jefe de Gabinete, Guillermo Francos, inform\u00f3 que la Libertad Avanza obtuvo el 40,84% de los votos.<\/p>\n<p>La mayor sorpresa se registr\u00f3 en la provincia de Buenos Aires, donde la lista encabezada por Diego Santilli supera a la del peronismo, que hace apenas un mes y medio hab\u00eda ganado las elecciones locales por 14 puntos de diferencia.<\/p>\n<p>Para entender la amplia victoria del oficialismo, hay que desgranar el resultado provincia por provincia. En rigor, las legislativas son 24 elecciones en una.<\/p>\n<p>Si se compara el resultado con las expectativas de los \u00faltimos meses, durante los cuales el Gobierno atraves\u00f3 esc\u00e1ndalos de corrupci\u00f3n y sufri\u00f3 incertidumbre financiera provocada por el resultado en PBA, el escrutinio de esta noche representa una fuerte dosis de ox\u00edgeno para La Libertad Avanza.<\/p>\n<p>La semana pasada, el presidente Javier Milei hab\u00eda sido consultado sobre qu\u00e9 consideraba un buen resultado para este domingo y contest\u00f3 que buscaba lograr el tercio de legisladores propios en la C\u00e1mara de Diputados que le permitiera blindar sus decisiones. De no haber grandes cambios con respecto a los primeros datos oficiales, el objetivo ser\u00e1 superado.<\/p>\n<p>Luego de esta victoria, el Presidente podr\u00e1 rearmar su Gabinete con mayor tranquilidad. Al igual que en el f\u00fatbol, siempre es mejor corregir errores para un equipo ganador que para uno que viene cayendo por goleada todos los partidos.<\/p>\n<p>M\u00e1s all\u00e1 de la victoria, la pol\u00edtica y los mercados esperan definiciones no s\u00f3lo de los nombres que integrar\u00e1n el equipo de Gobierno a partir de ma\u00f1ana, sino tambi\u00e9n del rumbo que tendr\u00e1 la gesti\u00f3n y la econom\u00eda.<\/p>\n<p>El Presidente deber\u00e1 afrontar adem\u00e1s un desaf\u00edo interno: apaciguar las diferencias en su entorno, especialmente entre sus \u201csocios\u201d del Tri\u00e1ngulo de Hierro, la secretaria Legal Karina Milei y el asesor Santiago Caputo.<\/p>\n<p>Una primera foto de la victoria violeta mostr\u00f3 hoy a Karina Milei en un rol inusual, como vocera en la puerta del Hotel Libertador junto al presidente de la C\u00e1mara de Diputados, Mart\u00edn Menem. Ambos hab\u00edan sido se\u00f1alados p\u00fablicamente por la oposici\u00f3n por el esc\u00e1ndalo en la Agencia de Discapacidad.<\/p>\n<p>A la par de los primeros datos oficiales, surgieron rumores que indican que la salida de Guillermo Francos de la Jefatura de Gabinete es un hecho y la hermana del Presidente ser\u00e1 determinante para elegir a su sucesor.<\/p>\n<p>Minutos m\u00e1s tarde se pudo ver a un confiado ministro de Econom\u00eda, Luis Caputo, que lleg\u00f3 a la sede de campa\u00f1a regalando fotos y abrazos. Su rol fue determinante en las \u00faltimas semanas, especialmente en las negociaciones con los Estados Unidos, cuyo gobierno tuvo un rol decisivo para evitar una escalada del precio del d\u00f3lar. \u201cToto\u201d era uno de los dirigentes que en la votaci\u00f3n de esta tarde tambi\u00e9n se jugaba mucho.<\/p>\n<p>Las claves de la victoria<br \/>\nEsta noche en el b\u00fanker de campa\u00f1a analizaban cu\u00e1les fueron los principales factores que llevaron al oficialismo a revertir la imagen luego de un a\u00f1o en el que no le hab\u00eda ido bien en las elecciones provinciales.<\/p>\n<p>Santiago Caputo, a cargo de la estrategia, detall\u00f3 una hoja de ruta en la que apunt\u00f3 a recuperar la \u00e9pica de la victoria de 2023, sumar territorialidad con la presencia del propio Milei en las provincias, revitalizar el v\u00ednculo con la juventud y la agrupaci\u00f3n Las Fuerzas del Cielo y cambiar el discurso a partir de una mayor empat\u00eda con la ciudadan\u00eda que realiz\u00f3 el mayor esfuerzo del ajuste econ\u00f3mico.<\/p>\n<p>\u201cEl gran click de la campa\u00f1a fue impulsar la salida de Espert a cambio de Santillo en la provincia de Buenos Aires, a menos de 18 d\u00edas de la elecci\u00f3n. Esa decisi\u00f3n fue adoptada en conjunto por Karina Milei y Santiago Caputo\u201d, valoraban en los pasillos del Hotel Libertador.<\/p>\n<p>Adem\u00e1s de los nombres de Caputo, Karina Milei y Santilli, esta noche valoraban el rol de Pilar Ram\u00edrez, quien durante la campa\u00f1a estuvo a cargo de la coordinaci\u00f3n pol\u00edtica nacional.<\/p>\n<p>El peronismo pondr\u00e1 a prueba la unidad<br \/>\nPara el peronismo, la derrota fue inesperada. Si bien Cristina Kirchner se opuso desde un principio al desdoblamiento electoral en PBA, ni el m\u00e1s pesimista se imaginaba una diferencia tan amplia a nivel nacional. Mucho menos una derrota en la provincia de Buenos Aires.<\/p>\n<p>CFK fue quien dise\u00f1\u00f3 la mayor\u00eda de las listas que compitieron hoy, especialmente la de la provincia de Buenos Aires, donde es evidente que el gobernador Axel Kicillof y los intendentes no aportaron la misma cantidad de votos que en septiembre. Es l\u00f3gico pensar entonces que el resultado de hoy pondr\u00e1 a prueba la unidad.<\/p>\n<p>Provincias Unidas, el sello que quer\u00eda romper con la polarizaci\u00f3n y presentarse como alternativa de poder para el 2027, tuvo un debut fallido en las urnas. Las derrotas de Juan Schiaretti en C\u00f3rdoba, Maximiliano Pullaro en Santa e Ignacio Torres en Chubut son una muestra de ello.<\/p>\n","protected":false},"excerpt":{"rendered":"<p>Y obtiene m\u00e1s del 40% de los votos en todo el pa\u00eds El oficialismo obtiene un fuerte respaldo en las urnas, incluso en la provincia de Buenos Aires, donde hace menos de dos meses hab\u00eda perdido por m\u00e1s 14 puntos. El Presidente iniciar\u00e1 la segunda etapa de su mandato con un mayor respaldo en el [&hellip;]<\/p>\n","protected":false},"author":4,"featured_media":198284,"comment_status":"closed","ping_status":"closed","sticky":false,"template":"","format":"standard","meta":{"_joinchat":[],"footnotes":""},"categories":[34],"tags":[],"class_list":{"0":"post-198283","1":"post","2":"type-post","3":"status-publish","4":"format-standard","5":"has-post-thumbnail","7":"category-principal"},"yoast_head":"<!-- This site is optimized with the Yoast SEO plugin v27.2 - https:\/\/yoast.com\/product\/yoast-seo-wordpress\/ -->\n<title>Categ\u00f3rico triunfo de La Libertad Avanza: gana en la provincia de Buenos Aires - Radio Infinita Goya<\/title>\n<meta name=\"description\" content=\"Y obtiene m\u00e1s del 40% de los votos en todo el pa\u00eds El oficialismo obtiene un fuerte respaldo en las urnas, incluso en la provincia de Buenos Aires, donde\" \/>\n<meta name=\"robots\" content=\"index, follow, max-snippet:-1, max-image-preview:large, max-video-preview:-1\" \/>\n<link rel=\"canonical\" href=\"https:\/\/radioinfinitagoya.com.ar\/v1\/2025\/10\/26\/categorico-triunfo-de-la-libertad-avanza-gana-en-la-provincia-de-buenos-aires\/\" \/>\n<meta property=\"og:locale\" content=\"es_ES\" \/>\n<meta property=\"og:type\" content=\"article\" \/>\n<meta property=\"og:title\" content=\"Categ\u00f3rico triunfo de La Libertad Avanza: gana en la provincia de Buenos Aires - Radio Infinita Goya\" \/>\n<meta property=\"og:description\" content=\"Y obtiene m\u00e1s del 40% de los votos en todo el pa\u00eds El oficialismo obtiene un fuerte respaldo en las urnas, incluso en la provincia de Buenos Aires, donde\" \/>\n<meta property=\"og:url\" content=\"https:\/\/radioinfinitagoya.com.ar\/v1\/2025\/10\/26\/categorico-triunfo-de-la-libertad-avanza-gana-en-la-provincia-de-buenos-aires\/\" \/>\n<meta property=\"og:site_name\" content=\"Radio Infinita Goya\" \/>\n<meta property=\"article:publisher\" content=\"https:\/\/www.facebook.com\/p\/Infinita-Goya-100063870918311\/\" \/>\n<meta property=\"article:published_time\" content=\"2025-10-27T00:32:33+00:00\" \/>\n<meta name=\"author\" content=\"Jorge Mi\u00f1o\" \/>\n<meta name=\"twitter:card\" content=\"summary_large_image\" \/>\n<meta name=\"twitter:label1\" content=\"Escrito por\" \/>\n\t<meta name=\"twitter:data1\" content=\"Jorge Mi\u00f1o\" \/>\n\t<meta name=\"twitter:label2\" content=\"Tiempo de lectura\" \/>\n\t<meta name=\"twitter:data2\" content=\"5 minutos\" \/>\n<script type=\"application\/ld+json\" class=\"yoast-schema-graph\">{\"@context\":\"https:\/\/schema.org\",\"@graph\":[{\"@type\":\"Article\",\"@id\":\"https:\/\/radioinfinitagoya.com.ar\/v1\/2025\/10\/26\/categorico-triunfo-de-la-libertad-avanza-gana-en-la-provincia-de-buenos-aires\/#article\",\"isPartOf\":{\"@id\":\"https:\/\/radioinfinitagoya.com.ar\/v1\/2025\/10\/26\/categorico-triunfo-de-la-libertad-avanza-gana-en-la-provincia-de-buenos-aires\/\"},\"author\":{\"name\":\"Jorge Mi\u00f1o\",\"@id\":\"https:\/\/radioinfinitagoya.com.ar\/v1\/#\/schema\/person\/d4cf9c413d4f6edb24aabdccab49ca4a\"},\"headline\":\"Categ\u00f3rico triunfo de La Libertad Avanza: gana en la provincia de Buenos Aires\",\"datePublished\":\"2025-10-27T00:32:33+00:00\",\"mainEntityOfPage\":{\"@id\":\"https:\/\/radioinfinitagoya.com.ar\/v1\/2025\/10\/26\/categorico-triunfo-de-la-libertad-avanza-gana-en-la-provincia-de-buenos-aires\/\"},\"wordCount\":947,\"publisher\":{\"@id\":\"https:\/\/radioinfinitagoya.com.ar\/v1\/#organization\"},\"image\":{\"@id\":\"https:\/\/radioinfinitagoya.com.ar\/v1\/2025\/10\/26\/categorico-triunfo-de-la-libertad-avanza-gana-en-la-provincia-de-buenos-aires\/#primaryimage\"},\"thumbnailUrl\":\"https:\/\/radioinfinitagoya.com.ar\/v1\/wp-content\/uploads\/2025\/10\/N3P57Q3U2NH67LYUWWMALVSUJQ.avif\",\"articleSection\":[\"PRINCIPAL\"],\"inLanguage\":\"es-AR\"},{\"@type\":\"WebPage\",\"@id\":\"https:\/\/radioinfinitagoya.com.ar\/v1\/2025\/10\/26\/categorico-triunfo-de-la-libertad-avanza-gana-en-la-provincia-de-buenos-aires\/\",\"url\":\"https:\/\/radioinfinitagoya.com.ar\/v1\/2025\/10\/26\/categorico-triunfo-de-la-libertad-avanza-gana-en-la-provincia-de-buenos-aires\/\",\"name\":\"Categ\u00f3rico triunfo de La Libertad Avanza: gana en la provincia de Buenos Aires - Radio Infinita Goya\",\"isPartOf\":{\"@id\":\"https:\/\/radioinfinitagoya.com.ar\/v1\/#website\"},\"primaryImageOfPage\":{\"@id\":\"https:\/\/radioinfinitagoya.com.ar\/v1\/2025\/10\/26\/categorico-triunfo-de-la-libertad-avanza-gana-en-la-provincia-de-buenos-aires\/#primaryimage\"},\"image\":{\"@id\":\"https:\/\/radioinfinitagoya.com.ar\/v1\/2025\/10\/26\/categorico-triunfo-de-la-libertad-avanza-gana-en-la-provincia-de-buenos-aires\/#primaryimage\"},\"thumbnailUrl\":\"https:\/\/radioinfinitagoya.com.ar\/v1\/wp-content\/uploads\/2025\/10\/N3P57Q3U2NH67LYUWWMALVSUJQ.avif\",\"datePublished\":\"2025-10-27T00:32:33+00:00\",\"description\":\"Y obtiene m\u00e1s del 40% de los votos en todo el pa\u00eds El oficialismo obtiene un fuerte respaldo en las urnas, incluso en la provincia de Buenos Aires, donde\",\"breadcrumb\":{\"@id\":\"https:\/\/radioinfinitagoya.com.ar\/v1\/2025\/10\/26\/categorico-triunfo-de-la-libertad-avanza-gana-en-la-provincia-de-buenos-aires\/#breadcrumb\"},\"inLanguage\":\"es-AR\",\"potentialAction\":[{\"@type\":\"ReadAction\",\"target\":[\"https:\/\/radioinfinitagoya.com.ar\/v1\/2025\/10\/26\/categorico-triunfo-de-la-libertad-avanza-gana-en-la-provincia-de-buenos-aires\/\"]}]},{\"@type\":\"ImageObject\",\"inLanguage\":\"es-AR\",\"@id\":\"https:\/\/radioinfinitagoya.com.ar\/v1\/2025\/10\/26\/categorico-triunfo-de-la-libertad-avanza-gana-en-la-provincia-de-buenos-aires\/#primaryimage\",\"url\":\"https:\/\/radioinfinitagoya.com.ar\/v1\/wp-content\/uploads\/2025\/10\/N3P57Q3U2NH67LYUWWMALVSUJQ.avif\",\"contentUrl\":\"https:\/\/radioinfinitagoya.com.ar\/v1\/wp-content\/uploads\/2025\/10\/N3P57Q3U2NH67LYUWWMALVSUJQ.avif\",\"width\":992,\"height\":662},{\"@type\":\"BreadcrumbList\",\"@id\":\"https:\/\/radioinfinitagoya.com.ar\/v1\/2025\/10\/26\/categorico-triunfo-de-la-libertad-avanza-gana-en-la-provincia-de-buenos-aires\/#breadcrumb\",\"itemListElement\":[{\"@type\":\"ListItem\",\"position\":1,\"name\":\"Inicio\",\"item\":\"https:\/\/radioinfinitagoya.com.ar\/v1\/\"},{\"@type\":\"ListItem\",\"position\":2,\"name\":\"Categ\u00f3rico triunfo de La Libertad Avanza: gana en la provincia de Buenos Aires\"}]},{\"@type\":\"WebSite\",\"@id\":\"https:\/\/radioinfinitagoya.com.ar\/v1\/#website\",\"url\":\"https:\/\/radioinfinitagoya.com.ar\/v1\/\",\"name\":\"radioinfinitagoya.com.ar\",\"description\":\"Radio de noticias\",\"publisher\":{\"@id\":\"https:\/\/radioinfinitagoya.com.ar\/v1\/#organization\"},\"potentialAction\":[{\"@type\":\"SearchAction\",\"target\":{\"@type\":\"EntryPoint\",\"urlTemplate\":\"https:\/\/radioinfinitagoya.com.ar\/v1\/?s={search_term_string}\"},\"query-input\":{\"@type\":\"PropertyValueSpecification\",\"valueRequired\":true,\"valueName\":\"search_term_string\"}}],\"inLanguage\":\"es-AR\"},{\"@type\":\"Organization\",\"@id\":\"https:\/\/radioinfinitagoya.com.ar\/v1\/#organization\",\"name\":\"Radio Infinita Goya\",\"url\":\"https:\/\/radioinfinitagoya.com.ar\/v1\/\",\"logo\":{\"@type\":\"ImageObject\",\"inLanguage\":\"es-AR\",\"@id\":\"https:\/\/radioinfinitagoya.com.ar\/v1\/#\/schema\/logo\/image\/\",\"url\":\"https:\/\/radioinfinitagoya.com.ar\/v1\/wp-content\/uploads\/2019\/11\/logo-pie-web.png\",\"contentUrl\":\"https:\/\/radioinfinitagoya.com.ar\/v1\/wp-content\/uploads\/2019\/11\/logo-pie-web.png\",\"width\":635,\"height\":326,\"caption\":\"Radio Infinita Goya\"},\"image\":{\"@id\":\"https:\/\/radioinfinitagoya.com.ar\/v1\/#\/schema\/logo\/image\/\"},\"sameAs\":[\"https:\/\/www.facebook.com\/p\/Infinita-Goya-100063870918311\/\"]},{\"@type\":\"Person\",\"@id\":\"https:\/\/radioinfinitagoya.com.ar\/v1\/#\/schema\/person\/d4cf9c413d4f6edb24aabdccab49ca4a\",\"name\":\"Jorge Mi\u00f1o\",\"image\":{\"@type\":\"ImageObject\",\"inLanguage\":\"es-AR\",\"@id\":\"https:\/\/secure.gravatar.com\/avatar\/910fcf6728fe95320e07a6643c1581fec1c7fc4bf8ae12e3d8f0d0373dc844be?s=96&d=mm&r=g\",\"url\":\"https:\/\/secure.gravatar.com\/avatar\/910fcf6728fe95320e07a6643c1581fec1c7fc4bf8ae12e3d8f0d0373dc844be?s=96&d=mm&r=g\",\"contentUrl\":\"https:\/\/secure.gravatar.com\/avatar\/910fcf6728fe95320e07a6643c1581fec1c7fc4bf8ae12e3d8f0d0373dc844be?s=96&d=mm&r=g\",\"caption\":\"Jorge Mi\u00f1o\"},\"sameAs\":[\"http:\/\/radioinfinitagoya.com.ar\"]}]}<\/script>\n<!-- \/ Yoast SEO plugin. -->","yoast_head_json":{"title":"Categ\u00f3rico triunfo de La Libertad Avanza: gana en la provincia de Buenos Aires - Radio Infinita Goya","description":"Y obtiene m\u00e1s del 40% de los votos en todo el pa\u00eds El oficialismo obtiene un fuerte respaldo en las urnas, incluso en la provincia de Buenos Aires, donde","robots":{"index":"index","follow":"follow","max-snippet":"max-snippet:-1","max-image-preview":"max-image-preview:large","max-video-preview":"max-video-preview:-1"},"canonical":"https:\/\/radioinfinitagoya.com.ar\/v1\/2025\/10\/26\/categorico-triunfo-de-la-libertad-avanza-gana-en-la-provincia-de-buenos-aires\/","og_locale":"es_ES","og_type":"article","og_title":"Categ\u00f3rico triunfo de La Libertad Avanza: gana en la provincia de Buenos Aires - Radio Infinita Goya","og_description":"Y obtiene m\u00e1s del 40% de los votos en todo el pa\u00eds El oficialismo obtiene un fuerte respaldo en las urnas, incluso en la provincia de Buenos Aires, donde","og_url":"https:\/\/radioinfinitagoya.com.ar\/v1\/2025\/10\/26\/categorico-triunfo-de-la-libertad-avanza-gana-en-la-provincia-de-buenos-aires\/","og_site_name":"Radio Infinita Goya","article_publisher":"https:\/\/www.facebook.com\/p\/Infinita-Goya-100063870918311\/","article_published_time":"2025-10-27T00:32:33+00:00","author":"Jorge Mi\u00f1o","twitter_card":"summary_large_image","twitter_misc":{"Escrito por":"Jorge Mi\u00f1o","Tiempo de lectura":"5 minutos"},"schema":{"@context":"https:\/\/schema.org","@graph":[{"@type":"Article","@id":"https:\/\/radioinfinitagoya.com.ar\/v1\/2025\/10\/26\/categorico-triunfo-de-la-libertad-avanza-gana-en-la-provincia-de-buenos-aires\/#article","isPartOf":{"@id":"https:\/\/radioinfinitagoya.com.ar\/v1\/2025\/10\/26\/categorico-triunfo-de-la-libertad-avanza-gana-en-la-provincia-de-buenos-aires\/"},"author":{"name":"Jorge Mi\u00f1o","@id":"https:\/\/radioinfinitagoya.com.ar\/v1\/#\/schema\/person\/d4cf9c413d4f6edb24aabdccab49ca4a"},"headline":"Categ\u00f3rico triunfo de La Libertad Avanza: gana en la provincia de Buenos Aires","datePublished":"2025-10-27T00:32:33+00:00","mainEntityOfPage":{"@id":"https:\/\/radioinfinitagoya.com.ar\/v1\/2025\/10\/26\/categorico-triunfo-de-la-libertad-avanza-gana-en-la-provincia-de-buenos-aires\/"},"wordCount":947,"publisher":{"@id":"https:\/\/radioinfinitagoya.com.ar\/v1\/#organization"},"image":{"@id":"https:\/\/radioinfinitagoya.com.ar\/v1\/2025\/10\/26\/categorico-triunfo-de-la-libertad-avanza-gana-en-la-provincia-de-buenos-aires\/#primaryimage"},"thumbnailUrl":"https:\/\/radioinfinitagoya.com.ar\/v1\/wp-content\/uploads\/2025\/10\/N3P57Q3U2NH67LYUWWMALVSUJQ.avif","articleSection":["PRINCIPAL"],"inLanguage":"es-AR"},{"@type":"WebPage","@id":"https:\/\/radioinfinitagoya.com.ar\/v1\/2025\/10\/26\/categorico-triunfo-de-la-libertad-avanza-gana-en-la-provincia-de-buenos-aires\/","url":"https:\/\/radioinfinitagoya.com.ar\/v1\/2025\/10\/26\/categorico-triunfo-de-la-libertad-avanza-gana-en-la-provincia-de-buenos-aires\/","name":"Categ\u00f3rico triunfo de La Libertad Avanza: gana en la provincia de Buenos Aires - Radio Infinita Goya","isPartOf":{"@id":"https:\/\/radioinfinitagoya.com.ar\/v1\/#website"},"primaryImageOfPage":{"@id":"https:\/\/radioinfinitagoya.com.ar\/v1\/2025\/10\/26\/categorico-triunfo-de-la-libertad-avanza-gana-en-la-provincia-de-buenos-aires\/#primaryimage"},"image":{"@id":"https:\/\/radioinfinitagoya.com.ar\/v1\/2025\/10\/26\/categorico-triunfo-de-la-libertad-avanza-gana-en-la-provincia-de-buenos-aires\/#primaryimage"},"thumbnailUrl":"https:\/\/radioinfinitagoya.com.ar\/v1\/wp-content\/uploads\/2025\/10\/N3P57Q3U2NH67LYUWWMALVSUJQ.avif","datePublished":"2025-10-27T00:32:33+00:00","description":"Y obtiene m\u00e1s del 40% de los votos en todo el pa\u00eds El oficialismo obtiene un fuerte respaldo en las urnas, incluso en la provincia de Buenos Aires, donde","breadcrumb":{"@id":"https:\/\/radioinfinitagoya.com.ar\/v1\/2025\/10\/26\/categorico-triunfo-de-la-libertad-avanza-gana-en-la-provincia-de-buenos-aires\/#breadcrumb"},"inLanguage":"es-AR","potentialAction":[{"@type":"ReadAction","target":["https:\/\/radioinfinitagoya.com.ar\/v1\/2025\/10\/26\/categorico-triunfo-de-la-libertad-avanza-gana-en-la-provincia-de-buenos-aires\/"]}]},{"@type":"ImageObject","inLanguage":"es-AR","@id":"https:\/\/radioinfinitagoya.com.ar\/v1\/2025\/10\/26\/categorico-triunfo-de-la-libertad-avanza-gana-en-la-provincia-de-buenos-aires\/#primaryimage","url":"https:\/\/radioinfinitagoya.com.ar\/v1\/wp-content\/uploads\/2025\/10\/N3P57Q3U2NH67LYUWWMALVSUJQ.avif","contentUrl":"https:\/\/radioinfinitagoya.com.ar\/v1\/wp-content\/uploads\/2025\/10\/N3P57Q3U2NH67LYUWWMALVSUJQ.avif","width":992,"height":662},{"@type":"BreadcrumbList","@id":"https:\/\/radioinfinitagoya.com.ar\/v1\/2025\/10\/26\/categorico-triunfo-de-la-libertad-avanza-gana-en-la-provincia-de-buenos-aires\/#breadcrumb","itemListElement":[{"@type":"ListItem","position":1,"name":"Inicio","item":"https:\/\/radioinfinitagoya.com.ar\/v1\/"},{"@type":"ListItem","position":2,"name":"Categ\u00f3rico triunfo de La Libertad Avanza: gana en la provincia de Buenos Aires"}]},{"@type":"WebSite","@id":"https:\/\/radioinfinitagoya.com.ar\/v1\/#website","url":"https:\/\/radioinfinitagoya.com.ar\/v1\/","name":"radioinfinitagoya.com.ar","description":"Radio de noticias","publisher":{"@id":"https:\/\/radioinfinitagoya.com.ar\/v1\/#organization"},"potentialAction":[{"@type":"SearchAction","target":{"@type":"EntryPoint","urlTemplate":"https:\/\/radioinfinitagoya.com.ar\/v1\/?s={search_term_string}"},"query-input":{"@type":"PropertyValueSpecification","valueRequired":true,"valueName":"search_term_string"}}],"inLanguage":"es-AR"},{"@type":"Organization","@id":"https:\/\/radioinfinitagoya.com.ar\/v1\/#organization","name":"Radio Infinita Goya","url":"https:\/\/radioinfinitagoya.com.ar\/v1\/","logo":{"@type":"ImageObject","inLanguage":"es-AR","@id":"https:\/\/radioinfinitagoya.com.ar\/v1\/#\/schema\/logo\/image\/","url":"https:\/\/radioinfinitagoya.com.ar\/v1\/wp-content\/uploads\/2019\/11\/logo-pie-web.png","contentUrl":"https:\/\/radioinfinitagoya.com.ar\/v1\/wp-content\/uploads\/2019\/11\/logo-pie-web.png","width":635,"height":326,"caption":"Radio Infinita Goya"},"image":{"@id":"https:\/\/radioinfinitagoya.com.ar\/v1\/#\/schema\/logo\/image\/"},"sameAs":["https:\/\/www.facebook.com\/p\/Infinita-Goya-100063870918311\/"]},{"@type":"Person","@id":"https:\/\/radioinfinitagoya.com.ar\/v1\/#\/schema\/person\/d4cf9c413d4f6edb24aabdccab49ca4a","name":"Jorge Mi\u00f1o","image":{"@type":"ImageObject","inLanguage":"es-AR","@id":"https:\/\/secure.gravatar.com\/avatar\/910fcf6728fe95320e07a6643c1581fec1c7fc4bf8ae12e3d8f0d0373dc844be?s=96&d=mm&r=g","url":"https:\/\/secure.gravatar.com\/avatar\/910fcf6728fe95320e07a6643c1581fec1c7fc4bf8ae12e3d8f0d0373dc844be?s=96&d=mm&r=g","contentUrl":"https:\/\/secure.gravatar.com\/avatar\/910fcf6728fe95320e07a6643c1581fec1c7fc4bf8ae12e3d8f0d0373dc844be?s=96&d=mm&r=g","caption":"Jorge Mi\u00f1o"},"sameAs":["http:\/\/radioinfinitagoya.com.ar"]}]}},"_links":{"self":[{"href":"https:\/\/radioinfinitagoya.com.ar\/v1\/wp-json\/wp\/v2\/posts\/198283","targetHints":{"allow":["GET"]}}],"collection":[{"href":"https:\/\/radioinfinitagoya.com.ar\/v1\/wp-json\/wp\/v2\/posts"}],"about":[{"href":"https:\/\/radioinfinitagoya.com.ar\/v1\/wp-json\/wp\/v2\/types\/post"}],"author":[{"embeddable":true,"href":"https:\/\/radioinfinitagoya.com.ar\/v1\/wp-json\/wp\/v2\/users\/4"}],"replies":[{"embeddable":true,"href":"https:\/\/radioinfinitagoya.com.ar\/v1\/wp-json\/wp\/v2\/comments?post=198283"}],"version-history":[{"count":0,"href":"https:\/\/radioinfinitagoya.com.ar\/v1\/wp-json\/wp\/v2\/posts\/198283\/revisions"}],"wp:featuredmedia":[{"embeddable":true,"href":"https:\/\/radioinfinitagoya.com.ar\/v1\/wp-json\/wp\/v2\/media\/198284"}],"wp:attachment":[{"href":"https:\/\/radioinfinitagoya.com.ar\/v1\/wp-json\/wp\/v2\/media?parent=198283"}],"wp:term":[{"taxonomy":"category","embeddable":true,"href":"https:\/\/radioinfinitagoya.com.ar\/v1\/wp-json\/wp\/v2\/categories?post=198283"},{"taxonomy":"post_tag","embeddable":true,"href":"https:\/\/radioinfinitagoya.com.ar\/v1\/wp-json\/wp\/v2\/tags?post=198283"}],"curies":[{"name":"wp","href":"https:\/\/api.w.org\/{rel}","templated":true}]}}