{"id":198291,"date":"2025-10-27T17:17:32","date_gmt":"2025-10-27T20:17:32","guid":{"rendered":"https:\/\/radioinfinitagoya.com.ar\/v1\/?p=198291"},"modified":"2025-10-27T17:17:32","modified_gmt":"2025-10-27T20:17:32","slug":"cristian-olivetti-intendente-electo-en-esquina","status":"publish","type":"post","link":"https:\/\/radioinfinitagoya.com.ar\/v1\/2025\/10\/27\/cristian-olivetti-intendente-electo-en-esquina\/","title":{"rendered":"Cristian Olivetti intendente electo en Esquina"},"content":{"rendered":"<p>&#8220;Queremos un gobierno de puertas abiertas&#8221;<\/p>\n<p>El intendente electo de Esquina, Cristian Olivetti, habl\u00f3 con Hoja de Ruta tras su triunfo en las elecciones locales y asegur\u00f3 que el resultado fue \u201cm\u00e1s un desahogo que un festejo\u201d despu\u00e9s de una campa\u00f1a intensa y una elecci\u00f3n re\u00f1ida.<\/p>\n<p>El intendente electo de Esquina, Cristian Olivetti, habl\u00f3 con Hoja de Ruta tras su triunfo en las elecciones locales y asegur\u00f3 que el resultado fue \u201cm\u00e1s un desahogo que un festejo\u201d despu\u00e9s de una campa\u00f1a intensa y una elecci\u00f3n re\u00f1ida. \u201cHasta las nueve y pico de la noche todav\u00eda no ten\u00edamos todas las mesas cargadas\u201d, record\u00f3.<\/p>\n<p>Olivetti destac\u00f3 que el desdoblamiento de los comicios fue una decisi\u00f3n acertada y que la ciudadan\u00eda \u201cratific\u00f3 el rumbo\u201d de su espacio, Esquina Crece. \u201cFuimos la \u00fanica ciudad que desdobl\u00f3 las elecciones. No era una novedad para nosotros, siempre lo hicimos. Pero esta vez tuvo un peso mayor: fue una decisi\u00f3n muy buena, porque con el sistema provincial hubiera sido muy dif\u00edcil mantener el municipio\u201d, explic\u00f3.<\/p>\n<p>Pese a la fuerte apuesta del oficialismo provincial por su propio candidato, el electorado de Esquina eligi\u00f3 a Olivetti. \u201cFue un camino arduo, pero recibimos un gran espaldarazo de la ciudadan\u00eda. Tres de los cinco candidatos a intendente eran parte de la gesti\u00f3n actual, y eso tambi\u00e9n marca lo que hicimos en este tiempo\u201d, se\u00f1al\u00f3.<\/p>\n<p>Consultado por el v\u00ednculo con el gobierno provincial, Olivetti confirm\u00f3 que trabajar\u00e1 en conjunto con la gesti\u00f3n de Juan Pablo Vald\u00e9s: \u201cSomos gobernantes que queremos lo mejor para nuestros ciudadanos. Vamos a tener una relaci\u00f3n de cooperaci\u00f3n, como corresponde\u201d.<\/p>\n<p>En relaci\u00f3n a la situaci\u00f3n econ\u00f3mica del municipio, el intendente electo reconoci\u00f3 que el panorama \u201ces complejo\u201d por la ca\u00edda de la coparticipaci\u00f3n y la paralizaci\u00f3n de la obra p\u00fablica nacional. \u201cLas municipalidades estamos haciendo todo a pulm\u00f3n. Hay que ser ingeniosos para seguir funcionando, porque no alcanza con pagar sueldos: hay que hacer obras, atender contingencias, sostener servicios\u201d, expres\u00f3.<\/p>\n<p>Finalmente, Olivetti asegur\u00f3 que su gobierno buscar\u00e1 mantener una gesti\u00f3n abierta al di\u00e1logo. \u201cQueremos un gobierno de puertas abiertas. M\u00e1s all\u00e1 de las diferencias pol\u00edticas, todos los que quieran sumar van a ser bienvenidos. Yo tengo buena relaci\u00f3n con casi todos los que fueron candidatos\u201d, dijo.<\/p>\n<p>&nbsp;<\/p>\n<p>&nbsp;<\/p>\n","protected":false},"excerpt":{"rendered":"<p>&#8220;Queremos un gobierno de puertas abiertas&#8221; El intendente electo de Esquina, Cristian Olivetti, habl\u00f3 con Hoja de Ruta tras su triunfo en las elecciones locales y asegur\u00f3 que el resultado fue \u201cm\u00e1s un desahogo que un festejo\u201d despu\u00e9s de una campa\u00f1a intensa y una elecci\u00f3n re\u00f1ida. El intendente electo de Esquina, Cristian Olivetti, habl\u00f3 con [&hellip;]<\/p>\n","protected":false},"author":4,"featured_media":198292,"comment_status":"closed","ping_status":"closed","sticky":false,"template":"","format":"standard","meta":{"_joinchat":[],"footnotes":""},"categories":[26],"tags":[],"class_list":{"0":"post-198291","1":"post","2":"type-post","3":"status-publish","4":"format-standard","5":"has-post-thumbnail","7":"category-provinciales"},"yoast_head":"<!-- This site is optimized with the Yoast SEO plugin v27.2 - https:\/\/yoast.com\/product\/yoast-seo-wordpress\/ -->\n<title>Cristian Olivetti intendente electo en Esquina - Radio Infinita Goya<\/title>\n<meta name=\"description\" content=\"&quot;Queremos un gobierno de puertas abiertas&quot; El intendente electo de Esquina, Cristian Olivetti, habl\u00f3 con Hoja de Ruta tras su triunfo en las elecciones\" \/>\n<meta name=\"robots\" content=\"index, follow, max-snippet:-1, max-image-preview:large, max-video-preview:-1\" \/>\n<link rel=\"canonical\" href=\"https:\/\/radioinfinitagoya.com.ar\/v1\/2025\/10\/27\/cristian-olivetti-intendente-electo-en-esquina\/\" \/>\n<meta property=\"og:locale\" content=\"es_ES\" \/>\n<meta property=\"og:type\" content=\"article\" \/>\n<meta property=\"og:title\" content=\"Cristian Olivetti intendente electo en Esquina - Radio Infinita Goya\" \/>\n<meta property=\"og:description\" content=\"&quot;Queremos un gobierno de puertas abiertas&quot; El intendente electo de Esquina, Cristian Olivetti, habl\u00f3 con Hoja de Ruta tras su triunfo en las elecciones\" \/>\n<meta property=\"og:url\" content=\"https:\/\/radioinfinitagoya.com.ar\/v1\/2025\/10\/27\/cristian-olivetti-intendente-electo-en-esquina\/\" \/>\n<meta property=\"og:site_name\" content=\"Radio Infinita Goya\" \/>\n<meta property=\"article:publisher\" content=\"https:\/\/www.facebook.com\/p\/Infinita-Goya-100063870918311\/\" \/>\n<meta property=\"article:published_time\" content=\"2025-10-27T20:17:32+00:00\" \/>\n<meta property=\"og:image\" content=\"https:\/\/radioinfinitagoya.com.ar\/v1\/wp-content\/uploads\/2025\/10\/0qt19PYG.jpg\" \/>\n\t<meta property=\"og:image:width\" content=\"517\" \/>\n\t<meta property=\"og:image:height\" content=\"450\" \/>\n\t<meta property=\"og:image:type\" content=\"image\/jpeg\" \/>\n<meta name=\"author\" content=\"Jorge Mi\u00f1o\" \/>\n<meta name=\"twitter:card\" content=\"summary_large_image\" \/>\n<meta name=\"twitter:label1\" content=\"Escrito por\" \/>\n\t<meta name=\"twitter:data1\" content=\"Jorge Mi\u00f1o\" \/>\n\t<meta name=\"twitter:label2\" content=\"Tiempo de lectura\" \/>\n\t<meta name=\"twitter:data2\" content=\"2 minutos\" \/>\n<script type=\"application\/ld+json\" class=\"yoast-schema-graph\">{\"@context\":\"https:\/\/schema.org\",\"@graph\":[{\"@type\":\"Article\",\"@id\":\"https:\/\/radioinfinitagoya.com.ar\/v1\/2025\/10\/27\/cristian-olivetti-intendente-electo-en-esquina\/#article\",\"isPartOf\":{\"@id\":\"https:\/\/radioinfinitagoya.com.ar\/v1\/2025\/10\/27\/cristian-olivetti-intendente-electo-en-esquina\/\"},\"author\":{\"name\":\"Jorge Mi\u00f1o\",\"@id\":\"https:\/\/radioinfinitagoya.com.ar\/v1\/#\/schema\/person\/d4cf9c413d4f6edb24aabdccab49ca4a\"},\"headline\":\"Cristian Olivetti intendente electo en Esquina\",\"datePublished\":\"2025-10-27T20:17:32+00:00\",\"mainEntityOfPage\":{\"@id\":\"https:\/\/radioinfinitagoya.com.ar\/v1\/2025\/10\/27\/cristian-olivetti-intendente-electo-en-esquina\/\"},\"wordCount\":414,\"publisher\":{\"@id\":\"https:\/\/radioinfinitagoya.com.ar\/v1\/#organization\"},\"image\":{\"@id\":\"https:\/\/radioinfinitagoya.com.ar\/v1\/2025\/10\/27\/cristian-olivetti-intendente-electo-en-esquina\/#primaryimage\"},\"thumbnailUrl\":\"https:\/\/radioinfinitagoya.com.ar\/v1\/wp-content\/uploads\/2025\/10\/0qt19PYG.jpg\",\"articleSection\":[\"PROVINCIALES\"],\"inLanguage\":\"es-AR\"},{\"@type\":\"WebPage\",\"@id\":\"https:\/\/radioinfinitagoya.com.ar\/v1\/2025\/10\/27\/cristian-olivetti-intendente-electo-en-esquina\/\",\"url\":\"https:\/\/radioinfinitagoya.com.ar\/v1\/2025\/10\/27\/cristian-olivetti-intendente-electo-en-esquina\/\",\"name\":\"Cristian Olivetti intendente electo en Esquina - Radio Infinita Goya\",\"isPartOf\":{\"@id\":\"https:\/\/radioinfinitagoya.com.ar\/v1\/#website\"},\"primaryImageOfPage\":{\"@id\":\"https:\/\/radioinfinitagoya.com.ar\/v1\/2025\/10\/27\/cristian-olivetti-intendente-electo-en-esquina\/#primaryimage\"},\"image\":{\"@id\":\"https:\/\/radioinfinitagoya.com.ar\/v1\/2025\/10\/27\/cristian-olivetti-intendente-electo-en-esquina\/#primaryimage\"},\"thumbnailUrl\":\"https:\/\/radioinfinitagoya.com.ar\/v1\/wp-content\/uploads\/2025\/10\/0qt19PYG.jpg\",\"datePublished\":\"2025-10-27T20:17:32+00:00\",\"description\":\"\\\"Queremos un gobierno de puertas abiertas\\\" El intendente electo de Esquina, Cristian Olivetti, habl\u00f3 con Hoja de Ruta tras su triunfo en las elecciones\",\"breadcrumb\":{\"@id\":\"https:\/\/radioinfinitagoya.com.ar\/v1\/2025\/10\/27\/cristian-olivetti-intendente-electo-en-esquina\/#breadcrumb\"},\"inLanguage\":\"es-AR\",\"potentialAction\":[{\"@type\":\"ReadAction\",\"target\":[\"https:\/\/radioinfinitagoya.com.ar\/v1\/2025\/10\/27\/cristian-olivetti-intendente-electo-en-esquina\/\"]}]},{\"@type\":\"ImageObject\",\"inLanguage\":\"es-AR\",\"@id\":\"https:\/\/radioinfinitagoya.com.ar\/v1\/2025\/10\/27\/cristian-olivetti-intendente-electo-en-esquina\/#primaryimage\",\"url\":\"https:\/\/radioinfinitagoya.com.ar\/v1\/wp-content\/uploads\/2025\/10\/0qt19PYG.jpg\",\"contentUrl\":\"https:\/\/radioinfinitagoya.com.ar\/v1\/wp-content\/uploads\/2025\/10\/0qt19PYG.jpg\",\"width\":517,\"height\":450},{\"@type\":\"BreadcrumbList\",\"@id\":\"https:\/\/radioinfinitagoya.com.ar\/v1\/2025\/10\/27\/cristian-olivetti-intendente-electo-en-esquina\/#breadcrumb\",\"itemListElement\":[{\"@type\":\"ListItem\",\"position\":1,\"name\":\"Inicio\",\"item\":\"https:\/\/radioinfinitagoya.com.ar\/v1\/\"},{\"@type\":\"ListItem\",\"position\":2,\"name\":\"Cristian Olivetti intendente electo en Esquina\"}]},{\"@type\":\"WebSite\",\"@id\":\"https:\/\/radioinfinitagoya.com.ar\/v1\/#website\",\"url\":\"https:\/\/radioinfinitagoya.com.ar\/v1\/\",\"name\":\"radioinfinitagoya.com.ar\",\"description\":\"Radio de noticias\",\"publisher\":{\"@id\":\"https:\/\/radioinfinitagoya.com.ar\/v1\/#organization\"},\"potentialAction\":[{\"@type\":\"SearchAction\",\"target\":{\"@type\":\"EntryPoint\",\"urlTemplate\":\"https:\/\/radioinfinitagoya.com.ar\/v1\/?s={search_term_string}\"},\"query-input\":{\"@type\":\"PropertyValueSpecification\",\"valueRequired\":true,\"valueName\":\"search_term_string\"}}],\"inLanguage\":\"es-AR\"},{\"@type\":\"Organization\",\"@id\":\"https:\/\/radioinfinitagoya.com.ar\/v1\/#organization\",\"name\":\"Radio Infinita Goya\",\"url\":\"https:\/\/radioinfinitagoya.com.ar\/v1\/\",\"logo\":{\"@type\":\"ImageObject\",\"inLanguage\":\"es-AR\",\"@id\":\"https:\/\/radioinfinitagoya.com.ar\/v1\/#\/schema\/logo\/image\/\",\"url\":\"https:\/\/radioinfinitagoya.com.ar\/v1\/wp-content\/uploads\/2019\/11\/logo-pie-web.png\",\"contentUrl\":\"https:\/\/radioinfinitagoya.com.ar\/v1\/wp-content\/uploads\/2019\/11\/logo-pie-web.png\",\"width\":635,\"height\":326,\"caption\":\"Radio Infinita Goya\"},\"image\":{\"@id\":\"https:\/\/radioinfinitagoya.com.ar\/v1\/#\/schema\/logo\/image\/\"},\"sameAs\":[\"https:\/\/www.facebook.com\/p\/Infinita-Goya-100063870918311\/\"]},{\"@type\":\"Person\",\"@id\":\"https:\/\/radioinfinitagoya.com.ar\/v1\/#\/schema\/person\/d4cf9c413d4f6edb24aabdccab49ca4a\",\"name\":\"Jorge Mi\u00f1o\",\"image\":{\"@type\":\"ImageObject\",\"inLanguage\":\"es-AR\",\"@id\":\"https:\/\/secure.gravatar.com\/avatar\/910fcf6728fe95320e07a6643c1581fec1c7fc4bf8ae12e3d8f0d0373dc844be?s=96&d=mm&r=g\",\"url\":\"https:\/\/secure.gravatar.com\/avatar\/910fcf6728fe95320e07a6643c1581fec1c7fc4bf8ae12e3d8f0d0373dc844be?s=96&d=mm&r=g\",\"contentUrl\":\"https:\/\/secure.gravatar.com\/avatar\/910fcf6728fe95320e07a6643c1581fec1c7fc4bf8ae12e3d8f0d0373dc844be?s=96&d=mm&r=g\",\"caption\":\"Jorge Mi\u00f1o\"},\"sameAs\":[\"http:\/\/radioinfinitagoya.com.ar\"]}]}<\/script>\n<!-- \/ Yoast SEO plugin. -->","yoast_head_json":{"title":"Cristian Olivetti intendente electo en Esquina - Radio Infinita Goya","description":"\"Queremos un gobierno de puertas abiertas\" El intendente electo de Esquina, Cristian Olivetti, habl\u00f3 con Hoja de Ruta tras su triunfo en las elecciones","robots":{"index":"index","follow":"follow","max-snippet":"max-snippet:-1","max-image-preview":"max-image-preview:large","max-video-preview":"max-video-preview:-1"},"canonical":"https:\/\/radioinfinitagoya.com.ar\/v1\/2025\/10\/27\/cristian-olivetti-intendente-electo-en-esquina\/","og_locale":"es_ES","og_type":"article","og_title":"Cristian Olivetti intendente electo en Esquina - Radio Infinita Goya","og_description":"\"Queremos un gobierno de puertas abiertas\" El intendente electo de Esquina, Cristian Olivetti, habl\u00f3 con Hoja de Ruta tras su triunfo en las elecciones","og_url":"https:\/\/radioinfinitagoya.com.ar\/v1\/2025\/10\/27\/cristian-olivetti-intendente-electo-en-esquina\/","og_site_name":"Radio Infinita Goya","article_publisher":"https:\/\/www.facebook.com\/p\/Infinita-Goya-100063870918311\/","article_published_time":"2025-10-27T20:17:32+00:00","og_image":[{"width":517,"height":450,"url":"https:\/\/radioinfinitagoya.com.ar\/v1\/wp-content\/uploads\/2025\/10\/0qt19PYG.jpg","type":"image\/jpeg"}],"author":"Jorge Mi\u00f1o","twitter_card":"summary_large_image","twitter_misc":{"Escrito por":"Jorge Mi\u00f1o","Tiempo de lectura":"2 minutos"},"schema":{"@context":"https:\/\/schema.org","@graph":[{"@type":"Article","@id":"https:\/\/radioinfinitagoya.com.ar\/v1\/2025\/10\/27\/cristian-olivetti-intendente-electo-en-esquina\/#article","isPartOf":{"@id":"https:\/\/radioinfinitagoya.com.ar\/v1\/2025\/10\/27\/cristian-olivetti-intendente-electo-en-esquina\/"},"author":{"name":"Jorge Mi\u00f1o","@id":"https:\/\/radioinfinitagoya.com.ar\/v1\/#\/schema\/person\/d4cf9c413d4f6edb24aabdccab49ca4a"},"headline":"Cristian Olivetti intendente electo en Esquina","datePublished":"2025-10-27T20:17:32+00:00","mainEntityOfPage":{"@id":"https:\/\/radioinfinitagoya.com.ar\/v1\/2025\/10\/27\/cristian-olivetti-intendente-electo-en-esquina\/"},"wordCount":414,"publisher":{"@id":"https:\/\/radioinfinitagoya.com.ar\/v1\/#organization"},"image":{"@id":"https:\/\/radioinfinitagoya.com.ar\/v1\/2025\/10\/27\/cristian-olivetti-intendente-electo-en-esquina\/#primaryimage"},"thumbnailUrl":"https:\/\/radioinfinitagoya.com.ar\/v1\/wp-content\/uploads\/2025\/10\/0qt19PYG.jpg","articleSection":["PROVINCIALES"],"inLanguage":"es-AR"},{"@type":"WebPage","@id":"https:\/\/radioinfinitagoya.com.ar\/v1\/2025\/10\/27\/cristian-olivetti-intendente-electo-en-esquina\/","url":"https:\/\/radioinfinitagoya.com.ar\/v1\/2025\/10\/27\/cristian-olivetti-intendente-electo-en-esquina\/","name":"Cristian Olivetti intendente electo en Esquina - Radio Infinita Goya","isPartOf":{"@id":"https:\/\/radioinfinitagoya.com.ar\/v1\/#website"},"primaryImageOfPage":{"@id":"https:\/\/radioinfinitagoya.com.ar\/v1\/2025\/10\/27\/cristian-olivetti-intendente-electo-en-esquina\/#primaryimage"},"image":{"@id":"https:\/\/radioinfinitagoya.com.ar\/v1\/2025\/10\/27\/cristian-olivetti-intendente-electo-en-esquina\/#primaryimage"},"thumbnailUrl":"https:\/\/radioinfinitagoya.com.ar\/v1\/wp-content\/uploads\/2025\/10\/0qt19PYG.jpg","datePublished":"2025-10-27T20:17:32+00:00","description":"\"Queremos un gobierno de puertas abiertas\" El intendente electo de Esquina, Cristian Olivetti, habl\u00f3 con Hoja de Ruta tras su triunfo en las elecciones","breadcrumb":{"@id":"https:\/\/radioinfinitagoya.com.ar\/v1\/2025\/10\/27\/cristian-olivetti-intendente-electo-en-esquina\/#breadcrumb"},"inLanguage":"es-AR","potentialAction":[{"@type":"ReadAction","target":["https:\/\/radioinfinitagoya.com.ar\/v1\/2025\/10\/27\/cristian-olivetti-intendente-electo-en-esquina\/"]}]},{"@type":"ImageObject","inLanguage":"es-AR","@id":"https:\/\/radioinfinitagoya.com.ar\/v1\/2025\/10\/27\/cristian-olivetti-intendente-electo-en-esquina\/#primaryimage","url":"https:\/\/radioinfinitagoya.com.ar\/v1\/wp-content\/uploads\/2025\/10\/0qt19PYG.jpg","contentUrl":"https:\/\/radioinfinitagoya.com.ar\/v1\/wp-content\/uploads\/2025\/10\/0qt19PYG.jpg","width":517,"height":450},{"@type":"BreadcrumbList","@id":"https:\/\/radioinfinitagoya.com.ar\/v1\/2025\/10\/27\/cristian-olivetti-intendente-electo-en-esquina\/#breadcrumb","itemListElement":[{"@type":"ListItem","position":1,"name":"Inicio","item":"https:\/\/radioinfinitagoya.com.ar\/v1\/"},{"@type":"ListItem","position":2,"name":"Cristian Olivetti intendente electo en Esquina"}]},{"@type":"WebSite","@id":"https:\/\/radioinfinitagoya.com.ar\/v1\/#website","url":"https:\/\/radioinfinitagoya.com.ar\/v1\/","name":"radioinfinitagoya.com.ar","description":"Radio de noticias","publisher":{"@id":"https:\/\/radioinfinitagoya.com.ar\/v1\/#organization"},"potentialAction":[{"@type":"SearchAction","target":{"@type":"EntryPoint","urlTemplate":"https:\/\/radioinfinitagoya.com.ar\/v1\/?s={search_term_string}"},"query-input":{"@type":"PropertyValueSpecification","valueRequired":true,"valueName":"search_term_string"}}],"inLanguage":"es-AR"},{"@type":"Organization","@id":"https:\/\/radioinfinitagoya.com.ar\/v1\/#organization","name":"Radio Infinita Goya","url":"https:\/\/radioinfinitagoya.com.ar\/v1\/","logo":{"@type":"ImageObject","inLanguage":"es-AR","@id":"https:\/\/radioinfinitagoya.com.ar\/v1\/#\/schema\/logo\/image\/","url":"https:\/\/radioinfinitagoya.com.ar\/v1\/wp-content\/uploads\/2019\/11\/logo-pie-web.png","contentUrl":"https:\/\/radioinfinitagoya.com.ar\/v1\/wp-content\/uploads\/2019\/11\/logo-pie-web.png","width":635,"height":326,"caption":"Radio Infinita Goya"},"image":{"@id":"https:\/\/radioinfinitagoya.com.ar\/v1\/#\/schema\/logo\/image\/"},"sameAs":["https:\/\/www.facebook.com\/p\/Infinita-Goya-100063870918311\/"]},{"@type":"Person","@id":"https:\/\/radioinfinitagoya.com.ar\/v1\/#\/schema\/person\/d4cf9c413d4f6edb24aabdccab49ca4a","name":"Jorge Mi\u00f1o","image":{"@type":"ImageObject","inLanguage":"es-AR","@id":"https:\/\/secure.gravatar.com\/avatar\/910fcf6728fe95320e07a6643c1581fec1c7fc4bf8ae12e3d8f0d0373dc844be?s=96&d=mm&r=g","url":"https:\/\/secure.gravatar.com\/avatar\/910fcf6728fe95320e07a6643c1581fec1c7fc4bf8ae12e3d8f0d0373dc844be?s=96&d=mm&r=g","contentUrl":"https:\/\/secure.gravatar.com\/avatar\/910fcf6728fe95320e07a6643c1581fec1c7fc4bf8ae12e3d8f0d0373dc844be?s=96&d=mm&r=g","caption":"Jorge Mi\u00f1o"},"sameAs":["http:\/\/radioinfinitagoya.com.ar"]}]}},"_links":{"self":[{"href":"https:\/\/radioinfinitagoya.com.ar\/v1\/wp-json\/wp\/v2\/posts\/198291","targetHints":{"allow":["GET"]}}],"collection":[{"href":"https:\/\/radioinfinitagoya.com.ar\/v1\/wp-json\/wp\/v2\/posts"}],"about":[{"href":"https:\/\/radioinfinitagoya.com.ar\/v1\/wp-json\/wp\/v2\/types\/post"}],"author":[{"embeddable":true,"href":"https:\/\/radioinfinitagoya.com.ar\/v1\/wp-json\/wp\/v2\/users\/4"}],"replies":[{"embeddable":true,"href":"https:\/\/radioinfinitagoya.com.ar\/v1\/wp-json\/wp\/v2\/comments?post=198291"}],"version-history":[{"count":0,"href":"https:\/\/radioinfinitagoya.com.ar\/v1\/wp-json\/wp\/v2\/posts\/198291\/revisions"}],"wp:featuredmedia":[{"embeddable":true,"href":"https:\/\/radioinfinitagoya.com.ar\/v1\/wp-json\/wp\/v2\/media\/198292"}],"wp:attachment":[{"href":"https:\/\/radioinfinitagoya.com.ar\/v1\/wp-json\/wp\/v2\/media?parent=198291"}],"wp:term":[{"taxonomy":"category","embeddable":true,"href":"https:\/\/radioinfinitagoya.com.ar\/v1\/wp-json\/wp\/v2\/categories?post=198291"},{"taxonomy":"post_tag","embeddable":true,"href":"https:\/\/radioinfinitagoya.com.ar\/v1\/wp-json\/wp\/v2\/tags?post=198291"}],"curies":[{"name":"wp","href":"https:\/\/api.w.org\/{rel}","templated":true}]}}