{"id":198300,"date":"2025-10-27T17:30:21","date_gmt":"2025-10-27T20:30:21","guid":{"rendered":"https:\/\/radioinfinitagoya.com.ar\/v1\/?p=198300"},"modified":"2025-10-27T17:30:21","modified_gmt":"2025-10-27T20:30:21","slug":"milei-tras-la-victoria-legislativa-me-tomare-un-tiempo-para-definir-el-nuevo-gabinete","status":"publish","type":"post","link":"https:\/\/radioinfinitagoya.com.ar\/v1\/2025\/10\/27\/milei-tras-la-victoria-legislativa-me-tomare-un-tiempo-para-definir-el-nuevo-gabinete\/","title":{"rendered":"Milei, tras la victoria legislativa: &#8220;Me tomar\u00e9 un tiempo para definir el nuevo gabinete&#8221;"},"content":{"rendered":"<p>El Presidente analiza una reorganizaci\u00f3n ministerial adaptada al nuevo escenario pol\u00edtico, con el foco puesto en negociar con la oposici\u00f3n y sostener a su c\u00edrculo m\u00e1s cercano.<\/p>\n<p>Tras la contundente victoria de La Libertad Avanza (LLA) en las elecciones legislativas 2025, el presidente Javier Milei confirm\u00f3 que no habr\u00e1 anuncios inmediatos sobre la conformaci\u00f3n del nuevo gabinete nacional, aunque a la larga surgir\u00e1n modificaciones.<\/p>\n<p>El mandatario adelant\u00f3 que se tomar\u00e1 &#8220;algo de tiempo&#8221; para definir los nombres que integrar\u00e1n la pr\u00f3xima estructura ministerial, una decisi\u00f3n que -seg\u00fan explic\u00f3- estar\u00e1 guiada por el nuevo equilibrio de fuerzas en el Congreso y la necesidad de acordar con sectores opositores no kirchneristas para avanzar con su paquete de reformas.<\/p>\n<p>&#8220;El Gabinete se va a construir a la luz del nuevo Congreso. Lo importante es conseguir las reformas, el instrumento es el nuevo Gabinete y lo tengo que armar&#8221;, afirm\u00f3 Milei durante una entrevista en A24. El l\u00edder libertario reconoci\u00f3 que el resultado electoral, especialmente la victoria en la provincia de Buenos Aires, obliga a repensar la arquitectura pol\u00edtica de su administraci\u00f3n: &#8220;Eso reconfigura la estructura pol\u00edtica que tengo que armar para negociar y sacar las leyes que me compromet\u00ed a impulsar ante los argentinos&#8221;, subray\u00f3.<\/p>\n<p>Aunque evit\u00f3 confirmar nombres, anticip\u00f3 que ya defini\u00f3 qui\u00e9n reemplazar\u00e1 a Patricia Bullrich en el Ministerio de Seguridad. En cuanto a Defensa, explic\u00f3 que todav\u00eda debe mantener una conversaci\u00f3n con Luis Petri, quien dejar\u00e1 su cargo para asumir como diputado por Mendoza. Tambi\u00e9n destac\u00f3 la labor del actual jefe de Gabinete, Guillermo Francos, cuya continuidad parec\u00eda en duda antes de los comicios. &#8220;Veremos a la luz del nuevo gabinete c\u00f3mo van a quedar las cosas&#8221;, expres\u00f3, sin descartar su permanencia en el puesto.<\/p>\n<p>Pese a las eventuales modificaciones, el jefe de Estado ratific\u00f3 que no habr\u00e1 alteraciones en su n\u00facleo m\u00e1s \u00edntimo, conocido como el &#8220;Tri\u00e1ngulo de Hierro&#8221;. Tanto su hermana Karina Milei como el estratega Santiago Caputo seguir\u00e1n acompa\u00f1\u00e1ndolo en la toma de decisiones. &#8220;\u00bfD\u00f3nde estaban ayer mientras daba mi discurso? No va a cambiar eso&#8221;, asegur\u00f3.<\/p>\n<p>Ambos estuvieron junto al mandatario en el b\u00fanker del Hotel Libertador, donde tambi\u00e9n participaron Manuel Adorni, Diego Santilli y la propia Bullrich.<\/p>\n<p>Para Milei, el resultado de las legislativas marc\u00f3 &#8220;un punto de inflexi\u00f3n&#8221;. Interpret\u00f3 el apoyo popular como un mandato claro para profundizar su programa de reformas estructurales. &#8220;Est\u00e1 claro que podemos empezar a trabajar de manera m\u00e1s profunda y con mejor capacidad de conseguir resultados en las reformas que faltan&#8221;, concluy\u00f3 con optimismo.<\/p>\n<p>&nbsp;<\/p>\n","protected":false},"excerpt":{"rendered":"<p>El Presidente analiza una reorganizaci\u00f3n ministerial adaptada al nuevo escenario pol\u00edtico, con el foco puesto en negociar con la oposici\u00f3n y sostener a su c\u00edrculo m\u00e1s cercano. Tras la contundente victoria de La Libertad Avanza (LLA) en las elecciones legislativas 2025, el presidente Javier Milei confirm\u00f3 que no habr\u00e1 anuncios inmediatos sobre la conformaci\u00f3n del [&hellip;]<\/p>\n","protected":false},"author":4,"featured_media":198301,"comment_status":"closed","ping_status":"closed","sticky":false,"template":"","format":"standard","meta":{"_joinchat":[],"footnotes":""},"categories":[29],"tags":[],"class_list":{"0":"post-198300","1":"post","2":"type-post","3":"status-publish","4":"format-standard","5":"has-post-thumbnail","7":"category-nacionales"},"yoast_head":"<!-- This site is optimized with the Yoast SEO plugin v27.2 - https:\/\/yoast.com\/product\/yoast-seo-wordpress\/ -->\n<title>Milei, tras la victoria legislativa: &quot;Me tomar\u00e9 un tiempo para definir el nuevo gabinete&quot; - Radio Infinita Goya<\/title>\n<meta name=\"description\" content=\"El Presidente analiza una reorganizaci\u00f3n ministerial adaptada al nuevo escenario pol\u00edtico, con el foco puesto en negociar con la oposici\u00f3n y sostener a su\" \/>\n<meta name=\"robots\" content=\"index, follow, max-snippet:-1, max-image-preview:large, max-video-preview:-1\" \/>\n<link rel=\"canonical\" href=\"https:\/\/radioinfinitagoya.com.ar\/v1\/2025\/10\/27\/milei-tras-la-victoria-legislativa-me-tomare-un-tiempo-para-definir-el-nuevo-gabinete\/\" \/>\n<meta property=\"og:locale\" content=\"es_ES\" \/>\n<meta property=\"og:type\" content=\"article\" \/>\n<meta property=\"og:title\" content=\"Milei, tras la victoria legislativa: &quot;Me tomar\u00e9 un tiempo para definir el nuevo gabinete&quot; - Radio Infinita Goya\" \/>\n<meta property=\"og:description\" content=\"El Presidente analiza una reorganizaci\u00f3n ministerial adaptada al nuevo escenario pol\u00edtico, con el foco puesto en negociar con la oposici\u00f3n y sostener a su\" \/>\n<meta property=\"og:url\" content=\"https:\/\/radioinfinitagoya.com.ar\/v1\/2025\/10\/27\/milei-tras-la-victoria-legislativa-me-tomare-un-tiempo-para-definir-el-nuevo-gabinete\/\" \/>\n<meta property=\"og:site_name\" content=\"Radio Infinita Goya\" \/>\n<meta property=\"article:publisher\" content=\"https:\/\/www.facebook.com\/p\/Infinita-Goya-100063870918311\/\" \/>\n<meta property=\"article:published_time\" content=\"2025-10-27T20:30:21+00:00\" \/>\n<meta property=\"og:image\" content=\"https:\/\/radioinfinitagoya.com.ar\/v1\/wp-content\/uploads\/2025\/10\/G4SLn62WwAEY1aF.jpg\" \/>\n\t<meta property=\"og:image:width\" content=\"640\" \/>\n\t<meta property=\"og:image:height\" content=\"360\" \/>\n\t<meta property=\"og:image:type\" content=\"image\/jpeg\" \/>\n<meta name=\"author\" content=\"Jorge Mi\u00f1o\" \/>\n<meta name=\"twitter:card\" content=\"summary_large_image\" \/>\n<meta name=\"twitter:label1\" content=\"Escrito por\" \/>\n\t<meta name=\"twitter:data1\" content=\"Jorge Mi\u00f1o\" \/>\n\t<meta name=\"twitter:label2\" content=\"Tiempo de lectura\" \/>\n\t<meta name=\"twitter:data2\" content=\"3 minutos\" \/>\n<script type=\"application\/ld+json\" class=\"yoast-schema-graph\">{\"@context\":\"https:\/\/schema.org\",\"@graph\":[{\"@type\":\"Article\",\"@id\":\"https:\/\/radioinfinitagoya.com.ar\/v1\/2025\/10\/27\/milei-tras-la-victoria-legislativa-me-tomare-un-tiempo-para-definir-el-nuevo-gabinete\/#article\",\"isPartOf\":{\"@id\":\"https:\/\/radioinfinitagoya.com.ar\/v1\/2025\/10\/27\/milei-tras-la-victoria-legislativa-me-tomare-un-tiempo-para-definir-el-nuevo-gabinete\/\"},\"author\":{\"name\":\"Jorge Mi\u00f1o\",\"@id\":\"https:\/\/radioinfinitagoya.com.ar\/v1\/#\/schema\/person\/d4cf9c413d4f6edb24aabdccab49ca4a\"},\"headline\":\"Milei, tras la victoria legislativa: &#8220;Me tomar\u00e9 un tiempo para definir el nuevo gabinete&#8221;\",\"datePublished\":\"2025-10-27T20:30:21+00:00\",\"mainEntityOfPage\":{\"@id\":\"https:\/\/radioinfinitagoya.com.ar\/v1\/2025\/10\/27\/milei-tras-la-victoria-legislativa-me-tomare-un-tiempo-para-definir-el-nuevo-gabinete\/\"},\"wordCount\":461,\"publisher\":{\"@id\":\"https:\/\/radioinfinitagoya.com.ar\/v1\/#organization\"},\"image\":{\"@id\":\"https:\/\/radioinfinitagoya.com.ar\/v1\/2025\/10\/27\/milei-tras-la-victoria-legislativa-me-tomare-un-tiempo-para-definir-el-nuevo-gabinete\/#primaryimage\"},\"thumbnailUrl\":\"https:\/\/radioinfinitagoya.com.ar\/v1\/wp-content\/uploads\/2025\/10\/G4SLn62WwAEY1aF.jpg\",\"articleSection\":[\"NACIONALES\"],\"inLanguage\":\"es-AR\"},{\"@type\":\"WebPage\",\"@id\":\"https:\/\/radioinfinitagoya.com.ar\/v1\/2025\/10\/27\/milei-tras-la-victoria-legislativa-me-tomare-un-tiempo-para-definir-el-nuevo-gabinete\/\",\"url\":\"https:\/\/radioinfinitagoya.com.ar\/v1\/2025\/10\/27\/milei-tras-la-victoria-legislativa-me-tomare-un-tiempo-para-definir-el-nuevo-gabinete\/\",\"name\":\"Milei, tras la victoria legislativa: \\\"Me tomar\u00e9 un tiempo para definir el nuevo gabinete\\\" - Radio Infinita Goya\",\"isPartOf\":{\"@id\":\"https:\/\/radioinfinitagoya.com.ar\/v1\/#website\"},\"primaryImageOfPage\":{\"@id\":\"https:\/\/radioinfinitagoya.com.ar\/v1\/2025\/10\/27\/milei-tras-la-victoria-legislativa-me-tomare-un-tiempo-para-definir-el-nuevo-gabinete\/#primaryimage\"},\"image\":{\"@id\":\"https:\/\/radioinfinitagoya.com.ar\/v1\/2025\/10\/27\/milei-tras-la-victoria-legislativa-me-tomare-un-tiempo-para-definir-el-nuevo-gabinete\/#primaryimage\"},\"thumbnailUrl\":\"https:\/\/radioinfinitagoya.com.ar\/v1\/wp-content\/uploads\/2025\/10\/G4SLn62WwAEY1aF.jpg\",\"datePublished\":\"2025-10-27T20:30:21+00:00\",\"description\":\"El Presidente analiza una reorganizaci\u00f3n ministerial adaptada al nuevo escenario pol\u00edtico, con el foco puesto en negociar con la oposici\u00f3n y sostener a su\",\"breadcrumb\":{\"@id\":\"https:\/\/radioinfinitagoya.com.ar\/v1\/2025\/10\/27\/milei-tras-la-victoria-legislativa-me-tomare-un-tiempo-para-definir-el-nuevo-gabinete\/#breadcrumb\"},\"inLanguage\":\"es-AR\",\"potentialAction\":[{\"@type\":\"ReadAction\",\"target\":[\"https:\/\/radioinfinitagoya.com.ar\/v1\/2025\/10\/27\/milei-tras-la-victoria-legislativa-me-tomare-un-tiempo-para-definir-el-nuevo-gabinete\/\"]}]},{\"@type\":\"ImageObject\",\"inLanguage\":\"es-AR\",\"@id\":\"https:\/\/radioinfinitagoya.com.ar\/v1\/2025\/10\/27\/milei-tras-la-victoria-legislativa-me-tomare-un-tiempo-para-definir-el-nuevo-gabinete\/#primaryimage\",\"url\":\"https:\/\/radioinfinitagoya.com.ar\/v1\/wp-content\/uploads\/2025\/10\/G4SLn62WwAEY1aF.jpg\",\"contentUrl\":\"https:\/\/radioinfinitagoya.com.ar\/v1\/wp-content\/uploads\/2025\/10\/G4SLn62WwAEY1aF.jpg\",\"width\":640,\"height\":360},{\"@type\":\"BreadcrumbList\",\"@id\":\"https:\/\/radioinfinitagoya.com.ar\/v1\/2025\/10\/27\/milei-tras-la-victoria-legislativa-me-tomare-un-tiempo-para-definir-el-nuevo-gabinete\/#breadcrumb\",\"itemListElement\":[{\"@type\":\"ListItem\",\"position\":1,\"name\":\"Inicio\",\"item\":\"https:\/\/radioinfinitagoya.com.ar\/v1\/\"},{\"@type\":\"ListItem\",\"position\":2,\"name\":\"Milei, tras la victoria legislativa: &#8220;Me tomar\u00e9 un tiempo para definir el nuevo gabinete&#8221;\"}]},{\"@type\":\"WebSite\",\"@id\":\"https:\/\/radioinfinitagoya.com.ar\/v1\/#website\",\"url\":\"https:\/\/radioinfinitagoya.com.ar\/v1\/\",\"name\":\"radioinfinitagoya.com.ar\",\"description\":\"Radio de noticias\",\"publisher\":{\"@id\":\"https:\/\/radioinfinitagoya.com.ar\/v1\/#organization\"},\"potentialAction\":[{\"@type\":\"SearchAction\",\"target\":{\"@type\":\"EntryPoint\",\"urlTemplate\":\"https:\/\/radioinfinitagoya.com.ar\/v1\/?s={search_term_string}\"},\"query-input\":{\"@type\":\"PropertyValueSpecification\",\"valueRequired\":true,\"valueName\":\"search_term_string\"}}],\"inLanguage\":\"es-AR\"},{\"@type\":\"Organization\",\"@id\":\"https:\/\/radioinfinitagoya.com.ar\/v1\/#organization\",\"name\":\"Radio Infinita Goya\",\"url\":\"https:\/\/radioinfinitagoya.com.ar\/v1\/\",\"logo\":{\"@type\":\"ImageObject\",\"inLanguage\":\"es-AR\",\"@id\":\"https:\/\/radioinfinitagoya.com.ar\/v1\/#\/schema\/logo\/image\/\",\"url\":\"https:\/\/radioinfinitagoya.com.ar\/v1\/wp-content\/uploads\/2019\/11\/logo-pie-web.png\",\"contentUrl\":\"https:\/\/radioinfinitagoya.com.ar\/v1\/wp-content\/uploads\/2019\/11\/logo-pie-web.png\",\"width\":635,\"height\":326,\"caption\":\"Radio Infinita Goya\"},\"image\":{\"@id\":\"https:\/\/radioinfinitagoya.com.ar\/v1\/#\/schema\/logo\/image\/\"},\"sameAs\":[\"https:\/\/www.facebook.com\/p\/Infinita-Goya-100063870918311\/\"]},{\"@type\":\"Person\",\"@id\":\"https:\/\/radioinfinitagoya.com.ar\/v1\/#\/schema\/person\/d4cf9c413d4f6edb24aabdccab49ca4a\",\"name\":\"Jorge Mi\u00f1o\",\"image\":{\"@type\":\"ImageObject\",\"inLanguage\":\"es-AR\",\"@id\":\"https:\/\/secure.gravatar.com\/avatar\/910fcf6728fe95320e07a6643c1581fec1c7fc4bf8ae12e3d8f0d0373dc844be?s=96&d=mm&r=g\",\"url\":\"https:\/\/secure.gravatar.com\/avatar\/910fcf6728fe95320e07a6643c1581fec1c7fc4bf8ae12e3d8f0d0373dc844be?s=96&d=mm&r=g\",\"contentUrl\":\"https:\/\/secure.gravatar.com\/avatar\/910fcf6728fe95320e07a6643c1581fec1c7fc4bf8ae12e3d8f0d0373dc844be?s=96&d=mm&r=g\",\"caption\":\"Jorge Mi\u00f1o\"},\"sameAs\":[\"http:\/\/radioinfinitagoya.com.ar\"]}]}<\/script>\n<!-- \/ Yoast SEO plugin. -->","yoast_head_json":{"title":"Milei, tras la victoria legislativa: \"Me tomar\u00e9 un tiempo para definir el nuevo gabinete\" - Radio Infinita Goya","description":"El Presidente analiza una reorganizaci\u00f3n ministerial adaptada al nuevo escenario pol\u00edtico, con el foco puesto en negociar con la oposici\u00f3n y sostener a su","robots":{"index":"index","follow":"follow","max-snippet":"max-snippet:-1","max-image-preview":"max-image-preview:large","max-video-preview":"max-video-preview:-1"},"canonical":"https:\/\/radioinfinitagoya.com.ar\/v1\/2025\/10\/27\/milei-tras-la-victoria-legislativa-me-tomare-un-tiempo-para-definir-el-nuevo-gabinete\/","og_locale":"es_ES","og_type":"article","og_title":"Milei, tras la victoria legislativa: \"Me tomar\u00e9 un tiempo para definir el nuevo gabinete\" - Radio Infinita Goya","og_description":"El Presidente analiza una reorganizaci\u00f3n ministerial adaptada al nuevo escenario pol\u00edtico, con el foco puesto en negociar con la oposici\u00f3n y sostener a su","og_url":"https:\/\/radioinfinitagoya.com.ar\/v1\/2025\/10\/27\/milei-tras-la-victoria-legislativa-me-tomare-un-tiempo-para-definir-el-nuevo-gabinete\/","og_site_name":"Radio Infinita Goya","article_publisher":"https:\/\/www.facebook.com\/p\/Infinita-Goya-100063870918311\/","article_published_time":"2025-10-27T20:30:21+00:00","og_image":[{"width":640,"height":360,"url":"https:\/\/radioinfinitagoya.com.ar\/v1\/wp-content\/uploads\/2025\/10\/G4SLn62WwAEY1aF.jpg","type":"image\/jpeg"}],"author":"Jorge Mi\u00f1o","twitter_card":"summary_large_image","twitter_misc":{"Escrito por":"Jorge Mi\u00f1o","Tiempo de lectura":"3 minutos"},"schema":{"@context":"https:\/\/schema.org","@graph":[{"@type":"Article","@id":"https:\/\/radioinfinitagoya.com.ar\/v1\/2025\/10\/27\/milei-tras-la-victoria-legislativa-me-tomare-un-tiempo-para-definir-el-nuevo-gabinete\/#article","isPartOf":{"@id":"https:\/\/radioinfinitagoya.com.ar\/v1\/2025\/10\/27\/milei-tras-la-victoria-legislativa-me-tomare-un-tiempo-para-definir-el-nuevo-gabinete\/"},"author":{"name":"Jorge Mi\u00f1o","@id":"https:\/\/radioinfinitagoya.com.ar\/v1\/#\/schema\/person\/d4cf9c413d4f6edb24aabdccab49ca4a"},"headline":"Milei, tras la victoria legislativa: &#8220;Me tomar\u00e9 un tiempo para definir el nuevo gabinete&#8221;","datePublished":"2025-10-27T20:30:21+00:00","mainEntityOfPage":{"@id":"https:\/\/radioinfinitagoya.com.ar\/v1\/2025\/10\/27\/milei-tras-la-victoria-legislativa-me-tomare-un-tiempo-para-definir-el-nuevo-gabinete\/"},"wordCount":461,"publisher":{"@id":"https:\/\/radioinfinitagoya.com.ar\/v1\/#organization"},"image":{"@id":"https:\/\/radioinfinitagoya.com.ar\/v1\/2025\/10\/27\/milei-tras-la-victoria-legislativa-me-tomare-un-tiempo-para-definir-el-nuevo-gabinete\/#primaryimage"},"thumbnailUrl":"https:\/\/radioinfinitagoya.com.ar\/v1\/wp-content\/uploads\/2025\/10\/G4SLn62WwAEY1aF.jpg","articleSection":["NACIONALES"],"inLanguage":"es-AR"},{"@type":"WebPage","@id":"https:\/\/radioinfinitagoya.com.ar\/v1\/2025\/10\/27\/milei-tras-la-victoria-legislativa-me-tomare-un-tiempo-para-definir-el-nuevo-gabinete\/","url":"https:\/\/radioinfinitagoya.com.ar\/v1\/2025\/10\/27\/milei-tras-la-victoria-legislativa-me-tomare-un-tiempo-para-definir-el-nuevo-gabinete\/","name":"Milei, tras la victoria legislativa: \"Me tomar\u00e9 un tiempo para definir el nuevo gabinete\" - Radio Infinita Goya","isPartOf":{"@id":"https:\/\/radioinfinitagoya.com.ar\/v1\/#website"},"primaryImageOfPage":{"@id":"https:\/\/radioinfinitagoya.com.ar\/v1\/2025\/10\/27\/milei-tras-la-victoria-legislativa-me-tomare-un-tiempo-para-definir-el-nuevo-gabinete\/#primaryimage"},"image":{"@id":"https:\/\/radioinfinitagoya.com.ar\/v1\/2025\/10\/27\/milei-tras-la-victoria-legislativa-me-tomare-un-tiempo-para-definir-el-nuevo-gabinete\/#primaryimage"},"thumbnailUrl":"https:\/\/radioinfinitagoya.com.ar\/v1\/wp-content\/uploads\/2025\/10\/G4SLn62WwAEY1aF.jpg","datePublished":"2025-10-27T20:30:21+00:00","description":"El Presidente analiza una reorganizaci\u00f3n ministerial adaptada al nuevo escenario pol\u00edtico, con el foco puesto en negociar con la oposici\u00f3n y sostener a su","breadcrumb":{"@id":"https:\/\/radioinfinitagoya.com.ar\/v1\/2025\/10\/27\/milei-tras-la-victoria-legislativa-me-tomare-un-tiempo-para-definir-el-nuevo-gabinete\/#breadcrumb"},"inLanguage":"es-AR","potentialAction":[{"@type":"ReadAction","target":["https:\/\/radioinfinitagoya.com.ar\/v1\/2025\/10\/27\/milei-tras-la-victoria-legislativa-me-tomare-un-tiempo-para-definir-el-nuevo-gabinete\/"]}]},{"@type":"ImageObject","inLanguage":"es-AR","@id":"https:\/\/radioinfinitagoya.com.ar\/v1\/2025\/10\/27\/milei-tras-la-victoria-legislativa-me-tomare-un-tiempo-para-definir-el-nuevo-gabinete\/#primaryimage","url":"https:\/\/radioinfinitagoya.com.ar\/v1\/wp-content\/uploads\/2025\/10\/G4SLn62WwAEY1aF.jpg","contentUrl":"https:\/\/radioinfinitagoya.com.ar\/v1\/wp-content\/uploads\/2025\/10\/G4SLn62WwAEY1aF.jpg","width":640,"height":360},{"@type":"BreadcrumbList","@id":"https:\/\/radioinfinitagoya.com.ar\/v1\/2025\/10\/27\/milei-tras-la-victoria-legislativa-me-tomare-un-tiempo-para-definir-el-nuevo-gabinete\/#breadcrumb","itemListElement":[{"@type":"ListItem","position":1,"name":"Inicio","item":"https:\/\/radioinfinitagoya.com.ar\/v1\/"},{"@type":"ListItem","position":2,"name":"Milei, tras la victoria legislativa: &#8220;Me tomar\u00e9 un tiempo para definir el nuevo gabinete&#8221;"}]},{"@type":"WebSite","@id":"https:\/\/radioinfinitagoya.com.ar\/v1\/#website","url":"https:\/\/radioinfinitagoya.com.ar\/v1\/","name":"radioinfinitagoya.com.ar","description":"Radio de noticias","publisher":{"@id":"https:\/\/radioinfinitagoya.com.ar\/v1\/#organization"},"potentialAction":[{"@type":"SearchAction","target":{"@type":"EntryPoint","urlTemplate":"https:\/\/radioinfinitagoya.com.ar\/v1\/?s={search_term_string}"},"query-input":{"@type":"PropertyValueSpecification","valueRequired":true,"valueName":"search_term_string"}}],"inLanguage":"es-AR"},{"@type":"Organization","@id":"https:\/\/radioinfinitagoya.com.ar\/v1\/#organization","name":"Radio Infinita Goya","url":"https:\/\/radioinfinitagoya.com.ar\/v1\/","logo":{"@type":"ImageObject","inLanguage":"es-AR","@id":"https:\/\/radioinfinitagoya.com.ar\/v1\/#\/schema\/logo\/image\/","url":"https:\/\/radioinfinitagoya.com.ar\/v1\/wp-content\/uploads\/2019\/11\/logo-pie-web.png","contentUrl":"https:\/\/radioinfinitagoya.com.ar\/v1\/wp-content\/uploads\/2019\/11\/logo-pie-web.png","width":635,"height":326,"caption":"Radio Infinita Goya"},"image":{"@id":"https:\/\/radioinfinitagoya.com.ar\/v1\/#\/schema\/logo\/image\/"},"sameAs":["https:\/\/www.facebook.com\/p\/Infinita-Goya-100063870918311\/"]},{"@type":"Person","@id":"https:\/\/radioinfinitagoya.com.ar\/v1\/#\/schema\/person\/d4cf9c413d4f6edb24aabdccab49ca4a","name":"Jorge Mi\u00f1o","image":{"@type":"ImageObject","inLanguage":"es-AR","@id":"https:\/\/secure.gravatar.com\/avatar\/910fcf6728fe95320e07a6643c1581fec1c7fc4bf8ae12e3d8f0d0373dc844be?s=96&d=mm&r=g","url":"https:\/\/secure.gravatar.com\/avatar\/910fcf6728fe95320e07a6643c1581fec1c7fc4bf8ae12e3d8f0d0373dc844be?s=96&d=mm&r=g","contentUrl":"https:\/\/secure.gravatar.com\/avatar\/910fcf6728fe95320e07a6643c1581fec1c7fc4bf8ae12e3d8f0d0373dc844be?s=96&d=mm&r=g","caption":"Jorge Mi\u00f1o"},"sameAs":["http:\/\/radioinfinitagoya.com.ar"]}]}},"_links":{"self":[{"href":"https:\/\/radioinfinitagoya.com.ar\/v1\/wp-json\/wp\/v2\/posts\/198300","targetHints":{"allow":["GET"]}}],"collection":[{"href":"https:\/\/radioinfinitagoya.com.ar\/v1\/wp-json\/wp\/v2\/posts"}],"about":[{"href":"https:\/\/radioinfinitagoya.com.ar\/v1\/wp-json\/wp\/v2\/types\/post"}],"author":[{"embeddable":true,"href":"https:\/\/radioinfinitagoya.com.ar\/v1\/wp-json\/wp\/v2\/users\/4"}],"replies":[{"embeddable":true,"href":"https:\/\/radioinfinitagoya.com.ar\/v1\/wp-json\/wp\/v2\/comments?post=198300"}],"version-history":[{"count":0,"href":"https:\/\/radioinfinitagoya.com.ar\/v1\/wp-json\/wp\/v2\/posts\/198300\/revisions"}],"wp:featuredmedia":[{"embeddable":true,"href":"https:\/\/radioinfinitagoya.com.ar\/v1\/wp-json\/wp\/v2\/media\/198301"}],"wp:attachment":[{"href":"https:\/\/radioinfinitagoya.com.ar\/v1\/wp-json\/wp\/v2\/media?parent=198300"}],"wp:term":[{"taxonomy":"category","embeddable":true,"href":"https:\/\/radioinfinitagoya.com.ar\/v1\/wp-json\/wp\/v2\/categories?post=198300"},{"taxonomy":"post_tag","embeddable":true,"href":"https:\/\/radioinfinitagoya.com.ar\/v1\/wp-json\/wp\/v2\/tags?post=198300"}],"curies":[{"name":"wp","href":"https:\/\/api.w.org\/{rel}","templated":true}]}}