{"id":198303,"date":"2025-10-27T17:34:48","date_gmt":"2025-10-27T20:34:48","guid":{"rendered":"https:\/\/radioinfinitagoya.com.ar\/v1\/?p=198303"},"modified":"2025-10-27T17:34:48","modified_gmt":"2025-10-27T20:34:48","slug":"arde-la-tabla-de-posiciones-de-la-f1-tras-el-gp-de-mexico","status":"publish","type":"post","link":"https:\/\/radioinfinitagoya.com.ar\/v1\/2025\/10\/27\/arde-la-tabla-de-posiciones-de-la-f1-tras-el-gp-de-mexico\/","title":{"rendered":"Arde la tabla de posiciones de la F1 tras el GP de M\u00e9xico"},"content":{"rendered":"<p>Lando Norris, nuevo l\u00edder del Campeonato de Pilotos<\/p>\n<p>El piloto de McLaren gan\u00f3 la carrera y le arrebato el primer puesto del Mundial a Oscar Piastri, su compa\u00f1ero de equipo<\/p>\n<p>El desenlace del Gran Premio de M\u00e9xico de F\u00f3rmula 1 dej\u00f3 a Lando Norris como nuevo l\u00edder del campeonato, tras una actuaci\u00f3n dominante que le permiti\u00f3 superar a Oscar Piastri por apenas un punto en la clasificaci\u00f3n general. El piloto brit\u00e1nico de McLaren se impuso de principio a fin en el Aut\u00f3dromo Hermanos Rodr\u00edguez, mientras que el argentino Franco Colapinto finaliz\u00f3 en la decimosexta posici\u00f3n, tras una carrera marcada por dificultades t\u00e9cnicas y un incidente en la largada.<\/p>\n<p>La competencia, que se extendi\u00f3 a lo largo de 71 vueltas, tuvo como protagonistas a Charles Leclerc de Ferrari y Max Verstappen de Red Bull, quienes completaron el podio en segundo y tercer lugar respectivamente. El joven Oliver Bearman, al volante de un Haas, logr\u00f3 un resultado hist\u00f3rico al cruzar la meta en la cuarta posici\u00f3n, resistiendo la presi\u00f3n constante de Oscar Piastri durante los giros finales.<\/p>\n<p>El desempe\u00f1o de los pilotos de Alpine, tanto Colapinto como Pierre Gasly, se vio condicionado por el bajo rendimiento del monoplaza A525. El piloto argentino, que parti\u00f3 con neum\u00e1ticos duros, sufri\u00f3 un toque con Lance Stroll de Aston Martin en la salida, lo que provoc\u00f3 un trompo y lo releg\u00f3 al fondo de la parrilla. Tras un extenso primer stint, ingres\u00f3 a boxes para montar neum\u00e1ticos blandos, estrategia que le permiti\u00f3 recortar distancias en la parte final de la carrera.<\/p>\n<p>En los \u00faltimos compases, Colapinto se acerc\u00f3 a su compa\u00f1ero Gasly y lleg\u00f3 a situarse en rango de DRS, presionando para intentar el adelantamiento. Sin embargo, la aparici\u00f3n de un Virtual Safety Car en la vuelta 70, tras el abandono de Carlos Sainz con el Williams, neutraliz\u00f3 la carrera y frustr\u00f3 las aspiraciones del argentino de superar a su compa\u00f1ero de escuder\u00eda.<\/p>\n<p>Resultados del Gran Premio de M\u00e9xico 2025<\/p>\n<p>Lando Norris (McLaren)<br \/>\nCharles Leclerc (Ferrari)<br \/>\nMax Verstappen (Red Bull)<br \/>\nOliver Bearman (Haas)<br \/>\nOscar Piastri (McLaren)<br \/>\nKimi Antonelli (Mercedes)<br \/>\nGeorge Russell (Mercedes)<br \/>\nLewis Hamilton (Ferrari)<br \/>\nEsteban Ocon (Haas)<br \/>\nGabriel Bortoleto (Kick Sauber)<br \/>\nYuki Tsunoda (Red Bull)<br \/>\nAlex Albon (Williams)<br \/>\nIsack Hadjar (Racing Bulls)<br \/>\nLance Stroll (Aston Martin)<br \/>\nPierre Gasly (Alpine)<br \/>\nFranco Colapinto (Alpine)<br \/>\nCarlos Sainz (Williams) \u2013 NT<br \/>\nFernando Alonso (Aston Martin) \u2013 NT<br \/>\nNico H\u00fclkenberg (Kick Sauber) \u2013 NT<br \/>\nLiam Lawson (Racing Bulls) \u2013 NT<br \/>\nMundial de Pilotos 2025<br \/>\nLando Norris (McLaren) \u2013 357<br \/>\nOscar Piastri (McLaren) \u2013 356<br \/>\nMax Verstappen (Red Bull) \u2013 321<br \/>\nGeorge Russell (Mercedes) \u2013 258<br \/>\nCharles Leclerc (Ferrari) \u2013 210<br \/>\nLewis Hamilton (Ferrari) \u2013 146<br \/>\nKimi Antonelli (Mercedes) \u2013 97<br \/>\nAlex Albon (Williams) \u2013 73<br \/>\nNico H\u00fclkenberg (Kick Sauber) \u2013 41<br \/>\nIsack Hadjar (Racing Bulls) \u2013 39<br \/>\nCarlos Sainz (Williams) \u2013 38<br \/>\nFernando Alonso (Aston Martin) \u2013 37<br \/>\nOliver Bearman (Haas) \u2013 32<br \/>\nLance Stroll (Aston Martin) \u2013 32<br \/>\nEsteban Ocon (Haas) \u2013 30<br \/>\nLiam Lawson (Racing Bulls) \u2013 30<br \/>\nYuki Tsunoda (Red Bull) \u2013 28<br \/>\nPierre Gasly (Alpine) \u2013 20<br \/>\nGabriel Bortoleto (Kick Sauber) \u2013 19<br \/>\nFranco Colapinto (Alpine) \u2013 0<br \/>\nJack Doohan (Alpine) \u2013 0<br \/>\nCampeonato de Constructores 2025<br \/>\nMcLaren \u2013 713<br \/>\nFerrari \u2013 356<br \/>\nMercedes \u2013 355<br \/>\nRed Bull Racing \u2013 346<br \/>\nWilliams \u2013 111<br \/>\nRacing Bulls \u2013 72<br \/>\nAston Martin \u2013 69<br \/>\nHaas \u2013 62<br \/>\nKick Sauber \u2013 60<br \/>\nAlpine \u2013 20<\/p>\n<p>LA AGENDA DE LAS CARRERAS DE FRANCO COLAPINTO EN LA F\u00d3RMULA 1<\/p>\n<p>Sprint del GP de San Pablo: s\u00e1bado 8 de noviembre a las 11.00<\/p>\n<p>GP de San Pablo: domingo 9 de noviembre a las 14.00<\/p>\n<p>GP de Las Vegas: domingo 23 de noviembre a la 1.00<\/p>\n<p>Sprint del GP de Qatar: s\u00e1bado 29 de noviembre a las 11.00<\/p>\n<p>GP de Qatar: domingo 30 de noviembre a las 13.00<\/p>\n<p>GP de Abu Dhabi: domingo 7 de diciembre a las 10.00<\/p>\n<p>&nbsp;<\/p>\n<p>&nbsp;<\/p>\n","protected":false},"excerpt":{"rendered":"<p>Lando Norris, nuevo l\u00edder del Campeonato de Pilotos El piloto de McLaren gan\u00f3 la carrera y le arrebato el primer puesto del Mundial a Oscar Piastri, su compa\u00f1ero de equipo El desenlace del Gran Premio de M\u00e9xico de F\u00f3rmula 1 dej\u00f3 a Lando Norris como nuevo l\u00edder del campeonato, tras una actuaci\u00f3n dominante que le [&hellip;]<\/p>\n","protected":false},"author":4,"featured_media":198304,"comment_status":"closed","ping_status":"closed","sticky":false,"template":"","format":"standard","meta":{"_joinchat":[],"footnotes":""},"categories":[28],"tags":[],"class_list":{"0":"post-198303","1":"post","2":"type-post","3":"status-publish","4":"format-standard","5":"has-post-thumbnail","7":"category-deportes"},"yoast_head":"<!-- This site is optimized with the Yoast SEO plugin v27.2 - https:\/\/yoast.com\/product\/yoast-seo-wordpress\/ -->\n<title>Arde la tabla de posiciones de la F1 tras el GP de M\u00e9xico - Radio Infinita Goya<\/title>\n<meta name=\"description\" content=\"Lando Norris, nuevo l\u00edder del Campeonato de Pilotos El piloto de McLaren gan\u00f3 la carrera y le arrebato el primer puesto del Mundial a Oscar Piastri, su\" \/>\n<meta name=\"robots\" content=\"index, follow, max-snippet:-1, max-image-preview:large, max-video-preview:-1\" \/>\n<link rel=\"canonical\" href=\"https:\/\/radioinfinitagoya.com.ar\/v1\/2025\/10\/27\/arde-la-tabla-de-posiciones-de-la-f1-tras-el-gp-de-mexico\/\" \/>\n<meta property=\"og:locale\" content=\"es_ES\" \/>\n<meta property=\"og:type\" content=\"article\" \/>\n<meta property=\"og:title\" content=\"Arde la tabla de posiciones de la F1 tras el GP de M\u00e9xico - Radio Infinita Goya\" \/>\n<meta property=\"og:description\" content=\"Lando Norris, nuevo l\u00edder del Campeonato de Pilotos El piloto de McLaren gan\u00f3 la carrera y le arrebato el primer puesto del Mundial a Oscar Piastri, su\" \/>\n<meta property=\"og:url\" content=\"https:\/\/radioinfinitagoya.com.ar\/v1\/2025\/10\/27\/arde-la-tabla-de-posiciones-de-la-f1-tras-el-gp-de-mexico\/\" \/>\n<meta property=\"og:site_name\" content=\"Radio Infinita Goya\" \/>\n<meta property=\"article:publisher\" content=\"https:\/\/www.facebook.com\/p\/Infinita-Goya-100063870918311\/\" \/>\n<meta property=\"article:published_time\" content=\"2025-10-27T20:34:48+00:00\" \/>\n<meta name=\"author\" content=\"Jorge Mi\u00f1o\" \/>\n<meta name=\"twitter:card\" content=\"summary_large_image\" \/>\n<meta name=\"twitter:label1\" content=\"Escrito por\" \/>\n\t<meta name=\"twitter:data1\" content=\"Jorge Mi\u00f1o\" \/>\n\t<meta name=\"twitter:label2\" content=\"Tiempo de lectura\" \/>\n\t<meta name=\"twitter:data2\" content=\"3 minutos\" \/>\n<script type=\"application\/ld+json\" class=\"yoast-schema-graph\">{\"@context\":\"https:\/\/schema.org\",\"@graph\":[{\"@type\":\"Article\",\"@id\":\"https:\/\/radioinfinitagoya.com.ar\/v1\/2025\/10\/27\/arde-la-tabla-de-posiciones-de-la-f1-tras-el-gp-de-mexico\/#article\",\"isPartOf\":{\"@id\":\"https:\/\/radioinfinitagoya.com.ar\/v1\/2025\/10\/27\/arde-la-tabla-de-posiciones-de-la-f1-tras-el-gp-de-mexico\/\"},\"author\":{\"name\":\"Jorge Mi\u00f1o\",\"@id\":\"https:\/\/radioinfinitagoya.com.ar\/v1\/#\/schema\/person\/d4cf9c413d4f6edb24aabdccab49ca4a\"},\"headline\":\"Arde la tabla de posiciones de la F1 tras el GP de M\u00e9xico\",\"datePublished\":\"2025-10-27T20:34:48+00:00\",\"mainEntityOfPage\":{\"@id\":\"https:\/\/radioinfinitagoya.com.ar\/v1\/2025\/10\/27\/arde-la-tabla-de-posiciones-de-la-f1-tras-el-gp-de-mexico\/\"},\"wordCount\":595,\"publisher\":{\"@id\":\"https:\/\/radioinfinitagoya.com.ar\/v1\/#organization\"},\"image\":{\"@id\":\"https:\/\/radioinfinitagoya.com.ar\/v1\/2025\/10\/27\/arde-la-tabla-de-posiciones-de-la-f1-tras-el-gp-de-mexico\/#primaryimage\"},\"thumbnailUrl\":\"https:\/\/radioinfinitagoya.com.ar\/v1\/wp-content\/uploads\/2025\/10\/UERS3ESMP5EBFGXVSTX2NLQY24.avif\",\"articleSection\":[\"DEPORTES\"],\"inLanguage\":\"es-AR\"},{\"@type\":\"WebPage\",\"@id\":\"https:\/\/radioinfinitagoya.com.ar\/v1\/2025\/10\/27\/arde-la-tabla-de-posiciones-de-la-f1-tras-el-gp-de-mexico\/\",\"url\":\"https:\/\/radioinfinitagoya.com.ar\/v1\/2025\/10\/27\/arde-la-tabla-de-posiciones-de-la-f1-tras-el-gp-de-mexico\/\",\"name\":\"Arde la tabla de posiciones de la F1 tras el GP de M\u00e9xico - Radio Infinita Goya\",\"isPartOf\":{\"@id\":\"https:\/\/radioinfinitagoya.com.ar\/v1\/#website\"},\"primaryImageOfPage\":{\"@id\":\"https:\/\/radioinfinitagoya.com.ar\/v1\/2025\/10\/27\/arde-la-tabla-de-posiciones-de-la-f1-tras-el-gp-de-mexico\/#primaryimage\"},\"image\":{\"@id\":\"https:\/\/radioinfinitagoya.com.ar\/v1\/2025\/10\/27\/arde-la-tabla-de-posiciones-de-la-f1-tras-el-gp-de-mexico\/#primaryimage\"},\"thumbnailUrl\":\"https:\/\/radioinfinitagoya.com.ar\/v1\/wp-content\/uploads\/2025\/10\/UERS3ESMP5EBFGXVSTX2NLQY24.avif\",\"datePublished\":\"2025-10-27T20:34:48+00:00\",\"description\":\"Lando Norris, nuevo l\u00edder del Campeonato de Pilotos El piloto de McLaren gan\u00f3 la carrera y le arrebato el primer puesto del Mundial a Oscar Piastri, su\",\"breadcrumb\":{\"@id\":\"https:\/\/radioinfinitagoya.com.ar\/v1\/2025\/10\/27\/arde-la-tabla-de-posiciones-de-la-f1-tras-el-gp-de-mexico\/#breadcrumb\"},\"inLanguage\":\"es-AR\",\"potentialAction\":[{\"@type\":\"ReadAction\",\"target\":[\"https:\/\/radioinfinitagoya.com.ar\/v1\/2025\/10\/27\/arde-la-tabla-de-posiciones-de-la-f1-tras-el-gp-de-mexico\/\"]}]},{\"@type\":\"ImageObject\",\"inLanguage\":\"es-AR\",\"@id\":\"https:\/\/radioinfinitagoya.com.ar\/v1\/2025\/10\/27\/arde-la-tabla-de-posiciones-de-la-f1-tras-el-gp-de-mexico\/#primaryimage\",\"url\":\"https:\/\/radioinfinitagoya.com.ar\/v1\/wp-content\/uploads\/2025\/10\/UERS3ESMP5EBFGXVSTX2NLQY24.avif\",\"contentUrl\":\"https:\/\/radioinfinitagoya.com.ar\/v1\/wp-content\/uploads\/2025\/10\/UERS3ESMP5EBFGXVSTX2NLQY24.avif\",\"width\":992,\"height\":661},{\"@type\":\"BreadcrumbList\",\"@id\":\"https:\/\/radioinfinitagoya.com.ar\/v1\/2025\/10\/27\/arde-la-tabla-de-posiciones-de-la-f1-tras-el-gp-de-mexico\/#breadcrumb\",\"itemListElement\":[{\"@type\":\"ListItem\",\"position\":1,\"name\":\"Inicio\",\"item\":\"https:\/\/radioinfinitagoya.com.ar\/v1\/\"},{\"@type\":\"ListItem\",\"position\":2,\"name\":\"Arde la tabla de posiciones de la F1 tras el GP de M\u00e9xico\"}]},{\"@type\":\"WebSite\",\"@id\":\"https:\/\/radioinfinitagoya.com.ar\/v1\/#website\",\"url\":\"https:\/\/radioinfinitagoya.com.ar\/v1\/\",\"name\":\"radioinfinitagoya.com.ar\",\"description\":\"Radio de noticias\",\"publisher\":{\"@id\":\"https:\/\/radioinfinitagoya.com.ar\/v1\/#organization\"},\"potentialAction\":[{\"@type\":\"SearchAction\",\"target\":{\"@type\":\"EntryPoint\",\"urlTemplate\":\"https:\/\/radioinfinitagoya.com.ar\/v1\/?s={search_term_string}\"},\"query-input\":{\"@type\":\"PropertyValueSpecification\",\"valueRequired\":true,\"valueName\":\"search_term_string\"}}],\"inLanguage\":\"es-AR\"},{\"@type\":\"Organization\",\"@id\":\"https:\/\/radioinfinitagoya.com.ar\/v1\/#organization\",\"name\":\"Radio Infinita Goya\",\"url\":\"https:\/\/radioinfinitagoya.com.ar\/v1\/\",\"logo\":{\"@type\":\"ImageObject\",\"inLanguage\":\"es-AR\",\"@id\":\"https:\/\/radioinfinitagoya.com.ar\/v1\/#\/schema\/logo\/image\/\",\"url\":\"https:\/\/radioinfinitagoya.com.ar\/v1\/wp-content\/uploads\/2019\/11\/logo-pie-web.png\",\"contentUrl\":\"https:\/\/radioinfinitagoya.com.ar\/v1\/wp-content\/uploads\/2019\/11\/logo-pie-web.png\",\"width\":635,\"height\":326,\"caption\":\"Radio Infinita Goya\"},\"image\":{\"@id\":\"https:\/\/radioinfinitagoya.com.ar\/v1\/#\/schema\/logo\/image\/\"},\"sameAs\":[\"https:\/\/www.facebook.com\/p\/Infinita-Goya-100063870918311\/\"]},{\"@type\":\"Person\",\"@id\":\"https:\/\/radioinfinitagoya.com.ar\/v1\/#\/schema\/person\/d4cf9c413d4f6edb24aabdccab49ca4a\",\"name\":\"Jorge Mi\u00f1o\",\"image\":{\"@type\":\"ImageObject\",\"inLanguage\":\"es-AR\",\"@id\":\"https:\/\/secure.gravatar.com\/avatar\/910fcf6728fe95320e07a6643c1581fec1c7fc4bf8ae12e3d8f0d0373dc844be?s=96&d=mm&r=g\",\"url\":\"https:\/\/secure.gravatar.com\/avatar\/910fcf6728fe95320e07a6643c1581fec1c7fc4bf8ae12e3d8f0d0373dc844be?s=96&d=mm&r=g\",\"contentUrl\":\"https:\/\/secure.gravatar.com\/avatar\/910fcf6728fe95320e07a6643c1581fec1c7fc4bf8ae12e3d8f0d0373dc844be?s=96&d=mm&r=g\",\"caption\":\"Jorge Mi\u00f1o\"},\"sameAs\":[\"http:\/\/radioinfinitagoya.com.ar\"]}]}<\/script>\n<!-- \/ Yoast SEO plugin. -->","yoast_head_json":{"title":"Arde la tabla de posiciones de la F1 tras el GP de M\u00e9xico - Radio Infinita Goya","description":"Lando Norris, nuevo l\u00edder del Campeonato de Pilotos El piloto de McLaren gan\u00f3 la carrera y le arrebato el primer puesto del Mundial a Oscar Piastri, su","robots":{"index":"index","follow":"follow","max-snippet":"max-snippet:-1","max-image-preview":"max-image-preview:large","max-video-preview":"max-video-preview:-1"},"canonical":"https:\/\/radioinfinitagoya.com.ar\/v1\/2025\/10\/27\/arde-la-tabla-de-posiciones-de-la-f1-tras-el-gp-de-mexico\/","og_locale":"es_ES","og_type":"article","og_title":"Arde la tabla de posiciones de la F1 tras el GP de M\u00e9xico - Radio Infinita Goya","og_description":"Lando Norris, nuevo l\u00edder del Campeonato de Pilotos El piloto de McLaren gan\u00f3 la carrera y le arrebato el primer puesto del Mundial a Oscar Piastri, su","og_url":"https:\/\/radioinfinitagoya.com.ar\/v1\/2025\/10\/27\/arde-la-tabla-de-posiciones-de-la-f1-tras-el-gp-de-mexico\/","og_site_name":"Radio Infinita Goya","article_publisher":"https:\/\/www.facebook.com\/p\/Infinita-Goya-100063870918311\/","article_published_time":"2025-10-27T20:34:48+00:00","author":"Jorge Mi\u00f1o","twitter_card":"summary_large_image","twitter_misc":{"Escrito por":"Jorge Mi\u00f1o","Tiempo de lectura":"3 minutos"},"schema":{"@context":"https:\/\/schema.org","@graph":[{"@type":"Article","@id":"https:\/\/radioinfinitagoya.com.ar\/v1\/2025\/10\/27\/arde-la-tabla-de-posiciones-de-la-f1-tras-el-gp-de-mexico\/#article","isPartOf":{"@id":"https:\/\/radioinfinitagoya.com.ar\/v1\/2025\/10\/27\/arde-la-tabla-de-posiciones-de-la-f1-tras-el-gp-de-mexico\/"},"author":{"name":"Jorge Mi\u00f1o","@id":"https:\/\/radioinfinitagoya.com.ar\/v1\/#\/schema\/person\/d4cf9c413d4f6edb24aabdccab49ca4a"},"headline":"Arde la tabla de posiciones de la F1 tras el GP de M\u00e9xico","datePublished":"2025-10-27T20:34:48+00:00","mainEntityOfPage":{"@id":"https:\/\/radioinfinitagoya.com.ar\/v1\/2025\/10\/27\/arde-la-tabla-de-posiciones-de-la-f1-tras-el-gp-de-mexico\/"},"wordCount":595,"publisher":{"@id":"https:\/\/radioinfinitagoya.com.ar\/v1\/#organization"},"image":{"@id":"https:\/\/radioinfinitagoya.com.ar\/v1\/2025\/10\/27\/arde-la-tabla-de-posiciones-de-la-f1-tras-el-gp-de-mexico\/#primaryimage"},"thumbnailUrl":"https:\/\/radioinfinitagoya.com.ar\/v1\/wp-content\/uploads\/2025\/10\/UERS3ESMP5EBFGXVSTX2NLQY24.avif","articleSection":["DEPORTES"],"inLanguage":"es-AR"},{"@type":"WebPage","@id":"https:\/\/radioinfinitagoya.com.ar\/v1\/2025\/10\/27\/arde-la-tabla-de-posiciones-de-la-f1-tras-el-gp-de-mexico\/","url":"https:\/\/radioinfinitagoya.com.ar\/v1\/2025\/10\/27\/arde-la-tabla-de-posiciones-de-la-f1-tras-el-gp-de-mexico\/","name":"Arde la tabla de posiciones de la F1 tras el GP de M\u00e9xico - Radio Infinita Goya","isPartOf":{"@id":"https:\/\/radioinfinitagoya.com.ar\/v1\/#website"},"primaryImageOfPage":{"@id":"https:\/\/radioinfinitagoya.com.ar\/v1\/2025\/10\/27\/arde-la-tabla-de-posiciones-de-la-f1-tras-el-gp-de-mexico\/#primaryimage"},"image":{"@id":"https:\/\/radioinfinitagoya.com.ar\/v1\/2025\/10\/27\/arde-la-tabla-de-posiciones-de-la-f1-tras-el-gp-de-mexico\/#primaryimage"},"thumbnailUrl":"https:\/\/radioinfinitagoya.com.ar\/v1\/wp-content\/uploads\/2025\/10\/UERS3ESMP5EBFGXVSTX2NLQY24.avif","datePublished":"2025-10-27T20:34:48+00:00","description":"Lando Norris, nuevo l\u00edder del Campeonato de Pilotos El piloto de McLaren gan\u00f3 la carrera y le arrebato el primer puesto del Mundial a Oscar Piastri, su","breadcrumb":{"@id":"https:\/\/radioinfinitagoya.com.ar\/v1\/2025\/10\/27\/arde-la-tabla-de-posiciones-de-la-f1-tras-el-gp-de-mexico\/#breadcrumb"},"inLanguage":"es-AR","potentialAction":[{"@type":"ReadAction","target":["https:\/\/radioinfinitagoya.com.ar\/v1\/2025\/10\/27\/arde-la-tabla-de-posiciones-de-la-f1-tras-el-gp-de-mexico\/"]}]},{"@type":"ImageObject","inLanguage":"es-AR","@id":"https:\/\/radioinfinitagoya.com.ar\/v1\/2025\/10\/27\/arde-la-tabla-de-posiciones-de-la-f1-tras-el-gp-de-mexico\/#primaryimage","url":"https:\/\/radioinfinitagoya.com.ar\/v1\/wp-content\/uploads\/2025\/10\/UERS3ESMP5EBFGXVSTX2NLQY24.avif","contentUrl":"https:\/\/radioinfinitagoya.com.ar\/v1\/wp-content\/uploads\/2025\/10\/UERS3ESMP5EBFGXVSTX2NLQY24.avif","width":992,"height":661},{"@type":"BreadcrumbList","@id":"https:\/\/radioinfinitagoya.com.ar\/v1\/2025\/10\/27\/arde-la-tabla-de-posiciones-de-la-f1-tras-el-gp-de-mexico\/#breadcrumb","itemListElement":[{"@type":"ListItem","position":1,"name":"Inicio","item":"https:\/\/radioinfinitagoya.com.ar\/v1\/"},{"@type":"ListItem","position":2,"name":"Arde la tabla de posiciones de la F1 tras el GP de M\u00e9xico"}]},{"@type":"WebSite","@id":"https:\/\/radioinfinitagoya.com.ar\/v1\/#website","url":"https:\/\/radioinfinitagoya.com.ar\/v1\/","name":"radioinfinitagoya.com.ar","description":"Radio de noticias","publisher":{"@id":"https:\/\/radioinfinitagoya.com.ar\/v1\/#organization"},"potentialAction":[{"@type":"SearchAction","target":{"@type":"EntryPoint","urlTemplate":"https:\/\/radioinfinitagoya.com.ar\/v1\/?s={search_term_string}"},"query-input":{"@type":"PropertyValueSpecification","valueRequired":true,"valueName":"search_term_string"}}],"inLanguage":"es-AR"},{"@type":"Organization","@id":"https:\/\/radioinfinitagoya.com.ar\/v1\/#organization","name":"Radio Infinita Goya","url":"https:\/\/radioinfinitagoya.com.ar\/v1\/","logo":{"@type":"ImageObject","inLanguage":"es-AR","@id":"https:\/\/radioinfinitagoya.com.ar\/v1\/#\/schema\/logo\/image\/","url":"https:\/\/radioinfinitagoya.com.ar\/v1\/wp-content\/uploads\/2019\/11\/logo-pie-web.png","contentUrl":"https:\/\/radioinfinitagoya.com.ar\/v1\/wp-content\/uploads\/2019\/11\/logo-pie-web.png","width":635,"height":326,"caption":"Radio Infinita Goya"},"image":{"@id":"https:\/\/radioinfinitagoya.com.ar\/v1\/#\/schema\/logo\/image\/"},"sameAs":["https:\/\/www.facebook.com\/p\/Infinita-Goya-100063870918311\/"]},{"@type":"Person","@id":"https:\/\/radioinfinitagoya.com.ar\/v1\/#\/schema\/person\/d4cf9c413d4f6edb24aabdccab49ca4a","name":"Jorge Mi\u00f1o","image":{"@type":"ImageObject","inLanguage":"es-AR","@id":"https:\/\/secure.gravatar.com\/avatar\/910fcf6728fe95320e07a6643c1581fec1c7fc4bf8ae12e3d8f0d0373dc844be?s=96&d=mm&r=g","url":"https:\/\/secure.gravatar.com\/avatar\/910fcf6728fe95320e07a6643c1581fec1c7fc4bf8ae12e3d8f0d0373dc844be?s=96&d=mm&r=g","contentUrl":"https:\/\/secure.gravatar.com\/avatar\/910fcf6728fe95320e07a6643c1581fec1c7fc4bf8ae12e3d8f0d0373dc844be?s=96&d=mm&r=g","caption":"Jorge Mi\u00f1o"},"sameAs":["http:\/\/radioinfinitagoya.com.ar"]}]}},"_links":{"self":[{"href":"https:\/\/radioinfinitagoya.com.ar\/v1\/wp-json\/wp\/v2\/posts\/198303","targetHints":{"allow":["GET"]}}],"collection":[{"href":"https:\/\/radioinfinitagoya.com.ar\/v1\/wp-json\/wp\/v2\/posts"}],"about":[{"href":"https:\/\/radioinfinitagoya.com.ar\/v1\/wp-json\/wp\/v2\/types\/post"}],"author":[{"embeddable":true,"href":"https:\/\/radioinfinitagoya.com.ar\/v1\/wp-json\/wp\/v2\/users\/4"}],"replies":[{"embeddable":true,"href":"https:\/\/radioinfinitagoya.com.ar\/v1\/wp-json\/wp\/v2\/comments?post=198303"}],"version-history":[{"count":0,"href":"https:\/\/radioinfinitagoya.com.ar\/v1\/wp-json\/wp\/v2\/posts\/198303\/revisions"}],"wp:featuredmedia":[{"embeddable":true,"href":"https:\/\/radioinfinitagoya.com.ar\/v1\/wp-json\/wp\/v2\/media\/198304"}],"wp:attachment":[{"href":"https:\/\/radioinfinitagoya.com.ar\/v1\/wp-json\/wp\/v2\/media?parent=198303"}],"wp:term":[{"taxonomy":"category","embeddable":true,"href":"https:\/\/radioinfinitagoya.com.ar\/v1\/wp-json\/wp\/v2\/categories?post=198303"},{"taxonomy":"post_tag","embeddable":true,"href":"https:\/\/radioinfinitagoya.com.ar\/v1\/wp-json\/wp\/v2\/tags?post=198303"}],"curies":[{"name":"wp","href":"https:\/\/api.w.org\/{rel}","templated":true}]}}