{"id":198309,"date":"2025-10-27T17:47:11","date_gmt":"2025-10-27T20:47:11","guid":{"rendered":"https:\/\/radioinfinitagoya.com.ar\/v1\/?p=198309"},"modified":"2025-10-27T17:47:11","modified_gmt":"2025-10-27T20:47:11","slug":"mas-de-un-siglo-de-pasion","status":"publish","type":"post","link":"https:\/\/radioinfinitagoya.com.ar\/v1\/2025\/10\/27\/mas-de-un-siglo-de-pasion\/","title":{"rendered":"M\u00e1s de un siglo de Pasi\u00f3n"},"content":{"rendered":"<p>Con el apoyo de la Municipalidad de Goya, desde la Direcci\u00f3n de Deportes, el Club Atenas organiza la 6\u00aa fecha, cierre del campeonato local de carreras. La cita es el domingo 30 de noviembre, en el Club Central Goya, Avenida Sarmiento y Bartolom\u00e9 Mitre, fij\u00e1ndose hora de largada 18 horas.<\/p>\n<p>El Club Atenas cierra la temporada con la carrera en adhesi\u00f3n a los 102 a\u00f1os del Club Central Goya, para la inscripci\u00f3n de manera presencial, se realizar\u00e1 el d\u00eda de la competencia en el horario de 16 y 30 a 17 y 30 horas.<\/p>\n<p>Vale mencionar que la categor\u00eda infantil de 3 a 12 a\u00f1os es sin costo, para el resto de las categor\u00edas, se estableci\u00f3 en la distancia de 5K 12 Mil Pesos y la de 10K 17 Mil Pesos.<\/p>\n<p>Infantiles<\/p>\n<p>3 y 4 a\u00f1os<\/p>\n<p>5 y 6 a\u00f1os<\/p>\n<p>7 y 8 a\u00f1os<\/p>\n<p>9 y 10 a\u00f1os<\/p>\n<p>11 y 12 a\u00f1os<\/p>\n<p>Distancias:<\/p>\n<p>5 km<\/p>\n<p>Categor\u00edas<\/p>\n<p>Hasta 25 a\u00f1os<\/p>\n<p>26 a 39 a\u00f1os<\/p>\n<p>40 a 55 a\u00f1os<\/p>\n<p>56 en m\u00e1s<\/p>\n<p>10 km<\/p>\n<p>Hasta 19 a\u00f1os<\/p>\n<p>20 a 29 a\u00f1os<\/p>\n<p>30 a 39 a\u00f1os<\/p>\n<p>40 a 49 a\u00f1os<\/p>\n<p>50 a 59 a\u00f1os<\/p>\n<p>60 a 69 a\u00f1os<\/p>\n<p>70 a\u00f1os en adelante<\/p>\n<p>Premiaci\u00f3n:<\/p>\n<p>Premios a los 3 primeros de cada categor\u00eda<\/p>\n<p>Medallas para los primeros 100 en llegar<\/p>\n<p>Consultas: Alejandro Guti\u00e9rrez Cel. 3777 400820<\/p>\n","protected":false},"excerpt":{"rendered":"<p>Con el apoyo de la Municipalidad de Goya, desde la Direcci\u00f3n de Deportes, el Club Atenas organiza la 6\u00aa fecha, cierre del campeonato local de carreras. La cita es el domingo 30 de noviembre, en el Club Central Goya, Avenida Sarmiento y Bartolom\u00e9 Mitre, fij\u00e1ndose hora de largada 18 horas. El Club Atenas cierra la [&hellip;]<\/p>\n","protected":false},"author":4,"featured_media":198310,"comment_status":"closed","ping_status":"closed","sticky":false,"template":"","format":"standard","meta":{"_joinchat":[],"footnotes":""},"categories":[28],"tags":[],"class_list":{"0":"post-198309","1":"post","2":"type-post","3":"status-publish","4":"format-standard","5":"has-post-thumbnail","7":"category-deportes"},"yoast_head":"<!-- This site is optimized with the Yoast SEO plugin v27.2 - https:\/\/yoast.com\/product\/yoast-seo-wordpress\/ -->\n<title>M\u00e1s de un siglo de Pasi\u00f3n - Radio Infinita Goya<\/title>\n<meta name=\"description\" content=\"Con el apoyo de la Municipalidad de Goya, desde la Direcci\u00f3n de Deportes, el Club Atenas organiza la 6\u00aa fecha, cierre del campeonato local de carreras. La\" \/>\n<meta name=\"robots\" content=\"index, follow, max-snippet:-1, max-image-preview:large, max-video-preview:-1\" \/>\n<link rel=\"canonical\" href=\"https:\/\/radioinfinitagoya.com.ar\/v1\/2025\/10\/27\/mas-de-un-siglo-de-pasion\/\" \/>\n<meta property=\"og:locale\" content=\"es_ES\" \/>\n<meta property=\"og:type\" content=\"article\" \/>\n<meta property=\"og:title\" content=\"M\u00e1s de un siglo de Pasi\u00f3n - Radio Infinita Goya\" \/>\n<meta property=\"og:description\" content=\"Con el apoyo de la Municipalidad de Goya, desde la Direcci\u00f3n de Deportes, el Club Atenas organiza la 6\u00aa fecha, cierre del campeonato local de carreras. La\" \/>\n<meta property=\"og:url\" content=\"https:\/\/radioinfinitagoya.com.ar\/v1\/2025\/10\/27\/mas-de-un-siglo-de-pasion\/\" \/>\n<meta property=\"og:site_name\" content=\"Radio Infinita Goya\" \/>\n<meta property=\"article:publisher\" content=\"https:\/\/www.facebook.com\/p\/Infinita-Goya-100063870918311\/\" \/>\n<meta property=\"article:published_time\" content=\"2025-10-27T20:47:11+00:00\" \/>\n<meta property=\"og:image\" content=\"https:\/\/radioinfinitagoya.com.ar\/v1\/wp-content\/uploads\/2025\/10\/istockphoto-508223184-612x612-1.jpg\" \/>\n\t<meta property=\"og:image:width\" content=\"612\" \/>\n\t<meta property=\"og:image:height\" content=\"417\" \/>\n\t<meta property=\"og:image:type\" content=\"image\/jpeg\" \/>\n<meta name=\"author\" content=\"Jorge Mi\u00f1o\" \/>\n<meta name=\"twitter:card\" content=\"summary_large_image\" \/>\n<meta name=\"twitter:label1\" content=\"Escrito por\" \/>\n\t<meta name=\"twitter:data1\" content=\"Jorge Mi\u00f1o\" \/>\n\t<meta name=\"twitter:label2\" content=\"Tiempo de lectura\" \/>\n\t<meta name=\"twitter:data2\" content=\"2 minutos\" \/>\n<script type=\"application\/ld+json\" class=\"yoast-schema-graph\">{\"@context\":\"https:\/\/schema.org\",\"@graph\":[{\"@type\":\"Article\",\"@id\":\"https:\/\/radioinfinitagoya.com.ar\/v1\/2025\/10\/27\/mas-de-un-siglo-de-pasion\/#article\",\"isPartOf\":{\"@id\":\"https:\/\/radioinfinitagoya.com.ar\/v1\/2025\/10\/27\/mas-de-un-siglo-de-pasion\/\"},\"author\":{\"name\":\"Jorge Mi\u00f1o\",\"@id\":\"https:\/\/radioinfinitagoya.com.ar\/v1\/#\/schema\/person\/d4cf9c413d4f6edb24aabdccab49ca4a\"},\"headline\":\"M\u00e1s de un siglo de Pasi\u00f3n\",\"datePublished\":\"2025-10-27T20:47:11+00:00\",\"mainEntityOfPage\":{\"@id\":\"https:\/\/radioinfinitagoya.com.ar\/v1\/2025\/10\/27\/mas-de-un-siglo-de-pasion\/\"},\"wordCount\":212,\"publisher\":{\"@id\":\"https:\/\/radioinfinitagoya.com.ar\/v1\/#organization\"},\"image\":{\"@id\":\"https:\/\/radioinfinitagoya.com.ar\/v1\/2025\/10\/27\/mas-de-un-siglo-de-pasion\/#primaryimage\"},\"thumbnailUrl\":\"https:\/\/radioinfinitagoya.com.ar\/v1\/wp-content\/uploads\/2025\/10\/istockphoto-508223184-612x612-1.jpg\",\"articleSection\":[\"DEPORTES\"],\"inLanguage\":\"es-AR\"},{\"@type\":\"WebPage\",\"@id\":\"https:\/\/radioinfinitagoya.com.ar\/v1\/2025\/10\/27\/mas-de-un-siglo-de-pasion\/\",\"url\":\"https:\/\/radioinfinitagoya.com.ar\/v1\/2025\/10\/27\/mas-de-un-siglo-de-pasion\/\",\"name\":\"M\u00e1s de un siglo de Pasi\u00f3n - Radio Infinita Goya\",\"isPartOf\":{\"@id\":\"https:\/\/radioinfinitagoya.com.ar\/v1\/#website\"},\"primaryImageOfPage\":{\"@id\":\"https:\/\/radioinfinitagoya.com.ar\/v1\/2025\/10\/27\/mas-de-un-siglo-de-pasion\/#primaryimage\"},\"image\":{\"@id\":\"https:\/\/radioinfinitagoya.com.ar\/v1\/2025\/10\/27\/mas-de-un-siglo-de-pasion\/#primaryimage\"},\"thumbnailUrl\":\"https:\/\/radioinfinitagoya.com.ar\/v1\/wp-content\/uploads\/2025\/10\/istockphoto-508223184-612x612-1.jpg\",\"datePublished\":\"2025-10-27T20:47:11+00:00\",\"description\":\"Con el apoyo de la Municipalidad de Goya, desde la Direcci\u00f3n de Deportes, el Club Atenas organiza la 6\u00aa fecha, cierre del campeonato local de carreras. La\",\"breadcrumb\":{\"@id\":\"https:\/\/radioinfinitagoya.com.ar\/v1\/2025\/10\/27\/mas-de-un-siglo-de-pasion\/#breadcrumb\"},\"inLanguage\":\"es-AR\",\"potentialAction\":[{\"@type\":\"ReadAction\",\"target\":[\"https:\/\/radioinfinitagoya.com.ar\/v1\/2025\/10\/27\/mas-de-un-siglo-de-pasion\/\"]}]},{\"@type\":\"ImageObject\",\"inLanguage\":\"es-AR\",\"@id\":\"https:\/\/radioinfinitagoya.com.ar\/v1\/2025\/10\/27\/mas-de-un-siglo-de-pasion\/#primaryimage\",\"url\":\"https:\/\/radioinfinitagoya.com.ar\/v1\/wp-content\/uploads\/2025\/10\/istockphoto-508223184-612x612-1.jpg\",\"contentUrl\":\"https:\/\/radioinfinitagoya.com.ar\/v1\/wp-content\/uploads\/2025\/10\/istockphoto-508223184-612x612-1.jpg\",\"width\":612,\"height\":417,\"caption\":\"young woman runner running on city bridge road\"},{\"@type\":\"BreadcrumbList\",\"@id\":\"https:\/\/radioinfinitagoya.com.ar\/v1\/2025\/10\/27\/mas-de-un-siglo-de-pasion\/#breadcrumb\",\"itemListElement\":[{\"@type\":\"ListItem\",\"position\":1,\"name\":\"Inicio\",\"item\":\"https:\/\/radioinfinitagoya.com.ar\/v1\/\"},{\"@type\":\"ListItem\",\"position\":2,\"name\":\"M\u00e1s de un siglo de Pasi\u00f3n\"}]},{\"@type\":\"WebSite\",\"@id\":\"https:\/\/radioinfinitagoya.com.ar\/v1\/#website\",\"url\":\"https:\/\/radioinfinitagoya.com.ar\/v1\/\",\"name\":\"radioinfinitagoya.com.ar\",\"description\":\"Radio de noticias\",\"publisher\":{\"@id\":\"https:\/\/radioinfinitagoya.com.ar\/v1\/#organization\"},\"potentialAction\":[{\"@type\":\"SearchAction\",\"target\":{\"@type\":\"EntryPoint\",\"urlTemplate\":\"https:\/\/radioinfinitagoya.com.ar\/v1\/?s={search_term_string}\"},\"query-input\":{\"@type\":\"PropertyValueSpecification\",\"valueRequired\":true,\"valueName\":\"search_term_string\"}}],\"inLanguage\":\"es-AR\"},{\"@type\":\"Organization\",\"@id\":\"https:\/\/radioinfinitagoya.com.ar\/v1\/#organization\",\"name\":\"Radio Infinita Goya\",\"url\":\"https:\/\/radioinfinitagoya.com.ar\/v1\/\",\"logo\":{\"@type\":\"ImageObject\",\"inLanguage\":\"es-AR\",\"@id\":\"https:\/\/radioinfinitagoya.com.ar\/v1\/#\/schema\/logo\/image\/\",\"url\":\"https:\/\/radioinfinitagoya.com.ar\/v1\/wp-content\/uploads\/2019\/11\/logo-pie-web.png\",\"contentUrl\":\"https:\/\/radioinfinitagoya.com.ar\/v1\/wp-content\/uploads\/2019\/11\/logo-pie-web.png\",\"width\":635,\"height\":326,\"caption\":\"Radio Infinita Goya\"},\"image\":{\"@id\":\"https:\/\/radioinfinitagoya.com.ar\/v1\/#\/schema\/logo\/image\/\"},\"sameAs\":[\"https:\/\/www.facebook.com\/p\/Infinita-Goya-100063870918311\/\"]},{\"@type\":\"Person\",\"@id\":\"https:\/\/radioinfinitagoya.com.ar\/v1\/#\/schema\/person\/d4cf9c413d4f6edb24aabdccab49ca4a\",\"name\":\"Jorge Mi\u00f1o\",\"image\":{\"@type\":\"ImageObject\",\"inLanguage\":\"es-AR\",\"@id\":\"https:\/\/secure.gravatar.com\/avatar\/910fcf6728fe95320e07a6643c1581fec1c7fc4bf8ae12e3d8f0d0373dc844be?s=96&d=mm&r=g\",\"url\":\"https:\/\/secure.gravatar.com\/avatar\/910fcf6728fe95320e07a6643c1581fec1c7fc4bf8ae12e3d8f0d0373dc844be?s=96&d=mm&r=g\",\"contentUrl\":\"https:\/\/secure.gravatar.com\/avatar\/910fcf6728fe95320e07a6643c1581fec1c7fc4bf8ae12e3d8f0d0373dc844be?s=96&d=mm&r=g\",\"caption\":\"Jorge Mi\u00f1o\"},\"sameAs\":[\"http:\/\/radioinfinitagoya.com.ar\"]}]}<\/script>\n<!-- \/ Yoast SEO plugin. -->","yoast_head_json":{"title":"M\u00e1s de un siglo de Pasi\u00f3n - Radio Infinita Goya","description":"Con el apoyo de la Municipalidad de Goya, desde la Direcci\u00f3n de Deportes, el Club Atenas organiza la 6\u00aa fecha, cierre del campeonato local de carreras. La","robots":{"index":"index","follow":"follow","max-snippet":"max-snippet:-1","max-image-preview":"max-image-preview:large","max-video-preview":"max-video-preview:-1"},"canonical":"https:\/\/radioinfinitagoya.com.ar\/v1\/2025\/10\/27\/mas-de-un-siglo-de-pasion\/","og_locale":"es_ES","og_type":"article","og_title":"M\u00e1s de un siglo de Pasi\u00f3n - Radio Infinita Goya","og_description":"Con el apoyo de la Municipalidad de Goya, desde la Direcci\u00f3n de Deportes, el Club Atenas organiza la 6\u00aa fecha, cierre del campeonato local de carreras. La","og_url":"https:\/\/radioinfinitagoya.com.ar\/v1\/2025\/10\/27\/mas-de-un-siglo-de-pasion\/","og_site_name":"Radio Infinita Goya","article_publisher":"https:\/\/www.facebook.com\/p\/Infinita-Goya-100063870918311\/","article_published_time":"2025-10-27T20:47:11+00:00","og_image":[{"width":612,"height":417,"url":"https:\/\/radioinfinitagoya.com.ar\/v1\/wp-content\/uploads\/2025\/10\/istockphoto-508223184-612x612-1.jpg","type":"image\/jpeg"}],"author":"Jorge Mi\u00f1o","twitter_card":"summary_large_image","twitter_misc":{"Escrito por":"Jorge Mi\u00f1o","Tiempo de lectura":"2 minutos"},"schema":{"@context":"https:\/\/schema.org","@graph":[{"@type":"Article","@id":"https:\/\/radioinfinitagoya.com.ar\/v1\/2025\/10\/27\/mas-de-un-siglo-de-pasion\/#article","isPartOf":{"@id":"https:\/\/radioinfinitagoya.com.ar\/v1\/2025\/10\/27\/mas-de-un-siglo-de-pasion\/"},"author":{"name":"Jorge Mi\u00f1o","@id":"https:\/\/radioinfinitagoya.com.ar\/v1\/#\/schema\/person\/d4cf9c413d4f6edb24aabdccab49ca4a"},"headline":"M\u00e1s de un siglo de Pasi\u00f3n","datePublished":"2025-10-27T20:47:11+00:00","mainEntityOfPage":{"@id":"https:\/\/radioinfinitagoya.com.ar\/v1\/2025\/10\/27\/mas-de-un-siglo-de-pasion\/"},"wordCount":212,"publisher":{"@id":"https:\/\/radioinfinitagoya.com.ar\/v1\/#organization"},"image":{"@id":"https:\/\/radioinfinitagoya.com.ar\/v1\/2025\/10\/27\/mas-de-un-siglo-de-pasion\/#primaryimage"},"thumbnailUrl":"https:\/\/radioinfinitagoya.com.ar\/v1\/wp-content\/uploads\/2025\/10\/istockphoto-508223184-612x612-1.jpg","articleSection":["DEPORTES"],"inLanguage":"es-AR"},{"@type":"WebPage","@id":"https:\/\/radioinfinitagoya.com.ar\/v1\/2025\/10\/27\/mas-de-un-siglo-de-pasion\/","url":"https:\/\/radioinfinitagoya.com.ar\/v1\/2025\/10\/27\/mas-de-un-siglo-de-pasion\/","name":"M\u00e1s de un siglo de Pasi\u00f3n - Radio Infinita Goya","isPartOf":{"@id":"https:\/\/radioinfinitagoya.com.ar\/v1\/#website"},"primaryImageOfPage":{"@id":"https:\/\/radioinfinitagoya.com.ar\/v1\/2025\/10\/27\/mas-de-un-siglo-de-pasion\/#primaryimage"},"image":{"@id":"https:\/\/radioinfinitagoya.com.ar\/v1\/2025\/10\/27\/mas-de-un-siglo-de-pasion\/#primaryimage"},"thumbnailUrl":"https:\/\/radioinfinitagoya.com.ar\/v1\/wp-content\/uploads\/2025\/10\/istockphoto-508223184-612x612-1.jpg","datePublished":"2025-10-27T20:47:11+00:00","description":"Con el apoyo de la Municipalidad de Goya, desde la Direcci\u00f3n de Deportes, el Club Atenas organiza la 6\u00aa fecha, cierre del campeonato local de carreras. La","breadcrumb":{"@id":"https:\/\/radioinfinitagoya.com.ar\/v1\/2025\/10\/27\/mas-de-un-siglo-de-pasion\/#breadcrumb"},"inLanguage":"es-AR","potentialAction":[{"@type":"ReadAction","target":["https:\/\/radioinfinitagoya.com.ar\/v1\/2025\/10\/27\/mas-de-un-siglo-de-pasion\/"]}]},{"@type":"ImageObject","inLanguage":"es-AR","@id":"https:\/\/radioinfinitagoya.com.ar\/v1\/2025\/10\/27\/mas-de-un-siglo-de-pasion\/#primaryimage","url":"https:\/\/radioinfinitagoya.com.ar\/v1\/wp-content\/uploads\/2025\/10\/istockphoto-508223184-612x612-1.jpg","contentUrl":"https:\/\/radioinfinitagoya.com.ar\/v1\/wp-content\/uploads\/2025\/10\/istockphoto-508223184-612x612-1.jpg","width":612,"height":417,"caption":"young woman runner running on city bridge road"},{"@type":"BreadcrumbList","@id":"https:\/\/radioinfinitagoya.com.ar\/v1\/2025\/10\/27\/mas-de-un-siglo-de-pasion\/#breadcrumb","itemListElement":[{"@type":"ListItem","position":1,"name":"Inicio","item":"https:\/\/radioinfinitagoya.com.ar\/v1\/"},{"@type":"ListItem","position":2,"name":"M\u00e1s de un siglo de Pasi\u00f3n"}]},{"@type":"WebSite","@id":"https:\/\/radioinfinitagoya.com.ar\/v1\/#website","url":"https:\/\/radioinfinitagoya.com.ar\/v1\/","name":"radioinfinitagoya.com.ar","description":"Radio de noticias","publisher":{"@id":"https:\/\/radioinfinitagoya.com.ar\/v1\/#organization"},"potentialAction":[{"@type":"SearchAction","target":{"@type":"EntryPoint","urlTemplate":"https:\/\/radioinfinitagoya.com.ar\/v1\/?s={search_term_string}"},"query-input":{"@type":"PropertyValueSpecification","valueRequired":true,"valueName":"search_term_string"}}],"inLanguage":"es-AR"},{"@type":"Organization","@id":"https:\/\/radioinfinitagoya.com.ar\/v1\/#organization","name":"Radio Infinita Goya","url":"https:\/\/radioinfinitagoya.com.ar\/v1\/","logo":{"@type":"ImageObject","inLanguage":"es-AR","@id":"https:\/\/radioinfinitagoya.com.ar\/v1\/#\/schema\/logo\/image\/","url":"https:\/\/radioinfinitagoya.com.ar\/v1\/wp-content\/uploads\/2019\/11\/logo-pie-web.png","contentUrl":"https:\/\/radioinfinitagoya.com.ar\/v1\/wp-content\/uploads\/2019\/11\/logo-pie-web.png","width":635,"height":326,"caption":"Radio Infinita Goya"},"image":{"@id":"https:\/\/radioinfinitagoya.com.ar\/v1\/#\/schema\/logo\/image\/"},"sameAs":["https:\/\/www.facebook.com\/p\/Infinita-Goya-100063870918311\/"]},{"@type":"Person","@id":"https:\/\/radioinfinitagoya.com.ar\/v1\/#\/schema\/person\/d4cf9c413d4f6edb24aabdccab49ca4a","name":"Jorge Mi\u00f1o","image":{"@type":"ImageObject","inLanguage":"es-AR","@id":"https:\/\/secure.gravatar.com\/avatar\/910fcf6728fe95320e07a6643c1581fec1c7fc4bf8ae12e3d8f0d0373dc844be?s=96&d=mm&r=g","url":"https:\/\/secure.gravatar.com\/avatar\/910fcf6728fe95320e07a6643c1581fec1c7fc4bf8ae12e3d8f0d0373dc844be?s=96&d=mm&r=g","contentUrl":"https:\/\/secure.gravatar.com\/avatar\/910fcf6728fe95320e07a6643c1581fec1c7fc4bf8ae12e3d8f0d0373dc844be?s=96&d=mm&r=g","caption":"Jorge Mi\u00f1o"},"sameAs":["http:\/\/radioinfinitagoya.com.ar"]}]}},"_links":{"self":[{"href":"https:\/\/radioinfinitagoya.com.ar\/v1\/wp-json\/wp\/v2\/posts\/198309","targetHints":{"allow":["GET"]}}],"collection":[{"href":"https:\/\/radioinfinitagoya.com.ar\/v1\/wp-json\/wp\/v2\/posts"}],"about":[{"href":"https:\/\/radioinfinitagoya.com.ar\/v1\/wp-json\/wp\/v2\/types\/post"}],"author":[{"embeddable":true,"href":"https:\/\/radioinfinitagoya.com.ar\/v1\/wp-json\/wp\/v2\/users\/4"}],"replies":[{"embeddable":true,"href":"https:\/\/radioinfinitagoya.com.ar\/v1\/wp-json\/wp\/v2\/comments?post=198309"}],"version-history":[{"count":0,"href":"https:\/\/radioinfinitagoya.com.ar\/v1\/wp-json\/wp\/v2\/posts\/198309\/revisions"}],"wp:featuredmedia":[{"embeddable":true,"href":"https:\/\/radioinfinitagoya.com.ar\/v1\/wp-json\/wp\/v2\/media\/198310"}],"wp:attachment":[{"href":"https:\/\/radioinfinitagoya.com.ar\/v1\/wp-json\/wp\/v2\/media?parent=198309"}],"wp:term":[{"taxonomy":"category","embeddable":true,"href":"https:\/\/radioinfinitagoya.com.ar\/v1\/wp-json\/wp\/v2\/categories?post=198309"},{"taxonomy":"post_tag","embeddable":true,"href":"https:\/\/radioinfinitagoya.com.ar\/v1\/wp-json\/wp\/v2\/tags?post=198309"}],"curies":[{"name":"wp","href":"https:\/\/api.w.org\/{rel}","templated":true}]}}