{"id":198312,"date":"2025-10-27T17:51:24","date_gmt":"2025-10-27T20:51:24","guid":{"rendered":"https:\/\/radioinfinitagoya.com.ar\/v1\/?p=198312"},"modified":"2025-10-27T17:51:24","modified_gmt":"2025-10-27T20:51:24","slug":"valdes-seguiremos-trabajando-para-que-le-vaya-bien-a-la-argentina-y-a-corrientes","status":"publish","type":"post","link":"https:\/\/radioinfinitagoya.com.ar\/v1\/2025\/10\/27\/valdes-seguiremos-trabajando-para-que-le-vaya-bien-a-la-argentina-y-a-corrientes\/","title":{"rendered":"Vald\u00e9s: \u201cSeguiremos trabajando para que le vaya bien a la Argentina y a Corrientes\u201d"},"content":{"rendered":"<p>Corrientes busca consolidarse dentro del armado nacional de Provincias Unidas, que no hizo una buena elecci\u00f3n<\/p>\n<p>En el b\u00fanker electoral ubicado en calle 25 de Mayo 1232 de la ciudad Capital, Vamos Corrientes celebr\u00f3 la victoria en las elecciones legislativas de este 26 de octubre, que llevar\u00e1 a Di\u00f3genes Gonz\u00e1lez al Congreso nacional por el oficialismo provincial.<\/p>\n<p>El gobernador Gustavo Vald\u00e9s y l\u00edder de la alianza brind\u00f3 all\u00ed declaraciones, garantizando \u201cseguir trabajando para que le vaya bien a Argentina\u201d con representantes que &#8220;verdaderamente defiendan nuestros intereses&#8221;.<\/p>\n<p>El acto se realiz\u00f3 en el Comit\u00e9 Central de la UCR, tras la publicaci\u00f3n de los primeros resultados a nivel nacional y provincial, donde tambi\u00e9n estuvieron el gobernador electo, Juan Pablo Vald\u00e9s; el flamante diputado Di\u00f3genes Gonz\u00e1lez; el vicegobernador, Pedro Braillard Poccard y otras autoridades provinciales y municipales.<\/p>\n<p>All\u00ed, Gustavo Vald\u00e9s celebr\u00f3 el resultado de Vamos Corrientes, destacando que, si bien &#8220;las elecciones nacionales no son f\u00e1ciles en la provincia\u201d, el espacio &#8220;sigui\u00f3 creciendo y mejorando su performance electoral&#8221;. Afirm\u00f3 que &#8220;en estas elecciones hemos ganado para poder tener representantes que digan lo que creemos, lo que pensamos, lo que sentimos&#8221; y que &#8220;verdaderamente defiendan nuestros intereses en el Congreso de la Naci\u00f3n&#8221;.<\/p>\n<p>Vald\u00e9s agradeci\u00f3 a los militantes de Vamos Corrientes, asegurando que su esfuerzo es fundamental para &#8220;seguir construyendo el porvenir&#8221;. Sostuvo que &#8220;no hay posibilidades de tener futuro si no tenemos una base s\u00f3lida&#8221;, y que las bases del espacio pol\u00edtico &#8220;est\u00e1n hoy m\u00e1s firmemente que nunca&#8221;.<\/p>\n<p>El mandatario se\u00f1al\u00f3 que, con el &#8220;mapa electoral ya absolutamente definido&#8221; en todos los niveles \u2014desde intendentes hasta el pr\u00f3ximo gobernador y senadores nacionales\u2014, &#8220;es hora de poner pro al futuro&#8221;. Concluy\u00f3 que la alianza apuesta al cambio y debe seguir trabajando \u201cpara que a la Argentina le vaya bien&#8221; y &#8220;seguir acompa\u00f1ando este proceso de crecimiento en la Rep\u00fablica&#8221;.<\/p>\n<p>Juan Pablo Vald\u00e9s<br \/>\nPor su parte, el gobernador electo Juan Pablo Vald\u00e9s se mostr\u00f3 &#8220;muy contento&#8221; por el resultado de una &#8220;elecci\u00f3n re\u00f1ida&#8221;. Inici\u00f3 su discurso felicitando al diputado electo Di\u00f3genes Gonz\u00e1lez &#8220;por asumir este compromiso, de haber trabajado y de habernos acompa\u00f1ado durante la campa\u00f1a&#8221;. Luego extendi\u00f3 su agradecimiento a todo el espacio de Vamos Corrientes, que &#8220;ha trabajado incansablemente&#8221;, y mencion\u00f3 especialmente a los fiscales, intendentes, concejales, dirigentes, la Juventud Radical, Franja Morada y las mujeres, reconociendo que &#8220;no ten\u00edamos ni una parada f\u00e1cil ni una parada sencilla&#8221;.<\/p>\n<p>El gobernador electo tambi\u00e9n felicit\u00f3 a los dem\u00e1s espacios que participaron y a los otros diputados electos por Corrientes, a quienes les pidi\u00f3 &#8220;ese compromiso&#8221;. &#8220;Nos tiene que importar el futuro de todos los correntinos y tenemos que trabajar juntos con una mirada de futuro y desarrollo para nuestra provincia&#8221;, afirm\u00f3. Finalmente, Vald\u00e9s expres\u00f3 que es &#8220;un gran orgullo&#8221; esta victoria y que representa &#8220;un gran honor y una responsabilidad en doble grado&#8221;.<\/p>\n<p>Di\u00f3genes Gonz\u00e1lez<br \/>\nEl diputado nacional electo, Di\u00f3genes Gonz\u00e1lez agradeci\u00f3 a los &#8220;miles de correntinos que en todo el territorio de la provincia ratificaron este rumbo y a este equipo de trabajo que gan\u00f3 el 31 de agosto&#8221;. Asegur\u00f3 que el &#8220;sapucay&#8221; que hab\u00edan pedido se cumpli\u00f3.<\/p>\n<p>Gonz\u00e1lez extendi\u00f3 su agradecimiento a todos los que trabajaron en la campa\u00f1a, incluyendo intendentes, concejales, legisladores, dirigentes de todos los partidos y organizaciones civiles. Destac\u00f3 el &#8220;gran trabajo&#8221; de las fuerzas de seguridad y la polic\u00eda, que permiti\u00f3 una &#8220;elecci\u00f3n ejemplar y pac\u00edfica&#8221;, garantizando la paz social en la provincia.<\/p>\n<p>En l\u00ednea con el discurso del gobernador, el diputado electo afirm\u00f3 que &#8220;est\u00e1 garantizado que Corrientes no se dobla a guachazos&#8221;. Finalmente, Gonz\u00e1lez se comprometi\u00f3 a &#8220;hacer lo que dijimos: apoyar al gobernador Juan Pablo Vald\u00e9s y seguir el lineamiento estrat\u00e9gico de nuestro l\u00edder pol\u00edtico, Gustavo Vald\u00e9s.<\/p>\n<p>&nbsp;<\/p>\n<p>&nbsp;<\/p>\n<p>&nbsp;<\/p>\n","protected":false},"excerpt":{"rendered":"<p>Corrientes busca consolidarse dentro del armado nacional de Provincias Unidas, que no hizo una buena elecci\u00f3n En el b\u00fanker electoral ubicado en calle 25 de Mayo 1232 de la ciudad Capital, Vamos Corrientes celebr\u00f3 la victoria en las elecciones legislativas de este 26 de octubre, que llevar\u00e1 a Di\u00f3genes Gonz\u00e1lez al Congreso nacional por el [&hellip;]<\/p>\n","protected":false},"author":4,"featured_media":198314,"comment_status":"closed","ping_status":"closed","sticky":false,"template":"","format":"standard","meta":{"_joinchat":[],"footnotes":""},"categories":[34],"tags":[],"class_list":{"0":"post-198312","1":"post","2":"type-post","3":"status-publish","4":"format-standard","5":"has-post-thumbnail","7":"category-principal"},"yoast_head":"<!-- This site is optimized with the Yoast SEO plugin v27.2 - https:\/\/yoast.com\/product\/yoast-seo-wordpress\/ -->\n<title>Vald\u00e9s: \u201cSeguiremos trabajando para que le vaya bien a la Argentina y a Corrientes\u201d - Radio Infinita Goya<\/title>\n<meta name=\"description\" content=\"Corrientes busca consolidarse dentro del armado nacional de Provincias Unidas, que no hizo una buena elecci\u00f3n En el b\u00fanker electoral ubicado en calle 25\" \/>\n<meta name=\"robots\" content=\"index, follow, max-snippet:-1, max-image-preview:large, max-video-preview:-1\" \/>\n<link rel=\"canonical\" href=\"https:\/\/radioinfinitagoya.com.ar\/v1\/2025\/10\/27\/valdes-seguiremos-trabajando-para-que-le-vaya-bien-a-la-argentina-y-a-corrientes\/\" \/>\n<meta property=\"og:locale\" content=\"es_ES\" \/>\n<meta property=\"og:type\" content=\"article\" \/>\n<meta property=\"og:title\" content=\"Vald\u00e9s: \u201cSeguiremos trabajando para que le vaya bien a la Argentina y a Corrientes\u201d - Radio Infinita Goya\" \/>\n<meta property=\"og:description\" content=\"Corrientes busca consolidarse dentro del armado nacional de Provincias Unidas, que no hizo una buena elecci\u00f3n En el b\u00fanker electoral ubicado en calle 25\" \/>\n<meta property=\"og:url\" content=\"https:\/\/radioinfinitagoya.com.ar\/v1\/2025\/10\/27\/valdes-seguiremos-trabajando-para-que-le-vaya-bien-a-la-argentina-y-a-corrientes\/\" \/>\n<meta property=\"og:site_name\" content=\"Radio Infinita Goya\" \/>\n<meta property=\"article:publisher\" content=\"https:\/\/www.facebook.com\/p\/Infinita-Goya-100063870918311\/\" \/>\n<meta property=\"article:published_time\" content=\"2025-10-27T20:51:24+00:00\" \/>\n<meta property=\"og:image\" content=\"https:\/\/radioinfinitagoya.com.ar\/v1\/wp-content\/uploads\/2025\/10\/G4OnoY2WkAAE9RV.jpg\" \/>\n\t<meta property=\"og:image:width\" content=\"2888\" \/>\n\t<meta property=\"og:image:height\" content=\"1926\" \/>\n\t<meta property=\"og:image:type\" content=\"image\/jpeg\" \/>\n<meta name=\"author\" content=\"Jorge Mi\u00f1o\" \/>\n<meta name=\"twitter:card\" content=\"summary_large_image\" \/>\n<meta name=\"twitter:label1\" content=\"Escrito por\" \/>\n\t<meta name=\"twitter:data1\" content=\"Jorge Mi\u00f1o\" \/>\n\t<meta name=\"twitter:label2\" content=\"Tiempo de lectura\" \/>\n\t<meta name=\"twitter:data2\" content=\"4 minutos\" \/>\n<script type=\"application\/ld+json\" class=\"yoast-schema-graph\">{\"@context\":\"https:\/\/schema.org\",\"@graph\":[{\"@type\":\"Article\",\"@id\":\"https:\/\/radioinfinitagoya.com.ar\/v1\/2025\/10\/27\/valdes-seguiremos-trabajando-para-que-le-vaya-bien-a-la-argentina-y-a-corrientes\/#article\",\"isPartOf\":{\"@id\":\"https:\/\/radioinfinitagoya.com.ar\/v1\/2025\/10\/27\/valdes-seguiremos-trabajando-para-que-le-vaya-bien-a-la-argentina-y-a-corrientes\/\"},\"author\":{\"name\":\"Jorge Mi\u00f1o\",\"@id\":\"https:\/\/radioinfinitagoya.com.ar\/v1\/#\/schema\/person\/d4cf9c413d4f6edb24aabdccab49ca4a\"},\"headline\":\"Vald\u00e9s: \u201cSeguiremos trabajando para que le vaya bien a la Argentina y a Corrientes\u201d\",\"datePublished\":\"2025-10-27T20:51:24+00:00\",\"mainEntityOfPage\":{\"@id\":\"https:\/\/radioinfinitagoya.com.ar\/v1\/2025\/10\/27\/valdes-seguiremos-trabajando-para-que-le-vaya-bien-a-la-argentina-y-a-corrientes\/\"},\"wordCount\":678,\"publisher\":{\"@id\":\"https:\/\/radioinfinitagoya.com.ar\/v1\/#organization\"},\"image\":{\"@id\":\"https:\/\/radioinfinitagoya.com.ar\/v1\/2025\/10\/27\/valdes-seguiremos-trabajando-para-que-le-vaya-bien-a-la-argentina-y-a-corrientes\/#primaryimage\"},\"thumbnailUrl\":\"https:\/\/radioinfinitagoya.com.ar\/v1\/wp-content\/uploads\/2025\/10\/G4OnoY2WkAAE9RV.jpg\",\"articleSection\":[\"PRINCIPAL\"],\"inLanguage\":\"es-AR\"},{\"@type\":\"WebPage\",\"@id\":\"https:\/\/radioinfinitagoya.com.ar\/v1\/2025\/10\/27\/valdes-seguiremos-trabajando-para-que-le-vaya-bien-a-la-argentina-y-a-corrientes\/\",\"url\":\"https:\/\/radioinfinitagoya.com.ar\/v1\/2025\/10\/27\/valdes-seguiremos-trabajando-para-que-le-vaya-bien-a-la-argentina-y-a-corrientes\/\",\"name\":\"Vald\u00e9s: \u201cSeguiremos trabajando para que le vaya bien a la Argentina y a Corrientes\u201d - Radio Infinita Goya\",\"isPartOf\":{\"@id\":\"https:\/\/radioinfinitagoya.com.ar\/v1\/#website\"},\"primaryImageOfPage\":{\"@id\":\"https:\/\/radioinfinitagoya.com.ar\/v1\/2025\/10\/27\/valdes-seguiremos-trabajando-para-que-le-vaya-bien-a-la-argentina-y-a-corrientes\/#primaryimage\"},\"image\":{\"@id\":\"https:\/\/radioinfinitagoya.com.ar\/v1\/2025\/10\/27\/valdes-seguiremos-trabajando-para-que-le-vaya-bien-a-la-argentina-y-a-corrientes\/#primaryimage\"},\"thumbnailUrl\":\"https:\/\/radioinfinitagoya.com.ar\/v1\/wp-content\/uploads\/2025\/10\/G4OnoY2WkAAE9RV.jpg\",\"datePublished\":\"2025-10-27T20:51:24+00:00\",\"description\":\"Corrientes busca consolidarse dentro del armado nacional de Provincias Unidas, que no hizo una buena elecci\u00f3n En el b\u00fanker electoral ubicado en calle 25\",\"breadcrumb\":{\"@id\":\"https:\/\/radioinfinitagoya.com.ar\/v1\/2025\/10\/27\/valdes-seguiremos-trabajando-para-que-le-vaya-bien-a-la-argentina-y-a-corrientes\/#breadcrumb\"},\"inLanguage\":\"es-AR\",\"potentialAction\":[{\"@type\":\"ReadAction\",\"target\":[\"https:\/\/radioinfinitagoya.com.ar\/v1\/2025\/10\/27\/valdes-seguiremos-trabajando-para-que-le-vaya-bien-a-la-argentina-y-a-corrientes\/\"]}]},{\"@type\":\"ImageObject\",\"inLanguage\":\"es-AR\",\"@id\":\"https:\/\/radioinfinitagoya.com.ar\/v1\/2025\/10\/27\/valdes-seguiremos-trabajando-para-que-le-vaya-bien-a-la-argentina-y-a-corrientes\/#primaryimage\",\"url\":\"https:\/\/radioinfinitagoya.com.ar\/v1\/wp-content\/uploads\/2025\/10\/G4OnoY2WkAAE9RV.jpg\",\"contentUrl\":\"https:\/\/radioinfinitagoya.com.ar\/v1\/wp-content\/uploads\/2025\/10\/G4OnoY2WkAAE9RV.jpg\",\"width\":2888,\"height\":1926},{\"@type\":\"BreadcrumbList\",\"@id\":\"https:\/\/radioinfinitagoya.com.ar\/v1\/2025\/10\/27\/valdes-seguiremos-trabajando-para-que-le-vaya-bien-a-la-argentina-y-a-corrientes\/#breadcrumb\",\"itemListElement\":[{\"@type\":\"ListItem\",\"position\":1,\"name\":\"Inicio\",\"item\":\"https:\/\/radioinfinitagoya.com.ar\/v1\/\"},{\"@type\":\"ListItem\",\"position\":2,\"name\":\"Vald\u00e9s: \u201cSeguiremos trabajando para que le vaya bien a la Argentina y a Corrientes\u201d\"}]},{\"@type\":\"WebSite\",\"@id\":\"https:\/\/radioinfinitagoya.com.ar\/v1\/#website\",\"url\":\"https:\/\/radioinfinitagoya.com.ar\/v1\/\",\"name\":\"radioinfinitagoya.com.ar\",\"description\":\"Radio de noticias\",\"publisher\":{\"@id\":\"https:\/\/radioinfinitagoya.com.ar\/v1\/#organization\"},\"potentialAction\":[{\"@type\":\"SearchAction\",\"target\":{\"@type\":\"EntryPoint\",\"urlTemplate\":\"https:\/\/radioinfinitagoya.com.ar\/v1\/?s={search_term_string}\"},\"query-input\":{\"@type\":\"PropertyValueSpecification\",\"valueRequired\":true,\"valueName\":\"search_term_string\"}}],\"inLanguage\":\"es-AR\"},{\"@type\":\"Organization\",\"@id\":\"https:\/\/radioinfinitagoya.com.ar\/v1\/#organization\",\"name\":\"Radio Infinita Goya\",\"url\":\"https:\/\/radioinfinitagoya.com.ar\/v1\/\",\"logo\":{\"@type\":\"ImageObject\",\"inLanguage\":\"es-AR\",\"@id\":\"https:\/\/radioinfinitagoya.com.ar\/v1\/#\/schema\/logo\/image\/\",\"url\":\"https:\/\/radioinfinitagoya.com.ar\/v1\/wp-content\/uploads\/2019\/11\/logo-pie-web.png\",\"contentUrl\":\"https:\/\/radioinfinitagoya.com.ar\/v1\/wp-content\/uploads\/2019\/11\/logo-pie-web.png\",\"width\":635,\"height\":326,\"caption\":\"Radio Infinita Goya\"},\"image\":{\"@id\":\"https:\/\/radioinfinitagoya.com.ar\/v1\/#\/schema\/logo\/image\/\"},\"sameAs\":[\"https:\/\/www.facebook.com\/p\/Infinita-Goya-100063870918311\/\"]},{\"@type\":\"Person\",\"@id\":\"https:\/\/radioinfinitagoya.com.ar\/v1\/#\/schema\/person\/d4cf9c413d4f6edb24aabdccab49ca4a\",\"name\":\"Jorge Mi\u00f1o\",\"image\":{\"@type\":\"ImageObject\",\"inLanguage\":\"es-AR\",\"@id\":\"https:\/\/secure.gravatar.com\/avatar\/910fcf6728fe95320e07a6643c1581fec1c7fc4bf8ae12e3d8f0d0373dc844be?s=96&d=mm&r=g\",\"url\":\"https:\/\/secure.gravatar.com\/avatar\/910fcf6728fe95320e07a6643c1581fec1c7fc4bf8ae12e3d8f0d0373dc844be?s=96&d=mm&r=g\",\"contentUrl\":\"https:\/\/secure.gravatar.com\/avatar\/910fcf6728fe95320e07a6643c1581fec1c7fc4bf8ae12e3d8f0d0373dc844be?s=96&d=mm&r=g\",\"caption\":\"Jorge Mi\u00f1o\"},\"sameAs\":[\"http:\/\/radioinfinitagoya.com.ar\"]}]}<\/script>\n<!-- \/ Yoast SEO plugin. -->","yoast_head_json":{"title":"Vald\u00e9s: \u201cSeguiremos trabajando para que le vaya bien a la Argentina y a Corrientes\u201d - Radio Infinita Goya","description":"Corrientes busca consolidarse dentro del armado nacional de Provincias Unidas, que no hizo una buena elecci\u00f3n En el b\u00fanker electoral ubicado en calle 25","robots":{"index":"index","follow":"follow","max-snippet":"max-snippet:-1","max-image-preview":"max-image-preview:large","max-video-preview":"max-video-preview:-1"},"canonical":"https:\/\/radioinfinitagoya.com.ar\/v1\/2025\/10\/27\/valdes-seguiremos-trabajando-para-que-le-vaya-bien-a-la-argentina-y-a-corrientes\/","og_locale":"es_ES","og_type":"article","og_title":"Vald\u00e9s: \u201cSeguiremos trabajando para que le vaya bien a la Argentina y a Corrientes\u201d - Radio Infinita Goya","og_description":"Corrientes busca consolidarse dentro del armado nacional de Provincias Unidas, que no hizo una buena elecci\u00f3n En el b\u00fanker electoral ubicado en calle 25","og_url":"https:\/\/radioinfinitagoya.com.ar\/v1\/2025\/10\/27\/valdes-seguiremos-trabajando-para-que-le-vaya-bien-a-la-argentina-y-a-corrientes\/","og_site_name":"Radio Infinita Goya","article_publisher":"https:\/\/www.facebook.com\/p\/Infinita-Goya-100063870918311\/","article_published_time":"2025-10-27T20:51:24+00:00","og_image":[{"url":"https:\/\/radioinfinitagoya.com.ar\/v1\/wp-content\/uploads\/2025\/10\/G4OnoY2WkAAE9RV.jpg","width":2888,"height":1926,"type":"image\/jpeg"}],"author":"Jorge Mi\u00f1o","twitter_card":"summary_large_image","twitter_misc":{"Escrito por":"Jorge Mi\u00f1o","Tiempo de lectura":"4 minutos"},"schema":{"@context":"https:\/\/schema.org","@graph":[{"@type":"Article","@id":"https:\/\/radioinfinitagoya.com.ar\/v1\/2025\/10\/27\/valdes-seguiremos-trabajando-para-que-le-vaya-bien-a-la-argentina-y-a-corrientes\/#article","isPartOf":{"@id":"https:\/\/radioinfinitagoya.com.ar\/v1\/2025\/10\/27\/valdes-seguiremos-trabajando-para-que-le-vaya-bien-a-la-argentina-y-a-corrientes\/"},"author":{"name":"Jorge Mi\u00f1o","@id":"https:\/\/radioinfinitagoya.com.ar\/v1\/#\/schema\/person\/d4cf9c413d4f6edb24aabdccab49ca4a"},"headline":"Vald\u00e9s: \u201cSeguiremos trabajando para que le vaya bien a la Argentina y a Corrientes\u201d","datePublished":"2025-10-27T20:51:24+00:00","mainEntityOfPage":{"@id":"https:\/\/radioinfinitagoya.com.ar\/v1\/2025\/10\/27\/valdes-seguiremos-trabajando-para-que-le-vaya-bien-a-la-argentina-y-a-corrientes\/"},"wordCount":678,"publisher":{"@id":"https:\/\/radioinfinitagoya.com.ar\/v1\/#organization"},"image":{"@id":"https:\/\/radioinfinitagoya.com.ar\/v1\/2025\/10\/27\/valdes-seguiremos-trabajando-para-que-le-vaya-bien-a-la-argentina-y-a-corrientes\/#primaryimage"},"thumbnailUrl":"https:\/\/radioinfinitagoya.com.ar\/v1\/wp-content\/uploads\/2025\/10\/G4OnoY2WkAAE9RV.jpg","articleSection":["PRINCIPAL"],"inLanguage":"es-AR"},{"@type":"WebPage","@id":"https:\/\/radioinfinitagoya.com.ar\/v1\/2025\/10\/27\/valdes-seguiremos-trabajando-para-que-le-vaya-bien-a-la-argentina-y-a-corrientes\/","url":"https:\/\/radioinfinitagoya.com.ar\/v1\/2025\/10\/27\/valdes-seguiremos-trabajando-para-que-le-vaya-bien-a-la-argentina-y-a-corrientes\/","name":"Vald\u00e9s: \u201cSeguiremos trabajando para que le vaya bien a la Argentina y a Corrientes\u201d - Radio Infinita Goya","isPartOf":{"@id":"https:\/\/radioinfinitagoya.com.ar\/v1\/#website"},"primaryImageOfPage":{"@id":"https:\/\/radioinfinitagoya.com.ar\/v1\/2025\/10\/27\/valdes-seguiremos-trabajando-para-que-le-vaya-bien-a-la-argentina-y-a-corrientes\/#primaryimage"},"image":{"@id":"https:\/\/radioinfinitagoya.com.ar\/v1\/2025\/10\/27\/valdes-seguiremos-trabajando-para-que-le-vaya-bien-a-la-argentina-y-a-corrientes\/#primaryimage"},"thumbnailUrl":"https:\/\/radioinfinitagoya.com.ar\/v1\/wp-content\/uploads\/2025\/10\/G4OnoY2WkAAE9RV.jpg","datePublished":"2025-10-27T20:51:24+00:00","description":"Corrientes busca consolidarse dentro del armado nacional de Provincias Unidas, que no hizo una buena elecci\u00f3n En el b\u00fanker electoral ubicado en calle 25","breadcrumb":{"@id":"https:\/\/radioinfinitagoya.com.ar\/v1\/2025\/10\/27\/valdes-seguiremos-trabajando-para-que-le-vaya-bien-a-la-argentina-y-a-corrientes\/#breadcrumb"},"inLanguage":"es-AR","potentialAction":[{"@type":"ReadAction","target":["https:\/\/radioinfinitagoya.com.ar\/v1\/2025\/10\/27\/valdes-seguiremos-trabajando-para-que-le-vaya-bien-a-la-argentina-y-a-corrientes\/"]}]},{"@type":"ImageObject","inLanguage":"es-AR","@id":"https:\/\/radioinfinitagoya.com.ar\/v1\/2025\/10\/27\/valdes-seguiremos-trabajando-para-que-le-vaya-bien-a-la-argentina-y-a-corrientes\/#primaryimage","url":"https:\/\/radioinfinitagoya.com.ar\/v1\/wp-content\/uploads\/2025\/10\/G4OnoY2WkAAE9RV.jpg","contentUrl":"https:\/\/radioinfinitagoya.com.ar\/v1\/wp-content\/uploads\/2025\/10\/G4OnoY2WkAAE9RV.jpg","width":2888,"height":1926},{"@type":"BreadcrumbList","@id":"https:\/\/radioinfinitagoya.com.ar\/v1\/2025\/10\/27\/valdes-seguiremos-trabajando-para-que-le-vaya-bien-a-la-argentina-y-a-corrientes\/#breadcrumb","itemListElement":[{"@type":"ListItem","position":1,"name":"Inicio","item":"https:\/\/radioinfinitagoya.com.ar\/v1\/"},{"@type":"ListItem","position":2,"name":"Vald\u00e9s: \u201cSeguiremos trabajando para que le vaya bien a la Argentina y a Corrientes\u201d"}]},{"@type":"WebSite","@id":"https:\/\/radioinfinitagoya.com.ar\/v1\/#website","url":"https:\/\/radioinfinitagoya.com.ar\/v1\/","name":"radioinfinitagoya.com.ar","description":"Radio de noticias","publisher":{"@id":"https:\/\/radioinfinitagoya.com.ar\/v1\/#organization"},"potentialAction":[{"@type":"SearchAction","target":{"@type":"EntryPoint","urlTemplate":"https:\/\/radioinfinitagoya.com.ar\/v1\/?s={search_term_string}"},"query-input":{"@type":"PropertyValueSpecification","valueRequired":true,"valueName":"search_term_string"}}],"inLanguage":"es-AR"},{"@type":"Organization","@id":"https:\/\/radioinfinitagoya.com.ar\/v1\/#organization","name":"Radio Infinita Goya","url":"https:\/\/radioinfinitagoya.com.ar\/v1\/","logo":{"@type":"ImageObject","inLanguage":"es-AR","@id":"https:\/\/radioinfinitagoya.com.ar\/v1\/#\/schema\/logo\/image\/","url":"https:\/\/radioinfinitagoya.com.ar\/v1\/wp-content\/uploads\/2019\/11\/logo-pie-web.png","contentUrl":"https:\/\/radioinfinitagoya.com.ar\/v1\/wp-content\/uploads\/2019\/11\/logo-pie-web.png","width":635,"height":326,"caption":"Radio Infinita Goya"},"image":{"@id":"https:\/\/radioinfinitagoya.com.ar\/v1\/#\/schema\/logo\/image\/"},"sameAs":["https:\/\/www.facebook.com\/p\/Infinita-Goya-100063870918311\/"]},{"@type":"Person","@id":"https:\/\/radioinfinitagoya.com.ar\/v1\/#\/schema\/person\/d4cf9c413d4f6edb24aabdccab49ca4a","name":"Jorge Mi\u00f1o","image":{"@type":"ImageObject","inLanguage":"es-AR","@id":"https:\/\/secure.gravatar.com\/avatar\/910fcf6728fe95320e07a6643c1581fec1c7fc4bf8ae12e3d8f0d0373dc844be?s=96&d=mm&r=g","url":"https:\/\/secure.gravatar.com\/avatar\/910fcf6728fe95320e07a6643c1581fec1c7fc4bf8ae12e3d8f0d0373dc844be?s=96&d=mm&r=g","contentUrl":"https:\/\/secure.gravatar.com\/avatar\/910fcf6728fe95320e07a6643c1581fec1c7fc4bf8ae12e3d8f0d0373dc844be?s=96&d=mm&r=g","caption":"Jorge Mi\u00f1o"},"sameAs":["http:\/\/radioinfinitagoya.com.ar"]}]}},"_links":{"self":[{"href":"https:\/\/radioinfinitagoya.com.ar\/v1\/wp-json\/wp\/v2\/posts\/198312","targetHints":{"allow":["GET"]}}],"collection":[{"href":"https:\/\/radioinfinitagoya.com.ar\/v1\/wp-json\/wp\/v2\/posts"}],"about":[{"href":"https:\/\/radioinfinitagoya.com.ar\/v1\/wp-json\/wp\/v2\/types\/post"}],"author":[{"embeddable":true,"href":"https:\/\/radioinfinitagoya.com.ar\/v1\/wp-json\/wp\/v2\/users\/4"}],"replies":[{"embeddable":true,"href":"https:\/\/radioinfinitagoya.com.ar\/v1\/wp-json\/wp\/v2\/comments?post=198312"}],"version-history":[{"count":0,"href":"https:\/\/radioinfinitagoya.com.ar\/v1\/wp-json\/wp\/v2\/posts\/198312\/revisions"}],"wp:featuredmedia":[{"embeddable":true,"href":"https:\/\/radioinfinitagoya.com.ar\/v1\/wp-json\/wp\/v2\/media\/198314"}],"wp:attachment":[{"href":"https:\/\/radioinfinitagoya.com.ar\/v1\/wp-json\/wp\/v2\/media?parent=198312"}],"wp:term":[{"taxonomy":"category","embeddable":true,"href":"https:\/\/radioinfinitagoya.com.ar\/v1\/wp-json\/wp\/v2\/categories?post=198312"},{"taxonomy":"post_tag","embeddable":true,"href":"https:\/\/radioinfinitagoya.com.ar\/v1\/wp-json\/wp\/v2\/tags?post=198312"}],"curies":[{"name":"wp","href":"https:\/\/api.w.org\/{rel}","templated":true}]}}