{"id":198316,"date":"2025-10-27T17:53:17","date_gmt":"2025-10-27T20:53:17","guid":{"rendered":"https:\/\/radioinfinitagoya.com.ar\/v1\/?p=198316"},"modified":"2025-10-27T17:53:17","modified_gmt":"2025-10-27T20:53:17","slug":"14-15-y-16-de-noviembre-en-costanera-norte-12-fiesta-provincial-del-inmigrante","status":"publish","type":"post","link":"https:\/\/radioinfinitagoya.com.ar\/v1\/2025\/10\/27\/14-15-y-16-de-noviembre-en-costanera-norte-12-fiesta-provincial-del-inmigrante\/","title":{"rendered":"14, 15 y 16 de Noviembre en Costanera Norte: 12\u00b0 Fiesta Provincial del Inmigrante"},"content":{"rendered":"<p>La 12\u00aa edici\u00f3n de la Fiesta Provincial del Inmigrante llega a la ciudad para rendir honores a los inmigrantes que fueron parte fundamental del crecimiento y desarrollo de Goya. La tradicional fiesta es la expresi\u00f3n m\u00e1s acabada del v\u00ednculo entre ellos y la ciudad. Este domingo 2 ser\u00e1 la gala de Presentaci\u00f3n y Coronaci\u00f3n de Reinas de Colectividades en Costanera Norte desde las 19 horas.<\/p>\n<p>El encuentro principal contar\u00e1 con stands de los pa\u00edses distribuidos a lo largo y a lo ancho del Predio Costa Surub\u00ed con una oferta variada de platos y bebidas t\u00edpicas. Adem\u00e1s, habr\u00e1 un escenario principal, como todos los a\u00f1os, con espect\u00e1culos destacados y las tradicionales danzas del mundo por parte de las colectividades. El stand de Argentina tendr\u00e1 muchas actividades con variadas propuestas para disfrutar de la cultura local.<\/p>\n<p>Habr\u00e1 23 colectividades, el d\u00eda viernes 14: inauguraci\u00f3n de la expo con puestos de las colectividades, feria de artesanos y emprendedores, acto de Apertura de la presente edici\u00f3n, presentaci\u00f3n de postulantes a reinas, elecci\u00f3n del embajador de la fiesta (este a\u00f1o por primera vez se implementa esta elecci\u00f3n) y festival art\u00edstico musical. El s\u00e1bado el tradicional Desfile de las colectividades, participaci\u00f3n de colectividades de otras provincias, elecci\u00f3n de reina, show musical. El domingo se proyecta el desfile de ni\u00f1os representando cada colectividad, continuidad de la expo y festival.<\/p>\n<p>En esta edici\u00f3n acompa\u00f1ar\u00e1n los Institutos de Ballet de Las Bre\u00f1as, Chaco, Ballet Suizo de Humboldt, Santa Fe y de Ober\u00e1, Misiones (Fiesta Nacional del Inmigrante).<\/p>\n<p>Si lo adelant\u00f3 la organizadora del encuentro, profesora M\u00f3nica Pazos.<\/p>\n<p>PRESENTACI\u00d3N Y CORONACI\u00d3N EN COSTANERA NORTE<\/p>\n<p>Pero antes de las jornadas principales, Pazos invit\u00f3 a la ciudadan\u00eda para ir palpitando el evento, a una gala que tendr\u00e1 lugar este domingo 2 de noviembre desde las 19 horas en Costanera Norte (Playa El Inga) con la presentaci\u00f3n de la edici\u00f3n 2025 de la Fiesta Provincial del Inmigrante. En esta ocasi\u00f3n tambi\u00e9n ser\u00e1n coronadas las soberanas representantes de cada colectividad. Habr\u00e1 stand con degustaci\u00f3n de comidas t\u00edpicas y mucha m\u00fasica en este renovado paseo costero.<\/p>\n<p>\u201cLas reinas van a poder recorrer la costanera, hablar con la gente, contarle sobre lo que es la fiesta. Es un evento gratuito, no se cobra entrada y se puede disfrutar de un mont\u00f3n de cosas, entonces esta va a ser la manera de que las reinas empiecen a tomar contacto con los goyanos\u201d explic\u00f3.<\/p>\n<p>Asimismo, est\u00e1n invitadas a desplegar brillo, color y alegr\u00eda algunas comparsas de nuestra ciudad. La presencia de los embajadores culturales que pasear\u00e1n su se\u00f1or\u00edo por El Ing\u00e1 en permanente contacto con la gente transmitiendo saberes de nuestra identidad cultural con los asistentes.<\/p>\n<p>&nbsp;<\/p>\n","protected":false},"excerpt":{"rendered":"<p>La 12\u00aa edici\u00f3n de la Fiesta Provincial del Inmigrante llega a la ciudad para rendir honores a los inmigrantes que fueron parte fundamental del crecimiento y desarrollo de Goya. La tradicional fiesta es la expresi\u00f3n m\u00e1s acabada del v\u00ednculo entre ellos y la ciudad. Este domingo 2 ser\u00e1 la gala de Presentaci\u00f3n y Coronaci\u00f3n de [&hellip;]<\/p>\n","protected":false},"author":4,"featured_media":198317,"comment_status":"closed","ping_status":"closed","sticky":false,"template":"","format":"standard","meta":{"_joinchat":[],"footnotes":""},"categories":[27],"tags":[],"class_list":{"0":"post-198316","1":"post","2":"type-post","3":"status-publish","4":"format-standard","5":"has-post-thumbnail","7":"category-locales"},"yoast_head":"<!-- This site is optimized with the Yoast SEO plugin v27.2 - https:\/\/yoast.com\/product\/yoast-seo-wordpress\/ -->\n<title>14, 15 y 16 de Noviembre en Costanera Norte: 12\u00b0 Fiesta Provincial del Inmigrante - Radio Infinita Goya<\/title>\n<meta name=\"description\" content=\"La 12\u00aa edici\u00f3n de la Fiesta Provincial del Inmigrante llega a la ciudad para rendir honores a los inmigrantes que fueron parte fundamental del crecimiento\" \/>\n<meta name=\"robots\" content=\"index, follow, max-snippet:-1, max-image-preview:large, max-video-preview:-1\" \/>\n<link rel=\"canonical\" href=\"https:\/\/radioinfinitagoya.com.ar\/v1\/2025\/10\/27\/14-15-y-16-de-noviembre-en-costanera-norte-12-fiesta-provincial-del-inmigrante\/\" \/>\n<meta property=\"og:locale\" content=\"es_ES\" \/>\n<meta property=\"og:type\" content=\"article\" \/>\n<meta property=\"og:title\" content=\"14, 15 y 16 de Noviembre en Costanera Norte: 12\u00b0 Fiesta Provincial del Inmigrante - Radio Infinita Goya\" \/>\n<meta property=\"og:description\" content=\"La 12\u00aa edici\u00f3n de la Fiesta Provincial del Inmigrante llega a la ciudad para rendir honores a los inmigrantes que fueron parte fundamental del crecimiento\" \/>\n<meta property=\"og:url\" content=\"https:\/\/radioinfinitagoya.com.ar\/v1\/2025\/10\/27\/14-15-y-16-de-noviembre-en-costanera-norte-12-fiesta-provincial-del-inmigrante\/\" \/>\n<meta property=\"og:site_name\" content=\"Radio Infinita Goya\" \/>\n<meta property=\"article:publisher\" content=\"https:\/\/www.facebook.com\/p\/Infinita-Goya-100063870918311\/\" \/>\n<meta property=\"article:published_time\" content=\"2025-10-27T20:53:17+00:00\" \/>\n<meta property=\"og:image\" content=\"https:\/\/radioinfinitagoya.com.ar\/v1\/wp-content\/uploads\/2025\/10\/inmigrant_1.jpg\" \/>\n\t<meta property=\"og:image:width\" content=\"848\" \/>\n\t<meta property=\"og:image:height\" content=\"477\" \/>\n\t<meta property=\"og:image:type\" content=\"image\/jpeg\" \/>\n<meta name=\"author\" content=\"Jorge Mi\u00f1o\" \/>\n<meta name=\"twitter:card\" content=\"summary_large_image\" \/>\n<meta name=\"twitter:label1\" content=\"Escrito por\" \/>\n\t<meta name=\"twitter:data1\" content=\"Jorge Mi\u00f1o\" \/>\n\t<meta name=\"twitter:label2\" content=\"Tiempo de lectura\" \/>\n\t<meta name=\"twitter:data2\" content=\"3 minutos\" \/>\n<script type=\"application\/ld+json\" class=\"yoast-schema-graph\">{\"@context\":\"https:\/\/schema.org\",\"@graph\":[{\"@type\":\"Article\",\"@id\":\"https:\/\/radioinfinitagoya.com.ar\/v1\/2025\/10\/27\/14-15-y-16-de-noviembre-en-costanera-norte-12-fiesta-provincial-del-inmigrante\/#article\",\"isPartOf\":{\"@id\":\"https:\/\/radioinfinitagoya.com.ar\/v1\/2025\/10\/27\/14-15-y-16-de-noviembre-en-costanera-norte-12-fiesta-provincial-del-inmigrante\/\"},\"author\":{\"name\":\"Jorge Mi\u00f1o\",\"@id\":\"https:\/\/radioinfinitagoya.com.ar\/v1\/#\/schema\/person\/d4cf9c413d4f6edb24aabdccab49ca4a\"},\"headline\":\"14, 15 y 16 de Noviembre en Costanera Norte: 12\u00b0 Fiesta Provincial del Inmigrante\",\"datePublished\":\"2025-10-27T20:53:17+00:00\",\"mainEntityOfPage\":{\"@id\":\"https:\/\/radioinfinitagoya.com.ar\/v1\/2025\/10\/27\/14-15-y-16-de-noviembre-en-costanera-norte-12-fiesta-provincial-del-inmigrante\/\"},\"wordCount\":486,\"publisher\":{\"@id\":\"https:\/\/radioinfinitagoya.com.ar\/v1\/#organization\"},\"image\":{\"@id\":\"https:\/\/radioinfinitagoya.com.ar\/v1\/2025\/10\/27\/14-15-y-16-de-noviembre-en-costanera-norte-12-fiesta-provincial-del-inmigrante\/#primaryimage\"},\"thumbnailUrl\":\"https:\/\/radioinfinitagoya.com.ar\/v1\/wp-content\/uploads\/2025\/10\/inmigrant_1.jpg\",\"articleSection\":[\"LOCALES\"],\"inLanguage\":\"es-AR\"},{\"@type\":\"WebPage\",\"@id\":\"https:\/\/radioinfinitagoya.com.ar\/v1\/2025\/10\/27\/14-15-y-16-de-noviembre-en-costanera-norte-12-fiesta-provincial-del-inmigrante\/\",\"url\":\"https:\/\/radioinfinitagoya.com.ar\/v1\/2025\/10\/27\/14-15-y-16-de-noviembre-en-costanera-norte-12-fiesta-provincial-del-inmigrante\/\",\"name\":\"14, 15 y 16 de Noviembre en Costanera Norte: 12\u00b0 Fiesta Provincial del Inmigrante - Radio Infinita Goya\",\"isPartOf\":{\"@id\":\"https:\/\/radioinfinitagoya.com.ar\/v1\/#website\"},\"primaryImageOfPage\":{\"@id\":\"https:\/\/radioinfinitagoya.com.ar\/v1\/2025\/10\/27\/14-15-y-16-de-noviembre-en-costanera-norte-12-fiesta-provincial-del-inmigrante\/#primaryimage\"},\"image\":{\"@id\":\"https:\/\/radioinfinitagoya.com.ar\/v1\/2025\/10\/27\/14-15-y-16-de-noviembre-en-costanera-norte-12-fiesta-provincial-del-inmigrante\/#primaryimage\"},\"thumbnailUrl\":\"https:\/\/radioinfinitagoya.com.ar\/v1\/wp-content\/uploads\/2025\/10\/inmigrant_1.jpg\",\"datePublished\":\"2025-10-27T20:53:17+00:00\",\"description\":\"La 12\u00aa edici\u00f3n de la Fiesta Provincial del Inmigrante llega a la ciudad para rendir honores a los inmigrantes que fueron parte fundamental del crecimiento\",\"breadcrumb\":{\"@id\":\"https:\/\/radioinfinitagoya.com.ar\/v1\/2025\/10\/27\/14-15-y-16-de-noviembre-en-costanera-norte-12-fiesta-provincial-del-inmigrante\/#breadcrumb\"},\"inLanguage\":\"es-AR\",\"potentialAction\":[{\"@type\":\"ReadAction\",\"target\":[\"https:\/\/radioinfinitagoya.com.ar\/v1\/2025\/10\/27\/14-15-y-16-de-noviembre-en-costanera-norte-12-fiesta-provincial-del-inmigrante\/\"]}]},{\"@type\":\"ImageObject\",\"inLanguage\":\"es-AR\",\"@id\":\"https:\/\/radioinfinitagoya.com.ar\/v1\/2025\/10\/27\/14-15-y-16-de-noviembre-en-costanera-norte-12-fiesta-provincial-del-inmigrante\/#primaryimage\",\"url\":\"https:\/\/radioinfinitagoya.com.ar\/v1\/wp-content\/uploads\/2025\/10\/inmigrant_1.jpg\",\"contentUrl\":\"https:\/\/radioinfinitagoya.com.ar\/v1\/wp-content\/uploads\/2025\/10\/inmigrant_1.jpg\",\"width\":848,\"height\":477},{\"@type\":\"BreadcrumbList\",\"@id\":\"https:\/\/radioinfinitagoya.com.ar\/v1\/2025\/10\/27\/14-15-y-16-de-noviembre-en-costanera-norte-12-fiesta-provincial-del-inmigrante\/#breadcrumb\",\"itemListElement\":[{\"@type\":\"ListItem\",\"position\":1,\"name\":\"Inicio\",\"item\":\"https:\/\/radioinfinitagoya.com.ar\/v1\/\"},{\"@type\":\"ListItem\",\"position\":2,\"name\":\"14, 15 y 16 de Noviembre en Costanera Norte: 12\u00b0 Fiesta Provincial del Inmigrante\"}]},{\"@type\":\"WebSite\",\"@id\":\"https:\/\/radioinfinitagoya.com.ar\/v1\/#website\",\"url\":\"https:\/\/radioinfinitagoya.com.ar\/v1\/\",\"name\":\"radioinfinitagoya.com.ar\",\"description\":\"Radio de noticias\",\"publisher\":{\"@id\":\"https:\/\/radioinfinitagoya.com.ar\/v1\/#organization\"},\"potentialAction\":[{\"@type\":\"SearchAction\",\"target\":{\"@type\":\"EntryPoint\",\"urlTemplate\":\"https:\/\/radioinfinitagoya.com.ar\/v1\/?s={search_term_string}\"},\"query-input\":{\"@type\":\"PropertyValueSpecification\",\"valueRequired\":true,\"valueName\":\"search_term_string\"}}],\"inLanguage\":\"es-AR\"},{\"@type\":\"Organization\",\"@id\":\"https:\/\/radioinfinitagoya.com.ar\/v1\/#organization\",\"name\":\"Radio Infinita Goya\",\"url\":\"https:\/\/radioinfinitagoya.com.ar\/v1\/\",\"logo\":{\"@type\":\"ImageObject\",\"inLanguage\":\"es-AR\",\"@id\":\"https:\/\/radioinfinitagoya.com.ar\/v1\/#\/schema\/logo\/image\/\",\"url\":\"https:\/\/radioinfinitagoya.com.ar\/v1\/wp-content\/uploads\/2019\/11\/logo-pie-web.png\",\"contentUrl\":\"https:\/\/radioinfinitagoya.com.ar\/v1\/wp-content\/uploads\/2019\/11\/logo-pie-web.png\",\"width\":635,\"height\":326,\"caption\":\"Radio Infinita Goya\"},\"image\":{\"@id\":\"https:\/\/radioinfinitagoya.com.ar\/v1\/#\/schema\/logo\/image\/\"},\"sameAs\":[\"https:\/\/www.facebook.com\/p\/Infinita-Goya-100063870918311\/\"]},{\"@type\":\"Person\",\"@id\":\"https:\/\/radioinfinitagoya.com.ar\/v1\/#\/schema\/person\/d4cf9c413d4f6edb24aabdccab49ca4a\",\"name\":\"Jorge Mi\u00f1o\",\"image\":{\"@type\":\"ImageObject\",\"inLanguage\":\"es-AR\",\"@id\":\"https:\/\/secure.gravatar.com\/avatar\/910fcf6728fe95320e07a6643c1581fec1c7fc4bf8ae12e3d8f0d0373dc844be?s=96&d=mm&r=g\",\"url\":\"https:\/\/secure.gravatar.com\/avatar\/910fcf6728fe95320e07a6643c1581fec1c7fc4bf8ae12e3d8f0d0373dc844be?s=96&d=mm&r=g\",\"contentUrl\":\"https:\/\/secure.gravatar.com\/avatar\/910fcf6728fe95320e07a6643c1581fec1c7fc4bf8ae12e3d8f0d0373dc844be?s=96&d=mm&r=g\",\"caption\":\"Jorge Mi\u00f1o\"},\"sameAs\":[\"http:\/\/radioinfinitagoya.com.ar\"]}]}<\/script>\n<!-- \/ Yoast SEO plugin. -->","yoast_head_json":{"title":"14, 15 y 16 de Noviembre en Costanera Norte: 12\u00b0 Fiesta Provincial del Inmigrante - Radio Infinita Goya","description":"La 12\u00aa edici\u00f3n de la Fiesta Provincial del Inmigrante llega a la ciudad para rendir honores a los inmigrantes que fueron parte fundamental del crecimiento","robots":{"index":"index","follow":"follow","max-snippet":"max-snippet:-1","max-image-preview":"max-image-preview:large","max-video-preview":"max-video-preview:-1"},"canonical":"https:\/\/radioinfinitagoya.com.ar\/v1\/2025\/10\/27\/14-15-y-16-de-noviembre-en-costanera-norte-12-fiesta-provincial-del-inmigrante\/","og_locale":"es_ES","og_type":"article","og_title":"14, 15 y 16 de Noviembre en Costanera Norte: 12\u00b0 Fiesta Provincial del Inmigrante - Radio Infinita Goya","og_description":"La 12\u00aa edici\u00f3n de la Fiesta Provincial del Inmigrante llega a la ciudad para rendir honores a los inmigrantes que fueron parte fundamental del crecimiento","og_url":"https:\/\/radioinfinitagoya.com.ar\/v1\/2025\/10\/27\/14-15-y-16-de-noviembre-en-costanera-norte-12-fiesta-provincial-del-inmigrante\/","og_site_name":"Radio Infinita Goya","article_publisher":"https:\/\/www.facebook.com\/p\/Infinita-Goya-100063870918311\/","article_published_time":"2025-10-27T20:53:17+00:00","og_image":[{"width":848,"height":477,"url":"https:\/\/radioinfinitagoya.com.ar\/v1\/wp-content\/uploads\/2025\/10\/inmigrant_1.jpg","type":"image\/jpeg"}],"author":"Jorge Mi\u00f1o","twitter_card":"summary_large_image","twitter_misc":{"Escrito por":"Jorge Mi\u00f1o","Tiempo de lectura":"3 minutos"},"schema":{"@context":"https:\/\/schema.org","@graph":[{"@type":"Article","@id":"https:\/\/radioinfinitagoya.com.ar\/v1\/2025\/10\/27\/14-15-y-16-de-noviembre-en-costanera-norte-12-fiesta-provincial-del-inmigrante\/#article","isPartOf":{"@id":"https:\/\/radioinfinitagoya.com.ar\/v1\/2025\/10\/27\/14-15-y-16-de-noviembre-en-costanera-norte-12-fiesta-provincial-del-inmigrante\/"},"author":{"name":"Jorge Mi\u00f1o","@id":"https:\/\/radioinfinitagoya.com.ar\/v1\/#\/schema\/person\/d4cf9c413d4f6edb24aabdccab49ca4a"},"headline":"14, 15 y 16 de Noviembre en Costanera Norte: 12\u00b0 Fiesta Provincial del Inmigrante","datePublished":"2025-10-27T20:53:17+00:00","mainEntityOfPage":{"@id":"https:\/\/radioinfinitagoya.com.ar\/v1\/2025\/10\/27\/14-15-y-16-de-noviembre-en-costanera-norte-12-fiesta-provincial-del-inmigrante\/"},"wordCount":486,"publisher":{"@id":"https:\/\/radioinfinitagoya.com.ar\/v1\/#organization"},"image":{"@id":"https:\/\/radioinfinitagoya.com.ar\/v1\/2025\/10\/27\/14-15-y-16-de-noviembre-en-costanera-norte-12-fiesta-provincial-del-inmigrante\/#primaryimage"},"thumbnailUrl":"https:\/\/radioinfinitagoya.com.ar\/v1\/wp-content\/uploads\/2025\/10\/inmigrant_1.jpg","articleSection":["LOCALES"],"inLanguage":"es-AR"},{"@type":"WebPage","@id":"https:\/\/radioinfinitagoya.com.ar\/v1\/2025\/10\/27\/14-15-y-16-de-noviembre-en-costanera-norte-12-fiesta-provincial-del-inmigrante\/","url":"https:\/\/radioinfinitagoya.com.ar\/v1\/2025\/10\/27\/14-15-y-16-de-noviembre-en-costanera-norte-12-fiesta-provincial-del-inmigrante\/","name":"14, 15 y 16 de Noviembre en Costanera Norte: 12\u00b0 Fiesta Provincial del Inmigrante - Radio Infinita Goya","isPartOf":{"@id":"https:\/\/radioinfinitagoya.com.ar\/v1\/#website"},"primaryImageOfPage":{"@id":"https:\/\/radioinfinitagoya.com.ar\/v1\/2025\/10\/27\/14-15-y-16-de-noviembre-en-costanera-norte-12-fiesta-provincial-del-inmigrante\/#primaryimage"},"image":{"@id":"https:\/\/radioinfinitagoya.com.ar\/v1\/2025\/10\/27\/14-15-y-16-de-noviembre-en-costanera-norte-12-fiesta-provincial-del-inmigrante\/#primaryimage"},"thumbnailUrl":"https:\/\/radioinfinitagoya.com.ar\/v1\/wp-content\/uploads\/2025\/10\/inmigrant_1.jpg","datePublished":"2025-10-27T20:53:17+00:00","description":"La 12\u00aa edici\u00f3n de la Fiesta Provincial del Inmigrante llega a la ciudad para rendir honores a los inmigrantes que fueron parte fundamental del crecimiento","breadcrumb":{"@id":"https:\/\/radioinfinitagoya.com.ar\/v1\/2025\/10\/27\/14-15-y-16-de-noviembre-en-costanera-norte-12-fiesta-provincial-del-inmigrante\/#breadcrumb"},"inLanguage":"es-AR","potentialAction":[{"@type":"ReadAction","target":["https:\/\/radioinfinitagoya.com.ar\/v1\/2025\/10\/27\/14-15-y-16-de-noviembre-en-costanera-norte-12-fiesta-provincial-del-inmigrante\/"]}]},{"@type":"ImageObject","inLanguage":"es-AR","@id":"https:\/\/radioinfinitagoya.com.ar\/v1\/2025\/10\/27\/14-15-y-16-de-noviembre-en-costanera-norte-12-fiesta-provincial-del-inmigrante\/#primaryimage","url":"https:\/\/radioinfinitagoya.com.ar\/v1\/wp-content\/uploads\/2025\/10\/inmigrant_1.jpg","contentUrl":"https:\/\/radioinfinitagoya.com.ar\/v1\/wp-content\/uploads\/2025\/10\/inmigrant_1.jpg","width":848,"height":477},{"@type":"BreadcrumbList","@id":"https:\/\/radioinfinitagoya.com.ar\/v1\/2025\/10\/27\/14-15-y-16-de-noviembre-en-costanera-norte-12-fiesta-provincial-del-inmigrante\/#breadcrumb","itemListElement":[{"@type":"ListItem","position":1,"name":"Inicio","item":"https:\/\/radioinfinitagoya.com.ar\/v1\/"},{"@type":"ListItem","position":2,"name":"14, 15 y 16 de Noviembre en Costanera Norte: 12\u00b0 Fiesta Provincial del Inmigrante"}]},{"@type":"WebSite","@id":"https:\/\/radioinfinitagoya.com.ar\/v1\/#website","url":"https:\/\/radioinfinitagoya.com.ar\/v1\/","name":"radioinfinitagoya.com.ar","description":"Radio de noticias","publisher":{"@id":"https:\/\/radioinfinitagoya.com.ar\/v1\/#organization"},"potentialAction":[{"@type":"SearchAction","target":{"@type":"EntryPoint","urlTemplate":"https:\/\/radioinfinitagoya.com.ar\/v1\/?s={search_term_string}"},"query-input":{"@type":"PropertyValueSpecification","valueRequired":true,"valueName":"search_term_string"}}],"inLanguage":"es-AR"},{"@type":"Organization","@id":"https:\/\/radioinfinitagoya.com.ar\/v1\/#organization","name":"Radio Infinita Goya","url":"https:\/\/radioinfinitagoya.com.ar\/v1\/","logo":{"@type":"ImageObject","inLanguage":"es-AR","@id":"https:\/\/radioinfinitagoya.com.ar\/v1\/#\/schema\/logo\/image\/","url":"https:\/\/radioinfinitagoya.com.ar\/v1\/wp-content\/uploads\/2019\/11\/logo-pie-web.png","contentUrl":"https:\/\/radioinfinitagoya.com.ar\/v1\/wp-content\/uploads\/2019\/11\/logo-pie-web.png","width":635,"height":326,"caption":"Radio Infinita Goya"},"image":{"@id":"https:\/\/radioinfinitagoya.com.ar\/v1\/#\/schema\/logo\/image\/"},"sameAs":["https:\/\/www.facebook.com\/p\/Infinita-Goya-100063870918311\/"]},{"@type":"Person","@id":"https:\/\/radioinfinitagoya.com.ar\/v1\/#\/schema\/person\/d4cf9c413d4f6edb24aabdccab49ca4a","name":"Jorge Mi\u00f1o","image":{"@type":"ImageObject","inLanguage":"es-AR","@id":"https:\/\/secure.gravatar.com\/avatar\/910fcf6728fe95320e07a6643c1581fec1c7fc4bf8ae12e3d8f0d0373dc844be?s=96&d=mm&r=g","url":"https:\/\/secure.gravatar.com\/avatar\/910fcf6728fe95320e07a6643c1581fec1c7fc4bf8ae12e3d8f0d0373dc844be?s=96&d=mm&r=g","contentUrl":"https:\/\/secure.gravatar.com\/avatar\/910fcf6728fe95320e07a6643c1581fec1c7fc4bf8ae12e3d8f0d0373dc844be?s=96&d=mm&r=g","caption":"Jorge Mi\u00f1o"},"sameAs":["http:\/\/radioinfinitagoya.com.ar"]}]}},"_links":{"self":[{"href":"https:\/\/radioinfinitagoya.com.ar\/v1\/wp-json\/wp\/v2\/posts\/198316","targetHints":{"allow":["GET"]}}],"collection":[{"href":"https:\/\/radioinfinitagoya.com.ar\/v1\/wp-json\/wp\/v2\/posts"}],"about":[{"href":"https:\/\/radioinfinitagoya.com.ar\/v1\/wp-json\/wp\/v2\/types\/post"}],"author":[{"embeddable":true,"href":"https:\/\/radioinfinitagoya.com.ar\/v1\/wp-json\/wp\/v2\/users\/4"}],"replies":[{"embeddable":true,"href":"https:\/\/radioinfinitagoya.com.ar\/v1\/wp-json\/wp\/v2\/comments?post=198316"}],"version-history":[{"count":0,"href":"https:\/\/radioinfinitagoya.com.ar\/v1\/wp-json\/wp\/v2\/posts\/198316\/revisions"}],"wp:featuredmedia":[{"embeddable":true,"href":"https:\/\/radioinfinitagoya.com.ar\/v1\/wp-json\/wp\/v2\/media\/198317"}],"wp:attachment":[{"href":"https:\/\/radioinfinitagoya.com.ar\/v1\/wp-json\/wp\/v2\/media?parent=198316"}],"wp:term":[{"taxonomy":"category","embeddable":true,"href":"https:\/\/radioinfinitagoya.com.ar\/v1\/wp-json\/wp\/v2\/categories?post=198316"},{"taxonomy":"post_tag","embeddable":true,"href":"https:\/\/radioinfinitagoya.com.ar\/v1\/wp-json\/wp\/v2\/tags?post=198316"}],"curies":[{"name":"wp","href":"https:\/\/api.w.org\/{rel}","templated":true}]}}