{"id":198319,"date":"2025-10-27T17:56:09","date_gmt":"2025-10-27T20:56:09","guid":{"rendered":"https:\/\/radioinfinitagoya.com.ar\/v1\/?p=198319"},"modified":"2025-10-27T17:56:09","modified_gmt":"2025-10-27T20:56:09","slug":"el-cluster-tecnologico-goya-avanza","status":"publish","type":"post","link":"https:\/\/radioinfinitagoya.com.ar\/v1\/2025\/10\/27\/el-cluster-tecnologico-goya-avanza\/","title":{"rendered":"El Cluster Tecnol\u00f3gico Goya avanza"},"content":{"rendered":"<p>Proyecto estrat\u00e9gicos y presenta relevamiento clave sobre estudiantes de la econom\u00eda del conocimiento<\/p>\n<p>El Cl\u00faster Tecnol\u00f3gico Goya realiz\u00f3 una importante reuni\u00f3n el pasado martes 21 de octubre en el Club de Emprendedores, participaron integrantes de la comisi\u00f3n y actores de sus tres pilares: sector privado, educaci\u00f3n y estado. El encuentro tuvo como principal objetivo dialogar sobre el avance de proyectos estrat\u00e9gicos y, de manera central, la presentaci\u00f3n de un detallado relevamiento sobre los estudiantes de Econom\u00eda del Conocimiento en Goya, Corrientes.<\/p>\n<p>AN\u00c1LISIS DE PERFILES Y DI\u00c1LOGO PRODUCTIVO<\/p>\n<p>Durante la jornada, la Profesora Mar\u00eda Eugenia Polo, integrante de la Comisi\u00f3n Educaci\u00f3n del Cl\u00faster, present\u00f3 el an\u00e1lisis exhaustivo realizado a estudiantes. El estudio abarc\u00f3 4 instituciones educativas (secundaria, formaci\u00f3n docente y t\u00e9cnica) y 195 estudiantes de carreras como Tecnicatura en Programaci\u00f3n y Profesorados en Inform\u00e1tica y Tecnolog\u00eda, entre otras. El relevamiento consisti\u00f3 en recopilar informaci\u00f3n sobre las condiciones de estudiantes, docentes y Pr\u00e1cticas Profesionalizantes. El objetivo fue conocer la realidad educativa local para fortalecer la vinculaci\u00f3n con las empresas tecnol\u00f3gicas, detectar necesidades de formaci\u00f3n y promover el desarrollo del sector a nivel regional.<\/p>\n<p>El relevamiento, que se dividi\u00f3 en dos etapas (instituciones educativas y estudiantes), arroj\u00f3 resultados significativos:<\/p>\n<p>El 53% de los estudiantes trabaja en empleos no relacionados con su carrera, y la mayor\u00eda lo hace entre 4 y 8 horas diarias, lo que afecta su disponibilidad acad\u00e9mica.<\/p>\n<p>Se evidenci\u00f3 falta de recursos tecnol\u00f3gicos adecuados y escasos conocimientos t\u00e9cnicos espec\u00edficos en muchos alumnos, aunque un 59% desea capacitarse.<\/p>\n<p>Las Pr\u00e1cticas Profesionalizantes son valoradas, pero se detectaron dificultades log\u00edsticas y escasez de empresas receptoras.<\/p>\n<p>La presentaci\u00f3n gener\u00f3 un productivo &#8220;ida y vuelta&#8221; entre el sector acad\u00e9mico y el empresariado. Los empresarios ofrecieron su feedback sobre los perfiles de los egresados, las posibles mejoras a acentuar y c\u00f3mo podr\u00edan participar activamente en el proceso formativo. Esta articulaci\u00f3n es crucial para que la formaci\u00f3n de los futuros profesionales se alinee con las demandas reales del sector tecnol\u00f3gico.<\/p>\n<p>PR\u00d3XIMOS PASOS Y CONCLUSIONES<\/p>\n<p>Los principales resultados del estudio sugieren la necesidad de ampliar convenios, mejorar recursos, reforzar el acompa\u00f1amiento docente y una mayor articulaci\u00f3n entre instituciones educativas y el sector productivo. Como lo expres\u00f3 la Profesora Polo, el relevamiento &#8220;permite visibilizar la realidad educativa y tecnol\u00f3gica local, aportando datos concretos para la toma de decisiones&#8221;.<\/p>\n<p>El Cl\u00faster Tecnol\u00f3gico Goya ratific\u00f3 su compromiso de continuar fortaleciendo estos lazos. El pr\u00f3ximo paso de la organizaci\u00f3n ser\u00e1 trabajar directamente con el sector privado en oportunidades e iniciativas prioritarias para el sector. Este ser\u00e1 el foco de la pr\u00f3xima reuni\u00f3n, manteniendo la meta de realizar un encuentro mensual con el Cl\u00faster.<\/p>\n","protected":false},"excerpt":{"rendered":"<p>Proyecto estrat\u00e9gicos y presenta relevamiento clave sobre estudiantes de la econom\u00eda del conocimiento El Cl\u00faster Tecnol\u00f3gico Goya realiz\u00f3 una importante reuni\u00f3n el pasado martes 21 de octubre en el Club de Emprendedores, participaron integrantes de la comisi\u00f3n y actores de sus tres pilares: sector privado, educaci\u00f3n y estado. El encuentro tuvo como principal objetivo dialogar [&hellip;]<\/p>\n","protected":false},"author":4,"featured_media":198320,"comment_status":"closed","ping_status":"closed","sticky":false,"template":"","format":"standard","meta":{"_joinchat":[],"footnotes":""},"categories":[27],"tags":[],"class_list":{"0":"post-198319","1":"post","2":"type-post","3":"status-publish","4":"format-standard","5":"has-post-thumbnail","7":"category-locales"},"yoast_head":"<!-- This site is optimized with the Yoast SEO plugin v27.2 - https:\/\/yoast.com\/product\/yoast-seo-wordpress\/ -->\n<title>El Cluster Tecnol\u00f3gico Goya avanza - Radio Infinita Goya<\/title>\n<meta name=\"description\" content=\"Proyecto estrat\u00e9gicos y presenta relevamiento clave sobre estudiantes de la econom\u00eda del conocimiento El Cl\u00faster Tecnol\u00f3gico Goya realiz\u00f3 una importante\" \/>\n<meta name=\"robots\" content=\"index, follow, max-snippet:-1, max-image-preview:large, max-video-preview:-1\" \/>\n<link rel=\"canonical\" href=\"https:\/\/radioinfinitagoya.com.ar\/v1\/2025\/10\/27\/el-cluster-tecnologico-goya-avanza\/\" \/>\n<meta property=\"og:locale\" content=\"es_ES\" \/>\n<meta property=\"og:type\" content=\"article\" \/>\n<meta property=\"og:title\" content=\"El Cluster Tecnol\u00f3gico Goya avanza - Radio Infinita Goya\" \/>\n<meta property=\"og:description\" content=\"Proyecto estrat\u00e9gicos y presenta relevamiento clave sobre estudiantes de la econom\u00eda del conocimiento El Cl\u00faster Tecnol\u00f3gico Goya realiz\u00f3 una importante\" \/>\n<meta property=\"og:url\" content=\"https:\/\/radioinfinitagoya.com.ar\/v1\/2025\/10\/27\/el-cluster-tecnologico-goya-avanza\/\" \/>\n<meta property=\"og:site_name\" content=\"Radio Infinita Goya\" \/>\n<meta property=\"article:publisher\" content=\"https:\/\/www.facebook.com\/p\/Infinita-Goya-100063870918311\/\" \/>\n<meta property=\"article:published_time\" content=\"2025-10-27T20:56:09+00:00\" \/>\n<meta property=\"og:image\" content=\"https:\/\/radioinfinitagoya.com.ar\/v1\/wp-content\/uploads\/2025\/10\/cluste_0.jpg\" \/>\n\t<meta property=\"og:image:width\" content=\"848\" \/>\n\t<meta property=\"og:image:height\" content=\"477\" \/>\n\t<meta property=\"og:image:type\" content=\"image\/jpeg\" \/>\n<meta name=\"author\" content=\"Jorge Mi\u00f1o\" \/>\n<meta name=\"twitter:card\" content=\"summary_large_image\" \/>\n<meta name=\"twitter:label1\" content=\"Escrito por\" \/>\n\t<meta name=\"twitter:data1\" content=\"Jorge Mi\u00f1o\" \/>\n\t<meta name=\"twitter:label2\" content=\"Tiempo de lectura\" \/>\n\t<meta name=\"twitter:data2\" content=\"3 minutos\" \/>\n<script type=\"application\/ld+json\" class=\"yoast-schema-graph\">{\"@context\":\"https:\/\/schema.org\",\"@graph\":[{\"@type\":\"Article\",\"@id\":\"https:\/\/radioinfinitagoya.com.ar\/v1\/2025\/10\/27\/el-cluster-tecnologico-goya-avanza\/#article\",\"isPartOf\":{\"@id\":\"https:\/\/radioinfinitagoya.com.ar\/v1\/2025\/10\/27\/el-cluster-tecnologico-goya-avanza\/\"},\"author\":{\"name\":\"Jorge Mi\u00f1o\",\"@id\":\"https:\/\/radioinfinitagoya.com.ar\/v1\/#\/schema\/person\/d4cf9c413d4f6edb24aabdccab49ca4a\"},\"headline\":\"El Cluster Tecnol\u00f3gico Goya avanza\",\"datePublished\":\"2025-10-27T20:56:09+00:00\",\"mainEntityOfPage\":{\"@id\":\"https:\/\/radioinfinitagoya.com.ar\/v1\/2025\/10\/27\/el-cluster-tecnologico-goya-avanza\/\"},\"wordCount\":481,\"publisher\":{\"@id\":\"https:\/\/radioinfinitagoya.com.ar\/v1\/#organization\"},\"image\":{\"@id\":\"https:\/\/radioinfinitagoya.com.ar\/v1\/2025\/10\/27\/el-cluster-tecnologico-goya-avanza\/#primaryimage\"},\"thumbnailUrl\":\"https:\/\/radioinfinitagoya.com.ar\/v1\/wp-content\/uploads\/2025\/10\/cluste_0.jpg\",\"articleSection\":[\"LOCALES\"],\"inLanguage\":\"es-AR\"},{\"@type\":\"WebPage\",\"@id\":\"https:\/\/radioinfinitagoya.com.ar\/v1\/2025\/10\/27\/el-cluster-tecnologico-goya-avanza\/\",\"url\":\"https:\/\/radioinfinitagoya.com.ar\/v1\/2025\/10\/27\/el-cluster-tecnologico-goya-avanza\/\",\"name\":\"El Cluster Tecnol\u00f3gico Goya avanza - Radio Infinita Goya\",\"isPartOf\":{\"@id\":\"https:\/\/radioinfinitagoya.com.ar\/v1\/#website\"},\"primaryImageOfPage\":{\"@id\":\"https:\/\/radioinfinitagoya.com.ar\/v1\/2025\/10\/27\/el-cluster-tecnologico-goya-avanza\/#primaryimage\"},\"image\":{\"@id\":\"https:\/\/radioinfinitagoya.com.ar\/v1\/2025\/10\/27\/el-cluster-tecnologico-goya-avanza\/#primaryimage\"},\"thumbnailUrl\":\"https:\/\/radioinfinitagoya.com.ar\/v1\/wp-content\/uploads\/2025\/10\/cluste_0.jpg\",\"datePublished\":\"2025-10-27T20:56:09+00:00\",\"description\":\"Proyecto estrat\u00e9gicos y presenta relevamiento clave sobre estudiantes de la econom\u00eda del conocimiento El Cl\u00faster Tecnol\u00f3gico Goya realiz\u00f3 una importante\",\"breadcrumb\":{\"@id\":\"https:\/\/radioinfinitagoya.com.ar\/v1\/2025\/10\/27\/el-cluster-tecnologico-goya-avanza\/#breadcrumb\"},\"inLanguage\":\"es-AR\",\"potentialAction\":[{\"@type\":\"ReadAction\",\"target\":[\"https:\/\/radioinfinitagoya.com.ar\/v1\/2025\/10\/27\/el-cluster-tecnologico-goya-avanza\/\"]}]},{\"@type\":\"ImageObject\",\"inLanguage\":\"es-AR\",\"@id\":\"https:\/\/radioinfinitagoya.com.ar\/v1\/2025\/10\/27\/el-cluster-tecnologico-goya-avanza\/#primaryimage\",\"url\":\"https:\/\/radioinfinitagoya.com.ar\/v1\/wp-content\/uploads\/2025\/10\/cluste_0.jpg\",\"contentUrl\":\"https:\/\/radioinfinitagoya.com.ar\/v1\/wp-content\/uploads\/2025\/10\/cluste_0.jpg\",\"width\":848,\"height\":477},{\"@type\":\"BreadcrumbList\",\"@id\":\"https:\/\/radioinfinitagoya.com.ar\/v1\/2025\/10\/27\/el-cluster-tecnologico-goya-avanza\/#breadcrumb\",\"itemListElement\":[{\"@type\":\"ListItem\",\"position\":1,\"name\":\"Inicio\",\"item\":\"https:\/\/radioinfinitagoya.com.ar\/v1\/\"},{\"@type\":\"ListItem\",\"position\":2,\"name\":\"El Cluster Tecnol\u00f3gico Goya avanza\"}]},{\"@type\":\"WebSite\",\"@id\":\"https:\/\/radioinfinitagoya.com.ar\/v1\/#website\",\"url\":\"https:\/\/radioinfinitagoya.com.ar\/v1\/\",\"name\":\"radioinfinitagoya.com.ar\",\"description\":\"Radio de noticias\",\"publisher\":{\"@id\":\"https:\/\/radioinfinitagoya.com.ar\/v1\/#organization\"},\"potentialAction\":[{\"@type\":\"SearchAction\",\"target\":{\"@type\":\"EntryPoint\",\"urlTemplate\":\"https:\/\/radioinfinitagoya.com.ar\/v1\/?s={search_term_string}\"},\"query-input\":{\"@type\":\"PropertyValueSpecification\",\"valueRequired\":true,\"valueName\":\"search_term_string\"}}],\"inLanguage\":\"es-AR\"},{\"@type\":\"Organization\",\"@id\":\"https:\/\/radioinfinitagoya.com.ar\/v1\/#organization\",\"name\":\"Radio Infinita Goya\",\"url\":\"https:\/\/radioinfinitagoya.com.ar\/v1\/\",\"logo\":{\"@type\":\"ImageObject\",\"inLanguage\":\"es-AR\",\"@id\":\"https:\/\/radioinfinitagoya.com.ar\/v1\/#\/schema\/logo\/image\/\",\"url\":\"https:\/\/radioinfinitagoya.com.ar\/v1\/wp-content\/uploads\/2019\/11\/logo-pie-web.png\",\"contentUrl\":\"https:\/\/radioinfinitagoya.com.ar\/v1\/wp-content\/uploads\/2019\/11\/logo-pie-web.png\",\"width\":635,\"height\":326,\"caption\":\"Radio Infinita Goya\"},\"image\":{\"@id\":\"https:\/\/radioinfinitagoya.com.ar\/v1\/#\/schema\/logo\/image\/\"},\"sameAs\":[\"https:\/\/www.facebook.com\/p\/Infinita-Goya-100063870918311\/\"]},{\"@type\":\"Person\",\"@id\":\"https:\/\/radioinfinitagoya.com.ar\/v1\/#\/schema\/person\/d4cf9c413d4f6edb24aabdccab49ca4a\",\"name\":\"Jorge Mi\u00f1o\",\"image\":{\"@type\":\"ImageObject\",\"inLanguage\":\"es-AR\",\"@id\":\"https:\/\/secure.gravatar.com\/avatar\/910fcf6728fe95320e07a6643c1581fec1c7fc4bf8ae12e3d8f0d0373dc844be?s=96&d=mm&r=g\",\"url\":\"https:\/\/secure.gravatar.com\/avatar\/910fcf6728fe95320e07a6643c1581fec1c7fc4bf8ae12e3d8f0d0373dc844be?s=96&d=mm&r=g\",\"contentUrl\":\"https:\/\/secure.gravatar.com\/avatar\/910fcf6728fe95320e07a6643c1581fec1c7fc4bf8ae12e3d8f0d0373dc844be?s=96&d=mm&r=g\",\"caption\":\"Jorge Mi\u00f1o\"},\"sameAs\":[\"http:\/\/radioinfinitagoya.com.ar\"]}]}<\/script>\n<!-- \/ Yoast SEO plugin. -->","yoast_head_json":{"title":"El Cluster Tecnol\u00f3gico Goya avanza - Radio Infinita Goya","description":"Proyecto estrat\u00e9gicos y presenta relevamiento clave sobre estudiantes de la econom\u00eda del conocimiento El Cl\u00faster Tecnol\u00f3gico Goya realiz\u00f3 una importante","robots":{"index":"index","follow":"follow","max-snippet":"max-snippet:-1","max-image-preview":"max-image-preview:large","max-video-preview":"max-video-preview:-1"},"canonical":"https:\/\/radioinfinitagoya.com.ar\/v1\/2025\/10\/27\/el-cluster-tecnologico-goya-avanza\/","og_locale":"es_ES","og_type":"article","og_title":"El Cluster Tecnol\u00f3gico Goya avanza - Radio Infinita Goya","og_description":"Proyecto estrat\u00e9gicos y presenta relevamiento clave sobre estudiantes de la econom\u00eda del conocimiento El Cl\u00faster Tecnol\u00f3gico Goya realiz\u00f3 una importante","og_url":"https:\/\/radioinfinitagoya.com.ar\/v1\/2025\/10\/27\/el-cluster-tecnologico-goya-avanza\/","og_site_name":"Radio Infinita Goya","article_publisher":"https:\/\/www.facebook.com\/p\/Infinita-Goya-100063870918311\/","article_published_time":"2025-10-27T20:56:09+00:00","og_image":[{"width":848,"height":477,"url":"https:\/\/radioinfinitagoya.com.ar\/v1\/wp-content\/uploads\/2025\/10\/cluste_0.jpg","type":"image\/jpeg"}],"author":"Jorge Mi\u00f1o","twitter_card":"summary_large_image","twitter_misc":{"Escrito por":"Jorge Mi\u00f1o","Tiempo de lectura":"3 minutos"},"schema":{"@context":"https:\/\/schema.org","@graph":[{"@type":"Article","@id":"https:\/\/radioinfinitagoya.com.ar\/v1\/2025\/10\/27\/el-cluster-tecnologico-goya-avanza\/#article","isPartOf":{"@id":"https:\/\/radioinfinitagoya.com.ar\/v1\/2025\/10\/27\/el-cluster-tecnologico-goya-avanza\/"},"author":{"name":"Jorge Mi\u00f1o","@id":"https:\/\/radioinfinitagoya.com.ar\/v1\/#\/schema\/person\/d4cf9c413d4f6edb24aabdccab49ca4a"},"headline":"El Cluster Tecnol\u00f3gico Goya avanza","datePublished":"2025-10-27T20:56:09+00:00","mainEntityOfPage":{"@id":"https:\/\/radioinfinitagoya.com.ar\/v1\/2025\/10\/27\/el-cluster-tecnologico-goya-avanza\/"},"wordCount":481,"publisher":{"@id":"https:\/\/radioinfinitagoya.com.ar\/v1\/#organization"},"image":{"@id":"https:\/\/radioinfinitagoya.com.ar\/v1\/2025\/10\/27\/el-cluster-tecnologico-goya-avanza\/#primaryimage"},"thumbnailUrl":"https:\/\/radioinfinitagoya.com.ar\/v1\/wp-content\/uploads\/2025\/10\/cluste_0.jpg","articleSection":["LOCALES"],"inLanguage":"es-AR"},{"@type":"WebPage","@id":"https:\/\/radioinfinitagoya.com.ar\/v1\/2025\/10\/27\/el-cluster-tecnologico-goya-avanza\/","url":"https:\/\/radioinfinitagoya.com.ar\/v1\/2025\/10\/27\/el-cluster-tecnologico-goya-avanza\/","name":"El Cluster Tecnol\u00f3gico Goya avanza - Radio Infinita Goya","isPartOf":{"@id":"https:\/\/radioinfinitagoya.com.ar\/v1\/#website"},"primaryImageOfPage":{"@id":"https:\/\/radioinfinitagoya.com.ar\/v1\/2025\/10\/27\/el-cluster-tecnologico-goya-avanza\/#primaryimage"},"image":{"@id":"https:\/\/radioinfinitagoya.com.ar\/v1\/2025\/10\/27\/el-cluster-tecnologico-goya-avanza\/#primaryimage"},"thumbnailUrl":"https:\/\/radioinfinitagoya.com.ar\/v1\/wp-content\/uploads\/2025\/10\/cluste_0.jpg","datePublished":"2025-10-27T20:56:09+00:00","description":"Proyecto estrat\u00e9gicos y presenta relevamiento clave sobre estudiantes de la econom\u00eda del conocimiento El Cl\u00faster Tecnol\u00f3gico Goya realiz\u00f3 una importante","breadcrumb":{"@id":"https:\/\/radioinfinitagoya.com.ar\/v1\/2025\/10\/27\/el-cluster-tecnologico-goya-avanza\/#breadcrumb"},"inLanguage":"es-AR","potentialAction":[{"@type":"ReadAction","target":["https:\/\/radioinfinitagoya.com.ar\/v1\/2025\/10\/27\/el-cluster-tecnologico-goya-avanza\/"]}]},{"@type":"ImageObject","inLanguage":"es-AR","@id":"https:\/\/radioinfinitagoya.com.ar\/v1\/2025\/10\/27\/el-cluster-tecnologico-goya-avanza\/#primaryimage","url":"https:\/\/radioinfinitagoya.com.ar\/v1\/wp-content\/uploads\/2025\/10\/cluste_0.jpg","contentUrl":"https:\/\/radioinfinitagoya.com.ar\/v1\/wp-content\/uploads\/2025\/10\/cluste_0.jpg","width":848,"height":477},{"@type":"BreadcrumbList","@id":"https:\/\/radioinfinitagoya.com.ar\/v1\/2025\/10\/27\/el-cluster-tecnologico-goya-avanza\/#breadcrumb","itemListElement":[{"@type":"ListItem","position":1,"name":"Inicio","item":"https:\/\/radioinfinitagoya.com.ar\/v1\/"},{"@type":"ListItem","position":2,"name":"El Cluster Tecnol\u00f3gico Goya avanza"}]},{"@type":"WebSite","@id":"https:\/\/radioinfinitagoya.com.ar\/v1\/#website","url":"https:\/\/radioinfinitagoya.com.ar\/v1\/","name":"radioinfinitagoya.com.ar","description":"Radio de noticias","publisher":{"@id":"https:\/\/radioinfinitagoya.com.ar\/v1\/#organization"},"potentialAction":[{"@type":"SearchAction","target":{"@type":"EntryPoint","urlTemplate":"https:\/\/radioinfinitagoya.com.ar\/v1\/?s={search_term_string}"},"query-input":{"@type":"PropertyValueSpecification","valueRequired":true,"valueName":"search_term_string"}}],"inLanguage":"es-AR"},{"@type":"Organization","@id":"https:\/\/radioinfinitagoya.com.ar\/v1\/#organization","name":"Radio Infinita Goya","url":"https:\/\/radioinfinitagoya.com.ar\/v1\/","logo":{"@type":"ImageObject","inLanguage":"es-AR","@id":"https:\/\/radioinfinitagoya.com.ar\/v1\/#\/schema\/logo\/image\/","url":"https:\/\/radioinfinitagoya.com.ar\/v1\/wp-content\/uploads\/2019\/11\/logo-pie-web.png","contentUrl":"https:\/\/radioinfinitagoya.com.ar\/v1\/wp-content\/uploads\/2019\/11\/logo-pie-web.png","width":635,"height":326,"caption":"Radio Infinita Goya"},"image":{"@id":"https:\/\/radioinfinitagoya.com.ar\/v1\/#\/schema\/logo\/image\/"},"sameAs":["https:\/\/www.facebook.com\/p\/Infinita-Goya-100063870918311\/"]},{"@type":"Person","@id":"https:\/\/radioinfinitagoya.com.ar\/v1\/#\/schema\/person\/d4cf9c413d4f6edb24aabdccab49ca4a","name":"Jorge Mi\u00f1o","image":{"@type":"ImageObject","inLanguage":"es-AR","@id":"https:\/\/secure.gravatar.com\/avatar\/910fcf6728fe95320e07a6643c1581fec1c7fc4bf8ae12e3d8f0d0373dc844be?s=96&d=mm&r=g","url":"https:\/\/secure.gravatar.com\/avatar\/910fcf6728fe95320e07a6643c1581fec1c7fc4bf8ae12e3d8f0d0373dc844be?s=96&d=mm&r=g","contentUrl":"https:\/\/secure.gravatar.com\/avatar\/910fcf6728fe95320e07a6643c1581fec1c7fc4bf8ae12e3d8f0d0373dc844be?s=96&d=mm&r=g","caption":"Jorge Mi\u00f1o"},"sameAs":["http:\/\/radioinfinitagoya.com.ar"]}]}},"_links":{"self":[{"href":"https:\/\/radioinfinitagoya.com.ar\/v1\/wp-json\/wp\/v2\/posts\/198319","targetHints":{"allow":["GET"]}}],"collection":[{"href":"https:\/\/radioinfinitagoya.com.ar\/v1\/wp-json\/wp\/v2\/posts"}],"about":[{"href":"https:\/\/radioinfinitagoya.com.ar\/v1\/wp-json\/wp\/v2\/types\/post"}],"author":[{"embeddable":true,"href":"https:\/\/radioinfinitagoya.com.ar\/v1\/wp-json\/wp\/v2\/users\/4"}],"replies":[{"embeddable":true,"href":"https:\/\/radioinfinitagoya.com.ar\/v1\/wp-json\/wp\/v2\/comments?post=198319"}],"version-history":[{"count":0,"href":"https:\/\/radioinfinitagoya.com.ar\/v1\/wp-json\/wp\/v2\/posts\/198319\/revisions"}],"wp:featuredmedia":[{"embeddable":true,"href":"https:\/\/radioinfinitagoya.com.ar\/v1\/wp-json\/wp\/v2\/media\/198320"}],"wp:attachment":[{"href":"https:\/\/radioinfinitagoya.com.ar\/v1\/wp-json\/wp\/v2\/media?parent=198319"}],"wp:term":[{"taxonomy":"category","embeddable":true,"href":"https:\/\/radioinfinitagoya.com.ar\/v1\/wp-json\/wp\/v2\/categories?post=198319"},{"taxonomy":"post_tag","embeddable":true,"href":"https:\/\/radioinfinitagoya.com.ar\/v1\/wp-json\/wp\/v2\/tags?post=198319"}],"curies":[{"name":"wp","href":"https:\/\/api.w.org\/{rel}","templated":true}]}}