{"id":198325,"date":"2025-10-27T18:01:22","date_gmt":"2025-10-27T21:01:22","guid":{"rendered":"https:\/\/radioinfinitagoya.com.ar\/v1\/?p=198325"},"modified":"2025-10-27T18:01:22","modified_gmt":"2025-10-27T21:01:22","slug":"nueva-entrega-de-herramientas-del-programa-emprendedores-goyanos","status":"publish","type":"post","link":"https:\/\/radioinfinitagoya.com.ar\/v1\/2025\/10\/27\/nueva-entrega-de-herramientas-del-programa-emprendedores-goyanos\/","title":{"rendered":"Nueva entrega de herramientas del Programa &#8220;Emprendedores Goyanos&#8221;"},"content":{"rendered":"<p>El municipio refuerza su apoyo al emprendurismo local<\/p>\n<p>En la ma\u00f1ana de este lunes 27 de octubre, el patio central del edificio municipal fue escenario de una nueva entrega de herramientas del Programa \u201cEmprendedores Goyanos\u201d, una iniciativa que impulsa el crecimiento y la consolidaci\u00f3n de proyectos productivos en nuestra ciudad.<\/p>\n<p>En esta oportunidad se hizo entrega de 33 microcr\u00e9ditos, de los cuales 25 fueron destinados a emprendedores y 8 a la Escuela T\u00e9cnica Francisco Pinaroli, en el marco del programa de emprendedurismo que impulsa la instituci\u00f3n, donde ya han participado m\u00e1s de 40 alumnos.<\/p>\n<p>El acto estuvo encabezado por el intendente municipal de Goya, doctor Mariano Hormaechea, acompa\u00f1ado por el Secretario de Gobierno, doctor Pablo Fern\u00e1ndez; Directora de Promoci\u00f3n Social, Mercedes Pintos; Directora de la Caja de Pr\u00e9stamos, doctora Andrea Ojeda; rectora de la Escuela T\u00e9cnica Francisco Pinaroli, arquitecta Lidia Mochi; las profesoras \u00c9rica Vel\u00e1zquez y Vanina Ibarra, adem\u00e1s de funcionarios del gabinete municipal.<\/p>\n<p>MARIANO HORMAECHEA: \u201cESTE PROGRAMA GENERA OPORTUNIDADES REALES PARA LOS EMPRENDEDORES GOYANOS\u201d<\/p>\n<p>El intendente Mariano Hormaechea expres\u00f3 su satisfacci\u00f3n por continuar fortaleciendo esta pol\u00edtica p\u00fablica: \u201cRealmente estamos muy contentos de seguir entregando microcr\u00e9ditos y herramientas de trabajo. Al igual que el programa \u201cMita y Mita\u201d, este es uno de los m\u00e1s importantes que tenemos dentro del municipio, porque lo que hacemos a trav\u00e9s del Programa Emprendedores Goyanos es generar oportunidades para nuestros emprendedores.\u201d<\/p>\n<p>El jefe comunal destac\u00f3 el alcance territorial del programa: \u201cEn todos los barrios de la ciudad encontramos personas que intentan emprender, que hacen cosas muy lindas, y nosotros les damos la posibilidad de acceder a la herramienta de trabajo que les permita generar ingresos para su familia, sobre todo en estos tiempos dif\u00edciles.\u201d<\/p>\n<p>Hormaechea subray\u00f3 adem\u00e1s la finalidad de este acompa\u00f1amiento: \u201cHay emprendedores que ya est\u00e1n m\u00e1s desarrollados y pueden potenciarse, incluso dar trabajo a otros, y ese es el objetivo de este programa: seguir generando oportunidades para que cada uno pueda crecer.\u201d<\/p>\n<p>En cuanto al balance de gesti\u00f3n, el intendente precis\u00f3: \u201cNos hab\u00edamos planteado como meta llegar a las 1000 herramientas entregadas, y hoy ya alcanzamos las 700 herramientas de trabajo para nuestros emprendedores.\u201d<\/p>\n<p>Asimismo, detall\u00f3 la magnitud de la inversi\u00f3n municipal: \u201cEl municipio invirti\u00f3 casi 170 millones de pesos en este fondo rotatorio que se sostiene gracias al compromiso de los emprendedores que cumplen con sus cuotas, lo que nos permite seguir asistiendo a otros.\u201d<\/p>\n<p>Para cerrar, el intendente destac\u00f3 la proyecci\u00f3n del programa: \u201cEste es un c\u00edrculo virtuoso que genera crecimiento. Estamos terminando el a\u00f1o con mucha satisfacci\u00f3n y con la idea firme de dar continuidad a este programa. Nuestro nuevo objetivo es llegar a 1000 micro emprendimientos en los pr\u00f3ximos cuatro a\u00f1os, porque queremos seguir trabajando junto a los emprendedores goyanos.\u201d<\/p>\n<p>Finalmente, Hormaechea agradeci\u00f3 al equipo municipal: \u201cFelicitaciones a la Direcci\u00f3n de Promoci\u00f3n Social por el trabajo que vienen realizando. Ahora debemos redoblar los esfuerzos y seguir trabajando juntos.\u201d<\/p>\n<p>MERCEDES PINTOS: \u201cEL PROGRAMA NO ES S\u00d3LO ENTREGA DE HERRAMIENTAS, ES ACOMPA\u00d1AMIENTO CONSTANTE\u201d<\/p>\n<p>La Directora de Promoci\u00f3n Social, Mercedes Pintos, celebr\u00f3 una nueva entrega del programa: \u201cVenimos ante una entrega m\u00e1s del Programa Emprendedores Goyanos, con recursos propios del municipio. Esto nos permite seguir reforzando sus emprendimientos con herramientas.\u201d<\/p>\n<p>Pintos destac\u00f3 la integralidad del trabajo que se viene desarrollando: \u201cDurante estos tres a\u00f1os y medio, desde la Direcci\u00f3n de Promoci\u00f3n Social venimos sosteniendo este programa que no se limita a la entrega de herramientas: acompa\u00f1amos al emprendedor en todo el proceso, desde el inicio, o cuando necesita apoyo para retomar su actividad. Estamos presentes con capacitaciones, asesoramiento y recursos.\u201d<\/p>\n<p>Tambi\u00e9n puso en valor los espacios de difusi\u00f3n generados por el municipio: \u201cLos espacios p\u00fablicos que brinda el municipio han sido fundamentales. Este a\u00f1o y el anterior fueron los m\u00e1s activos para los emprendedores, gracias al trabajo conjunto con la Secretar\u00eda de Turismo y la Direcci\u00f3n de Cultura, participando en ferias como Taco y Suela.\u201d<\/p>\n<p>Pintos resalt\u00f3 el crecimiento del movimiento emprendedor en Goya: \u201cHoy son alrededor de 230 emprendedores independientes los que pasaron por la Direcci\u00f3n de Promoci\u00f3n Social, solicitando espacios para promocionar sus productos.\u201d<\/p>\n<p>Finalmente, agradeci\u00f3 a la instituci\u00f3n educativa que participa del programa: \u201cAgradecemos a la Escuela T\u00e9cnica Pinaroli, con quienes trabajamos desde hace tres a\u00f1os y medio. Hoy ocho alumnos que participaron en pr\u00e1cticas profesionales reciben su microcr\u00e9dito, y eso es el reflejo del esfuerzo conjunto entre escuela y municipio.\u201d<\/p>\n<p>LIDIA MOCHI: \u201cNUESTROS ALUMNOS SE CONVIERTEN EN EMPRENDEDORES CON EL APOYO DEL MUNICIPIO\u201d<\/p>\n<p>La rectora de la Escuela T\u00e9cnica Francisco Pinaroli, arquitecta Lidia Mochi, expres\u00f3 su alegr\u00eda por los resultados alcanzados: \u201cPara nosotros es una enorme alegr\u00eda que nuestros estudiantes est\u00e9n recibiendo este apoyo. Gracias a la predisposici\u00f3n de nuestro intendente Mariano Hormaechea, el Estado ha estado siempre presente para acompa\u00f1ar el crecimiento de nuestros alumnos que hoy se convierten en emprendedores.\u201d<\/p>\n<p>Reconoci\u00f3 el papel del cuerpo docente en el acompa\u00f1amiento: \u201cNo quiero dejar de mencionar el enorme apoyo de las profesoras \u00c9rica Vel\u00e1zquez y Vanina Ibarra, quienes impulsan a los chicos, los animan a presentar sus proyectos y los gu\u00edan para aprovechar estas herramientas que les permitir\u00e1n desarrollarse en el futuro.\u201d<\/p>\n<p>La rectora cerr\u00f3 su intervenci\u00f3n con un mensaje de gratitud: \u201cFelicitaciones a los alumnos por este paso importante. Gracias nuevamente al municipio y a todas las personas que hicieron posible este logro.\u201d<\/p>\n<p>LAS EMPRENDEDORAS: \u201cESTA OPORTUNIDAD NOS PERMITE LLEVAR ALGO A NUESTRAS CASAS\u201d<\/p>\n<p>Entre las beneficiarias del programa, las emprendedoras Paola Ponce y Laura Vega, dedicadas al arte, compartieron su emoci\u00f3n por recibir este apoyo.<\/p>\n<p>Paola Ponce expres\u00f3: \u201cQuiero agradecer esta oportunidad que nos brinda el municipio. Estamos atravesando una situaci\u00f3n dif\u00edcil, y esta ayuda nos permite llevar algo a nuestras casas. Es la primera vez que solicit\u00f3 este micro emprendimiento, y estoy muy agradecida.\u201d<\/p>\n<p>Por su parte, Laura Vega agreg\u00f3: \u201cComparto lo que dijo mi compa\u00f1era Paola. Tambi\u00e9n es la primera vez que accedo al micro emprendimiento, y lo hago con mucha esperanza. Con Mercedes Pintos trabajamos codo a codo, y la ayuda que nos brinda es enorme.\u201d<\/p>\n<p>Finalmente, dej\u00f3 un mensaje para otros vecinos: \u201cAgradezco al intendente y a todo el equipo municipal. Invit\u00f3 a quienes tengan un proyecto a acercarse y animarse, porque las oportunidades est\u00e1n y solo hay que buscarlas.\u201d<\/p>\n<p>BENEFICIARIOS ALUMNOS ESC. ARQ.FRANCISCO PINAROLI<\/p>\n<p>\u00b7 Daniel Alejandro Acu\u00f1a: Rubro Refrigeraci\u00f3n.<\/p>\n<p>\u00b7 Oscar Ezequiel Blanco: Rubro Refrigeraci\u00f3n.<\/p>\n<p>\u00b7 Javier Ignacio Smith: Rubro Carpinter\u00eda.<\/p>\n<p>\u00b7 Fernando Agust\u00edn Leiva: Rubro Refrigeraci\u00f3n.<\/p>\n<p>\u00b7 Sergio Fabi\u00e1n Genes: Rubro Refrigeraci\u00f3n.<\/p>\n<p>\u00b7 Felipe Antonio Leiva \u2013 recibi\u00f3 su hermano en representaci\u00f3n: Rubro Refrigeraci\u00f3n.<\/p>\n<p>\u00b7 Miguel \u00c1ngel Zini: Rubro Mec\u00e1nica de Motos.<\/p>\n<p>BENEFICIARIOS EMPRENDEDORES<\/p>\n<p>\u00b7 Aranda, Ema Itati: rubro: Costuras -M\u00e1quina de coser overlock semi industrial, telas varias.<\/p>\n<p>\u00b7 Fabbro, Eliana Edit: rubro Costuras &#8211; M\u00e1quina de coser overlock 5 hilos semi<\/p>\n<p>\u00b7 Industrial.<\/p>\n<p>\u00b7 Gonz\u00e1lez, Lidia: rubro Artesan\u00edas &#8211; Lanas, hilos, vel\u00f3n, chemi, tijera, pompones, siliconas, mosquetones, suprabond, nachitos.<\/p>\n<p>\u00b7 Leguizam\u00f3n, Carmen Violeta: rubro Costuras &#8211; M\u00e1quina de coser overlock, telas varias.<\/p>\n<p>\u00b7 Montenegro, Ana Mar\u00eda: rubro Costuras &#8211; Telas varias.<\/p>\n<p>\u00b7 Muth, Emiliana Itat\u00ed: rubro Costuras &#8211; M\u00e1quina de coser Necchi.<\/p>\n<p>\u00b7 Sol\u00eds, Manuel Horacio: rubro Ventas &#8211; Repuestos de instrumentos musicales.<\/p>\n<p>\u00b7 Arce, Carmen Lucia: rubro Marroquiner\u00eda &#8211; M\u00e1quina de coser Singer con luz semi industrial.<\/p>\n<p>\u00b7 Baini, Marcelina: rubro Modista &#8211; M\u00e1quina de coser overlock Godeco y conos hilos de bordar<\/p>\n<p>\u00b7 Colman, Ang\u00e9lica: rubro Peluquer\u00eda &#8211; Kit de barber\u00eda, set de tijeras por 2, plancha y secador, set Vanta m\u00e1quina de corte, patilladora, sill\u00f3n.<\/p>\n<p>\u00b7 Di Blassio, Santiago Isaias: rubro Sublimaciones &#8211; Impresora Broder laser y PC de escritorio completa.<\/p>\n<p>\u00b7 Pav\u00f3n, Alejandra Beatriz: rubro Peluquer\u00eda &#8211; Planchita de pelo Babyless y combo de peluquer\u00eda, lavacabeza y sill\u00f3n de corte.<\/p>\n<p>\u00b7 Umeres, Juan Pablo: rubro Artesan\u00edas &#8211; Pirograbador C cl\u00e1sico.<\/p>\n<p>\u00b7 Vallejos, M\u00f3nica: rubro Modista &#8211; M\u00e1quina de coser Godeco talent y pinza sacabocados.<\/p>\n<p>\u00b7 Vel\u00e1zquez, Gabriela Griselda: rubro: Artesan\u00edas &#8211; M\u00e1quina de coser triple arrastre.<\/p>\n<p>\u00b7 Ver\u00f3n, Mar\u00eda Teresita: rubro Ventas &#8211; Dos mesas plegables, silletas reforzadas x 4, pizarr\u00f3n doble cara rojo.<\/p>\n<p>\u00b7 Acevedo, Humberto: rubro Carpinter\u00eda &#8211; Sierra sin fin, sierra de mesa, lijadora orbital<\/p>\n<p>\u00b7 Esp\u00edndola, Lautaro Daniel: rubro Barber\u00eda &#8211; Afeitadora, espejo grande, aro led con tr\u00edpode y soporte, m\u00e1quina de corte, kit combo barber\u00eda.<\/p>\n<p>\u00b7 Aguirre, Cayetano: rubro Servicios &#8211; Atornillador Ingco, juego bocallaves 110 piezas, kit pinzas, bolso de trabajo, juego de seis destornilladores.<\/p>\n<p>\u00b7 Enr\u00edquez, Juan Carlos: rubro Mec\u00e1nica &#8211; Compresor 2 hp, hidrolavadora, taladro atornillador, mini torno, manguera. Recyclon.<\/p>\n<p>\u00b7 Ojeda, Ailyn Valentina: rubro Panificaci\u00f3n &#8211; Horno pastelero Morelli.<\/p>\n<p>\u00b7 Ponce, Paola Pamela: rubro Art\u00edstica &#8211; Atriles dobles, crayones, temperas.<\/p>\n<p>\u00b7 Sosa Mazzaro, Delfina: rubro Artesan\u00edas &#8211; Mesa plegable, corta vidrio sopapas ventosas, plancha espejo.<\/p>\n<p>\u00b7 Vega, Laura Marcela: rubro Panificaci\u00f3n &#8211; Sobadora pastelera.<\/p>\n<p>\u00b7 Fern\u00e1ndez, Shaiel lan Exel: rubro Sublimaci\u00f3n &#8211; Kit de impresora, estampadora\/sublimadora.<\/p>\n","protected":false},"excerpt":{"rendered":"<p>El municipio refuerza su apoyo al emprendurismo local En la ma\u00f1ana de este lunes 27 de octubre, el patio central del edificio municipal fue escenario de una nueva entrega de herramientas del Programa \u201cEmprendedores Goyanos\u201d, una iniciativa que impulsa el crecimiento y la consolidaci\u00f3n de proyectos productivos en nuestra ciudad. En esta oportunidad se hizo [&hellip;]<\/p>\n","protected":false},"author":4,"featured_media":198326,"comment_status":"closed","ping_status":"closed","sticky":false,"template":"","format":"standard","meta":{"_joinchat":[],"footnotes":""},"categories":[27],"tags":[],"class_list":{"0":"post-198325","1":"post","2":"type-post","3":"status-publish","4":"format-standard","5":"has-post-thumbnail","7":"category-locales"},"yoast_head":"<!-- This site is optimized with the Yoast SEO plugin v27.2 - https:\/\/yoast.com\/product\/yoast-seo-wordpress\/ -->\n<title>Nueva entrega de herramientas del Programa &quot;Emprendedores Goyanos&quot; - Radio Infinita Goya<\/title>\n<meta name=\"description\" content=\"El municipio refuerza su apoyo al emprendurismo local En la ma\u00f1ana de este lunes 27 de octubre, el patio central del edificio municipal fue escenario de\" \/>\n<meta name=\"robots\" content=\"index, follow, max-snippet:-1, max-image-preview:large, max-video-preview:-1\" \/>\n<link rel=\"canonical\" href=\"https:\/\/radioinfinitagoya.com.ar\/v1\/2025\/10\/27\/nueva-entrega-de-herramientas-del-programa-emprendedores-goyanos\/\" \/>\n<meta property=\"og:locale\" content=\"es_ES\" \/>\n<meta property=\"og:type\" content=\"article\" \/>\n<meta property=\"og:title\" content=\"Nueva entrega de herramientas del Programa &quot;Emprendedores Goyanos&quot; - Radio Infinita Goya\" \/>\n<meta property=\"og:description\" content=\"El municipio refuerza su apoyo al emprendurismo local En la ma\u00f1ana de este lunes 27 de octubre, el patio central del edificio municipal fue escenario de\" \/>\n<meta property=\"og:url\" content=\"https:\/\/radioinfinitagoya.com.ar\/v1\/2025\/10\/27\/nueva-entrega-de-herramientas-del-programa-emprendedores-goyanos\/\" \/>\n<meta property=\"og:site_name\" content=\"Radio Infinita Goya\" \/>\n<meta property=\"article:publisher\" content=\"https:\/\/www.facebook.com\/p\/Infinita-Goya-100063870918311\/\" \/>\n<meta property=\"article:published_time\" content=\"2025-10-27T21:01:22+00:00\" \/>\n<meta property=\"og:image\" content=\"https:\/\/radioinfinitagoya.com.ar\/v1\/wp-content\/uploads\/2025\/10\/emprendedores_goyanos_13.jpg\" \/>\n\t<meta property=\"og:image:width\" content=\"848\" \/>\n\t<meta property=\"og:image:height\" content=\"477\" \/>\n\t<meta property=\"og:image:type\" content=\"image\/jpeg\" \/>\n<meta name=\"author\" content=\"Jorge Mi\u00f1o\" \/>\n<meta name=\"twitter:card\" content=\"summary_large_image\" \/>\n<meta name=\"twitter:label1\" content=\"Escrito por\" \/>\n\t<meta name=\"twitter:data1\" content=\"Jorge Mi\u00f1o\" \/>\n\t<meta name=\"twitter:label2\" content=\"Tiempo de lectura\" \/>\n\t<meta name=\"twitter:data2\" content=\"7 minutos\" \/>\n<script type=\"application\/ld+json\" class=\"yoast-schema-graph\">{\"@context\":\"https:\/\/schema.org\",\"@graph\":[{\"@type\":\"Article\",\"@id\":\"https:\/\/radioinfinitagoya.com.ar\/v1\/2025\/10\/27\/nueva-entrega-de-herramientas-del-programa-emprendedores-goyanos\/#article\",\"isPartOf\":{\"@id\":\"https:\/\/radioinfinitagoya.com.ar\/v1\/2025\/10\/27\/nueva-entrega-de-herramientas-del-programa-emprendedores-goyanos\/\"},\"author\":{\"name\":\"Jorge Mi\u00f1o\",\"@id\":\"https:\/\/radioinfinitagoya.com.ar\/v1\/#\/schema\/person\/d4cf9c413d4f6edb24aabdccab49ca4a\"},\"headline\":\"Nueva entrega de herramientas del Programa &#8220;Emprendedores Goyanos&#8221;\",\"datePublished\":\"2025-10-27T21:01:22+00:00\",\"mainEntityOfPage\":{\"@id\":\"https:\/\/radioinfinitagoya.com.ar\/v1\/2025\/10\/27\/nueva-entrega-de-herramientas-del-programa-emprendedores-goyanos\/\"},\"wordCount\":1543,\"publisher\":{\"@id\":\"https:\/\/radioinfinitagoya.com.ar\/v1\/#organization\"},\"image\":{\"@id\":\"https:\/\/radioinfinitagoya.com.ar\/v1\/2025\/10\/27\/nueva-entrega-de-herramientas-del-programa-emprendedores-goyanos\/#primaryimage\"},\"thumbnailUrl\":\"https:\/\/radioinfinitagoya.com.ar\/v1\/wp-content\/uploads\/2025\/10\/emprendedores_goyanos_13.jpg\",\"articleSection\":[\"LOCALES\"],\"inLanguage\":\"es-AR\"},{\"@type\":\"WebPage\",\"@id\":\"https:\/\/radioinfinitagoya.com.ar\/v1\/2025\/10\/27\/nueva-entrega-de-herramientas-del-programa-emprendedores-goyanos\/\",\"url\":\"https:\/\/radioinfinitagoya.com.ar\/v1\/2025\/10\/27\/nueva-entrega-de-herramientas-del-programa-emprendedores-goyanos\/\",\"name\":\"Nueva entrega de herramientas del Programa \\\"Emprendedores Goyanos\\\" - Radio Infinita Goya\",\"isPartOf\":{\"@id\":\"https:\/\/radioinfinitagoya.com.ar\/v1\/#website\"},\"primaryImageOfPage\":{\"@id\":\"https:\/\/radioinfinitagoya.com.ar\/v1\/2025\/10\/27\/nueva-entrega-de-herramientas-del-programa-emprendedores-goyanos\/#primaryimage\"},\"image\":{\"@id\":\"https:\/\/radioinfinitagoya.com.ar\/v1\/2025\/10\/27\/nueva-entrega-de-herramientas-del-programa-emprendedores-goyanos\/#primaryimage\"},\"thumbnailUrl\":\"https:\/\/radioinfinitagoya.com.ar\/v1\/wp-content\/uploads\/2025\/10\/emprendedores_goyanos_13.jpg\",\"datePublished\":\"2025-10-27T21:01:22+00:00\",\"description\":\"El municipio refuerza su apoyo al emprendurismo local En la ma\u00f1ana de este lunes 27 de octubre, el patio central del edificio municipal fue escenario de\",\"breadcrumb\":{\"@id\":\"https:\/\/radioinfinitagoya.com.ar\/v1\/2025\/10\/27\/nueva-entrega-de-herramientas-del-programa-emprendedores-goyanos\/#breadcrumb\"},\"inLanguage\":\"es-AR\",\"potentialAction\":[{\"@type\":\"ReadAction\",\"target\":[\"https:\/\/radioinfinitagoya.com.ar\/v1\/2025\/10\/27\/nueva-entrega-de-herramientas-del-programa-emprendedores-goyanos\/\"]}]},{\"@type\":\"ImageObject\",\"inLanguage\":\"es-AR\",\"@id\":\"https:\/\/radioinfinitagoya.com.ar\/v1\/2025\/10\/27\/nueva-entrega-de-herramientas-del-programa-emprendedores-goyanos\/#primaryimage\",\"url\":\"https:\/\/radioinfinitagoya.com.ar\/v1\/wp-content\/uploads\/2025\/10\/emprendedores_goyanos_13.jpg\",\"contentUrl\":\"https:\/\/radioinfinitagoya.com.ar\/v1\/wp-content\/uploads\/2025\/10\/emprendedores_goyanos_13.jpg\",\"width\":848,\"height\":477},{\"@type\":\"BreadcrumbList\",\"@id\":\"https:\/\/radioinfinitagoya.com.ar\/v1\/2025\/10\/27\/nueva-entrega-de-herramientas-del-programa-emprendedores-goyanos\/#breadcrumb\",\"itemListElement\":[{\"@type\":\"ListItem\",\"position\":1,\"name\":\"Inicio\",\"item\":\"https:\/\/radioinfinitagoya.com.ar\/v1\/\"},{\"@type\":\"ListItem\",\"position\":2,\"name\":\"Nueva entrega de herramientas del Programa &#8220;Emprendedores Goyanos&#8221;\"}]},{\"@type\":\"WebSite\",\"@id\":\"https:\/\/radioinfinitagoya.com.ar\/v1\/#website\",\"url\":\"https:\/\/radioinfinitagoya.com.ar\/v1\/\",\"name\":\"radioinfinitagoya.com.ar\",\"description\":\"Radio de noticias\",\"publisher\":{\"@id\":\"https:\/\/radioinfinitagoya.com.ar\/v1\/#organization\"},\"potentialAction\":[{\"@type\":\"SearchAction\",\"target\":{\"@type\":\"EntryPoint\",\"urlTemplate\":\"https:\/\/radioinfinitagoya.com.ar\/v1\/?s={search_term_string}\"},\"query-input\":{\"@type\":\"PropertyValueSpecification\",\"valueRequired\":true,\"valueName\":\"search_term_string\"}}],\"inLanguage\":\"es-AR\"},{\"@type\":\"Organization\",\"@id\":\"https:\/\/radioinfinitagoya.com.ar\/v1\/#organization\",\"name\":\"Radio Infinita Goya\",\"url\":\"https:\/\/radioinfinitagoya.com.ar\/v1\/\",\"logo\":{\"@type\":\"ImageObject\",\"inLanguage\":\"es-AR\",\"@id\":\"https:\/\/radioinfinitagoya.com.ar\/v1\/#\/schema\/logo\/image\/\",\"url\":\"https:\/\/radioinfinitagoya.com.ar\/v1\/wp-content\/uploads\/2019\/11\/logo-pie-web.png\",\"contentUrl\":\"https:\/\/radioinfinitagoya.com.ar\/v1\/wp-content\/uploads\/2019\/11\/logo-pie-web.png\",\"width\":635,\"height\":326,\"caption\":\"Radio Infinita Goya\"},\"image\":{\"@id\":\"https:\/\/radioinfinitagoya.com.ar\/v1\/#\/schema\/logo\/image\/\"},\"sameAs\":[\"https:\/\/www.facebook.com\/p\/Infinita-Goya-100063870918311\/\"]},{\"@type\":\"Person\",\"@id\":\"https:\/\/radioinfinitagoya.com.ar\/v1\/#\/schema\/person\/d4cf9c413d4f6edb24aabdccab49ca4a\",\"name\":\"Jorge Mi\u00f1o\",\"image\":{\"@type\":\"ImageObject\",\"inLanguage\":\"es-AR\",\"@id\":\"https:\/\/secure.gravatar.com\/avatar\/910fcf6728fe95320e07a6643c1581fec1c7fc4bf8ae12e3d8f0d0373dc844be?s=96&d=mm&r=g\",\"url\":\"https:\/\/secure.gravatar.com\/avatar\/910fcf6728fe95320e07a6643c1581fec1c7fc4bf8ae12e3d8f0d0373dc844be?s=96&d=mm&r=g\",\"contentUrl\":\"https:\/\/secure.gravatar.com\/avatar\/910fcf6728fe95320e07a6643c1581fec1c7fc4bf8ae12e3d8f0d0373dc844be?s=96&d=mm&r=g\",\"caption\":\"Jorge Mi\u00f1o\"},\"sameAs\":[\"http:\/\/radioinfinitagoya.com.ar\"]}]}<\/script>\n<!-- \/ Yoast SEO plugin. -->","yoast_head_json":{"title":"Nueva entrega de herramientas del Programa \"Emprendedores Goyanos\" - Radio Infinita Goya","description":"El municipio refuerza su apoyo al emprendurismo local En la ma\u00f1ana de este lunes 27 de octubre, el patio central del edificio municipal fue escenario de","robots":{"index":"index","follow":"follow","max-snippet":"max-snippet:-1","max-image-preview":"max-image-preview:large","max-video-preview":"max-video-preview:-1"},"canonical":"https:\/\/radioinfinitagoya.com.ar\/v1\/2025\/10\/27\/nueva-entrega-de-herramientas-del-programa-emprendedores-goyanos\/","og_locale":"es_ES","og_type":"article","og_title":"Nueva entrega de herramientas del Programa \"Emprendedores Goyanos\" - Radio Infinita Goya","og_description":"El municipio refuerza su apoyo al emprendurismo local En la ma\u00f1ana de este lunes 27 de octubre, el patio central del edificio municipal fue escenario de","og_url":"https:\/\/radioinfinitagoya.com.ar\/v1\/2025\/10\/27\/nueva-entrega-de-herramientas-del-programa-emprendedores-goyanos\/","og_site_name":"Radio Infinita Goya","article_publisher":"https:\/\/www.facebook.com\/p\/Infinita-Goya-100063870918311\/","article_published_time":"2025-10-27T21:01:22+00:00","og_image":[{"width":848,"height":477,"url":"https:\/\/radioinfinitagoya.com.ar\/v1\/wp-content\/uploads\/2025\/10\/emprendedores_goyanos_13.jpg","type":"image\/jpeg"}],"author":"Jorge Mi\u00f1o","twitter_card":"summary_large_image","twitter_misc":{"Escrito por":"Jorge Mi\u00f1o","Tiempo de lectura":"7 minutos"},"schema":{"@context":"https:\/\/schema.org","@graph":[{"@type":"Article","@id":"https:\/\/radioinfinitagoya.com.ar\/v1\/2025\/10\/27\/nueva-entrega-de-herramientas-del-programa-emprendedores-goyanos\/#article","isPartOf":{"@id":"https:\/\/radioinfinitagoya.com.ar\/v1\/2025\/10\/27\/nueva-entrega-de-herramientas-del-programa-emprendedores-goyanos\/"},"author":{"name":"Jorge Mi\u00f1o","@id":"https:\/\/radioinfinitagoya.com.ar\/v1\/#\/schema\/person\/d4cf9c413d4f6edb24aabdccab49ca4a"},"headline":"Nueva entrega de herramientas del Programa &#8220;Emprendedores Goyanos&#8221;","datePublished":"2025-10-27T21:01:22+00:00","mainEntityOfPage":{"@id":"https:\/\/radioinfinitagoya.com.ar\/v1\/2025\/10\/27\/nueva-entrega-de-herramientas-del-programa-emprendedores-goyanos\/"},"wordCount":1543,"publisher":{"@id":"https:\/\/radioinfinitagoya.com.ar\/v1\/#organization"},"image":{"@id":"https:\/\/radioinfinitagoya.com.ar\/v1\/2025\/10\/27\/nueva-entrega-de-herramientas-del-programa-emprendedores-goyanos\/#primaryimage"},"thumbnailUrl":"https:\/\/radioinfinitagoya.com.ar\/v1\/wp-content\/uploads\/2025\/10\/emprendedores_goyanos_13.jpg","articleSection":["LOCALES"],"inLanguage":"es-AR"},{"@type":"WebPage","@id":"https:\/\/radioinfinitagoya.com.ar\/v1\/2025\/10\/27\/nueva-entrega-de-herramientas-del-programa-emprendedores-goyanos\/","url":"https:\/\/radioinfinitagoya.com.ar\/v1\/2025\/10\/27\/nueva-entrega-de-herramientas-del-programa-emprendedores-goyanos\/","name":"Nueva entrega de herramientas del Programa \"Emprendedores Goyanos\" - Radio Infinita Goya","isPartOf":{"@id":"https:\/\/radioinfinitagoya.com.ar\/v1\/#website"},"primaryImageOfPage":{"@id":"https:\/\/radioinfinitagoya.com.ar\/v1\/2025\/10\/27\/nueva-entrega-de-herramientas-del-programa-emprendedores-goyanos\/#primaryimage"},"image":{"@id":"https:\/\/radioinfinitagoya.com.ar\/v1\/2025\/10\/27\/nueva-entrega-de-herramientas-del-programa-emprendedores-goyanos\/#primaryimage"},"thumbnailUrl":"https:\/\/radioinfinitagoya.com.ar\/v1\/wp-content\/uploads\/2025\/10\/emprendedores_goyanos_13.jpg","datePublished":"2025-10-27T21:01:22+00:00","description":"El municipio refuerza su apoyo al emprendurismo local En la ma\u00f1ana de este lunes 27 de octubre, el patio central del edificio municipal fue escenario de","breadcrumb":{"@id":"https:\/\/radioinfinitagoya.com.ar\/v1\/2025\/10\/27\/nueva-entrega-de-herramientas-del-programa-emprendedores-goyanos\/#breadcrumb"},"inLanguage":"es-AR","potentialAction":[{"@type":"ReadAction","target":["https:\/\/radioinfinitagoya.com.ar\/v1\/2025\/10\/27\/nueva-entrega-de-herramientas-del-programa-emprendedores-goyanos\/"]}]},{"@type":"ImageObject","inLanguage":"es-AR","@id":"https:\/\/radioinfinitagoya.com.ar\/v1\/2025\/10\/27\/nueva-entrega-de-herramientas-del-programa-emprendedores-goyanos\/#primaryimage","url":"https:\/\/radioinfinitagoya.com.ar\/v1\/wp-content\/uploads\/2025\/10\/emprendedores_goyanos_13.jpg","contentUrl":"https:\/\/radioinfinitagoya.com.ar\/v1\/wp-content\/uploads\/2025\/10\/emprendedores_goyanos_13.jpg","width":848,"height":477},{"@type":"BreadcrumbList","@id":"https:\/\/radioinfinitagoya.com.ar\/v1\/2025\/10\/27\/nueva-entrega-de-herramientas-del-programa-emprendedores-goyanos\/#breadcrumb","itemListElement":[{"@type":"ListItem","position":1,"name":"Inicio","item":"https:\/\/radioinfinitagoya.com.ar\/v1\/"},{"@type":"ListItem","position":2,"name":"Nueva entrega de herramientas del Programa &#8220;Emprendedores Goyanos&#8221;"}]},{"@type":"WebSite","@id":"https:\/\/radioinfinitagoya.com.ar\/v1\/#website","url":"https:\/\/radioinfinitagoya.com.ar\/v1\/","name":"radioinfinitagoya.com.ar","description":"Radio de noticias","publisher":{"@id":"https:\/\/radioinfinitagoya.com.ar\/v1\/#organization"},"potentialAction":[{"@type":"SearchAction","target":{"@type":"EntryPoint","urlTemplate":"https:\/\/radioinfinitagoya.com.ar\/v1\/?s={search_term_string}"},"query-input":{"@type":"PropertyValueSpecification","valueRequired":true,"valueName":"search_term_string"}}],"inLanguage":"es-AR"},{"@type":"Organization","@id":"https:\/\/radioinfinitagoya.com.ar\/v1\/#organization","name":"Radio Infinita Goya","url":"https:\/\/radioinfinitagoya.com.ar\/v1\/","logo":{"@type":"ImageObject","inLanguage":"es-AR","@id":"https:\/\/radioinfinitagoya.com.ar\/v1\/#\/schema\/logo\/image\/","url":"https:\/\/radioinfinitagoya.com.ar\/v1\/wp-content\/uploads\/2019\/11\/logo-pie-web.png","contentUrl":"https:\/\/radioinfinitagoya.com.ar\/v1\/wp-content\/uploads\/2019\/11\/logo-pie-web.png","width":635,"height":326,"caption":"Radio Infinita Goya"},"image":{"@id":"https:\/\/radioinfinitagoya.com.ar\/v1\/#\/schema\/logo\/image\/"},"sameAs":["https:\/\/www.facebook.com\/p\/Infinita-Goya-100063870918311\/"]},{"@type":"Person","@id":"https:\/\/radioinfinitagoya.com.ar\/v1\/#\/schema\/person\/d4cf9c413d4f6edb24aabdccab49ca4a","name":"Jorge Mi\u00f1o","image":{"@type":"ImageObject","inLanguage":"es-AR","@id":"https:\/\/secure.gravatar.com\/avatar\/910fcf6728fe95320e07a6643c1581fec1c7fc4bf8ae12e3d8f0d0373dc844be?s=96&d=mm&r=g","url":"https:\/\/secure.gravatar.com\/avatar\/910fcf6728fe95320e07a6643c1581fec1c7fc4bf8ae12e3d8f0d0373dc844be?s=96&d=mm&r=g","contentUrl":"https:\/\/secure.gravatar.com\/avatar\/910fcf6728fe95320e07a6643c1581fec1c7fc4bf8ae12e3d8f0d0373dc844be?s=96&d=mm&r=g","caption":"Jorge Mi\u00f1o"},"sameAs":["http:\/\/radioinfinitagoya.com.ar"]}]}},"_links":{"self":[{"href":"https:\/\/radioinfinitagoya.com.ar\/v1\/wp-json\/wp\/v2\/posts\/198325","targetHints":{"allow":["GET"]}}],"collection":[{"href":"https:\/\/radioinfinitagoya.com.ar\/v1\/wp-json\/wp\/v2\/posts"}],"about":[{"href":"https:\/\/radioinfinitagoya.com.ar\/v1\/wp-json\/wp\/v2\/types\/post"}],"author":[{"embeddable":true,"href":"https:\/\/radioinfinitagoya.com.ar\/v1\/wp-json\/wp\/v2\/users\/4"}],"replies":[{"embeddable":true,"href":"https:\/\/radioinfinitagoya.com.ar\/v1\/wp-json\/wp\/v2\/comments?post=198325"}],"version-history":[{"count":0,"href":"https:\/\/radioinfinitagoya.com.ar\/v1\/wp-json\/wp\/v2\/posts\/198325\/revisions"}],"wp:featuredmedia":[{"embeddable":true,"href":"https:\/\/radioinfinitagoya.com.ar\/v1\/wp-json\/wp\/v2\/media\/198326"}],"wp:attachment":[{"href":"https:\/\/radioinfinitagoya.com.ar\/v1\/wp-json\/wp\/v2\/media?parent=198325"}],"wp:term":[{"taxonomy":"category","embeddable":true,"href":"https:\/\/radioinfinitagoya.com.ar\/v1\/wp-json\/wp\/v2\/categories?post=198325"},{"taxonomy":"post_tag","embeddable":true,"href":"https:\/\/radioinfinitagoya.com.ar\/v1\/wp-json\/wp\/v2\/tags?post=198325"}],"curies":[{"name":"wp","href":"https:\/\/api.w.org\/{rel}","templated":true}]}}