{"id":198331,"date":"2025-10-27T18:10:18","date_gmt":"2025-10-27T21:10:18","guid":{"rendered":"https:\/\/radioinfinitagoya.com.ar\/v1\/?p=198331"},"modified":"2025-10-27T18:10:18","modified_gmt":"2025-10-27T21:10:18","slug":"quienes-son-los-nuevos-diputados-y-cuales-terminan-su-mandato-el-proximo-10-de-diciembre","status":"publish","type":"post","link":"https:\/\/radioinfinitagoya.com.ar\/v1\/2025\/10\/27\/quienes-son-los-nuevos-diputados-y-cuales-terminan-su-mandato-el-proximo-10-de-diciembre\/","title":{"rendered":"Qui\u00e9nes son los nuevos diputados y cu\u00e1les terminan su mandato el pr\u00f3ximo 10 de diciembre"},"content":{"rendered":"<p>La Libertad Avanza logr\u00f3 consolidar un tercio en la C\u00e1mara Baja, pasando de tener 37 a quedar con 93 bancas. El resultado de la elecci\u00f3n le garantizar\u00e1 al oficialismo un piso de gobernabilidad para la segunda mitad de la gesti\u00f3n<\/p>\n<p>La jornada electoral de este domingo 26 de octubre dej\u00f3 un escenario pol\u00edtico inesperado, con un contundente respaldo del electorado a La Libertad Avanza (LLA), logrando victorias en los principales distritos del pa\u00eds. De esta manera, el oficialismo consolid\u00f3 su posici\u00f3n en el Congreso.<\/p>\n<p>El escrutinio arroj\u00f3 que La Libertad Avanza obtuvo el 40,70% de los votos en la elecci\u00f3n para la C\u00e1mara de Diputados, mientras que el peronismo, bajo el sello Fuerza Patria y sus variantes provinciales, alcanz\u00f3 el 31,68%.<\/p>\n<p>Este resultado permiti\u00f3 al oficialismo imponerse en 16 provincias, entre ellas Buenos Aires, donde la lista encabezada por Diego Santilli logr\u00f3 el 41,45%, superando al peronismo, que obtuvo el 40,91%. Este giro resulta especialmente significativo, ya que en las elecciones locales de septiembre el peronismo hab\u00eda aventajado a sus rivales por 14 puntos.<\/p>\n<p>El an\u00e1lisis provincia por provincia revela la magnitud del triunfo oficialista. La Libertad Avanza se impuso en Buenos Aires, Ciudad Aut\u00f3noma de Buenos Aires, Chubut, Corrientes, C\u00f3rdoba, Entre R\u00edos, Jujuy, La Rioja, Mendoza, Misiones, Neuqu\u00e9n, R\u00edo Negro, Salta, San Luis, Santa Fe y Tierra del Fuego. Por su parte, Fuerza Patria y sus aliados ganaron en Catamarca, Formosa, La Pampa, San Juan, Santa Cruz y Tucum\u00e1n.<\/p>\n<p>El resultado de la noche electoral represent\u00f3, en ese sentido, un alivio para La Libertad Avanza y un respaldo a la gesti\u00f3n del presidente Javier Milei. El propio mandatario hab\u00eda se\u00f1alado d\u00edas antes que su objetivo era alcanzar un tercio de legisladores propios en la C\u00e1mara de Diputados para asegurar la gobernabilidad, una meta que fue ampliamente superada.<\/p>\n<p>En el Congreso, La Libertad Avanza pas\u00f3 de tener 37 a quedar con 93 bancas a partir del 10 de diciembre. El oficialismo hab\u00eda puesto en juego tan solo ocho lugares y obtuvieron 64, lo que deja como saldo una ganancia de 56 esca\u00f1os. Por diferencia, los grandes ganadores de la jornada electoral. Fuerza Patria contin\u00faa siendo el espacio con m\u00e1s bancas en su poder, ya que tendr\u00e1n 97 en la nueva c\u00e1mara. Sin embargo, restaron cuatro lugares, por el hecho de que hab\u00edan puesto en juego 48 y obtuvieron 44.<\/p>\n<p>El nuevo escenario deja en una posici\u00f3n clave a los bloques de Provincias Unidas, que baja de 18 a 17 senadores, el PRO, que desciende de 35 a 14, y la UCR, que pasa de 14 a 3. Estos deber\u00e1n definir si sus integrantes se alinean con los provinciales (12) o mantienen su independencia. Estas fuerzas podr\u00edan convertirse en \u00e1rbitros de las principales disputas legislativas.<\/p>\n<p>Por \u00faltimo, el Frente de Izquierda perdi\u00f3 una banca y qued\u00f3 con 4 representantes en el Congreso. Los 17 restantes corresponden a diputados que se separaron de sus bloques o partidos minoritarios.<\/p>\n<p>Partido por partido, los diputados que contin\u00faan su mandato hasta 2027<br \/>\nUNI\u00d3N POR LA PATRIA<\/p>\n<p>Aguirre, Hilda &#8211; La Rioja<br \/>\nAl\u00ed, Ernesto \u201cPipi\u201d &#8211; San Luis<br \/>\nAraujo Hern\u00e1ndez, Jorge Neri &#8211; Tierra del Fuego<br \/>\nAveiro, Mart\u00edn &#8211; Mendoza<br \/>\nAvila, Fernanda &#8211; Catamarca<br \/>\nBasterra, Luis Eugenio &#8211; Formosa<br \/>\nBordet, Gustavo &#8211; Entre R\u00edos<br \/>\nCafiero, Santiago &#8211; Buenos Aires<br \/>\nCampitelli, Celia &#8211; Santiago del Estero<br \/>\nCarignano, Florencia &#8211; Santa Fe<br \/>\nCasas, Sergio Guillermo &#8211; La Rioja<br \/>\nCastagneto, Carlos Daniel &#8211; Buenos Aires<br \/>\nChica, Jorge &#8211; San Juan<br \/>\nCisneros, Carlos &#8211; Tucum\u00e1n<br \/>\nDaives, Ricardo &#8211; Santiago del Estero<br \/>\nEst\u00e9vez, Gabriela Beatriz &#8211; C\u00f3rdoba<br \/>\nFreites, Andrea &#8211; Tierra del Fuego<br \/>\nGiuliano, Diego A. &#8211; Santa Fe<br \/>\nGlinski, Jos\u00e9 &#8211; Chubut<br \/>\nGomez, Jos\u00e9 &#8211; Santiago del Estero<br \/>\nGuti\u00e9rrez, Ramiro &#8211; Buenos Aires<br \/>\nHagman, Itai &#8211; Ciudad de Buenos Aires<br \/>\nIanni, Ana Mar\u00eda &#8211; Santa Cruz<br \/>\nKirchner, M\u00e1ximo Carlos &#8211; Buenos Aires<br \/>\nLeiva, Aldo &#8211; Chaco<br \/>\nManrique, Mario &#8211; Buenos Aires<br \/>\nMarino, Juan &#8211; Buenos Aires<br \/>\nMart\u00ednez, Germ\u00e1n Pedro &#8211; Santa Fe<br \/>\nMolle, Mat\u00edas &#8211; Buenos Aires<br \/>\nMonz\u00f3n, Roxana &#8211; Buenos Aires<br \/>\nMoreau, Cecilia &#8211; Buenos Aires<br \/>\nNeder, Estela Mary &#8211; Santiago del Estero<br \/>\nN\u00f3blega, Sebasti\u00e1n &#8211; Catamarca<br \/>\nOsuna, Blanca In\u00e9s &#8211; Entre R\u00edos<br \/>\nParola, Mar\u00eda Graciela &#8211; Formosa<br \/>\nPenacca, Paula Andrea &#8211; Ciudad de Buenos Aires<br \/>\nPokoik, Lorena &#8211; Ciudad de Buenos Aires<br \/>\nPotenza, Luciana &#8211; Buenos Aires<br \/>\nRauschenberger, Ariel &#8211; La Pampa<br \/>\nSand, Nancy &#8211; Corrientes<br \/>\nSelva, Sabrina &#8211; Buenos Aires<br \/>\nSnopek, Guillermo &#8211; Jujuy<br \/>\nSoria, Mart\u00edn &#8211; R\u00edo Negro<br \/>\nStrada, Julia &#8211; Buenos Aires<br \/>\nTailhade, Rodolfo &#8211; Buenos Aires<br \/>\nTodero, Pablo &#8211; Neuqu\u00e9n<br \/>\nTolosa Paz, Victoria &#8211; Buenos Aires<br \/>\nVald\u00e9s, Eduardo F\u00e9lix &#8211; Ciudad de Buenos Aires<br \/>\nVolnovich, Luana &#8211; Buenos Aires<br \/>\nYedlin, Pablo Ra\u00fal &#8211; Tucum\u00e1n<br \/>\nZaracho, Natalia &#8211; Buenos Aires<br \/>\nZulli, Christian Alejandro &#8211; Corrientes<br \/>\nLA LIBERTAD AVANZA<\/p>\n<p>Almir\u00f3n, Lisandro &#8211; Corrientes<br \/>\nAnsaloni, Pablo &#8211; Buenos Aires<br \/>\nBenedit, Beltr\u00e1n &#8211; Entre R\u00edos<br \/>\nBenegas Lynch, Bertie &#8211; Buenos Aires<br \/>\nBonacci, Roc\u00edo &#8211; Santa Fe<br \/>\nBornoroni, Gabriel &#8211; C\u00f3rdoba<br \/>\nCorrea Llano, Facundo &#8211; Mendoza<br \/>\nDiez, Romina &#8211; Santa Fe<br \/>\nFerreyra, Alida &#8211; Ciudad de Buenos Aires<br \/>\nGarc\u00eda, Carlos &#8211; Chaco<br \/>\nHuesen, Gerardo &#8211; Tucum\u00e1n<br \/>\nIba\u00f1ez, Mar\u00eda Cecilia &#8211; C\u00f3rdoba<br \/>\nLemoine, Lilia &#8211; Buenos Aires<br \/>\nLlano, Mercedes &#8211; Mendoza<br \/>\nMacyszyn, Lorena &#8211; Buenos Aires<br \/>\nM\u00e1rquez, Nadia &#8211; Neuqu\u00e9n<br \/>\nMayoraz, Nicol\u00e1s &#8211; Santa Fe<br \/>\nMenem, Mart\u00edn &#8211; La Rioja<br \/>\nMontenegro, Guillermo &#8211; Buenos Aires<br \/>\nMoreno Ovalle, Julio &#8211; Salta<br \/>\nOrozco, Emilia &#8211; Salta<br \/>\nPauli, Santiago &#8211; Tierra del Fuego<br \/>\nPeluc, Jos\u00e9 &#8211; San Juan<br \/>\nPonce, Mar\u00eda Celeste &#8211; C\u00f3rdoba<br \/>\nQuintar, Manuel &#8211; Jujuy<br \/>\nSantill\u00e1n Ju\u00e1rez Brahim, Juliana &#8211; Buenos Aires<br \/>\nSanturio, Santiago &#8211; Buenos Aires<br \/>\nTreffinger, C\u00e9sar &#8211; Chubut<br \/>\nVillaverde, Lorena &#8211; R\u00edo Negro<br \/>\nPRO<\/p>\n<p>Arabia, Dami\u00e1n &#8211; Ciudad de Buenos Aires<br \/>\nArdohain, Mart\u00edn &#8211; La Pampa<br \/>\nAvico, Bel\u00e9n &#8211; C\u00f3rdoba<br \/>\nBianchetti, Emmanuel &#8211; Misiones<br \/>\nBongiovanni, Alejandro &#8211; Santa Fe<br \/>\nCapozzi, Sergio Eduardo &#8211; R\u00edo Negro<br \/>\nFern\u00e1ndez Molero, Daiana &#8211; Ciudad de Buenos Aires<br \/>\nGiudici, Silvana &#8211; Ciudad de Buenos Aires<br \/>\nGonz\u00e1lez, \u00c1lvaro &#8211; Ciudad de Buenos Aires<br \/>\nLospennato, Silvia &#8211; Buenos Aires<br \/>\nNu\u00f1ez, Jos\u00e9 &#8211; Santa Fe<br \/>\nRitondo, Cristian A. &#8211; Buenos Aires<br \/>\nV\u00e1squez, Patricia &#8211; Buenos Aires<br \/>\nYeza, Mart\u00edn &#8211; Buenos Aires<br \/>\nUCR &#8211; UNI\u00d3N C\u00cdVICA RADICAL<\/p>\n<p>Banfi, Karina &#8211; Buenos Aires<br \/>\nCipolini, Gerardo &#8211; Chaco<br \/>\nNieri, Lisandro &#8211; Mendoza<br \/>\nCOALICION CIVICA<\/p>\n<p>Ferraro, Maximiliano &#8211; Ciudad de Buenos Aires<br \/>\nFrade, M\u00f3nica &#8211; Buenos Aires<br \/>\nCOHERENCIA<\/p>\n<p>Arrieta, Lourdes Micaela &#8211; Mendoza<br \/>\nD\u2019Alessandro, Carlos &#8211; San Luis<br \/>\nGonz\u00e1lez, Gerardo Gustavo &#8211; Formosa<br \/>\nPagano, Marcela Marina &#8211; Buenos Aires<br \/>\nDEMOCRACIA PARA SIEMPRE<\/p>\n<p>Coletta, Mariela &#8211; Ciudad de Buenos Aires<br \/>\nRizzotti, Jorge &#8211; Jujuy<br \/>\nJuliano, Pablo &#8211; Buenos Aires<br \/>\nENCUENTRO FEDERAL<\/p>\n<p>Avila, Jorge Antonio &#8211; Chubut<br \/>\nBr\u00fcgge, Juan Fernando &#8211; C\u00f3rdoba<br \/>\nGuti\u00e9rrez, Carlos &#8211; C\u00f3rdoba<br \/>\nMorchio, Francisco &#8211; Entre R\u00edos<br \/>\nPaul\u00f3n, Esteban &#8211; Santa Fe<br \/>\nPichetto, Miguel \u00c1ngel &#8211; Buenos Aires<br \/>\nINNOVACI\u00d3N FEDERAL<\/p>\n<p>Arr\u00faa, Alberto &#8211; Misiones<br \/>\nRu\u00edz, Yamila &#8211; Misiones<br \/>\nOutes, Pablo &#8211; Salta<br \/>\nVancsik, Daniel &#8211; Misiones<br \/>\nVega, Yolanda &#8211; Salta<br \/>\nLIGA DEL INTERIOR ELI<\/p>\n<p>Campero, Mariano &#8211; Tucum\u00e1n<br \/>\nPicat, Luis Albino &#8211; C\u00f3rdoba<br \/>\nTournier, Jos\u00e9 Federico &#8211; Corrientes<br \/>\nMID &#8211; MOVIMIENTO DE INTEGRACI\u00d3N Y DESARROLLO<\/p>\n<p>Falcone, Eduardo &#8211; Buenos Aires<br \/>\nZago, Oscar &#8211; Ciudad de Buenos Aires<br \/>\nFUTURO Y LIBERTAD<\/p>\n<p>Razzini, Ver\u00f3nica &#8211; Santa Fe<br \/>\nINDEPENDENCIA<\/p>\n<p>Medina, Gladys &#8211; Tucum\u00e1n<br \/>\nPOR SANTA CRUZ<\/p>\n<p>Garrido, Jos\u00e9 Luis &#8211; Santa Cruz<br \/>\nPRODUCCION Y TRABAJO<\/p>\n<p>Pic\u00f3n Mart\u00ednez, Nancy Viviana &#8211; San Juan<br \/>\nPTS-FRENTE DE IZQUIERDA UNIDAD<\/p>\n<p>Castillo, Christian &#8211; Buenos Aires<br \/>\nLos diputados que terminan su mandato el 10 de diciembre de 2025<br \/>\nUNI\u00d3N POR LA PATRIA<\/p>\n<p>Alianiello, Eugenia &#8211; Chubut<br \/>\nAllende, Walberto &#8211; San Juan<br \/>\nAlonso, Constanza Mar\u00eda &#8211; Buenos Aires<br \/>\nArroyo, Daniel &#8211; Buenos Aires<br \/>\nAubone, Ana Fabiola &#8211; San Juan<br \/>\nBermejo, Adolfo &#8211; Mendoza<br \/>\nBertoldi, Tanya &#8211; Neuqu\u00e9n<br \/>\nCarro, Pablo &#8211; C\u00f3rdoba<br \/>\nChaher, Leila &#8211; Jujuy<br \/>\nChomiak, Mar\u00eda Luisa &#8211; Chaco<br \/>\nEstrada, Emiliano &#8211; Salta<br \/>\nFern\u00e1ndez Patri, Ramiro &#8211; Formosa<br \/>\nGaillard, Ana Carolina &#8211; Entre R\u00edos<br \/>\nGinocchio, Silvana Micaela &#8211; Catamarca<br \/>\nGoll\u00e1n, Daniel &#8211; Buenos Aires<br \/>\nGonz\u00e1lez, Gustavo Carlos Miguel &#8211; Santa Cruz<br \/>\nHeller, Carlos &#8211; Ciudad de Buenos Aires<br \/>\nHerrera, Bernardo Jos\u00e9 &#8211; Santiago del Estero<br \/>\nHerrera, Ricardo &#8211; La Rioja<br \/>\nIparraguirre, Rogelio &#8211; Buenos Aires<br \/>\nLedesma, Tom\u00e1s &#8211; Entre R\u00edos<br \/>\nLitza, M\u00f3nica &#8211; Buenos Aires<br \/>\nL\u00f3pez Rodr\u00edguez, Dante &#8211; Catamarca<br \/>\nMacha, M\u00f3nica &#8211; Buenos Aires<br \/>\nMar\u00edn, Varinia Lis &#8211; La Pampa<br \/>\nMarziotta, Gisela &#8211; Ciudad de Buenos Aires<br \/>\nMastaler, Magal\u00ed &#8211; Santa Fe<br \/>\nMoran, Micaela &#8211; Buenos Aires<br \/>\nMoreau, Leopoldo &#8211; Buenos Aires<br \/>\nMoyano, Nilda &#8211; Santiago del Estero<br \/>\nMacha, M\u00f3nica &#8211; Buenos Aires<br \/>\nPaponet, Liliana &#8211; Mendoza<br \/>\nPalazzo, Sergio Omar &#8211; Buenos Aires<br \/>\nPasso, Marcela Fabiana &#8211; Buenos Aires<br \/>\nPedrali, Gabriela &#8211; La Rioja<br \/>\nPedrini, Juan Manuel &#8211; Chaco<br \/>\nPereyra, Julio &#8211; Buenos Aires<br \/>\nPropato, Agustina Lucrecia &#8211; Buenos Aires<br \/>\nRomero, Jorge Antonio &#8211; Corrientes<br \/>\nSantoro, Leandro &#8211; Ciudad de Buenos Aires<br \/>\nSiley, Vanesa Raquel &#8211; Buenos Aires<br \/>\nToniolli, Eduardo &#8211; Santa Fe<br \/>\nVargas Matyi, Brenda &#8211; Buenos Aires<br \/>\nYasky, Hugo &#8211; Buenos Aires<br \/>\nYutrovic, Carolina &#8211; Tierra del Fuego<br \/>\nZabala Chacur, Natalia &#8211; San Luis<br \/>\nPRO<\/p>\n<p>Ajmechet, Sabrina &#8211; Ciudad de Buenos Aires<br \/>\nBachey, Karina Ethel &#8211; San Luis<br \/>\nBaldassi, H\u00e9ctor W. &#8211; C\u00f3rdoba<br \/>\nBallejos, Nancy &#8211; Entre R\u00edos<br \/>\nBesana, Gabriela &#8211; Buenos Aires<br \/>\nBrambilla, Sof\u00eda &#8211; Corrientes<br \/>\nDe Sensi, Mar\u00eda Florencia &#8211; Buenos Aires<br \/>\nFigueroa Casas, Germana &#8211; Santa Fe<br \/>\nFinocchiaro, Alejandro &#8211; Buenos Aires<br \/>\nIglesias, Fernando Adolfo &#8211; Ciudad de Buenos Aires<br \/>\nLaspina, Luciano Andr\u00e9s &#8211; Santa Fe<br \/>\nMaquieyra, Mart\u00edn &#8211; La Pampa<br \/>\nMilman, Gerardo &#8211; Buenos Aires<br \/>\nQuiroz, Maril\u00fa &#8211; Chaco<br \/>\nRodr\u00edguez Machado, Laura &#8211; C\u00f3rdoba<br \/>\nRomero, Ana Clara &#8211; Chubut<br \/>\nS\u00e1nchez Wrba, Javier &#8211; Buenos Aires<br \/>\nSantilli, Diego &#8211; Buenos Aires<br \/>\nSotolano, Mar\u00eda &#8211; Buenos Aires<br \/>\nTortoriello, Anibal &#8211; R\u00edo Negro<br \/>\nVidal, Mar\u00eda Eugenia &#8211; Ciudad de Buenos Aires<br \/>\nLA LIBERTAD AVANZA<\/p>\n<p>Arancibia Rodr\u00edguez, Alberto Gustavo &#8211; San Luis<br \/>\nAraujo, Mar\u00eda Fernanda &#8211; Ciudad de Buenos Aires<br \/>\nEmma, Nicol\u00e1s &#8211; Ciudad de Buenos Aires<br \/>\nEspert, Jos\u00e9 Luis &#8211; Buenos Aires<br \/>\nKlipauka Lewtak, Florencia &#8211; Misiones<br \/>\nMart\u00ednez, \u00c1lvaro &#8211; Mendoza<br \/>\nP\u00edparo, Carolina &#8211; Buenos Aires<br \/>\nZapata, Carlos Ra\u00fal &#8211; Salta<br \/>\nUCR &#8211; UNI\u00d3N C\u00cdVICA RADICAL<\/p>\n<p>Benedetti, Atilio &#8211; Entre R\u00edos<br \/>\nBrouwer De Koning, Gabriela &#8211; C\u00f3rdoba<br \/>\nCarrizo, Soledad &#8211; C\u00f3rdoba<br \/>\nCobos, Julio &#8211; Mendoza<br \/>\nde Loredo, Rodrigo &#8211; C\u00f3rdoba<br \/>\nQuetglas, Fabio Jos\u00e9 &#8211; Buenos Aires<br \/>\nReyes, Roxana &#8211; Santa Cruz<br \/>\nS\u00e1nchez, Roberto Antonio &#8211; Tucum\u00e1n<br \/>\nSarapura, Natalia Silvina &#8211; Jujuy<br \/>\nTetaz, Martin Alberto &#8211; Ciudad de Buenos Aires<br \/>\nVerasay, Pamela Fernanda &#8211; Mendoza<br \/>\nCOALICION CIVICA<\/p>\n<p>Borrego, Victoria &#8211; Buenos Aires<br \/>\nCampagnoli, Marcela &#8211; Buenos Aires<br \/>\nL\u00f3pez, Juan Manuel &#8211; Buenos Aires<br \/>\nOliveto Lago, Paula &#8211; Ciudad de Buenos Aires<br \/>\nDEMOCRACIA PARA SIEMPRE<\/p>\n<p>Aguirre, Manuel Ignacio &#8211; Corrientes<br \/>\nAntola, Marcela &#8211; Entre R\u00edos<br \/>\nCarbajal, Fernando &#8211; Formosa<br \/>\nCarrizo, Ana Carla &#8211; Ciudad de Buenos Aires<br \/>\nColi, Marcela &#8211; La Pampa<br \/>\nGiorgi, Melina &#8211; Santa Fe<br \/>\nManes, Facundo &#8211; Buenos Aires<br \/>\nPolini, Juan Carlos &#8211; Chaco<br \/>\nTavela, Danya &#8211; Buenos Aires<br \/>\nENCUENTRO FEDERAL<\/p>\n<p>Agost Carre\u00f1o, Oscar &#8211; C\u00f3rdoba<br \/>\nde la Sota, Natalia &#8211; C\u00f3rdoba<br \/>\nGarc\u00eda Aresca, Ignacio &#8211; C\u00f3rdoba<br \/>\nMonz\u00f3, Emilio &#8211; Buenos Aires<br \/>\nRandazzo, Florencio &#8211; Buenos Aires<br \/>\nStolbizer, Margarita &#8211; Buenos Aires<br \/>\nINDEPENDENCIA<\/p>\n<p>Fern\u00e1ndez, Elia Marina &#8211; Tucum\u00e1n<br \/>\nFern\u00e1ndez, Agustin &#8211; Tucum\u00e1n<br \/>\nINNOVACI\u00d3N FEDERAL<\/p>\n<p>Calletti, Pamela &#8211; Salta<br \/>\nDomingo, Agust\u00edn &#8211; R\u00edo Negro<br \/>\nFern\u00e1ndez, Carlos Alberto &#8211; Misiones<br \/>\nIZQUIERDA SOCIALISTA FIT-UNIDAD<\/p>\n<p>de Mendieta, Mercedes &#8211; Ciudad de Buenos Aires<br \/>\nGiordano, Juan Carlos &#8211; Buenos Aires<br \/>\nLIGA DEL INTERIOR ELI<\/p>\n<p>Arjol, Mart\u00edn &#8211; Misiones<br \/>\nCervi, Pablo &#8211; Neuqu\u00e9n<br \/>\nMonti, Francisco &#8211; Catamarca<br \/>\nFUTURO Y LIBERTAD<\/p>\n<p>Chumpitaz, Gabriel Felipe &#8211; Santa Fe<br \/>\nCREO<\/p>\n<p>Omodeo, Paula &#8211; Tucum\u00e1n<br \/>\nDEFENDAMOS SANTA FE<\/p>\n<p>Mirabella, Roberto &#8211; Santa Fe<br \/>\nMOVIMIENTO POPULAR NEUQUINO<\/p>\n<p>Llancafilo, Osvaldo &#8211; Neuqu\u00e9n<br \/>\nMST &#8211; FRENTE DE IZQUIERDA Y TRABAJADORES UNIDAD<\/p>\n<p>Ripoll, Vilma &#8211; Buenos Aires<br \/>\nPOR SANTA CRUZ<\/p>\n<p>Prades, C. Facundo &#8211; Santa Cruz<br \/>\nPRODUCCION Y TRABAJO<\/p>\n<p>Moreno, Mar\u00eda De Los \u00c1ngeles &#8211; San Juan<br \/>\nPTS-FRENTE DE IZQUIERDA UNIDAD<\/p>\n<p>Vilca, Alejandro &#8211; Jujuy<br \/>\nREPUBLICANOS UNIDOS<\/p>\n<p>L\u00f3pez Murphy, Ricardo Hip\u00f3lito &#8211; Ciudad de Buenos Aires<br \/>\nSOMOS FUEGUINOS<\/p>\n<p>Garramu\u00f1o, Ricardo &#8211; Tierra del Fuego<br \/>\nUNIDOS<\/p>\n<p>Barletta, Mario &#8211; Santa Fe<\/p>\n<p>&nbsp;<\/p>\n","protected":false},"excerpt":{"rendered":"<p>La Libertad Avanza logr\u00f3 consolidar un tercio en la C\u00e1mara Baja, pasando de tener 37 a quedar con 93 bancas. El resultado de la elecci\u00f3n le garantizar\u00e1 al oficialismo un piso de gobernabilidad para la segunda mitad de la gesti\u00f3n La jornada electoral de este domingo 26 de octubre dej\u00f3 un escenario pol\u00edtico inesperado, con [&hellip;]<\/p>\n","protected":false},"author":4,"featured_media":198332,"comment_status":"closed","ping_status":"closed","sticky":false,"template":"","format":"standard","meta":{"_joinchat":[],"footnotes":""},"categories":[31],"tags":[],"class_list":{"0":"post-198331","1":"post","2":"type-post","3":"status-publish","4":"format-standard","5":"has-post-thumbnail","7":"category-informacion-general"},"yoast_head":"<!-- This site is optimized with the Yoast SEO plugin v27.2 - https:\/\/yoast.com\/product\/yoast-seo-wordpress\/ -->\n<title>Qui\u00e9nes son los nuevos diputados y cu\u00e1les terminan su mandato el pr\u00f3ximo 10 de diciembre - Radio Infinita Goya<\/title>\n<meta name=\"description\" content=\"La Libertad Avanza logr\u00f3 consolidar un tercio en la C\u00e1mara Baja, pasando de tener 37 a quedar con 93 bancas. El resultado de la elecci\u00f3n le garantizar\u00e1 al\" \/>\n<meta name=\"robots\" content=\"index, follow, max-snippet:-1, max-image-preview:large, max-video-preview:-1\" \/>\n<link rel=\"canonical\" href=\"https:\/\/radioinfinitagoya.com.ar\/v1\/2025\/10\/27\/quienes-son-los-nuevos-diputados-y-cuales-terminan-su-mandato-el-proximo-10-de-diciembre\/\" \/>\n<meta property=\"og:locale\" content=\"es_ES\" \/>\n<meta property=\"og:type\" content=\"article\" \/>\n<meta property=\"og:title\" content=\"Qui\u00e9nes son los nuevos diputados y cu\u00e1les terminan su mandato el pr\u00f3ximo 10 de diciembre - Radio Infinita Goya\" \/>\n<meta property=\"og:description\" content=\"La Libertad Avanza logr\u00f3 consolidar un tercio en la C\u00e1mara Baja, pasando de tener 37 a quedar con 93 bancas. El resultado de la elecci\u00f3n le garantizar\u00e1 al\" \/>\n<meta property=\"og:url\" content=\"https:\/\/radioinfinitagoya.com.ar\/v1\/2025\/10\/27\/quienes-son-los-nuevos-diputados-y-cuales-terminan-su-mandato-el-proximo-10-de-diciembre\/\" \/>\n<meta property=\"og:site_name\" content=\"Radio Infinita Goya\" \/>\n<meta property=\"article:publisher\" content=\"https:\/\/www.facebook.com\/p\/Infinita-Goya-100063870918311\/\" \/>\n<meta property=\"article:published_time\" content=\"2025-10-27T21:10:18+00:00\" \/>\n<meta name=\"author\" content=\"Jorge Mi\u00f1o\" \/>\n<meta name=\"twitter:card\" content=\"summary_large_image\" \/>\n<meta name=\"twitter:label1\" content=\"Escrito por\" \/>\n\t<meta name=\"twitter:data1\" content=\"Jorge Mi\u00f1o\" \/>\n\t<meta name=\"twitter:label2\" content=\"Tiempo de lectura\" \/>\n\t<meta name=\"twitter:data2\" content=\"9 minutos\" \/>\n<script type=\"application\/ld+json\" class=\"yoast-schema-graph\">{\"@context\":\"https:\/\/schema.org\",\"@graph\":[{\"@type\":\"Article\",\"@id\":\"https:\/\/radioinfinitagoya.com.ar\/v1\/2025\/10\/27\/quienes-son-los-nuevos-diputados-y-cuales-terminan-su-mandato-el-proximo-10-de-diciembre\/#article\",\"isPartOf\":{\"@id\":\"https:\/\/radioinfinitagoya.com.ar\/v1\/2025\/10\/27\/quienes-son-los-nuevos-diputados-y-cuales-terminan-su-mandato-el-proximo-10-de-diciembre\/\"},\"author\":{\"name\":\"Jorge Mi\u00f1o\",\"@id\":\"https:\/\/radioinfinitagoya.com.ar\/v1\/#\/schema\/person\/d4cf9c413d4f6edb24aabdccab49ca4a\"},\"headline\":\"Qui\u00e9nes son los nuevos diputados y cu\u00e1les terminan su mandato el pr\u00f3ximo 10 de diciembre\",\"datePublished\":\"2025-10-27T21:10:18+00:00\",\"mainEntityOfPage\":{\"@id\":\"https:\/\/radioinfinitagoya.com.ar\/v1\/2025\/10\/27\/quienes-son-los-nuevos-diputados-y-cuales-terminan-su-mandato-el-proximo-10-de-diciembre\/\"},\"wordCount\":2130,\"publisher\":{\"@id\":\"https:\/\/radioinfinitagoya.com.ar\/v1\/#organization\"},\"image\":{\"@id\":\"https:\/\/radioinfinitagoya.com.ar\/v1\/2025\/10\/27\/quienes-son-los-nuevos-diputados-y-cuales-terminan-su-mandato-el-proximo-10-de-diciembre\/#primaryimage\"},\"thumbnailUrl\":\"https:\/\/radioinfinitagoya.com.ar\/v1\/wp-content\/uploads\/2025\/10\/57CIVTVLKZAZVMB6VMS45Q6EGY.avif\",\"articleSection\":[\"INFORMACI\u00d3N GENERAL\"],\"inLanguage\":\"es-AR\"},{\"@type\":\"WebPage\",\"@id\":\"https:\/\/radioinfinitagoya.com.ar\/v1\/2025\/10\/27\/quienes-son-los-nuevos-diputados-y-cuales-terminan-su-mandato-el-proximo-10-de-diciembre\/\",\"url\":\"https:\/\/radioinfinitagoya.com.ar\/v1\/2025\/10\/27\/quienes-son-los-nuevos-diputados-y-cuales-terminan-su-mandato-el-proximo-10-de-diciembre\/\",\"name\":\"Qui\u00e9nes son los nuevos diputados y cu\u00e1les terminan su mandato el pr\u00f3ximo 10 de diciembre - Radio Infinita Goya\",\"isPartOf\":{\"@id\":\"https:\/\/radioinfinitagoya.com.ar\/v1\/#website\"},\"primaryImageOfPage\":{\"@id\":\"https:\/\/radioinfinitagoya.com.ar\/v1\/2025\/10\/27\/quienes-son-los-nuevos-diputados-y-cuales-terminan-su-mandato-el-proximo-10-de-diciembre\/#primaryimage\"},\"image\":{\"@id\":\"https:\/\/radioinfinitagoya.com.ar\/v1\/2025\/10\/27\/quienes-son-los-nuevos-diputados-y-cuales-terminan-su-mandato-el-proximo-10-de-diciembre\/#primaryimage\"},\"thumbnailUrl\":\"https:\/\/radioinfinitagoya.com.ar\/v1\/wp-content\/uploads\/2025\/10\/57CIVTVLKZAZVMB6VMS45Q6EGY.avif\",\"datePublished\":\"2025-10-27T21:10:18+00:00\",\"description\":\"La Libertad Avanza logr\u00f3 consolidar un tercio en la C\u00e1mara Baja, pasando de tener 37 a quedar con 93 bancas. El resultado de la elecci\u00f3n le garantizar\u00e1 al\",\"breadcrumb\":{\"@id\":\"https:\/\/radioinfinitagoya.com.ar\/v1\/2025\/10\/27\/quienes-son-los-nuevos-diputados-y-cuales-terminan-su-mandato-el-proximo-10-de-diciembre\/#breadcrumb\"},\"inLanguage\":\"es-AR\",\"potentialAction\":[{\"@type\":\"ReadAction\",\"target\":[\"https:\/\/radioinfinitagoya.com.ar\/v1\/2025\/10\/27\/quienes-son-los-nuevos-diputados-y-cuales-terminan-su-mandato-el-proximo-10-de-diciembre\/\"]}]},{\"@type\":\"ImageObject\",\"inLanguage\":\"es-AR\",\"@id\":\"https:\/\/radioinfinitagoya.com.ar\/v1\/2025\/10\/27\/quienes-son-los-nuevos-diputados-y-cuales-terminan-su-mandato-el-proximo-10-de-diciembre\/#primaryimage\",\"url\":\"https:\/\/radioinfinitagoya.com.ar\/v1\/wp-content\/uploads\/2025\/10\/57CIVTVLKZAZVMB6VMS45Q6EGY.avif\",\"contentUrl\":\"https:\/\/radioinfinitagoya.com.ar\/v1\/wp-content\/uploads\/2025\/10\/57CIVTVLKZAZVMB6VMS45Q6EGY.avif\",\"width\":992,\"height\":660},{\"@type\":\"BreadcrumbList\",\"@id\":\"https:\/\/radioinfinitagoya.com.ar\/v1\/2025\/10\/27\/quienes-son-los-nuevos-diputados-y-cuales-terminan-su-mandato-el-proximo-10-de-diciembre\/#breadcrumb\",\"itemListElement\":[{\"@type\":\"ListItem\",\"position\":1,\"name\":\"Inicio\",\"item\":\"https:\/\/radioinfinitagoya.com.ar\/v1\/\"},{\"@type\":\"ListItem\",\"position\":2,\"name\":\"Qui\u00e9nes son los nuevos diputados y cu\u00e1les terminan su mandato el pr\u00f3ximo 10 de diciembre\"}]},{\"@type\":\"WebSite\",\"@id\":\"https:\/\/radioinfinitagoya.com.ar\/v1\/#website\",\"url\":\"https:\/\/radioinfinitagoya.com.ar\/v1\/\",\"name\":\"radioinfinitagoya.com.ar\",\"description\":\"Radio de noticias\",\"publisher\":{\"@id\":\"https:\/\/radioinfinitagoya.com.ar\/v1\/#organization\"},\"potentialAction\":[{\"@type\":\"SearchAction\",\"target\":{\"@type\":\"EntryPoint\",\"urlTemplate\":\"https:\/\/radioinfinitagoya.com.ar\/v1\/?s={search_term_string}\"},\"query-input\":{\"@type\":\"PropertyValueSpecification\",\"valueRequired\":true,\"valueName\":\"search_term_string\"}}],\"inLanguage\":\"es-AR\"},{\"@type\":\"Organization\",\"@id\":\"https:\/\/radioinfinitagoya.com.ar\/v1\/#organization\",\"name\":\"Radio Infinita Goya\",\"url\":\"https:\/\/radioinfinitagoya.com.ar\/v1\/\",\"logo\":{\"@type\":\"ImageObject\",\"inLanguage\":\"es-AR\",\"@id\":\"https:\/\/radioinfinitagoya.com.ar\/v1\/#\/schema\/logo\/image\/\",\"url\":\"https:\/\/radioinfinitagoya.com.ar\/v1\/wp-content\/uploads\/2019\/11\/logo-pie-web.png\",\"contentUrl\":\"https:\/\/radioinfinitagoya.com.ar\/v1\/wp-content\/uploads\/2019\/11\/logo-pie-web.png\",\"width\":635,\"height\":326,\"caption\":\"Radio Infinita Goya\"},\"image\":{\"@id\":\"https:\/\/radioinfinitagoya.com.ar\/v1\/#\/schema\/logo\/image\/\"},\"sameAs\":[\"https:\/\/www.facebook.com\/p\/Infinita-Goya-100063870918311\/\"]},{\"@type\":\"Person\",\"@id\":\"https:\/\/radioinfinitagoya.com.ar\/v1\/#\/schema\/person\/d4cf9c413d4f6edb24aabdccab49ca4a\",\"name\":\"Jorge Mi\u00f1o\",\"image\":{\"@type\":\"ImageObject\",\"inLanguage\":\"es-AR\",\"@id\":\"https:\/\/secure.gravatar.com\/avatar\/910fcf6728fe95320e07a6643c1581fec1c7fc4bf8ae12e3d8f0d0373dc844be?s=96&d=mm&r=g\",\"url\":\"https:\/\/secure.gravatar.com\/avatar\/910fcf6728fe95320e07a6643c1581fec1c7fc4bf8ae12e3d8f0d0373dc844be?s=96&d=mm&r=g\",\"contentUrl\":\"https:\/\/secure.gravatar.com\/avatar\/910fcf6728fe95320e07a6643c1581fec1c7fc4bf8ae12e3d8f0d0373dc844be?s=96&d=mm&r=g\",\"caption\":\"Jorge Mi\u00f1o\"},\"sameAs\":[\"http:\/\/radioinfinitagoya.com.ar\"]}]}<\/script>\n<!-- \/ Yoast SEO plugin. -->","yoast_head_json":{"title":"Qui\u00e9nes son los nuevos diputados y cu\u00e1les terminan su mandato el pr\u00f3ximo 10 de diciembre - Radio Infinita Goya","description":"La Libertad Avanza logr\u00f3 consolidar un tercio en la C\u00e1mara Baja, pasando de tener 37 a quedar con 93 bancas. El resultado de la elecci\u00f3n le garantizar\u00e1 al","robots":{"index":"index","follow":"follow","max-snippet":"max-snippet:-1","max-image-preview":"max-image-preview:large","max-video-preview":"max-video-preview:-1"},"canonical":"https:\/\/radioinfinitagoya.com.ar\/v1\/2025\/10\/27\/quienes-son-los-nuevos-diputados-y-cuales-terminan-su-mandato-el-proximo-10-de-diciembre\/","og_locale":"es_ES","og_type":"article","og_title":"Qui\u00e9nes son los nuevos diputados y cu\u00e1les terminan su mandato el pr\u00f3ximo 10 de diciembre - Radio Infinita Goya","og_description":"La Libertad Avanza logr\u00f3 consolidar un tercio en la C\u00e1mara Baja, pasando de tener 37 a quedar con 93 bancas. El resultado de la elecci\u00f3n le garantizar\u00e1 al","og_url":"https:\/\/radioinfinitagoya.com.ar\/v1\/2025\/10\/27\/quienes-son-los-nuevos-diputados-y-cuales-terminan-su-mandato-el-proximo-10-de-diciembre\/","og_site_name":"Radio Infinita Goya","article_publisher":"https:\/\/www.facebook.com\/p\/Infinita-Goya-100063870918311\/","article_published_time":"2025-10-27T21:10:18+00:00","author":"Jorge Mi\u00f1o","twitter_card":"summary_large_image","twitter_misc":{"Escrito por":"Jorge Mi\u00f1o","Tiempo de lectura":"9 minutos"},"schema":{"@context":"https:\/\/schema.org","@graph":[{"@type":"Article","@id":"https:\/\/radioinfinitagoya.com.ar\/v1\/2025\/10\/27\/quienes-son-los-nuevos-diputados-y-cuales-terminan-su-mandato-el-proximo-10-de-diciembre\/#article","isPartOf":{"@id":"https:\/\/radioinfinitagoya.com.ar\/v1\/2025\/10\/27\/quienes-son-los-nuevos-diputados-y-cuales-terminan-su-mandato-el-proximo-10-de-diciembre\/"},"author":{"name":"Jorge Mi\u00f1o","@id":"https:\/\/radioinfinitagoya.com.ar\/v1\/#\/schema\/person\/d4cf9c413d4f6edb24aabdccab49ca4a"},"headline":"Qui\u00e9nes son los nuevos diputados y cu\u00e1les terminan su mandato el pr\u00f3ximo 10 de diciembre","datePublished":"2025-10-27T21:10:18+00:00","mainEntityOfPage":{"@id":"https:\/\/radioinfinitagoya.com.ar\/v1\/2025\/10\/27\/quienes-son-los-nuevos-diputados-y-cuales-terminan-su-mandato-el-proximo-10-de-diciembre\/"},"wordCount":2130,"publisher":{"@id":"https:\/\/radioinfinitagoya.com.ar\/v1\/#organization"},"image":{"@id":"https:\/\/radioinfinitagoya.com.ar\/v1\/2025\/10\/27\/quienes-son-los-nuevos-diputados-y-cuales-terminan-su-mandato-el-proximo-10-de-diciembre\/#primaryimage"},"thumbnailUrl":"https:\/\/radioinfinitagoya.com.ar\/v1\/wp-content\/uploads\/2025\/10\/57CIVTVLKZAZVMB6VMS45Q6EGY.avif","articleSection":["INFORMACI\u00d3N GENERAL"],"inLanguage":"es-AR"},{"@type":"WebPage","@id":"https:\/\/radioinfinitagoya.com.ar\/v1\/2025\/10\/27\/quienes-son-los-nuevos-diputados-y-cuales-terminan-su-mandato-el-proximo-10-de-diciembre\/","url":"https:\/\/radioinfinitagoya.com.ar\/v1\/2025\/10\/27\/quienes-son-los-nuevos-diputados-y-cuales-terminan-su-mandato-el-proximo-10-de-diciembre\/","name":"Qui\u00e9nes son los nuevos diputados y cu\u00e1les terminan su mandato el pr\u00f3ximo 10 de diciembre - Radio Infinita Goya","isPartOf":{"@id":"https:\/\/radioinfinitagoya.com.ar\/v1\/#website"},"primaryImageOfPage":{"@id":"https:\/\/radioinfinitagoya.com.ar\/v1\/2025\/10\/27\/quienes-son-los-nuevos-diputados-y-cuales-terminan-su-mandato-el-proximo-10-de-diciembre\/#primaryimage"},"image":{"@id":"https:\/\/radioinfinitagoya.com.ar\/v1\/2025\/10\/27\/quienes-son-los-nuevos-diputados-y-cuales-terminan-su-mandato-el-proximo-10-de-diciembre\/#primaryimage"},"thumbnailUrl":"https:\/\/radioinfinitagoya.com.ar\/v1\/wp-content\/uploads\/2025\/10\/57CIVTVLKZAZVMB6VMS45Q6EGY.avif","datePublished":"2025-10-27T21:10:18+00:00","description":"La Libertad Avanza logr\u00f3 consolidar un tercio en la C\u00e1mara Baja, pasando de tener 37 a quedar con 93 bancas. El resultado de la elecci\u00f3n le garantizar\u00e1 al","breadcrumb":{"@id":"https:\/\/radioinfinitagoya.com.ar\/v1\/2025\/10\/27\/quienes-son-los-nuevos-diputados-y-cuales-terminan-su-mandato-el-proximo-10-de-diciembre\/#breadcrumb"},"inLanguage":"es-AR","potentialAction":[{"@type":"ReadAction","target":["https:\/\/radioinfinitagoya.com.ar\/v1\/2025\/10\/27\/quienes-son-los-nuevos-diputados-y-cuales-terminan-su-mandato-el-proximo-10-de-diciembre\/"]}]},{"@type":"ImageObject","inLanguage":"es-AR","@id":"https:\/\/radioinfinitagoya.com.ar\/v1\/2025\/10\/27\/quienes-son-los-nuevos-diputados-y-cuales-terminan-su-mandato-el-proximo-10-de-diciembre\/#primaryimage","url":"https:\/\/radioinfinitagoya.com.ar\/v1\/wp-content\/uploads\/2025\/10\/57CIVTVLKZAZVMB6VMS45Q6EGY.avif","contentUrl":"https:\/\/radioinfinitagoya.com.ar\/v1\/wp-content\/uploads\/2025\/10\/57CIVTVLKZAZVMB6VMS45Q6EGY.avif","width":992,"height":660},{"@type":"BreadcrumbList","@id":"https:\/\/radioinfinitagoya.com.ar\/v1\/2025\/10\/27\/quienes-son-los-nuevos-diputados-y-cuales-terminan-su-mandato-el-proximo-10-de-diciembre\/#breadcrumb","itemListElement":[{"@type":"ListItem","position":1,"name":"Inicio","item":"https:\/\/radioinfinitagoya.com.ar\/v1\/"},{"@type":"ListItem","position":2,"name":"Qui\u00e9nes son los nuevos diputados y cu\u00e1les terminan su mandato el pr\u00f3ximo 10 de diciembre"}]},{"@type":"WebSite","@id":"https:\/\/radioinfinitagoya.com.ar\/v1\/#website","url":"https:\/\/radioinfinitagoya.com.ar\/v1\/","name":"radioinfinitagoya.com.ar","description":"Radio de noticias","publisher":{"@id":"https:\/\/radioinfinitagoya.com.ar\/v1\/#organization"},"potentialAction":[{"@type":"SearchAction","target":{"@type":"EntryPoint","urlTemplate":"https:\/\/radioinfinitagoya.com.ar\/v1\/?s={search_term_string}"},"query-input":{"@type":"PropertyValueSpecification","valueRequired":true,"valueName":"search_term_string"}}],"inLanguage":"es-AR"},{"@type":"Organization","@id":"https:\/\/radioinfinitagoya.com.ar\/v1\/#organization","name":"Radio Infinita Goya","url":"https:\/\/radioinfinitagoya.com.ar\/v1\/","logo":{"@type":"ImageObject","inLanguage":"es-AR","@id":"https:\/\/radioinfinitagoya.com.ar\/v1\/#\/schema\/logo\/image\/","url":"https:\/\/radioinfinitagoya.com.ar\/v1\/wp-content\/uploads\/2019\/11\/logo-pie-web.png","contentUrl":"https:\/\/radioinfinitagoya.com.ar\/v1\/wp-content\/uploads\/2019\/11\/logo-pie-web.png","width":635,"height":326,"caption":"Radio Infinita Goya"},"image":{"@id":"https:\/\/radioinfinitagoya.com.ar\/v1\/#\/schema\/logo\/image\/"},"sameAs":["https:\/\/www.facebook.com\/p\/Infinita-Goya-100063870918311\/"]},{"@type":"Person","@id":"https:\/\/radioinfinitagoya.com.ar\/v1\/#\/schema\/person\/d4cf9c413d4f6edb24aabdccab49ca4a","name":"Jorge Mi\u00f1o","image":{"@type":"ImageObject","inLanguage":"es-AR","@id":"https:\/\/secure.gravatar.com\/avatar\/910fcf6728fe95320e07a6643c1581fec1c7fc4bf8ae12e3d8f0d0373dc844be?s=96&d=mm&r=g","url":"https:\/\/secure.gravatar.com\/avatar\/910fcf6728fe95320e07a6643c1581fec1c7fc4bf8ae12e3d8f0d0373dc844be?s=96&d=mm&r=g","contentUrl":"https:\/\/secure.gravatar.com\/avatar\/910fcf6728fe95320e07a6643c1581fec1c7fc4bf8ae12e3d8f0d0373dc844be?s=96&d=mm&r=g","caption":"Jorge Mi\u00f1o"},"sameAs":["http:\/\/radioinfinitagoya.com.ar"]}]}},"_links":{"self":[{"href":"https:\/\/radioinfinitagoya.com.ar\/v1\/wp-json\/wp\/v2\/posts\/198331","targetHints":{"allow":["GET"]}}],"collection":[{"href":"https:\/\/radioinfinitagoya.com.ar\/v1\/wp-json\/wp\/v2\/posts"}],"about":[{"href":"https:\/\/radioinfinitagoya.com.ar\/v1\/wp-json\/wp\/v2\/types\/post"}],"author":[{"embeddable":true,"href":"https:\/\/radioinfinitagoya.com.ar\/v1\/wp-json\/wp\/v2\/users\/4"}],"replies":[{"embeddable":true,"href":"https:\/\/radioinfinitagoya.com.ar\/v1\/wp-json\/wp\/v2\/comments?post=198331"}],"version-history":[{"count":0,"href":"https:\/\/radioinfinitagoya.com.ar\/v1\/wp-json\/wp\/v2\/posts\/198331\/revisions"}],"wp:featuredmedia":[{"embeddable":true,"href":"https:\/\/radioinfinitagoya.com.ar\/v1\/wp-json\/wp\/v2\/media\/198332"}],"wp:attachment":[{"href":"https:\/\/radioinfinitagoya.com.ar\/v1\/wp-json\/wp\/v2\/media?parent=198331"}],"wp:term":[{"taxonomy":"category","embeddable":true,"href":"https:\/\/radioinfinitagoya.com.ar\/v1\/wp-json\/wp\/v2\/categories?post=198331"},{"taxonomy":"post_tag","embeddable":true,"href":"https:\/\/radioinfinitagoya.com.ar\/v1\/wp-json\/wp\/v2\/tags?post=198331"}],"curies":[{"name":"wp","href":"https:\/\/api.w.org\/{rel}","templated":true}]}}