{"id":198337,"date":"2025-10-28T15:32:38","date_gmt":"2025-10-28T18:32:38","guid":{"rendered":"https:\/\/radioinfinitagoya.com.ar\/v1\/?p=198337"},"modified":"2025-10-28T15:32:38","modified_gmt":"2025-10-28T18:32:38","slug":"santo-tome-presento-la-59a-edicion-del-festival-del-folklore-correntino-2025","status":"publish","type":"post","link":"https:\/\/radioinfinitagoya.com.ar\/v1\/2025\/10\/28\/santo-tome-presento-la-59a-edicion-del-festival-del-folklore-correntino-2025\/","title":{"rendered":"Santo Tom\u00e9 present\u00f3 la 59\u00aa edici\u00f3n del Festival del Folklore Correntino 2025"},"content":{"rendered":"<p>Bajo el lema \u201cRa\u00edz de Tierra y Canto\u201d, el tradicional evento se realizar\u00e1 el 7 y 8 de noviembre en el anfiteatro Genaro Ber\u00f3n de Astrada. Habr\u00e1 entrada libre al predio, espect\u00e1culos musicales, danzas, artesan\u00edas y gastronom\u00eda t\u00edpica.<\/p>\n<p>En el Sal\u00f3n Verde de Casa de Gobierno se present\u00f3 oficialmente la 59\u00aa edici\u00f3n del Festival del Folklore Correntino, que tendr\u00e1 lugar los d\u00edas 7 y 8 de noviembre en el anfiteatro Genaro Ber\u00f3n de Astrada de Santo Tom\u00e9. El encuentro, con entrada libre y gratuita al predio, contar\u00e1 con dos noches de m\u00fasica, danza y tradici\u00f3n bajo el lema \u201cRa\u00edz de Tierra y Canto\u201d.<\/p>\n<p>El evento busca celebrar la identidad cultural correntina, con la participaci\u00f3n de reconocidos artistas locales y regionales. Adem\u00e1s, el p\u00fablico podr\u00e1 disfrutar de un paseo artesanal y gastron\u00f3mico, consolidando al festival como un espacio de encuentro para la comunidad y los visitantes.<\/p>\n<p>La ministra de Turismo, Alejandra Eliciri, destac\u00f3 que el turismo en Corrientes \u201cse basa en la riqueza natural y cultural\u201d, y que el folklore \u201cdescribe nuestra naturaleza y nuestra identidad\u201d. Subray\u00f3 tambi\u00e9n el valor de preservar las tradiciones como parte de un desarrollo tur\u00edstico sostenible, e invit\u00f3 a \u201cdisfrutar de nuestra m\u00fasica y enchamigarnos en una velada maravillosa\u201d.<\/p>\n<p>Por su parte, el director de Cultura Municipal, Joaqu\u00edn Insausti, record\u00f3 que este festival \u201ces el m\u00e1s antiguo de la provincia y el tercero en importancia del pa\u00eds dentro del g\u00e9nero\u201d. A\u00f1adi\u00f3 que, pese a la coyuntura econ\u00f3mica, Santo Tom\u00e9 \u201csigue apostando a la cultura como inversi\u00f3n y no como gasto\u201d.<\/p>\n<p>A su turno, el director de Turismo, Miguel Ayala, asegur\u00f3 que la organizaci\u00f3n trabaja en cada detalle para ofrecer \u201cuna grilla destacada y una experiencia completa de m\u00fasica, tradici\u00f3n y gastronom\u00eda\u201d, anticipando una masiva concurrencia.<\/p>\n<p>Entre los artistas confirmados se encuentran Sele Vera y Los Pampas, Los Vecinos, Los Matu\u00e1 Mercede\u00f1os, Los \u00c1ngeles Rom\u00e1nticos, Franco Massignani, Destino San Javier, Bocha Sheridan y Tr\u00e9bol de Ases, entre muchos otros.<\/p>\n<p>El Festival del Folklore Correntino, con casi seis d\u00e9cadas de historia, reafirma a\u00f1o tras a\u00f1o el orgullo y la identidad de un pueblo que mantiene viva su ra\u00edz cultural.<\/p>\n","protected":false},"excerpt":{"rendered":"<p>Bajo el lema \u201cRa\u00edz de Tierra y Canto\u201d, el tradicional evento se realizar\u00e1 el 7 y 8 de noviembre en el anfiteatro Genaro Ber\u00f3n de Astrada. Habr\u00e1 entrada libre al predio, espect\u00e1culos musicales, danzas, artesan\u00edas y gastronom\u00eda t\u00edpica. En el Sal\u00f3n Verde de Casa de Gobierno se present\u00f3 oficialmente la 59\u00aa edici\u00f3n del Festival del [&hellip;]<\/p>\n","protected":false},"author":4,"featured_media":198338,"comment_status":"closed","ping_status":"closed","sticky":false,"template":"","format":"standard","meta":{"_joinchat":[],"footnotes":""},"categories":[26],"tags":[],"class_list":{"0":"post-198337","1":"post","2":"type-post","3":"status-publish","4":"format-standard","5":"has-post-thumbnail","7":"category-provinciales"},"yoast_head":"<!-- This site is optimized with the Yoast SEO plugin v27.2 - https:\/\/yoast.com\/product\/yoast-seo-wordpress\/ -->\n<title>Santo Tom\u00e9 present\u00f3 la 59\u00aa edici\u00f3n del Festival del Folklore Correntino 2025 - Radio Infinita Goya<\/title>\n<meta name=\"description\" content=\"Bajo el lema \u201cRa\u00edz de Tierra y Canto\u201d, el tradicional evento se realizar\u00e1 el 7 y 8 de noviembre en el anfiteatro Genaro Ber\u00f3n de Astrada. Habr\u00e1 entrada\" \/>\n<meta name=\"robots\" content=\"index, follow, max-snippet:-1, max-image-preview:large, max-video-preview:-1\" \/>\n<link rel=\"canonical\" href=\"https:\/\/radioinfinitagoya.com.ar\/v1\/2025\/10\/28\/santo-tome-presento-la-59a-edicion-del-festival-del-folklore-correntino-2025\/\" \/>\n<meta property=\"og:locale\" content=\"es_ES\" \/>\n<meta property=\"og:type\" content=\"article\" \/>\n<meta property=\"og:title\" content=\"Santo Tom\u00e9 present\u00f3 la 59\u00aa edici\u00f3n del Festival del Folklore Correntino 2025 - Radio Infinita Goya\" \/>\n<meta property=\"og:description\" content=\"Bajo el lema \u201cRa\u00edz de Tierra y Canto\u201d, el tradicional evento se realizar\u00e1 el 7 y 8 de noviembre en el anfiteatro Genaro Ber\u00f3n de Astrada. Habr\u00e1 entrada\" \/>\n<meta property=\"og:url\" content=\"https:\/\/radioinfinitagoya.com.ar\/v1\/2025\/10\/28\/santo-tome-presento-la-59a-edicion-del-festival-del-folklore-correntino-2025\/\" \/>\n<meta property=\"og:site_name\" content=\"Radio Infinita Goya\" \/>\n<meta property=\"article:publisher\" content=\"https:\/\/www.facebook.com\/p\/Infinita-Goya-100063870918311\/\" \/>\n<meta property=\"article:published_time\" content=\"2025-10-28T18:32:38+00:00\" \/>\n<meta property=\"og:image\" content=\"https:\/\/radioinfinitagoya.com.ar\/v1\/wp-content\/uploads\/2025\/10\/G4W21MnXIAAv8dN.jpg\" \/>\n\t<meta property=\"og:image:width\" content=\"2048\" \/>\n\t<meta property=\"og:image:height\" content=\"1367\" \/>\n\t<meta property=\"og:image:type\" content=\"image\/jpeg\" \/>\n<meta name=\"author\" content=\"Jorge Mi\u00f1o\" \/>\n<meta name=\"twitter:card\" content=\"summary_large_image\" \/>\n<meta name=\"twitter:label1\" content=\"Escrito por\" \/>\n\t<meta name=\"twitter:data1\" content=\"Jorge Mi\u00f1o\" \/>\n\t<meta name=\"twitter:label2\" content=\"Tiempo de lectura\" \/>\n\t<meta name=\"twitter:data2\" content=\"2 minutos\" \/>\n<script type=\"application\/ld+json\" class=\"yoast-schema-graph\">{\"@context\":\"https:\/\/schema.org\",\"@graph\":[{\"@type\":\"Article\",\"@id\":\"https:\/\/radioinfinitagoya.com.ar\/v1\/2025\/10\/28\/santo-tome-presento-la-59a-edicion-del-festival-del-folklore-correntino-2025\/#article\",\"isPartOf\":{\"@id\":\"https:\/\/radioinfinitagoya.com.ar\/v1\/2025\/10\/28\/santo-tome-presento-la-59a-edicion-del-festival-del-folklore-correntino-2025\/\"},\"author\":{\"name\":\"Jorge Mi\u00f1o\",\"@id\":\"https:\/\/radioinfinitagoya.com.ar\/v1\/#\/schema\/person\/d4cf9c413d4f6edb24aabdccab49ca4a\"},\"headline\":\"Santo Tom\u00e9 present\u00f3 la 59\u00aa edici\u00f3n del Festival del Folklore Correntino 2025\",\"datePublished\":\"2025-10-28T18:32:38+00:00\",\"mainEntityOfPage\":{\"@id\":\"https:\/\/radioinfinitagoya.com.ar\/v1\/2025\/10\/28\/santo-tome-presento-la-59a-edicion-del-festival-del-folklore-correntino-2025\/\"},\"wordCount\":395,\"publisher\":{\"@id\":\"https:\/\/radioinfinitagoya.com.ar\/v1\/#organization\"},\"image\":{\"@id\":\"https:\/\/radioinfinitagoya.com.ar\/v1\/2025\/10\/28\/santo-tome-presento-la-59a-edicion-del-festival-del-folklore-correntino-2025\/#primaryimage\"},\"thumbnailUrl\":\"https:\/\/radioinfinitagoya.com.ar\/v1\/wp-content\/uploads\/2025\/10\/G4W21MnXIAAv8dN.jpg\",\"articleSection\":[\"PROVINCIALES\"],\"inLanguage\":\"es-AR\"},{\"@type\":\"WebPage\",\"@id\":\"https:\/\/radioinfinitagoya.com.ar\/v1\/2025\/10\/28\/santo-tome-presento-la-59a-edicion-del-festival-del-folklore-correntino-2025\/\",\"url\":\"https:\/\/radioinfinitagoya.com.ar\/v1\/2025\/10\/28\/santo-tome-presento-la-59a-edicion-del-festival-del-folklore-correntino-2025\/\",\"name\":\"Santo Tom\u00e9 present\u00f3 la 59\u00aa edici\u00f3n del Festival del Folklore Correntino 2025 - Radio Infinita Goya\",\"isPartOf\":{\"@id\":\"https:\/\/radioinfinitagoya.com.ar\/v1\/#website\"},\"primaryImageOfPage\":{\"@id\":\"https:\/\/radioinfinitagoya.com.ar\/v1\/2025\/10\/28\/santo-tome-presento-la-59a-edicion-del-festival-del-folklore-correntino-2025\/#primaryimage\"},\"image\":{\"@id\":\"https:\/\/radioinfinitagoya.com.ar\/v1\/2025\/10\/28\/santo-tome-presento-la-59a-edicion-del-festival-del-folklore-correntino-2025\/#primaryimage\"},\"thumbnailUrl\":\"https:\/\/radioinfinitagoya.com.ar\/v1\/wp-content\/uploads\/2025\/10\/G4W21MnXIAAv8dN.jpg\",\"datePublished\":\"2025-10-28T18:32:38+00:00\",\"description\":\"Bajo el lema \u201cRa\u00edz de Tierra y Canto\u201d, el tradicional evento se realizar\u00e1 el 7 y 8 de noviembre en el anfiteatro Genaro Ber\u00f3n de Astrada. Habr\u00e1 entrada\",\"breadcrumb\":{\"@id\":\"https:\/\/radioinfinitagoya.com.ar\/v1\/2025\/10\/28\/santo-tome-presento-la-59a-edicion-del-festival-del-folklore-correntino-2025\/#breadcrumb\"},\"inLanguage\":\"es-AR\",\"potentialAction\":[{\"@type\":\"ReadAction\",\"target\":[\"https:\/\/radioinfinitagoya.com.ar\/v1\/2025\/10\/28\/santo-tome-presento-la-59a-edicion-del-festival-del-folklore-correntino-2025\/\"]}]},{\"@type\":\"ImageObject\",\"inLanguage\":\"es-AR\",\"@id\":\"https:\/\/radioinfinitagoya.com.ar\/v1\/2025\/10\/28\/santo-tome-presento-la-59a-edicion-del-festival-del-folklore-correntino-2025\/#primaryimage\",\"url\":\"https:\/\/radioinfinitagoya.com.ar\/v1\/wp-content\/uploads\/2025\/10\/G4W21MnXIAAv8dN.jpg\",\"contentUrl\":\"https:\/\/radioinfinitagoya.com.ar\/v1\/wp-content\/uploads\/2025\/10\/G4W21MnXIAAv8dN.jpg\",\"width\":2048,\"height\":1367},{\"@type\":\"BreadcrumbList\",\"@id\":\"https:\/\/radioinfinitagoya.com.ar\/v1\/2025\/10\/28\/santo-tome-presento-la-59a-edicion-del-festival-del-folklore-correntino-2025\/#breadcrumb\",\"itemListElement\":[{\"@type\":\"ListItem\",\"position\":1,\"name\":\"Inicio\",\"item\":\"https:\/\/radioinfinitagoya.com.ar\/v1\/\"},{\"@type\":\"ListItem\",\"position\":2,\"name\":\"Santo Tom\u00e9 present\u00f3 la 59\u00aa edici\u00f3n del Festival del Folklore Correntino 2025\"}]},{\"@type\":\"WebSite\",\"@id\":\"https:\/\/radioinfinitagoya.com.ar\/v1\/#website\",\"url\":\"https:\/\/radioinfinitagoya.com.ar\/v1\/\",\"name\":\"radioinfinitagoya.com.ar\",\"description\":\"Radio de noticias\",\"publisher\":{\"@id\":\"https:\/\/radioinfinitagoya.com.ar\/v1\/#organization\"},\"potentialAction\":[{\"@type\":\"SearchAction\",\"target\":{\"@type\":\"EntryPoint\",\"urlTemplate\":\"https:\/\/radioinfinitagoya.com.ar\/v1\/?s={search_term_string}\"},\"query-input\":{\"@type\":\"PropertyValueSpecification\",\"valueRequired\":true,\"valueName\":\"search_term_string\"}}],\"inLanguage\":\"es-AR\"},{\"@type\":\"Organization\",\"@id\":\"https:\/\/radioinfinitagoya.com.ar\/v1\/#organization\",\"name\":\"Radio Infinita Goya\",\"url\":\"https:\/\/radioinfinitagoya.com.ar\/v1\/\",\"logo\":{\"@type\":\"ImageObject\",\"inLanguage\":\"es-AR\",\"@id\":\"https:\/\/radioinfinitagoya.com.ar\/v1\/#\/schema\/logo\/image\/\",\"url\":\"https:\/\/radioinfinitagoya.com.ar\/v1\/wp-content\/uploads\/2019\/11\/logo-pie-web.png\",\"contentUrl\":\"https:\/\/radioinfinitagoya.com.ar\/v1\/wp-content\/uploads\/2019\/11\/logo-pie-web.png\",\"width\":635,\"height\":326,\"caption\":\"Radio Infinita Goya\"},\"image\":{\"@id\":\"https:\/\/radioinfinitagoya.com.ar\/v1\/#\/schema\/logo\/image\/\"},\"sameAs\":[\"https:\/\/www.facebook.com\/p\/Infinita-Goya-100063870918311\/\"]},{\"@type\":\"Person\",\"@id\":\"https:\/\/radioinfinitagoya.com.ar\/v1\/#\/schema\/person\/d4cf9c413d4f6edb24aabdccab49ca4a\",\"name\":\"Jorge Mi\u00f1o\",\"image\":{\"@type\":\"ImageObject\",\"inLanguage\":\"es-AR\",\"@id\":\"https:\/\/secure.gravatar.com\/avatar\/910fcf6728fe95320e07a6643c1581fec1c7fc4bf8ae12e3d8f0d0373dc844be?s=96&d=mm&r=g\",\"url\":\"https:\/\/secure.gravatar.com\/avatar\/910fcf6728fe95320e07a6643c1581fec1c7fc4bf8ae12e3d8f0d0373dc844be?s=96&d=mm&r=g\",\"contentUrl\":\"https:\/\/secure.gravatar.com\/avatar\/910fcf6728fe95320e07a6643c1581fec1c7fc4bf8ae12e3d8f0d0373dc844be?s=96&d=mm&r=g\",\"caption\":\"Jorge Mi\u00f1o\"},\"sameAs\":[\"http:\/\/radioinfinitagoya.com.ar\"]}]}<\/script>\n<!-- \/ Yoast SEO plugin. -->","yoast_head_json":{"title":"Santo Tom\u00e9 present\u00f3 la 59\u00aa edici\u00f3n del Festival del Folklore Correntino 2025 - Radio Infinita Goya","description":"Bajo el lema \u201cRa\u00edz de Tierra y Canto\u201d, el tradicional evento se realizar\u00e1 el 7 y 8 de noviembre en el anfiteatro Genaro Ber\u00f3n de Astrada. Habr\u00e1 entrada","robots":{"index":"index","follow":"follow","max-snippet":"max-snippet:-1","max-image-preview":"max-image-preview:large","max-video-preview":"max-video-preview:-1"},"canonical":"https:\/\/radioinfinitagoya.com.ar\/v1\/2025\/10\/28\/santo-tome-presento-la-59a-edicion-del-festival-del-folklore-correntino-2025\/","og_locale":"es_ES","og_type":"article","og_title":"Santo Tom\u00e9 present\u00f3 la 59\u00aa edici\u00f3n del Festival del Folklore Correntino 2025 - Radio Infinita Goya","og_description":"Bajo el lema \u201cRa\u00edz de Tierra y Canto\u201d, el tradicional evento se realizar\u00e1 el 7 y 8 de noviembre en el anfiteatro Genaro Ber\u00f3n de Astrada. Habr\u00e1 entrada","og_url":"https:\/\/radioinfinitagoya.com.ar\/v1\/2025\/10\/28\/santo-tome-presento-la-59a-edicion-del-festival-del-folklore-correntino-2025\/","og_site_name":"Radio Infinita Goya","article_publisher":"https:\/\/www.facebook.com\/p\/Infinita-Goya-100063870918311\/","article_published_time":"2025-10-28T18:32:38+00:00","og_image":[{"width":2048,"height":1367,"url":"https:\/\/radioinfinitagoya.com.ar\/v1\/wp-content\/uploads\/2025\/10\/G4W21MnXIAAv8dN.jpg","type":"image\/jpeg"}],"author":"Jorge Mi\u00f1o","twitter_card":"summary_large_image","twitter_misc":{"Escrito por":"Jorge Mi\u00f1o","Tiempo de lectura":"2 minutos"},"schema":{"@context":"https:\/\/schema.org","@graph":[{"@type":"Article","@id":"https:\/\/radioinfinitagoya.com.ar\/v1\/2025\/10\/28\/santo-tome-presento-la-59a-edicion-del-festival-del-folklore-correntino-2025\/#article","isPartOf":{"@id":"https:\/\/radioinfinitagoya.com.ar\/v1\/2025\/10\/28\/santo-tome-presento-la-59a-edicion-del-festival-del-folklore-correntino-2025\/"},"author":{"name":"Jorge Mi\u00f1o","@id":"https:\/\/radioinfinitagoya.com.ar\/v1\/#\/schema\/person\/d4cf9c413d4f6edb24aabdccab49ca4a"},"headline":"Santo Tom\u00e9 present\u00f3 la 59\u00aa edici\u00f3n del Festival del Folklore Correntino 2025","datePublished":"2025-10-28T18:32:38+00:00","mainEntityOfPage":{"@id":"https:\/\/radioinfinitagoya.com.ar\/v1\/2025\/10\/28\/santo-tome-presento-la-59a-edicion-del-festival-del-folklore-correntino-2025\/"},"wordCount":395,"publisher":{"@id":"https:\/\/radioinfinitagoya.com.ar\/v1\/#organization"},"image":{"@id":"https:\/\/radioinfinitagoya.com.ar\/v1\/2025\/10\/28\/santo-tome-presento-la-59a-edicion-del-festival-del-folklore-correntino-2025\/#primaryimage"},"thumbnailUrl":"https:\/\/radioinfinitagoya.com.ar\/v1\/wp-content\/uploads\/2025\/10\/G4W21MnXIAAv8dN.jpg","articleSection":["PROVINCIALES"],"inLanguage":"es-AR"},{"@type":"WebPage","@id":"https:\/\/radioinfinitagoya.com.ar\/v1\/2025\/10\/28\/santo-tome-presento-la-59a-edicion-del-festival-del-folklore-correntino-2025\/","url":"https:\/\/radioinfinitagoya.com.ar\/v1\/2025\/10\/28\/santo-tome-presento-la-59a-edicion-del-festival-del-folklore-correntino-2025\/","name":"Santo Tom\u00e9 present\u00f3 la 59\u00aa edici\u00f3n del Festival del Folklore Correntino 2025 - Radio Infinita Goya","isPartOf":{"@id":"https:\/\/radioinfinitagoya.com.ar\/v1\/#website"},"primaryImageOfPage":{"@id":"https:\/\/radioinfinitagoya.com.ar\/v1\/2025\/10\/28\/santo-tome-presento-la-59a-edicion-del-festival-del-folklore-correntino-2025\/#primaryimage"},"image":{"@id":"https:\/\/radioinfinitagoya.com.ar\/v1\/2025\/10\/28\/santo-tome-presento-la-59a-edicion-del-festival-del-folklore-correntino-2025\/#primaryimage"},"thumbnailUrl":"https:\/\/radioinfinitagoya.com.ar\/v1\/wp-content\/uploads\/2025\/10\/G4W21MnXIAAv8dN.jpg","datePublished":"2025-10-28T18:32:38+00:00","description":"Bajo el lema \u201cRa\u00edz de Tierra y Canto\u201d, el tradicional evento se realizar\u00e1 el 7 y 8 de noviembre en el anfiteatro Genaro Ber\u00f3n de Astrada. Habr\u00e1 entrada","breadcrumb":{"@id":"https:\/\/radioinfinitagoya.com.ar\/v1\/2025\/10\/28\/santo-tome-presento-la-59a-edicion-del-festival-del-folklore-correntino-2025\/#breadcrumb"},"inLanguage":"es-AR","potentialAction":[{"@type":"ReadAction","target":["https:\/\/radioinfinitagoya.com.ar\/v1\/2025\/10\/28\/santo-tome-presento-la-59a-edicion-del-festival-del-folklore-correntino-2025\/"]}]},{"@type":"ImageObject","inLanguage":"es-AR","@id":"https:\/\/radioinfinitagoya.com.ar\/v1\/2025\/10\/28\/santo-tome-presento-la-59a-edicion-del-festival-del-folklore-correntino-2025\/#primaryimage","url":"https:\/\/radioinfinitagoya.com.ar\/v1\/wp-content\/uploads\/2025\/10\/G4W21MnXIAAv8dN.jpg","contentUrl":"https:\/\/radioinfinitagoya.com.ar\/v1\/wp-content\/uploads\/2025\/10\/G4W21MnXIAAv8dN.jpg","width":2048,"height":1367},{"@type":"BreadcrumbList","@id":"https:\/\/radioinfinitagoya.com.ar\/v1\/2025\/10\/28\/santo-tome-presento-la-59a-edicion-del-festival-del-folklore-correntino-2025\/#breadcrumb","itemListElement":[{"@type":"ListItem","position":1,"name":"Inicio","item":"https:\/\/radioinfinitagoya.com.ar\/v1\/"},{"@type":"ListItem","position":2,"name":"Santo Tom\u00e9 present\u00f3 la 59\u00aa edici\u00f3n del Festival del Folklore Correntino 2025"}]},{"@type":"WebSite","@id":"https:\/\/radioinfinitagoya.com.ar\/v1\/#website","url":"https:\/\/radioinfinitagoya.com.ar\/v1\/","name":"radioinfinitagoya.com.ar","description":"Radio de noticias","publisher":{"@id":"https:\/\/radioinfinitagoya.com.ar\/v1\/#organization"},"potentialAction":[{"@type":"SearchAction","target":{"@type":"EntryPoint","urlTemplate":"https:\/\/radioinfinitagoya.com.ar\/v1\/?s={search_term_string}"},"query-input":{"@type":"PropertyValueSpecification","valueRequired":true,"valueName":"search_term_string"}}],"inLanguage":"es-AR"},{"@type":"Organization","@id":"https:\/\/radioinfinitagoya.com.ar\/v1\/#organization","name":"Radio Infinita Goya","url":"https:\/\/radioinfinitagoya.com.ar\/v1\/","logo":{"@type":"ImageObject","inLanguage":"es-AR","@id":"https:\/\/radioinfinitagoya.com.ar\/v1\/#\/schema\/logo\/image\/","url":"https:\/\/radioinfinitagoya.com.ar\/v1\/wp-content\/uploads\/2019\/11\/logo-pie-web.png","contentUrl":"https:\/\/radioinfinitagoya.com.ar\/v1\/wp-content\/uploads\/2019\/11\/logo-pie-web.png","width":635,"height":326,"caption":"Radio Infinita Goya"},"image":{"@id":"https:\/\/radioinfinitagoya.com.ar\/v1\/#\/schema\/logo\/image\/"},"sameAs":["https:\/\/www.facebook.com\/p\/Infinita-Goya-100063870918311\/"]},{"@type":"Person","@id":"https:\/\/radioinfinitagoya.com.ar\/v1\/#\/schema\/person\/d4cf9c413d4f6edb24aabdccab49ca4a","name":"Jorge Mi\u00f1o","image":{"@type":"ImageObject","inLanguage":"es-AR","@id":"https:\/\/secure.gravatar.com\/avatar\/910fcf6728fe95320e07a6643c1581fec1c7fc4bf8ae12e3d8f0d0373dc844be?s=96&d=mm&r=g","url":"https:\/\/secure.gravatar.com\/avatar\/910fcf6728fe95320e07a6643c1581fec1c7fc4bf8ae12e3d8f0d0373dc844be?s=96&d=mm&r=g","contentUrl":"https:\/\/secure.gravatar.com\/avatar\/910fcf6728fe95320e07a6643c1581fec1c7fc4bf8ae12e3d8f0d0373dc844be?s=96&d=mm&r=g","caption":"Jorge Mi\u00f1o"},"sameAs":["http:\/\/radioinfinitagoya.com.ar"]}]}},"_links":{"self":[{"href":"https:\/\/radioinfinitagoya.com.ar\/v1\/wp-json\/wp\/v2\/posts\/198337","targetHints":{"allow":["GET"]}}],"collection":[{"href":"https:\/\/radioinfinitagoya.com.ar\/v1\/wp-json\/wp\/v2\/posts"}],"about":[{"href":"https:\/\/radioinfinitagoya.com.ar\/v1\/wp-json\/wp\/v2\/types\/post"}],"author":[{"embeddable":true,"href":"https:\/\/radioinfinitagoya.com.ar\/v1\/wp-json\/wp\/v2\/users\/4"}],"replies":[{"embeddable":true,"href":"https:\/\/radioinfinitagoya.com.ar\/v1\/wp-json\/wp\/v2\/comments?post=198337"}],"version-history":[{"count":0,"href":"https:\/\/radioinfinitagoya.com.ar\/v1\/wp-json\/wp\/v2\/posts\/198337\/revisions"}],"wp:featuredmedia":[{"embeddable":true,"href":"https:\/\/radioinfinitagoya.com.ar\/v1\/wp-json\/wp\/v2\/media\/198338"}],"wp:attachment":[{"href":"https:\/\/radioinfinitagoya.com.ar\/v1\/wp-json\/wp\/v2\/media?parent=198337"}],"wp:term":[{"taxonomy":"category","embeddable":true,"href":"https:\/\/radioinfinitagoya.com.ar\/v1\/wp-json\/wp\/v2\/categories?post=198337"},{"taxonomy":"post_tag","embeddable":true,"href":"https:\/\/radioinfinitagoya.com.ar\/v1\/wp-json\/wp\/v2\/tags?post=198337"}],"curies":[{"name":"wp","href":"https:\/\/api.w.org\/{rel}","templated":true}]}}