{"id":198344,"date":"2025-10-28T15:43:10","date_gmt":"2025-10-28T18:43:10","guid":{"rendered":"https:\/\/radioinfinitagoya.com.ar\/v1\/?p=198344"},"modified":"2025-10-28T15:43:10","modified_gmt":"2025-10-28T18:43:10","slug":"el-exnovio-de-lourdes-fernandez-seguira-preso-los-detalles-de-la-decision-judicial","status":"publish","type":"post","link":"https:\/\/radioinfinitagoya.com.ar\/v1\/2025\/10\/28\/el-exnovio-de-lourdes-fernandez-seguira-preso-los-detalles-de-la-decision-judicial\/","title":{"rendered":"El exnovio de Lourdes Fern\u00e1ndez, seguir\u00e1 preso: los detalles de la decisi\u00f3n judicial"},"content":{"rendered":"<p>El hombre est\u00e1 detenido desde el jueves a la noche, cuando la polic\u00eda irrumpi\u00f3 en su casa de Palermo.<\/p>\n<p>El hombre est\u00e1 preso desde el jueves a la noche, cuando la Polic\u00eda irrumpi\u00f3 en su casa de Palermo para buscar a la artista musical que no tuvo contacto con su familia durante 19 d\u00edas. Lo acusan de privaci\u00f3n ileg\u00edtima de la libertad.<\/p>\n<p>El escrito del magistrado al que accedi\u00f3 TN Show indica que Slupski no hizo lugar al pedido de excarcelaci\u00f3n que hab\u00eda promovido la defensa de la expareja de la integrante del grupo Bandana, \u201cbajo ning\u00fan tipo de condici\u00f3n ni cauci\u00f3n\u201d.<\/p>\n<p>As\u00ed, el juez sigui\u00f3 el pedido de Silvana Russi, la responsable de la Fiscal\u00eda Nacional en lo Criminal y Correccional N\u00b043. La fiscal hab\u00eda solicitado que Garc\u00eda continuara preso.<\/p>\n<p>&#8220;Las graves caracter\u00edsticas de los hechos investigados, la naturaleza del delito que se le atribuye a Garc\u00eda G\u00f3mez y la actitud asumida por \u00e9ste constituyen indicios suficientes para considerar que no se someter\u00e1 a la persecuci\u00f3n penal\u201d, fue uno de los fundamentos del dictamen que, finalmente, resolvi\u00f3 el juez.<\/p>\n<p>Qu\u00e9 dice el informe de los especialistas que evaluaron a Lourdes de Bandana<br \/>\nEste lunes se supo que la Oficina de Violencia Dom\u00e9stica (OVD) elabor\u00f3 un informe sobre la situaci\u00f3n de Lourdes Fern\u00e1ndez, en el que estableci\u00f3 que la artista se encuentra en una situaci\u00f3n de \u201calto riesgo\u201d.<\/p>\n<p>El documento, realizado por un equipo interdisciplinario de profesionales de la psicolog\u00eda, el trabajo social y el derecho, describe un contexto de vulnerabilidad extrema.<\/p>\n<p>De acuerdo a los especialistas, en el testimonio de la cantante se observan patrones de control, aislamiento y sometimiento psicol\u00f3gico que suelen estar presentes en los v\u00ednculos abusivos.<\/p>\n<p>Aunque Lourdes Fern\u00e1ndez neg\u00f3 haber sido agredida f\u00edsicamente por su expareja, Leandro Garc\u00eda G\u00f3mez, los peritos interpretaron su declaraci\u00f3n como la de \u201cuna mujer manipulada por el violento\u201d, una figura que enmarca el impacto emocional y la dependencia que pueden generar las relaciones de dominaci\u00f3n.<\/p>\n<p>Ante los resultados del informe, Yamil Castro Bianchi, abogado de la madre de la artista, pedir\u00e1 que Lourdes vuelva a declarar, esta vez como posible v\u00edctima de delitos relacionados con la trata de personas.<\/p>\n<p>&nbsp;<\/p>\n","protected":false},"excerpt":{"rendered":"<p>El hombre est\u00e1 detenido desde el jueves a la noche, cuando la polic\u00eda irrumpi\u00f3 en su casa de Palermo. El hombre est\u00e1 preso desde el jueves a la noche, cuando la Polic\u00eda irrumpi\u00f3 en su casa de Palermo para buscar a la artista musical que no tuvo contacto con su familia durante 19 d\u00edas. Lo [&hellip;]<\/p>\n","protected":false},"author":4,"featured_media":198345,"comment_status":"closed","ping_status":"closed","sticky":false,"template":"","format":"standard","meta":{"_joinchat":[],"footnotes":""},"categories":[29],"tags":[],"class_list":{"0":"post-198344","1":"post","2":"type-post","3":"status-publish","4":"format-standard","5":"has-post-thumbnail","7":"category-nacionales"},"yoast_head":"<!-- This site is optimized with the Yoast SEO plugin v27.2 - https:\/\/yoast.com\/product\/yoast-seo-wordpress\/ -->\n<title>El exnovio de Lourdes Fern\u00e1ndez, seguir\u00e1 preso: los detalles de la decisi\u00f3n judicial - Radio Infinita Goya<\/title>\n<meta name=\"description\" content=\"El hombre est\u00e1 detenido desde el jueves a la noche, cuando la polic\u00eda irrumpi\u00f3 en su casa de Palermo. El hombre est\u00e1 preso desde el jueves a la noche,\" \/>\n<meta name=\"robots\" content=\"index, follow, max-snippet:-1, max-image-preview:large, max-video-preview:-1\" \/>\n<link rel=\"canonical\" href=\"https:\/\/radioinfinitagoya.com.ar\/v1\/2025\/10\/28\/el-exnovio-de-lourdes-fernandez-seguira-preso-los-detalles-de-la-decision-judicial\/\" \/>\n<meta property=\"og:locale\" content=\"es_ES\" \/>\n<meta property=\"og:type\" content=\"article\" \/>\n<meta property=\"og:title\" content=\"El exnovio de Lourdes Fern\u00e1ndez, seguir\u00e1 preso: los detalles de la decisi\u00f3n judicial - Radio Infinita Goya\" \/>\n<meta property=\"og:description\" content=\"El hombre est\u00e1 detenido desde el jueves a la noche, cuando la polic\u00eda irrumpi\u00f3 en su casa de Palermo. El hombre est\u00e1 preso desde el jueves a la noche,\" \/>\n<meta property=\"og:url\" content=\"https:\/\/radioinfinitagoya.com.ar\/v1\/2025\/10\/28\/el-exnovio-de-lourdes-fernandez-seguira-preso-los-detalles-de-la-decision-judicial\/\" \/>\n<meta property=\"og:site_name\" content=\"Radio Infinita Goya\" \/>\n<meta property=\"article:publisher\" content=\"https:\/\/www.facebook.com\/p\/Infinita-Goya-100063870918311\/\" \/>\n<meta property=\"article:published_time\" content=\"2025-10-28T18:43:10+00:00\" \/>\n<meta property=\"og:image\" content=\"https:\/\/radioinfinitagoya.com.ar\/v1\/wp-content\/uploads\/2025\/10\/G4L0PfdXsAAVqvR.jpg\" \/>\n\t<meta property=\"og:image:width\" content=\"680\" \/>\n\t<meta property=\"og:image:height\" content=\"381\" \/>\n\t<meta property=\"og:image:type\" content=\"image\/jpeg\" \/>\n<meta name=\"author\" content=\"Jorge Mi\u00f1o\" \/>\n<meta name=\"twitter:card\" content=\"summary_large_image\" \/>\n<meta name=\"twitter:label1\" content=\"Escrito por\" \/>\n\t<meta name=\"twitter:data1\" content=\"Jorge Mi\u00f1o\" \/>\n\t<meta name=\"twitter:label2\" content=\"Tiempo de lectura\" \/>\n\t<meta name=\"twitter:data2\" content=\"2 minutos\" \/>\n<script type=\"application\/ld+json\" class=\"yoast-schema-graph\">{\"@context\":\"https:\/\/schema.org\",\"@graph\":[{\"@type\":\"Article\",\"@id\":\"https:\/\/radioinfinitagoya.com.ar\/v1\/2025\/10\/28\/el-exnovio-de-lourdes-fernandez-seguira-preso-los-detalles-de-la-decision-judicial\/#article\",\"isPartOf\":{\"@id\":\"https:\/\/radioinfinitagoya.com.ar\/v1\/2025\/10\/28\/el-exnovio-de-lourdes-fernandez-seguira-preso-los-detalles-de-la-decision-judicial\/\"},\"author\":{\"name\":\"Jorge Mi\u00f1o\",\"@id\":\"https:\/\/radioinfinitagoya.com.ar\/v1\/#\/schema\/person\/d4cf9c413d4f6edb24aabdccab49ca4a\"},\"headline\":\"El exnovio de Lourdes Fern\u00e1ndez, seguir\u00e1 preso: los detalles de la decisi\u00f3n judicial\",\"datePublished\":\"2025-10-28T18:43:10+00:00\",\"mainEntityOfPage\":{\"@id\":\"https:\/\/radioinfinitagoya.com.ar\/v1\/2025\/10\/28\/el-exnovio-de-lourdes-fernandez-seguira-preso-los-detalles-de-la-decision-judicial\/\"},\"wordCount\":405,\"publisher\":{\"@id\":\"https:\/\/radioinfinitagoya.com.ar\/v1\/#organization\"},\"image\":{\"@id\":\"https:\/\/radioinfinitagoya.com.ar\/v1\/2025\/10\/28\/el-exnovio-de-lourdes-fernandez-seguira-preso-los-detalles-de-la-decision-judicial\/#primaryimage\"},\"thumbnailUrl\":\"https:\/\/radioinfinitagoya.com.ar\/v1\/wp-content\/uploads\/2025\/10\/G4L0PfdXsAAVqvR.jpg\",\"articleSection\":[\"NACIONALES\"],\"inLanguage\":\"es-AR\"},{\"@type\":\"WebPage\",\"@id\":\"https:\/\/radioinfinitagoya.com.ar\/v1\/2025\/10\/28\/el-exnovio-de-lourdes-fernandez-seguira-preso-los-detalles-de-la-decision-judicial\/\",\"url\":\"https:\/\/radioinfinitagoya.com.ar\/v1\/2025\/10\/28\/el-exnovio-de-lourdes-fernandez-seguira-preso-los-detalles-de-la-decision-judicial\/\",\"name\":\"El exnovio de Lourdes Fern\u00e1ndez, seguir\u00e1 preso: los detalles de la decisi\u00f3n judicial - Radio Infinita Goya\",\"isPartOf\":{\"@id\":\"https:\/\/radioinfinitagoya.com.ar\/v1\/#website\"},\"primaryImageOfPage\":{\"@id\":\"https:\/\/radioinfinitagoya.com.ar\/v1\/2025\/10\/28\/el-exnovio-de-lourdes-fernandez-seguira-preso-los-detalles-de-la-decision-judicial\/#primaryimage\"},\"image\":{\"@id\":\"https:\/\/radioinfinitagoya.com.ar\/v1\/2025\/10\/28\/el-exnovio-de-lourdes-fernandez-seguira-preso-los-detalles-de-la-decision-judicial\/#primaryimage\"},\"thumbnailUrl\":\"https:\/\/radioinfinitagoya.com.ar\/v1\/wp-content\/uploads\/2025\/10\/G4L0PfdXsAAVqvR.jpg\",\"datePublished\":\"2025-10-28T18:43:10+00:00\",\"description\":\"El hombre est\u00e1 detenido desde el jueves a la noche, cuando la polic\u00eda irrumpi\u00f3 en su casa de Palermo. El hombre est\u00e1 preso desde el jueves a la noche,\",\"breadcrumb\":{\"@id\":\"https:\/\/radioinfinitagoya.com.ar\/v1\/2025\/10\/28\/el-exnovio-de-lourdes-fernandez-seguira-preso-los-detalles-de-la-decision-judicial\/#breadcrumb\"},\"inLanguage\":\"es-AR\",\"potentialAction\":[{\"@type\":\"ReadAction\",\"target\":[\"https:\/\/radioinfinitagoya.com.ar\/v1\/2025\/10\/28\/el-exnovio-de-lourdes-fernandez-seguira-preso-los-detalles-de-la-decision-judicial\/\"]}]},{\"@type\":\"ImageObject\",\"inLanguage\":\"es-AR\",\"@id\":\"https:\/\/radioinfinitagoya.com.ar\/v1\/2025\/10\/28\/el-exnovio-de-lourdes-fernandez-seguira-preso-los-detalles-de-la-decision-judicial\/#primaryimage\",\"url\":\"https:\/\/radioinfinitagoya.com.ar\/v1\/wp-content\/uploads\/2025\/10\/G4L0PfdXsAAVqvR.jpg\",\"contentUrl\":\"https:\/\/radioinfinitagoya.com.ar\/v1\/wp-content\/uploads\/2025\/10\/G4L0PfdXsAAVqvR.jpg\",\"width\":680,\"height\":381},{\"@type\":\"BreadcrumbList\",\"@id\":\"https:\/\/radioinfinitagoya.com.ar\/v1\/2025\/10\/28\/el-exnovio-de-lourdes-fernandez-seguira-preso-los-detalles-de-la-decision-judicial\/#breadcrumb\",\"itemListElement\":[{\"@type\":\"ListItem\",\"position\":1,\"name\":\"Inicio\",\"item\":\"https:\/\/radioinfinitagoya.com.ar\/v1\/\"},{\"@type\":\"ListItem\",\"position\":2,\"name\":\"El exnovio de Lourdes Fern\u00e1ndez, seguir\u00e1 preso: los detalles de la decisi\u00f3n judicial\"}]},{\"@type\":\"WebSite\",\"@id\":\"https:\/\/radioinfinitagoya.com.ar\/v1\/#website\",\"url\":\"https:\/\/radioinfinitagoya.com.ar\/v1\/\",\"name\":\"radioinfinitagoya.com.ar\",\"description\":\"Radio de noticias\",\"publisher\":{\"@id\":\"https:\/\/radioinfinitagoya.com.ar\/v1\/#organization\"},\"potentialAction\":[{\"@type\":\"SearchAction\",\"target\":{\"@type\":\"EntryPoint\",\"urlTemplate\":\"https:\/\/radioinfinitagoya.com.ar\/v1\/?s={search_term_string}\"},\"query-input\":{\"@type\":\"PropertyValueSpecification\",\"valueRequired\":true,\"valueName\":\"search_term_string\"}}],\"inLanguage\":\"es-AR\"},{\"@type\":\"Organization\",\"@id\":\"https:\/\/radioinfinitagoya.com.ar\/v1\/#organization\",\"name\":\"Radio Infinita Goya\",\"url\":\"https:\/\/radioinfinitagoya.com.ar\/v1\/\",\"logo\":{\"@type\":\"ImageObject\",\"inLanguage\":\"es-AR\",\"@id\":\"https:\/\/radioinfinitagoya.com.ar\/v1\/#\/schema\/logo\/image\/\",\"url\":\"https:\/\/radioinfinitagoya.com.ar\/v1\/wp-content\/uploads\/2019\/11\/logo-pie-web.png\",\"contentUrl\":\"https:\/\/radioinfinitagoya.com.ar\/v1\/wp-content\/uploads\/2019\/11\/logo-pie-web.png\",\"width\":635,\"height\":326,\"caption\":\"Radio Infinita Goya\"},\"image\":{\"@id\":\"https:\/\/radioinfinitagoya.com.ar\/v1\/#\/schema\/logo\/image\/\"},\"sameAs\":[\"https:\/\/www.facebook.com\/p\/Infinita-Goya-100063870918311\/\"]},{\"@type\":\"Person\",\"@id\":\"https:\/\/radioinfinitagoya.com.ar\/v1\/#\/schema\/person\/d4cf9c413d4f6edb24aabdccab49ca4a\",\"name\":\"Jorge Mi\u00f1o\",\"image\":{\"@type\":\"ImageObject\",\"inLanguage\":\"es-AR\",\"@id\":\"https:\/\/secure.gravatar.com\/avatar\/910fcf6728fe95320e07a6643c1581fec1c7fc4bf8ae12e3d8f0d0373dc844be?s=96&d=mm&r=g\",\"url\":\"https:\/\/secure.gravatar.com\/avatar\/910fcf6728fe95320e07a6643c1581fec1c7fc4bf8ae12e3d8f0d0373dc844be?s=96&d=mm&r=g\",\"contentUrl\":\"https:\/\/secure.gravatar.com\/avatar\/910fcf6728fe95320e07a6643c1581fec1c7fc4bf8ae12e3d8f0d0373dc844be?s=96&d=mm&r=g\",\"caption\":\"Jorge Mi\u00f1o\"},\"sameAs\":[\"http:\/\/radioinfinitagoya.com.ar\"]}]}<\/script>\n<!-- \/ Yoast SEO plugin. -->","yoast_head_json":{"title":"El exnovio de Lourdes Fern\u00e1ndez, seguir\u00e1 preso: los detalles de la decisi\u00f3n judicial - Radio Infinita Goya","description":"El hombre est\u00e1 detenido desde el jueves a la noche, cuando la polic\u00eda irrumpi\u00f3 en su casa de Palermo. El hombre est\u00e1 preso desde el jueves a la noche,","robots":{"index":"index","follow":"follow","max-snippet":"max-snippet:-1","max-image-preview":"max-image-preview:large","max-video-preview":"max-video-preview:-1"},"canonical":"https:\/\/radioinfinitagoya.com.ar\/v1\/2025\/10\/28\/el-exnovio-de-lourdes-fernandez-seguira-preso-los-detalles-de-la-decision-judicial\/","og_locale":"es_ES","og_type":"article","og_title":"El exnovio de Lourdes Fern\u00e1ndez, seguir\u00e1 preso: los detalles de la decisi\u00f3n judicial - Radio Infinita Goya","og_description":"El hombre est\u00e1 detenido desde el jueves a la noche, cuando la polic\u00eda irrumpi\u00f3 en su casa de Palermo. El hombre est\u00e1 preso desde el jueves a la noche,","og_url":"https:\/\/radioinfinitagoya.com.ar\/v1\/2025\/10\/28\/el-exnovio-de-lourdes-fernandez-seguira-preso-los-detalles-de-la-decision-judicial\/","og_site_name":"Radio Infinita Goya","article_publisher":"https:\/\/www.facebook.com\/p\/Infinita-Goya-100063870918311\/","article_published_time":"2025-10-28T18:43:10+00:00","og_image":[{"width":680,"height":381,"url":"https:\/\/radioinfinitagoya.com.ar\/v1\/wp-content\/uploads\/2025\/10\/G4L0PfdXsAAVqvR.jpg","type":"image\/jpeg"}],"author":"Jorge Mi\u00f1o","twitter_card":"summary_large_image","twitter_misc":{"Escrito por":"Jorge Mi\u00f1o","Tiempo de lectura":"2 minutos"},"schema":{"@context":"https:\/\/schema.org","@graph":[{"@type":"Article","@id":"https:\/\/radioinfinitagoya.com.ar\/v1\/2025\/10\/28\/el-exnovio-de-lourdes-fernandez-seguira-preso-los-detalles-de-la-decision-judicial\/#article","isPartOf":{"@id":"https:\/\/radioinfinitagoya.com.ar\/v1\/2025\/10\/28\/el-exnovio-de-lourdes-fernandez-seguira-preso-los-detalles-de-la-decision-judicial\/"},"author":{"name":"Jorge Mi\u00f1o","@id":"https:\/\/radioinfinitagoya.com.ar\/v1\/#\/schema\/person\/d4cf9c413d4f6edb24aabdccab49ca4a"},"headline":"El exnovio de Lourdes Fern\u00e1ndez, seguir\u00e1 preso: los detalles de la decisi\u00f3n judicial","datePublished":"2025-10-28T18:43:10+00:00","mainEntityOfPage":{"@id":"https:\/\/radioinfinitagoya.com.ar\/v1\/2025\/10\/28\/el-exnovio-de-lourdes-fernandez-seguira-preso-los-detalles-de-la-decision-judicial\/"},"wordCount":405,"publisher":{"@id":"https:\/\/radioinfinitagoya.com.ar\/v1\/#organization"},"image":{"@id":"https:\/\/radioinfinitagoya.com.ar\/v1\/2025\/10\/28\/el-exnovio-de-lourdes-fernandez-seguira-preso-los-detalles-de-la-decision-judicial\/#primaryimage"},"thumbnailUrl":"https:\/\/radioinfinitagoya.com.ar\/v1\/wp-content\/uploads\/2025\/10\/G4L0PfdXsAAVqvR.jpg","articleSection":["NACIONALES"],"inLanguage":"es-AR"},{"@type":"WebPage","@id":"https:\/\/radioinfinitagoya.com.ar\/v1\/2025\/10\/28\/el-exnovio-de-lourdes-fernandez-seguira-preso-los-detalles-de-la-decision-judicial\/","url":"https:\/\/radioinfinitagoya.com.ar\/v1\/2025\/10\/28\/el-exnovio-de-lourdes-fernandez-seguira-preso-los-detalles-de-la-decision-judicial\/","name":"El exnovio de Lourdes Fern\u00e1ndez, seguir\u00e1 preso: los detalles de la decisi\u00f3n judicial - Radio Infinita Goya","isPartOf":{"@id":"https:\/\/radioinfinitagoya.com.ar\/v1\/#website"},"primaryImageOfPage":{"@id":"https:\/\/radioinfinitagoya.com.ar\/v1\/2025\/10\/28\/el-exnovio-de-lourdes-fernandez-seguira-preso-los-detalles-de-la-decision-judicial\/#primaryimage"},"image":{"@id":"https:\/\/radioinfinitagoya.com.ar\/v1\/2025\/10\/28\/el-exnovio-de-lourdes-fernandez-seguira-preso-los-detalles-de-la-decision-judicial\/#primaryimage"},"thumbnailUrl":"https:\/\/radioinfinitagoya.com.ar\/v1\/wp-content\/uploads\/2025\/10\/G4L0PfdXsAAVqvR.jpg","datePublished":"2025-10-28T18:43:10+00:00","description":"El hombre est\u00e1 detenido desde el jueves a la noche, cuando la polic\u00eda irrumpi\u00f3 en su casa de Palermo. El hombre est\u00e1 preso desde el jueves a la noche,","breadcrumb":{"@id":"https:\/\/radioinfinitagoya.com.ar\/v1\/2025\/10\/28\/el-exnovio-de-lourdes-fernandez-seguira-preso-los-detalles-de-la-decision-judicial\/#breadcrumb"},"inLanguage":"es-AR","potentialAction":[{"@type":"ReadAction","target":["https:\/\/radioinfinitagoya.com.ar\/v1\/2025\/10\/28\/el-exnovio-de-lourdes-fernandez-seguira-preso-los-detalles-de-la-decision-judicial\/"]}]},{"@type":"ImageObject","inLanguage":"es-AR","@id":"https:\/\/radioinfinitagoya.com.ar\/v1\/2025\/10\/28\/el-exnovio-de-lourdes-fernandez-seguira-preso-los-detalles-de-la-decision-judicial\/#primaryimage","url":"https:\/\/radioinfinitagoya.com.ar\/v1\/wp-content\/uploads\/2025\/10\/G4L0PfdXsAAVqvR.jpg","contentUrl":"https:\/\/radioinfinitagoya.com.ar\/v1\/wp-content\/uploads\/2025\/10\/G4L0PfdXsAAVqvR.jpg","width":680,"height":381},{"@type":"BreadcrumbList","@id":"https:\/\/radioinfinitagoya.com.ar\/v1\/2025\/10\/28\/el-exnovio-de-lourdes-fernandez-seguira-preso-los-detalles-de-la-decision-judicial\/#breadcrumb","itemListElement":[{"@type":"ListItem","position":1,"name":"Inicio","item":"https:\/\/radioinfinitagoya.com.ar\/v1\/"},{"@type":"ListItem","position":2,"name":"El exnovio de Lourdes Fern\u00e1ndez, seguir\u00e1 preso: los detalles de la decisi\u00f3n judicial"}]},{"@type":"WebSite","@id":"https:\/\/radioinfinitagoya.com.ar\/v1\/#website","url":"https:\/\/radioinfinitagoya.com.ar\/v1\/","name":"radioinfinitagoya.com.ar","description":"Radio de noticias","publisher":{"@id":"https:\/\/radioinfinitagoya.com.ar\/v1\/#organization"},"potentialAction":[{"@type":"SearchAction","target":{"@type":"EntryPoint","urlTemplate":"https:\/\/radioinfinitagoya.com.ar\/v1\/?s={search_term_string}"},"query-input":{"@type":"PropertyValueSpecification","valueRequired":true,"valueName":"search_term_string"}}],"inLanguage":"es-AR"},{"@type":"Organization","@id":"https:\/\/radioinfinitagoya.com.ar\/v1\/#organization","name":"Radio Infinita Goya","url":"https:\/\/radioinfinitagoya.com.ar\/v1\/","logo":{"@type":"ImageObject","inLanguage":"es-AR","@id":"https:\/\/radioinfinitagoya.com.ar\/v1\/#\/schema\/logo\/image\/","url":"https:\/\/radioinfinitagoya.com.ar\/v1\/wp-content\/uploads\/2019\/11\/logo-pie-web.png","contentUrl":"https:\/\/radioinfinitagoya.com.ar\/v1\/wp-content\/uploads\/2019\/11\/logo-pie-web.png","width":635,"height":326,"caption":"Radio Infinita Goya"},"image":{"@id":"https:\/\/radioinfinitagoya.com.ar\/v1\/#\/schema\/logo\/image\/"},"sameAs":["https:\/\/www.facebook.com\/p\/Infinita-Goya-100063870918311\/"]},{"@type":"Person","@id":"https:\/\/radioinfinitagoya.com.ar\/v1\/#\/schema\/person\/d4cf9c413d4f6edb24aabdccab49ca4a","name":"Jorge Mi\u00f1o","image":{"@type":"ImageObject","inLanguage":"es-AR","@id":"https:\/\/secure.gravatar.com\/avatar\/910fcf6728fe95320e07a6643c1581fec1c7fc4bf8ae12e3d8f0d0373dc844be?s=96&d=mm&r=g","url":"https:\/\/secure.gravatar.com\/avatar\/910fcf6728fe95320e07a6643c1581fec1c7fc4bf8ae12e3d8f0d0373dc844be?s=96&d=mm&r=g","contentUrl":"https:\/\/secure.gravatar.com\/avatar\/910fcf6728fe95320e07a6643c1581fec1c7fc4bf8ae12e3d8f0d0373dc844be?s=96&d=mm&r=g","caption":"Jorge Mi\u00f1o"},"sameAs":["http:\/\/radioinfinitagoya.com.ar"]}]}},"_links":{"self":[{"href":"https:\/\/radioinfinitagoya.com.ar\/v1\/wp-json\/wp\/v2\/posts\/198344","targetHints":{"allow":["GET"]}}],"collection":[{"href":"https:\/\/radioinfinitagoya.com.ar\/v1\/wp-json\/wp\/v2\/posts"}],"about":[{"href":"https:\/\/radioinfinitagoya.com.ar\/v1\/wp-json\/wp\/v2\/types\/post"}],"author":[{"embeddable":true,"href":"https:\/\/radioinfinitagoya.com.ar\/v1\/wp-json\/wp\/v2\/users\/4"}],"replies":[{"embeddable":true,"href":"https:\/\/radioinfinitagoya.com.ar\/v1\/wp-json\/wp\/v2\/comments?post=198344"}],"version-history":[{"count":0,"href":"https:\/\/radioinfinitagoya.com.ar\/v1\/wp-json\/wp\/v2\/posts\/198344\/revisions"}],"wp:featuredmedia":[{"embeddable":true,"href":"https:\/\/radioinfinitagoya.com.ar\/v1\/wp-json\/wp\/v2\/media\/198345"}],"wp:attachment":[{"href":"https:\/\/radioinfinitagoya.com.ar\/v1\/wp-json\/wp\/v2\/media?parent=198344"}],"wp:term":[{"taxonomy":"category","embeddable":true,"href":"https:\/\/radioinfinitagoya.com.ar\/v1\/wp-json\/wp\/v2\/categories?post=198344"},{"taxonomy":"post_tag","embeddable":true,"href":"https:\/\/radioinfinitagoya.com.ar\/v1\/wp-json\/wp\/v2\/tags?post=198344"}],"curies":[{"name":"wp","href":"https:\/\/api.w.org\/{rel}","templated":true}]}}