{"id":198347,"date":"2025-10-28T15:47:44","date_gmt":"2025-10-28T18:47:44","guid":{"rendered":"https:\/\/radioinfinitagoya.com.ar\/v1\/?p=198347"},"modified":"2025-10-28T15:47:44","modified_gmt":"2025-10-28T18:47:44","slug":"caputo-mas-que-nunca-en-esta-eleccion-quedo-en-evidencia-el-riesgo-kuka","status":"publish","type":"post","link":"https:\/\/radioinfinitagoya.com.ar\/v1\/2025\/10\/28\/caputo-mas-que-nunca-en-esta-eleccion-quedo-en-evidencia-el-riesgo-kuka\/","title":{"rendered":"Caputo: \u201cM\u00e1s que nunca, en esta elecci\u00f3n qued\u00f3 en evidencia el riesgo kuka\u201d"},"content":{"rendered":"<p>El ministro de Econom\u00eda profundiza la polarizaci\u00f3n con el kirchnerismo y lo asoci\u00f3 al comunismo.<\/p>\n<p>Tras el triunfo electoral del Gobierno, el ministro de Econom\u00eda, Luis Caputo, consider\u00f3 que, para que la Argentina se consolide como un pa\u00eds previsible y atractivo para las inversiones, la alternativa pol\u00edtica no puede seguir siendo el kirchnerismo, al que asoci\u00f3 con el comunismo.<\/p>\n<p>&#8220;Creo que es muy sano para el pa\u00eds que se pelee la oposici\u00f3n. M\u00e1s que nunca en esta elecci\u00f3n qued\u00f3 en evidencia el riesgo kuka. Ya estaba claro en agosto de 2019, cuando Macri perdi\u00f3 por amplio margen las primarias. Pero si a alguno le quedaba alguna duda, ya no la hay\u201d, se\u00f1al\u00f3 el titular del Palacio de Hacienda a trav\u00e9s de su cuenta de X.<\/p>\n<p>\u201cSi queremos graduarnos de pa\u00eds serio, que pueda atraer inversiones que den trabajo a nuestra gente, la alternativa pol\u00edtica no puede ser m\u00e1s el kirchnerismo\/comunismo\u201d, sostuvo.<\/p>\n<p>&#8220;Ning\u00fan pa\u00eds serio ofrece esa volatilidad pol\u00edtica. Y las inversiones en la econom\u00eda real no s\u00f3lo buscan rendimientos. Son inversiones de largo plazo que lo que m\u00e1s buscan es previsibilidad\u201d, a\u00f1adi\u00f3.<\/p>\n<p>\u201cEntonces, mientras la opci\u00f3n de gobierno sea un candidato kirchnerista, seguiremos estancados como pa\u00eds, porque el capital y las inversiones fluir\u00e1n a otros pa\u00edses. La oposici\u00f3n tiene dos a\u00f1os para construir una alternativa racional. Ojal\u00e1 lo hagan y enterremos el pasado nefasto de los \u00faltimos 20 a\u00f1os de una vez por todas!\u201d, concluy\u00f3.<\/p>\n<p>En una l\u00ednea similar, el presidente Javier Milei dijo recientemente: \u201cEl gobernador Kicillof es parte del problema, no es parte de la soluci\u00f3n. Es decir, alguien que abraza las ideas comunistas no es parte de la soluci\u00f3n\u201d.<\/p>\n<p>Milei sentenci\u00f3 que \u201cel kirchnerismo es una minor\u00eda en extinci\u00f3n\u201d que en realidad \u201ces el camino de Cuba, de Venezuela, y eso no es el rumbo que quieren los argentinos\u201d.<\/p>\n<p>La semana pasada, Caputo hab\u00eda afirmado: \u201cEl voto que no es K y que no va a La Libertad Avanza es un voto perdido, me da l\u00e1stima por los argentinos\u201d,y que las elecciones de medio t\u00e9rmino eran m\u00e1s importantes que las presidenciales de 2027 porque funcionaban como la revalidaci\u00f3n del rumbo econ\u00f3mico, lo cual permitir\u00eda el ingreso de m\u00e1s inversiones, muchas de las cuales ascienden a USD 80.000 millones para los pr\u00f3ximos cuatro a\u00f1os.<\/p>\n<p>Vale mencionar que desde el 22 de octubre de 2024, fecha en la que se reglament\u00f3 el R\u00e9gimen de Incentivos a las Grandes Inversiones (RIGI), se presentaron 22 proyectos por un monto total de USD 35.563 millones, de los cuales 8 fueron aprobados.<\/p>\n<p>En otras oportunidades, previo a las elecciones, Caputo tambi\u00e9n se hab\u00eda referido al \u201criesgo kuka\u201d. En julio pasado asegur\u00f3 que el aumento del d\u00f3lar en aquel momento respond\u00eda a ese factor, aunque no representaba una amenaza macroecon\u00f3mica estructural.<\/p>\n<p>Del otro lado, el gobernador bonaerense Axel Kicillof afirm\u00f3 en el b\u00fanker de Fuerza Patria: \u201c(Milei) se equivoca si festeja este resultado donde 6 de cada 10 han dicho que no est\u00e1n de acuerdo con el modelo\u201d.<\/p>\n<p>&#8220;Se equivoca Milei si pasa por alto la situaci\u00f3n que est\u00e1 atravesando nuestro pueblo, donde se han perdido empleos, ha ca\u00eddo la actividad y cierran empresas todos los d\u00edas. Por eso, ante esta situaci\u00f3n, observamos que luego del 7 de septiembre, donde el pueblo de la provincia se pronunci\u00f3, el Gobierno se fue a pedirle a Estados Unidos auxilio y apoyo\u201d, a\u00f1adi\u00f3.<\/p>\n<p>\u201cEl Gobierno se fue a pedirle a Estados Unidos auxilio y apoyo. Quiero aclarar que ni el gobierno norteamericano, ni JP Morgan, son sociedades de beneficencia. Si vinieron a la Argentina no es para otra cosa que llevarse un lucro y poner en riesgo nuestros recursos\u201d, se\u00f1al\u00f3.<\/p>\n<p>&#8220;La situaci\u00f3n de nuestro pueblo no va a mejorar en un mil\u00edmetro mientras sigan con las mismas pol\u00edticas\u201d, concluy\u00f3.<\/p>\n","protected":false},"excerpt":{"rendered":"<p>El ministro de Econom\u00eda profundiza la polarizaci\u00f3n con el kirchnerismo y lo asoci\u00f3 al comunismo. Tras el triunfo electoral del Gobierno, el ministro de Econom\u00eda, Luis Caputo, consider\u00f3 que, para que la Argentina se consolide como un pa\u00eds previsible y atractivo para las inversiones, la alternativa pol\u00edtica no puede seguir siendo el kirchnerismo, al que [&hellip;]<\/p>\n","protected":false},"author":4,"featured_media":198348,"comment_status":"closed","ping_status":"closed","sticky":false,"template":"","format":"standard","meta":{"_joinchat":[],"footnotes":""},"categories":[29],"tags":[],"class_list":{"0":"post-198347","1":"post","2":"type-post","3":"status-publish","4":"format-standard","5":"has-post-thumbnail","7":"category-nacionales"},"yoast_head":"<!-- This site is optimized with the Yoast SEO plugin v27.2 - https:\/\/yoast.com\/product\/yoast-seo-wordpress\/ -->\n<title>Caputo: \u201cM\u00e1s que nunca, en esta elecci\u00f3n qued\u00f3 en evidencia el riesgo kuka\u201d - Radio Infinita Goya<\/title>\n<meta name=\"description\" content=\"El ministro de Econom\u00eda profundiza la polarizaci\u00f3n con el kirchnerismo y lo asoci\u00f3 al comunismo. Tras el triunfo electoral del Gobierno, el ministro de\" \/>\n<meta name=\"robots\" content=\"index, follow, max-snippet:-1, max-image-preview:large, max-video-preview:-1\" \/>\n<link rel=\"canonical\" href=\"https:\/\/radioinfinitagoya.com.ar\/v1\/2025\/10\/28\/caputo-mas-que-nunca-en-esta-eleccion-quedo-en-evidencia-el-riesgo-kuka\/\" \/>\n<meta property=\"og:locale\" content=\"es_ES\" \/>\n<meta property=\"og:type\" content=\"article\" \/>\n<meta property=\"og:title\" content=\"Caputo: \u201cM\u00e1s que nunca, en esta elecci\u00f3n qued\u00f3 en evidencia el riesgo kuka\u201d - Radio Infinita Goya\" \/>\n<meta property=\"og:description\" content=\"El ministro de Econom\u00eda profundiza la polarizaci\u00f3n con el kirchnerismo y lo asoci\u00f3 al comunismo. Tras el triunfo electoral del Gobierno, el ministro de\" \/>\n<meta property=\"og:url\" content=\"https:\/\/radioinfinitagoya.com.ar\/v1\/2025\/10\/28\/caputo-mas-que-nunca-en-esta-eleccion-quedo-en-evidencia-el-riesgo-kuka\/\" \/>\n<meta property=\"og:site_name\" content=\"Radio Infinita Goya\" \/>\n<meta property=\"article:publisher\" content=\"https:\/\/www.facebook.com\/p\/Infinita-Goya-100063870918311\/\" \/>\n<meta property=\"article:published_time\" content=\"2025-10-28T18:47:44+00:00\" \/>\n<meta property=\"og:image\" content=\"https:\/\/radioinfinitagoya.com.ar\/v1\/wp-content\/uploads\/2025\/10\/G4WbLlkWUAAdZ_Y.jpg\" \/>\n\t<meta property=\"og:image:width\" content=\"680\" \/>\n\t<meta property=\"og:image:height\" content=\"377\" \/>\n\t<meta property=\"og:image:type\" content=\"image\/jpeg\" \/>\n<meta name=\"author\" content=\"Jorge Mi\u00f1o\" \/>\n<meta name=\"twitter:card\" content=\"summary_large_image\" \/>\n<meta name=\"twitter:label1\" content=\"Escrito por\" \/>\n\t<meta name=\"twitter:data1\" content=\"Jorge Mi\u00f1o\" \/>\n\t<meta name=\"twitter:label2\" content=\"Tiempo de lectura\" \/>\n\t<meta name=\"twitter:data2\" content=\"4 minutos\" \/>\n<script type=\"application\/ld+json\" class=\"yoast-schema-graph\">{\"@context\":\"https:\/\/schema.org\",\"@graph\":[{\"@type\":\"Article\",\"@id\":\"https:\/\/radioinfinitagoya.com.ar\/v1\/2025\/10\/28\/caputo-mas-que-nunca-en-esta-eleccion-quedo-en-evidencia-el-riesgo-kuka\/#article\",\"isPartOf\":{\"@id\":\"https:\/\/radioinfinitagoya.com.ar\/v1\/2025\/10\/28\/caputo-mas-que-nunca-en-esta-eleccion-quedo-en-evidencia-el-riesgo-kuka\/\"},\"author\":{\"name\":\"Jorge Mi\u00f1o\",\"@id\":\"https:\/\/radioinfinitagoya.com.ar\/v1\/#\/schema\/person\/d4cf9c413d4f6edb24aabdccab49ca4a\"},\"headline\":\"Caputo: \u201cM\u00e1s que nunca, en esta elecci\u00f3n qued\u00f3 en evidencia el riesgo kuka\u201d\",\"datePublished\":\"2025-10-28T18:47:44+00:00\",\"mainEntityOfPage\":{\"@id\":\"https:\/\/radioinfinitagoya.com.ar\/v1\/2025\/10\/28\/caputo-mas-que-nunca-en-esta-eleccion-quedo-en-evidencia-el-riesgo-kuka\/\"},\"wordCount\":687,\"publisher\":{\"@id\":\"https:\/\/radioinfinitagoya.com.ar\/v1\/#organization\"},\"image\":{\"@id\":\"https:\/\/radioinfinitagoya.com.ar\/v1\/2025\/10\/28\/caputo-mas-que-nunca-en-esta-eleccion-quedo-en-evidencia-el-riesgo-kuka\/#primaryimage\"},\"thumbnailUrl\":\"https:\/\/radioinfinitagoya.com.ar\/v1\/wp-content\/uploads\/2025\/10\/G4WbLlkWUAAdZ_Y.jpg\",\"articleSection\":[\"NACIONALES\"],\"inLanguage\":\"es-AR\"},{\"@type\":\"WebPage\",\"@id\":\"https:\/\/radioinfinitagoya.com.ar\/v1\/2025\/10\/28\/caputo-mas-que-nunca-en-esta-eleccion-quedo-en-evidencia-el-riesgo-kuka\/\",\"url\":\"https:\/\/radioinfinitagoya.com.ar\/v1\/2025\/10\/28\/caputo-mas-que-nunca-en-esta-eleccion-quedo-en-evidencia-el-riesgo-kuka\/\",\"name\":\"Caputo: \u201cM\u00e1s que nunca, en esta elecci\u00f3n qued\u00f3 en evidencia el riesgo kuka\u201d - Radio Infinita Goya\",\"isPartOf\":{\"@id\":\"https:\/\/radioinfinitagoya.com.ar\/v1\/#website\"},\"primaryImageOfPage\":{\"@id\":\"https:\/\/radioinfinitagoya.com.ar\/v1\/2025\/10\/28\/caputo-mas-que-nunca-en-esta-eleccion-quedo-en-evidencia-el-riesgo-kuka\/#primaryimage\"},\"image\":{\"@id\":\"https:\/\/radioinfinitagoya.com.ar\/v1\/2025\/10\/28\/caputo-mas-que-nunca-en-esta-eleccion-quedo-en-evidencia-el-riesgo-kuka\/#primaryimage\"},\"thumbnailUrl\":\"https:\/\/radioinfinitagoya.com.ar\/v1\/wp-content\/uploads\/2025\/10\/G4WbLlkWUAAdZ_Y.jpg\",\"datePublished\":\"2025-10-28T18:47:44+00:00\",\"description\":\"El ministro de Econom\u00eda profundiza la polarizaci\u00f3n con el kirchnerismo y lo asoci\u00f3 al comunismo. Tras el triunfo electoral del Gobierno, el ministro de\",\"breadcrumb\":{\"@id\":\"https:\/\/radioinfinitagoya.com.ar\/v1\/2025\/10\/28\/caputo-mas-que-nunca-en-esta-eleccion-quedo-en-evidencia-el-riesgo-kuka\/#breadcrumb\"},\"inLanguage\":\"es-AR\",\"potentialAction\":[{\"@type\":\"ReadAction\",\"target\":[\"https:\/\/radioinfinitagoya.com.ar\/v1\/2025\/10\/28\/caputo-mas-que-nunca-en-esta-eleccion-quedo-en-evidencia-el-riesgo-kuka\/\"]}]},{\"@type\":\"ImageObject\",\"inLanguage\":\"es-AR\",\"@id\":\"https:\/\/radioinfinitagoya.com.ar\/v1\/2025\/10\/28\/caputo-mas-que-nunca-en-esta-eleccion-quedo-en-evidencia-el-riesgo-kuka\/#primaryimage\",\"url\":\"https:\/\/radioinfinitagoya.com.ar\/v1\/wp-content\/uploads\/2025\/10\/G4WbLlkWUAAdZ_Y.jpg\",\"contentUrl\":\"https:\/\/radioinfinitagoya.com.ar\/v1\/wp-content\/uploads\/2025\/10\/G4WbLlkWUAAdZ_Y.jpg\",\"width\":680,\"height\":377},{\"@type\":\"BreadcrumbList\",\"@id\":\"https:\/\/radioinfinitagoya.com.ar\/v1\/2025\/10\/28\/caputo-mas-que-nunca-en-esta-eleccion-quedo-en-evidencia-el-riesgo-kuka\/#breadcrumb\",\"itemListElement\":[{\"@type\":\"ListItem\",\"position\":1,\"name\":\"Inicio\",\"item\":\"https:\/\/radioinfinitagoya.com.ar\/v1\/\"},{\"@type\":\"ListItem\",\"position\":2,\"name\":\"Caputo: \u201cM\u00e1s que nunca, en esta elecci\u00f3n qued\u00f3 en evidencia el riesgo kuka\u201d\"}]},{\"@type\":\"WebSite\",\"@id\":\"https:\/\/radioinfinitagoya.com.ar\/v1\/#website\",\"url\":\"https:\/\/radioinfinitagoya.com.ar\/v1\/\",\"name\":\"radioinfinitagoya.com.ar\",\"description\":\"Radio de noticias\",\"publisher\":{\"@id\":\"https:\/\/radioinfinitagoya.com.ar\/v1\/#organization\"},\"potentialAction\":[{\"@type\":\"SearchAction\",\"target\":{\"@type\":\"EntryPoint\",\"urlTemplate\":\"https:\/\/radioinfinitagoya.com.ar\/v1\/?s={search_term_string}\"},\"query-input\":{\"@type\":\"PropertyValueSpecification\",\"valueRequired\":true,\"valueName\":\"search_term_string\"}}],\"inLanguage\":\"es-AR\"},{\"@type\":\"Organization\",\"@id\":\"https:\/\/radioinfinitagoya.com.ar\/v1\/#organization\",\"name\":\"Radio Infinita Goya\",\"url\":\"https:\/\/radioinfinitagoya.com.ar\/v1\/\",\"logo\":{\"@type\":\"ImageObject\",\"inLanguage\":\"es-AR\",\"@id\":\"https:\/\/radioinfinitagoya.com.ar\/v1\/#\/schema\/logo\/image\/\",\"url\":\"https:\/\/radioinfinitagoya.com.ar\/v1\/wp-content\/uploads\/2019\/11\/logo-pie-web.png\",\"contentUrl\":\"https:\/\/radioinfinitagoya.com.ar\/v1\/wp-content\/uploads\/2019\/11\/logo-pie-web.png\",\"width\":635,\"height\":326,\"caption\":\"Radio Infinita Goya\"},\"image\":{\"@id\":\"https:\/\/radioinfinitagoya.com.ar\/v1\/#\/schema\/logo\/image\/\"},\"sameAs\":[\"https:\/\/www.facebook.com\/p\/Infinita-Goya-100063870918311\/\"]},{\"@type\":\"Person\",\"@id\":\"https:\/\/radioinfinitagoya.com.ar\/v1\/#\/schema\/person\/d4cf9c413d4f6edb24aabdccab49ca4a\",\"name\":\"Jorge Mi\u00f1o\",\"image\":{\"@type\":\"ImageObject\",\"inLanguage\":\"es-AR\",\"@id\":\"https:\/\/secure.gravatar.com\/avatar\/910fcf6728fe95320e07a6643c1581fec1c7fc4bf8ae12e3d8f0d0373dc844be?s=96&d=mm&r=g\",\"url\":\"https:\/\/secure.gravatar.com\/avatar\/910fcf6728fe95320e07a6643c1581fec1c7fc4bf8ae12e3d8f0d0373dc844be?s=96&d=mm&r=g\",\"contentUrl\":\"https:\/\/secure.gravatar.com\/avatar\/910fcf6728fe95320e07a6643c1581fec1c7fc4bf8ae12e3d8f0d0373dc844be?s=96&d=mm&r=g\",\"caption\":\"Jorge Mi\u00f1o\"},\"sameAs\":[\"http:\/\/radioinfinitagoya.com.ar\"]}]}<\/script>\n<!-- \/ Yoast SEO plugin. -->","yoast_head_json":{"title":"Caputo: \u201cM\u00e1s que nunca, en esta elecci\u00f3n qued\u00f3 en evidencia el riesgo kuka\u201d - Radio Infinita Goya","description":"El ministro de Econom\u00eda profundiza la polarizaci\u00f3n con el kirchnerismo y lo asoci\u00f3 al comunismo. Tras el triunfo electoral del Gobierno, el ministro de","robots":{"index":"index","follow":"follow","max-snippet":"max-snippet:-1","max-image-preview":"max-image-preview:large","max-video-preview":"max-video-preview:-1"},"canonical":"https:\/\/radioinfinitagoya.com.ar\/v1\/2025\/10\/28\/caputo-mas-que-nunca-en-esta-eleccion-quedo-en-evidencia-el-riesgo-kuka\/","og_locale":"es_ES","og_type":"article","og_title":"Caputo: \u201cM\u00e1s que nunca, en esta elecci\u00f3n qued\u00f3 en evidencia el riesgo kuka\u201d - Radio Infinita Goya","og_description":"El ministro de Econom\u00eda profundiza la polarizaci\u00f3n con el kirchnerismo y lo asoci\u00f3 al comunismo. Tras el triunfo electoral del Gobierno, el ministro de","og_url":"https:\/\/radioinfinitagoya.com.ar\/v1\/2025\/10\/28\/caputo-mas-que-nunca-en-esta-eleccion-quedo-en-evidencia-el-riesgo-kuka\/","og_site_name":"Radio Infinita Goya","article_publisher":"https:\/\/www.facebook.com\/p\/Infinita-Goya-100063870918311\/","article_published_time":"2025-10-28T18:47:44+00:00","og_image":[{"width":680,"height":377,"url":"https:\/\/radioinfinitagoya.com.ar\/v1\/wp-content\/uploads\/2025\/10\/G4WbLlkWUAAdZ_Y.jpg","type":"image\/jpeg"}],"author":"Jorge Mi\u00f1o","twitter_card":"summary_large_image","twitter_misc":{"Escrito por":"Jorge Mi\u00f1o","Tiempo de lectura":"4 minutos"},"schema":{"@context":"https:\/\/schema.org","@graph":[{"@type":"Article","@id":"https:\/\/radioinfinitagoya.com.ar\/v1\/2025\/10\/28\/caputo-mas-que-nunca-en-esta-eleccion-quedo-en-evidencia-el-riesgo-kuka\/#article","isPartOf":{"@id":"https:\/\/radioinfinitagoya.com.ar\/v1\/2025\/10\/28\/caputo-mas-que-nunca-en-esta-eleccion-quedo-en-evidencia-el-riesgo-kuka\/"},"author":{"name":"Jorge Mi\u00f1o","@id":"https:\/\/radioinfinitagoya.com.ar\/v1\/#\/schema\/person\/d4cf9c413d4f6edb24aabdccab49ca4a"},"headline":"Caputo: \u201cM\u00e1s que nunca, en esta elecci\u00f3n qued\u00f3 en evidencia el riesgo kuka\u201d","datePublished":"2025-10-28T18:47:44+00:00","mainEntityOfPage":{"@id":"https:\/\/radioinfinitagoya.com.ar\/v1\/2025\/10\/28\/caputo-mas-que-nunca-en-esta-eleccion-quedo-en-evidencia-el-riesgo-kuka\/"},"wordCount":687,"publisher":{"@id":"https:\/\/radioinfinitagoya.com.ar\/v1\/#organization"},"image":{"@id":"https:\/\/radioinfinitagoya.com.ar\/v1\/2025\/10\/28\/caputo-mas-que-nunca-en-esta-eleccion-quedo-en-evidencia-el-riesgo-kuka\/#primaryimage"},"thumbnailUrl":"https:\/\/radioinfinitagoya.com.ar\/v1\/wp-content\/uploads\/2025\/10\/G4WbLlkWUAAdZ_Y.jpg","articleSection":["NACIONALES"],"inLanguage":"es-AR"},{"@type":"WebPage","@id":"https:\/\/radioinfinitagoya.com.ar\/v1\/2025\/10\/28\/caputo-mas-que-nunca-en-esta-eleccion-quedo-en-evidencia-el-riesgo-kuka\/","url":"https:\/\/radioinfinitagoya.com.ar\/v1\/2025\/10\/28\/caputo-mas-que-nunca-en-esta-eleccion-quedo-en-evidencia-el-riesgo-kuka\/","name":"Caputo: \u201cM\u00e1s que nunca, en esta elecci\u00f3n qued\u00f3 en evidencia el riesgo kuka\u201d - Radio Infinita Goya","isPartOf":{"@id":"https:\/\/radioinfinitagoya.com.ar\/v1\/#website"},"primaryImageOfPage":{"@id":"https:\/\/radioinfinitagoya.com.ar\/v1\/2025\/10\/28\/caputo-mas-que-nunca-en-esta-eleccion-quedo-en-evidencia-el-riesgo-kuka\/#primaryimage"},"image":{"@id":"https:\/\/radioinfinitagoya.com.ar\/v1\/2025\/10\/28\/caputo-mas-que-nunca-en-esta-eleccion-quedo-en-evidencia-el-riesgo-kuka\/#primaryimage"},"thumbnailUrl":"https:\/\/radioinfinitagoya.com.ar\/v1\/wp-content\/uploads\/2025\/10\/G4WbLlkWUAAdZ_Y.jpg","datePublished":"2025-10-28T18:47:44+00:00","description":"El ministro de Econom\u00eda profundiza la polarizaci\u00f3n con el kirchnerismo y lo asoci\u00f3 al comunismo. Tras el triunfo electoral del Gobierno, el ministro de","breadcrumb":{"@id":"https:\/\/radioinfinitagoya.com.ar\/v1\/2025\/10\/28\/caputo-mas-que-nunca-en-esta-eleccion-quedo-en-evidencia-el-riesgo-kuka\/#breadcrumb"},"inLanguage":"es-AR","potentialAction":[{"@type":"ReadAction","target":["https:\/\/radioinfinitagoya.com.ar\/v1\/2025\/10\/28\/caputo-mas-que-nunca-en-esta-eleccion-quedo-en-evidencia-el-riesgo-kuka\/"]}]},{"@type":"ImageObject","inLanguage":"es-AR","@id":"https:\/\/radioinfinitagoya.com.ar\/v1\/2025\/10\/28\/caputo-mas-que-nunca-en-esta-eleccion-quedo-en-evidencia-el-riesgo-kuka\/#primaryimage","url":"https:\/\/radioinfinitagoya.com.ar\/v1\/wp-content\/uploads\/2025\/10\/G4WbLlkWUAAdZ_Y.jpg","contentUrl":"https:\/\/radioinfinitagoya.com.ar\/v1\/wp-content\/uploads\/2025\/10\/G4WbLlkWUAAdZ_Y.jpg","width":680,"height":377},{"@type":"BreadcrumbList","@id":"https:\/\/radioinfinitagoya.com.ar\/v1\/2025\/10\/28\/caputo-mas-que-nunca-en-esta-eleccion-quedo-en-evidencia-el-riesgo-kuka\/#breadcrumb","itemListElement":[{"@type":"ListItem","position":1,"name":"Inicio","item":"https:\/\/radioinfinitagoya.com.ar\/v1\/"},{"@type":"ListItem","position":2,"name":"Caputo: \u201cM\u00e1s que nunca, en esta elecci\u00f3n qued\u00f3 en evidencia el riesgo kuka\u201d"}]},{"@type":"WebSite","@id":"https:\/\/radioinfinitagoya.com.ar\/v1\/#website","url":"https:\/\/radioinfinitagoya.com.ar\/v1\/","name":"radioinfinitagoya.com.ar","description":"Radio de noticias","publisher":{"@id":"https:\/\/radioinfinitagoya.com.ar\/v1\/#organization"},"potentialAction":[{"@type":"SearchAction","target":{"@type":"EntryPoint","urlTemplate":"https:\/\/radioinfinitagoya.com.ar\/v1\/?s={search_term_string}"},"query-input":{"@type":"PropertyValueSpecification","valueRequired":true,"valueName":"search_term_string"}}],"inLanguage":"es-AR"},{"@type":"Organization","@id":"https:\/\/radioinfinitagoya.com.ar\/v1\/#organization","name":"Radio Infinita Goya","url":"https:\/\/radioinfinitagoya.com.ar\/v1\/","logo":{"@type":"ImageObject","inLanguage":"es-AR","@id":"https:\/\/radioinfinitagoya.com.ar\/v1\/#\/schema\/logo\/image\/","url":"https:\/\/radioinfinitagoya.com.ar\/v1\/wp-content\/uploads\/2019\/11\/logo-pie-web.png","contentUrl":"https:\/\/radioinfinitagoya.com.ar\/v1\/wp-content\/uploads\/2019\/11\/logo-pie-web.png","width":635,"height":326,"caption":"Radio Infinita Goya"},"image":{"@id":"https:\/\/radioinfinitagoya.com.ar\/v1\/#\/schema\/logo\/image\/"},"sameAs":["https:\/\/www.facebook.com\/p\/Infinita-Goya-100063870918311\/"]},{"@type":"Person","@id":"https:\/\/radioinfinitagoya.com.ar\/v1\/#\/schema\/person\/d4cf9c413d4f6edb24aabdccab49ca4a","name":"Jorge Mi\u00f1o","image":{"@type":"ImageObject","inLanguage":"es-AR","@id":"https:\/\/secure.gravatar.com\/avatar\/910fcf6728fe95320e07a6643c1581fec1c7fc4bf8ae12e3d8f0d0373dc844be?s=96&d=mm&r=g","url":"https:\/\/secure.gravatar.com\/avatar\/910fcf6728fe95320e07a6643c1581fec1c7fc4bf8ae12e3d8f0d0373dc844be?s=96&d=mm&r=g","contentUrl":"https:\/\/secure.gravatar.com\/avatar\/910fcf6728fe95320e07a6643c1581fec1c7fc4bf8ae12e3d8f0d0373dc844be?s=96&d=mm&r=g","caption":"Jorge Mi\u00f1o"},"sameAs":["http:\/\/radioinfinitagoya.com.ar"]}]}},"_links":{"self":[{"href":"https:\/\/radioinfinitagoya.com.ar\/v1\/wp-json\/wp\/v2\/posts\/198347","targetHints":{"allow":["GET"]}}],"collection":[{"href":"https:\/\/radioinfinitagoya.com.ar\/v1\/wp-json\/wp\/v2\/posts"}],"about":[{"href":"https:\/\/radioinfinitagoya.com.ar\/v1\/wp-json\/wp\/v2\/types\/post"}],"author":[{"embeddable":true,"href":"https:\/\/radioinfinitagoya.com.ar\/v1\/wp-json\/wp\/v2\/users\/4"}],"replies":[{"embeddable":true,"href":"https:\/\/radioinfinitagoya.com.ar\/v1\/wp-json\/wp\/v2\/comments?post=198347"}],"version-history":[{"count":0,"href":"https:\/\/radioinfinitagoya.com.ar\/v1\/wp-json\/wp\/v2\/posts\/198347\/revisions"}],"wp:featuredmedia":[{"embeddable":true,"href":"https:\/\/radioinfinitagoya.com.ar\/v1\/wp-json\/wp\/v2\/media\/198348"}],"wp:attachment":[{"href":"https:\/\/radioinfinitagoya.com.ar\/v1\/wp-json\/wp\/v2\/media?parent=198347"}],"wp:term":[{"taxonomy":"category","embeddable":true,"href":"https:\/\/radioinfinitagoya.com.ar\/v1\/wp-json\/wp\/v2\/categories?post=198347"},{"taxonomy":"post_tag","embeddable":true,"href":"https:\/\/radioinfinitagoya.com.ar\/v1\/wp-json\/wp\/v2\/tags?post=198347"}],"curies":[{"name":"wp","href":"https:\/\/api.w.org\/{rel}","templated":true}]}}