{"id":198350,"date":"2025-10-28T15:51:55","date_gmt":"2025-10-28T18:51:55","guid":{"rendered":"https:\/\/radioinfinitagoya.com.ar\/v1\/?p=198350"},"modified":"2025-10-28T15:51:55","modified_gmt":"2025-10-28T18:51:55","slug":"chaco-comenzo-el-juicio-por-el-femicidio-de-cecilia-strzyzowski","status":"publish","type":"post","link":"https:\/\/radioinfinitagoya.com.ar\/v1\/2025\/10\/28\/chaco-comenzo-el-juicio-por-el-femicidio-de-cecilia-strzyzowski\/","title":{"rendered":"Chaco: comenz\u00f3 el juicio por el femicidio de Cecilia Strzyzowski"},"content":{"rendered":"<p>La joven de 28 a\u00f1os desapareci\u00f3 el 2 de junio de 2023. Por el hecho, est\u00e1n imputados su pareja, C\u00e9sar Sena, y sus padres, Emerenciano Sena y Marcela Acu\u00f1a.<\/p>\n<p>Comenz\u00f3 en Chaco el juicio por el femicidio de Cecilia Strzyzowski, la mujer de 28 a\u00f1os desaparecida el 2 de junio de 2023, cuyo cuerpo a\u00fan no fue hallado. En el banquillo de los acusados est\u00e1n: Emerenciano Sena, Marcela Acu\u00f1a y su hijo, C\u00e9sar.<\/p>\n<p>Seg\u00fan inform\u00f3 el Poder Judicial de Chaco las audiencias ser\u00e1n los d\u00edas martes 28, mi\u00e9rcoles 29 y jueves 30 de octubre; lunes 3, martes 4, mi\u00e9rcoles 5, lunes 10, martes 11, mi\u00e9rcoles 12, lunes 17, martes 18, mi\u00e9rcoles 19 y jueves 20 de noviembre, a partir de las 7.<\/p>\n<p>El principal imputado es C\u00e9sar Sena, pareja de la v\u00edctima, que est\u00e1 imputado por &#8220;homicidio doblemente agravado&#8221;, mientras que sus padres est\u00e1n apuntados como &#8220;part\u00edcipes primarios&#8221;. En tanto, Fabiana Gonz\u00e1lez, Gustavo Obreg\u00f3n, Gustavo Melgarejo y Griselda Reinoso est\u00e1n acusados de &#8220;encubrimiento&#8221;.<\/p>\n<p>Femicidio de Cecilia Strzyzowski: equipo judicial y querellas<\/p>\n<p>Los fiscales a cargo ser\u00e1n Juan Mart\u00edn Bogado, de la C\u00e1mara N\u00ba2; Nelia Yael Vel\u00e1zquez, Investigaci\u00f3n Penal N\u00ba5; y Jorge Omar C\u00e1ceres Olivera, Investigaci\u00f3n N\u00ba4.<\/p>\n<p>Entre los querellantes se destacan Sergio Gustavo Briend, en representaci\u00f3n de la madre de Cecilia; y Sonia Valenzuela y Juan Ignacio D\u00edaz, representando a la Subsecretar\u00eda de G\u00e9nero y Diversidad.<\/p>\n<p>Los abogados particulares son: Gabriela Judith Tomljenovic, Ricardo Ariel Osuna, Armando Nicol\u00e1s Boniardi Cabra, M\u00f3nica Alejandra S\u00e1nchez, Sof\u00eda Elena Puente, y la Defensora Oficial N\u00ba12, Mar\u00eda Celeste Ojeda.<\/p>\n<p>Femicidio de Cecilia Strzyzowski: desaparici\u00f3n e investigaci\u00f3n<\/p>\n<p>El 2 de junio de 2023, Cecilia se dirigi\u00f3 a la vivienda de sus suegros para encontrarse con su esposo. Una c\u00e1mara registr\u00f3 su ingreso, pero nunca su salida; esa fue la \u00faltima vez que se la vio con vida.<\/p>\n<p>Los investigadores creen que la joven fue asesinada dentro de la casa, trasladada a la chancher\u00eda familiar, quemada y luego dispersados sus restos en distintas zonas del barrio Emerenciano. Durante la pesquisa se hallaron elementos de importancia, como su anillo de compromiso, un dije, fotos y 16 piezas dentarias que confirmaron pertenecer a Cecilia.<\/p>\n<p>Novedades en la causa Cecilia Strzyzowski<\/p>\n<p>Otro dato clave es el acta de divorcio que apareci\u00f3 firmada cuatro d\u00edas despu\u00e9s del matrimonio, la cual tras las pericias se determin\u00f3 que era falsa. Seg\u00fan la investigaci\u00f3n, Marcelo Acu\u00f1a no aceptaba la relaci\u00f3n de su hijo con Cecilia, lo que podr\u00eda haber motivado la planificaci\u00f3n del crimen.<\/p>\n<p>Este caso provoc\u00f3 una ruptura pol\u00edtica sin precedentes en Chaco, debido a que Emerenciano y su esposa Marcela eran l\u00edderes piqueteros reconocidos y vinculados al entonces gobernador Jorge Capitanich.<\/p>\n","protected":false},"excerpt":{"rendered":"<p>La joven de 28 a\u00f1os desapareci\u00f3 el 2 de junio de 2023. Por el hecho, est\u00e1n imputados su pareja, C\u00e9sar Sena, y sus padres, Emerenciano Sena y Marcela Acu\u00f1a. Comenz\u00f3 en Chaco el juicio por el femicidio de Cecilia Strzyzowski, la mujer de 28 a\u00f1os desaparecida el 2 de junio de 2023, cuyo cuerpo a\u00fan [&hellip;]<\/p>\n","protected":false},"author":4,"featured_media":198351,"comment_status":"closed","ping_status":"closed","sticky":false,"template":"","format":"standard","meta":{"_joinchat":[],"footnotes":""},"categories":[29],"tags":[],"class_list":{"0":"post-198350","1":"post","2":"type-post","3":"status-publish","4":"format-standard","5":"has-post-thumbnail","7":"category-nacionales"},"yoast_head":"<!-- This site is optimized with the Yoast SEO plugin v27.2 - https:\/\/yoast.com\/product\/yoast-seo-wordpress\/ -->\n<title>Chaco: comenz\u00f3 el juicio por el femicidio de Cecilia Strzyzowski - Radio Infinita Goya<\/title>\n<meta name=\"description\" content=\"La joven de 28 a\u00f1os desapareci\u00f3 el 2 de junio de 2023. Por el hecho, est\u00e1n imputados su pareja, C\u00e9sar Sena, y sus padres, Emerenciano Sena y Marcela\" \/>\n<meta name=\"robots\" content=\"index, follow, max-snippet:-1, max-image-preview:large, max-video-preview:-1\" \/>\n<link rel=\"canonical\" href=\"https:\/\/radioinfinitagoya.com.ar\/v1\/2025\/10\/28\/chaco-comenzo-el-juicio-por-el-femicidio-de-cecilia-strzyzowski\/\" \/>\n<meta property=\"og:locale\" content=\"es_ES\" \/>\n<meta property=\"og:type\" content=\"article\" \/>\n<meta property=\"og:title\" content=\"Chaco: comenz\u00f3 el juicio por el femicidio de Cecilia Strzyzowski - Radio Infinita Goya\" \/>\n<meta property=\"og:description\" content=\"La joven de 28 a\u00f1os desapareci\u00f3 el 2 de junio de 2023. Por el hecho, est\u00e1n imputados su pareja, C\u00e9sar Sena, y sus padres, Emerenciano Sena y Marcela\" \/>\n<meta property=\"og:url\" content=\"https:\/\/radioinfinitagoya.com.ar\/v1\/2025\/10\/28\/chaco-comenzo-el-juicio-por-el-femicidio-de-cecilia-strzyzowski\/\" \/>\n<meta property=\"og:site_name\" content=\"Radio Infinita Goya\" \/>\n<meta property=\"article:publisher\" content=\"https:\/\/www.facebook.com\/p\/Infinita-Goya-100063870918311\/\" \/>\n<meta property=\"article:published_time\" content=\"2025-10-28T18:51:55+00:00\" \/>\n<meta property=\"og:image\" content=\"https:\/\/radioinfinitagoya.com.ar\/v1\/wp-content\/uploads\/2025\/10\/QHGl5uzM.jpg\" \/>\n\t<meta property=\"og:image:width\" content=\"680\" \/>\n\t<meta property=\"og:image:height\" content=\"357\" \/>\n\t<meta property=\"og:image:type\" content=\"image\/jpeg\" \/>\n<meta name=\"author\" content=\"Jorge Mi\u00f1o\" \/>\n<meta name=\"twitter:card\" content=\"summary_large_image\" \/>\n<meta name=\"twitter:label1\" content=\"Escrito por\" \/>\n\t<meta name=\"twitter:data1\" content=\"Jorge Mi\u00f1o\" \/>\n\t<meta name=\"twitter:label2\" content=\"Tiempo de lectura\" \/>\n\t<meta name=\"twitter:data2\" content=\"3 minutos\" \/>\n<script type=\"application\/ld+json\" class=\"yoast-schema-graph\">{\"@context\":\"https:\/\/schema.org\",\"@graph\":[{\"@type\":\"Article\",\"@id\":\"https:\/\/radioinfinitagoya.com.ar\/v1\/2025\/10\/28\/chaco-comenzo-el-juicio-por-el-femicidio-de-cecilia-strzyzowski\/#article\",\"isPartOf\":{\"@id\":\"https:\/\/radioinfinitagoya.com.ar\/v1\/2025\/10\/28\/chaco-comenzo-el-juicio-por-el-femicidio-de-cecilia-strzyzowski\/\"},\"author\":{\"name\":\"Jorge Mi\u00f1o\",\"@id\":\"https:\/\/radioinfinitagoya.com.ar\/v1\/#\/schema\/person\/d4cf9c413d4f6edb24aabdccab49ca4a\"},\"headline\":\"Chaco: comenz\u00f3 el juicio por el femicidio de Cecilia Strzyzowski\",\"datePublished\":\"2025-10-28T18:51:55+00:00\",\"mainEntityOfPage\":{\"@id\":\"https:\/\/radioinfinitagoya.com.ar\/v1\/2025\/10\/28\/chaco-comenzo-el-juicio-por-el-femicidio-de-cecilia-strzyzowski\/\"},\"wordCount\":479,\"publisher\":{\"@id\":\"https:\/\/radioinfinitagoya.com.ar\/v1\/#organization\"},\"image\":{\"@id\":\"https:\/\/radioinfinitagoya.com.ar\/v1\/2025\/10\/28\/chaco-comenzo-el-juicio-por-el-femicidio-de-cecilia-strzyzowski\/#primaryimage\"},\"thumbnailUrl\":\"https:\/\/radioinfinitagoya.com.ar\/v1\/wp-content\/uploads\/2025\/10\/QHGl5uzM.jpg\",\"articleSection\":[\"NACIONALES\"],\"inLanguage\":\"es-AR\"},{\"@type\":\"WebPage\",\"@id\":\"https:\/\/radioinfinitagoya.com.ar\/v1\/2025\/10\/28\/chaco-comenzo-el-juicio-por-el-femicidio-de-cecilia-strzyzowski\/\",\"url\":\"https:\/\/radioinfinitagoya.com.ar\/v1\/2025\/10\/28\/chaco-comenzo-el-juicio-por-el-femicidio-de-cecilia-strzyzowski\/\",\"name\":\"Chaco: comenz\u00f3 el juicio por el femicidio de Cecilia Strzyzowski - Radio Infinita Goya\",\"isPartOf\":{\"@id\":\"https:\/\/radioinfinitagoya.com.ar\/v1\/#website\"},\"primaryImageOfPage\":{\"@id\":\"https:\/\/radioinfinitagoya.com.ar\/v1\/2025\/10\/28\/chaco-comenzo-el-juicio-por-el-femicidio-de-cecilia-strzyzowski\/#primaryimage\"},\"image\":{\"@id\":\"https:\/\/radioinfinitagoya.com.ar\/v1\/2025\/10\/28\/chaco-comenzo-el-juicio-por-el-femicidio-de-cecilia-strzyzowski\/#primaryimage\"},\"thumbnailUrl\":\"https:\/\/radioinfinitagoya.com.ar\/v1\/wp-content\/uploads\/2025\/10\/QHGl5uzM.jpg\",\"datePublished\":\"2025-10-28T18:51:55+00:00\",\"description\":\"La joven de 28 a\u00f1os desapareci\u00f3 el 2 de junio de 2023. Por el hecho, est\u00e1n imputados su pareja, C\u00e9sar Sena, y sus padres, Emerenciano Sena y Marcela\",\"breadcrumb\":{\"@id\":\"https:\/\/radioinfinitagoya.com.ar\/v1\/2025\/10\/28\/chaco-comenzo-el-juicio-por-el-femicidio-de-cecilia-strzyzowski\/#breadcrumb\"},\"inLanguage\":\"es-AR\",\"potentialAction\":[{\"@type\":\"ReadAction\",\"target\":[\"https:\/\/radioinfinitagoya.com.ar\/v1\/2025\/10\/28\/chaco-comenzo-el-juicio-por-el-femicidio-de-cecilia-strzyzowski\/\"]}]},{\"@type\":\"ImageObject\",\"inLanguage\":\"es-AR\",\"@id\":\"https:\/\/radioinfinitagoya.com.ar\/v1\/2025\/10\/28\/chaco-comenzo-el-juicio-por-el-femicidio-de-cecilia-strzyzowski\/#primaryimage\",\"url\":\"https:\/\/radioinfinitagoya.com.ar\/v1\/wp-content\/uploads\/2025\/10\/QHGl5uzM.jpg\",\"contentUrl\":\"https:\/\/radioinfinitagoya.com.ar\/v1\/wp-content\/uploads\/2025\/10\/QHGl5uzM.jpg\",\"width\":680,\"height\":357},{\"@type\":\"BreadcrumbList\",\"@id\":\"https:\/\/radioinfinitagoya.com.ar\/v1\/2025\/10\/28\/chaco-comenzo-el-juicio-por-el-femicidio-de-cecilia-strzyzowski\/#breadcrumb\",\"itemListElement\":[{\"@type\":\"ListItem\",\"position\":1,\"name\":\"Inicio\",\"item\":\"https:\/\/radioinfinitagoya.com.ar\/v1\/\"},{\"@type\":\"ListItem\",\"position\":2,\"name\":\"Chaco: comenz\u00f3 el juicio por el femicidio de Cecilia Strzyzowski\"}]},{\"@type\":\"WebSite\",\"@id\":\"https:\/\/radioinfinitagoya.com.ar\/v1\/#website\",\"url\":\"https:\/\/radioinfinitagoya.com.ar\/v1\/\",\"name\":\"radioinfinitagoya.com.ar\",\"description\":\"Radio de noticias\",\"publisher\":{\"@id\":\"https:\/\/radioinfinitagoya.com.ar\/v1\/#organization\"},\"potentialAction\":[{\"@type\":\"SearchAction\",\"target\":{\"@type\":\"EntryPoint\",\"urlTemplate\":\"https:\/\/radioinfinitagoya.com.ar\/v1\/?s={search_term_string}\"},\"query-input\":{\"@type\":\"PropertyValueSpecification\",\"valueRequired\":true,\"valueName\":\"search_term_string\"}}],\"inLanguage\":\"es-AR\"},{\"@type\":\"Organization\",\"@id\":\"https:\/\/radioinfinitagoya.com.ar\/v1\/#organization\",\"name\":\"Radio Infinita Goya\",\"url\":\"https:\/\/radioinfinitagoya.com.ar\/v1\/\",\"logo\":{\"@type\":\"ImageObject\",\"inLanguage\":\"es-AR\",\"@id\":\"https:\/\/radioinfinitagoya.com.ar\/v1\/#\/schema\/logo\/image\/\",\"url\":\"https:\/\/radioinfinitagoya.com.ar\/v1\/wp-content\/uploads\/2019\/11\/logo-pie-web.png\",\"contentUrl\":\"https:\/\/radioinfinitagoya.com.ar\/v1\/wp-content\/uploads\/2019\/11\/logo-pie-web.png\",\"width\":635,\"height\":326,\"caption\":\"Radio Infinita Goya\"},\"image\":{\"@id\":\"https:\/\/radioinfinitagoya.com.ar\/v1\/#\/schema\/logo\/image\/\"},\"sameAs\":[\"https:\/\/www.facebook.com\/p\/Infinita-Goya-100063870918311\/\"]},{\"@type\":\"Person\",\"@id\":\"https:\/\/radioinfinitagoya.com.ar\/v1\/#\/schema\/person\/d4cf9c413d4f6edb24aabdccab49ca4a\",\"name\":\"Jorge Mi\u00f1o\",\"image\":{\"@type\":\"ImageObject\",\"inLanguage\":\"es-AR\",\"@id\":\"https:\/\/secure.gravatar.com\/avatar\/910fcf6728fe95320e07a6643c1581fec1c7fc4bf8ae12e3d8f0d0373dc844be?s=96&d=mm&r=g\",\"url\":\"https:\/\/secure.gravatar.com\/avatar\/910fcf6728fe95320e07a6643c1581fec1c7fc4bf8ae12e3d8f0d0373dc844be?s=96&d=mm&r=g\",\"contentUrl\":\"https:\/\/secure.gravatar.com\/avatar\/910fcf6728fe95320e07a6643c1581fec1c7fc4bf8ae12e3d8f0d0373dc844be?s=96&d=mm&r=g\",\"caption\":\"Jorge Mi\u00f1o\"},\"sameAs\":[\"http:\/\/radioinfinitagoya.com.ar\"]}]}<\/script>\n<!-- \/ Yoast SEO plugin. -->","yoast_head_json":{"title":"Chaco: comenz\u00f3 el juicio por el femicidio de Cecilia Strzyzowski - Radio Infinita Goya","description":"La joven de 28 a\u00f1os desapareci\u00f3 el 2 de junio de 2023. Por el hecho, est\u00e1n imputados su pareja, C\u00e9sar Sena, y sus padres, Emerenciano Sena y Marcela","robots":{"index":"index","follow":"follow","max-snippet":"max-snippet:-1","max-image-preview":"max-image-preview:large","max-video-preview":"max-video-preview:-1"},"canonical":"https:\/\/radioinfinitagoya.com.ar\/v1\/2025\/10\/28\/chaco-comenzo-el-juicio-por-el-femicidio-de-cecilia-strzyzowski\/","og_locale":"es_ES","og_type":"article","og_title":"Chaco: comenz\u00f3 el juicio por el femicidio de Cecilia Strzyzowski - Radio Infinita Goya","og_description":"La joven de 28 a\u00f1os desapareci\u00f3 el 2 de junio de 2023. Por el hecho, est\u00e1n imputados su pareja, C\u00e9sar Sena, y sus padres, Emerenciano Sena y Marcela","og_url":"https:\/\/radioinfinitagoya.com.ar\/v1\/2025\/10\/28\/chaco-comenzo-el-juicio-por-el-femicidio-de-cecilia-strzyzowski\/","og_site_name":"Radio Infinita Goya","article_publisher":"https:\/\/www.facebook.com\/p\/Infinita-Goya-100063870918311\/","article_published_time":"2025-10-28T18:51:55+00:00","og_image":[{"width":680,"height":357,"url":"https:\/\/radioinfinitagoya.com.ar\/v1\/wp-content\/uploads\/2025\/10\/QHGl5uzM.jpg","type":"image\/jpeg"}],"author":"Jorge Mi\u00f1o","twitter_card":"summary_large_image","twitter_misc":{"Escrito por":"Jorge Mi\u00f1o","Tiempo de lectura":"3 minutos"},"schema":{"@context":"https:\/\/schema.org","@graph":[{"@type":"Article","@id":"https:\/\/radioinfinitagoya.com.ar\/v1\/2025\/10\/28\/chaco-comenzo-el-juicio-por-el-femicidio-de-cecilia-strzyzowski\/#article","isPartOf":{"@id":"https:\/\/radioinfinitagoya.com.ar\/v1\/2025\/10\/28\/chaco-comenzo-el-juicio-por-el-femicidio-de-cecilia-strzyzowski\/"},"author":{"name":"Jorge Mi\u00f1o","@id":"https:\/\/radioinfinitagoya.com.ar\/v1\/#\/schema\/person\/d4cf9c413d4f6edb24aabdccab49ca4a"},"headline":"Chaco: comenz\u00f3 el juicio por el femicidio de Cecilia Strzyzowski","datePublished":"2025-10-28T18:51:55+00:00","mainEntityOfPage":{"@id":"https:\/\/radioinfinitagoya.com.ar\/v1\/2025\/10\/28\/chaco-comenzo-el-juicio-por-el-femicidio-de-cecilia-strzyzowski\/"},"wordCount":479,"publisher":{"@id":"https:\/\/radioinfinitagoya.com.ar\/v1\/#organization"},"image":{"@id":"https:\/\/radioinfinitagoya.com.ar\/v1\/2025\/10\/28\/chaco-comenzo-el-juicio-por-el-femicidio-de-cecilia-strzyzowski\/#primaryimage"},"thumbnailUrl":"https:\/\/radioinfinitagoya.com.ar\/v1\/wp-content\/uploads\/2025\/10\/QHGl5uzM.jpg","articleSection":["NACIONALES"],"inLanguage":"es-AR"},{"@type":"WebPage","@id":"https:\/\/radioinfinitagoya.com.ar\/v1\/2025\/10\/28\/chaco-comenzo-el-juicio-por-el-femicidio-de-cecilia-strzyzowski\/","url":"https:\/\/radioinfinitagoya.com.ar\/v1\/2025\/10\/28\/chaco-comenzo-el-juicio-por-el-femicidio-de-cecilia-strzyzowski\/","name":"Chaco: comenz\u00f3 el juicio por el femicidio de Cecilia Strzyzowski - Radio Infinita Goya","isPartOf":{"@id":"https:\/\/radioinfinitagoya.com.ar\/v1\/#website"},"primaryImageOfPage":{"@id":"https:\/\/radioinfinitagoya.com.ar\/v1\/2025\/10\/28\/chaco-comenzo-el-juicio-por-el-femicidio-de-cecilia-strzyzowski\/#primaryimage"},"image":{"@id":"https:\/\/radioinfinitagoya.com.ar\/v1\/2025\/10\/28\/chaco-comenzo-el-juicio-por-el-femicidio-de-cecilia-strzyzowski\/#primaryimage"},"thumbnailUrl":"https:\/\/radioinfinitagoya.com.ar\/v1\/wp-content\/uploads\/2025\/10\/QHGl5uzM.jpg","datePublished":"2025-10-28T18:51:55+00:00","description":"La joven de 28 a\u00f1os desapareci\u00f3 el 2 de junio de 2023. Por el hecho, est\u00e1n imputados su pareja, C\u00e9sar Sena, y sus padres, Emerenciano Sena y Marcela","breadcrumb":{"@id":"https:\/\/radioinfinitagoya.com.ar\/v1\/2025\/10\/28\/chaco-comenzo-el-juicio-por-el-femicidio-de-cecilia-strzyzowski\/#breadcrumb"},"inLanguage":"es-AR","potentialAction":[{"@type":"ReadAction","target":["https:\/\/radioinfinitagoya.com.ar\/v1\/2025\/10\/28\/chaco-comenzo-el-juicio-por-el-femicidio-de-cecilia-strzyzowski\/"]}]},{"@type":"ImageObject","inLanguage":"es-AR","@id":"https:\/\/radioinfinitagoya.com.ar\/v1\/2025\/10\/28\/chaco-comenzo-el-juicio-por-el-femicidio-de-cecilia-strzyzowski\/#primaryimage","url":"https:\/\/radioinfinitagoya.com.ar\/v1\/wp-content\/uploads\/2025\/10\/QHGl5uzM.jpg","contentUrl":"https:\/\/radioinfinitagoya.com.ar\/v1\/wp-content\/uploads\/2025\/10\/QHGl5uzM.jpg","width":680,"height":357},{"@type":"BreadcrumbList","@id":"https:\/\/radioinfinitagoya.com.ar\/v1\/2025\/10\/28\/chaco-comenzo-el-juicio-por-el-femicidio-de-cecilia-strzyzowski\/#breadcrumb","itemListElement":[{"@type":"ListItem","position":1,"name":"Inicio","item":"https:\/\/radioinfinitagoya.com.ar\/v1\/"},{"@type":"ListItem","position":2,"name":"Chaco: comenz\u00f3 el juicio por el femicidio de Cecilia Strzyzowski"}]},{"@type":"WebSite","@id":"https:\/\/radioinfinitagoya.com.ar\/v1\/#website","url":"https:\/\/radioinfinitagoya.com.ar\/v1\/","name":"radioinfinitagoya.com.ar","description":"Radio de noticias","publisher":{"@id":"https:\/\/radioinfinitagoya.com.ar\/v1\/#organization"},"potentialAction":[{"@type":"SearchAction","target":{"@type":"EntryPoint","urlTemplate":"https:\/\/radioinfinitagoya.com.ar\/v1\/?s={search_term_string}"},"query-input":{"@type":"PropertyValueSpecification","valueRequired":true,"valueName":"search_term_string"}}],"inLanguage":"es-AR"},{"@type":"Organization","@id":"https:\/\/radioinfinitagoya.com.ar\/v1\/#organization","name":"Radio Infinita Goya","url":"https:\/\/radioinfinitagoya.com.ar\/v1\/","logo":{"@type":"ImageObject","inLanguage":"es-AR","@id":"https:\/\/radioinfinitagoya.com.ar\/v1\/#\/schema\/logo\/image\/","url":"https:\/\/radioinfinitagoya.com.ar\/v1\/wp-content\/uploads\/2019\/11\/logo-pie-web.png","contentUrl":"https:\/\/radioinfinitagoya.com.ar\/v1\/wp-content\/uploads\/2019\/11\/logo-pie-web.png","width":635,"height":326,"caption":"Radio Infinita Goya"},"image":{"@id":"https:\/\/radioinfinitagoya.com.ar\/v1\/#\/schema\/logo\/image\/"},"sameAs":["https:\/\/www.facebook.com\/p\/Infinita-Goya-100063870918311\/"]},{"@type":"Person","@id":"https:\/\/radioinfinitagoya.com.ar\/v1\/#\/schema\/person\/d4cf9c413d4f6edb24aabdccab49ca4a","name":"Jorge Mi\u00f1o","image":{"@type":"ImageObject","inLanguage":"es-AR","@id":"https:\/\/secure.gravatar.com\/avatar\/910fcf6728fe95320e07a6643c1581fec1c7fc4bf8ae12e3d8f0d0373dc844be?s=96&d=mm&r=g","url":"https:\/\/secure.gravatar.com\/avatar\/910fcf6728fe95320e07a6643c1581fec1c7fc4bf8ae12e3d8f0d0373dc844be?s=96&d=mm&r=g","contentUrl":"https:\/\/secure.gravatar.com\/avatar\/910fcf6728fe95320e07a6643c1581fec1c7fc4bf8ae12e3d8f0d0373dc844be?s=96&d=mm&r=g","caption":"Jorge Mi\u00f1o"},"sameAs":["http:\/\/radioinfinitagoya.com.ar"]}]}},"_links":{"self":[{"href":"https:\/\/radioinfinitagoya.com.ar\/v1\/wp-json\/wp\/v2\/posts\/198350","targetHints":{"allow":["GET"]}}],"collection":[{"href":"https:\/\/radioinfinitagoya.com.ar\/v1\/wp-json\/wp\/v2\/posts"}],"about":[{"href":"https:\/\/radioinfinitagoya.com.ar\/v1\/wp-json\/wp\/v2\/types\/post"}],"author":[{"embeddable":true,"href":"https:\/\/radioinfinitagoya.com.ar\/v1\/wp-json\/wp\/v2\/users\/4"}],"replies":[{"embeddable":true,"href":"https:\/\/radioinfinitagoya.com.ar\/v1\/wp-json\/wp\/v2\/comments?post=198350"}],"version-history":[{"count":0,"href":"https:\/\/radioinfinitagoya.com.ar\/v1\/wp-json\/wp\/v2\/posts\/198350\/revisions"}],"wp:featuredmedia":[{"embeddable":true,"href":"https:\/\/radioinfinitagoya.com.ar\/v1\/wp-json\/wp\/v2\/media\/198351"}],"wp:attachment":[{"href":"https:\/\/radioinfinitagoya.com.ar\/v1\/wp-json\/wp\/v2\/media?parent=198350"}],"wp:term":[{"taxonomy":"category","embeddable":true,"href":"https:\/\/radioinfinitagoya.com.ar\/v1\/wp-json\/wp\/v2\/categories?post=198350"},{"taxonomy":"post_tag","embeddable":true,"href":"https:\/\/radioinfinitagoya.com.ar\/v1\/wp-json\/wp\/v2\/tags?post=198350"}],"curies":[{"name":"wp","href":"https:\/\/api.w.org\/{rel}","templated":true}]}}