{"id":198359,"date":"2025-10-28T16:04:57","date_gmt":"2025-10-28T19:04:57","guid":{"rendered":"https:\/\/radioinfinitagoya.com.ar\/v1\/?p=198359"},"modified":"2025-10-28T16:04:57","modified_gmt":"2025-10-28T19:04:57","slug":"messi-rompio-el-silencio-sobre-su-presencia-en-el-mundial-2026","status":"publish","type":"post","link":"https:\/\/radioinfinitagoya.com.ar\/v1\/2025\/10\/28\/messi-rompio-el-silencio-sobre-su-presencia-en-el-mundial-2026\/","title":{"rendered":"Messi rompi\u00f3 el silencio sobre su presencia en el Mundial 2026"},"content":{"rendered":"<p>&#8220;Es algo extraordinario&#8221;<\/p>\n<p>Luego de varias evasivas al respecto, el capit\u00e1n de la Selecci\u00f3n Argentina lanz\u00f3 declaraciones que despiertan la ilusi\u00f3n de todos los argentinos.<\/p>\n<p>La ilusi\u00f3n de los argentinos de ver a Lionel Messi en el Mundial 2026 se agranda desde este lunes, luego de que tras varias evasivas al respecto, el capit\u00e1n de la Selecci\u00f3n Argentina por primera vez expresara p\u00fablicamente sus ganas de estar.<\/p>\n<p>Durante una entrevista con NBC que se conoci\u00f3 este lunes, el mejor jugador del mundo abri\u00f3 la puerta como nunca a estar el a\u00f1o que viene en la que ser\u00eda su sexta Copa del Mundo.<\/p>\n<p>&#8220;Es algo extraordinario poder estar en un Mundial y me encantar\u00eda&#8221;, revel\u00f3 el astro rosarino que alz\u00f3 el m\u00e1ximo trofeo en Qatar 2022, e insisti\u00f3: &#8220;Ojal\u00e1 que Dios me permita volver a jugar el Mundial&#8221;.<\/p>\n<p>Hasta el momento, cada vez que fue consultado al respecto, el capit\u00e1n del conjunto nacional se negaba a responder afirmativamente, aunque en la \u00faltima convocatoria trascendi\u00f3 que ya le habr\u00eda comunicado a sus compa\u00f1eros su decisi\u00f3n de estar presente.<\/p>\n<p>&#8220;Me gustar\u00eda estar ah\u00ed, estar bien y ser una pieza clave para ayudar a mi Selecci\u00f3n, si llego. Lo evaluar\u00e9 d\u00eda a d\u00eda cuando empiece la pretemporada el a\u00f1o que viene con el Inter y ver\u00e9 si realmente puedo estar al 100%, si puedo ser \u00fatil al grupo, a la Selecci\u00f3n, y luego tomar\u00e9 una decisi\u00f3n. Obviamente, tengo much\u00edsimas ganas porque es un Mundial&#8221;, expres\u00f3 Messi.<\/p>\n<p>El capit\u00e1n argentino desliz\u00f3 que defender el t\u00edtulo ser\u00eda un sue\u00f1o m\u00e1s en su carrera. &#8220;Venimos de ganar el \u00faltimo Mundial, y poder defenderlo de nuevo en el campo es espectacular, porque siempre es un sue\u00f1o jugar con la Selecci\u00f3n, sobre todo en competiciones oficiales&#8221;, manifest\u00f3.<\/p>\n<p>&#8220;Ganar el Mundial era el sue\u00f1o de mi vida&#8221;, dijo Messi sobre Qatar 2022, y rememor\u00f3: &#8220;Tambi\u00e9n era cierto que era lo \u00fanico que me faltaba a nivel profesional, porque hab\u00eda tenido la suerte de haberlo logrado todo con el Barcelona. Creo que ese es el sue\u00f1o de todo jugador: ser campe\u00f3n del mundo&#8221;.<\/p>\n<p>&nbsp;<\/p>\n<p>&nbsp;<\/p>\n","protected":false},"excerpt":{"rendered":"<p>&#8220;Es algo extraordinario&#8221; Luego de varias evasivas al respecto, el capit\u00e1n de la Selecci\u00f3n Argentina lanz\u00f3 declaraciones que despiertan la ilusi\u00f3n de todos los argentinos. La ilusi\u00f3n de los argentinos de ver a Lionel Messi en el Mundial 2026 se agranda desde este lunes, luego de que tras varias evasivas al respecto, el capit\u00e1n de [&hellip;]<\/p>\n","protected":false},"author":4,"featured_media":198360,"comment_status":"closed","ping_status":"closed","sticky":false,"template":"","format":"standard","meta":{"_joinchat":[],"footnotes":""},"categories":[28],"tags":[],"class_list":{"0":"post-198359","1":"post","2":"type-post","3":"status-publish","4":"format-standard","5":"has-post-thumbnail","7":"category-deportes"},"yoast_head":"<!-- This site is optimized with the Yoast SEO plugin v27.2 - https:\/\/yoast.com\/product\/yoast-seo-wordpress\/ -->\n<title>Messi rompi\u00f3 el silencio sobre su presencia en el Mundial 2026 - Radio Infinita Goya<\/title>\n<meta name=\"description\" content=\"&quot;Es algo extraordinario&quot; Luego de varias evasivas al respecto, el capit\u00e1n de la Selecci\u00f3n Argentina lanz\u00f3 declaraciones que despiertan la ilusi\u00f3n de todos\" \/>\n<meta name=\"robots\" content=\"index, follow, max-snippet:-1, max-image-preview:large, max-video-preview:-1\" \/>\n<link rel=\"canonical\" href=\"https:\/\/radioinfinitagoya.com.ar\/v1\/2025\/10\/28\/messi-rompio-el-silencio-sobre-su-presencia-en-el-mundial-2026\/\" \/>\n<meta property=\"og:locale\" content=\"es_ES\" \/>\n<meta property=\"og:type\" content=\"article\" \/>\n<meta property=\"og:title\" content=\"Messi rompi\u00f3 el silencio sobre su presencia en el Mundial 2026 - Radio Infinita Goya\" \/>\n<meta property=\"og:description\" content=\"&quot;Es algo extraordinario&quot; Luego de varias evasivas al respecto, el capit\u00e1n de la Selecci\u00f3n Argentina lanz\u00f3 declaraciones que despiertan la ilusi\u00f3n de todos\" \/>\n<meta property=\"og:url\" content=\"https:\/\/radioinfinitagoya.com.ar\/v1\/2025\/10\/28\/messi-rompio-el-silencio-sobre-su-presencia-en-el-mundial-2026\/\" \/>\n<meta property=\"og:site_name\" content=\"Radio Infinita Goya\" \/>\n<meta property=\"article:publisher\" content=\"https:\/\/www.facebook.com\/p\/Infinita-Goya-100063870918311\/\" \/>\n<meta property=\"article:published_time\" content=\"2025-10-28T19:04:57+00:00\" \/>\n<meta property=\"og:image\" content=\"https:\/\/radioinfinitagoya.com.ar\/v1\/wp-content\/uploads\/2025\/10\/G4WQ91FWIAAY2ik.jpg\" \/>\n\t<meta property=\"og:image:width\" content=\"680\" \/>\n\t<meta property=\"og:image:height\" content=\"383\" \/>\n\t<meta property=\"og:image:type\" content=\"image\/jpeg\" \/>\n<meta name=\"author\" content=\"Jorge Mi\u00f1o\" \/>\n<meta name=\"twitter:card\" content=\"summary_large_image\" \/>\n<meta name=\"twitter:label1\" content=\"Escrito por\" \/>\n\t<meta name=\"twitter:data1\" content=\"Jorge Mi\u00f1o\" \/>\n\t<meta name=\"twitter:label2\" content=\"Tiempo de lectura\" \/>\n\t<meta name=\"twitter:data2\" content=\"2 minutos\" \/>\n<script type=\"application\/ld+json\" class=\"yoast-schema-graph\">{\"@context\":\"https:\/\/schema.org\",\"@graph\":[{\"@type\":\"Article\",\"@id\":\"https:\/\/radioinfinitagoya.com.ar\/v1\/2025\/10\/28\/messi-rompio-el-silencio-sobre-su-presencia-en-el-mundial-2026\/#article\",\"isPartOf\":{\"@id\":\"https:\/\/radioinfinitagoya.com.ar\/v1\/2025\/10\/28\/messi-rompio-el-silencio-sobre-su-presencia-en-el-mundial-2026\/\"},\"author\":{\"name\":\"Jorge Mi\u00f1o\",\"@id\":\"https:\/\/radioinfinitagoya.com.ar\/v1\/#\/schema\/person\/d4cf9c413d4f6edb24aabdccab49ca4a\"},\"headline\":\"Messi rompi\u00f3 el silencio sobre su presencia en el Mundial 2026\",\"datePublished\":\"2025-10-28T19:04:57+00:00\",\"mainEntityOfPage\":{\"@id\":\"https:\/\/radioinfinitagoya.com.ar\/v1\/2025\/10\/28\/messi-rompio-el-silencio-sobre-su-presencia-en-el-mundial-2026\/\"},\"wordCount\":385,\"publisher\":{\"@id\":\"https:\/\/radioinfinitagoya.com.ar\/v1\/#organization\"},\"image\":{\"@id\":\"https:\/\/radioinfinitagoya.com.ar\/v1\/2025\/10\/28\/messi-rompio-el-silencio-sobre-su-presencia-en-el-mundial-2026\/#primaryimage\"},\"thumbnailUrl\":\"https:\/\/radioinfinitagoya.com.ar\/v1\/wp-content\/uploads\/2025\/10\/G4WQ91FWIAAY2ik.jpg\",\"articleSection\":[\"DEPORTES\"],\"inLanguage\":\"es-AR\"},{\"@type\":\"WebPage\",\"@id\":\"https:\/\/radioinfinitagoya.com.ar\/v1\/2025\/10\/28\/messi-rompio-el-silencio-sobre-su-presencia-en-el-mundial-2026\/\",\"url\":\"https:\/\/radioinfinitagoya.com.ar\/v1\/2025\/10\/28\/messi-rompio-el-silencio-sobre-su-presencia-en-el-mundial-2026\/\",\"name\":\"Messi rompi\u00f3 el silencio sobre su presencia en el Mundial 2026 - Radio Infinita Goya\",\"isPartOf\":{\"@id\":\"https:\/\/radioinfinitagoya.com.ar\/v1\/#website\"},\"primaryImageOfPage\":{\"@id\":\"https:\/\/radioinfinitagoya.com.ar\/v1\/2025\/10\/28\/messi-rompio-el-silencio-sobre-su-presencia-en-el-mundial-2026\/#primaryimage\"},\"image\":{\"@id\":\"https:\/\/radioinfinitagoya.com.ar\/v1\/2025\/10\/28\/messi-rompio-el-silencio-sobre-su-presencia-en-el-mundial-2026\/#primaryimage\"},\"thumbnailUrl\":\"https:\/\/radioinfinitagoya.com.ar\/v1\/wp-content\/uploads\/2025\/10\/G4WQ91FWIAAY2ik.jpg\",\"datePublished\":\"2025-10-28T19:04:57+00:00\",\"description\":\"\\\"Es algo extraordinario\\\" Luego de varias evasivas al respecto, el capit\u00e1n de la Selecci\u00f3n Argentina lanz\u00f3 declaraciones que despiertan la ilusi\u00f3n de todos\",\"breadcrumb\":{\"@id\":\"https:\/\/radioinfinitagoya.com.ar\/v1\/2025\/10\/28\/messi-rompio-el-silencio-sobre-su-presencia-en-el-mundial-2026\/#breadcrumb\"},\"inLanguage\":\"es-AR\",\"potentialAction\":[{\"@type\":\"ReadAction\",\"target\":[\"https:\/\/radioinfinitagoya.com.ar\/v1\/2025\/10\/28\/messi-rompio-el-silencio-sobre-su-presencia-en-el-mundial-2026\/\"]}]},{\"@type\":\"ImageObject\",\"inLanguage\":\"es-AR\",\"@id\":\"https:\/\/radioinfinitagoya.com.ar\/v1\/2025\/10\/28\/messi-rompio-el-silencio-sobre-su-presencia-en-el-mundial-2026\/#primaryimage\",\"url\":\"https:\/\/radioinfinitagoya.com.ar\/v1\/wp-content\/uploads\/2025\/10\/G4WQ91FWIAAY2ik.jpg\",\"contentUrl\":\"https:\/\/radioinfinitagoya.com.ar\/v1\/wp-content\/uploads\/2025\/10\/G4WQ91FWIAAY2ik.jpg\",\"width\":680,\"height\":383},{\"@type\":\"BreadcrumbList\",\"@id\":\"https:\/\/radioinfinitagoya.com.ar\/v1\/2025\/10\/28\/messi-rompio-el-silencio-sobre-su-presencia-en-el-mundial-2026\/#breadcrumb\",\"itemListElement\":[{\"@type\":\"ListItem\",\"position\":1,\"name\":\"Inicio\",\"item\":\"https:\/\/radioinfinitagoya.com.ar\/v1\/\"},{\"@type\":\"ListItem\",\"position\":2,\"name\":\"Messi rompi\u00f3 el silencio sobre su presencia en el Mundial 2026\"}]},{\"@type\":\"WebSite\",\"@id\":\"https:\/\/radioinfinitagoya.com.ar\/v1\/#website\",\"url\":\"https:\/\/radioinfinitagoya.com.ar\/v1\/\",\"name\":\"radioinfinitagoya.com.ar\",\"description\":\"Radio de noticias\",\"publisher\":{\"@id\":\"https:\/\/radioinfinitagoya.com.ar\/v1\/#organization\"},\"potentialAction\":[{\"@type\":\"SearchAction\",\"target\":{\"@type\":\"EntryPoint\",\"urlTemplate\":\"https:\/\/radioinfinitagoya.com.ar\/v1\/?s={search_term_string}\"},\"query-input\":{\"@type\":\"PropertyValueSpecification\",\"valueRequired\":true,\"valueName\":\"search_term_string\"}}],\"inLanguage\":\"es-AR\"},{\"@type\":\"Organization\",\"@id\":\"https:\/\/radioinfinitagoya.com.ar\/v1\/#organization\",\"name\":\"Radio Infinita Goya\",\"url\":\"https:\/\/radioinfinitagoya.com.ar\/v1\/\",\"logo\":{\"@type\":\"ImageObject\",\"inLanguage\":\"es-AR\",\"@id\":\"https:\/\/radioinfinitagoya.com.ar\/v1\/#\/schema\/logo\/image\/\",\"url\":\"https:\/\/radioinfinitagoya.com.ar\/v1\/wp-content\/uploads\/2019\/11\/logo-pie-web.png\",\"contentUrl\":\"https:\/\/radioinfinitagoya.com.ar\/v1\/wp-content\/uploads\/2019\/11\/logo-pie-web.png\",\"width\":635,\"height\":326,\"caption\":\"Radio Infinita Goya\"},\"image\":{\"@id\":\"https:\/\/radioinfinitagoya.com.ar\/v1\/#\/schema\/logo\/image\/\"},\"sameAs\":[\"https:\/\/www.facebook.com\/p\/Infinita-Goya-100063870918311\/\"]},{\"@type\":\"Person\",\"@id\":\"https:\/\/radioinfinitagoya.com.ar\/v1\/#\/schema\/person\/d4cf9c413d4f6edb24aabdccab49ca4a\",\"name\":\"Jorge Mi\u00f1o\",\"image\":{\"@type\":\"ImageObject\",\"inLanguage\":\"es-AR\",\"@id\":\"https:\/\/secure.gravatar.com\/avatar\/910fcf6728fe95320e07a6643c1581fec1c7fc4bf8ae12e3d8f0d0373dc844be?s=96&d=mm&r=g\",\"url\":\"https:\/\/secure.gravatar.com\/avatar\/910fcf6728fe95320e07a6643c1581fec1c7fc4bf8ae12e3d8f0d0373dc844be?s=96&d=mm&r=g\",\"contentUrl\":\"https:\/\/secure.gravatar.com\/avatar\/910fcf6728fe95320e07a6643c1581fec1c7fc4bf8ae12e3d8f0d0373dc844be?s=96&d=mm&r=g\",\"caption\":\"Jorge Mi\u00f1o\"},\"sameAs\":[\"http:\/\/radioinfinitagoya.com.ar\"]}]}<\/script>\n<!-- \/ Yoast SEO plugin. -->","yoast_head_json":{"title":"Messi rompi\u00f3 el silencio sobre su presencia en el Mundial 2026 - Radio Infinita Goya","description":"\"Es algo extraordinario\" Luego de varias evasivas al respecto, el capit\u00e1n de la Selecci\u00f3n Argentina lanz\u00f3 declaraciones que despiertan la ilusi\u00f3n de todos","robots":{"index":"index","follow":"follow","max-snippet":"max-snippet:-1","max-image-preview":"max-image-preview:large","max-video-preview":"max-video-preview:-1"},"canonical":"https:\/\/radioinfinitagoya.com.ar\/v1\/2025\/10\/28\/messi-rompio-el-silencio-sobre-su-presencia-en-el-mundial-2026\/","og_locale":"es_ES","og_type":"article","og_title":"Messi rompi\u00f3 el silencio sobre su presencia en el Mundial 2026 - Radio Infinita Goya","og_description":"\"Es algo extraordinario\" Luego de varias evasivas al respecto, el capit\u00e1n de la Selecci\u00f3n Argentina lanz\u00f3 declaraciones que despiertan la ilusi\u00f3n de todos","og_url":"https:\/\/radioinfinitagoya.com.ar\/v1\/2025\/10\/28\/messi-rompio-el-silencio-sobre-su-presencia-en-el-mundial-2026\/","og_site_name":"Radio Infinita Goya","article_publisher":"https:\/\/www.facebook.com\/p\/Infinita-Goya-100063870918311\/","article_published_time":"2025-10-28T19:04:57+00:00","og_image":[{"width":680,"height":383,"url":"https:\/\/radioinfinitagoya.com.ar\/v1\/wp-content\/uploads\/2025\/10\/G4WQ91FWIAAY2ik.jpg","type":"image\/jpeg"}],"author":"Jorge Mi\u00f1o","twitter_card":"summary_large_image","twitter_misc":{"Escrito por":"Jorge Mi\u00f1o","Tiempo de lectura":"2 minutos"},"schema":{"@context":"https:\/\/schema.org","@graph":[{"@type":"Article","@id":"https:\/\/radioinfinitagoya.com.ar\/v1\/2025\/10\/28\/messi-rompio-el-silencio-sobre-su-presencia-en-el-mundial-2026\/#article","isPartOf":{"@id":"https:\/\/radioinfinitagoya.com.ar\/v1\/2025\/10\/28\/messi-rompio-el-silencio-sobre-su-presencia-en-el-mundial-2026\/"},"author":{"name":"Jorge Mi\u00f1o","@id":"https:\/\/radioinfinitagoya.com.ar\/v1\/#\/schema\/person\/d4cf9c413d4f6edb24aabdccab49ca4a"},"headline":"Messi rompi\u00f3 el silencio sobre su presencia en el Mundial 2026","datePublished":"2025-10-28T19:04:57+00:00","mainEntityOfPage":{"@id":"https:\/\/radioinfinitagoya.com.ar\/v1\/2025\/10\/28\/messi-rompio-el-silencio-sobre-su-presencia-en-el-mundial-2026\/"},"wordCount":385,"publisher":{"@id":"https:\/\/radioinfinitagoya.com.ar\/v1\/#organization"},"image":{"@id":"https:\/\/radioinfinitagoya.com.ar\/v1\/2025\/10\/28\/messi-rompio-el-silencio-sobre-su-presencia-en-el-mundial-2026\/#primaryimage"},"thumbnailUrl":"https:\/\/radioinfinitagoya.com.ar\/v1\/wp-content\/uploads\/2025\/10\/G4WQ91FWIAAY2ik.jpg","articleSection":["DEPORTES"],"inLanguage":"es-AR"},{"@type":"WebPage","@id":"https:\/\/radioinfinitagoya.com.ar\/v1\/2025\/10\/28\/messi-rompio-el-silencio-sobre-su-presencia-en-el-mundial-2026\/","url":"https:\/\/radioinfinitagoya.com.ar\/v1\/2025\/10\/28\/messi-rompio-el-silencio-sobre-su-presencia-en-el-mundial-2026\/","name":"Messi rompi\u00f3 el silencio sobre su presencia en el Mundial 2026 - Radio Infinita Goya","isPartOf":{"@id":"https:\/\/radioinfinitagoya.com.ar\/v1\/#website"},"primaryImageOfPage":{"@id":"https:\/\/radioinfinitagoya.com.ar\/v1\/2025\/10\/28\/messi-rompio-el-silencio-sobre-su-presencia-en-el-mundial-2026\/#primaryimage"},"image":{"@id":"https:\/\/radioinfinitagoya.com.ar\/v1\/2025\/10\/28\/messi-rompio-el-silencio-sobre-su-presencia-en-el-mundial-2026\/#primaryimage"},"thumbnailUrl":"https:\/\/radioinfinitagoya.com.ar\/v1\/wp-content\/uploads\/2025\/10\/G4WQ91FWIAAY2ik.jpg","datePublished":"2025-10-28T19:04:57+00:00","description":"\"Es algo extraordinario\" Luego de varias evasivas al respecto, el capit\u00e1n de la Selecci\u00f3n Argentina lanz\u00f3 declaraciones que despiertan la ilusi\u00f3n de todos","breadcrumb":{"@id":"https:\/\/radioinfinitagoya.com.ar\/v1\/2025\/10\/28\/messi-rompio-el-silencio-sobre-su-presencia-en-el-mundial-2026\/#breadcrumb"},"inLanguage":"es-AR","potentialAction":[{"@type":"ReadAction","target":["https:\/\/radioinfinitagoya.com.ar\/v1\/2025\/10\/28\/messi-rompio-el-silencio-sobre-su-presencia-en-el-mundial-2026\/"]}]},{"@type":"ImageObject","inLanguage":"es-AR","@id":"https:\/\/radioinfinitagoya.com.ar\/v1\/2025\/10\/28\/messi-rompio-el-silencio-sobre-su-presencia-en-el-mundial-2026\/#primaryimage","url":"https:\/\/radioinfinitagoya.com.ar\/v1\/wp-content\/uploads\/2025\/10\/G4WQ91FWIAAY2ik.jpg","contentUrl":"https:\/\/radioinfinitagoya.com.ar\/v1\/wp-content\/uploads\/2025\/10\/G4WQ91FWIAAY2ik.jpg","width":680,"height":383},{"@type":"BreadcrumbList","@id":"https:\/\/radioinfinitagoya.com.ar\/v1\/2025\/10\/28\/messi-rompio-el-silencio-sobre-su-presencia-en-el-mundial-2026\/#breadcrumb","itemListElement":[{"@type":"ListItem","position":1,"name":"Inicio","item":"https:\/\/radioinfinitagoya.com.ar\/v1\/"},{"@type":"ListItem","position":2,"name":"Messi rompi\u00f3 el silencio sobre su presencia en el Mundial 2026"}]},{"@type":"WebSite","@id":"https:\/\/radioinfinitagoya.com.ar\/v1\/#website","url":"https:\/\/radioinfinitagoya.com.ar\/v1\/","name":"radioinfinitagoya.com.ar","description":"Radio de noticias","publisher":{"@id":"https:\/\/radioinfinitagoya.com.ar\/v1\/#organization"},"potentialAction":[{"@type":"SearchAction","target":{"@type":"EntryPoint","urlTemplate":"https:\/\/radioinfinitagoya.com.ar\/v1\/?s={search_term_string}"},"query-input":{"@type":"PropertyValueSpecification","valueRequired":true,"valueName":"search_term_string"}}],"inLanguage":"es-AR"},{"@type":"Organization","@id":"https:\/\/radioinfinitagoya.com.ar\/v1\/#organization","name":"Radio Infinita Goya","url":"https:\/\/radioinfinitagoya.com.ar\/v1\/","logo":{"@type":"ImageObject","inLanguage":"es-AR","@id":"https:\/\/radioinfinitagoya.com.ar\/v1\/#\/schema\/logo\/image\/","url":"https:\/\/radioinfinitagoya.com.ar\/v1\/wp-content\/uploads\/2019\/11\/logo-pie-web.png","contentUrl":"https:\/\/radioinfinitagoya.com.ar\/v1\/wp-content\/uploads\/2019\/11\/logo-pie-web.png","width":635,"height":326,"caption":"Radio Infinita Goya"},"image":{"@id":"https:\/\/radioinfinitagoya.com.ar\/v1\/#\/schema\/logo\/image\/"},"sameAs":["https:\/\/www.facebook.com\/p\/Infinita-Goya-100063870918311\/"]},{"@type":"Person","@id":"https:\/\/radioinfinitagoya.com.ar\/v1\/#\/schema\/person\/d4cf9c413d4f6edb24aabdccab49ca4a","name":"Jorge Mi\u00f1o","image":{"@type":"ImageObject","inLanguage":"es-AR","@id":"https:\/\/secure.gravatar.com\/avatar\/910fcf6728fe95320e07a6643c1581fec1c7fc4bf8ae12e3d8f0d0373dc844be?s=96&d=mm&r=g","url":"https:\/\/secure.gravatar.com\/avatar\/910fcf6728fe95320e07a6643c1581fec1c7fc4bf8ae12e3d8f0d0373dc844be?s=96&d=mm&r=g","contentUrl":"https:\/\/secure.gravatar.com\/avatar\/910fcf6728fe95320e07a6643c1581fec1c7fc4bf8ae12e3d8f0d0373dc844be?s=96&d=mm&r=g","caption":"Jorge Mi\u00f1o"},"sameAs":["http:\/\/radioinfinitagoya.com.ar"]}]}},"_links":{"self":[{"href":"https:\/\/radioinfinitagoya.com.ar\/v1\/wp-json\/wp\/v2\/posts\/198359","targetHints":{"allow":["GET"]}}],"collection":[{"href":"https:\/\/radioinfinitagoya.com.ar\/v1\/wp-json\/wp\/v2\/posts"}],"about":[{"href":"https:\/\/radioinfinitagoya.com.ar\/v1\/wp-json\/wp\/v2\/types\/post"}],"author":[{"embeddable":true,"href":"https:\/\/radioinfinitagoya.com.ar\/v1\/wp-json\/wp\/v2\/users\/4"}],"replies":[{"embeddable":true,"href":"https:\/\/radioinfinitagoya.com.ar\/v1\/wp-json\/wp\/v2\/comments?post=198359"}],"version-history":[{"count":0,"href":"https:\/\/radioinfinitagoya.com.ar\/v1\/wp-json\/wp\/v2\/posts\/198359\/revisions"}],"wp:featuredmedia":[{"embeddable":true,"href":"https:\/\/radioinfinitagoya.com.ar\/v1\/wp-json\/wp\/v2\/media\/198360"}],"wp:attachment":[{"href":"https:\/\/radioinfinitagoya.com.ar\/v1\/wp-json\/wp\/v2\/media?parent=198359"}],"wp:term":[{"taxonomy":"category","embeddable":true,"href":"https:\/\/radioinfinitagoya.com.ar\/v1\/wp-json\/wp\/v2\/categories?post=198359"},{"taxonomy":"post_tag","embeddable":true,"href":"https:\/\/radioinfinitagoya.com.ar\/v1\/wp-json\/wp\/v2\/tags?post=198359"}],"curies":[{"name":"wp","href":"https:\/\/api.w.org\/{rel}","templated":true}]}}