{"id":198362,"date":"2025-10-28T16:13:32","date_gmt":"2025-10-28T19:13:32","guid":{"rendered":"https:\/\/radioinfinitagoya.com.ar\/v1\/?p=198362"},"modified":"2025-10-28T16:13:32","modified_gmt":"2025-10-28T19:13:32","slug":"rio-de-janeiro-al-menos-60-muertos-y-mas-de-80-detenidos-en-un-megaoperativo-en-dos-favelas","status":"publish","type":"post","link":"https:\/\/radioinfinitagoya.com.ar\/v1\/2025\/10\/28\/rio-de-janeiro-al-menos-60-muertos-y-mas-de-80-detenidos-en-un-megaoperativo-en-dos-favelas\/","title":{"rendered":"R\u00edo de Janeiro: al menos 60 muertos y m\u00e1s de 80 detenidos en un megaoperativo en dos favelas"},"content":{"rendered":"<p>Fue- en un megaoperativo contra el Comando Vermelho en los complejos Alem\u00e3o y Penha.<br \/>\nLos narcotraficantes se deiendieron bombardeando a la polic\u00eda con drones.<\/p>\n<p>Al menos 60 personas murieron y m\u00e1s de 80 fueron arrestadas este martes en un megaoperativo contra el Comando Vermelho (CV) en los complejos Alem\u00e3o y Penha, en la Zona Norte de R\u00edo de Janeiro. Los narcotraficantes respondieron con disparos y quemando barricadas. Un video muestra casi 200 disparos en un minuto, entre columnas de humo.<\/p>\n<p>Hasta pasado el mediod\u00eda en Buenos Aires, el operativo segu\u00eda en curso, con informes de m\u00e1s disparos. Esta es la \u00faltima fase de la Operaci\u00f3n Contenci\u00f3n, una iniciativa permanente del gobierno estatal para combatir la propagaci\u00f3n del narco en R\u00edo de Janeiro.<\/p>\n<p><img loading=\"lazy\" decoding=\"async\" class=\"alignnone size-full wp-image-198364\" src=\"https:\/\/radioinfinitagoya.com.ar\/v1\/wp-content\/uploads\/2025\/10\/hPLdOmU55_720x0__1.jpg\" alt=\"\" width=\"720\" height=\"480\" srcset=\"https:\/\/radioinfinitagoya.com.ar\/v1\/wp-content\/uploads\/2025\/10\/hPLdOmU55_720x0__1.jpg 720w, https:\/\/radioinfinitagoya.com.ar\/v1\/wp-content\/uploads\/2025\/10\/hPLdOmU55_720x0__1-630x420.jpg 630w, https:\/\/radioinfinitagoya.com.ar\/v1\/wp-content\/uploads\/2025\/10\/hPLdOmU55_720x0__1-696x464.jpg 696w\" sizes=\"auto, (max-width: 720px) 100vw, 720px\" \/><\/p>\n<p>TV Globo constat\u00f3 que entre los muertos hay 2 polic\u00edas civiles: Marcus Vin\u00edcius Cardoso de Carvalho, de 51 a\u00f1os, conocido como M\u00e1skara, recientemente ascendido a jefe de investigaci\u00f3n. Y Rodrigo Velloso Cabral, 34 a\u00f1os.<\/p>\n<p>Los otros 18 muertos son, seg\u00fan el gobierno estatal, narcotraficantes que intercambiaron disparos con la polic\u00eda.<\/p>\n<p>M\u00e1s tarde, O Globo afirm\u00f3 que los muertos eran m\u00e1s de 50 y los detenidos sumaban m\u00e1s de 8<\/p>\n<p>Escenas de guerra<br \/>\nLos narcotraficantes de defienderon de la ofensiva policial lanzando explosivos desde drones.<\/p>\n<h3 class=\"block-headline datawrapper-j150m-1ld4vof \">Favela de Alem\u00e3o y Penha<\/h3>\n<p><img loading=\"lazy\" decoding=\"async\" class=\"alignnone size-full wp-image-198365\" src=\"https:\/\/radioinfinitagoya.com.ar\/v1\/wp-content\/uploads\/2025\/10\/descarga-1.png\" alt=\"\" width=\"600\" height=\"510\" srcset=\"https:\/\/radioinfinitagoya.com.ar\/v1\/wp-content\/uploads\/2025\/10\/descarga-1.png 600w, https:\/\/radioinfinitagoya.com.ar\/v1\/wp-content\/uploads\/2025\/10\/descarga-1-494x420.png 494w\" sizes=\"auto, (max-width: 600px) 100vw, 600px\" \/><\/p>\n<p>Imagenes captadas por video, muestran columnas de humo y fuego sobre una de las favelas, recordando escenas de ciudades bajo fuego en conflictos armados.<\/p>\n<p>C\u00f3mo es el operativo<br \/>\nAl menos 2.500 agentes de seguridad de R\u00edo de Janeiro salieron a ejecutar 100 \u00f3rdenes de arresto. La Polic\u00eda Civil tambi\u00e9n confirm\u00f3 que, en represalia, delincuentes lanzaron bombas desde drones. Otros huyeron en fila india por la parte alta de la comunidad, en una escena similar a la masacre de pandillas de 2010 durante la ocupaci\u00f3n del Alem\u00e3o.<\/p>\n<p><img loading=\"lazy\" decoding=\"async\" class=\"alignnone size-full wp-image-198366\" src=\"https:\/\/radioinfinitagoya.com.ar\/v1\/wp-content\/uploads\/2025\/10\/YxFjN-Yt1_720x0__1.jpg\" alt=\"\" width=\"720\" height=\"480\" srcset=\"https:\/\/radioinfinitagoya.com.ar\/v1\/wp-content\/uploads\/2025\/10\/YxFjN-Yt1_720x0__1.jpg 720w, https:\/\/radioinfinitagoya.com.ar\/v1\/wp-content\/uploads\/2025\/10\/YxFjN-Yt1_720x0__1-630x420.jpg 630w, https:\/\/radioinfinitagoya.com.ar\/v1\/wp-content\/uploads\/2025\/10\/YxFjN-Yt1_720x0__1-696x464.jpg 696w\" sizes=\"auto, (max-width: 720px) 100vw, 720px\" \/><\/p>\n<p>Entre los arrestados se encuentra Thiago do Nascimento Mendes, conocido como Bel\u00e3o do Quitungo, uno de los l\u00edderes del CV en la regi\u00f3n. Otro capturado es Nicolas Fernandes Soares, identificado como operador financiero de uno de los principales l\u00edderes del CV, Edgar Alves de Andrade, alias Doca o Urso.<\/p>\n<p>El secretario de Seguridad P\u00fablica de R\u00edo de Janeiro, V\u00edctor Santos, afirm\u00f3 que la operaci\u00f3n fue dise\u00f1ada con antelaci\u00f3n y no cont\u00f3 con el apoyo del gobierno federal.<\/p>\n<p>Qu\u00e9 es el Comando Vermelho<br \/>\nEl Comando Vermelho (CV) es una de las organizaciones criminales m\u00e1s antiguas y conocidas de Brasil. Naci\u00f3 en la d\u00e9cada del 70 al calor de las c\u00e1rceles de R\u00edo.<\/p>\n<p>Inicialmente surgi\u00f3 con el objetivo de defender los derechos b\u00e1sicos de los presos y establecer una suerte de &#8220;sociedad de mutuo socorro&#8221; entre ellos. R\u00e1pidamente se convirti\u00f3 en una poderosa organizaci\u00f3n criminal, incursionando en el narcotr\u00e1fico, asaltos a bancos y otros cr\u00edmenes. Durante a\u00f1os fue la organizaci\u00f3n criminal m\u00e1s poderosa de R\u00edo de Janeiro.<\/p>\n<p><img loading=\"lazy\" decoding=\"async\" class=\"alignnone size-full wp-image-198367\" src=\"https:\/\/radioinfinitagoya.com.ar\/v1\/wp-content\/uploads\/2025\/10\/fR37eDKt_720x0__1.jpg\" alt=\"\" width=\"720\" height=\"480\" srcset=\"https:\/\/radioinfinitagoya.com.ar\/v1\/wp-content\/uploads\/2025\/10\/fR37eDKt_720x0__1.jpg 720w, https:\/\/radioinfinitagoya.com.ar\/v1\/wp-content\/uploads\/2025\/10\/fR37eDKt_720x0__1-630x420.jpg 630w, https:\/\/radioinfinitagoya.com.ar\/v1\/wp-content\/uploads\/2025\/10\/fR37eDKt_720x0__1-696x464.jpg 696w\" sizes=\"auto, (max-width: 720px) 100vw, 720px\" \/><\/p>\n<p>Aunque ha sido una fuerza dominante, su poder ha sido desafiado y presenta un panorama complejo. Ha sido debilitado por la acci\u00f3n policial, el arresto o muerte de sus l\u00edderes y, fundamentalmente, por la aparici\u00f3n y consolidaci\u00f3n de facciones criminales rivales, como el Primeiro Comando da Capital (PCC) de San Pabo, el Terceiro Comando Puro (TCP) y Amigos dos Amigos (ADA). Este debilitamiento ha provocado que pierda control en varios puntos de venta de droga en R\u00edo.<\/p>\n<p>A pesar de su debilitamiento, el Comando Vermelho sigue controlando partes de la ciudad de R\u00edo de Janeiro. Es com\u00fan ver las calles de muchas favelas de R\u00edo etiquetadas con el acr\u00f3nimo &#8220;CV&#8221;.<\/p>\n<p>&nbsp;<\/p>\n<p>&nbsp;<\/p>\n","protected":false},"excerpt":{"rendered":"<p>Fue- en un megaoperativo contra el Comando Vermelho en los complejos Alem\u00e3o y Penha. Los narcotraficantes se deiendieron bombardeando a la polic\u00eda con drones. Al menos 60 personas murieron y m\u00e1s de 80 fueron arrestadas este martes en un megaoperativo contra el Comando Vermelho (CV) en los complejos Alem\u00e3o y Penha, en la Zona Norte [&hellip;]<\/p>\n","protected":false},"author":4,"featured_media":198363,"comment_status":"closed","ping_status":"closed","sticky":false,"template":"","format":"standard","meta":{"_joinchat":[],"footnotes":""},"categories":[34],"tags":[],"class_list":{"0":"post-198362","1":"post","2":"type-post","3":"status-publish","4":"format-standard","5":"has-post-thumbnail","7":"category-principal"},"yoast_head":"<!-- This site is optimized with the Yoast SEO plugin v27.2 - https:\/\/yoast.com\/product\/yoast-seo-wordpress\/ -->\n<title>R\u00edo de Janeiro: al menos 60 muertos y m\u00e1s de 80 detenidos en un megaoperativo en dos favelas - Radio Infinita Goya<\/title>\n<meta name=\"description\" content=\"Fue- en un megaoperativo contra el Comando Vermelho en los complejos Alem\u00e3o y Penha. Los narcotraficantes se deiendieron bombardeando a la polic\u00eda con\" \/>\n<meta name=\"robots\" content=\"index, follow, max-snippet:-1, max-image-preview:large, max-video-preview:-1\" \/>\n<link rel=\"canonical\" href=\"https:\/\/radioinfinitagoya.com.ar\/v1\/2025\/10\/28\/rio-de-janeiro-al-menos-60-muertos-y-mas-de-80-detenidos-en-un-megaoperativo-en-dos-favelas\/\" \/>\n<meta property=\"og:locale\" content=\"es_ES\" \/>\n<meta property=\"og:type\" content=\"article\" \/>\n<meta property=\"og:title\" content=\"R\u00edo de Janeiro: al menos 60 muertos y m\u00e1s de 80 detenidos en un megaoperativo en dos favelas - Radio Infinita Goya\" \/>\n<meta property=\"og:description\" content=\"Fue- en un megaoperativo contra el Comando Vermelho en los complejos Alem\u00e3o y Penha. Los narcotraficantes se deiendieron bombardeando a la polic\u00eda con\" \/>\n<meta property=\"og:url\" content=\"https:\/\/radioinfinitagoya.com.ar\/v1\/2025\/10\/28\/rio-de-janeiro-al-menos-60-muertos-y-mas-de-80-detenidos-en-un-megaoperativo-en-dos-favelas\/\" \/>\n<meta property=\"og:site_name\" content=\"Radio Infinita Goya\" \/>\n<meta property=\"article:publisher\" content=\"https:\/\/www.facebook.com\/p\/Infinita-Goya-100063870918311\/\" \/>\n<meta property=\"article:published_time\" content=\"2025-10-28T19:13:32+00:00\" \/>\n<meta name=\"author\" content=\"Jorge Mi\u00f1o\" \/>\n<meta name=\"twitter:card\" content=\"summary_large_image\" \/>\n<meta name=\"twitter:label1\" content=\"Escrito por\" \/>\n\t<meta name=\"twitter:data1\" content=\"Jorge Mi\u00f1o\" \/>\n\t<meta name=\"twitter:label2\" content=\"Tiempo de lectura\" \/>\n\t<meta name=\"twitter:data2\" content=\"4 minutos\" \/>\n<script type=\"application\/ld+json\" class=\"yoast-schema-graph\">{\"@context\":\"https:\/\/schema.org\",\"@graph\":[{\"@type\":\"Article\",\"@id\":\"https:\/\/radioinfinitagoya.com.ar\/v1\/2025\/10\/28\/rio-de-janeiro-al-menos-60-muertos-y-mas-de-80-detenidos-en-un-megaoperativo-en-dos-favelas\/#article\",\"isPartOf\":{\"@id\":\"https:\/\/radioinfinitagoya.com.ar\/v1\/2025\/10\/28\/rio-de-janeiro-al-menos-60-muertos-y-mas-de-80-detenidos-en-un-megaoperativo-en-dos-favelas\/\"},\"author\":{\"name\":\"Jorge Mi\u00f1o\",\"@id\":\"https:\/\/radioinfinitagoya.com.ar\/v1\/#\/schema\/person\/d4cf9c413d4f6edb24aabdccab49ca4a\"},\"headline\":\"R\u00edo de Janeiro: al menos 60 muertos y m\u00e1s de 80 detenidos en un megaoperativo en dos favelas\",\"datePublished\":\"2025-10-28T19:13:32+00:00\",\"mainEntityOfPage\":{\"@id\":\"https:\/\/radioinfinitagoya.com.ar\/v1\/2025\/10\/28\/rio-de-janeiro-al-menos-60-muertos-y-mas-de-80-detenidos-en-un-megaoperativo-en-dos-favelas\/\"},\"wordCount\":641,\"publisher\":{\"@id\":\"https:\/\/radioinfinitagoya.com.ar\/v1\/#organization\"},\"image\":{\"@id\":\"https:\/\/radioinfinitagoya.com.ar\/v1\/2025\/10\/28\/rio-de-janeiro-al-menos-60-muertos-y-mas-de-80-detenidos-en-un-megaoperativo-en-dos-favelas\/#primaryimage\"},\"thumbnailUrl\":\"https:\/\/radioinfinitagoya.com.ar\/v1\/wp-content\/uploads\/2025\/10\/BWCVTVJJOVHXVJWHUXRNNCWGBI.avif\",\"articleSection\":[\"PRINCIPAL\"],\"inLanguage\":\"es-AR\"},{\"@type\":\"WebPage\",\"@id\":\"https:\/\/radioinfinitagoya.com.ar\/v1\/2025\/10\/28\/rio-de-janeiro-al-menos-60-muertos-y-mas-de-80-detenidos-en-un-megaoperativo-en-dos-favelas\/\",\"url\":\"https:\/\/radioinfinitagoya.com.ar\/v1\/2025\/10\/28\/rio-de-janeiro-al-menos-60-muertos-y-mas-de-80-detenidos-en-un-megaoperativo-en-dos-favelas\/\",\"name\":\"R\u00edo de Janeiro: al menos 60 muertos y m\u00e1s de 80 detenidos en un megaoperativo en dos favelas - Radio Infinita Goya\",\"isPartOf\":{\"@id\":\"https:\/\/radioinfinitagoya.com.ar\/v1\/#website\"},\"primaryImageOfPage\":{\"@id\":\"https:\/\/radioinfinitagoya.com.ar\/v1\/2025\/10\/28\/rio-de-janeiro-al-menos-60-muertos-y-mas-de-80-detenidos-en-un-megaoperativo-en-dos-favelas\/#primaryimage\"},\"image\":{\"@id\":\"https:\/\/radioinfinitagoya.com.ar\/v1\/2025\/10\/28\/rio-de-janeiro-al-menos-60-muertos-y-mas-de-80-detenidos-en-un-megaoperativo-en-dos-favelas\/#primaryimage\"},\"thumbnailUrl\":\"https:\/\/radioinfinitagoya.com.ar\/v1\/wp-content\/uploads\/2025\/10\/BWCVTVJJOVHXVJWHUXRNNCWGBI.avif\",\"datePublished\":\"2025-10-28T19:13:32+00:00\",\"description\":\"Fue- en un megaoperativo contra el Comando Vermelho en los complejos Alem\u00e3o y Penha. Los narcotraficantes se deiendieron bombardeando a la polic\u00eda con\",\"breadcrumb\":{\"@id\":\"https:\/\/radioinfinitagoya.com.ar\/v1\/2025\/10\/28\/rio-de-janeiro-al-menos-60-muertos-y-mas-de-80-detenidos-en-un-megaoperativo-en-dos-favelas\/#breadcrumb\"},\"inLanguage\":\"es-AR\",\"potentialAction\":[{\"@type\":\"ReadAction\",\"target\":[\"https:\/\/radioinfinitagoya.com.ar\/v1\/2025\/10\/28\/rio-de-janeiro-al-menos-60-muertos-y-mas-de-80-detenidos-en-un-megaoperativo-en-dos-favelas\/\"]}]},{\"@type\":\"ImageObject\",\"inLanguage\":\"es-AR\",\"@id\":\"https:\/\/radioinfinitagoya.com.ar\/v1\/2025\/10\/28\/rio-de-janeiro-al-menos-60-muertos-y-mas-de-80-detenidos-en-un-megaoperativo-en-dos-favelas\/#primaryimage\",\"url\":\"https:\/\/radioinfinitagoya.com.ar\/v1\/wp-content\/uploads\/2025\/10\/BWCVTVJJOVHXVJWHUXRNNCWGBI.avif\",\"contentUrl\":\"https:\/\/radioinfinitagoya.com.ar\/v1\/wp-content\/uploads\/2025\/10\/BWCVTVJJOVHXVJWHUXRNNCWGBI.avif\",\"width\":768,\"height\":432},{\"@type\":\"BreadcrumbList\",\"@id\":\"https:\/\/radioinfinitagoya.com.ar\/v1\/2025\/10\/28\/rio-de-janeiro-al-menos-60-muertos-y-mas-de-80-detenidos-en-un-megaoperativo-en-dos-favelas\/#breadcrumb\",\"itemListElement\":[{\"@type\":\"ListItem\",\"position\":1,\"name\":\"Inicio\",\"item\":\"https:\/\/radioinfinitagoya.com.ar\/v1\/\"},{\"@type\":\"ListItem\",\"position\":2,\"name\":\"R\u00edo de Janeiro: al menos 60 muertos y m\u00e1s de 80 detenidos en un megaoperativo en dos favelas\"}]},{\"@type\":\"WebSite\",\"@id\":\"https:\/\/radioinfinitagoya.com.ar\/v1\/#website\",\"url\":\"https:\/\/radioinfinitagoya.com.ar\/v1\/\",\"name\":\"radioinfinitagoya.com.ar\",\"description\":\"Radio de noticias\",\"publisher\":{\"@id\":\"https:\/\/radioinfinitagoya.com.ar\/v1\/#organization\"},\"potentialAction\":[{\"@type\":\"SearchAction\",\"target\":{\"@type\":\"EntryPoint\",\"urlTemplate\":\"https:\/\/radioinfinitagoya.com.ar\/v1\/?s={search_term_string}\"},\"query-input\":{\"@type\":\"PropertyValueSpecification\",\"valueRequired\":true,\"valueName\":\"search_term_string\"}}],\"inLanguage\":\"es-AR\"},{\"@type\":\"Organization\",\"@id\":\"https:\/\/radioinfinitagoya.com.ar\/v1\/#organization\",\"name\":\"Radio Infinita Goya\",\"url\":\"https:\/\/radioinfinitagoya.com.ar\/v1\/\",\"logo\":{\"@type\":\"ImageObject\",\"inLanguage\":\"es-AR\",\"@id\":\"https:\/\/radioinfinitagoya.com.ar\/v1\/#\/schema\/logo\/image\/\",\"url\":\"https:\/\/radioinfinitagoya.com.ar\/v1\/wp-content\/uploads\/2019\/11\/logo-pie-web.png\",\"contentUrl\":\"https:\/\/radioinfinitagoya.com.ar\/v1\/wp-content\/uploads\/2019\/11\/logo-pie-web.png\",\"width\":635,\"height\":326,\"caption\":\"Radio Infinita Goya\"},\"image\":{\"@id\":\"https:\/\/radioinfinitagoya.com.ar\/v1\/#\/schema\/logo\/image\/\"},\"sameAs\":[\"https:\/\/www.facebook.com\/p\/Infinita-Goya-100063870918311\/\"]},{\"@type\":\"Person\",\"@id\":\"https:\/\/radioinfinitagoya.com.ar\/v1\/#\/schema\/person\/d4cf9c413d4f6edb24aabdccab49ca4a\",\"name\":\"Jorge Mi\u00f1o\",\"image\":{\"@type\":\"ImageObject\",\"inLanguage\":\"es-AR\",\"@id\":\"https:\/\/secure.gravatar.com\/avatar\/910fcf6728fe95320e07a6643c1581fec1c7fc4bf8ae12e3d8f0d0373dc844be?s=96&d=mm&r=g\",\"url\":\"https:\/\/secure.gravatar.com\/avatar\/910fcf6728fe95320e07a6643c1581fec1c7fc4bf8ae12e3d8f0d0373dc844be?s=96&d=mm&r=g\",\"contentUrl\":\"https:\/\/secure.gravatar.com\/avatar\/910fcf6728fe95320e07a6643c1581fec1c7fc4bf8ae12e3d8f0d0373dc844be?s=96&d=mm&r=g\",\"caption\":\"Jorge Mi\u00f1o\"},\"sameAs\":[\"http:\/\/radioinfinitagoya.com.ar\"]}]}<\/script>\n<!-- \/ Yoast SEO plugin. -->","yoast_head_json":{"title":"R\u00edo de Janeiro: al menos 60 muertos y m\u00e1s de 80 detenidos en un megaoperativo en dos favelas - Radio Infinita Goya","description":"Fue- en un megaoperativo contra el Comando Vermelho en los complejos Alem\u00e3o y Penha. Los narcotraficantes se deiendieron bombardeando a la polic\u00eda con","robots":{"index":"index","follow":"follow","max-snippet":"max-snippet:-1","max-image-preview":"max-image-preview:large","max-video-preview":"max-video-preview:-1"},"canonical":"https:\/\/radioinfinitagoya.com.ar\/v1\/2025\/10\/28\/rio-de-janeiro-al-menos-60-muertos-y-mas-de-80-detenidos-en-un-megaoperativo-en-dos-favelas\/","og_locale":"es_ES","og_type":"article","og_title":"R\u00edo de Janeiro: al menos 60 muertos y m\u00e1s de 80 detenidos en un megaoperativo en dos favelas - Radio Infinita Goya","og_description":"Fue- en un megaoperativo contra el Comando Vermelho en los complejos Alem\u00e3o y Penha. Los narcotraficantes se deiendieron bombardeando a la polic\u00eda con","og_url":"https:\/\/radioinfinitagoya.com.ar\/v1\/2025\/10\/28\/rio-de-janeiro-al-menos-60-muertos-y-mas-de-80-detenidos-en-un-megaoperativo-en-dos-favelas\/","og_site_name":"Radio Infinita Goya","article_publisher":"https:\/\/www.facebook.com\/p\/Infinita-Goya-100063870918311\/","article_published_time":"2025-10-28T19:13:32+00:00","author":"Jorge Mi\u00f1o","twitter_card":"summary_large_image","twitter_misc":{"Escrito por":"Jorge Mi\u00f1o","Tiempo de lectura":"4 minutos"},"schema":{"@context":"https:\/\/schema.org","@graph":[{"@type":"Article","@id":"https:\/\/radioinfinitagoya.com.ar\/v1\/2025\/10\/28\/rio-de-janeiro-al-menos-60-muertos-y-mas-de-80-detenidos-en-un-megaoperativo-en-dos-favelas\/#article","isPartOf":{"@id":"https:\/\/radioinfinitagoya.com.ar\/v1\/2025\/10\/28\/rio-de-janeiro-al-menos-60-muertos-y-mas-de-80-detenidos-en-un-megaoperativo-en-dos-favelas\/"},"author":{"name":"Jorge Mi\u00f1o","@id":"https:\/\/radioinfinitagoya.com.ar\/v1\/#\/schema\/person\/d4cf9c413d4f6edb24aabdccab49ca4a"},"headline":"R\u00edo de Janeiro: al menos 60 muertos y m\u00e1s de 80 detenidos en un megaoperativo en dos favelas","datePublished":"2025-10-28T19:13:32+00:00","mainEntityOfPage":{"@id":"https:\/\/radioinfinitagoya.com.ar\/v1\/2025\/10\/28\/rio-de-janeiro-al-menos-60-muertos-y-mas-de-80-detenidos-en-un-megaoperativo-en-dos-favelas\/"},"wordCount":641,"publisher":{"@id":"https:\/\/radioinfinitagoya.com.ar\/v1\/#organization"},"image":{"@id":"https:\/\/radioinfinitagoya.com.ar\/v1\/2025\/10\/28\/rio-de-janeiro-al-menos-60-muertos-y-mas-de-80-detenidos-en-un-megaoperativo-en-dos-favelas\/#primaryimage"},"thumbnailUrl":"https:\/\/radioinfinitagoya.com.ar\/v1\/wp-content\/uploads\/2025\/10\/BWCVTVJJOVHXVJWHUXRNNCWGBI.avif","articleSection":["PRINCIPAL"],"inLanguage":"es-AR"},{"@type":"WebPage","@id":"https:\/\/radioinfinitagoya.com.ar\/v1\/2025\/10\/28\/rio-de-janeiro-al-menos-60-muertos-y-mas-de-80-detenidos-en-un-megaoperativo-en-dos-favelas\/","url":"https:\/\/radioinfinitagoya.com.ar\/v1\/2025\/10\/28\/rio-de-janeiro-al-menos-60-muertos-y-mas-de-80-detenidos-en-un-megaoperativo-en-dos-favelas\/","name":"R\u00edo de Janeiro: al menos 60 muertos y m\u00e1s de 80 detenidos en un megaoperativo en dos favelas - Radio Infinita Goya","isPartOf":{"@id":"https:\/\/radioinfinitagoya.com.ar\/v1\/#website"},"primaryImageOfPage":{"@id":"https:\/\/radioinfinitagoya.com.ar\/v1\/2025\/10\/28\/rio-de-janeiro-al-menos-60-muertos-y-mas-de-80-detenidos-en-un-megaoperativo-en-dos-favelas\/#primaryimage"},"image":{"@id":"https:\/\/radioinfinitagoya.com.ar\/v1\/2025\/10\/28\/rio-de-janeiro-al-menos-60-muertos-y-mas-de-80-detenidos-en-un-megaoperativo-en-dos-favelas\/#primaryimage"},"thumbnailUrl":"https:\/\/radioinfinitagoya.com.ar\/v1\/wp-content\/uploads\/2025\/10\/BWCVTVJJOVHXVJWHUXRNNCWGBI.avif","datePublished":"2025-10-28T19:13:32+00:00","description":"Fue- en un megaoperativo contra el Comando Vermelho en los complejos Alem\u00e3o y Penha. Los narcotraficantes se deiendieron bombardeando a la polic\u00eda con","breadcrumb":{"@id":"https:\/\/radioinfinitagoya.com.ar\/v1\/2025\/10\/28\/rio-de-janeiro-al-menos-60-muertos-y-mas-de-80-detenidos-en-un-megaoperativo-en-dos-favelas\/#breadcrumb"},"inLanguage":"es-AR","potentialAction":[{"@type":"ReadAction","target":["https:\/\/radioinfinitagoya.com.ar\/v1\/2025\/10\/28\/rio-de-janeiro-al-menos-60-muertos-y-mas-de-80-detenidos-en-un-megaoperativo-en-dos-favelas\/"]}]},{"@type":"ImageObject","inLanguage":"es-AR","@id":"https:\/\/radioinfinitagoya.com.ar\/v1\/2025\/10\/28\/rio-de-janeiro-al-menos-60-muertos-y-mas-de-80-detenidos-en-un-megaoperativo-en-dos-favelas\/#primaryimage","url":"https:\/\/radioinfinitagoya.com.ar\/v1\/wp-content\/uploads\/2025\/10\/BWCVTVJJOVHXVJWHUXRNNCWGBI.avif","contentUrl":"https:\/\/radioinfinitagoya.com.ar\/v1\/wp-content\/uploads\/2025\/10\/BWCVTVJJOVHXVJWHUXRNNCWGBI.avif","width":768,"height":432},{"@type":"BreadcrumbList","@id":"https:\/\/radioinfinitagoya.com.ar\/v1\/2025\/10\/28\/rio-de-janeiro-al-menos-60-muertos-y-mas-de-80-detenidos-en-un-megaoperativo-en-dos-favelas\/#breadcrumb","itemListElement":[{"@type":"ListItem","position":1,"name":"Inicio","item":"https:\/\/radioinfinitagoya.com.ar\/v1\/"},{"@type":"ListItem","position":2,"name":"R\u00edo de Janeiro: al menos 60 muertos y m\u00e1s de 80 detenidos en un megaoperativo en dos favelas"}]},{"@type":"WebSite","@id":"https:\/\/radioinfinitagoya.com.ar\/v1\/#website","url":"https:\/\/radioinfinitagoya.com.ar\/v1\/","name":"radioinfinitagoya.com.ar","description":"Radio de noticias","publisher":{"@id":"https:\/\/radioinfinitagoya.com.ar\/v1\/#organization"},"potentialAction":[{"@type":"SearchAction","target":{"@type":"EntryPoint","urlTemplate":"https:\/\/radioinfinitagoya.com.ar\/v1\/?s={search_term_string}"},"query-input":{"@type":"PropertyValueSpecification","valueRequired":true,"valueName":"search_term_string"}}],"inLanguage":"es-AR"},{"@type":"Organization","@id":"https:\/\/radioinfinitagoya.com.ar\/v1\/#organization","name":"Radio Infinita Goya","url":"https:\/\/radioinfinitagoya.com.ar\/v1\/","logo":{"@type":"ImageObject","inLanguage":"es-AR","@id":"https:\/\/radioinfinitagoya.com.ar\/v1\/#\/schema\/logo\/image\/","url":"https:\/\/radioinfinitagoya.com.ar\/v1\/wp-content\/uploads\/2019\/11\/logo-pie-web.png","contentUrl":"https:\/\/radioinfinitagoya.com.ar\/v1\/wp-content\/uploads\/2019\/11\/logo-pie-web.png","width":635,"height":326,"caption":"Radio Infinita Goya"},"image":{"@id":"https:\/\/radioinfinitagoya.com.ar\/v1\/#\/schema\/logo\/image\/"},"sameAs":["https:\/\/www.facebook.com\/p\/Infinita-Goya-100063870918311\/"]},{"@type":"Person","@id":"https:\/\/radioinfinitagoya.com.ar\/v1\/#\/schema\/person\/d4cf9c413d4f6edb24aabdccab49ca4a","name":"Jorge Mi\u00f1o","image":{"@type":"ImageObject","inLanguage":"es-AR","@id":"https:\/\/secure.gravatar.com\/avatar\/910fcf6728fe95320e07a6643c1581fec1c7fc4bf8ae12e3d8f0d0373dc844be?s=96&d=mm&r=g","url":"https:\/\/secure.gravatar.com\/avatar\/910fcf6728fe95320e07a6643c1581fec1c7fc4bf8ae12e3d8f0d0373dc844be?s=96&d=mm&r=g","contentUrl":"https:\/\/secure.gravatar.com\/avatar\/910fcf6728fe95320e07a6643c1581fec1c7fc4bf8ae12e3d8f0d0373dc844be?s=96&d=mm&r=g","caption":"Jorge Mi\u00f1o"},"sameAs":["http:\/\/radioinfinitagoya.com.ar"]}]}},"_links":{"self":[{"href":"https:\/\/radioinfinitagoya.com.ar\/v1\/wp-json\/wp\/v2\/posts\/198362","targetHints":{"allow":["GET"]}}],"collection":[{"href":"https:\/\/radioinfinitagoya.com.ar\/v1\/wp-json\/wp\/v2\/posts"}],"about":[{"href":"https:\/\/radioinfinitagoya.com.ar\/v1\/wp-json\/wp\/v2\/types\/post"}],"author":[{"embeddable":true,"href":"https:\/\/radioinfinitagoya.com.ar\/v1\/wp-json\/wp\/v2\/users\/4"}],"replies":[{"embeddable":true,"href":"https:\/\/radioinfinitagoya.com.ar\/v1\/wp-json\/wp\/v2\/comments?post=198362"}],"version-history":[{"count":0,"href":"https:\/\/radioinfinitagoya.com.ar\/v1\/wp-json\/wp\/v2\/posts\/198362\/revisions"}],"wp:featuredmedia":[{"embeddable":true,"href":"https:\/\/radioinfinitagoya.com.ar\/v1\/wp-json\/wp\/v2\/media\/198363"}],"wp:attachment":[{"href":"https:\/\/radioinfinitagoya.com.ar\/v1\/wp-json\/wp\/v2\/media?parent=198362"}],"wp:term":[{"taxonomy":"category","embeddable":true,"href":"https:\/\/radioinfinitagoya.com.ar\/v1\/wp-json\/wp\/v2\/categories?post=198362"},{"taxonomy":"post_tag","embeddable":true,"href":"https:\/\/radioinfinitagoya.com.ar\/v1\/wp-json\/wp\/v2\/tags?post=198362"}],"curies":[{"name":"wp","href":"https:\/\/api.w.org\/{rel}","templated":true}]}}