{"id":198378,"date":"2025-10-28T16:30:31","date_gmt":"2025-10-28T19:30:31","guid":{"rendered":"https:\/\/radioinfinitagoya.com.ar\/v1\/?p=198378"},"modified":"2025-10-28T16:30:31","modified_gmt":"2025-10-28T19:30:31","slug":"goya-sera-sede-del-xvi-encuentro-de-armadores-de-cigarros-y-puros","status":"publish","type":"post","link":"https:\/\/radioinfinitagoya.com.ar\/v1\/2025\/10\/28\/goya-sera-sede-del-xvi-encuentro-de-armadores-de-cigarros-y-puros\/","title":{"rendered":"Goya ser\u00e1 sede del XVI Encuentro de Armadores de Cigarros y Puros"},"content":{"rendered":"<p>La XVI edici\u00f3n del Encuentro de Armadores de Cigarros y Puros, a realizarse del 20 al 22 de noviembre pr\u00f3ximo en predio Costa Surub\u00ed, est\u00e1 a la vuelta de la esquina y este martes el titular de la oficina de Producci\u00f3n, Valerio &#8220;Tito&#8221; Ram\u00edrez adelant\u00f3 las actividades que se planifican para iniciar este evento tur\u00edstico y productivo.<\/p>\n<p>&#8220;El jueves 20 se va a realizar el concurso de armadores de cigarros y puros y el s\u00e1bado est\u00e1 previsto para la ma\u00f1ana jornada y talleres sobre la tem\u00e1tica con presencia de expositores extranjeros de primer nivel. La elecci\u00f3n de la Reina del Encuentro y un festival musical imperdible se realizar\u00e1 ese mismo s\u00e1bado&#8221; mencion\u00f3 Ram\u00edrez.<\/p>\n<p>&#8220;Uno de los talleres estar\u00e1 dirigido por una armadora dominicana, la idea es que los armadores se saquen todas las dudas que tengan&#8221;. La totalidad de estas actividades se llevar\u00e1n a cabo en el SUM del predio Costa Surub\u00ed y alrededores.<\/p>\n<p>Las jornadas contar\u00e1 con la presencia de funcionarios municipales, invitados especiales del rubro del tabaco, visitantes de la provincia de Salta, que todos a\u00f1os vienen a intercambiar experiencias con tabaco a nuestra ciudad.<\/p>\n<p>Habr\u00e1 paneles, mesas de trabajo, charlas, talleres, presentaciones de investigaciones, todo pensado para poner en valor experiencias, compartir saberes y delinear pol\u00edticas p\u00fablicas junto a quienes producen y le aportan un valor agregado al producto.<\/p>\n<p>El encuentro se propone como un espacio estrat\u00e9gico para visibilizar y fortalecer el rol del productor tabacalero en el desarrollo local.<\/p>\n<p>&#8220;Nuestro tabaco negro signific\u00f3 y significa mucho para Goya. Los recursos que ingresan a la ciudad son muchos, le damos un valor agregado a la materia prima que tenemos y hoy hay m\u00e1s armadores de cigarros y puros, hay m\u00e1s impulsos para los goyanos que hacemos tabaco, son recursos que no podemos perder&#8221; insisti\u00f3.<\/p>\n<p>Ram\u00edrez adelant\u00f3 asimismo que para el curso de armadores se anotaron 35 personas deseosas por emprender el apasionante camino del tabaco. &#8220;Gracias a eso hoy d\u00eda hay muchas personas que se est\u00e1n dedicando a esto, que arman sus cigarros y puros y la idea es que tomen fuerza, se junten para negociar la comprar de m\u00e1s materia prima que les sirva para comercializar hacia afuera&#8221;.<\/p>\n<p>ALTA CALIDAD EN PRODUCCI\u00d3N LOCAL<\/p>\n<p>Comprometidos con la tarea, la premisa es generar un puro de alta calidad, partiendo de la utilizaci\u00f3n de una buena materia prima y aplicando los conocimientos adquiridos. Grandes avances se han dado en el sector de producci\u00f3n de puros en Goya.<\/p>\n<p>Llam\u00f3 a seguir apostando a la producci\u00f3n local para producir tabaco para cigarros, con ayuda del municipio y del Fondo Especial del Tabaco FET &#8220;porque nuestro tabaco negro es apto y de mejor calidad que el de otras provincias as\u00ed que ojal\u00e1 que puedan participar de los talleres todos los armadores de Goya porque va a ser un encuentro muy bueno y productivo&#8221;.<\/p>\n<p>APOYO OFICIAL<\/p>\n<p>El funcionario destac\u00f3 el apoyo y decisi\u00f3n del intendente Mariano Hormaechea de seguir d\u00e1ndole continuidad a este programa y al evento. A la Municipalidad de Goya, quien participa en estas clases de eventos, tanto desde la Secretar\u00eda de Producci\u00f3n como desde otras \u00e1reas; a la Cooperativa Alma de Tabaco, IPT, INTA, Cooperativa de Tabacaleros, al Municipio de Carolina, integrantes de la Mesa de Tabaco y que est\u00e1n colaborando.<\/p>\n<p>CRONOGRAMA<\/p>\n<p>&#8220;Tito&#8221; Ram\u00edrez adelant\u00f3 parte del cronograma de actividades que tendr\u00e1 lugar en el predio Costa Surub\u00ed el viernes 21 y s\u00e1bado 22. El viernes inicia a las 8 de la ma\u00f1ana con acreditaciones, palabras de autoridades y posterior taller con la maestra dominicana. A las 20 horas arranca la gala nocturna con la actuaci\u00f3n de grupos de ballets y grupos musicales: Los Litorale\u00f1os y Paola Bel\u00e9n, La Gauchita Cumbiera. Cabe se\u00f1alar que la entrada es libre y gratuita.<\/p>\n<p>El s\u00e1bado 22 se traslada la comitiva tabacalera hasta el municipio de Carolina donde es agasajada con tradicional almuerzo, visita a campo y zona tabacalera.<\/p>\n<p>Direcci\u00f3n de Prensa \u2013 Municipalidad de Goya.<\/p>\n<p>&nbsp;<\/p>\n<p>&nbsp;<\/p>\n<p>&nbsp;<\/p>\n","protected":false},"excerpt":{"rendered":"<p>La XVI edici\u00f3n del Encuentro de Armadores de Cigarros y Puros, a realizarse del 20 al 22 de noviembre pr\u00f3ximo en predio Costa Surub\u00ed, est\u00e1 a la vuelta de la esquina y este martes el titular de la oficina de Producci\u00f3n, Valerio &#8220;Tito&#8221; Ram\u00edrez adelant\u00f3 las actividades que se planifican para iniciar este evento tur\u00edstico [&hellip;]<\/p>\n","protected":false},"author":4,"featured_media":198379,"comment_status":"closed","ping_status":"closed","sticky":false,"template":"","format":"standard","meta":{"_joinchat":[],"footnotes":""},"categories":[27],"tags":[],"class_list":{"0":"post-198378","1":"post","2":"type-post","3":"status-publish","4":"format-standard","5":"has-post-thumbnail","7":"category-locales"},"yoast_head":"<!-- This site is optimized with the Yoast SEO plugin v27.2 - https:\/\/yoast.com\/product\/yoast-seo-wordpress\/ -->\n<title>Goya ser\u00e1 sede del XVI Encuentro de Armadores de Cigarros y Puros - Radio Infinita Goya<\/title>\n<meta name=\"description\" content=\"La XVI edici\u00f3n del Encuentro de Armadores de Cigarros y Puros, a realizarse del 20 al 22 de noviembre pr\u00f3ximo en predio Costa Surub\u00ed, est\u00e1 a la vuelta de\" \/>\n<meta name=\"robots\" content=\"index, follow, max-snippet:-1, max-image-preview:large, max-video-preview:-1\" \/>\n<link rel=\"canonical\" href=\"https:\/\/radioinfinitagoya.com.ar\/v1\/2025\/10\/28\/goya-sera-sede-del-xvi-encuentro-de-armadores-de-cigarros-y-puros\/\" \/>\n<meta property=\"og:locale\" content=\"es_ES\" \/>\n<meta property=\"og:type\" content=\"article\" \/>\n<meta property=\"og:title\" content=\"Goya ser\u00e1 sede del XVI Encuentro de Armadores de Cigarros y Puros - Radio Infinita Goya\" \/>\n<meta property=\"og:description\" content=\"La XVI edici\u00f3n del Encuentro de Armadores de Cigarros y Puros, a realizarse del 20 al 22 de noviembre pr\u00f3ximo en predio Costa Surub\u00ed, est\u00e1 a la vuelta de\" \/>\n<meta property=\"og:url\" content=\"https:\/\/radioinfinitagoya.com.ar\/v1\/2025\/10\/28\/goya-sera-sede-del-xvi-encuentro-de-armadores-de-cigarros-y-puros\/\" \/>\n<meta property=\"og:site_name\" content=\"Radio Infinita Goya\" \/>\n<meta property=\"article:publisher\" content=\"https:\/\/www.facebook.com\/p\/Infinita-Goya-100063870918311\/\" \/>\n<meta property=\"article:published_time\" content=\"2025-10-28T19:30:31+00:00\" \/>\n<meta property=\"og:image\" content=\"https:\/\/radioinfinitagoya.com.ar\/v1\/wp-content\/uploads\/2025\/10\/descarga-7-1.jpg\" \/>\n\t<meta property=\"og:image:width\" content=\"1080\" \/>\n\t<meta property=\"og:image:height\" content=\"1332\" \/>\n\t<meta property=\"og:image:type\" content=\"image\/jpeg\" \/>\n<meta name=\"author\" content=\"Jorge Mi\u00f1o\" \/>\n<meta name=\"twitter:card\" content=\"summary_large_image\" \/>\n<meta name=\"twitter:label1\" content=\"Escrito por\" \/>\n\t<meta name=\"twitter:data1\" content=\"Jorge Mi\u00f1o\" \/>\n\t<meta name=\"twitter:label2\" content=\"Tiempo de lectura\" \/>\n\t<meta name=\"twitter:data2\" content=\"4 minutos\" \/>\n<script type=\"application\/ld+json\" class=\"yoast-schema-graph\">{\"@context\":\"https:\/\/schema.org\",\"@graph\":[{\"@type\":\"Article\",\"@id\":\"https:\/\/radioinfinitagoya.com.ar\/v1\/2025\/10\/28\/goya-sera-sede-del-xvi-encuentro-de-armadores-de-cigarros-y-puros\/#article\",\"isPartOf\":{\"@id\":\"https:\/\/radioinfinitagoya.com.ar\/v1\/2025\/10\/28\/goya-sera-sede-del-xvi-encuentro-de-armadores-de-cigarros-y-puros\/\"},\"author\":{\"name\":\"Jorge Mi\u00f1o\",\"@id\":\"https:\/\/radioinfinitagoya.com.ar\/v1\/#\/schema\/person\/d4cf9c413d4f6edb24aabdccab49ca4a\"},\"headline\":\"Goya ser\u00e1 sede del XVI Encuentro de Armadores de Cigarros y Puros\",\"datePublished\":\"2025-10-28T19:30:31+00:00\",\"mainEntityOfPage\":{\"@id\":\"https:\/\/radioinfinitagoya.com.ar\/v1\/2025\/10\/28\/goya-sera-sede-del-xvi-encuentro-de-armadores-de-cigarros-y-puros\/\"},\"wordCount\":697,\"publisher\":{\"@id\":\"https:\/\/radioinfinitagoya.com.ar\/v1\/#organization\"},\"image\":{\"@id\":\"https:\/\/radioinfinitagoya.com.ar\/v1\/2025\/10\/28\/goya-sera-sede-del-xvi-encuentro-de-armadores-de-cigarros-y-puros\/#primaryimage\"},\"thumbnailUrl\":\"https:\/\/radioinfinitagoya.com.ar\/v1\/wp-content\/uploads\/2025\/10\/descarga-7-1.jpg\",\"articleSection\":[\"LOCALES\"],\"inLanguage\":\"es-AR\"},{\"@type\":\"WebPage\",\"@id\":\"https:\/\/radioinfinitagoya.com.ar\/v1\/2025\/10\/28\/goya-sera-sede-del-xvi-encuentro-de-armadores-de-cigarros-y-puros\/\",\"url\":\"https:\/\/radioinfinitagoya.com.ar\/v1\/2025\/10\/28\/goya-sera-sede-del-xvi-encuentro-de-armadores-de-cigarros-y-puros\/\",\"name\":\"Goya ser\u00e1 sede del XVI Encuentro de Armadores de Cigarros y Puros - Radio Infinita Goya\",\"isPartOf\":{\"@id\":\"https:\/\/radioinfinitagoya.com.ar\/v1\/#website\"},\"primaryImageOfPage\":{\"@id\":\"https:\/\/radioinfinitagoya.com.ar\/v1\/2025\/10\/28\/goya-sera-sede-del-xvi-encuentro-de-armadores-de-cigarros-y-puros\/#primaryimage\"},\"image\":{\"@id\":\"https:\/\/radioinfinitagoya.com.ar\/v1\/2025\/10\/28\/goya-sera-sede-del-xvi-encuentro-de-armadores-de-cigarros-y-puros\/#primaryimage\"},\"thumbnailUrl\":\"https:\/\/radioinfinitagoya.com.ar\/v1\/wp-content\/uploads\/2025\/10\/descarga-7-1.jpg\",\"datePublished\":\"2025-10-28T19:30:31+00:00\",\"description\":\"La XVI edici\u00f3n del Encuentro de Armadores de Cigarros y Puros, a realizarse del 20 al 22 de noviembre pr\u00f3ximo en predio Costa Surub\u00ed, est\u00e1 a la vuelta de\",\"breadcrumb\":{\"@id\":\"https:\/\/radioinfinitagoya.com.ar\/v1\/2025\/10\/28\/goya-sera-sede-del-xvi-encuentro-de-armadores-de-cigarros-y-puros\/#breadcrumb\"},\"inLanguage\":\"es-AR\",\"potentialAction\":[{\"@type\":\"ReadAction\",\"target\":[\"https:\/\/radioinfinitagoya.com.ar\/v1\/2025\/10\/28\/goya-sera-sede-del-xvi-encuentro-de-armadores-de-cigarros-y-puros\/\"]}]},{\"@type\":\"ImageObject\",\"inLanguage\":\"es-AR\",\"@id\":\"https:\/\/radioinfinitagoya.com.ar\/v1\/2025\/10\/28\/goya-sera-sede-del-xvi-encuentro-de-armadores-de-cigarros-y-puros\/#primaryimage\",\"url\":\"https:\/\/radioinfinitagoya.com.ar\/v1\/wp-content\/uploads\/2025\/10\/descarga-7-1.jpg\",\"contentUrl\":\"https:\/\/radioinfinitagoya.com.ar\/v1\/wp-content\/uploads\/2025\/10\/descarga-7-1.jpg\",\"width\":1080,\"height\":1332},{\"@type\":\"BreadcrumbList\",\"@id\":\"https:\/\/radioinfinitagoya.com.ar\/v1\/2025\/10\/28\/goya-sera-sede-del-xvi-encuentro-de-armadores-de-cigarros-y-puros\/#breadcrumb\",\"itemListElement\":[{\"@type\":\"ListItem\",\"position\":1,\"name\":\"Inicio\",\"item\":\"https:\/\/radioinfinitagoya.com.ar\/v1\/\"},{\"@type\":\"ListItem\",\"position\":2,\"name\":\"Goya ser\u00e1 sede del XVI Encuentro de Armadores de Cigarros y Puros\"}]},{\"@type\":\"WebSite\",\"@id\":\"https:\/\/radioinfinitagoya.com.ar\/v1\/#website\",\"url\":\"https:\/\/radioinfinitagoya.com.ar\/v1\/\",\"name\":\"radioinfinitagoya.com.ar\",\"description\":\"Radio de noticias\",\"publisher\":{\"@id\":\"https:\/\/radioinfinitagoya.com.ar\/v1\/#organization\"},\"potentialAction\":[{\"@type\":\"SearchAction\",\"target\":{\"@type\":\"EntryPoint\",\"urlTemplate\":\"https:\/\/radioinfinitagoya.com.ar\/v1\/?s={search_term_string}\"},\"query-input\":{\"@type\":\"PropertyValueSpecification\",\"valueRequired\":true,\"valueName\":\"search_term_string\"}}],\"inLanguage\":\"es-AR\"},{\"@type\":\"Organization\",\"@id\":\"https:\/\/radioinfinitagoya.com.ar\/v1\/#organization\",\"name\":\"Radio Infinita Goya\",\"url\":\"https:\/\/radioinfinitagoya.com.ar\/v1\/\",\"logo\":{\"@type\":\"ImageObject\",\"inLanguage\":\"es-AR\",\"@id\":\"https:\/\/radioinfinitagoya.com.ar\/v1\/#\/schema\/logo\/image\/\",\"url\":\"https:\/\/radioinfinitagoya.com.ar\/v1\/wp-content\/uploads\/2019\/11\/logo-pie-web.png\",\"contentUrl\":\"https:\/\/radioinfinitagoya.com.ar\/v1\/wp-content\/uploads\/2019\/11\/logo-pie-web.png\",\"width\":635,\"height\":326,\"caption\":\"Radio Infinita Goya\"},\"image\":{\"@id\":\"https:\/\/radioinfinitagoya.com.ar\/v1\/#\/schema\/logo\/image\/\"},\"sameAs\":[\"https:\/\/www.facebook.com\/p\/Infinita-Goya-100063870918311\/\"]},{\"@type\":\"Person\",\"@id\":\"https:\/\/radioinfinitagoya.com.ar\/v1\/#\/schema\/person\/d4cf9c413d4f6edb24aabdccab49ca4a\",\"name\":\"Jorge Mi\u00f1o\",\"image\":{\"@type\":\"ImageObject\",\"inLanguage\":\"es-AR\",\"@id\":\"https:\/\/secure.gravatar.com\/avatar\/910fcf6728fe95320e07a6643c1581fec1c7fc4bf8ae12e3d8f0d0373dc844be?s=96&d=mm&r=g\",\"url\":\"https:\/\/secure.gravatar.com\/avatar\/910fcf6728fe95320e07a6643c1581fec1c7fc4bf8ae12e3d8f0d0373dc844be?s=96&d=mm&r=g\",\"contentUrl\":\"https:\/\/secure.gravatar.com\/avatar\/910fcf6728fe95320e07a6643c1581fec1c7fc4bf8ae12e3d8f0d0373dc844be?s=96&d=mm&r=g\",\"caption\":\"Jorge Mi\u00f1o\"},\"sameAs\":[\"http:\/\/radioinfinitagoya.com.ar\"]}]}<\/script>\n<!-- \/ Yoast SEO plugin. -->","yoast_head_json":{"title":"Goya ser\u00e1 sede del XVI Encuentro de Armadores de Cigarros y Puros - Radio Infinita Goya","description":"La XVI edici\u00f3n del Encuentro de Armadores de Cigarros y Puros, a realizarse del 20 al 22 de noviembre pr\u00f3ximo en predio Costa Surub\u00ed, est\u00e1 a la vuelta de","robots":{"index":"index","follow":"follow","max-snippet":"max-snippet:-1","max-image-preview":"max-image-preview:large","max-video-preview":"max-video-preview:-1"},"canonical":"https:\/\/radioinfinitagoya.com.ar\/v1\/2025\/10\/28\/goya-sera-sede-del-xvi-encuentro-de-armadores-de-cigarros-y-puros\/","og_locale":"es_ES","og_type":"article","og_title":"Goya ser\u00e1 sede del XVI Encuentro de Armadores de Cigarros y Puros - Radio Infinita Goya","og_description":"La XVI edici\u00f3n del Encuentro de Armadores de Cigarros y Puros, a realizarse del 20 al 22 de noviembre pr\u00f3ximo en predio Costa Surub\u00ed, est\u00e1 a la vuelta de","og_url":"https:\/\/radioinfinitagoya.com.ar\/v1\/2025\/10\/28\/goya-sera-sede-del-xvi-encuentro-de-armadores-de-cigarros-y-puros\/","og_site_name":"Radio Infinita Goya","article_publisher":"https:\/\/www.facebook.com\/p\/Infinita-Goya-100063870918311\/","article_published_time":"2025-10-28T19:30:31+00:00","og_image":[{"width":1080,"height":1332,"url":"https:\/\/radioinfinitagoya.com.ar\/v1\/wp-content\/uploads\/2025\/10\/descarga-7-1.jpg","type":"image\/jpeg"}],"author":"Jorge Mi\u00f1o","twitter_card":"summary_large_image","twitter_misc":{"Escrito por":"Jorge Mi\u00f1o","Tiempo de lectura":"4 minutos"},"schema":{"@context":"https:\/\/schema.org","@graph":[{"@type":"Article","@id":"https:\/\/radioinfinitagoya.com.ar\/v1\/2025\/10\/28\/goya-sera-sede-del-xvi-encuentro-de-armadores-de-cigarros-y-puros\/#article","isPartOf":{"@id":"https:\/\/radioinfinitagoya.com.ar\/v1\/2025\/10\/28\/goya-sera-sede-del-xvi-encuentro-de-armadores-de-cigarros-y-puros\/"},"author":{"name":"Jorge Mi\u00f1o","@id":"https:\/\/radioinfinitagoya.com.ar\/v1\/#\/schema\/person\/d4cf9c413d4f6edb24aabdccab49ca4a"},"headline":"Goya ser\u00e1 sede del XVI Encuentro de Armadores de Cigarros y Puros","datePublished":"2025-10-28T19:30:31+00:00","mainEntityOfPage":{"@id":"https:\/\/radioinfinitagoya.com.ar\/v1\/2025\/10\/28\/goya-sera-sede-del-xvi-encuentro-de-armadores-de-cigarros-y-puros\/"},"wordCount":697,"publisher":{"@id":"https:\/\/radioinfinitagoya.com.ar\/v1\/#organization"},"image":{"@id":"https:\/\/radioinfinitagoya.com.ar\/v1\/2025\/10\/28\/goya-sera-sede-del-xvi-encuentro-de-armadores-de-cigarros-y-puros\/#primaryimage"},"thumbnailUrl":"https:\/\/radioinfinitagoya.com.ar\/v1\/wp-content\/uploads\/2025\/10\/descarga-7-1.jpg","articleSection":["LOCALES"],"inLanguage":"es-AR"},{"@type":"WebPage","@id":"https:\/\/radioinfinitagoya.com.ar\/v1\/2025\/10\/28\/goya-sera-sede-del-xvi-encuentro-de-armadores-de-cigarros-y-puros\/","url":"https:\/\/radioinfinitagoya.com.ar\/v1\/2025\/10\/28\/goya-sera-sede-del-xvi-encuentro-de-armadores-de-cigarros-y-puros\/","name":"Goya ser\u00e1 sede del XVI Encuentro de Armadores de Cigarros y Puros - Radio Infinita Goya","isPartOf":{"@id":"https:\/\/radioinfinitagoya.com.ar\/v1\/#website"},"primaryImageOfPage":{"@id":"https:\/\/radioinfinitagoya.com.ar\/v1\/2025\/10\/28\/goya-sera-sede-del-xvi-encuentro-de-armadores-de-cigarros-y-puros\/#primaryimage"},"image":{"@id":"https:\/\/radioinfinitagoya.com.ar\/v1\/2025\/10\/28\/goya-sera-sede-del-xvi-encuentro-de-armadores-de-cigarros-y-puros\/#primaryimage"},"thumbnailUrl":"https:\/\/radioinfinitagoya.com.ar\/v1\/wp-content\/uploads\/2025\/10\/descarga-7-1.jpg","datePublished":"2025-10-28T19:30:31+00:00","description":"La XVI edici\u00f3n del Encuentro de Armadores de Cigarros y Puros, a realizarse del 20 al 22 de noviembre pr\u00f3ximo en predio Costa Surub\u00ed, est\u00e1 a la vuelta de","breadcrumb":{"@id":"https:\/\/radioinfinitagoya.com.ar\/v1\/2025\/10\/28\/goya-sera-sede-del-xvi-encuentro-de-armadores-de-cigarros-y-puros\/#breadcrumb"},"inLanguage":"es-AR","potentialAction":[{"@type":"ReadAction","target":["https:\/\/radioinfinitagoya.com.ar\/v1\/2025\/10\/28\/goya-sera-sede-del-xvi-encuentro-de-armadores-de-cigarros-y-puros\/"]}]},{"@type":"ImageObject","inLanguage":"es-AR","@id":"https:\/\/radioinfinitagoya.com.ar\/v1\/2025\/10\/28\/goya-sera-sede-del-xvi-encuentro-de-armadores-de-cigarros-y-puros\/#primaryimage","url":"https:\/\/radioinfinitagoya.com.ar\/v1\/wp-content\/uploads\/2025\/10\/descarga-7-1.jpg","contentUrl":"https:\/\/radioinfinitagoya.com.ar\/v1\/wp-content\/uploads\/2025\/10\/descarga-7-1.jpg","width":1080,"height":1332},{"@type":"BreadcrumbList","@id":"https:\/\/radioinfinitagoya.com.ar\/v1\/2025\/10\/28\/goya-sera-sede-del-xvi-encuentro-de-armadores-de-cigarros-y-puros\/#breadcrumb","itemListElement":[{"@type":"ListItem","position":1,"name":"Inicio","item":"https:\/\/radioinfinitagoya.com.ar\/v1\/"},{"@type":"ListItem","position":2,"name":"Goya ser\u00e1 sede del XVI Encuentro de Armadores de Cigarros y Puros"}]},{"@type":"WebSite","@id":"https:\/\/radioinfinitagoya.com.ar\/v1\/#website","url":"https:\/\/radioinfinitagoya.com.ar\/v1\/","name":"radioinfinitagoya.com.ar","description":"Radio de noticias","publisher":{"@id":"https:\/\/radioinfinitagoya.com.ar\/v1\/#organization"},"potentialAction":[{"@type":"SearchAction","target":{"@type":"EntryPoint","urlTemplate":"https:\/\/radioinfinitagoya.com.ar\/v1\/?s={search_term_string}"},"query-input":{"@type":"PropertyValueSpecification","valueRequired":true,"valueName":"search_term_string"}}],"inLanguage":"es-AR"},{"@type":"Organization","@id":"https:\/\/radioinfinitagoya.com.ar\/v1\/#organization","name":"Radio Infinita Goya","url":"https:\/\/radioinfinitagoya.com.ar\/v1\/","logo":{"@type":"ImageObject","inLanguage":"es-AR","@id":"https:\/\/radioinfinitagoya.com.ar\/v1\/#\/schema\/logo\/image\/","url":"https:\/\/radioinfinitagoya.com.ar\/v1\/wp-content\/uploads\/2019\/11\/logo-pie-web.png","contentUrl":"https:\/\/radioinfinitagoya.com.ar\/v1\/wp-content\/uploads\/2019\/11\/logo-pie-web.png","width":635,"height":326,"caption":"Radio Infinita Goya"},"image":{"@id":"https:\/\/radioinfinitagoya.com.ar\/v1\/#\/schema\/logo\/image\/"},"sameAs":["https:\/\/www.facebook.com\/p\/Infinita-Goya-100063870918311\/"]},{"@type":"Person","@id":"https:\/\/radioinfinitagoya.com.ar\/v1\/#\/schema\/person\/d4cf9c413d4f6edb24aabdccab49ca4a","name":"Jorge Mi\u00f1o","image":{"@type":"ImageObject","inLanguage":"es-AR","@id":"https:\/\/secure.gravatar.com\/avatar\/910fcf6728fe95320e07a6643c1581fec1c7fc4bf8ae12e3d8f0d0373dc844be?s=96&d=mm&r=g","url":"https:\/\/secure.gravatar.com\/avatar\/910fcf6728fe95320e07a6643c1581fec1c7fc4bf8ae12e3d8f0d0373dc844be?s=96&d=mm&r=g","contentUrl":"https:\/\/secure.gravatar.com\/avatar\/910fcf6728fe95320e07a6643c1581fec1c7fc4bf8ae12e3d8f0d0373dc844be?s=96&d=mm&r=g","caption":"Jorge Mi\u00f1o"},"sameAs":["http:\/\/radioinfinitagoya.com.ar"]}]}},"_links":{"self":[{"href":"https:\/\/radioinfinitagoya.com.ar\/v1\/wp-json\/wp\/v2\/posts\/198378","targetHints":{"allow":["GET"]}}],"collection":[{"href":"https:\/\/radioinfinitagoya.com.ar\/v1\/wp-json\/wp\/v2\/posts"}],"about":[{"href":"https:\/\/radioinfinitagoya.com.ar\/v1\/wp-json\/wp\/v2\/types\/post"}],"author":[{"embeddable":true,"href":"https:\/\/radioinfinitagoya.com.ar\/v1\/wp-json\/wp\/v2\/users\/4"}],"replies":[{"embeddable":true,"href":"https:\/\/radioinfinitagoya.com.ar\/v1\/wp-json\/wp\/v2\/comments?post=198378"}],"version-history":[{"count":0,"href":"https:\/\/radioinfinitagoya.com.ar\/v1\/wp-json\/wp\/v2\/posts\/198378\/revisions"}],"wp:featuredmedia":[{"embeddable":true,"href":"https:\/\/radioinfinitagoya.com.ar\/v1\/wp-json\/wp\/v2\/media\/198379"}],"wp:attachment":[{"href":"https:\/\/radioinfinitagoya.com.ar\/v1\/wp-json\/wp\/v2\/media?parent=198378"}],"wp:term":[{"taxonomy":"category","embeddable":true,"href":"https:\/\/radioinfinitagoya.com.ar\/v1\/wp-json\/wp\/v2\/categories?post=198378"},{"taxonomy":"post_tag","embeddable":true,"href":"https:\/\/radioinfinitagoya.com.ar\/v1\/wp-json\/wp\/v2\/tags?post=198378"}],"curies":[{"name":"wp","href":"https:\/\/api.w.org\/{rel}","templated":true}]}}