{"id":198390,"date":"2025-10-28T18:16:14","date_gmt":"2025-10-28T21:16:14","guid":{"rendered":"https:\/\/radioinfinitagoya.com.ar\/v1\/?p=198390"},"modified":"2025-10-28T18:16:14","modified_gmt":"2025-10-28T21:16:14","slug":"javier-milei-le-tomo-juramento-a-pablo-quirno-como-nuevo-canciller","status":"publish","type":"post","link":"https:\/\/radioinfinitagoya.com.ar\/v1\/2025\/10\/28\/javier-milei-le-tomo-juramento-a-pablo-quirno-como-nuevo-canciller\/","title":{"rendered":"Javier Milei le tom\u00f3 juramento a Pablo Quirno como nuevo Canciller"},"content":{"rendered":"<p>El presidente dej\u00f3 en funciones al nuevo ministro de Relaciones Exteriores en Casa Rosada, luego de la salida de Gerardo Werthein<\/p>\n<p>El canciller Pablo Quirno asumi\u00f3 formalmente sus nuevas funciones, luego de que el presidente Javier Milei le tomara juramento en la tarde de este martes 28 de octubre, en Casa Rosada. El ministro de Relaciones Exteriores viene de desempe\u00f1arse como Secretario de Finanzas en el ministerio de Econom\u00eda y ahora, en su nuevo rol, tendr\u00e1 a cargo el manejo de la pol\u00edtica exterior argentina.<\/p>\n<p>El acto se llev\u00f3 adelante en el Sal\u00f3n Blanco de la Casa de Gobierno y estuvo encabezado por el jefe de Estado y los miembros del gabinete nacional.<\/p>\n<p>La jura de Quirno marc\u00f3 la primera modificaci\u00f3n formal en el equipo de gobierno tras el triunfo de La Libertad Avanza en las elecciones legislativas.<\/p>\n<p>La designaci\u00f3n de Quirno lleg\u00f3 luego de la renuncia de Gerardo Werthein, quien dej\u00f3 el cargo en la semana previa a los comicios, en medio de diferencias internas en el Gobierno. Antes de su salida, Quirno realiz\u00f3 su \u00faltima gesti\u00f3n en Finanzas al anunciar la apertura de una licitaci\u00f3n de instrumentos del Tesoro Nacional, tanto en pesos como en d\u00f3lares. La Oficina del Presidente hab\u00eda confirmado su nuevo rol antes de los comicios.<\/p>\n<p>A pesar de que varios ministros ya anticiparon que podr\u00eda ejercer nuevos roles en la gesti\u00f3n nacional, el presidente Milei no ha oficializado ninguna otra salida. En la sede de gobierno, Balcarce 50, se sostiene que la estrategia es esperar hasta fin de a\u00f1o para concretar los movimientos pendientes. Entre los casos m\u00e1s notorios se encuentra el del ministro de Justicia, Mariano C\u00faneo Libarona, quien hab\u00eda adelantado que la medida se har\u00eda efectiva a partir del lunes siguiente. Sin embargo, la renuncia no fue formalizada en el Bolet\u00edn Oficial y, seg\u00fan el entorno presidencial, \u201ctodav\u00eda no present\u00f3 ninguna renuncia\u201d, lo que pone en duda su salida.<\/p>\n<p>Durante el domingo electoral, en el b\u00fanker de La Libertad Avanza en el Hotel Libertador, C\u00faneo Libarona fue consultado en reiteradas ocasiones por otros miembros del Gobierno sobre su futuro. El funcionario respondi\u00f3 que su continuidad depend\u00eda exclusivamente de la decisi\u00f3n de Milei. En declaraciones previas, el ministro expres\u00f3: \u201cMe voy muy feliz. Dej\u00e9 la vida en la gesti\u00f3n. M\u00e1s que por la salud, es por la necesidad de recuperar mis afectos. De ac\u00e1 en adelante voy a ayudar gratis en lo que el Gobierno precise\u201d.<\/p>\n<p>La situaci\u00f3n de los ministros de Defensa y Seguridad tambi\u00e9n permanece indefinida. Luis Petri y Patricia Bullrich, recientemente electos diputado por Mendoza y senadora por la ciudad de Buenos Aires, respectivamente, tampoco han oficializado sus renuncias. En el caso de Bullrich, est\u00e1 previsto que se re\u00fana este martes con el Presidente para discutir la sucesi\u00f3n en la cartera de Seguridad, considerada clave por el Ejecutivo. Aunque han circulado varios nombres para reemplazarla, Bullrich sigue proponiendo a su secretaria de Seguridad, Alejandra Monteoliva. Fuentes cercanas a la ministra aseguraron: \u201cLo que s\u00ed est\u00e1 claro, es que no importa qui\u00e9n llegue, se va a mantener la misma doctrina. No va a haber piquetes y el que las hace, las paga\u201d.<\/p>\n<p>En paralelo, se intensifican las versiones que ubican a Bullrich como posible presidenta provisional del Senado, con el objetivo de equilibrar la influencia de Victoria Villarruel en la C\u00e1mara alta. Mientras tanto, el presidente Milei mantiene la intenci\u00f3n de reestructurar su administraci\u00f3n para fortalecer el poder y sumar apoyos que faciliten la aprobaci\u00f3n de las reformas previstas. No obstante, las autoridades nacionales insisten en que las decisiones se tomar\u00e1n m\u00e1s adelante, una vez que cambie la composici\u00f3n del Congreso.<\/p>\n<p>El propio Milei explic\u00f3 en una entrevista que el proceso de cambios se ir\u00e1 definiendo en funci\u00f3n del avance del segundo tramo de su mandato: \u201cA ver, esto es un proceso que se va madurando de cara a lo que es el segundo tramo del mandato. El segundo tramo del mandato estrictamente empieza el 11 de diciembre, cuando cambie la composici\u00f3n del Congreso. As\u00ed es que es un proceso, en el cual yo ir\u00e9 dialogando con las distintas personas que yo creo que son la estructura \u00f3ptima para avanzar en esta agenda\u201d.<\/p>\n<p>&nbsp;<\/p>\n","protected":false},"excerpt":{"rendered":"<p>El presidente dej\u00f3 en funciones al nuevo ministro de Relaciones Exteriores en Casa Rosada, luego de la salida de Gerardo Werthein El canciller Pablo Quirno asumi\u00f3 formalmente sus nuevas funciones, luego de que el presidente Javier Milei le tomara juramento en la tarde de este martes 28 de octubre, en Casa Rosada. El ministro de [&hellip;]<\/p>\n","protected":false},"author":4,"featured_media":198391,"comment_status":"closed","ping_status":"closed","sticky":false,"template":"","format":"standard","meta":{"_joinchat":[],"footnotes":""},"categories":[25],"tags":[],"class_list":{"0":"post-198390","1":"post","2":"type-post","3":"status-publish","4":"format-standard","5":"has-post-thumbnail","7":"category-destacados"},"yoast_head":"<!-- This site is optimized with the Yoast SEO plugin v27.2 - https:\/\/yoast.com\/product\/yoast-seo-wordpress\/ -->\n<title>Javier Milei le tom\u00f3 juramento a Pablo Quirno como nuevo Canciller - Radio Infinita Goya<\/title>\n<meta name=\"description\" content=\"El presidente dej\u00f3 en funciones al nuevo ministro de Relaciones Exteriores en Casa Rosada, luego de la salida de Gerardo Werthein El canciller Pablo\" \/>\n<meta name=\"robots\" content=\"index, follow, max-snippet:-1, max-image-preview:large, max-video-preview:-1\" \/>\n<link rel=\"canonical\" href=\"https:\/\/radioinfinitagoya.com.ar\/v1\/2025\/10\/28\/javier-milei-le-tomo-juramento-a-pablo-quirno-como-nuevo-canciller\/\" \/>\n<meta property=\"og:locale\" content=\"es_ES\" \/>\n<meta property=\"og:type\" content=\"article\" \/>\n<meta property=\"og:title\" content=\"Javier Milei le tom\u00f3 juramento a Pablo Quirno como nuevo Canciller - Radio Infinita Goya\" \/>\n<meta property=\"og:description\" content=\"El presidente dej\u00f3 en funciones al nuevo ministro de Relaciones Exteriores en Casa Rosada, luego de la salida de Gerardo Werthein El canciller Pablo\" \/>\n<meta property=\"og:url\" content=\"https:\/\/radioinfinitagoya.com.ar\/v1\/2025\/10\/28\/javier-milei-le-tomo-juramento-a-pablo-quirno-como-nuevo-canciller\/\" \/>\n<meta property=\"og:site_name\" content=\"Radio Infinita Goya\" \/>\n<meta property=\"article:publisher\" content=\"https:\/\/www.facebook.com\/p\/Infinita-Goya-100063870918311\/\" \/>\n<meta property=\"article:published_time\" content=\"2025-10-28T21:16:14+00:00\" \/>\n<meta property=\"og:image\" content=\"https:\/\/radioinfinitagoya.com.ar\/v1\/wp-content\/uploads\/2025\/10\/BqZRRGO9.jpg\" \/>\n\t<meta property=\"og:image:width\" content=\"680\" \/>\n\t<meta property=\"og:image:height\" content=\"383\" \/>\n\t<meta property=\"og:image:type\" content=\"image\/jpeg\" \/>\n<meta name=\"author\" content=\"Jorge Mi\u00f1o\" \/>\n<meta name=\"twitter:card\" content=\"summary_large_image\" \/>\n<meta name=\"twitter:label1\" content=\"Escrito por\" \/>\n\t<meta name=\"twitter:data1\" content=\"Jorge Mi\u00f1o\" \/>\n\t<meta name=\"twitter:label2\" content=\"Tiempo de lectura\" \/>\n\t<meta name=\"twitter:data2\" content=\"4 minutos\" \/>\n<script type=\"application\/ld+json\" class=\"yoast-schema-graph\">{\"@context\":\"https:\/\/schema.org\",\"@graph\":[{\"@type\":\"Article\",\"@id\":\"https:\/\/radioinfinitagoya.com.ar\/v1\/2025\/10\/28\/javier-milei-le-tomo-juramento-a-pablo-quirno-como-nuevo-canciller\/#article\",\"isPartOf\":{\"@id\":\"https:\/\/radioinfinitagoya.com.ar\/v1\/2025\/10\/28\/javier-milei-le-tomo-juramento-a-pablo-quirno-como-nuevo-canciller\/\"},\"author\":{\"name\":\"Jorge Mi\u00f1o\",\"@id\":\"https:\/\/radioinfinitagoya.com.ar\/v1\/#\/schema\/person\/d4cf9c413d4f6edb24aabdccab49ca4a\"},\"headline\":\"Javier Milei le tom\u00f3 juramento a Pablo Quirno como nuevo Canciller\",\"datePublished\":\"2025-10-28T21:16:14+00:00\",\"mainEntityOfPage\":{\"@id\":\"https:\/\/radioinfinitagoya.com.ar\/v1\/2025\/10\/28\/javier-milei-le-tomo-juramento-a-pablo-quirno-como-nuevo-canciller\/\"},\"wordCount\":741,\"publisher\":{\"@id\":\"https:\/\/radioinfinitagoya.com.ar\/v1\/#organization\"},\"image\":{\"@id\":\"https:\/\/radioinfinitagoya.com.ar\/v1\/2025\/10\/28\/javier-milei-le-tomo-juramento-a-pablo-quirno-como-nuevo-canciller\/#primaryimage\"},\"thumbnailUrl\":\"https:\/\/radioinfinitagoya.com.ar\/v1\/wp-content\/uploads\/2025\/10\/BqZRRGO9.jpg\",\"articleSection\":[\"DESTACADOS\"],\"inLanguage\":\"es-AR\"},{\"@type\":\"WebPage\",\"@id\":\"https:\/\/radioinfinitagoya.com.ar\/v1\/2025\/10\/28\/javier-milei-le-tomo-juramento-a-pablo-quirno-como-nuevo-canciller\/\",\"url\":\"https:\/\/radioinfinitagoya.com.ar\/v1\/2025\/10\/28\/javier-milei-le-tomo-juramento-a-pablo-quirno-como-nuevo-canciller\/\",\"name\":\"Javier Milei le tom\u00f3 juramento a Pablo Quirno como nuevo Canciller - Radio Infinita Goya\",\"isPartOf\":{\"@id\":\"https:\/\/radioinfinitagoya.com.ar\/v1\/#website\"},\"primaryImageOfPage\":{\"@id\":\"https:\/\/radioinfinitagoya.com.ar\/v1\/2025\/10\/28\/javier-milei-le-tomo-juramento-a-pablo-quirno-como-nuevo-canciller\/#primaryimage\"},\"image\":{\"@id\":\"https:\/\/radioinfinitagoya.com.ar\/v1\/2025\/10\/28\/javier-milei-le-tomo-juramento-a-pablo-quirno-como-nuevo-canciller\/#primaryimage\"},\"thumbnailUrl\":\"https:\/\/radioinfinitagoya.com.ar\/v1\/wp-content\/uploads\/2025\/10\/BqZRRGO9.jpg\",\"datePublished\":\"2025-10-28T21:16:14+00:00\",\"description\":\"El presidente dej\u00f3 en funciones al nuevo ministro de Relaciones Exteriores en Casa Rosada, luego de la salida de Gerardo Werthein El canciller Pablo\",\"breadcrumb\":{\"@id\":\"https:\/\/radioinfinitagoya.com.ar\/v1\/2025\/10\/28\/javier-milei-le-tomo-juramento-a-pablo-quirno-como-nuevo-canciller\/#breadcrumb\"},\"inLanguage\":\"es-AR\",\"potentialAction\":[{\"@type\":\"ReadAction\",\"target\":[\"https:\/\/radioinfinitagoya.com.ar\/v1\/2025\/10\/28\/javier-milei-le-tomo-juramento-a-pablo-quirno-como-nuevo-canciller\/\"]}]},{\"@type\":\"ImageObject\",\"inLanguage\":\"es-AR\",\"@id\":\"https:\/\/radioinfinitagoya.com.ar\/v1\/2025\/10\/28\/javier-milei-le-tomo-juramento-a-pablo-quirno-como-nuevo-canciller\/#primaryimage\",\"url\":\"https:\/\/radioinfinitagoya.com.ar\/v1\/wp-content\/uploads\/2025\/10\/BqZRRGO9.jpg\",\"contentUrl\":\"https:\/\/radioinfinitagoya.com.ar\/v1\/wp-content\/uploads\/2025\/10\/BqZRRGO9.jpg\",\"width\":680,\"height\":383},{\"@type\":\"BreadcrumbList\",\"@id\":\"https:\/\/radioinfinitagoya.com.ar\/v1\/2025\/10\/28\/javier-milei-le-tomo-juramento-a-pablo-quirno-como-nuevo-canciller\/#breadcrumb\",\"itemListElement\":[{\"@type\":\"ListItem\",\"position\":1,\"name\":\"Inicio\",\"item\":\"https:\/\/radioinfinitagoya.com.ar\/v1\/\"},{\"@type\":\"ListItem\",\"position\":2,\"name\":\"Javier Milei le tom\u00f3 juramento a Pablo Quirno como nuevo Canciller\"}]},{\"@type\":\"WebSite\",\"@id\":\"https:\/\/radioinfinitagoya.com.ar\/v1\/#website\",\"url\":\"https:\/\/radioinfinitagoya.com.ar\/v1\/\",\"name\":\"radioinfinitagoya.com.ar\",\"description\":\"Radio de noticias\",\"publisher\":{\"@id\":\"https:\/\/radioinfinitagoya.com.ar\/v1\/#organization\"},\"potentialAction\":[{\"@type\":\"SearchAction\",\"target\":{\"@type\":\"EntryPoint\",\"urlTemplate\":\"https:\/\/radioinfinitagoya.com.ar\/v1\/?s={search_term_string}\"},\"query-input\":{\"@type\":\"PropertyValueSpecification\",\"valueRequired\":true,\"valueName\":\"search_term_string\"}}],\"inLanguage\":\"es-AR\"},{\"@type\":\"Organization\",\"@id\":\"https:\/\/radioinfinitagoya.com.ar\/v1\/#organization\",\"name\":\"Radio Infinita Goya\",\"url\":\"https:\/\/radioinfinitagoya.com.ar\/v1\/\",\"logo\":{\"@type\":\"ImageObject\",\"inLanguage\":\"es-AR\",\"@id\":\"https:\/\/radioinfinitagoya.com.ar\/v1\/#\/schema\/logo\/image\/\",\"url\":\"https:\/\/radioinfinitagoya.com.ar\/v1\/wp-content\/uploads\/2019\/11\/logo-pie-web.png\",\"contentUrl\":\"https:\/\/radioinfinitagoya.com.ar\/v1\/wp-content\/uploads\/2019\/11\/logo-pie-web.png\",\"width\":635,\"height\":326,\"caption\":\"Radio Infinita Goya\"},\"image\":{\"@id\":\"https:\/\/radioinfinitagoya.com.ar\/v1\/#\/schema\/logo\/image\/\"},\"sameAs\":[\"https:\/\/www.facebook.com\/p\/Infinita-Goya-100063870918311\/\"]},{\"@type\":\"Person\",\"@id\":\"https:\/\/radioinfinitagoya.com.ar\/v1\/#\/schema\/person\/d4cf9c413d4f6edb24aabdccab49ca4a\",\"name\":\"Jorge Mi\u00f1o\",\"image\":{\"@type\":\"ImageObject\",\"inLanguage\":\"es-AR\",\"@id\":\"https:\/\/secure.gravatar.com\/avatar\/910fcf6728fe95320e07a6643c1581fec1c7fc4bf8ae12e3d8f0d0373dc844be?s=96&d=mm&r=g\",\"url\":\"https:\/\/secure.gravatar.com\/avatar\/910fcf6728fe95320e07a6643c1581fec1c7fc4bf8ae12e3d8f0d0373dc844be?s=96&d=mm&r=g\",\"contentUrl\":\"https:\/\/secure.gravatar.com\/avatar\/910fcf6728fe95320e07a6643c1581fec1c7fc4bf8ae12e3d8f0d0373dc844be?s=96&d=mm&r=g\",\"caption\":\"Jorge Mi\u00f1o\"},\"sameAs\":[\"http:\/\/radioinfinitagoya.com.ar\"]}]}<\/script>\n<!-- \/ Yoast SEO plugin. -->","yoast_head_json":{"title":"Javier Milei le tom\u00f3 juramento a Pablo Quirno como nuevo Canciller - Radio Infinita Goya","description":"El presidente dej\u00f3 en funciones al nuevo ministro de Relaciones Exteriores en Casa Rosada, luego de la salida de Gerardo Werthein El canciller Pablo","robots":{"index":"index","follow":"follow","max-snippet":"max-snippet:-1","max-image-preview":"max-image-preview:large","max-video-preview":"max-video-preview:-1"},"canonical":"https:\/\/radioinfinitagoya.com.ar\/v1\/2025\/10\/28\/javier-milei-le-tomo-juramento-a-pablo-quirno-como-nuevo-canciller\/","og_locale":"es_ES","og_type":"article","og_title":"Javier Milei le tom\u00f3 juramento a Pablo Quirno como nuevo Canciller - Radio Infinita Goya","og_description":"El presidente dej\u00f3 en funciones al nuevo ministro de Relaciones Exteriores en Casa Rosada, luego de la salida de Gerardo Werthein El canciller Pablo","og_url":"https:\/\/radioinfinitagoya.com.ar\/v1\/2025\/10\/28\/javier-milei-le-tomo-juramento-a-pablo-quirno-como-nuevo-canciller\/","og_site_name":"Radio Infinita Goya","article_publisher":"https:\/\/www.facebook.com\/p\/Infinita-Goya-100063870918311\/","article_published_time":"2025-10-28T21:16:14+00:00","og_image":[{"width":680,"height":383,"url":"https:\/\/radioinfinitagoya.com.ar\/v1\/wp-content\/uploads\/2025\/10\/BqZRRGO9.jpg","type":"image\/jpeg"}],"author":"Jorge Mi\u00f1o","twitter_card":"summary_large_image","twitter_misc":{"Escrito por":"Jorge Mi\u00f1o","Tiempo de lectura":"4 minutos"},"schema":{"@context":"https:\/\/schema.org","@graph":[{"@type":"Article","@id":"https:\/\/radioinfinitagoya.com.ar\/v1\/2025\/10\/28\/javier-milei-le-tomo-juramento-a-pablo-quirno-como-nuevo-canciller\/#article","isPartOf":{"@id":"https:\/\/radioinfinitagoya.com.ar\/v1\/2025\/10\/28\/javier-milei-le-tomo-juramento-a-pablo-quirno-como-nuevo-canciller\/"},"author":{"name":"Jorge Mi\u00f1o","@id":"https:\/\/radioinfinitagoya.com.ar\/v1\/#\/schema\/person\/d4cf9c413d4f6edb24aabdccab49ca4a"},"headline":"Javier Milei le tom\u00f3 juramento a Pablo Quirno como nuevo Canciller","datePublished":"2025-10-28T21:16:14+00:00","mainEntityOfPage":{"@id":"https:\/\/radioinfinitagoya.com.ar\/v1\/2025\/10\/28\/javier-milei-le-tomo-juramento-a-pablo-quirno-como-nuevo-canciller\/"},"wordCount":741,"publisher":{"@id":"https:\/\/radioinfinitagoya.com.ar\/v1\/#organization"},"image":{"@id":"https:\/\/radioinfinitagoya.com.ar\/v1\/2025\/10\/28\/javier-milei-le-tomo-juramento-a-pablo-quirno-como-nuevo-canciller\/#primaryimage"},"thumbnailUrl":"https:\/\/radioinfinitagoya.com.ar\/v1\/wp-content\/uploads\/2025\/10\/BqZRRGO9.jpg","articleSection":["DESTACADOS"],"inLanguage":"es-AR"},{"@type":"WebPage","@id":"https:\/\/radioinfinitagoya.com.ar\/v1\/2025\/10\/28\/javier-milei-le-tomo-juramento-a-pablo-quirno-como-nuevo-canciller\/","url":"https:\/\/radioinfinitagoya.com.ar\/v1\/2025\/10\/28\/javier-milei-le-tomo-juramento-a-pablo-quirno-como-nuevo-canciller\/","name":"Javier Milei le tom\u00f3 juramento a Pablo Quirno como nuevo Canciller - Radio Infinita Goya","isPartOf":{"@id":"https:\/\/radioinfinitagoya.com.ar\/v1\/#website"},"primaryImageOfPage":{"@id":"https:\/\/radioinfinitagoya.com.ar\/v1\/2025\/10\/28\/javier-milei-le-tomo-juramento-a-pablo-quirno-como-nuevo-canciller\/#primaryimage"},"image":{"@id":"https:\/\/radioinfinitagoya.com.ar\/v1\/2025\/10\/28\/javier-milei-le-tomo-juramento-a-pablo-quirno-como-nuevo-canciller\/#primaryimage"},"thumbnailUrl":"https:\/\/radioinfinitagoya.com.ar\/v1\/wp-content\/uploads\/2025\/10\/BqZRRGO9.jpg","datePublished":"2025-10-28T21:16:14+00:00","description":"El presidente dej\u00f3 en funciones al nuevo ministro de Relaciones Exteriores en Casa Rosada, luego de la salida de Gerardo Werthein El canciller Pablo","breadcrumb":{"@id":"https:\/\/radioinfinitagoya.com.ar\/v1\/2025\/10\/28\/javier-milei-le-tomo-juramento-a-pablo-quirno-como-nuevo-canciller\/#breadcrumb"},"inLanguage":"es-AR","potentialAction":[{"@type":"ReadAction","target":["https:\/\/radioinfinitagoya.com.ar\/v1\/2025\/10\/28\/javier-milei-le-tomo-juramento-a-pablo-quirno-como-nuevo-canciller\/"]}]},{"@type":"ImageObject","inLanguage":"es-AR","@id":"https:\/\/radioinfinitagoya.com.ar\/v1\/2025\/10\/28\/javier-milei-le-tomo-juramento-a-pablo-quirno-como-nuevo-canciller\/#primaryimage","url":"https:\/\/radioinfinitagoya.com.ar\/v1\/wp-content\/uploads\/2025\/10\/BqZRRGO9.jpg","contentUrl":"https:\/\/radioinfinitagoya.com.ar\/v1\/wp-content\/uploads\/2025\/10\/BqZRRGO9.jpg","width":680,"height":383},{"@type":"BreadcrumbList","@id":"https:\/\/radioinfinitagoya.com.ar\/v1\/2025\/10\/28\/javier-milei-le-tomo-juramento-a-pablo-quirno-como-nuevo-canciller\/#breadcrumb","itemListElement":[{"@type":"ListItem","position":1,"name":"Inicio","item":"https:\/\/radioinfinitagoya.com.ar\/v1\/"},{"@type":"ListItem","position":2,"name":"Javier Milei le tom\u00f3 juramento a Pablo Quirno como nuevo Canciller"}]},{"@type":"WebSite","@id":"https:\/\/radioinfinitagoya.com.ar\/v1\/#website","url":"https:\/\/radioinfinitagoya.com.ar\/v1\/","name":"radioinfinitagoya.com.ar","description":"Radio de noticias","publisher":{"@id":"https:\/\/radioinfinitagoya.com.ar\/v1\/#organization"},"potentialAction":[{"@type":"SearchAction","target":{"@type":"EntryPoint","urlTemplate":"https:\/\/radioinfinitagoya.com.ar\/v1\/?s={search_term_string}"},"query-input":{"@type":"PropertyValueSpecification","valueRequired":true,"valueName":"search_term_string"}}],"inLanguage":"es-AR"},{"@type":"Organization","@id":"https:\/\/radioinfinitagoya.com.ar\/v1\/#organization","name":"Radio Infinita Goya","url":"https:\/\/radioinfinitagoya.com.ar\/v1\/","logo":{"@type":"ImageObject","inLanguage":"es-AR","@id":"https:\/\/radioinfinitagoya.com.ar\/v1\/#\/schema\/logo\/image\/","url":"https:\/\/radioinfinitagoya.com.ar\/v1\/wp-content\/uploads\/2019\/11\/logo-pie-web.png","contentUrl":"https:\/\/radioinfinitagoya.com.ar\/v1\/wp-content\/uploads\/2019\/11\/logo-pie-web.png","width":635,"height":326,"caption":"Radio Infinita Goya"},"image":{"@id":"https:\/\/radioinfinitagoya.com.ar\/v1\/#\/schema\/logo\/image\/"},"sameAs":["https:\/\/www.facebook.com\/p\/Infinita-Goya-100063870918311\/"]},{"@type":"Person","@id":"https:\/\/radioinfinitagoya.com.ar\/v1\/#\/schema\/person\/d4cf9c413d4f6edb24aabdccab49ca4a","name":"Jorge Mi\u00f1o","image":{"@type":"ImageObject","inLanguage":"es-AR","@id":"https:\/\/secure.gravatar.com\/avatar\/910fcf6728fe95320e07a6643c1581fec1c7fc4bf8ae12e3d8f0d0373dc844be?s=96&d=mm&r=g","url":"https:\/\/secure.gravatar.com\/avatar\/910fcf6728fe95320e07a6643c1581fec1c7fc4bf8ae12e3d8f0d0373dc844be?s=96&d=mm&r=g","contentUrl":"https:\/\/secure.gravatar.com\/avatar\/910fcf6728fe95320e07a6643c1581fec1c7fc4bf8ae12e3d8f0d0373dc844be?s=96&d=mm&r=g","caption":"Jorge Mi\u00f1o"},"sameAs":["http:\/\/radioinfinitagoya.com.ar"]}]}},"_links":{"self":[{"href":"https:\/\/radioinfinitagoya.com.ar\/v1\/wp-json\/wp\/v2\/posts\/198390","targetHints":{"allow":["GET"]}}],"collection":[{"href":"https:\/\/radioinfinitagoya.com.ar\/v1\/wp-json\/wp\/v2\/posts"}],"about":[{"href":"https:\/\/radioinfinitagoya.com.ar\/v1\/wp-json\/wp\/v2\/types\/post"}],"author":[{"embeddable":true,"href":"https:\/\/radioinfinitagoya.com.ar\/v1\/wp-json\/wp\/v2\/users\/4"}],"replies":[{"embeddable":true,"href":"https:\/\/radioinfinitagoya.com.ar\/v1\/wp-json\/wp\/v2\/comments?post=198390"}],"version-history":[{"count":0,"href":"https:\/\/radioinfinitagoya.com.ar\/v1\/wp-json\/wp\/v2\/posts\/198390\/revisions"}],"wp:featuredmedia":[{"embeddable":true,"href":"https:\/\/radioinfinitagoya.com.ar\/v1\/wp-json\/wp\/v2\/media\/198391"}],"wp:attachment":[{"href":"https:\/\/radioinfinitagoya.com.ar\/v1\/wp-json\/wp\/v2\/media?parent=198390"}],"wp:term":[{"taxonomy":"category","embeddable":true,"href":"https:\/\/radioinfinitagoya.com.ar\/v1\/wp-json\/wp\/v2\/categories?post=198390"},{"taxonomy":"post_tag","embeddable":true,"href":"https:\/\/radioinfinitagoya.com.ar\/v1\/wp-json\/wp\/v2\/tags?post=198390"}],"curies":[{"name":"wp","href":"https:\/\/api.w.org\/{rel}","templated":true}]}}