{"id":198393,"date":"2025-10-29T16:01:17","date_gmt":"2025-10-29T19:01:17","guid":{"rendered":"https:\/\/radioinfinitagoya.com.ar\/v1\/?p=198393"},"modified":"2025-10-29T16:01:17","modified_gmt":"2025-10-29T19:01:17","slug":"inundaciones-en-corrientes-reunen-asistencia-para-las-familias-aisladas-en-zonas-rurales","status":"publish","type":"post","link":"https:\/\/radioinfinitagoya.com.ar\/v1\/2025\/10\/29\/inundaciones-en-corrientes-reunen-asistencia-para-las-familias-aisladas-en-zonas-rurales\/","title":{"rendered":"Inundaciones en Corrientes: re\u00fanen asistencia para las familias aisladas en zonas rurales"},"content":{"rendered":"<p>En di\u00e1logo con Hoja de Ruta, Omar Mart\u00ednez, vecino de Arroyo Pel\u00f3n, cont\u00f3 que hay al menos treinta familias aisladas en la zona de Empedrado Limpio y que todav\u00eda no recibieron asistencia oficial.<\/p>\n<p>La situaci\u00f3n en la cuarta secci\u00f3n de San Luis del Palmar contin\u00faa siendo cr\u00edtica por la crecida del Riachuelo. En di\u00e1logo con Hoja de Ruta, Omar Mart\u00ednez, vecino de Arroyo Pel\u00f3n, cont\u00f3 que hay al menos treinta familias aisladas en la zona de Empedrado Limpio y que todav\u00eda no recibieron asistencia oficial.<\/p>\n<p>&#8220;Estamos aislados, pero todav\u00eda el agua no lleg\u00f3 a las casas. Lo m\u00e1s cr\u00edtico es en Empedrado Limpio, donde hay unas treinta viviendas afectadas. El agua entr\u00f3 a las perforaciones y el agua potable sale con olor horrible. Por eso tuvimos que hacer una rifa para comprar agua\u201d, relat\u00f3.<\/p>\n<p>Mart\u00ednez explic\u00f3 que la iniciativa solidaria de los vecinos permiti\u00f3 reunir fondos r\u00e1pidamente: \u201cEn dos horas vendimos todo y ya conseguimos 160 botellas de agua. Hay gente que sigue donando mercader\u00eda, y este mediod\u00eda voy a viajar a Corrientes a buscar lo que se junt\u00f3\u201d.<\/p>\n<p>El paraje Capiity, donde vive Omar, est\u00e1 ubicado a unos 40 kil\u00f3metros de San Luis del Palmar, sobre la ruta 6 y cerca del cruce con la ruta 93. En esa zona tambi\u00e9n se encuentra una escuela rural que permanece cerrada desde hace d\u00edas.<\/p>\n<p>&#8220;No hay clases porque la escuela est\u00e1 bajo el agua. Hay luz el\u00e9ctrica hasta cierto punto, pero muchas casas est\u00e1n sin energ\u00eda\u201d, cont\u00f3.<\/p>\n<p>Mart\u00ednez, que vive en el lugar desde hace 49 a\u00f1os, asegur\u00f3 que no recuerda una situaci\u00f3n tan prolongada: \u201cHubo otras inundaciones, pero no as\u00ed. Desde agosto estamos as\u00ed, despu\u00e9s de la fiesta de San Luis empezaron las lluvias y ya no se pudo pasar m\u00e1s. Los animales ya no conocen pasto, viven comiendo hojas\u201d.<\/p>\n<p>Pese a la gravedad de la situaci\u00f3n, el vecino afirm\u00f3 que ning\u00fan organismo estatal se hizo presente hasta el momento: \u201cNo vino nadie. Ni la municipalidad, ni el gobierno, ni el ej\u00e9rcito. Nosotros no queremos politizar esto, pero hay gente que necesita agua y alimentos. Por ahora nos organizamos entre nosotros y con la ayuda de un comercio en Corrientes que nos da una mano\u201d.<\/p>\n<p>Las familias afectadas contin\u00faan recolectando donaciones de agua, alimentos y medicamentos. Quienes quieran colaborar pueden acercarse al local Polichapa, ubicado en avenida Independencia y Paul Groussac, en Corrientes capital, donde se est\u00e1n centralizando las ayudas. El contacto para donaciones es 3794 25-1816.<\/p>\n<p>&nbsp;<\/p>\n<p>&nbsp;<\/p>\n","protected":false},"excerpt":{"rendered":"<p>En di\u00e1logo con Hoja de Ruta, Omar Mart\u00ednez, vecino de Arroyo Pel\u00f3n, cont\u00f3 que hay al menos treinta familias aisladas en la zona de Empedrado Limpio y que todav\u00eda no recibieron asistencia oficial. La situaci\u00f3n en la cuarta secci\u00f3n de San Luis del Palmar contin\u00faa siendo cr\u00edtica por la crecida del Riachuelo. En di\u00e1logo con [&hellip;]<\/p>\n","protected":false},"author":4,"featured_media":198394,"comment_status":"closed","ping_status":"closed","sticky":false,"template":"","format":"standard","meta":{"_joinchat":[],"footnotes":""},"categories":[26],"tags":[],"class_list":{"0":"post-198393","1":"post","2":"type-post","3":"status-publish","4":"format-standard","5":"has-post-thumbnail","7":"category-provinciales"},"yoast_head":"<!-- This site is optimized with the Yoast SEO plugin v27.2 - https:\/\/yoast.com\/product\/yoast-seo-wordpress\/ -->\n<title>Inundaciones en Corrientes: re\u00fanen asistencia para las familias aisladas en zonas rurales - Radio Infinita Goya<\/title>\n<meta name=\"description\" content=\"En di\u00e1logo con Hoja de Ruta, Omar Mart\u00ednez, vecino de Arroyo Pel\u00f3n, cont\u00f3 que hay al menos treinta familias aisladas en la zona de Empedrado Limpio y que\" \/>\n<meta name=\"robots\" content=\"index, follow, max-snippet:-1, max-image-preview:large, max-video-preview:-1\" \/>\n<link rel=\"canonical\" href=\"https:\/\/radioinfinitagoya.com.ar\/v1\/2025\/10\/29\/inundaciones-en-corrientes-reunen-asistencia-para-las-familias-aisladas-en-zonas-rurales\/\" \/>\n<meta property=\"og:locale\" content=\"es_ES\" \/>\n<meta property=\"og:type\" content=\"article\" \/>\n<meta property=\"og:title\" content=\"Inundaciones en Corrientes: re\u00fanen asistencia para las familias aisladas en zonas rurales - Radio Infinita Goya\" \/>\n<meta property=\"og:description\" content=\"En di\u00e1logo con Hoja de Ruta, Omar Mart\u00ednez, vecino de Arroyo Pel\u00f3n, cont\u00f3 que hay al menos treinta familias aisladas en la zona de Empedrado Limpio y que\" \/>\n<meta property=\"og:url\" content=\"https:\/\/radioinfinitagoya.com.ar\/v1\/2025\/10\/29\/inundaciones-en-corrientes-reunen-asistencia-para-las-familias-aisladas-en-zonas-rurales\/\" \/>\n<meta property=\"og:site_name\" content=\"Radio Infinita Goya\" \/>\n<meta property=\"article:publisher\" content=\"https:\/\/www.facebook.com\/p\/Infinita-Goya-100063870918311\/\" \/>\n<meta property=\"article:published_time\" content=\"2025-10-29T19:01:17+00:00\" \/>\n<meta property=\"og:image\" content=\"https:\/\/radioinfinitagoya.com.ar\/v1\/wp-content\/uploads\/2025\/10\/1761750253410.webp\" \/>\n\t<meta property=\"og:image:width\" content=\"1200\" \/>\n\t<meta property=\"og:image:height\" content=\"675\" \/>\n\t<meta property=\"og:image:type\" content=\"image\/webp\" \/>\n<meta name=\"author\" content=\"Jorge Mi\u00f1o\" \/>\n<meta name=\"twitter:card\" content=\"summary_large_image\" \/>\n<meta name=\"twitter:label1\" content=\"Escrito por\" \/>\n\t<meta name=\"twitter:data1\" content=\"Jorge Mi\u00f1o\" \/>\n\t<meta name=\"twitter:label2\" content=\"Tiempo de lectura\" \/>\n\t<meta name=\"twitter:data2\" content=\"3 minutos\" \/>\n<script type=\"application\/ld+json\" class=\"yoast-schema-graph\">{\"@context\":\"https:\/\/schema.org\",\"@graph\":[{\"@type\":\"Article\",\"@id\":\"https:\/\/radioinfinitagoya.com.ar\/v1\/2025\/10\/29\/inundaciones-en-corrientes-reunen-asistencia-para-las-familias-aisladas-en-zonas-rurales\/#article\",\"isPartOf\":{\"@id\":\"https:\/\/radioinfinitagoya.com.ar\/v1\/2025\/10\/29\/inundaciones-en-corrientes-reunen-asistencia-para-las-familias-aisladas-en-zonas-rurales\/\"},\"author\":{\"name\":\"Jorge Mi\u00f1o\",\"@id\":\"https:\/\/radioinfinitagoya.com.ar\/v1\/#\/schema\/person\/d4cf9c413d4f6edb24aabdccab49ca4a\"},\"headline\":\"Inundaciones en Corrientes: re\u00fanen asistencia para las familias aisladas en zonas rurales\",\"datePublished\":\"2025-10-29T19:01:17+00:00\",\"mainEntityOfPage\":{\"@id\":\"https:\/\/radioinfinitagoya.com.ar\/v1\/2025\/10\/29\/inundaciones-en-corrientes-reunen-asistencia-para-las-familias-aisladas-en-zonas-rurales\/\"},\"wordCount\":451,\"publisher\":{\"@id\":\"https:\/\/radioinfinitagoya.com.ar\/v1\/#organization\"},\"image\":{\"@id\":\"https:\/\/radioinfinitagoya.com.ar\/v1\/2025\/10\/29\/inundaciones-en-corrientes-reunen-asistencia-para-las-familias-aisladas-en-zonas-rurales\/#primaryimage\"},\"thumbnailUrl\":\"https:\/\/radioinfinitagoya.com.ar\/v1\/wp-content\/uploads\/2025\/10\/1761750253410.webp\",\"articleSection\":[\"PROVINCIALES\"],\"inLanguage\":\"es-AR\"},{\"@type\":\"WebPage\",\"@id\":\"https:\/\/radioinfinitagoya.com.ar\/v1\/2025\/10\/29\/inundaciones-en-corrientes-reunen-asistencia-para-las-familias-aisladas-en-zonas-rurales\/\",\"url\":\"https:\/\/radioinfinitagoya.com.ar\/v1\/2025\/10\/29\/inundaciones-en-corrientes-reunen-asistencia-para-las-familias-aisladas-en-zonas-rurales\/\",\"name\":\"Inundaciones en Corrientes: re\u00fanen asistencia para las familias aisladas en zonas rurales - Radio Infinita Goya\",\"isPartOf\":{\"@id\":\"https:\/\/radioinfinitagoya.com.ar\/v1\/#website\"},\"primaryImageOfPage\":{\"@id\":\"https:\/\/radioinfinitagoya.com.ar\/v1\/2025\/10\/29\/inundaciones-en-corrientes-reunen-asistencia-para-las-familias-aisladas-en-zonas-rurales\/#primaryimage\"},\"image\":{\"@id\":\"https:\/\/radioinfinitagoya.com.ar\/v1\/2025\/10\/29\/inundaciones-en-corrientes-reunen-asistencia-para-las-familias-aisladas-en-zonas-rurales\/#primaryimage\"},\"thumbnailUrl\":\"https:\/\/radioinfinitagoya.com.ar\/v1\/wp-content\/uploads\/2025\/10\/1761750253410.webp\",\"datePublished\":\"2025-10-29T19:01:17+00:00\",\"description\":\"En di\u00e1logo con Hoja de Ruta, Omar Mart\u00ednez, vecino de Arroyo Pel\u00f3n, cont\u00f3 que hay al menos treinta familias aisladas en la zona de Empedrado Limpio y que\",\"breadcrumb\":{\"@id\":\"https:\/\/radioinfinitagoya.com.ar\/v1\/2025\/10\/29\/inundaciones-en-corrientes-reunen-asistencia-para-las-familias-aisladas-en-zonas-rurales\/#breadcrumb\"},\"inLanguage\":\"es-AR\",\"potentialAction\":[{\"@type\":\"ReadAction\",\"target\":[\"https:\/\/radioinfinitagoya.com.ar\/v1\/2025\/10\/29\/inundaciones-en-corrientes-reunen-asistencia-para-las-familias-aisladas-en-zonas-rurales\/\"]}]},{\"@type\":\"ImageObject\",\"inLanguage\":\"es-AR\",\"@id\":\"https:\/\/radioinfinitagoya.com.ar\/v1\/2025\/10\/29\/inundaciones-en-corrientes-reunen-asistencia-para-las-familias-aisladas-en-zonas-rurales\/#primaryimage\",\"url\":\"https:\/\/radioinfinitagoya.com.ar\/v1\/wp-content\/uploads\/2025\/10\/1761750253410.webp\",\"contentUrl\":\"https:\/\/radioinfinitagoya.com.ar\/v1\/wp-content\/uploads\/2025\/10\/1761750253410.webp\",\"width\":1200,\"height\":675},{\"@type\":\"BreadcrumbList\",\"@id\":\"https:\/\/radioinfinitagoya.com.ar\/v1\/2025\/10\/29\/inundaciones-en-corrientes-reunen-asistencia-para-las-familias-aisladas-en-zonas-rurales\/#breadcrumb\",\"itemListElement\":[{\"@type\":\"ListItem\",\"position\":1,\"name\":\"Inicio\",\"item\":\"https:\/\/radioinfinitagoya.com.ar\/v1\/\"},{\"@type\":\"ListItem\",\"position\":2,\"name\":\"Inundaciones en Corrientes: re\u00fanen asistencia para las familias aisladas en zonas rurales\"}]},{\"@type\":\"WebSite\",\"@id\":\"https:\/\/radioinfinitagoya.com.ar\/v1\/#website\",\"url\":\"https:\/\/radioinfinitagoya.com.ar\/v1\/\",\"name\":\"radioinfinitagoya.com.ar\",\"description\":\"Radio de noticias\",\"publisher\":{\"@id\":\"https:\/\/radioinfinitagoya.com.ar\/v1\/#organization\"},\"potentialAction\":[{\"@type\":\"SearchAction\",\"target\":{\"@type\":\"EntryPoint\",\"urlTemplate\":\"https:\/\/radioinfinitagoya.com.ar\/v1\/?s={search_term_string}\"},\"query-input\":{\"@type\":\"PropertyValueSpecification\",\"valueRequired\":true,\"valueName\":\"search_term_string\"}}],\"inLanguage\":\"es-AR\"},{\"@type\":\"Organization\",\"@id\":\"https:\/\/radioinfinitagoya.com.ar\/v1\/#organization\",\"name\":\"Radio Infinita Goya\",\"url\":\"https:\/\/radioinfinitagoya.com.ar\/v1\/\",\"logo\":{\"@type\":\"ImageObject\",\"inLanguage\":\"es-AR\",\"@id\":\"https:\/\/radioinfinitagoya.com.ar\/v1\/#\/schema\/logo\/image\/\",\"url\":\"https:\/\/radioinfinitagoya.com.ar\/v1\/wp-content\/uploads\/2019\/11\/logo-pie-web.png\",\"contentUrl\":\"https:\/\/radioinfinitagoya.com.ar\/v1\/wp-content\/uploads\/2019\/11\/logo-pie-web.png\",\"width\":635,\"height\":326,\"caption\":\"Radio Infinita Goya\"},\"image\":{\"@id\":\"https:\/\/radioinfinitagoya.com.ar\/v1\/#\/schema\/logo\/image\/\"},\"sameAs\":[\"https:\/\/www.facebook.com\/p\/Infinita-Goya-100063870918311\/\"]},{\"@type\":\"Person\",\"@id\":\"https:\/\/radioinfinitagoya.com.ar\/v1\/#\/schema\/person\/d4cf9c413d4f6edb24aabdccab49ca4a\",\"name\":\"Jorge Mi\u00f1o\",\"image\":{\"@type\":\"ImageObject\",\"inLanguage\":\"es-AR\",\"@id\":\"https:\/\/secure.gravatar.com\/avatar\/910fcf6728fe95320e07a6643c1581fec1c7fc4bf8ae12e3d8f0d0373dc844be?s=96&d=mm&r=g\",\"url\":\"https:\/\/secure.gravatar.com\/avatar\/910fcf6728fe95320e07a6643c1581fec1c7fc4bf8ae12e3d8f0d0373dc844be?s=96&d=mm&r=g\",\"contentUrl\":\"https:\/\/secure.gravatar.com\/avatar\/910fcf6728fe95320e07a6643c1581fec1c7fc4bf8ae12e3d8f0d0373dc844be?s=96&d=mm&r=g\",\"caption\":\"Jorge Mi\u00f1o\"},\"sameAs\":[\"http:\/\/radioinfinitagoya.com.ar\"]}]}<\/script>\n<!-- \/ Yoast SEO plugin. -->","yoast_head_json":{"title":"Inundaciones en Corrientes: re\u00fanen asistencia para las familias aisladas en zonas rurales - Radio Infinita Goya","description":"En di\u00e1logo con Hoja de Ruta, Omar Mart\u00ednez, vecino de Arroyo Pel\u00f3n, cont\u00f3 que hay al menos treinta familias aisladas en la zona de Empedrado Limpio y que","robots":{"index":"index","follow":"follow","max-snippet":"max-snippet:-1","max-image-preview":"max-image-preview:large","max-video-preview":"max-video-preview:-1"},"canonical":"https:\/\/radioinfinitagoya.com.ar\/v1\/2025\/10\/29\/inundaciones-en-corrientes-reunen-asistencia-para-las-familias-aisladas-en-zonas-rurales\/","og_locale":"es_ES","og_type":"article","og_title":"Inundaciones en Corrientes: re\u00fanen asistencia para las familias aisladas en zonas rurales - Radio Infinita Goya","og_description":"En di\u00e1logo con Hoja de Ruta, Omar Mart\u00ednez, vecino de Arroyo Pel\u00f3n, cont\u00f3 que hay al menos treinta familias aisladas en la zona de Empedrado Limpio y que","og_url":"https:\/\/radioinfinitagoya.com.ar\/v1\/2025\/10\/29\/inundaciones-en-corrientes-reunen-asistencia-para-las-familias-aisladas-en-zonas-rurales\/","og_site_name":"Radio Infinita Goya","article_publisher":"https:\/\/www.facebook.com\/p\/Infinita-Goya-100063870918311\/","article_published_time":"2025-10-29T19:01:17+00:00","og_image":[{"width":1200,"height":675,"url":"https:\/\/radioinfinitagoya.com.ar\/v1\/wp-content\/uploads\/2025\/10\/1761750253410.webp","type":"image\/webp"}],"author":"Jorge Mi\u00f1o","twitter_card":"summary_large_image","twitter_misc":{"Escrito por":"Jorge Mi\u00f1o","Tiempo de lectura":"3 minutos"},"schema":{"@context":"https:\/\/schema.org","@graph":[{"@type":"Article","@id":"https:\/\/radioinfinitagoya.com.ar\/v1\/2025\/10\/29\/inundaciones-en-corrientes-reunen-asistencia-para-las-familias-aisladas-en-zonas-rurales\/#article","isPartOf":{"@id":"https:\/\/radioinfinitagoya.com.ar\/v1\/2025\/10\/29\/inundaciones-en-corrientes-reunen-asistencia-para-las-familias-aisladas-en-zonas-rurales\/"},"author":{"name":"Jorge Mi\u00f1o","@id":"https:\/\/radioinfinitagoya.com.ar\/v1\/#\/schema\/person\/d4cf9c413d4f6edb24aabdccab49ca4a"},"headline":"Inundaciones en Corrientes: re\u00fanen asistencia para las familias aisladas en zonas rurales","datePublished":"2025-10-29T19:01:17+00:00","mainEntityOfPage":{"@id":"https:\/\/radioinfinitagoya.com.ar\/v1\/2025\/10\/29\/inundaciones-en-corrientes-reunen-asistencia-para-las-familias-aisladas-en-zonas-rurales\/"},"wordCount":451,"publisher":{"@id":"https:\/\/radioinfinitagoya.com.ar\/v1\/#organization"},"image":{"@id":"https:\/\/radioinfinitagoya.com.ar\/v1\/2025\/10\/29\/inundaciones-en-corrientes-reunen-asistencia-para-las-familias-aisladas-en-zonas-rurales\/#primaryimage"},"thumbnailUrl":"https:\/\/radioinfinitagoya.com.ar\/v1\/wp-content\/uploads\/2025\/10\/1761750253410.webp","articleSection":["PROVINCIALES"],"inLanguage":"es-AR"},{"@type":"WebPage","@id":"https:\/\/radioinfinitagoya.com.ar\/v1\/2025\/10\/29\/inundaciones-en-corrientes-reunen-asistencia-para-las-familias-aisladas-en-zonas-rurales\/","url":"https:\/\/radioinfinitagoya.com.ar\/v1\/2025\/10\/29\/inundaciones-en-corrientes-reunen-asistencia-para-las-familias-aisladas-en-zonas-rurales\/","name":"Inundaciones en Corrientes: re\u00fanen asistencia para las familias aisladas en zonas rurales - Radio Infinita Goya","isPartOf":{"@id":"https:\/\/radioinfinitagoya.com.ar\/v1\/#website"},"primaryImageOfPage":{"@id":"https:\/\/radioinfinitagoya.com.ar\/v1\/2025\/10\/29\/inundaciones-en-corrientes-reunen-asistencia-para-las-familias-aisladas-en-zonas-rurales\/#primaryimage"},"image":{"@id":"https:\/\/radioinfinitagoya.com.ar\/v1\/2025\/10\/29\/inundaciones-en-corrientes-reunen-asistencia-para-las-familias-aisladas-en-zonas-rurales\/#primaryimage"},"thumbnailUrl":"https:\/\/radioinfinitagoya.com.ar\/v1\/wp-content\/uploads\/2025\/10\/1761750253410.webp","datePublished":"2025-10-29T19:01:17+00:00","description":"En di\u00e1logo con Hoja de Ruta, Omar Mart\u00ednez, vecino de Arroyo Pel\u00f3n, cont\u00f3 que hay al menos treinta familias aisladas en la zona de Empedrado Limpio y que","breadcrumb":{"@id":"https:\/\/radioinfinitagoya.com.ar\/v1\/2025\/10\/29\/inundaciones-en-corrientes-reunen-asistencia-para-las-familias-aisladas-en-zonas-rurales\/#breadcrumb"},"inLanguage":"es-AR","potentialAction":[{"@type":"ReadAction","target":["https:\/\/radioinfinitagoya.com.ar\/v1\/2025\/10\/29\/inundaciones-en-corrientes-reunen-asistencia-para-las-familias-aisladas-en-zonas-rurales\/"]}]},{"@type":"ImageObject","inLanguage":"es-AR","@id":"https:\/\/radioinfinitagoya.com.ar\/v1\/2025\/10\/29\/inundaciones-en-corrientes-reunen-asistencia-para-las-familias-aisladas-en-zonas-rurales\/#primaryimage","url":"https:\/\/radioinfinitagoya.com.ar\/v1\/wp-content\/uploads\/2025\/10\/1761750253410.webp","contentUrl":"https:\/\/radioinfinitagoya.com.ar\/v1\/wp-content\/uploads\/2025\/10\/1761750253410.webp","width":1200,"height":675},{"@type":"BreadcrumbList","@id":"https:\/\/radioinfinitagoya.com.ar\/v1\/2025\/10\/29\/inundaciones-en-corrientes-reunen-asistencia-para-las-familias-aisladas-en-zonas-rurales\/#breadcrumb","itemListElement":[{"@type":"ListItem","position":1,"name":"Inicio","item":"https:\/\/radioinfinitagoya.com.ar\/v1\/"},{"@type":"ListItem","position":2,"name":"Inundaciones en Corrientes: re\u00fanen asistencia para las familias aisladas en zonas rurales"}]},{"@type":"WebSite","@id":"https:\/\/radioinfinitagoya.com.ar\/v1\/#website","url":"https:\/\/radioinfinitagoya.com.ar\/v1\/","name":"radioinfinitagoya.com.ar","description":"Radio de noticias","publisher":{"@id":"https:\/\/radioinfinitagoya.com.ar\/v1\/#organization"},"potentialAction":[{"@type":"SearchAction","target":{"@type":"EntryPoint","urlTemplate":"https:\/\/radioinfinitagoya.com.ar\/v1\/?s={search_term_string}"},"query-input":{"@type":"PropertyValueSpecification","valueRequired":true,"valueName":"search_term_string"}}],"inLanguage":"es-AR"},{"@type":"Organization","@id":"https:\/\/radioinfinitagoya.com.ar\/v1\/#organization","name":"Radio Infinita Goya","url":"https:\/\/radioinfinitagoya.com.ar\/v1\/","logo":{"@type":"ImageObject","inLanguage":"es-AR","@id":"https:\/\/radioinfinitagoya.com.ar\/v1\/#\/schema\/logo\/image\/","url":"https:\/\/radioinfinitagoya.com.ar\/v1\/wp-content\/uploads\/2019\/11\/logo-pie-web.png","contentUrl":"https:\/\/radioinfinitagoya.com.ar\/v1\/wp-content\/uploads\/2019\/11\/logo-pie-web.png","width":635,"height":326,"caption":"Radio Infinita Goya"},"image":{"@id":"https:\/\/radioinfinitagoya.com.ar\/v1\/#\/schema\/logo\/image\/"},"sameAs":["https:\/\/www.facebook.com\/p\/Infinita-Goya-100063870918311\/"]},{"@type":"Person","@id":"https:\/\/radioinfinitagoya.com.ar\/v1\/#\/schema\/person\/d4cf9c413d4f6edb24aabdccab49ca4a","name":"Jorge Mi\u00f1o","image":{"@type":"ImageObject","inLanguage":"es-AR","@id":"https:\/\/secure.gravatar.com\/avatar\/910fcf6728fe95320e07a6643c1581fec1c7fc4bf8ae12e3d8f0d0373dc844be?s=96&d=mm&r=g","url":"https:\/\/secure.gravatar.com\/avatar\/910fcf6728fe95320e07a6643c1581fec1c7fc4bf8ae12e3d8f0d0373dc844be?s=96&d=mm&r=g","contentUrl":"https:\/\/secure.gravatar.com\/avatar\/910fcf6728fe95320e07a6643c1581fec1c7fc4bf8ae12e3d8f0d0373dc844be?s=96&d=mm&r=g","caption":"Jorge Mi\u00f1o"},"sameAs":["http:\/\/radioinfinitagoya.com.ar"]}]}},"_links":{"self":[{"href":"https:\/\/radioinfinitagoya.com.ar\/v1\/wp-json\/wp\/v2\/posts\/198393","targetHints":{"allow":["GET"]}}],"collection":[{"href":"https:\/\/radioinfinitagoya.com.ar\/v1\/wp-json\/wp\/v2\/posts"}],"about":[{"href":"https:\/\/radioinfinitagoya.com.ar\/v1\/wp-json\/wp\/v2\/types\/post"}],"author":[{"embeddable":true,"href":"https:\/\/radioinfinitagoya.com.ar\/v1\/wp-json\/wp\/v2\/users\/4"}],"replies":[{"embeddable":true,"href":"https:\/\/radioinfinitagoya.com.ar\/v1\/wp-json\/wp\/v2\/comments?post=198393"}],"version-history":[{"count":0,"href":"https:\/\/radioinfinitagoya.com.ar\/v1\/wp-json\/wp\/v2\/posts\/198393\/revisions"}],"wp:featuredmedia":[{"embeddable":true,"href":"https:\/\/radioinfinitagoya.com.ar\/v1\/wp-json\/wp\/v2\/media\/198394"}],"wp:attachment":[{"href":"https:\/\/radioinfinitagoya.com.ar\/v1\/wp-json\/wp\/v2\/media?parent=198393"}],"wp:term":[{"taxonomy":"category","embeddable":true,"href":"https:\/\/radioinfinitagoya.com.ar\/v1\/wp-json\/wp\/v2\/categories?post=198393"},{"taxonomy":"post_tag","embeddable":true,"href":"https:\/\/radioinfinitagoya.com.ar\/v1\/wp-json\/wp\/v2\/tags?post=198393"}],"curies":[{"name":"wp","href":"https:\/\/api.w.org\/{rel}","templated":true}]}}