{"id":198399,"date":"2025-10-29T16:08:12","date_gmt":"2025-10-29T19:08:12","guid":{"rendered":"https:\/\/radioinfinitagoya.com.ar\/v1\/?p=198399"},"modified":"2025-10-29T16:08:12","modified_gmt":"2025-10-29T19:08:12","slug":"caso-cecilia-strzyzowski-detuvieron-a-un-abogado-de-emerenciano-sena-en-pleno-juicio","status":"publish","type":"post","link":"https:\/\/radioinfinitagoya.com.ar\/v1\/2025\/10\/29\/caso-cecilia-strzyzowski-detuvieron-a-un-abogado-de-emerenciano-sena-en-pleno-juicio\/","title":{"rendered":"Caso Cecilia Strzyzowski: detuvieron a un abogado de Emerenciano Sena en pleno juicio"},"content":{"rendered":"<p>Fue trasladado a la Comisar\u00eda 4\u00b0 por \u201cDesobediencia Judicial\u201d. \u201cHabr\u00eda hecho un paneo de los jurados\u201d, dijo el Jefe de Polic\u00eda, Comisario General Fernando Romero.<\/p>\n<p>Resistencia, Chaco (enviada especial). La segunda audiencia de selecci\u00f3n de jurados para el juicio por el femicidio de Cecilia Strzyzowski qued\u00f3 enmarcada en un esc\u00e1ndalo que volvi\u00f3 a poner en la mira al clan Sena: un colaborador del abogado de Emerenciano fue descubierto mientras manipulaba el tel\u00e9fono y lo expulsaron de la sala con custodia policial.<\/p>\n<p>&#8220;Qued\u00f3 detenido y le secuestraron el aparato. Fue trasladado a la Comisar\u00eda 4\u00b0 por \u2018Desobediencia Judicial\u2019. Habr\u00eda hecho un paneo de los jurados, cuya identidad es reservada\u201d, dijo a Infobae el Jefe de Polic\u00eda, Fernando Romero.<\/p>\n<p>Se trata del letrado Nicol\u00e1s Boniardi Cabra, del staff de Ricardo Osuna, representante de Sena padre, quien se retir\u00f3 a bordo de un patrullero por orden de la jueza Dolly Fern\u00e1ndez.<\/p>\n<p>&nbsp;<\/p>\n<p>&nbsp;<\/p>\n","protected":false},"excerpt":{"rendered":"<p>Fue trasladado a la Comisar\u00eda 4\u00b0 por \u201cDesobediencia Judicial\u201d. \u201cHabr\u00eda hecho un paneo de los jurados\u201d, dijo el Jefe de Polic\u00eda, Comisario General Fernando Romero. Resistencia, Chaco (enviada especial). La segunda audiencia de selecci\u00f3n de jurados para el juicio por el femicidio de Cecilia Strzyzowski qued\u00f3 enmarcada en un esc\u00e1ndalo que volvi\u00f3 a poner en [&hellip;]<\/p>\n","protected":false},"author":4,"featured_media":198400,"comment_status":"closed","ping_status":"closed","sticky":false,"template":"","format":"standard","meta":{"_joinchat":[],"footnotes":""},"categories":[29],"tags":[],"class_list":{"0":"post-198399","1":"post","2":"type-post","3":"status-publish","4":"format-standard","5":"has-post-thumbnail","7":"category-nacionales"},"yoast_head":"<!-- This site is optimized with the Yoast SEO plugin v27.2 - https:\/\/yoast.com\/product\/yoast-seo-wordpress\/ -->\n<title>Caso Cecilia Strzyzowski: detuvieron a un abogado de Emerenciano Sena en pleno juicio - Radio Infinita Goya<\/title>\n<meta name=\"description\" content=\"Fue trasladado a la Comisar\u00eda 4\u00b0 por \u201cDesobediencia Judicial\u201d. \u201cHabr\u00eda hecho un paneo de los jurados\u201d, dijo el Jefe de Polic\u00eda, Comisario General Fernando\" \/>\n<meta name=\"robots\" content=\"index, follow, max-snippet:-1, max-image-preview:large, max-video-preview:-1\" \/>\n<link rel=\"canonical\" href=\"https:\/\/radioinfinitagoya.com.ar\/v1\/2025\/10\/29\/caso-cecilia-strzyzowski-detuvieron-a-un-abogado-de-emerenciano-sena-en-pleno-juicio\/\" \/>\n<meta property=\"og:locale\" content=\"es_ES\" \/>\n<meta property=\"og:type\" content=\"article\" \/>\n<meta property=\"og:title\" content=\"Caso Cecilia Strzyzowski: detuvieron a un abogado de Emerenciano Sena en pleno juicio - Radio Infinita Goya\" \/>\n<meta property=\"og:description\" content=\"Fue trasladado a la Comisar\u00eda 4\u00b0 por \u201cDesobediencia Judicial\u201d. \u201cHabr\u00eda hecho un paneo de los jurados\u201d, dijo el Jefe de Polic\u00eda, Comisario General Fernando\" \/>\n<meta property=\"og:url\" content=\"https:\/\/radioinfinitagoya.com.ar\/v1\/2025\/10\/29\/caso-cecilia-strzyzowski-detuvieron-a-un-abogado-de-emerenciano-sena-en-pleno-juicio\/\" \/>\n<meta property=\"og:site_name\" content=\"Radio Infinita Goya\" \/>\n<meta property=\"article:publisher\" content=\"https:\/\/www.facebook.com\/p\/Infinita-Goya-100063870918311\/\" \/>\n<meta property=\"article:published_time\" content=\"2025-10-29T19:08:12+00:00\" \/>\n<meta property=\"og:image\" content=\"https:\/\/radioinfinitagoya.com.ar\/v1\/wp-content\/uploads\/2025\/10\/G4cf7U9XoAAaZON.jpg\" \/>\n\t<meta property=\"og:image:width\" content=\"679\" \/>\n\t<meta property=\"og:image:height\" content=\"343\" \/>\n\t<meta property=\"og:image:type\" content=\"image\/jpeg\" \/>\n<meta name=\"author\" content=\"Jorge Mi\u00f1o\" \/>\n<meta name=\"twitter:card\" content=\"summary_large_image\" \/>\n<meta name=\"twitter:label1\" content=\"Escrito por\" \/>\n\t<meta name=\"twitter:data1\" content=\"Jorge Mi\u00f1o\" \/>\n\t<meta name=\"twitter:label2\" content=\"Tiempo de lectura\" \/>\n\t<meta name=\"twitter:data2\" content=\"1 minuto\" \/>\n<script type=\"application\/ld+json\" class=\"yoast-schema-graph\">{\"@context\":\"https:\/\/schema.org\",\"@graph\":[{\"@type\":\"Article\",\"@id\":\"https:\/\/radioinfinitagoya.com.ar\/v1\/2025\/10\/29\/caso-cecilia-strzyzowski-detuvieron-a-un-abogado-de-emerenciano-sena-en-pleno-juicio\/#article\",\"isPartOf\":{\"@id\":\"https:\/\/radioinfinitagoya.com.ar\/v1\/2025\/10\/29\/caso-cecilia-strzyzowski-detuvieron-a-un-abogado-de-emerenciano-sena-en-pleno-juicio\/\"},\"author\":{\"name\":\"Jorge Mi\u00f1o\",\"@id\":\"https:\/\/radioinfinitagoya.com.ar\/v1\/#\/schema\/person\/d4cf9c413d4f6edb24aabdccab49ca4a\"},\"headline\":\"Caso Cecilia Strzyzowski: detuvieron a un abogado de Emerenciano Sena en pleno juicio\",\"datePublished\":\"2025-10-29T19:08:12+00:00\",\"mainEntityOfPage\":{\"@id\":\"https:\/\/radioinfinitagoya.com.ar\/v1\/2025\/10\/29\/caso-cecilia-strzyzowski-detuvieron-a-un-abogado-de-emerenciano-sena-en-pleno-juicio\/\"},\"wordCount\":172,\"publisher\":{\"@id\":\"https:\/\/radioinfinitagoya.com.ar\/v1\/#organization\"},\"image\":{\"@id\":\"https:\/\/radioinfinitagoya.com.ar\/v1\/2025\/10\/29\/caso-cecilia-strzyzowski-detuvieron-a-un-abogado-de-emerenciano-sena-en-pleno-juicio\/#primaryimage\"},\"thumbnailUrl\":\"https:\/\/radioinfinitagoya.com.ar\/v1\/wp-content\/uploads\/2025\/10\/G4cf7U9XoAAaZON.jpg\",\"articleSection\":[\"NACIONALES\"],\"inLanguage\":\"es-AR\"},{\"@type\":\"WebPage\",\"@id\":\"https:\/\/radioinfinitagoya.com.ar\/v1\/2025\/10\/29\/caso-cecilia-strzyzowski-detuvieron-a-un-abogado-de-emerenciano-sena-en-pleno-juicio\/\",\"url\":\"https:\/\/radioinfinitagoya.com.ar\/v1\/2025\/10\/29\/caso-cecilia-strzyzowski-detuvieron-a-un-abogado-de-emerenciano-sena-en-pleno-juicio\/\",\"name\":\"Caso Cecilia Strzyzowski: detuvieron a un abogado de Emerenciano Sena en pleno juicio - Radio Infinita Goya\",\"isPartOf\":{\"@id\":\"https:\/\/radioinfinitagoya.com.ar\/v1\/#website\"},\"primaryImageOfPage\":{\"@id\":\"https:\/\/radioinfinitagoya.com.ar\/v1\/2025\/10\/29\/caso-cecilia-strzyzowski-detuvieron-a-un-abogado-de-emerenciano-sena-en-pleno-juicio\/#primaryimage\"},\"image\":{\"@id\":\"https:\/\/radioinfinitagoya.com.ar\/v1\/2025\/10\/29\/caso-cecilia-strzyzowski-detuvieron-a-un-abogado-de-emerenciano-sena-en-pleno-juicio\/#primaryimage\"},\"thumbnailUrl\":\"https:\/\/radioinfinitagoya.com.ar\/v1\/wp-content\/uploads\/2025\/10\/G4cf7U9XoAAaZON.jpg\",\"datePublished\":\"2025-10-29T19:08:12+00:00\",\"description\":\"Fue trasladado a la Comisar\u00eda 4\u00b0 por \u201cDesobediencia Judicial\u201d. \u201cHabr\u00eda hecho un paneo de los jurados\u201d, dijo el Jefe de Polic\u00eda, Comisario General Fernando\",\"breadcrumb\":{\"@id\":\"https:\/\/radioinfinitagoya.com.ar\/v1\/2025\/10\/29\/caso-cecilia-strzyzowski-detuvieron-a-un-abogado-de-emerenciano-sena-en-pleno-juicio\/#breadcrumb\"},\"inLanguage\":\"es-AR\",\"potentialAction\":[{\"@type\":\"ReadAction\",\"target\":[\"https:\/\/radioinfinitagoya.com.ar\/v1\/2025\/10\/29\/caso-cecilia-strzyzowski-detuvieron-a-un-abogado-de-emerenciano-sena-en-pleno-juicio\/\"]}]},{\"@type\":\"ImageObject\",\"inLanguage\":\"es-AR\",\"@id\":\"https:\/\/radioinfinitagoya.com.ar\/v1\/2025\/10\/29\/caso-cecilia-strzyzowski-detuvieron-a-un-abogado-de-emerenciano-sena-en-pleno-juicio\/#primaryimage\",\"url\":\"https:\/\/radioinfinitagoya.com.ar\/v1\/wp-content\/uploads\/2025\/10\/G4cf7U9XoAAaZON.jpg\",\"contentUrl\":\"https:\/\/radioinfinitagoya.com.ar\/v1\/wp-content\/uploads\/2025\/10\/G4cf7U9XoAAaZON.jpg\",\"width\":679,\"height\":343},{\"@type\":\"BreadcrumbList\",\"@id\":\"https:\/\/radioinfinitagoya.com.ar\/v1\/2025\/10\/29\/caso-cecilia-strzyzowski-detuvieron-a-un-abogado-de-emerenciano-sena-en-pleno-juicio\/#breadcrumb\",\"itemListElement\":[{\"@type\":\"ListItem\",\"position\":1,\"name\":\"Inicio\",\"item\":\"https:\/\/radioinfinitagoya.com.ar\/v1\/\"},{\"@type\":\"ListItem\",\"position\":2,\"name\":\"Caso Cecilia Strzyzowski: detuvieron a un abogado de Emerenciano Sena en pleno juicio\"}]},{\"@type\":\"WebSite\",\"@id\":\"https:\/\/radioinfinitagoya.com.ar\/v1\/#website\",\"url\":\"https:\/\/radioinfinitagoya.com.ar\/v1\/\",\"name\":\"radioinfinitagoya.com.ar\",\"description\":\"Radio de noticias\",\"publisher\":{\"@id\":\"https:\/\/radioinfinitagoya.com.ar\/v1\/#organization\"},\"potentialAction\":[{\"@type\":\"SearchAction\",\"target\":{\"@type\":\"EntryPoint\",\"urlTemplate\":\"https:\/\/radioinfinitagoya.com.ar\/v1\/?s={search_term_string}\"},\"query-input\":{\"@type\":\"PropertyValueSpecification\",\"valueRequired\":true,\"valueName\":\"search_term_string\"}}],\"inLanguage\":\"es-AR\"},{\"@type\":\"Organization\",\"@id\":\"https:\/\/radioinfinitagoya.com.ar\/v1\/#organization\",\"name\":\"Radio Infinita Goya\",\"url\":\"https:\/\/radioinfinitagoya.com.ar\/v1\/\",\"logo\":{\"@type\":\"ImageObject\",\"inLanguage\":\"es-AR\",\"@id\":\"https:\/\/radioinfinitagoya.com.ar\/v1\/#\/schema\/logo\/image\/\",\"url\":\"https:\/\/radioinfinitagoya.com.ar\/v1\/wp-content\/uploads\/2019\/11\/logo-pie-web.png\",\"contentUrl\":\"https:\/\/radioinfinitagoya.com.ar\/v1\/wp-content\/uploads\/2019\/11\/logo-pie-web.png\",\"width\":635,\"height\":326,\"caption\":\"Radio Infinita Goya\"},\"image\":{\"@id\":\"https:\/\/radioinfinitagoya.com.ar\/v1\/#\/schema\/logo\/image\/\"},\"sameAs\":[\"https:\/\/www.facebook.com\/p\/Infinita-Goya-100063870918311\/\"]},{\"@type\":\"Person\",\"@id\":\"https:\/\/radioinfinitagoya.com.ar\/v1\/#\/schema\/person\/d4cf9c413d4f6edb24aabdccab49ca4a\",\"name\":\"Jorge Mi\u00f1o\",\"image\":{\"@type\":\"ImageObject\",\"inLanguage\":\"es-AR\",\"@id\":\"https:\/\/secure.gravatar.com\/avatar\/910fcf6728fe95320e07a6643c1581fec1c7fc4bf8ae12e3d8f0d0373dc844be?s=96&d=mm&r=g\",\"url\":\"https:\/\/secure.gravatar.com\/avatar\/910fcf6728fe95320e07a6643c1581fec1c7fc4bf8ae12e3d8f0d0373dc844be?s=96&d=mm&r=g\",\"contentUrl\":\"https:\/\/secure.gravatar.com\/avatar\/910fcf6728fe95320e07a6643c1581fec1c7fc4bf8ae12e3d8f0d0373dc844be?s=96&d=mm&r=g\",\"caption\":\"Jorge Mi\u00f1o\"},\"sameAs\":[\"http:\/\/radioinfinitagoya.com.ar\"]}]}<\/script>\n<!-- \/ Yoast SEO plugin. -->","yoast_head_json":{"title":"Caso Cecilia Strzyzowski: detuvieron a un abogado de Emerenciano Sena en pleno juicio - Radio Infinita Goya","description":"Fue trasladado a la Comisar\u00eda 4\u00b0 por \u201cDesobediencia Judicial\u201d. \u201cHabr\u00eda hecho un paneo de los jurados\u201d, dijo el Jefe de Polic\u00eda, Comisario General Fernando","robots":{"index":"index","follow":"follow","max-snippet":"max-snippet:-1","max-image-preview":"max-image-preview:large","max-video-preview":"max-video-preview:-1"},"canonical":"https:\/\/radioinfinitagoya.com.ar\/v1\/2025\/10\/29\/caso-cecilia-strzyzowski-detuvieron-a-un-abogado-de-emerenciano-sena-en-pleno-juicio\/","og_locale":"es_ES","og_type":"article","og_title":"Caso Cecilia Strzyzowski: detuvieron a un abogado de Emerenciano Sena en pleno juicio - Radio Infinita Goya","og_description":"Fue trasladado a la Comisar\u00eda 4\u00b0 por \u201cDesobediencia Judicial\u201d. \u201cHabr\u00eda hecho un paneo de los jurados\u201d, dijo el Jefe de Polic\u00eda, Comisario General Fernando","og_url":"https:\/\/radioinfinitagoya.com.ar\/v1\/2025\/10\/29\/caso-cecilia-strzyzowski-detuvieron-a-un-abogado-de-emerenciano-sena-en-pleno-juicio\/","og_site_name":"Radio Infinita Goya","article_publisher":"https:\/\/www.facebook.com\/p\/Infinita-Goya-100063870918311\/","article_published_time":"2025-10-29T19:08:12+00:00","og_image":[{"width":679,"height":343,"url":"https:\/\/radioinfinitagoya.com.ar\/v1\/wp-content\/uploads\/2025\/10\/G4cf7U9XoAAaZON.jpg","type":"image\/jpeg"}],"author":"Jorge Mi\u00f1o","twitter_card":"summary_large_image","twitter_misc":{"Escrito por":"Jorge Mi\u00f1o","Tiempo de lectura":"1 minuto"},"schema":{"@context":"https:\/\/schema.org","@graph":[{"@type":"Article","@id":"https:\/\/radioinfinitagoya.com.ar\/v1\/2025\/10\/29\/caso-cecilia-strzyzowski-detuvieron-a-un-abogado-de-emerenciano-sena-en-pleno-juicio\/#article","isPartOf":{"@id":"https:\/\/radioinfinitagoya.com.ar\/v1\/2025\/10\/29\/caso-cecilia-strzyzowski-detuvieron-a-un-abogado-de-emerenciano-sena-en-pleno-juicio\/"},"author":{"name":"Jorge Mi\u00f1o","@id":"https:\/\/radioinfinitagoya.com.ar\/v1\/#\/schema\/person\/d4cf9c413d4f6edb24aabdccab49ca4a"},"headline":"Caso Cecilia Strzyzowski: detuvieron a un abogado de Emerenciano Sena en pleno juicio","datePublished":"2025-10-29T19:08:12+00:00","mainEntityOfPage":{"@id":"https:\/\/radioinfinitagoya.com.ar\/v1\/2025\/10\/29\/caso-cecilia-strzyzowski-detuvieron-a-un-abogado-de-emerenciano-sena-en-pleno-juicio\/"},"wordCount":172,"publisher":{"@id":"https:\/\/radioinfinitagoya.com.ar\/v1\/#organization"},"image":{"@id":"https:\/\/radioinfinitagoya.com.ar\/v1\/2025\/10\/29\/caso-cecilia-strzyzowski-detuvieron-a-un-abogado-de-emerenciano-sena-en-pleno-juicio\/#primaryimage"},"thumbnailUrl":"https:\/\/radioinfinitagoya.com.ar\/v1\/wp-content\/uploads\/2025\/10\/G4cf7U9XoAAaZON.jpg","articleSection":["NACIONALES"],"inLanguage":"es-AR"},{"@type":"WebPage","@id":"https:\/\/radioinfinitagoya.com.ar\/v1\/2025\/10\/29\/caso-cecilia-strzyzowski-detuvieron-a-un-abogado-de-emerenciano-sena-en-pleno-juicio\/","url":"https:\/\/radioinfinitagoya.com.ar\/v1\/2025\/10\/29\/caso-cecilia-strzyzowski-detuvieron-a-un-abogado-de-emerenciano-sena-en-pleno-juicio\/","name":"Caso Cecilia Strzyzowski: detuvieron a un abogado de Emerenciano Sena en pleno juicio - Radio Infinita Goya","isPartOf":{"@id":"https:\/\/radioinfinitagoya.com.ar\/v1\/#website"},"primaryImageOfPage":{"@id":"https:\/\/radioinfinitagoya.com.ar\/v1\/2025\/10\/29\/caso-cecilia-strzyzowski-detuvieron-a-un-abogado-de-emerenciano-sena-en-pleno-juicio\/#primaryimage"},"image":{"@id":"https:\/\/radioinfinitagoya.com.ar\/v1\/2025\/10\/29\/caso-cecilia-strzyzowski-detuvieron-a-un-abogado-de-emerenciano-sena-en-pleno-juicio\/#primaryimage"},"thumbnailUrl":"https:\/\/radioinfinitagoya.com.ar\/v1\/wp-content\/uploads\/2025\/10\/G4cf7U9XoAAaZON.jpg","datePublished":"2025-10-29T19:08:12+00:00","description":"Fue trasladado a la Comisar\u00eda 4\u00b0 por \u201cDesobediencia Judicial\u201d. \u201cHabr\u00eda hecho un paneo de los jurados\u201d, dijo el Jefe de Polic\u00eda, Comisario General Fernando","breadcrumb":{"@id":"https:\/\/radioinfinitagoya.com.ar\/v1\/2025\/10\/29\/caso-cecilia-strzyzowski-detuvieron-a-un-abogado-de-emerenciano-sena-en-pleno-juicio\/#breadcrumb"},"inLanguage":"es-AR","potentialAction":[{"@type":"ReadAction","target":["https:\/\/radioinfinitagoya.com.ar\/v1\/2025\/10\/29\/caso-cecilia-strzyzowski-detuvieron-a-un-abogado-de-emerenciano-sena-en-pleno-juicio\/"]}]},{"@type":"ImageObject","inLanguage":"es-AR","@id":"https:\/\/radioinfinitagoya.com.ar\/v1\/2025\/10\/29\/caso-cecilia-strzyzowski-detuvieron-a-un-abogado-de-emerenciano-sena-en-pleno-juicio\/#primaryimage","url":"https:\/\/radioinfinitagoya.com.ar\/v1\/wp-content\/uploads\/2025\/10\/G4cf7U9XoAAaZON.jpg","contentUrl":"https:\/\/radioinfinitagoya.com.ar\/v1\/wp-content\/uploads\/2025\/10\/G4cf7U9XoAAaZON.jpg","width":679,"height":343},{"@type":"BreadcrumbList","@id":"https:\/\/radioinfinitagoya.com.ar\/v1\/2025\/10\/29\/caso-cecilia-strzyzowski-detuvieron-a-un-abogado-de-emerenciano-sena-en-pleno-juicio\/#breadcrumb","itemListElement":[{"@type":"ListItem","position":1,"name":"Inicio","item":"https:\/\/radioinfinitagoya.com.ar\/v1\/"},{"@type":"ListItem","position":2,"name":"Caso Cecilia Strzyzowski: detuvieron a un abogado de Emerenciano Sena en pleno juicio"}]},{"@type":"WebSite","@id":"https:\/\/radioinfinitagoya.com.ar\/v1\/#website","url":"https:\/\/radioinfinitagoya.com.ar\/v1\/","name":"radioinfinitagoya.com.ar","description":"Radio de noticias","publisher":{"@id":"https:\/\/radioinfinitagoya.com.ar\/v1\/#organization"},"potentialAction":[{"@type":"SearchAction","target":{"@type":"EntryPoint","urlTemplate":"https:\/\/radioinfinitagoya.com.ar\/v1\/?s={search_term_string}"},"query-input":{"@type":"PropertyValueSpecification","valueRequired":true,"valueName":"search_term_string"}}],"inLanguage":"es-AR"},{"@type":"Organization","@id":"https:\/\/radioinfinitagoya.com.ar\/v1\/#organization","name":"Radio Infinita Goya","url":"https:\/\/radioinfinitagoya.com.ar\/v1\/","logo":{"@type":"ImageObject","inLanguage":"es-AR","@id":"https:\/\/radioinfinitagoya.com.ar\/v1\/#\/schema\/logo\/image\/","url":"https:\/\/radioinfinitagoya.com.ar\/v1\/wp-content\/uploads\/2019\/11\/logo-pie-web.png","contentUrl":"https:\/\/radioinfinitagoya.com.ar\/v1\/wp-content\/uploads\/2019\/11\/logo-pie-web.png","width":635,"height":326,"caption":"Radio Infinita Goya"},"image":{"@id":"https:\/\/radioinfinitagoya.com.ar\/v1\/#\/schema\/logo\/image\/"},"sameAs":["https:\/\/www.facebook.com\/p\/Infinita-Goya-100063870918311\/"]},{"@type":"Person","@id":"https:\/\/radioinfinitagoya.com.ar\/v1\/#\/schema\/person\/d4cf9c413d4f6edb24aabdccab49ca4a","name":"Jorge Mi\u00f1o","image":{"@type":"ImageObject","inLanguage":"es-AR","@id":"https:\/\/secure.gravatar.com\/avatar\/910fcf6728fe95320e07a6643c1581fec1c7fc4bf8ae12e3d8f0d0373dc844be?s=96&d=mm&r=g","url":"https:\/\/secure.gravatar.com\/avatar\/910fcf6728fe95320e07a6643c1581fec1c7fc4bf8ae12e3d8f0d0373dc844be?s=96&d=mm&r=g","contentUrl":"https:\/\/secure.gravatar.com\/avatar\/910fcf6728fe95320e07a6643c1581fec1c7fc4bf8ae12e3d8f0d0373dc844be?s=96&d=mm&r=g","caption":"Jorge Mi\u00f1o"},"sameAs":["http:\/\/radioinfinitagoya.com.ar"]}]}},"_links":{"self":[{"href":"https:\/\/radioinfinitagoya.com.ar\/v1\/wp-json\/wp\/v2\/posts\/198399","targetHints":{"allow":["GET"]}}],"collection":[{"href":"https:\/\/radioinfinitagoya.com.ar\/v1\/wp-json\/wp\/v2\/posts"}],"about":[{"href":"https:\/\/radioinfinitagoya.com.ar\/v1\/wp-json\/wp\/v2\/types\/post"}],"author":[{"embeddable":true,"href":"https:\/\/radioinfinitagoya.com.ar\/v1\/wp-json\/wp\/v2\/users\/4"}],"replies":[{"embeddable":true,"href":"https:\/\/radioinfinitagoya.com.ar\/v1\/wp-json\/wp\/v2\/comments?post=198399"}],"version-history":[{"count":0,"href":"https:\/\/radioinfinitagoya.com.ar\/v1\/wp-json\/wp\/v2\/posts\/198399\/revisions"}],"wp:featuredmedia":[{"embeddable":true,"href":"https:\/\/radioinfinitagoya.com.ar\/v1\/wp-json\/wp\/v2\/media\/198400"}],"wp:attachment":[{"href":"https:\/\/radioinfinitagoya.com.ar\/v1\/wp-json\/wp\/v2\/media?parent=198399"}],"wp:term":[{"taxonomy":"category","embeddable":true,"href":"https:\/\/radioinfinitagoya.com.ar\/v1\/wp-json\/wp\/v2\/categories?post=198399"},{"taxonomy":"post_tag","embeddable":true,"href":"https:\/\/radioinfinitagoya.com.ar\/v1\/wp-json\/wp\/v2\/tags?post=198399"}],"curies":[{"name":"wp","href":"https:\/\/api.w.org\/{rel}","templated":true}]}}