{"id":198402,"date":"2025-10-29T16:13:21","date_gmt":"2025-10-29T19:13:21","guid":{"rendered":"https:\/\/radioinfinitagoya.com.ar\/v1\/?p=198402"},"modified":"2025-10-29T16:13:21","modified_gmt":"2025-10-29T19:13:21","slug":"milei-se-reunira-con-17-gobernadores-el-jueves-en-busca-de-apoyo-politico","status":"publish","type":"post","link":"https:\/\/radioinfinitagoya.com.ar\/v1\/2025\/10\/29\/milei-se-reunira-con-17-gobernadores-el-jueves-en-busca-de-apoyo-politico\/","title":{"rendered":"Milei se reunir\u00e1 con 17 gobernadores el jueves en busca de apoyo pol\u00edtico"},"content":{"rendered":"<p>Desde el gobierno afirman que los mandatarios reunidos en Provincias Unidas fueron convocados tambi\u00e9n, pues se han mostrado dispuestos a debatir iniciativas claves como la reforma laboral o tributaria.<\/p>\n<p>Finalmente Javier Milei termin\u00f3 apurando la convocatoria a los gobernadores para intentar avanzar en un di\u00e1logo conjunto que permita plasmar en el Congreso las reformas debatidas en el marco del Consejo de Mayo. El c\u00f3nclave, que en principio iba a ser postergado hasta diciembre, se realizar\u00e1 este jueves a las 17 en Casa Rosada.<\/p>\n<p>Seg\u00fan informaron fuentes oficiales, la convocatoria fue motorizada por el jefe de gabinete, Guillermo Francos, y el ministro del Interior, Lisandro Catal\u00e1n, que mantuvieron contacto con varios mandatarios provinciales. Si bien el primer punteo oficial indica que podr\u00edan apersonarse este jueves entre &#8220;15 y 17 gobernadores&#8221;, se espera que muchos terminen de confirmar su asistencia este mi\u00e9rcoles.<\/p>\n<p>El encuentro se realizar\u00e1 en el Sal\u00f3n Norte del primer piso del palacio de gobierno y el Presidente estar\u00e1 acompa\u00f1ado por Francos, Catal\u00e1n, el ministro de Econom\u00eda, Luis &#8220;Toto&#8221; Caputo, entre otros funcionarios.<\/p>\n<p>&#8220;Convoca el Presidente&#8221;, dijo un vocero de un gobernador litorale\u00f1o consultado al deslizar que, en principio, los mandatarios &#8220;dialoguistas&#8221; ir\u00e1n a Balcarce a &#8220;escuchar&#8221; cu\u00e1l ser\u00e1n las propuestas del mandatario y una posible agenda de trabajo. La referencia no fue ingenua: por un lado se busc\u00f3 resaltar la importancia de la invitaci\u00f3n del gran ganador de los \u00faltimos comicios y tambi\u00e9n salir por arriba de la interna en el gobierno entre Francos y el equipo del asesor Santiago Caputo, que busca enfundarse como \u00fanico interlocutor de los caciques provinciales.<\/p>\n<p>El encuentro de este jueves, en verdad, servir\u00e1 para acercar las partes luego de meses de una guerra fr\u00eda, traducida en la falta de apoyo de los mandatarios a las iniciativas oficiales -que se materializ\u00f3 incluso en el rechazo a sendos vetos presidenciales al financiamiento educativo, la emergencia en el Garrahan y a la Discapacidad- y un discurso duro del jefe de Estado en defensa del equilibrio fiscal.<\/p>\n<p>Si bien en un principio desde Casa Rosada se deslizaba que esperar\u00edan varias semanas antes de formular una invitaci\u00f3n al di\u00e1logo, distintas reuniones celebradas este martes en el palacio de gobierno terminaron por apurar la convocatoria en pos de aprovechar el efecto pol\u00edtico del contundente triunfo del oficialismo en las elecciones legislativas del \u00faltimo domingo. &#8220;Hay que esperar qu\u00e9 temas pone el Gobierno sobre la mesa despu\u00e9s de ganar muy bien la elecci\u00f3n&#8221;, se sincer\u00f3 el vocero consultado.<\/p>\n<p>En el Ejecutivo optaron este martes por la noche por no confirmar a los asistentes pero deslizaron que el n\u00famero final se ubicar\u00eda cerca de los 18 firmantes del Pacto de Mayo, aquella fr\u00eda noche del 9 de julio de 2024 en San Miguel de Tucum\u00e1n. Se descuenta que concurrir\u00e1n los mandatarios con los que LLA entabl\u00f3 alianzas electorales, como Rogelio Frigerio (Entre R\u00edos), el mendocino Alfredo Cornejo, Leandro Zdero (Chaco) y un aliado como Claudio Poggi (San Luis), que en la previa reconoci\u00f3 que votar\u00eda por LLA (el puntano se ha visto beneficiado con obra p\u00fablica reciente en los accesos a la Universidad de Villa Mercedes).<\/p>\n<p>Tambi\u00e9n le confirm\u00f3 a Francos su asistencia al c\u00f3nclave del jueves el jefe de gobierno porte\u00f1o, Jorge Macri. Se descuenta que habr\u00e1 presencia de los mandatarios reunidos en Provincias Unidas que, si bien confrontaron y compitieron con el oficialismo en las recientes elecciones, se han mostrado dispuestos a debatir iniciativas claves como la reforma laboral o tributaria. El santafesino Maximiliano Pullaro ya confirm\u00f3 su asistencia.<\/p>\n<p>El propio Milei les tendi\u00f3 una mano a los gobernadores de Provincias Unidas en la previa a los comicios al entender que muchos cruces de declaraciones se fundamentaban en la &#8220;pirotecnia electoral&#8221;.<\/p>\n<p>Ya en la noche del domingo, el Presidente realiz\u00f3 una invitaci\u00f3n formal a los mandatarios provinciales dispuestos al di\u00e1logo &#8220;reformista&#8221;. No ser\u00e1n invitados aquellos enmarcados por el libertario en el kirchnerismo\/comunismo, como el bonaerense Axel Kicillof.<\/p>\n<p>En primer t\u00e9rmino, el Gobierno buscar\u00e1 avanzar en la aprobaci\u00f3n del Presupuesto 2026, que ya se discute en comisiones de la C\u00e1mara baja. Pero tambi\u00e9n habr\u00e1 un intento por debatir en sesiones extraordinarias las reforma laboral y tributaria, tal como adelant\u00f3 este martes el propio Catal\u00e1n.<\/p>\n","protected":false},"excerpt":{"rendered":"<p>Desde el gobierno afirman que los mandatarios reunidos en Provincias Unidas fueron convocados tambi\u00e9n, pues se han mostrado dispuestos a debatir iniciativas claves como la reforma laboral o tributaria. Finalmente Javier Milei termin\u00f3 apurando la convocatoria a los gobernadores para intentar avanzar en un di\u00e1logo conjunto que permita plasmar en el Congreso las reformas debatidas [&hellip;]<\/p>\n","protected":false},"author":4,"featured_media":198403,"comment_status":"closed","ping_status":"closed","sticky":false,"template":"","format":"standard","meta":{"_joinchat":[],"footnotes":""},"categories":[29],"tags":[],"class_list":{"0":"post-198402","1":"post","2":"type-post","3":"status-publish","4":"format-standard","5":"has-post-thumbnail","7":"category-nacionales"},"yoast_head":"<!-- This site is optimized with the Yoast SEO plugin v27.2 - https:\/\/yoast.com\/product\/yoast-seo-wordpress\/ -->\n<title>Milei se reunir\u00e1 con 17 gobernadores el jueves en busca de apoyo pol\u00edtico - Radio Infinita Goya<\/title>\n<meta name=\"description\" content=\"Desde el gobierno afirman que los mandatarios reunidos en Provincias Unidas fueron convocados tambi\u00e9n, pues se han mostrado dispuestos a debatir\" \/>\n<meta name=\"robots\" content=\"index, follow, max-snippet:-1, max-image-preview:large, max-video-preview:-1\" \/>\n<link rel=\"canonical\" href=\"https:\/\/radioinfinitagoya.com.ar\/v1\/2025\/10\/29\/milei-se-reunira-con-17-gobernadores-el-jueves-en-busca-de-apoyo-politico\/\" \/>\n<meta property=\"og:locale\" content=\"es_ES\" \/>\n<meta property=\"og:type\" content=\"article\" \/>\n<meta property=\"og:title\" content=\"Milei se reunir\u00e1 con 17 gobernadores el jueves en busca de apoyo pol\u00edtico - Radio Infinita Goya\" \/>\n<meta property=\"og:description\" content=\"Desde el gobierno afirman que los mandatarios reunidos en Provincias Unidas fueron convocados tambi\u00e9n, pues se han mostrado dispuestos a debatir\" \/>\n<meta property=\"og:url\" content=\"https:\/\/radioinfinitagoya.com.ar\/v1\/2025\/10\/29\/milei-se-reunira-con-17-gobernadores-el-jueves-en-busca-de-apoyo-politico\/\" \/>\n<meta property=\"og:site_name\" content=\"Radio Infinita Goya\" \/>\n<meta property=\"article:publisher\" content=\"https:\/\/www.facebook.com\/p\/Infinita-Goya-100063870918311\/\" \/>\n<meta property=\"article:published_time\" content=\"2025-10-29T19:13:21+00:00\" \/>\n<meta property=\"og:image\" content=\"https:\/\/radioinfinitagoya.com.ar\/v1\/wp-content\/uploads\/2025\/10\/G4YrxCDWcAA_Tsl.jpg\" \/>\n\t<meta property=\"og:image:width\" content=\"680\" \/>\n\t<meta property=\"og:image:height\" content=\"336\" \/>\n\t<meta property=\"og:image:type\" content=\"image\/jpeg\" \/>\n<meta name=\"author\" content=\"Jorge Mi\u00f1o\" \/>\n<meta name=\"twitter:card\" content=\"summary_large_image\" \/>\n<meta name=\"twitter:label1\" content=\"Escrito por\" \/>\n\t<meta name=\"twitter:data1\" content=\"Jorge Mi\u00f1o\" \/>\n\t<meta name=\"twitter:label2\" content=\"Tiempo de lectura\" \/>\n\t<meta name=\"twitter:data2\" content=\"4 minutos\" \/>\n<script type=\"application\/ld+json\" class=\"yoast-schema-graph\">{\"@context\":\"https:\/\/schema.org\",\"@graph\":[{\"@type\":\"Article\",\"@id\":\"https:\/\/radioinfinitagoya.com.ar\/v1\/2025\/10\/29\/milei-se-reunira-con-17-gobernadores-el-jueves-en-busca-de-apoyo-politico\/#article\",\"isPartOf\":{\"@id\":\"https:\/\/radioinfinitagoya.com.ar\/v1\/2025\/10\/29\/milei-se-reunira-con-17-gobernadores-el-jueves-en-busca-de-apoyo-politico\/\"},\"author\":{\"name\":\"Jorge Mi\u00f1o\",\"@id\":\"https:\/\/radioinfinitagoya.com.ar\/v1\/#\/schema\/person\/d4cf9c413d4f6edb24aabdccab49ca4a\"},\"headline\":\"Milei se reunir\u00e1 con 17 gobernadores el jueves en busca de apoyo pol\u00edtico\",\"datePublished\":\"2025-10-29T19:13:21+00:00\",\"mainEntityOfPage\":{\"@id\":\"https:\/\/radioinfinitagoya.com.ar\/v1\/2025\/10\/29\/milei-se-reunira-con-17-gobernadores-el-jueves-en-busca-de-apoyo-politico\/\"},\"wordCount\":744,\"publisher\":{\"@id\":\"https:\/\/radioinfinitagoya.com.ar\/v1\/#organization\"},\"image\":{\"@id\":\"https:\/\/radioinfinitagoya.com.ar\/v1\/2025\/10\/29\/milei-se-reunira-con-17-gobernadores-el-jueves-en-busca-de-apoyo-politico\/#primaryimage\"},\"thumbnailUrl\":\"https:\/\/radioinfinitagoya.com.ar\/v1\/wp-content\/uploads\/2025\/10\/G4YrxCDWcAA_Tsl.jpg\",\"articleSection\":[\"NACIONALES\"],\"inLanguage\":\"es-AR\"},{\"@type\":\"WebPage\",\"@id\":\"https:\/\/radioinfinitagoya.com.ar\/v1\/2025\/10\/29\/milei-se-reunira-con-17-gobernadores-el-jueves-en-busca-de-apoyo-politico\/\",\"url\":\"https:\/\/radioinfinitagoya.com.ar\/v1\/2025\/10\/29\/milei-se-reunira-con-17-gobernadores-el-jueves-en-busca-de-apoyo-politico\/\",\"name\":\"Milei se reunir\u00e1 con 17 gobernadores el jueves en busca de apoyo pol\u00edtico - Radio Infinita Goya\",\"isPartOf\":{\"@id\":\"https:\/\/radioinfinitagoya.com.ar\/v1\/#website\"},\"primaryImageOfPage\":{\"@id\":\"https:\/\/radioinfinitagoya.com.ar\/v1\/2025\/10\/29\/milei-se-reunira-con-17-gobernadores-el-jueves-en-busca-de-apoyo-politico\/#primaryimage\"},\"image\":{\"@id\":\"https:\/\/radioinfinitagoya.com.ar\/v1\/2025\/10\/29\/milei-se-reunira-con-17-gobernadores-el-jueves-en-busca-de-apoyo-politico\/#primaryimage\"},\"thumbnailUrl\":\"https:\/\/radioinfinitagoya.com.ar\/v1\/wp-content\/uploads\/2025\/10\/G4YrxCDWcAA_Tsl.jpg\",\"datePublished\":\"2025-10-29T19:13:21+00:00\",\"description\":\"Desde el gobierno afirman que los mandatarios reunidos en Provincias Unidas fueron convocados tambi\u00e9n, pues se han mostrado dispuestos a debatir\",\"breadcrumb\":{\"@id\":\"https:\/\/radioinfinitagoya.com.ar\/v1\/2025\/10\/29\/milei-se-reunira-con-17-gobernadores-el-jueves-en-busca-de-apoyo-politico\/#breadcrumb\"},\"inLanguage\":\"es-AR\",\"potentialAction\":[{\"@type\":\"ReadAction\",\"target\":[\"https:\/\/radioinfinitagoya.com.ar\/v1\/2025\/10\/29\/milei-se-reunira-con-17-gobernadores-el-jueves-en-busca-de-apoyo-politico\/\"]}]},{\"@type\":\"ImageObject\",\"inLanguage\":\"es-AR\",\"@id\":\"https:\/\/radioinfinitagoya.com.ar\/v1\/2025\/10\/29\/milei-se-reunira-con-17-gobernadores-el-jueves-en-busca-de-apoyo-politico\/#primaryimage\",\"url\":\"https:\/\/radioinfinitagoya.com.ar\/v1\/wp-content\/uploads\/2025\/10\/G4YrxCDWcAA_Tsl.jpg\",\"contentUrl\":\"https:\/\/radioinfinitagoya.com.ar\/v1\/wp-content\/uploads\/2025\/10\/G4YrxCDWcAA_Tsl.jpg\",\"width\":680,\"height\":336},{\"@type\":\"BreadcrumbList\",\"@id\":\"https:\/\/radioinfinitagoya.com.ar\/v1\/2025\/10\/29\/milei-se-reunira-con-17-gobernadores-el-jueves-en-busca-de-apoyo-politico\/#breadcrumb\",\"itemListElement\":[{\"@type\":\"ListItem\",\"position\":1,\"name\":\"Inicio\",\"item\":\"https:\/\/radioinfinitagoya.com.ar\/v1\/\"},{\"@type\":\"ListItem\",\"position\":2,\"name\":\"Milei se reunir\u00e1 con 17 gobernadores el jueves en busca de apoyo pol\u00edtico\"}]},{\"@type\":\"WebSite\",\"@id\":\"https:\/\/radioinfinitagoya.com.ar\/v1\/#website\",\"url\":\"https:\/\/radioinfinitagoya.com.ar\/v1\/\",\"name\":\"radioinfinitagoya.com.ar\",\"description\":\"Radio de noticias\",\"publisher\":{\"@id\":\"https:\/\/radioinfinitagoya.com.ar\/v1\/#organization\"},\"potentialAction\":[{\"@type\":\"SearchAction\",\"target\":{\"@type\":\"EntryPoint\",\"urlTemplate\":\"https:\/\/radioinfinitagoya.com.ar\/v1\/?s={search_term_string}\"},\"query-input\":{\"@type\":\"PropertyValueSpecification\",\"valueRequired\":true,\"valueName\":\"search_term_string\"}}],\"inLanguage\":\"es-AR\"},{\"@type\":\"Organization\",\"@id\":\"https:\/\/radioinfinitagoya.com.ar\/v1\/#organization\",\"name\":\"Radio Infinita Goya\",\"url\":\"https:\/\/radioinfinitagoya.com.ar\/v1\/\",\"logo\":{\"@type\":\"ImageObject\",\"inLanguage\":\"es-AR\",\"@id\":\"https:\/\/radioinfinitagoya.com.ar\/v1\/#\/schema\/logo\/image\/\",\"url\":\"https:\/\/radioinfinitagoya.com.ar\/v1\/wp-content\/uploads\/2019\/11\/logo-pie-web.png\",\"contentUrl\":\"https:\/\/radioinfinitagoya.com.ar\/v1\/wp-content\/uploads\/2019\/11\/logo-pie-web.png\",\"width\":635,\"height\":326,\"caption\":\"Radio Infinita Goya\"},\"image\":{\"@id\":\"https:\/\/radioinfinitagoya.com.ar\/v1\/#\/schema\/logo\/image\/\"},\"sameAs\":[\"https:\/\/www.facebook.com\/p\/Infinita-Goya-100063870918311\/\"]},{\"@type\":\"Person\",\"@id\":\"https:\/\/radioinfinitagoya.com.ar\/v1\/#\/schema\/person\/d4cf9c413d4f6edb24aabdccab49ca4a\",\"name\":\"Jorge Mi\u00f1o\",\"image\":{\"@type\":\"ImageObject\",\"inLanguage\":\"es-AR\",\"@id\":\"https:\/\/secure.gravatar.com\/avatar\/910fcf6728fe95320e07a6643c1581fec1c7fc4bf8ae12e3d8f0d0373dc844be?s=96&d=mm&r=g\",\"url\":\"https:\/\/secure.gravatar.com\/avatar\/910fcf6728fe95320e07a6643c1581fec1c7fc4bf8ae12e3d8f0d0373dc844be?s=96&d=mm&r=g\",\"contentUrl\":\"https:\/\/secure.gravatar.com\/avatar\/910fcf6728fe95320e07a6643c1581fec1c7fc4bf8ae12e3d8f0d0373dc844be?s=96&d=mm&r=g\",\"caption\":\"Jorge Mi\u00f1o\"},\"sameAs\":[\"http:\/\/radioinfinitagoya.com.ar\"]}]}<\/script>\n<!-- \/ Yoast SEO plugin. -->","yoast_head_json":{"title":"Milei se reunir\u00e1 con 17 gobernadores el jueves en busca de apoyo pol\u00edtico - Radio Infinita Goya","description":"Desde el gobierno afirman que los mandatarios reunidos en Provincias Unidas fueron convocados tambi\u00e9n, pues se han mostrado dispuestos a debatir","robots":{"index":"index","follow":"follow","max-snippet":"max-snippet:-1","max-image-preview":"max-image-preview:large","max-video-preview":"max-video-preview:-1"},"canonical":"https:\/\/radioinfinitagoya.com.ar\/v1\/2025\/10\/29\/milei-se-reunira-con-17-gobernadores-el-jueves-en-busca-de-apoyo-politico\/","og_locale":"es_ES","og_type":"article","og_title":"Milei se reunir\u00e1 con 17 gobernadores el jueves en busca de apoyo pol\u00edtico - Radio Infinita Goya","og_description":"Desde el gobierno afirman que los mandatarios reunidos en Provincias Unidas fueron convocados tambi\u00e9n, pues se han mostrado dispuestos a debatir","og_url":"https:\/\/radioinfinitagoya.com.ar\/v1\/2025\/10\/29\/milei-se-reunira-con-17-gobernadores-el-jueves-en-busca-de-apoyo-politico\/","og_site_name":"Radio Infinita Goya","article_publisher":"https:\/\/www.facebook.com\/p\/Infinita-Goya-100063870918311\/","article_published_time":"2025-10-29T19:13:21+00:00","og_image":[{"width":680,"height":336,"url":"https:\/\/radioinfinitagoya.com.ar\/v1\/wp-content\/uploads\/2025\/10\/G4YrxCDWcAA_Tsl.jpg","type":"image\/jpeg"}],"author":"Jorge Mi\u00f1o","twitter_card":"summary_large_image","twitter_misc":{"Escrito por":"Jorge Mi\u00f1o","Tiempo de lectura":"4 minutos"},"schema":{"@context":"https:\/\/schema.org","@graph":[{"@type":"Article","@id":"https:\/\/radioinfinitagoya.com.ar\/v1\/2025\/10\/29\/milei-se-reunira-con-17-gobernadores-el-jueves-en-busca-de-apoyo-politico\/#article","isPartOf":{"@id":"https:\/\/radioinfinitagoya.com.ar\/v1\/2025\/10\/29\/milei-se-reunira-con-17-gobernadores-el-jueves-en-busca-de-apoyo-politico\/"},"author":{"name":"Jorge Mi\u00f1o","@id":"https:\/\/radioinfinitagoya.com.ar\/v1\/#\/schema\/person\/d4cf9c413d4f6edb24aabdccab49ca4a"},"headline":"Milei se reunir\u00e1 con 17 gobernadores el jueves en busca de apoyo pol\u00edtico","datePublished":"2025-10-29T19:13:21+00:00","mainEntityOfPage":{"@id":"https:\/\/radioinfinitagoya.com.ar\/v1\/2025\/10\/29\/milei-se-reunira-con-17-gobernadores-el-jueves-en-busca-de-apoyo-politico\/"},"wordCount":744,"publisher":{"@id":"https:\/\/radioinfinitagoya.com.ar\/v1\/#organization"},"image":{"@id":"https:\/\/radioinfinitagoya.com.ar\/v1\/2025\/10\/29\/milei-se-reunira-con-17-gobernadores-el-jueves-en-busca-de-apoyo-politico\/#primaryimage"},"thumbnailUrl":"https:\/\/radioinfinitagoya.com.ar\/v1\/wp-content\/uploads\/2025\/10\/G4YrxCDWcAA_Tsl.jpg","articleSection":["NACIONALES"],"inLanguage":"es-AR"},{"@type":"WebPage","@id":"https:\/\/radioinfinitagoya.com.ar\/v1\/2025\/10\/29\/milei-se-reunira-con-17-gobernadores-el-jueves-en-busca-de-apoyo-politico\/","url":"https:\/\/radioinfinitagoya.com.ar\/v1\/2025\/10\/29\/milei-se-reunira-con-17-gobernadores-el-jueves-en-busca-de-apoyo-politico\/","name":"Milei se reunir\u00e1 con 17 gobernadores el jueves en busca de apoyo pol\u00edtico - Radio Infinita Goya","isPartOf":{"@id":"https:\/\/radioinfinitagoya.com.ar\/v1\/#website"},"primaryImageOfPage":{"@id":"https:\/\/radioinfinitagoya.com.ar\/v1\/2025\/10\/29\/milei-se-reunira-con-17-gobernadores-el-jueves-en-busca-de-apoyo-politico\/#primaryimage"},"image":{"@id":"https:\/\/radioinfinitagoya.com.ar\/v1\/2025\/10\/29\/milei-se-reunira-con-17-gobernadores-el-jueves-en-busca-de-apoyo-politico\/#primaryimage"},"thumbnailUrl":"https:\/\/radioinfinitagoya.com.ar\/v1\/wp-content\/uploads\/2025\/10\/G4YrxCDWcAA_Tsl.jpg","datePublished":"2025-10-29T19:13:21+00:00","description":"Desde el gobierno afirman que los mandatarios reunidos en Provincias Unidas fueron convocados tambi\u00e9n, pues se han mostrado dispuestos a debatir","breadcrumb":{"@id":"https:\/\/radioinfinitagoya.com.ar\/v1\/2025\/10\/29\/milei-se-reunira-con-17-gobernadores-el-jueves-en-busca-de-apoyo-politico\/#breadcrumb"},"inLanguage":"es-AR","potentialAction":[{"@type":"ReadAction","target":["https:\/\/radioinfinitagoya.com.ar\/v1\/2025\/10\/29\/milei-se-reunira-con-17-gobernadores-el-jueves-en-busca-de-apoyo-politico\/"]}]},{"@type":"ImageObject","inLanguage":"es-AR","@id":"https:\/\/radioinfinitagoya.com.ar\/v1\/2025\/10\/29\/milei-se-reunira-con-17-gobernadores-el-jueves-en-busca-de-apoyo-politico\/#primaryimage","url":"https:\/\/radioinfinitagoya.com.ar\/v1\/wp-content\/uploads\/2025\/10\/G4YrxCDWcAA_Tsl.jpg","contentUrl":"https:\/\/radioinfinitagoya.com.ar\/v1\/wp-content\/uploads\/2025\/10\/G4YrxCDWcAA_Tsl.jpg","width":680,"height":336},{"@type":"BreadcrumbList","@id":"https:\/\/radioinfinitagoya.com.ar\/v1\/2025\/10\/29\/milei-se-reunira-con-17-gobernadores-el-jueves-en-busca-de-apoyo-politico\/#breadcrumb","itemListElement":[{"@type":"ListItem","position":1,"name":"Inicio","item":"https:\/\/radioinfinitagoya.com.ar\/v1\/"},{"@type":"ListItem","position":2,"name":"Milei se reunir\u00e1 con 17 gobernadores el jueves en busca de apoyo pol\u00edtico"}]},{"@type":"WebSite","@id":"https:\/\/radioinfinitagoya.com.ar\/v1\/#website","url":"https:\/\/radioinfinitagoya.com.ar\/v1\/","name":"radioinfinitagoya.com.ar","description":"Radio de noticias","publisher":{"@id":"https:\/\/radioinfinitagoya.com.ar\/v1\/#organization"},"potentialAction":[{"@type":"SearchAction","target":{"@type":"EntryPoint","urlTemplate":"https:\/\/radioinfinitagoya.com.ar\/v1\/?s={search_term_string}"},"query-input":{"@type":"PropertyValueSpecification","valueRequired":true,"valueName":"search_term_string"}}],"inLanguage":"es-AR"},{"@type":"Organization","@id":"https:\/\/radioinfinitagoya.com.ar\/v1\/#organization","name":"Radio Infinita Goya","url":"https:\/\/radioinfinitagoya.com.ar\/v1\/","logo":{"@type":"ImageObject","inLanguage":"es-AR","@id":"https:\/\/radioinfinitagoya.com.ar\/v1\/#\/schema\/logo\/image\/","url":"https:\/\/radioinfinitagoya.com.ar\/v1\/wp-content\/uploads\/2019\/11\/logo-pie-web.png","contentUrl":"https:\/\/radioinfinitagoya.com.ar\/v1\/wp-content\/uploads\/2019\/11\/logo-pie-web.png","width":635,"height":326,"caption":"Radio Infinita Goya"},"image":{"@id":"https:\/\/radioinfinitagoya.com.ar\/v1\/#\/schema\/logo\/image\/"},"sameAs":["https:\/\/www.facebook.com\/p\/Infinita-Goya-100063870918311\/"]},{"@type":"Person","@id":"https:\/\/radioinfinitagoya.com.ar\/v1\/#\/schema\/person\/d4cf9c413d4f6edb24aabdccab49ca4a","name":"Jorge Mi\u00f1o","image":{"@type":"ImageObject","inLanguage":"es-AR","@id":"https:\/\/secure.gravatar.com\/avatar\/910fcf6728fe95320e07a6643c1581fec1c7fc4bf8ae12e3d8f0d0373dc844be?s=96&d=mm&r=g","url":"https:\/\/secure.gravatar.com\/avatar\/910fcf6728fe95320e07a6643c1581fec1c7fc4bf8ae12e3d8f0d0373dc844be?s=96&d=mm&r=g","contentUrl":"https:\/\/secure.gravatar.com\/avatar\/910fcf6728fe95320e07a6643c1581fec1c7fc4bf8ae12e3d8f0d0373dc844be?s=96&d=mm&r=g","caption":"Jorge Mi\u00f1o"},"sameAs":["http:\/\/radioinfinitagoya.com.ar"]}]}},"_links":{"self":[{"href":"https:\/\/radioinfinitagoya.com.ar\/v1\/wp-json\/wp\/v2\/posts\/198402","targetHints":{"allow":["GET"]}}],"collection":[{"href":"https:\/\/radioinfinitagoya.com.ar\/v1\/wp-json\/wp\/v2\/posts"}],"about":[{"href":"https:\/\/radioinfinitagoya.com.ar\/v1\/wp-json\/wp\/v2\/types\/post"}],"author":[{"embeddable":true,"href":"https:\/\/radioinfinitagoya.com.ar\/v1\/wp-json\/wp\/v2\/users\/4"}],"replies":[{"embeddable":true,"href":"https:\/\/radioinfinitagoya.com.ar\/v1\/wp-json\/wp\/v2\/comments?post=198402"}],"version-history":[{"count":0,"href":"https:\/\/radioinfinitagoya.com.ar\/v1\/wp-json\/wp\/v2\/posts\/198402\/revisions"}],"wp:featuredmedia":[{"embeddable":true,"href":"https:\/\/radioinfinitagoya.com.ar\/v1\/wp-json\/wp\/v2\/media\/198403"}],"wp:attachment":[{"href":"https:\/\/radioinfinitagoya.com.ar\/v1\/wp-json\/wp\/v2\/media?parent=198402"}],"wp:term":[{"taxonomy":"category","embeddable":true,"href":"https:\/\/radioinfinitagoya.com.ar\/v1\/wp-json\/wp\/v2\/categories?post=198402"},{"taxonomy":"post_tag","embeddable":true,"href":"https:\/\/radioinfinitagoya.com.ar\/v1\/wp-json\/wp\/v2\/tags?post=198402"}],"curies":[{"name":"wp","href":"https:\/\/api.w.org\/{rel}","templated":true}]}}