{"id":198405,"date":"2025-10-29T16:18:30","date_gmt":"2025-10-29T19:18:30","guid":{"rendered":"https:\/\/radioinfinitagoya.com.ar\/v1\/?p=198405"},"modified":"2025-10-29T16:18:30","modified_gmt":"2025-10-29T19:18:30","slug":"andis-aumentara-hasta-un-35-las-prestaciones-para-personas-con-discapacidad","status":"publish","type":"post","link":"https:\/\/radioinfinitagoya.com.ar\/v1\/2025\/10\/29\/andis-aumentara-hasta-un-35-las-prestaciones-para-personas-con-discapacidad\/","title":{"rendered":"Andis aumentar\u00e1 hasta un 35% las prestaciones para personas con discapacidad"},"content":{"rendered":"<p>La Agencia Nacional de Discapacidad inform\u00f3 un incremento escalonado en los valores del nomenclador de prestaciones para personas con discapacidad, que se aplicar\u00e1 entre octubre y diciembre de 2025.<\/p>\n<p>La Agencia Nacional de Discapacidad (Andis) anunci\u00f3 un aumento de entre el 29% y el 35% en los valores del nomenclador que regula los montos abonados a los prestadores de servicios vinculados con la atenci\u00f3n de personas con discapacidad.<\/p>\n<p>La medida, oficializada por resoluci\u00f3n administrativa del Jefe de Gabinete de la Naci\u00f3n, se implementar\u00e1 en tres etapas consecutivas entre octubre y diciembre de 2025.<\/p>\n<p>Seg\u00fan el comunicado oficial, el incremento tiene por objetivo otorgar previsibilidad al sistema de atenci\u00f3n y acompa\u00f1ar la evoluci\u00f3n de los costos en el sector. El ajuste ser\u00e1 escalonado y alcanzar\u00e1 distintas modalidades de prestaci\u00f3n incluidas en el nomenclador nacional, tanto en instituciones p\u00fablicas como privadas.<\/p>\n<p>Beneficios para prestadores y continuidad de servicios<\/p>\n<p>Las autoridades se\u00f1alaron que el aumento beneficiar\u00e1 a profesionales e instituciones que brindan servicios de internaci\u00f3n, transporte especializado, acompa\u00f1amiento educativo y laboral, atenci\u00f3n m\u00e9dica y programas de rehabilitaci\u00f3n. Adem\u00e1s, se busca garantizar la calidad y continuidad de las prestaciones en un contexto de revisi\u00f3n integral del sistema de financiamiento.<\/p>\n<p>De acuerdo con la ANDIS, los nuevos valores permitir\u00e1n mantener las tarifas de referencia por encima de la inflaci\u00f3n proyectada para el pr\u00f3ximo a\u00f1o, fortaleciendo la relaci\u00f3n entre el Estado, los prestadores y las obras sociales.<\/p>\n<p>Rectificaci\u00f3n de normas sobre pensiones no contributivas<\/p>\n<p>En paralelo, el organismo rectific\u00f3 recientemente una norma vinculada a la publicaci\u00f3n de resoluciones sobre pensiones no contributivas. Mediante la Resoluci\u00f3n 13.653\/2025, publicada en el Bolet\u00edn Oficial, se corrigi\u00f3 una omisi\u00f3n formal en la Resoluci\u00f3n 12.621\/2025, que hab\u00eda restablecido beneficios suspendidos por invalidez laboral, en cumplimiento de una medida cautelar dispuesta por el Juzgado Federal N.\u00ba 2 de Catamarca.<\/p>\n<p>Fallo judicial con alcance nacional<\/p>\n<p>Esa misma causa judicial deriv\u00f3 en una decisi\u00f3n con alcance nacional: el tribunal orden\u00f3 a la ANDIS restituir las pensiones no contributivas por invalidez suspendidas y abstenerse de realizar nuevas bajas o auditor\u00edas en el marco del Decreto 843\/2024, hasta que se dicte una sentencia definitiva.<\/p>\n<p>La resoluci\u00f3n judicial dispone adem\u00e1s el pago retroactivo de los haberes desde la fecha de suspensi\u00f3n. La medida responde a un amparo presentado por el Defensor del Pueblo de Catamarca y diversas organizaciones de derechos humanos y asociaciones de personas con discapacidad, que denunciaron irregularidades en los procesos de auditor\u00eda y notificaci\u00f3n.<\/p>\n<p>Alcance y cifras de las suspensiones<br \/>\nSeg\u00fan datos oficiales, de las 997.654 cartas documento enviadas por la ANDIS durante las revisiones, m\u00e1s de la mitad \u2014504.802\u2014 no pudieron ser entregadas, con porcentajes superiores al 70% en provincias del norte del pa\u00eds. Antes del fallo judicial, se hab\u00edan suspendido 111.463 pensiones.<\/p>\n<p>Desaf\u00edos de la ANDIS<\/p>\n<p>Con estas decisiones, la Agencia Nacional de Discapacidad enfrenta simult\u00e1neamente el desaf\u00edo de actualizar los valores del sistema de atenci\u00f3n y cumplir con los requerimientos judiciales y administrativos vinculados a la restituci\u00f3n de derechos de los beneficiarios.<\/p>\n<p>&nbsp;<\/p>\n","protected":false},"excerpt":{"rendered":"<p>La Agencia Nacional de Discapacidad inform\u00f3 un incremento escalonado en los valores del nomenclador de prestaciones para personas con discapacidad, que se aplicar\u00e1 entre octubre y diciembre de 2025. La Agencia Nacional de Discapacidad (Andis) anunci\u00f3 un aumento de entre el 29% y el 35% en los valores del nomenclador que regula los montos abonados [&hellip;]<\/p>\n","protected":false},"author":4,"featured_media":198406,"comment_status":"closed","ping_status":"closed","sticky":false,"template":"","format":"standard","meta":{"_joinchat":[],"footnotes":""},"categories":[29],"tags":[],"class_list":{"0":"post-198405","1":"post","2":"type-post","3":"status-publish","4":"format-standard","5":"has-post-thumbnail","7":"category-nacionales"},"yoast_head":"<!-- This site is optimized with the Yoast SEO plugin v27.2 - https:\/\/yoast.com\/product\/yoast-seo-wordpress\/ -->\n<title>Andis aumentar\u00e1 hasta un 35% las prestaciones para personas con discapacidad - Radio Infinita Goya<\/title>\n<meta name=\"description\" content=\"La Agencia Nacional de Discapacidad inform\u00f3 un incremento escalonado en los valores del nomenclador de prestaciones para personas con discapacidad, que se\" \/>\n<meta name=\"robots\" content=\"index, follow, max-snippet:-1, max-image-preview:large, max-video-preview:-1\" \/>\n<link rel=\"canonical\" href=\"https:\/\/radioinfinitagoya.com.ar\/v1\/2025\/10\/29\/andis-aumentara-hasta-un-35-las-prestaciones-para-personas-con-discapacidad\/\" \/>\n<meta property=\"og:locale\" content=\"es_ES\" \/>\n<meta property=\"og:type\" content=\"article\" \/>\n<meta property=\"og:title\" content=\"Andis aumentar\u00e1 hasta un 35% las prestaciones para personas con discapacidad - Radio Infinita Goya\" \/>\n<meta property=\"og:description\" content=\"La Agencia Nacional de Discapacidad inform\u00f3 un incremento escalonado en los valores del nomenclador de prestaciones para personas con discapacidad, que se\" \/>\n<meta property=\"og:url\" content=\"https:\/\/radioinfinitagoya.com.ar\/v1\/2025\/10\/29\/andis-aumentara-hasta-un-35-las-prestaciones-para-personas-con-discapacidad\/\" \/>\n<meta property=\"og:site_name\" content=\"Radio Infinita Goya\" \/>\n<meta property=\"article:publisher\" content=\"https:\/\/www.facebook.com\/p\/Infinita-Goya-100063870918311\/\" \/>\n<meta property=\"article:published_time\" content=\"2025-10-29T19:18:30+00:00\" \/>\n<meta property=\"og:image\" content=\"https:\/\/radioinfinitagoya.com.ar\/v1\/wp-content\/uploads\/2025\/10\/G4cifYyXoAAKfmW.jpg\" \/>\n\t<meta property=\"og:image:width\" content=\"680\" \/>\n\t<meta property=\"og:image:height\" content=\"383\" \/>\n\t<meta property=\"og:image:type\" content=\"image\/jpeg\" \/>\n<meta name=\"author\" content=\"Jorge Mi\u00f1o\" \/>\n<meta name=\"twitter:card\" content=\"summary_large_image\" \/>\n<meta name=\"twitter:label1\" content=\"Escrito por\" \/>\n\t<meta name=\"twitter:data1\" content=\"Jorge Mi\u00f1o\" \/>\n\t<meta name=\"twitter:label2\" content=\"Tiempo de lectura\" \/>\n\t<meta name=\"twitter:data2\" content=\"3 minutos\" \/>\n<script type=\"application\/ld+json\" class=\"yoast-schema-graph\">{\"@context\":\"https:\/\/schema.org\",\"@graph\":[{\"@type\":\"Article\",\"@id\":\"https:\/\/radioinfinitagoya.com.ar\/v1\/2025\/10\/29\/andis-aumentara-hasta-un-35-las-prestaciones-para-personas-con-discapacidad\/#article\",\"isPartOf\":{\"@id\":\"https:\/\/radioinfinitagoya.com.ar\/v1\/2025\/10\/29\/andis-aumentara-hasta-un-35-las-prestaciones-para-personas-con-discapacidad\/\"},\"author\":{\"name\":\"Jorge Mi\u00f1o\",\"@id\":\"https:\/\/radioinfinitagoya.com.ar\/v1\/#\/schema\/person\/d4cf9c413d4f6edb24aabdccab49ca4a\"},\"headline\":\"Andis aumentar\u00e1 hasta un 35% las prestaciones para personas con discapacidad\",\"datePublished\":\"2025-10-29T19:18:30+00:00\",\"mainEntityOfPage\":{\"@id\":\"https:\/\/radioinfinitagoya.com.ar\/v1\/2025\/10\/29\/andis-aumentara-hasta-un-35-las-prestaciones-para-personas-con-discapacidad\/\"},\"wordCount\":535,\"publisher\":{\"@id\":\"https:\/\/radioinfinitagoya.com.ar\/v1\/#organization\"},\"image\":{\"@id\":\"https:\/\/radioinfinitagoya.com.ar\/v1\/2025\/10\/29\/andis-aumentara-hasta-un-35-las-prestaciones-para-personas-con-discapacidad\/#primaryimage\"},\"thumbnailUrl\":\"https:\/\/radioinfinitagoya.com.ar\/v1\/wp-content\/uploads\/2025\/10\/G4cifYyXoAAKfmW.jpg\",\"articleSection\":[\"NACIONALES\"],\"inLanguage\":\"es-AR\"},{\"@type\":\"WebPage\",\"@id\":\"https:\/\/radioinfinitagoya.com.ar\/v1\/2025\/10\/29\/andis-aumentara-hasta-un-35-las-prestaciones-para-personas-con-discapacidad\/\",\"url\":\"https:\/\/radioinfinitagoya.com.ar\/v1\/2025\/10\/29\/andis-aumentara-hasta-un-35-las-prestaciones-para-personas-con-discapacidad\/\",\"name\":\"Andis aumentar\u00e1 hasta un 35% las prestaciones para personas con discapacidad - Radio Infinita Goya\",\"isPartOf\":{\"@id\":\"https:\/\/radioinfinitagoya.com.ar\/v1\/#website\"},\"primaryImageOfPage\":{\"@id\":\"https:\/\/radioinfinitagoya.com.ar\/v1\/2025\/10\/29\/andis-aumentara-hasta-un-35-las-prestaciones-para-personas-con-discapacidad\/#primaryimage\"},\"image\":{\"@id\":\"https:\/\/radioinfinitagoya.com.ar\/v1\/2025\/10\/29\/andis-aumentara-hasta-un-35-las-prestaciones-para-personas-con-discapacidad\/#primaryimage\"},\"thumbnailUrl\":\"https:\/\/radioinfinitagoya.com.ar\/v1\/wp-content\/uploads\/2025\/10\/G4cifYyXoAAKfmW.jpg\",\"datePublished\":\"2025-10-29T19:18:30+00:00\",\"description\":\"La Agencia Nacional de Discapacidad inform\u00f3 un incremento escalonado en los valores del nomenclador de prestaciones para personas con discapacidad, que se\",\"breadcrumb\":{\"@id\":\"https:\/\/radioinfinitagoya.com.ar\/v1\/2025\/10\/29\/andis-aumentara-hasta-un-35-las-prestaciones-para-personas-con-discapacidad\/#breadcrumb\"},\"inLanguage\":\"es-AR\",\"potentialAction\":[{\"@type\":\"ReadAction\",\"target\":[\"https:\/\/radioinfinitagoya.com.ar\/v1\/2025\/10\/29\/andis-aumentara-hasta-un-35-las-prestaciones-para-personas-con-discapacidad\/\"]}]},{\"@type\":\"ImageObject\",\"inLanguage\":\"es-AR\",\"@id\":\"https:\/\/radioinfinitagoya.com.ar\/v1\/2025\/10\/29\/andis-aumentara-hasta-un-35-las-prestaciones-para-personas-con-discapacidad\/#primaryimage\",\"url\":\"https:\/\/radioinfinitagoya.com.ar\/v1\/wp-content\/uploads\/2025\/10\/G4cifYyXoAAKfmW.jpg\",\"contentUrl\":\"https:\/\/radioinfinitagoya.com.ar\/v1\/wp-content\/uploads\/2025\/10\/G4cifYyXoAAKfmW.jpg\",\"width\":680,\"height\":383},{\"@type\":\"BreadcrumbList\",\"@id\":\"https:\/\/radioinfinitagoya.com.ar\/v1\/2025\/10\/29\/andis-aumentara-hasta-un-35-las-prestaciones-para-personas-con-discapacidad\/#breadcrumb\",\"itemListElement\":[{\"@type\":\"ListItem\",\"position\":1,\"name\":\"Inicio\",\"item\":\"https:\/\/radioinfinitagoya.com.ar\/v1\/\"},{\"@type\":\"ListItem\",\"position\":2,\"name\":\"Andis aumentar\u00e1 hasta un 35% las prestaciones para personas con discapacidad\"}]},{\"@type\":\"WebSite\",\"@id\":\"https:\/\/radioinfinitagoya.com.ar\/v1\/#website\",\"url\":\"https:\/\/radioinfinitagoya.com.ar\/v1\/\",\"name\":\"radioinfinitagoya.com.ar\",\"description\":\"Radio de noticias\",\"publisher\":{\"@id\":\"https:\/\/radioinfinitagoya.com.ar\/v1\/#organization\"},\"potentialAction\":[{\"@type\":\"SearchAction\",\"target\":{\"@type\":\"EntryPoint\",\"urlTemplate\":\"https:\/\/radioinfinitagoya.com.ar\/v1\/?s={search_term_string}\"},\"query-input\":{\"@type\":\"PropertyValueSpecification\",\"valueRequired\":true,\"valueName\":\"search_term_string\"}}],\"inLanguage\":\"es-AR\"},{\"@type\":\"Organization\",\"@id\":\"https:\/\/radioinfinitagoya.com.ar\/v1\/#organization\",\"name\":\"Radio Infinita Goya\",\"url\":\"https:\/\/radioinfinitagoya.com.ar\/v1\/\",\"logo\":{\"@type\":\"ImageObject\",\"inLanguage\":\"es-AR\",\"@id\":\"https:\/\/radioinfinitagoya.com.ar\/v1\/#\/schema\/logo\/image\/\",\"url\":\"https:\/\/radioinfinitagoya.com.ar\/v1\/wp-content\/uploads\/2019\/11\/logo-pie-web.png\",\"contentUrl\":\"https:\/\/radioinfinitagoya.com.ar\/v1\/wp-content\/uploads\/2019\/11\/logo-pie-web.png\",\"width\":635,\"height\":326,\"caption\":\"Radio Infinita Goya\"},\"image\":{\"@id\":\"https:\/\/radioinfinitagoya.com.ar\/v1\/#\/schema\/logo\/image\/\"},\"sameAs\":[\"https:\/\/www.facebook.com\/p\/Infinita-Goya-100063870918311\/\"]},{\"@type\":\"Person\",\"@id\":\"https:\/\/radioinfinitagoya.com.ar\/v1\/#\/schema\/person\/d4cf9c413d4f6edb24aabdccab49ca4a\",\"name\":\"Jorge Mi\u00f1o\",\"image\":{\"@type\":\"ImageObject\",\"inLanguage\":\"es-AR\",\"@id\":\"https:\/\/secure.gravatar.com\/avatar\/910fcf6728fe95320e07a6643c1581fec1c7fc4bf8ae12e3d8f0d0373dc844be?s=96&d=mm&r=g\",\"url\":\"https:\/\/secure.gravatar.com\/avatar\/910fcf6728fe95320e07a6643c1581fec1c7fc4bf8ae12e3d8f0d0373dc844be?s=96&d=mm&r=g\",\"contentUrl\":\"https:\/\/secure.gravatar.com\/avatar\/910fcf6728fe95320e07a6643c1581fec1c7fc4bf8ae12e3d8f0d0373dc844be?s=96&d=mm&r=g\",\"caption\":\"Jorge Mi\u00f1o\"},\"sameAs\":[\"http:\/\/radioinfinitagoya.com.ar\"]}]}<\/script>\n<!-- \/ Yoast SEO plugin. -->","yoast_head_json":{"title":"Andis aumentar\u00e1 hasta un 35% las prestaciones para personas con discapacidad - Radio Infinita Goya","description":"La Agencia Nacional de Discapacidad inform\u00f3 un incremento escalonado en los valores del nomenclador de prestaciones para personas con discapacidad, que se","robots":{"index":"index","follow":"follow","max-snippet":"max-snippet:-1","max-image-preview":"max-image-preview:large","max-video-preview":"max-video-preview:-1"},"canonical":"https:\/\/radioinfinitagoya.com.ar\/v1\/2025\/10\/29\/andis-aumentara-hasta-un-35-las-prestaciones-para-personas-con-discapacidad\/","og_locale":"es_ES","og_type":"article","og_title":"Andis aumentar\u00e1 hasta un 35% las prestaciones para personas con discapacidad - Radio Infinita Goya","og_description":"La Agencia Nacional de Discapacidad inform\u00f3 un incremento escalonado en los valores del nomenclador de prestaciones para personas con discapacidad, que se","og_url":"https:\/\/radioinfinitagoya.com.ar\/v1\/2025\/10\/29\/andis-aumentara-hasta-un-35-las-prestaciones-para-personas-con-discapacidad\/","og_site_name":"Radio Infinita Goya","article_publisher":"https:\/\/www.facebook.com\/p\/Infinita-Goya-100063870918311\/","article_published_time":"2025-10-29T19:18:30+00:00","og_image":[{"width":680,"height":383,"url":"https:\/\/radioinfinitagoya.com.ar\/v1\/wp-content\/uploads\/2025\/10\/G4cifYyXoAAKfmW.jpg","type":"image\/jpeg"}],"author":"Jorge Mi\u00f1o","twitter_card":"summary_large_image","twitter_misc":{"Escrito por":"Jorge Mi\u00f1o","Tiempo de lectura":"3 minutos"},"schema":{"@context":"https:\/\/schema.org","@graph":[{"@type":"Article","@id":"https:\/\/radioinfinitagoya.com.ar\/v1\/2025\/10\/29\/andis-aumentara-hasta-un-35-las-prestaciones-para-personas-con-discapacidad\/#article","isPartOf":{"@id":"https:\/\/radioinfinitagoya.com.ar\/v1\/2025\/10\/29\/andis-aumentara-hasta-un-35-las-prestaciones-para-personas-con-discapacidad\/"},"author":{"name":"Jorge Mi\u00f1o","@id":"https:\/\/radioinfinitagoya.com.ar\/v1\/#\/schema\/person\/d4cf9c413d4f6edb24aabdccab49ca4a"},"headline":"Andis aumentar\u00e1 hasta un 35% las prestaciones para personas con discapacidad","datePublished":"2025-10-29T19:18:30+00:00","mainEntityOfPage":{"@id":"https:\/\/radioinfinitagoya.com.ar\/v1\/2025\/10\/29\/andis-aumentara-hasta-un-35-las-prestaciones-para-personas-con-discapacidad\/"},"wordCount":535,"publisher":{"@id":"https:\/\/radioinfinitagoya.com.ar\/v1\/#organization"},"image":{"@id":"https:\/\/radioinfinitagoya.com.ar\/v1\/2025\/10\/29\/andis-aumentara-hasta-un-35-las-prestaciones-para-personas-con-discapacidad\/#primaryimage"},"thumbnailUrl":"https:\/\/radioinfinitagoya.com.ar\/v1\/wp-content\/uploads\/2025\/10\/G4cifYyXoAAKfmW.jpg","articleSection":["NACIONALES"],"inLanguage":"es-AR"},{"@type":"WebPage","@id":"https:\/\/radioinfinitagoya.com.ar\/v1\/2025\/10\/29\/andis-aumentara-hasta-un-35-las-prestaciones-para-personas-con-discapacidad\/","url":"https:\/\/radioinfinitagoya.com.ar\/v1\/2025\/10\/29\/andis-aumentara-hasta-un-35-las-prestaciones-para-personas-con-discapacidad\/","name":"Andis aumentar\u00e1 hasta un 35% las prestaciones para personas con discapacidad - Radio Infinita Goya","isPartOf":{"@id":"https:\/\/radioinfinitagoya.com.ar\/v1\/#website"},"primaryImageOfPage":{"@id":"https:\/\/radioinfinitagoya.com.ar\/v1\/2025\/10\/29\/andis-aumentara-hasta-un-35-las-prestaciones-para-personas-con-discapacidad\/#primaryimage"},"image":{"@id":"https:\/\/radioinfinitagoya.com.ar\/v1\/2025\/10\/29\/andis-aumentara-hasta-un-35-las-prestaciones-para-personas-con-discapacidad\/#primaryimage"},"thumbnailUrl":"https:\/\/radioinfinitagoya.com.ar\/v1\/wp-content\/uploads\/2025\/10\/G4cifYyXoAAKfmW.jpg","datePublished":"2025-10-29T19:18:30+00:00","description":"La Agencia Nacional de Discapacidad inform\u00f3 un incremento escalonado en los valores del nomenclador de prestaciones para personas con discapacidad, que se","breadcrumb":{"@id":"https:\/\/radioinfinitagoya.com.ar\/v1\/2025\/10\/29\/andis-aumentara-hasta-un-35-las-prestaciones-para-personas-con-discapacidad\/#breadcrumb"},"inLanguage":"es-AR","potentialAction":[{"@type":"ReadAction","target":["https:\/\/radioinfinitagoya.com.ar\/v1\/2025\/10\/29\/andis-aumentara-hasta-un-35-las-prestaciones-para-personas-con-discapacidad\/"]}]},{"@type":"ImageObject","inLanguage":"es-AR","@id":"https:\/\/radioinfinitagoya.com.ar\/v1\/2025\/10\/29\/andis-aumentara-hasta-un-35-las-prestaciones-para-personas-con-discapacidad\/#primaryimage","url":"https:\/\/radioinfinitagoya.com.ar\/v1\/wp-content\/uploads\/2025\/10\/G4cifYyXoAAKfmW.jpg","contentUrl":"https:\/\/radioinfinitagoya.com.ar\/v1\/wp-content\/uploads\/2025\/10\/G4cifYyXoAAKfmW.jpg","width":680,"height":383},{"@type":"BreadcrumbList","@id":"https:\/\/radioinfinitagoya.com.ar\/v1\/2025\/10\/29\/andis-aumentara-hasta-un-35-las-prestaciones-para-personas-con-discapacidad\/#breadcrumb","itemListElement":[{"@type":"ListItem","position":1,"name":"Inicio","item":"https:\/\/radioinfinitagoya.com.ar\/v1\/"},{"@type":"ListItem","position":2,"name":"Andis aumentar\u00e1 hasta un 35% las prestaciones para personas con discapacidad"}]},{"@type":"WebSite","@id":"https:\/\/radioinfinitagoya.com.ar\/v1\/#website","url":"https:\/\/radioinfinitagoya.com.ar\/v1\/","name":"radioinfinitagoya.com.ar","description":"Radio de noticias","publisher":{"@id":"https:\/\/radioinfinitagoya.com.ar\/v1\/#organization"},"potentialAction":[{"@type":"SearchAction","target":{"@type":"EntryPoint","urlTemplate":"https:\/\/radioinfinitagoya.com.ar\/v1\/?s={search_term_string}"},"query-input":{"@type":"PropertyValueSpecification","valueRequired":true,"valueName":"search_term_string"}}],"inLanguage":"es-AR"},{"@type":"Organization","@id":"https:\/\/radioinfinitagoya.com.ar\/v1\/#organization","name":"Radio Infinita Goya","url":"https:\/\/radioinfinitagoya.com.ar\/v1\/","logo":{"@type":"ImageObject","inLanguage":"es-AR","@id":"https:\/\/radioinfinitagoya.com.ar\/v1\/#\/schema\/logo\/image\/","url":"https:\/\/radioinfinitagoya.com.ar\/v1\/wp-content\/uploads\/2019\/11\/logo-pie-web.png","contentUrl":"https:\/\/radioinfinitagoya.com.ar\/v1\/wp-content\/uploads\/2019\/11\/logo-pie-web.png","width":635,"height":326,"caption":"Radio Infinita Goya"},"image":{"@id":"https:\/\/radioinfinitagoya.com.ar\/v1\/#\/schema\/logo\/image\/"},"sameAs":["https:\/\/www.facebook.com\/p\/Infinita-Goya-100063870918311\/"]},{"@type":"Person","@id":"https:\/\/radioinfinitagoya.com.ar\/v1\/#\/schema\/person\/d4cf9c413d4f6edb24aabdccab49ca4a","name":"Jorge Mi\u00f1o","image":{"@type":"ImageObject","inLanguage":"es-AR","@id":"https:\/\/secure.gravatar.com\/avatar\/910fcf6728fe95320e07a6643c1581fec1c7fc4bf8ae12e3d8f0d0373dc844be?s=96&d=mm&r=g","url":"https:\/\/secure.gravatar.com\/avatar\/910fcf6728fe95320e07a6643c1581fec1c7fc4bf8ae12e3d8f0d0373dc844be?s=96&d=mm&r=g","contentUrl":"https:\/\/secure.gravatar.com\/avatar\/910fcf6728fe95320e07a6643c1581fec1c7fc4bf8ae12e3d8f0d0373dc844be?s=96&d=mm&r=g","caption":"Jorge Mi\u00f1o"},"sameAs":["http:\/\/radioinfinitagoya.com.ar"]}]}},"_links":{"self":[{"href":"https:\/\/radioinfinitagoya.com.ar\/v1\/wp-json\/wp\/v2\/posts\/198405","targetHints":{"allow":["GET"]}}],"collection":[{"href":"https:\/\/radioinfinitagoya.com.ar\/v1\/wp-json\/wp\/v2\/posts"}],"about":[{"href":"https:\/\/radioinfinitagoya.com.ar\/v1\/wp-json\/wp\/v2\/types\/post"}],"author":[{"embeddable":true,"href":"https:\/\/radioinfinitagoya.com.ar\/v1\/wp-json\/wp\/v2\/users\/4"}],"replies":[{"embeddable":true,"href":"https:\/\/radioinfinitagoya.com.ar\/v1\/wp-json\/wp\/v2\/comments?post=198405"}],"version-history":[{"count":0,"href":"https:\/\/radioinfinitagoya.com.ar\/v1\/wp-json\/wp\/v2\/posts\/198405\/revisions"}],"wp:featuredmedia":[{"embeddable":true,"href":"https:\/\/radioinfinitagoya.com.ar\/v1\/wp-json\/wp\/v2\/media\/198406"}],"wp:attachment":[{"href":"https:\/\/radioinfinitagoya.com.ar\/v1\/wp-json\/wp\/v2\/media?parent=198405"}],"wp:term":[{"taxonomy":"category","embeddable":true,"href":"https:\/\/radioinfinitagoya.com.ar\/v1\/wp-json\/wp\/v2\/categories?post=198405"},{"taxonomy":"post_tag","embeddable":true,"href":"https:\/\/radioinfinitagoya.com.ar\/v1\/wp-json\/wp\/v2\/tags?post=198405"}],"curies":[{"name":"wp","href":"https:\/\/api.w.org\/{rel}","templated":true}]}}