{"id":198408,"date":"2025-10-29T16:23:39","date_gmt":"2025-10-29T19:23:39","guid":{"rendered":"https:\/\/radioinfinitagoya.com.ar\/v1\/?p=198408"},"modified":"2025-10-29T16:23:39","modified_gmt":"2025-10-29T19:23:39","slug":"el-atletico-mineiro-de-sampaoli-vencio-3-1-a-independiente-del-valle","status":"publish","type":"post","link":"https:\/\/radioinfinitagoya.com.ar\/v1\/2025\/10\/29\/el-atletico-mineiro-de-sampaoli-vencio-3-1-a-independiente-del-valle\/","title":{"rendered":"El Atl\u00e9tico Mineiro de Sampaoli venci\u00f3 3-1 a Independiente del Valle"},"content":{"rendered":"<p>Y es finalista de la Sudamericana<\/p>\n<p>El equipo brasile\u00f1o se impuso en la revancha y tras el 1-1 en la ida sell\u00f3 su pase al partido decisivo. Espera por el vencedor de Lan\u00fas-Universidad de Chile<\/p>\n<p>La Copa Sudamericana tiene a su primer finalista de su presente edici\u00f3n y se trata de Atl\u00e9tico Mineiro, que venci\u00f3 3-1 a Independiente del Valle en el partido de vuelta por la semifinal, disputado este martes en el Arena MRV. En la ida hab\u00edan igualado 1-1 (global 4-2). El equipo dirigido por el argentino Jorge Sampaoli se impuso con los goles de Guilherme Arana, Bernard y Hulk. El bonaerense Claudio Spinelli descont\u00f3 para el elenco ecuatoriano.<\/p>\n<p>El equipo brasile\u00f1o fue superior y capitaliz\u00f3 los errores del conjunto conducido por Javier Rabanal. Tres errores permitieron los tantos del Galo que por primera vez jugar\u00e1 la final del segundo torneo continental.<\/p>\n<p>Desde el inicio, el equipo dirigido por Sampaoli mostr\u00f3 una propuesta ofensiva y una presi\u00f3n alta que asfixi\u00f3 a su rival. Durante los primeros 45 minutos, el dominio local fue absoluto, reflej\u00e1ndose en el marcador con dos goles que encaminaron la eliminatoria. El primero lleg\u00f3 en el minuto 36, cuando Dudu recuper\u00f3 el bal\u00f3n tras un error en la salida de los ecuatorianos y asisti\u00f3 a Guilherme Arana, quien defini\u00f3 con potencia para abrir el marcador.<\/p>\n<p>El segundo tanto, que ampli\u00f3 la ventaja antes del descanso, fue obra de Bernard. En una jugada que evidenci\u00f3 la capacidad ofensiva del Atl\u00e9tico Mineiro, Dudu condujo desde tres cuartos de cancha y filtr\u00f3 un pase preciso a Bernard, quien dentro del \u00e1rea resolvi\u00f3 con una definici\u00f3n sutil para superar al arquero Guido Villar.<\/p>\n<p>A pesar de la desventaja, Independiente del Valle intent\u00f3 reaccionar en la segunda parte. El t\u00e9cnico espa\u00f1ol Rabanal apost\u00f3 por el regreso de Mateo Carabajal en defensa, aunque las ausencias de Andy Velasco y Juan Cazares se hicieron sentir en el funcionamiento colectivo. Ni Junior Sornoza ni Michael Hoyos lograron generar peligro en ataque, y el bloque defensivo ecuatoriano sufri\u00f3 ante la velocidad y precisi\u00f3n de los brasile\u00f1os.<\/p>\n<p>El conjunto ecuatoriano, que hab\u00eda conquistado el torneo en 2019 y 2022, encontr\u00f3 un respiro en el minuto 64, cuando el argentino Claudio Paul Spinelli descont\u00f3 y devolvi\u00f3 la esperanza de una remontada. El gol del P\u00e1jaro reaviv\u00f3 las ilusiones de Independiente del Valle, pero la respuesta del Atl\u00e9tico Mineiro no se hizo esperar. Apenas nueve minutos despu\u00e9s, Hulk sentenci\u00f3 la serie con un nuevo tanto, estableciendo el 4-2 global y disipando cualquier posibilidad de reacci\u00f3n visitante.<\/p>\n<p>La actuaci\u00f3n de Guido Villar, especialmente en los primeros minutos, no alcanz\u00f3 para el conjunto ecuatoriano que se vio superado por su rival brasile\u00f1o. El Atl\u00e9tico Mineiro demostr\u00f3 jerarqu\u00eda y eficacia, consolid\u00e1ndose como uno de los equipos m\u00e1s s\u00f3lidos del continente y asegurando su regreso a una final internacional luego de un a\u00f1o, ya que en 2024 perdi\u00f3 la de la Copa Libertadores frente al Botafogo en Buenos Aires, en el choque disputado en el Estadio Monumental.<\/p>\n<p>El Atl\u00e9tico Mineiro espera por el vencedor de Lan\u00fas-Universidad de Chile, que en el duelo de ida en Santiago empataron 2-2. La revancha ser\u00e1 este jueves en La Fortaleza Granate. La final se llevar\u00e1 a cabo el 22 de noviembre en Asunci\u00f3n, en un estadio que a\u00fan resta confirmar.<\/p>\n","protected":false},"excerpt":{"rendered":"<p>Y es finalista de la Sudamericana El equipo brasile\u00f1o se impuso en la revancha y tras el 1-1 en la ida sell\u00f3 su pase al partido decisivo. Espera por el vencedor de Lan\u00fas-Universidad de Chile La Copa Sudamericana tiene a su primer finalista de su presente edici\u00f3n y se trata de Atl\u00e9tico Mineiro, que venci\u00f3 [&hellip;]<\/p>\n","protected":false},"author":4,"featured_media":198409,"comment_status":"closed","ping_status":"closed","sticky":false,"template":"","format":"standard","meta":{"_joinchat":[],"footnotes":""},"categories":[28],"tags":[],"class_list":{"0":"post-198408","1":"post","2":"type-post","3":"status-publish","4":"format-standard","5":"has-post-thumbnail","7":"category-deportes"},"yoast_head":"<!-- This site is optimized with the Yoast SEO plugin v27.2 - https:\/\/yoast.com\/product\/yoast-seo-wordpress\/ -->\n<title>El Atl\u00e9tico Mineiro de Sampaoli venci\u00f3 3-1 a Independiente del Valle - Radio Infinita Goya<\/title>\n<meta name=\"description\" content=\"Y es finalista de la Sudamericana El equipo brasile\u00f1o se impuso en la revancha y tras el 1-1 en la ida sell\u00f3 su pase al partido decisivo. Espera por el\" \/>\n<meta name=\"robots\" content=\"index, follow, max-snippet:-1, max-image-preview:large, max-video-preview:-1\" \/>\n<link rel=\"canonical\" href=\"https:\/\/radioinfinitagoya.com.ar\/v1\/2025\/10\/29\/el-atletico-mineiro-de-sampaoli-vencio-3-1-a-independiente-del-valle\/\" \/>\n<meta property=\"og:locale\" content=\"es_ES\" \/>\n<meta property=\"og:type\" content=\"article\" \/>\n<meta property=\"og:title\" content=\"El Atl\u00e9tico Mineiro de Sampaoli venci\u00f3 3-1 a Independiente del Valle - Radio Infinita Goya\" \/>\n<meta property=\"og:description\" content=\"Y es finalista de la Sudamericana El equipo brasile\u00f1o se impuso en la revancha y tras el 1-1 en la ida sell\u00f3 su pase al partido decisivo. Espera por el\" \/>\n<meta property=\"og:url\" content=\"https:\/\/radioinfinitagoya.com.ar\/v1\/2025\/10\/29\/el-atletico-mineiro-de-sampaoli-vencio-3-1-a-independiente-del-valle\/\" \/>\n<meta property=\"og:site_name\" content=\"Radio Infinita Goya\" \/>\n<meta property=\"article:publisher\" content=\"https:\/\/www.facebook.com\/p\/Infinita-Goya-100063870918311\/\" \/>\n<meta property=\"article:published_time\" content=\"2025-10-29T19:23:39+00:00\" \/>\n<meta name=\"author\" content=\"Jorge Mi\u00f1o\" \/>\n<meta name=\"twitter:card\" content=\"summary_large_image\" \/>\n<meta name=\"twitter:label1\" content=\"Escrito por\" \/>\n\t<meta name=\"twitter:data1\" content=\"Jorge Mi\u00f1o\" \/>\n\t<meta name=\"twitter:label2\" content=\"Tiempo de lectura\" \/>\n\t<meta name=\"twitter:data2\" content=\"3 minutos\" \/>\n<script type=\"application\/ld+json\" class=\"yoast-schema-graph\">{\"@context\":\"https:\/\/schema.org\",\"@graph\":[{\"@type\":\"Article\",\"@id\":\"https:\/\/radioinfinitagoya.com.ar\/v1\/2025\/10\/29\/el-atletico-mineiro-de-sampaoli-vencio-3-1-a-independiente-del-valle\/#article\",\"isPartOf\":{\"@id\":\"https:\/\/radioinfinitagoya.com.ar\/v1\/2025\/10\/29\/el-atletico-mineiro-de-sampaoli-vencio-3-1-a-independiente-del-valle\/\"},\"author\":{\"name\":\"Jorge Mi\u00f1o\",\"@id\":\"https:\/\/radioinfinitagoya.com.ar\/v1\/#\/schema\/person\/d4cf9c413d4f6edb24aabdccab49ca4a\"},\"headline\":\"El Atl\u00e9tico Mineiro de Sampaoli venci\u00f3 3-1 a Independiente del Valle\",\"datePublished\":\"2025-10-29T19:23:39+00:00\",\"mainEntityOfPage\":{\"@id\":\"https:\/\/radioinfinitagoya.com.ar\/v1\/2025\/10\/29\/el-atletico-mineiro-de-sampaoli-vencio-3-1-a-independiente-del-valle\/\"},\"wordCount\":582,\"publisher\":{\"@id\":\"https:\/\/radioinfinitagoya.com.ar\/v1\/#organization\"},\"image\":{\"@id\":\"https:\/\/radioinfinitagoya.com.ar\/v1\/2025\/10\/29\/el-atletico-mineiro-de-sampaoli-vencio-3-1-a-independiente-del-valle\/#primaryimage\"},\"thumbnailUrl\":\"https:\/\/radioinfinitagoya.com.ar\/v1\/wp-content\/uploads\/2025\/10\/KBXDOOY6TJDHXHSO73HG6IYPO4.avif\",\"articleSection\":[\"DEPORTES\"],\"inLanguage\":\"es-AR\"},{\"@type\":\"WebPage\",\"@id\":\"https:\/\/radioinfinitagoya.com.ar\/v1\/2025\/10\/29\/el-atletico-mineiro-de-sampaoli-vencio-3-1-a-independiente-del-valle\/\",\"url\":\"https:\/\/radioinfinitagoya.com.ar\/v1\/2025\/10\/29\/el-atletico-mineiro-de-sampaoli-vencio-3-1-a-independiente-del-valle\/\",\"name\":\"El Atl\u00e9tico Mineiro de Sampaoli venci\u00f3 3-1 a Independiente del Valle - Radio Infinita Goya\",\"isPartOf\":{\"@id\":\"https:\/\/radioinfinitagoya.com.ar\/v1\/#website\"},\"primaryImageOfPage\":{\"@id\":\"https:\/\/radioinfinitagoya.com.ar\/v1\/2025\/10\/29\/el-atletico-mineiro-de-sampaoli-vencio-3-1-a-independiente-del-valle\/#primaryimage\"},\"image\":{\"@id\":\"https:\/\/radioinfinitagoya.com.ar\/v1\/2025\/10\/29\/el-atletico-mineiro-de-sampaoli-vencio-3-1-a-independiente-del-valle\/#primaryimage\"},\"thumbnailUrl\":\"https:\/\/radioinfinitagoya.com.ar\/v1\/wp-content\/uploads\/2025\/10\/KBXDOOY6TJDHXHSO73HG6IYPO4.avif\",\"datePublished\":\"2025-10-29T19:23:39+00:00\",\"description\":\"Y es finalista de la Sudamericana El equipo brasile\u00f1o se impuso en la revancha y tras el 1-1 en la ida sell\u00f3 su pase al partido decisivo. Espera por el\",\"breadcrumb\":{\"@id\":\"https:\/\/radioinfinitagoya.com.ar\/v1\/2025\/10\/29\/el-atletico-mineiro-de-sampaoli-vencio-3-1-a-independiente-del-valle\/#breadcrumb\"},\"inLanguage\":\"es-AR\",\"potentialAction\":[{\"@type\":\"ReadAction\",\"target\":[\"https:\/\/radioinfinitagoya.com.ar\/v1\/2025\/10\/29\/el-atletico-mineiro-de-sampaoli-vencio-3-1-a-independiente-del-valle\/\"]}]},{\"@type\":\"ImageObject\",\"inLanguage\":\"es-AR\",\"@id\":\"https:\/\/radioinfinitagoya.com.ar\/v1\/2025\/10\/29\/el-atletico-mineiro-de-sampaoli-vencio-3-1-a-independiente-del-valle\/#primaryimage\",\"url\":\"https:\/\/radioinfinitagoya.com.ar\/v1\/wp-content\/uploads\/2025\/10\/KBXDOOY6TJDHXHSO73HG6IYPO4.avif\",\"contentUrl\":\"https:\/\/radioinfinitagoya.com.ar\/v1\/wp-content\/uploads\/2025\/10\/KBXDOOY6TJDHXHSO73HG6IYPO4.avif\",\"width\":992,\"height\":661},{\"@type\":\"BreadcrumbList\",\"@id\":\"https:\/\/radioinfinitagoya.com.ar\/v1\/2025\/10\/29\/el-atletico-mineiro-de-sampaoli-vencio-3-1-a-independiente-del-valle\/#breadcrumb\",\"itemListElement\":[{\"@type\":\"ListItem\",\"position\":1,\"name\":\"Inicio\",\"item\":\"https:\/\/radioinfinitagoya.com.ar\/v1\/\"},{\"@type\":\"ListItem\",\"position\":2,\"name\":\"El Atl\u00e9tico Mineiro de Sampaoli venci\u00f3 3-1 a Independiente del Valle\"}]},{\"@type\":\"WebSite\",\"@id\":\"https:\/\/radioinfinitagoya.com.ar\/v1\/#website\",\"url\":\"https:\/\/radioinfinitagoya.com.ar\/v1\/\",\"name\":\"radioinfinitagoya.com.ar\",\"description\":\"Radio de noticias\",\"publisher\":{\"@id\":\"https:\/\/radioinfinitagoya.com.ar\/v1\/#organization\"},\"potentialAction\":[{\"@type\":\"SearchAction\",\"target\":{\"@type\":\"EntryPoint\",\"urlTemplate\":\"https:\/\/radioinfinitagoya.com.ar\/v1\/?s={search_term_string}\"},\"query-input\":{\"@type\":\"PropertyValueSpecification\",\"valueRequired\":true,\"valueName\":\"search_term_string\"}}],\"inLanguage\":\"es-AR\"},{\"@type\":\"Organization\",\"@id\":\"https:\/\/radioinfinitagoya.com.ar\/v1\/#organization\",\"name\":\"Radio Infinita Goya\",\"url\":\"https:\/\/radioinfinitagoya.com.ar\/v1\/\",\"logo\":{\"@type\":\"ImageObject\",\"inLanguage\":\"es-AR\",\"@id\":\"https:\/\/radioinfinitagoya.com.ar\/v1\/#\/schema\/logo\/image\/\",\"url\":\"https:\/\/radioinfinitagoya.com.ar\/v1\/wp-content\/uploads\/2019\/11\/logo-pie-web.png\",\"contentUrl\":\"https:\/\/radioinfinitagoya.com.ar\/v1\/wp-content\/uploads\/2019\/11\/logo-pie-web.png\",\"width\":635,\"height\":326,\"caption\":\"Radio Infinita Goya\"},\"image\":{\"@id\":\"https:\/\/radioinfinitagoya.com.ar\/v1\/#\/schema\/logo\/image\/\"},\"sameAs\":[\"https:\/\/www.facebook.com\/p\/Infinita-Goya-100063870918311\/\"]},{\"@type\":\"Person\",\"@id\":\"https:\/\/radioinfinitagoya.com.ar\/v1\/#\/schema\/person\/d4cf9c413d4f6edb24aabdccab49ca4a\",\"name\":\"Jorge Mi\u00f1o\",\"image\":{\"@type\":\"ImageObject\",\"inLanguage\":\"es-AR\",\"@id\":\"https:\/\/secure.gravatar.com\/avatar\/910fcf6728fe95320e07a6643c1581fec1c7fc4bf8ae12e3d8f0d0373dc844be?s=96&d=mm&r=g\",\"url\":\"https:\/\/secure.gravatar.com\/avatar\/910fcf6728fe95320e07a6643c1581fec1c7fc4bf8ae12e3d8f0d0373dc844be?s=96&d=mm&r=g\",\"contentUrl\":\"https:\/\/secure.gravatar.com\/avatar\/910fcf6728fe95320e07a6643c1581fec1c7fc4bf8ae12e3d8f0d0373dc844be?s=96&d=mm&r=g\",\"caption\":\"Jorge Mi\u00f1o\"},\"sameAs\":[\"http:\/\/radioinfinitagoya.com.ar\"]}]}<\/script>\n<!-- \/ Yoast SEO plugin. -->","yoast_head_json":{"title":"El Atl\u00e9tico Mineiro de Sampaoli venci\u00f3 3-1 a Independiente del Valle - Radio Infinita Goya","description":"Y es finalista de la Sudamericana El equipo brasile\u00f1o se impuso en la revancha y tras el 1-1 en la ida sell\u00f3 su pase al partido decisivo. Espera por el","robots":{"index":"index","follow":"follow","max-snippet":"max-snippet:-1","max-image-preview":"max-image-preview:large","max-video-preview":"max-video-preview:-1"},"canonical":"https:\/\/radioinfinitagoya.com.ar\/v1\/2025\/10\/29\/el-atletico-mineiro-de-sampaoli-vencio-3-1-a-independiente-del-valle\/","og_locale":"es_ES","og_type":"article","og_title":"El Atl\u00e9tico Mineiro de Sampaoli venci\u00f3 3-1 a Independiente del Valle - Radio Infinita Goya","og_description":"Y es finalista de la Sudamericana El equipo brasile\u00f1o se impuso en la revancha y tras el 1-1 en la ida sell\u00f3 su pase al partido decisivo. Espera por el","og_url":"https:\/\/radioinfinitagoya.com.ar\/v1\/2025\/10\/29\/el-atletico-mineiro-de-sampaoli-vencio-3-1-a-independiente-del-valle\/","og_site_name":"Radio Infinita Goya","article_publisher":"https:\/\/www.facebook.com\/p\/Infinita-Goya-100063870918311\/","article_published_time":"2025-10-29T19:23:39+00:00","author":"Jorge Mi\u00f1o","twitter_card":"summary_large_image","twitter_misc":{"Escrito por":"Jorge Mi\u00f1o","Tiempo de lectura":"3 minutos"},"schema":{"@context":"https:\/\/schema.org","@graph":[{"@type":"Article","@id":"https:\/\/radioinfinitagoya.com.ar\/v1\/2025\/10\/29\/el-atletico-mineiro-de-sampaoli-vencio-3-1-a-independiente-del-valle\/#article","isPartOf":{"@id":"https:\/\/radioinfinitagoya.com.ar\/v1\/2025\/10\/29\/el-atletico-mineiro-de-sampaoli-vencio-3-1-a-independiente-del-valle\/"},"author":{"name":"Jorge Mi\u00f1o","@id":"https:\/\/radioinfinitagoya.com.ar\/v1\/#\/schema\/person\/d4cf9c413d4f6edb24aabdccab49ca4a"},"headline":"El Atl\u00e9tico Mineiro de Sampaoli venci\u00f3 3-1 a Independiente del Valle","datePublished":"2025-10-29T19:23:39+00:00","mainEntityOfPage":{"@id":"https:\/\/radioinfinitagoya.com.ar\/v1\/2025\/10\/29\/el-atletico-mineiro-de-sampaoli-vencio-3-1-a-independiente-del-valle\/"},"wordCount":582,"publisher":{"@id":"https:\/\/radioinfinitagoya.com.ar\/v1\/#organization"},"image":{"@id":"https:\/\/radioinfinitagoya.com.ar\/v1\/2025\/10\/29\/el-atletico-mineiro-de-sampaoli-vencio-3-1-a-independiente-del-valle\/#primaryimage"},"thumbnailUrl":"https:\/\/radioinfinitagoya.com.ar\/v1\/wp-content\/uploads\/2025\/10\/KBXDOOY6TJDHXHSO73HG6IYPO4.avif","articleSection":["DEPORTES"],"inLanguage":"es-AR"},{"@type":"WebPage","@id":"https:\/\/radioinfinitagoya.com.ar\/v1\/2025\/10\/29\/el-atletico-mineiro-de-sampaoli-vencio-3-1-a-independiente-del-valle\/","url":"https:\/\/radioinfinitagoya.com.ar\/v1\/2025\/10\/29\/el-atletico-mineiro-de-sampaoli-vencio-3-1-a-independiente-del-valle\/","name":"El Atl\u00e9tico Mineiro de Sampaoli venci\u00f3 3-1 a Independiente del Valle - Radio Infinita Goya","isPartOf":{"@id":"https:\/\/radioinfinitagoya.com.ar\/v1\/#website"},"primaryImageOfPage":{"@id":"https:\/\/radioinfinitagoya.com.ar\/v1\/2025\/10\/29\/el-atletico-mineiro-de-sampaoli-vencio-3-1-a-independiente-del-valle\/#primaryimage"},"image":{"@id":"https:\/\/radioinfinitagoya.com.ar\/v1\/2025\/10\/29\/el-atletico-mineiro-de-sampaoli-vencio-3-1-a-independiente-del-valle\/#primaryimage"},"thumbnailUrl":"https:\/\/radioinfinitagoya.com.ar\/v1\/wp-content\/uploads\/2025\/10\/KBXDOOY6TJDHXHSO73HG6IYPO4.avif","datePublished":"2025-10-29T19:23:39+00:00","description":"Y es finalista de la Sudamericana El equipo brasile\u00f1o se impuso en la revancha y tras el 1-1 en la ida sell\u00f3 su pase al partido decisivo. Espera por el","breadcrumb":{"@id":"https:\/\/radioinfinitagoya.com.ar\/v1\/2025\/10\/29\/el-atletico-mineiro-de-sampaoli-vencio-3-1-a-independiente-del-valle\/#breadcrumb"},"inLanguage":"es-AR","potentialAction":[{"@type":"ReadAction","target":["https:\/\/radioinfinitagoya.com.ar\/v1\/2025\/10\/29\/el-atletico-mineiro-de-sampaoli-vencio-3-1-a-independiente-del-valle\/"]}]},{"@type":"ImageObject","inLanguage":"es-AR","@id":"https:\/\/radioinfinitagoya.com.ar\/v1\/2025\/10\/29\/el-atletico-mineiro-de-sampaoli-vencio-3-1-a-independiente-del-valle\/#primaryimage","url":"https:\/\/radioinfinitagoya.com.ar\/v1\/wp-content\/uploads\/2025\/10\/KBXDOOY6TJDHXHSO73HG6IYPO4.avif","contentUrl":"https:\/\/radioinfinitagoya.com.ar\/v1\/wp-content\/uploads\/2025\/10\/KBXDOOY6TJDHXHSO73HG6IYPO4.avif","width":992,"height":661},{"@type":"BreadcrumbList","@id":"https:\/\/radioinfinitagoya.com.ar\/v1\/2025\/10\/29\/el-atletico-mineiro-de-sampaoli-vencio-3-1-a-independiente-del-valle\/#breadcrumb","itemListElement":[{"@type":"ListItem","position":1,"name":"Inicio","item":"https:\/\/radioinfinitagoya.com.ar\/v1\/"},{"@type":"ListItem","position":2,"name":"El Atl\u00e9tico Mineiro de Sampaoli venci\u00f3 3-1 a Independiente del Valle"}]},{"@type":"WebSite","@id":"https:\/\/radioinfinitagoya.com.ar\/v1\/#website","url":"https:\/\/radioinfinitagoya.com.ar\/v1\/","name":"radioinfinitagoya.com.ar","description":"Radio de noticias","publisher":{"@id":"https:\/\/radioinfinitagoya.com.ar\/v1\/#organization"},"potentialAction":[{"@type":"SearchAction","target":{"@type":"EntryPoint","urlTemplate":"https:\/\/radioinfinitagoya.com.ar\/v1\/?s={search_term_string}"},"query-input":{"@type":"PropertyValueSpecification","valueRequired":true,"valueName":"search_term_string"}}],"inLanguage":"es-AR"},{"@type":"Organization","@id":"https:\/\/radioinfinitagoya.com.ar\/v1\/#organization","name":"Radio Infinita Goya","url":"https:\/\/radioinfinitagoya.com.ar\/v1\/","logo":{"@type":"ImageObject","inLanguage":"es-AR","@id":"https:\/\/radioinfinitagoya.com.ar\/v1\/#\/schema\/logo\/image\/","url":"https:\/\/radioinfinitagoya.com.ar\/v1\/wp-content\/uploads\/2019\/11\/logo-pie-web.png","contentUrl":"https:\/\/radioinfinitagoya.com.ar\/v1\/wp-content\/uploads\/2019\/11\/logo-pie-web.png","width":635,"height":326,"caption":"Radio Infinita Goya"},"image":{"@id":"https:\/\/radioinfinitagoya.com.ar\/v1\/#\/schema\/logo\/image\/"},"sameAs":["https:\/\/www.facebook.com\/p\/Infinita-Goya-100063870918311\/"]},{"@type":"Person","@id":"https:\/\/radioinfinitagoya.com.ar\/v1\/#\/schema\/person\/d4cf9c413d4f6edb24aabdccab49ca4a","name":"Jorge Mi\u00f1o","image":{"@type":"ImageObject","inLanguage":"es-AR","@id":"https:\/\/secure.gravatar.com\/avatar\/910fcf6728fe95320e07a6643c1581fec1c7fc4bf8ae12e3d8f0d0373dc844be?s=96&d=mm&r=g","url":"https:\/\/secure.gravatar.com\/avatar\/910fcf6728fe95320e07a6643c1581fec1c7fc4bf8ae12e3d8f0d0373dc844be?s=96&d=mm&r=g","contentUrl":"https:\/\/secure.gravatar.com\/avatar\/910fcf6728fe95320e07a6643c1581fec1c7fc4bf8ae12e3d8f0d0373dc844be?s=96&d=mm&r=g","caption":"Jorge Mi\u00f1o"},"sameAs":["http:\/\/radioinfinitagoya.com.ar"]}]}},"_links":{"self":[{"href":"https:\/\/radioinfinitagoya.com.ar\/v1\/wp-json\/wp\/v2\/posts\/198408","targetHints":{"allow":["GET"]}}],"collection":[{"href":"https:\/\/radioinfinitagoya.com.ar\/v1\/wp-json\/wp\/v2\/posts"}],"about":[{"href":"https:\/\/radioinfinitagoya.com.ar\/v1\/wp-json\/wp\/v2\/types\/post"}],"author":[{"embeddable":true,"href":"https:\/\/radioinfinitagoya.com.ar\/v1\/wp-json\/wp\/v2\/users\/4"}],"replies":[{"embeddable":true,"href":"https:\/\/radioinfinitagoya.com.ar\/v1\/wp-json\/wp\/v2\/comments?post=198408"}],"version-history":[{"count":0,"href":"https:\/\/radioinfinitagoya.com.ar\/v1\/wp-json\/wp\/v2\/posts\/198408\/revisions"}],"wp:featuredmedia":[{"embeddable":true,"href":"https:\/\/radioinfinitagoya.com.ar\/v1\/wp-json\/wp\/v2\/media\/198409"}],"wp:attachment":[{"href":"https:\/\/radioinfinitagoya.com.ar\/v1\/wp-json\/wp\/v2\/media?parent=198408"}],"wp:term":[{"taxonomy":"category","embeddable":true,"href":"https:\/\/radioinfinitagoya.com.ar\/v1\/wp-json\/wp\/v2\/categories?post=198408"},{"taxonomy":"post_tag","embeddable":true,"href":"https:\/\/radioinfinitagoya.com.ar\/v1\/wp-json\/wp\/v2\/tags?post=198408"}],"curies":[{"name":"wp","href":"https:\/\/api.w.org\/{rel}","templated":true}]}}