{"id":198430,"date":"2025-10-29T16:46:06","date_gmt":"2025-10-29T19:46:06","guid":{"rendered":"https:\/\/radioinfinitagoya.com.ar\/v1\/?p=198430"},"modified":"2025-10-29T16:46:06","modified_gmt":"2025-10-29T19:46:06","slug":"la-provincia-entrego-tablets-a-directores-de-escuelas-primarias-de-corrientes","status":"publish","type":"post","link":"https:\/\/radioinfinitagoya.com.ar\/v1\/2025\/10\/29\/la-provincia-entrego-tablets-a-directores-de-escuelas-primarias-de-corrientes\/","title":{"rendered":"La Provincia entreg\u00f3 tablets a directores de escuelas primarias de Corrientes"},"content":{"rendered":"<p>La actividad se realiz\u00f3 este mi\u00e9rcoles en la Escuela Normal \u201cJuan Pujol\u201d de la capital correntina.<\/p>\n<p>La ministra de Educaci\u00f3n, Pr\u00e1xedes L\u00f3pez, encabez\u00f3 la entrega de tablets a instituciones comprendidas en el programa Escuelas Alfa en Red, que busca fortalecer la alfabetizaci\u00f3n y el uso de herramientas digitales en las aulas de Corrientes.<\/p>\n<p>La actividad se realiz\u00f3 este mi\u00e9rcoles en la Escuela Normal \u201cJuan Pujol\u201d de la capital correntina, con la participaci\u00f3n de directivos de instituciones primarias incluidas en el programa Escuelas Alfa en Red.<\/p>\n<p>El plan est\u00e1 alineado al Compromiso por la Alfabetizaci\u00f3n, que alcanza a 288 escuelas primarias de gesti\u00f3n estatal y privada de distintas localidades de la provincia. Su objetivo es garantizar que los alumnos adquieran las habilidades de lectura y escritura necesarias para su desarrollo educativo, integrando adem\u00e1s recursos tecnol\u00f3gicos a trav\u00e9s de la Plataforma Acompa\u00f1ar.<\/p>\n<p>&#8220;Quiero agradecer por el compromiso de estos 4 a\u00f1os de gesti\u00f3n donde hubo un trabajo intenso. Recuerdo que cuando llegamos nuestros alumnos no le\u00edan en primer grado, y no le\u00edan con fluidez en tercero, pero comenzamos un camino que no fue sencillo, pero gracias al equipo fue posible\u201d, expres\u00f3 la ministra Pr\u00e1xedes L\u00f3pez.<\/p>\n<p>La funcionaria anunci\u00f3 que las tablets llegar\u00e1n a todas las escuelas, al remarcar que \u201cno es posible una educaci\u00f3n disruptiva sin computadoras\u201d. Adem\u00e1s, destac\u00f3 el rol de la Inteligencia Artificial en la ense\u00f1anza: \u201cVamos a tener que cambiar la manera de ense\u00f1ar para poder acompa\u00f1ar a nuestros alumnos. Por eso esta plataforma se llama Acompa\u00f1ar\u201d.<\/p>\n<p>Por su parte, la presidenta del Consejo General de Educaci\u00f3n, Silvina Rollet, sostuvo que con esta acci\u00f3n \u201cse da un paso m\u00e1s en la educaci\u00f3n, reconociendo la importancia que tiene la tecnolog\u00eda para que las trayectorias educativas sean exitosas\u201d.<\/p>\n<p>La rectora anfitriona, Patricia Silva Genes, destac\u00f3 que la Escuela Normal Juan Pujol \u201cabre sus puertas para apoyar la tarea ministerial en pos de las mejoras educativas, sobre todo en lo que respecta a las herramientas de aprendizaje y administraci\u00f3n\u201d.<\/p>\n<p>Cabe recordar que la alfabetizaci\u00f3n es prioridad en la agenda educativa provincial desde 2022. Este a\u00f1o, Corrientes fue reconocida como \u201cProvincia Alfabetizadora\u201d por Argentinos por la Educaci\u00f3n, en base a indicadores de asistencia, materiales de lectura, evaluaci\u00f3n de aprendizajes y formaci\u00f3n docente continua.<\/p>\n","protected":false},"excerpt":{"rendered":"<p>La actividad se realiz\u00f3 este mi\u00e9rcoles en la Escuela Normal \u201cJuan Pujol\u201d de la capital correntina. La ministra de Educaci\u00f3n, Pr\u00e1xedes L\u00f3pez, encabez\u00f3 la entrega de tablets a instituciones comprendidas en el programa Escuelas Alfa en Red, que busca fortalecer la alfabetizaci\u00f3n y el uso de herramientas digitales en las aulas de Corrientes. La actividad [&hellip;]<\/p>\n","protected":false},"author":4,"featured_media":198431,"comment_status":"closed","ping_status":"closed","sticky":false,"template":"","format":"standard","meta":{"_joinchat":[],"footnotes":""},"categories":[26],"tags":[],"class_list":{"0":"post-198430","1":"post","2":"type-post","3":"status-publish","4":"format-standard","5":"has-post-thumbnail","7":"category-provinciales"},"yoast_head":"<!-- This site is optimized with the Yoast SEO plugin v27.2 - https:\/\/yoast.com\/product\/yoast-seo-wordpress\/ -->\n<title>La Provincia entreg\u00f3 tablets a directores de escuelas primarias de Corrientes - Radio Infinita Goya<\/title>\n<meta name=\"description\" content=\"La actividad se realiz\u00f3 este mi\u00e9rcoles en la Escuela Normal \u201cJuan Pujol\u201d de la capital correntina. La ministra de Educaci\u00f3n, Pr\u00e1xedes L\u00f3pez, encabez\u00f3 la\" \/>\n<meta name=\"robots\" content=\"index, follow, max-snippet:-1, max-image-preview:large, max-video-preview:-1\" \/>\n<link rel=\"canonical\" href=\"https:\/\/radioinfinitagoya.com.ar\/v1\/2025\/10\/29\/la-provincia-entrego-tablets-a-directores-de-escuelas-primarias-de-corrientes\/\" \/>\n<meta property=\"og:locale\" content=\"es_ES\" \/>\n<meta property=\"og:type\" content=\"article\" \/>\n<meta property=\"og:title\" content=\"La Provincia entreg\u00f3 tablets a directores de escuelas primarias de Corrientes - Radio Infinita Goya\" \/>\n<meta property=\"og:description\" content=\"La actividad se realiz\u00f3 este mi\u00e9rcoles en la Escuela Normal \u201cJuan Pujol\u201d de la capital correntina. La ministra de Educaci\u00f3n, Pr\u00e1xedes L\u00f3pez, encabez\u00f3 la\" \/>\n<meta property=\"og:url\" content=\"https:\/\/radioinfinitagoya.com.ar\/v1\/2025\/10\/29\/la-provincia-entrego-tablets-a-directores-de-escuelas-primarias-de-corrientes\/\" \/>\n<meta property=\"og:site_name\" content=\"Radio Infinita Goya\" \/>\n<meta property=\"article:publisher\" content=\"https:\/\/www.facebook.com\/p\/Infinita-Goya-100063870918311\/\" \/>\n<meta property=\"article:published_time\" content=\"2025-10-29T19:46:06+00:00\" \/>\n<meta property=\"og:image\" content=\"https:\/\/radioinfinitagoya.com.ar\/v1\/wp-content\/uploads\/2025\/10\/G4cTn3xWMAAxedB.jpg\" \/>\n\t<meta property=\"og:image:width\" content=\"1280\" \/>\n\t<meta property=\"og:image:height\" content=\"853\" \/>\n\t<meta property=\"og:image:type\" content=\"image\/jpeg\" \/>\n<meta name=\"author\" content=\"Jorge Mi\u00f1o\" \/>\n<meta name=\"twitter:card\" content=\"summary_large_image\" \/>\n<meta name=\"twitter:label1\" content=\"Escrito por\" \/>\n\t<meta name=\"twitter:data1\" content=\"Jorge Mi\u00f1o\" \/>\n\t<meta name=\"twitter:label2\" content=\"Tiempo de lectura\" \/>\n\t<meta name=\"twitter:data2\" content=\"2 minutos\" \/>\n<script type=\"application\/ld+json\" class=\"yoast-schema-graph\">{\"@context\":\"https:\/\/schema.org\",\"@graph\":[{\"@type\":\"Article\",\"@id\":\"https:\/\/radioinfinitagoya.com.ar\/v1\/2025\/10\/29\/la-provincia-entrego-tablets-a-directores-de-escuelas-primarias-de-corrientes\/#article\",\"isPartOf\":{\"@id\":\"https:\/\/radioinfinitagoya.com.ar\/v1\/2025\/10\/29\/la-provincia-entrego-tablets-a-directores-de-escuelas-primarias-de-corrientes\/\"},\"author\":{\"name\":\"Jorge Mi\u00f1o\",\"@id\":\"https:\/\/radioinfinitagoya.com.ar\/v1\/#\/schema\/person\/d4cf9c413d4f6edb24aabdccab49ca4a\"},\"headline\":\"La Provincia entreg\u00f3 tablets a directores de escuelas primarias de Corrientes\",\"datePublished\":\"2025-10-29T19:46:06+00:00\",\"mainEntityOfPage\":{\"@id\":\"https:\/\/radioinfinitagoya.com.ar\/v1\/2025\/10\/29\/la-provincia-entrego-tablets-a-directores-de-escuelas-primarias-de-corrientes\/\"},\"wordCount\":415,\"publisher\":{\"@id\":\"https:\/\/radioinfinitagoya.com.ar\/v1\/#organization\"},\"image\":{\"@id\":\"https:\/\/radioinfinitagoya.com.ar\/v1\/2025\/10\/29\/la-provincia-entrego-tablets-a-directores-de-escuelas-primarias-de-corrientes\/#primaryimage\"},\"thumbnailUrl\":\"https:\/\/radioinfinitagoya.com.ar\/v1\/wp-content\/uploads\/2025\/10\/G4cTn3xWMAAxedB.jpg\",\"articleSection\":[\"PROVINCIALES\"],\"inLanguage\":\"es-AR\"},{\"@type\":\"WebPage\",\"@id\":\"https:\/\/radioinfinitagoya.com.ar\/v1\/2025\/10\/29\/la-provincia-entrego-tablets-a-directores-de-escuelas-primarias-de-corrientes\/\",\"url\":\"https:\/\/radioinfinitagoya.com.ar\/v1\/2025\/10\/29\/la-provincia-entrego-tablets-a-directores-de-escuelas-primarias-de-corrientes\/\",\"name\":\"La Provincia entreg\u00f3 tablets a directores de escuelas primarias de Corrientes - Radio Infinita Goya\",\"isPartOf\":{\"@id\":\"https:\/\/radioinfinitagoya.com.ar\/v1\/#website\"},\"primaryImageOfPage\":{\"@id\":\"https:\/\/radioinfinitagoya.com.ar\/v1\/2025\/10\/29\/la-provincia-entrego-tablets-a-directores-de-escuelas-primarias-de-corrientes\/#primaryimage\"},\"image\":{\"@id\":\"https:\/\/radioinfinitagoya.com.ar\/v1\/2025\/10\/29\/la-provincia-entrego-tablets-a-directores-de-escuelas-primarias-de-corrientes\/#primaryimage\"},\"thumbnailUrl\":\"https:\/\/radioinfinitagoya.com.ar\/v1\/wp-content\/uploads\/2025\/10\/G4cTn3xWMAAxedB.jpg\",\"datePublished\":\"2025-10-29T19:46:06+00:00\",\"description\":\"La actividad se realiz\u00f3 este mi\u00e9rcoles en la Escuela Normal \u201cJuan Pujol\u201d de la capital correntina. La ministra de Educaci\u00f3n, Pr\u00e1xedes L\u00f3pez, encabez\u00f3 la\",\"breadcrumb\":{\"@id\":\"https:\/\/radioinfinitagoya.com.ar\/v1\/2025\/10\/29\/la-provincia-entrego-tablets-a-directores-de-escuelas-primarias-de-corrientes\/#breadcrumb\"},\"inLanguage\":\"es-AR\",\"potentialAction\":[{\"@type\":\"ReadAction\",\"target\":[\"https:\/\/radioinfinitagoya.com.ar\/v1\/2025\/10\/29\/la-provincia-entrego-tablets-a-directores-de-escuelas-primarias-de-corrientes\/\"]}]},{\"@type\":\"ImageObject\",\"inLanguage\":\"es-AR\",\"@id\":\"https:\/\/radioinfinitagoya.com.ar\/v1\/2025\/10\/29\/la-provincia-entrego-tablets-a-directores-de-escuelas-primarias-de-corrientes\/#primaryimage\",\"url\":\"https:\/\/radioinfinitagoya.com.ar\/v1\/wp-content\/uploads\/2025\/10\/G4cTn3xWMAAxedB.jpg\",\"contentUrl\":\"https:\/\/radioinfinitagoya.com.ar\/v1\/wp-content\/uploads\/2025\/10\/G4cTn3xWMAAxedB.jpg\",\"width\":1280,\"height\":853},{\"@type\":\"BreadcrumbList\",\"@id\":\"https:\/\/radioinfinitagoya.com.ar\/v1\/2025\/10\/29\/la-provincia-entrego-tablets-a-directores-de-escuelas-primarias-de-corrientes\/#breadcrumb\",\"itemListElement\":[{\"@type\":\"ListItem\",\"position\":1,\"name\":\"Inicio\",\"item\":\"https:\/\/radioinfinitagoya.com.ar\/v1\/\"},{\"@type\":\"ListItem\",\"position\":2,\"name\":\"La Provincia entreg\u00f3 tablets a directores de escuelas primarias de Corrientes\"}]},{\"@type\":\"WebSite\",\"@id\":\"https:\/\/radioinfinitagoya.com.ar\/v1\/#website\",\"url\":\"https:\/\/radioinfinitagoya.com.ar\/v1\/\",\"name\":\"radioinfinitagoya.com.ar\",\"description\":\"Radio de noticias\",\"publisher\":{\"@id\":\"https:\/\/radioinfinitagoya.com.ar\/v1\/#organization\"},\"potentialAction\":[{\"@type\":\"SearchAction\",\"target\":{\"@type\":\"EntryPoint\",\"urlTemplate\":\"https:\/\/radioinfinitagoya.com.ar\/v1\/?s={search_term_string}\"},\"query-input\":{\"@type\":\"PropertyValueSpecification\",\"valueRequired\":true,\"valueName\":\"search_term_string\"}}],\"inLanguage\":\"es-AR\"},{\"@type\":\"Organization\",\"@id\":\"https:\/\/radioinfinitagoya.com.ar\/v1\/#organization\",\"name\":\"Radio Infinita Goya\",\"url\":\"https:\/\/radioinfinitagoya.com.ar\/v1\/\",\"logo\":{\"@type\":\"ImageObject\",\"inLanguage\":\"es-AR\",\"@id\":\"https:\/\/radioinfinitagoya.com.ar\/v1\/#\/schema\/logo\/image\/\",\"url\":\"https:\/\/radioinfinitagoya.com.ar\/v1\/wp-content\/uploads\/2019\/11\/logo-pie-web.png\",\"contentUrl\":\"https:\/\/radioinfinitagoya.com.ar\/v1\/wp-content\/uploads\/2019\/11\/logo-pie-web.png\",\"width\":635,\"height\":326,\"caption\":\"Radio Infinita Goya\"},\"image\":{\"@id\":\"https:\/\/radioinfinitagoya.com.ar\/v1\/#\/schema\/logo\/image\/\"},\"sameAs\":[\"https:\/\/www.facebook.com\/p\/Infinita-Goya-100063870918311\/\"]},{\"@type\":\"Person\",\"@id\":\"https:\/\/radioinfinitagoya.com.ar\/v1\/#\/schema\/person\/d4cf9c413d4f6edb24aabdccab49ca4a\",\"name\":\"Jorge Mi\u00f1o\",\"image\":{\"@type\":\"ImageObject\",\"inLanguage\":\"es-AR\",\"@id\":\"https:\/\/secure.gravatar.com\/avatar\/910fcf6728fe95320e07a6643c1581fec1c7fc4bf8ae12e3d8f0d0373dc844be?s=96&d=mm&r=g\",\"url\":\"https:\/\/secure.gravatar.com\/avatar\/910fcf6728fe95320e07a6643c1581fec1c7fc4bf8ae12e3d8f0d0373dc844be?s=96&d=mm&r=g\",\"contentUrl\":\"https:\/\/secure.gravatar.com\/avatar\/910fcf6728fe95320e07a6643c1581fec1c7fc4bf8ae12e3d8f0d0373dc844be?s=96&d=mm&r=g\",\"caption\":\"Jorge Mi\u00f1o\"},\"sameAs\":[\"http:\/\/radioinfinitagoya.com.ar\"]}]}<\/script>\n<!-- \/ Yoast SEO plugin. -->","yoast_head_json":{"title":"La Provincia entreg\u00f3 tablets a directores de escuelas primarias de Corrientes - Radio Infinita Goya","description":"La actividad se realiz\u00f3 este mi\u00e9rcoles en la Escuela Normal \u201cJuan Pujol\u201d de la capital correntina. La ministra de Educaci\u00f3n, Pr\u00e1xedes L\u00f3pez, encabez\u00f3 la","robots":{"index":"index","follow":"follow","max-snippet":"max-snippet:-1","max-image-preview":"max-image-preview:large","max-video-preview":"max-video-preview:-1"},"canonical":"https:\/\/radioinfinitagoya.com.ar\/v1\/2025\/10\/29\/la-provincia-entrego-tablets-a-directores-de-escuelas-primarias-de-corrientes\/","og_locale":"es_ES","og_type":"article","og_title":"La Provincia entreg\u00f3 tablets a directores de escuelas primarias de Corrientes - Radio Infinita Goya","og_description":"La actividad se realiz\u00f3 este mi\u00e9rcoles en la Escuela Normal \u201cJuan Pujol\u201d de la capital correntina. La ministra de Educaci\u00f3n, Pr\u00e1xedes L\u00f3pez, encabez\u00f3 la","og_url":"https:\/\/radioinfinitagoya.com.ar\/v1\/2025\/10\/29\/la-provincia-entrego-tablets-a-directores-de-escuelas-primarias-de-corrientes\/","og_site_name":"Radio Infinita Goya","article_publisher":"https:\/\/www.facebook.com\/p\/Infinita-Goya-100063870918311\/","article_published_time":"2025-10-29T19:46:06+00:00","og_image":[{"width":1280,"height":853,"url":"https:\/\/radioinfinitagoya.com.ar\/v1\/wp-content\/uploads\/2025\/10\/G4cTn3xWMAAxedB.jpg","type":"image\/jpeg"}],"author":"Jorge Mi\u00f1o","twitter_card":"summary_large_image","twitter_misc":{"Escrito por":"Jorge Mi\u00f1o","Tiempo de lectura":"2 minutos"},"schema":{"@context":"https:\/\/schema.org","@graph":[{"@type":"Article","@id":"https:\/\/radioinfinitagoya.com.ar\/v1\/2025\/10\/29\/la-provincia-entrego-tablets-a-directores-de-escuelas-primarias-de-corrientes\/#article","isPartOf":{"@id":"https:\/\/radioinfinitagoya.com.ar\/v1\/2025\/10\/29\/la-provincia-entrego-tablets-a-directores-de-escuelas-primarias-de-corrientes\/"},"author":{"name":"Jorge Mi\u00f1o","@id":"https:\/\/radioinfinitagoya.com.ar\/v1\/#\/schema\/person\/d4cf9c413d4f6edb24aabdccab49ca4a"},"headline":"La Provincia entreg\u00f3 tablets a directores de escuelas primarias de Corrientes","datePublished":"2025-10-29T19:46:06+00:00","mainEntityOfPage":{"@id":"https:\/\/radioinfinitagoya.com.ar\/v1\/2025\/10\/29\/la-provincia-entrego-tablets-a-directores-de-escuelas-primarias-de-corrientes\/"},"wordCount":415,"publisher":{"@id":"https:\/\/radioinfinitagoya.com.ar\/v1\/#organization"},"image":{"@id":"https:\/\/radioinfinitagoya.com.ar\/v1\/2025\/10\/29\/la-provincia-entrego-tablets-a-directores-de-escuelas-primarias-de-corrientes\/#primaryimage"},"thumbnailUrl":"https:\/\/radioinfinitagoya.com.ar\/v1\/wp-content\/uploads\/2025\/10\/G4cTn3xWMAAxedB.jpg","articleSection":["PROVINCIALES"],"inLanguage":"es-AR"},{"@type":"WebPage","@id":"https:\/\/radioinfinitagoya.com.ar\/v1\/2025\/10\/29\/la-provincia-entrego-tablets-a-directores-de-escuelas-primarias-de-corrientes\/","url":"https:\/\/radioinfinitagoya.com.ar\/v1\/2025\/10\/29\/la-provincia-entrego-tablets-a-directores-de-escuelas-primarias-de-corrientes\/","name":"La Provincia entreg\u00f3 tablets a directores de escuelas primarias de Corrientes - Radio Infinita Goya","isPartOf":{"@id":"https:\/\/radioinfinitagoya.com.ar\/v1\/#website"},"primaryImageOfPage":{"@id":"https:\/\/radioinfinitagoya.com.ar\/v1\/2025\/10\/29\/la-provincia-entrego-tablets-a-directores-de-escuelas-primarias-de-corrientes\/#primaryimage"},"image":{"@id":"https:\/\/radioinfinitagoya.com.ar\/v1\/2025\/10\/29\/la-provincia-entrego-tablets-a-directores-de-escuelas-primarias-de-corrientes\/#primaryimage"},"thumbnailUrl":"https:\/\/radioinfinitagoya.com.ar\/v1\/wp-content\/uploads\/2025\/10\/G4cTn3xWMAAxedB.jpg","datePublished":"2025-10-29T19:46:06+00:00","description":"La actividad se realiz\u00f3 este mi\u00e9rcoles en la Escuela Normal \u201cJuan Pujol\u201d de la capital correntina. La ministra de Educaci\u00f3n, Pr\u00e1xedes L\u00f3pez, encabez\u00f3 la","breadcrumb":{"@id":"https:\/\/radioinfinitagoya.com.ar\/v1\/2025\/10\/29\/la-provincia-entrego-tablets-a-directores-de-escuelas-primarias-de-corrientes\/#breadcrumb"},"inLanguage":"es-AR","potentialAction":[{"@type":"ReadAction","target":["https:\/\/radioinfinitagoya.com.ar\/v1\/2025\/10\/29\/la-provincia-entrego-tablets-a-directores-de-escuelas-primarias-de-corrientes\/"]}]},{"@type":"ImageObject","inLanguage":"es-AR","@id":"https:\/\/radioinfinitagoya.com.ar\/v1\/2025\/10\/29\/la-provincia-entrego-tablets-a-directores-de-escuelas-primarias-de-corrientes\/#primaryimage","url":"https:\/\/radioinfinitagoya.com.ar\/v1\/wp-content\/uploads\/2025\/10\/G4cTn3xWMAAxedB.jpg","contentUrl":"https:\/\/radioinfinitagoya.com.ar\/v1\/wp-content\/uploads\/2025\/10\/G4cTn3xWMAAxedB.jpg","width":1280,"height":853},{"@type":"BreadcrumbList","@id":"https:\/\/radioinfinitagoya.com.ar\/v1\/2025\/10\/29\/la-provincia-entrego-tablets-a-directores-de-escuelas-primarias-de-corrientes\/#breadcrumb","itemListElement":[{"@type":"ListItem","position":1,"name":"Inicio","item":"https:\/\/radioinfinitagoya.com.ar\/v1\/"},{"@type":"ListItem","position":2,"name":"La Provincia entreg\u00f3 tablets a directores de escuelas primarias de Corrientes"}]},{"@type":"WebSite","@id":"https:\/\/radioinfinitagoya.com.ar\/v1\/#website","url":"https:\/\/radioinfinitagoya.com.ar\/v1\/","name":"radioinfinitagoya.com.ar","description":"Radio de noticias","publisher":{"@id":"https:\/\/radioinfinitagoya.com.ar\/v1\/#organization"},"potentialAction":[{"@type":"SearchAction","target":{"@type":"EntryPoint","urlTemplate":"https:\/\/radioinfinitagoya.com.ar\/v1\/?s={search_term_string}"},"query-input":{"@type":"PropertyValueSpecification","valueRequired":true,"valueName":"search_term_string"}}],"inLanguage":"es-AR"},{"@type":"Organization","@id":"https:\/\/radioinfinitagoya.com.ar\/v1\/#organization","name":"Radio Infinita Goya","url":"https:\/\/radioinfinitagoya.com.ar\/v1\/","logo":{"@type":"ImageObject","inLanguage":"es-AR","@id":"https:\/\/radioinfinitagoya.com.ar\/v1\/#\/schema\/logo\/image\/","url":"https:\/\/radioinfinitagoya.com.ar\/v1\/wp-content\/uploads\/2019\/11\/logo-pie-web.png","contentUrl":"https:\/\/radioinfinitagoya.com.ar\/v1\/wp-content\/uploads\/2019\/11\/logo-pie-web.png","width":635,"height":326,"caption":"Radio Infinita Goya"},"image":{"@id":"https:\/\/radioinfinitagoya.com.ar\/v1\/#\/schema\/logo\/image\/"},"sameAs":["https:\/\/www.facebook.com\/p\/Infinita-Goya-100063870918311\/"]},{"@type":"Person","@id":"https:\/\/radioinfinitagoya.com.ar\/v1\/#\/schema\/person\/d4cf9c413d4f6edb24aabdccab49ca4a","name":"Jorge Mi\u00f1o","image":{"@type":"ImageObject","inLanguage":"es-AR","@id":"https:\/\/secure.gravatar.com\/avatar\/910fcf6728fe95320e07a6643c1581fec1c7fc4bf8ae12e3d8f0d0373dc844be?s=96&d=mm&r=g","url":"https:\/\/secure.gravatar.com\/avatar\/910fcf6728fe95320e07a6643c1581fec1c7fc4bf8ae12e3d8f0d0373dc844be?s=96&d=mm&r=g","contentUrl":"https:\/\/secure.gravatar.com\/avatar\/910fcf6728fe95320e07a6643c1581fec1c7fc4bf8ae12e3d8f0d0373dc844be?s=96&d=mm&r=g","caption":"Jorge Mi\u00f1o"},"sameAs":["http:\/\/radioinfinitagoya.com.ar"]}]}},"_links":{"self":[{"href":"https:\/\/radioinfinitagoya.com.ar\/v1\/wp-json\/wp\/v2\/posts\/198430","targetHints":{"allow":["GET"]}}],"collection":[{"href":"https:\/\/radioinfinitagoya.com.ar\/v1\/wp-json\/wp\/v2\/posts"}],"about":[{"href":"https:\/\/radioinfinitagoya.com.ar\/v1\/wp-json\/wp\/v2\/types\/post"}],"author":[{"embeddable":true,"href":"https:\/\/radioinfinitagoya.com.ar\/v1\/wp-json\/wp\/v2\/users\/4"}],"replies":[{"embeddable":true,"href":"https:\/\/radioinfinitagoya.com.ar\/v1\/wp-json\/wp\/v2\/comments?post=198430"}],"version-history":[{"count":0,"href":"https:\/\/radioinfinitagoya.com.ar\/v1\/wp-json\/wp\/v2\/posts\/198430\/revisions"}],"wp:featuredmedia":[{"embeddable":true,"href":"https:\/\/radioinfinitagoya.com.ar\/v1\/wp-json\/wp\/v2\/media\/198431"}],"wp:attachment":[{"href":"https:\/\/radioinfinitagoya.com.ar\/v1\/wp-json\/wp\/v2\/media?parent=198430"}],"wp:term":[{"taxonomy":"category","embeddable":true,"href":"https:\/\/radioinfinitagoya.com.ar\/v1\/wp-json\/wp\/v2\/categories?post=198430"},{"taxonomy":"post_tag","embeddable":true,"href":"https:\/\/radioinfinitagoya.com.ar\/v1\/wp-json\/wp\/v2\/tags?post=198430"}],"curies":[{"name":"wp","href":"https:\/\/api.w.org\/{rel}","templated":true}]}}