{"id":198433,"date":"2025-10-29T16:53:20","date_gmt":"2025-10-29T19:53:20","guid":{"rendered":"https:\/\/radioinfinitagoya.com.ar\/v1\/?p=198433"},"modified":"2025-10-29T16:53:20","modified_gmt":"2025-10-29T19:53:20","slug":"el-gobierno-anuncio-una-alerta-maxima-en-las-fronteras-tras-la-violencia-en-rio-de-janeiro","status":"publish","type":"post","link":"https:\/\/radioinfinitagoya.com.ar\/v1\/2025\/10\/29\/el-gobierno-anuncio-una-alerta-maxima-en-las-fronteras-tras-la-violencia-en-rio-de-janeiro\/","title":{"rendered":"El Gobierno anunci\u00f3 una alerta m\u00e1xima en las fronteras tras la violencia en R\u00edo de Janeiro"},"content":{"rendered":"<p>La ministra de Seguridad, Patricia Bullrich, se\u00f1al\u00f3 que intensificar\u00e1n los controles en los ingresos al pa\u00eds ante los hechos que conmueven a Brasil, donde hay m\u00e1s de 132 muertos<\/p>\n<p>Tras la escalada de violencia narco en R\u00edo de Janeiro, la ministra de Seguridad, Patricia Bullrich, anunci\u00f3 que dispondr\u00e1 una alerta m\u00e1xima en las fronteras lindantes con el pa\u00eds vecino para evitar los cruces de los involucrados.<\/p>\n<p>\u201cVamos a tener una reuni\u00f3n en el Ministerio de Seguridad Nacional y voy a disponer una alerta m\u00e1xima en las fronteras para que no pueda haber ning\u00fan tipo de cruce o de pase de aquellos que se deben estar moviendo de lugar\u201d, sostuvo la funcionaria en una rueda de prensa este mediod\u00eda por los pasillos de Casa Rosada.<\/p>\n<p>El accionar del Poder Ejecutivo busca evitar el ingreso de los involucrados en las jornadas violentas en R\u00edo de Janeiro, producto de la ofensiva contra el Comando Vermelho, una de las organizaciones criminales m\u00e1s poderosas de Brasil.<\/p>\n<p>Asimismo, la ministra explic\u00f3 que intensificar\u00e1n los controles en los accesos para los ciudadanos brasileros que intente ingresar al pa\u00eds por la triple frontera, y descart\u00f3 la posibilidad de aumentar el n\u00famero de efectivos en los pasos. \u201cSignifica mirar con cuatro ojos a los brasileros que vienen, si tienen antecedentes o no. Es un modelo de alerta\u201d, sintetiz\u00f3.<\/p>\n<p><img loading=\"lazy\" decoding=\"async\" class=\"alignnone size-full wp-image-198435\" src=\"https:\/\/radioinfinitagoya.com.ar\/v1\/wp-content\/uploads\/2025\/10\/5R6DA737L5EEPHJJ7AQCXOOKQQ.avif\" alt=\"\" width=\"992\" height=\"744\" srcset=\"https:\/\/radioinfinitagoya.com.ar\/v1\/wp-content\/uploads\/2025\/10\/5R6DA737L5EEPHJJ7AQCXOOKQQ.avif 992w, https:\/\/radioinfinitagoya.com.ar\/v1\/wp-content\/uploads\/2025\/10\/5R6DA737L5EEPHJJ7AQCXOOKQQ-560x420.jpg 560w, https:\/\/radioinfinitagoya.com.ar\/v1\/wp-content\/uploads\/2025\/10\/5R6DA737L5EEPHJJ7AQCXOOKQQ-80x60.jpg 80w, https:\/\/radioinfinitagoya.com.ar\/v1\/wp-content\/uploads\/2025\/10\/5R6DA737L5EEPHJJ7AQCXOOKQQ-696x522.jpg 696w, https:\/\/radioinfinitagoya.com.ar\/v1\/wp-content\/uploads\/2025\/10\/5R6DA737L5EEPHJJ7AQCXOOKQQ-265x198.jpg 265w\" sizes=\"auto, (max-width: 992px) 100vw, 992px\" \/><\/p>\n<p>A\u00fan sin mayores precisiones, la cartera que lidera Patricia Bullrich, hasta el 10 de diciembre, coordinar\u00e1 con la Direcci\u00f3n Nacional de Migraciones lo que defini\u00f3 como \u201cun sistema de alertas\u201d, con el objetivo de maximizar los requisitos de supervisi\u00f3n en los ingresos de los ciudadanos del pa\u00eds lindante. \u201cPor supuesto, no confundiendo turistas. Es un p\u00fablico que no es mayoritario, pero en la Triple Frontera tenemos mucho movimiento\u201d, aclar\u00f3 la funcionaria.<\/p>\n<p>Luego de la visita a Casa Rosada de Bullrich y de su potencial sucesora en el cargo, la actual Secretaria de Seguridad, Alejandra Monteoliva, desde el ministerio precisaron que los primeros mecanismos fueron activados el pasado martes. Con los primeros focos de tensi\u00f3n abiertos, las Fuerzas Federales fortalecieron los controles y aumentaron el patrullaje en las fronteras.<\/p>\n<p>Hasta el momento, el conflicto en una de las ciudades m\u00e1s populosas de Brasil tom\u00f3 relevancia internacional, luego de que la Defensor\u00eda P\u00fablica de R\u00edo de Janeiro confirmara al menos 132 muertes y decenas de desaparecidos, entre civiles, delincuentes y efectivos, a ra\u00edz de la operaci\u00f3n policial desplegada en los barrios de Penha y Alemao, azotados por el Comando Vermelho.<\/p>\n<p>La Polic\u00eda del Batall\u00f3n de Operaciones Especiales (BOPE) opera en las zonas selv\u00e1ticas, en la b\u00fasqueda de los cuerpos de los abatidos durante el mega operativo policial contra las bandas instaladas en las comunidades locales. Casi 2.500 agentes est\u00e1n comprometidos en el patrullaje que, por estas horas, suma la detenci\u00f3n de poco m\u00e1s de 81 sospechosos.<\/p>\n<p><img loading=\"lazy\" decoding=\"async\" class=\"alignnone size-full wp-image-198436\" src=\"https:\/\/radioinfinitagoya.com.ar\/v1\/wp-content\/uploads\/2025\/10\/CPXZKXDWL5CQXMJTG3V2I76M2A.avif\" alt=\"\" width=\"992\" height=\"661\" srcset=\"https:\/\/radioinfinitagoya.com.ar\/v1\/wp-content\/uploads\/2025\/10\/CPXZKXDWL5CQXMJTG3V2I76M2A.avif 992w, https:\/\/radioinfinitagoya.com.ar\/v1\/wp-content\/uploads\/2025\/10\/CPXZKXDWL5CQXMJTG3V2I76M2A-630x420.jpg 630w, https:\/\/radioinfinitagoya.com.ar\/v1\/wp-content\/uploads\/2025\/10\/CPXZKXDWL5CQXMJTG3V2I76M2A-696x464.jpg 696w\" sizes=\"auto, (max-width: 992px) 100vw, 992px\" \/><\/p>\n<p>El gobierno local notific\u00f3 la requisa de 93 fusiles y media tonelada de drogas, lo que encendi\u00f3 las alarmas de las autoridades fluminenses que elevaron el reclamo a la Naci\u00f3n. Tras los pedidos, el presidente Luiz In\u00e1cio Lula da Silva env\u00edo una comitiva en representaci\u00f3n del Gobierno Federal integrada por los ministros de Justicia, Ricardo Lewandowski, y de la Casa Civil, Rui Costa, en compa\u00f1\u00eda del director de la Polic\u00eda Federal (PF), William Marcel Murad.<\/p>\n<p>Adem\u00e1s, puso a disposici\u00f3n las c\u00e1rceles federales de m\u00e1xima seguridad para alojar a los detenidos en respuesta la solicitud del gobernador de R\u00edo de Janeiro, Cl\u00e1udio Castro, quien cuestion\u00f3 la ausencia del Ejecutivo en el conflicto.<\/p>\n<p>\u201cEl Presidente qued\u00f3 horrorizado con el n\u00famero de v\u00edctimas fatales\u201d, sostuvo Lewandowski en una rueda de prensa tras la confirmaci\u00f3n de m\u00e1s de un centenar de asesinados.<\/p>\n<p>El mandatario del Partido de los Trabajadores (PT) se encontraba de gira por el sudeste asi\u00e1tico y debi\u00f3 limitar las fechas y regresar a Brasilia de urgencia. Este mi\u00e9rcoles, mantuvo una reuni\u00f3n con sus colaboradores m\u00e1s estrechos en la que evaluar\u00e1 los resultados de la operaci\u00f3n policial en R\u00edo de Janeiro.<\/p>\n<p>&nbsp;<\/p>\n<p>&nbsp;<\/p>\n<p>&nbsp;<\/p>\n","protected":false},"excerpt":{"rendered":"<p>La ministra de Seguridad, Patricia Bullrich, se\u00f1al\u00f3 que intensificar\u00e1n los controles en los ingresos al pa\u00eds ante los hechos que conmueven a Brasil, donde hay m\u00e1s de 132 muertos Tras la escalada de violencia narco en R\u00edo de Janeiro, la ministra de Seguridad, Patricia Bullrich, anunci\u00f3 que dispondr\u00e1 una alerta m\u00e1xima en las fronteras lindantes [&hellip;]<\/p>\n","protected":false},"author":4,"featured_media":198434,"comment_status":"closed","ping_status":"closed","sticky":false,"template":"","format":"standard","meta":{"_joinchat":[],"footnotes":""},"categories":[34],"tags":[],"class_list":{"0":"post-198433","1":"post","2":"type-post","3":"status-publish","4":"format-standard","5":"has-post-thumbnail","7":"category-principal"},"yoast_head":"<!-- This site is optimized with the Yoast SEO plugin v27.2 - https:\/\/yoast.com\/product\/yoast-seo-wordpress\/ -->\n<title>El Gobierno anunci\u00f3 una alerta m\u00e1xima en las fronteras tras la violencia en R\u00edo de Janeiro - Radio Infinita Goya<\/title>\n<meta name=\"description\" content=\"La ministra de Seguridad, Patricia Bullrich, se\u00f1al\u00f3 que intensificar\u00e1n los controles en los ingresos al pa\u00eds ante los hechos que conmueven a Brasil, donde\" \/>\n<meta name=\"robots\" content=\"index, follow, max-snippet:-1, max-image-preview:large, max-video-preview:-1\" \/>\n<link rel=\"canonical\" href=\"https:\/\/radioinfinitagoya.com.ar\/v1\/2025\/10\/29\/el-gobierno-anuncio-una-alerta-maxima-en-las-fronteras-tras-la-violencia-en-rio-de-janeiro\/\" \/>\n<meta property=\"og:locale\" content=\"es_ES\" \/>\n<meta property=\"og:type\" content=\"article\" \/>\n<meta property=\"og:title\" content=\"El Gobierno anunci\u00f3 una alerta m\u00e1xima en las fronteras tras la violencia en R\u00edo de Janeiro - Radio Infinita Goya\" \/>\n<meta property=\"og:description\" content=\"La ministra de Seguridad, Patricia Bullrich, se\u00f1al\u00f3 que intensificar\u00e1n los controles en los ingresos al pa\u00eds ante los hechos que conmueven a Brasil, donde\" \/>\n<meta property=\"og:url\" content=\"https:\/\/radioinfinitagoya.com.ar\/v1\/2025\/10\/29\/el-gobierno-anuncio-una-alerta-maxima-en-las-fronteras-tras-la-violencia-en-rio-de-janeiro\/\" \/>\n<meta property=\"og:site_name\" content=\"Radio Infinita Goya\" \/>\n<meta property=\"article:publisher\" content=\"https:\/\/www.facebook.com\/p\/Infinita-Goya-100063870918311\/\" \/>\n<meta property=\"article:published_time\" content=\"2025-10-29T19:53:20+00:00\" \/>\n<meta name=\"author\" content=\"Jorge Mi\u00f1o\" \/>\n<meta name=\"twitter:card\" content=\"summary_large_image\" \/>\n<meta name=\"twitter:label1\" content=\"Escrito por\" \/>\n\t<meta name=\"twitter:data1\" content=\"Jorge Mi\u00f1o\" \/>\n\t<meta name=\"twitter:label2\" content=\"Tiempo de lectura\" \/>\n\t<meta name=\"twitter:data2\" content=\"4 minutos\" \/>\n<script type=\"application\/ld+json\" class=\"yoast-schema-graph\">{\"@context\":\"https:\/\/schema.org\",\"@graph\":[{\"@type\":\"Article\",\"@id\":\"https:\/\/radioinfinitagoya.com.ar\/v1\/2025\/10\/29\/el-gobierno-anuncio-una-alerta-maxima-en-las-fronteras-tras-la-violencia-en-rio-de-janeiro\/#article\",\"isPartOf\":{\"@id\":\"https:\/\/radioinfinitagoya.com.ar\/v1\/2025\/10\/29\/el-gobierno-anuncio-una-alerta-maxima-en-las-fronteras-tras-la-violencia-en-rio-de-janeiro\/\"},\"author\":{\"name\":\"Jorge Mi\u00f1o\",\"@id\":\"https:\/\/radioinfinitagoya.com.ar\/v1\/#\/schema\/person\/d4cf9c413d4f6edb24aabdccab49ca4a\"},\"headline\":\"El Gobierno anunci\u00f3 una alerta m\u00e1xima en las fronteras tras la violencia en R\u00edo de Janeiro\",\"datePublished\":\"2025-10-29T19:53:20+00:00\",\"mainEntityOfPage\":{\"@id\":\"https:\/\/radioinfinitagoya.com.ar\/v1\/2025\/10\/29\/el-gobierno-anuncio-una-alerta-maxima-en-las-fronteras-tras-la-violencia-en-rio-de-janeiro\/\"},\"wordCount\":724,\"publisher\":{\"@id\":\"https:\/\/radioinfinitagoya.com.ar\/v1\/#organization\"},\"image\":{\"@id\":\"https:\/\/radioinfinitagoya.com.ar\/v1\/2025\/10\/29\/el-gobierno-anuncio-una-alerta-maxima-en-las-fronteras-tras-la-violencia-en-rio-de-janeiro\/#primaryimage\"},\"thumbnailUrl\":\"https:\/\/radioinfinitagoya.com.ar\/v1\/wp-content\/uploads\/2025\/10\/MZXOI6IV6BF2VCXPMD6NN5JRNM.avif\",\"articleSection\":[\"PRINCIPAL\"],\"inLanguage\":\"es-AR\"},{\"@type\":\"WebPage\",\"@id\":\"https:\/\/radioinfinitagoya.com.ar\/v1\/2025\/10\/29\/el-gobierno-anuncio-una-alerta-maxima-en-las-fronteras-tras-la-violencia-en-rio-de-janeiro\/\",\"url\":\"https:\/\/radioinfinitagoya.com.ar\/v1\/2025\/10\/29\/el-gobierno-anuncio-una-alerta-maxima-en-las-fronteras-tras-la-violencia-en-rio-de-janeiro\/\",\"name\":\"El Gobierno anunci\u00f3 una alerta m\u00e1xima en las fronteras tras la violencia en R\u00edo de Janeiro - Radio Infinita Goya\",\"isPartOf\":{\"@id\":\"https:\/\/radioinfinitagoya.com.ar\/v1\/#website\"},\"primaryImageOfPage\":{\"@id\":\"https:\/\/radioinfinitagoya.com.ar\/v1\/2025\/10\/29\/el-gobierno-anuncio-una-alerta-maxima-en-las-fronteras-tras-la-violencia-en-rio-de-janeiro\/#primaryimage\"},\"image\":{\"@id\":\"https:\/\/radioinfinitagoya.com.ar\/v1\/2025\/10\/29\/el-gobierno-anuncio-una-alerta-maxima-en-las-fronteras-tras-la-violencia-en-rio-de-janeiro\/#primaryimage\"},\"thumbnailUrl\":\"https:\/\/radioinfinitagoya.com.ar\/v1\/wp-content\/uploads\/2025\/10\/MZXOI6IV6BF2VCXPMD6NN5JRNM.avif\",\"datePublished\":\"2025-10-29T19:53:20+00:00\",\"description\":\"La ministra de Seguridad, Patricia Bullrich, se\u00f1al\u00f3 que intensificar\u00e1n los controles en los ingresos al pa\u00eds ante los hechos que conmueven a Brasil, donde\",\"breadcrumb\":{\"@id\":\"https:\/\/radioinfinitagoya.com.ar\/v1\/2025\/10\/29\/el-gobierno-anuncio-una-alerta-maxima-en-las-fronteras-tras-la-violencia-en-rio-de-janeiro\/#breadcrumb\"},\"inLanguage\":\"es-AR\",\"potentialAction\":[{\"@type\":\"ReadAction\",\"target\":[\"https:\/\/radioinfinitagoya.com.ar\/v1\/2025\/10\/29\/el-gobierno-anuncio-una-alerta-maxima-en-las-fronteras-tras-la-violencia-en-rio-de-janeiro\/\"]}]},{\"@type\":\"ImageObject\",\"inLanguage\":\"es-AR\",\"@id\":\"https:\/\/radioinfinitagoya.com.ar\/v1\/2025\/10\/29\/el-gobierno-anuncio-una-alerta-maxima-en-las-fronteras-tras-la-violencia-en-rio-de-janeiro\/#primaryimage\",\"url\":\"https:\/\/radioinfinitagoya.com.ar\/v1\/wp-content\/uploads\/2025\/10\/MZXOI6IV6BF2VCXPMD6NN5JRNM.avif\",\"contentUrl\":\"https:\/\/radioinfinitagoya.com.ar\/v1\/wp-content\/uploads\/2025\/10\/MZXOI6IV6BF2VCXPMD6NN5JRNM.avif\",\"width\":992,\"height\":661},{\"@type\":\"BreadcrumbList\",\"@id\":\"https:\/\/radioinfinitagoya.com.ar\/v1\/2025\/10\/29\/el-gobierno-anuncio-una-alerta-maxima-en-las-fronteras-tras-la-violencia-en-rio-de-janeiro\/#breadcrumb\",\"itemListElement\":[{\"@type\":\"ListItem\",\"position\":1,\"name\":\"Inicio\",\"item\":\"https:\/\/radioinfinitagoya.com.ar\/v1\/\"},{\"@type\":\"ListItem\",\"position\":2,\"name\":\"El Gobierno anunci\u00f3 una alerta m\u00e1xima en las fronteras tras la violencia en R\u00edo de Janeiro\"}]},{\"@type\":\"WebSite\",\"@id\":\"https:\/\/radioinfinitagoya.com.ar\/v1\/#website\",\"url\":\"https:\/\/radioinfinitagoya.com.ar\/v1\/\",\"name\":\"radioinfinitagoya.com.ar\",\"description\":\"Radio de noticias\",\"publisher\":{\"@id\":\"https:\/\/radioinfinitagoya.com.ar\/v1\/#organization\"},\"potentialAction\":[{\"@type\":\"SearchAction\",\"target\":{\"@type\":\"EntryPoint\",\"urlTemplate\":\"https:\/\/radioinfinitagoya.com.ar\/v1\/?s={search_term_string}\"},\"query-input\":{\"@type\":\"PropertyValueSpecification\",\"valueRequired\":true,\"valueName\":\"search_term_string\"}}],\"inLanguage\":\"es-AR\"},{\"@type\":\"Organization\",\"@id\":\"https:\/\/radioinfinitagoya.com.ar\/v1\/#organization\",\"name\":\"Radio Infinita Goya\",\"url\":\"https:\/\/radioinfinitagoya.com.ar\/v1\/\",\"logo\":{\"@type\":\"ImageObject\",\"inLanguage\":\"es-AR\",\"@id\":\"https:\/\/radioinfinitagoya.com.ar\/v1\/#\/schema\/logo\/image\/\",\"url\":\"https:\/\/radioinfinitagoya.com.ar\/v1\/wp-content\/uploads\/2019\/11\/logo-pie-web.png\",\"contentUrl\":\"https:\/\/radioinfinitagoya.com.ar\/v1\/wp-content\/uploads\/2019\/11\/logo-pie-web.png\",\"width\":635,\"height\":326,\"caption\":\"Radio Infinita Goya\"},\"image\":{\"@id\":\"https:\/\/radioinfinitagoya.com.ar\/v1\/#\/schema\/logo\/image\/\"},\"sameAs\":[\"https:\/\/www.facebook.com\/p\/Infinita-Goya-100063870918311\/\"]},{\"@type\":\"Person\",\"@id\":\"https:\/\/radioinfinitagoya.com.ar\/v1\/#\/schema\/person\/d4cf9c413d4f6edb24aabdccab49ca4a\",\"name\":\"Jorge Mi\u00f1o\",\"image\":{\"@type\":\"ImageObject\",\"inLanguage\":\"es-AR\",\"@id\":\"https:\/\/secure.gravatar.com\/avatar\/910fcf6728fe95320e07a6643c1581fec1c7fc4bf8ae12e3d8f0d0373dc844be?s=96&d=mm&r=g\",\"url\":\"https:\/\/secure.gravatar.com\/avatar\/910fcf6728fe95320e07a6643c1581fec1c7fc4bf8ae12e3d8f0d0373dc844be?s=96&d=mm&r=g\",\"contentUrl\":\"https:\/\/secure.gravatar.com\/avatar\/910fcf6728fe95320e07a6643c1581fec1c7fc4bf8ae12e3d8f0d0373dc844be?s=96&d=mm&r=g\",\"caption\":\"Jorge Mi\u00f1o\"},\"sameAs\":[\"http:\/\/radioinfinitagoya.com.ar\"]}]}<\/script>\n<!-- \/ Yoast SEO plugin. -->","yoast_head_json":{"title":"El Gobierno anunci\u00f3 una alerta m\u00e1xima en las fronteras tras la violencia en R\u00edo de Janeiro - Radio Infinita Goya","description":"La ministra de Seguridad, Patricia Bullrich, se\u00f1al\u00f3 que intensificar\u00e1n los controles en los ingresos al pa\u00eds ante los hechos que conmueven a Brasil, donde","robots":{"index":"index","follow":"follow","max-snippet":"max-snippet:-1","max-image-preview":"max-image-preview:large","max-video-preview":"max-video-preview:-1"},"canonical":"https:\/\/radioinfinitagoya.com.ar\/v1\/2025\/10\/29\/el-gobierno-anuncio-una-alerta-maxima-en-las-fronteras-tras-la-violencia-en-rio-de-janeiro\/","og_locale":"es_ES","og_type":"article","og_title":"El Gobierno anunci\u00f3 una alerta m\u00e1xima en las fronteras tras la violencia en R\u00edo de Janeiro - Radio Infinita Goya","og_description":"La ministra de Seguridad, Patricia Bullrich, se\u00f1al\u00f3 que intensificar\u00e1n los controles en los ingresos al pa\u00eds ante los hechos que conmueven a Brasil, donde","og_url":"https:\/\/radioinfinitagoya.com.ar\/v1\/2025\/10\/29\/el-gobierno-anuncio-una-alerta-maxima-en-las-fronteras-tras-la-violencia-en-rio-de-janeiro\/","og_site_name":"Radio Infinita Goya","article_publisher":"https:\/\/www.facebook.com\/p\/Infinita-Goya-100063870918311\/","article_published_time":"2025-10-29T19:53:20+00:00","author":"Jorge Mi\u00f1o","twitter_card":"summary_large_image","twitter_misc":{"Escrito por":"Jorge Mi\u00f1o","Tiempo de lectura":"4 minutos"},"schema":{"@context":"https:\/\/schema.org","@graph":[{"@type":"Article","@id":"https:\/\/radioinfinitagoya.com.ar\/v1\/2025\/10\/29\/el-gobierno-anuncio-una-alerta-maxima-en-las-fronteras-tras-la-violencia-en-rio-de-janeiro\/#article","isPartOf":{"@id":"https:\/\/radioinfinitagoya.com.ar\/v1\/2025\/10\/29\/el-gobierno-anuncio-una-alerta-maxima-en-las-fronteras-tras-la-violencia-en-rio-de-janeiro\/"},"author":{"name":"Jorge Mi\u00f1o","@id":"https:\/\/radioinfinitagoya.com.ar\/v1\/#\/schema\/person\/d4cf9c413d4f6edb24aabdccab49ca4a"},"headline":"El Gobierno anunci\u00f3 una alerta m\u00e1xima en las fronteras tras la violencia en R\u00edo de Janeiro","datePublished":"2025-10-29T19:53:20+00:00","mainEntityOfPage":{"@id":"https:\/\/radioinfinitagoya.com.ar\/v1\/2025\/10\/29\/el-gobierno-anuncio-una-alerta-maxima-en-las-fronteras-tras-la-violencia-en-rio-de-janeiro\/"},"wordCount":724,"publisher":{"@id":"https:\/\/radioinfinitagoya.com.ar\/v1\/#organization"},"image":{"@id":"https:\/\/radioinfinitagoya.com.ar\/v1\/2025\/10\/29\/el-gobierno-anuncio-una-alerta-maxima-en-las-fronteras-tras-la-violencia-en-rio-de-janeiro\/#primaryimage"},"thumbnailUrl":"https:\/\/radioinfinitagoya.com.ar\/v1\/wp-content\/uploads\/2025\/10\/MZXOI6IV6BF2VCXPMD6NN5JRNM.avif","articleSection":["PRINCIPAL"],"inLanguage":"es-AR"},{"@type":"WebPage","@id":"https:\/\/radioinfinitagoya.com.ar\/v1\/2025\/10\/29\/el-gobierno-anuncio-una-alerta-maxima-en-las-fronteras-tras-la-violencia-en-rio-de-janeiro\/","url":"https:\/\/radioinfinitagoya.com.ar\/v1\/2025\/10\/29\/el-gobierno-anuncio-una-alerta-maxima-en-las-fronteras-tras-la-violencia-en-rio-de-janeiro\/","name":"El Gobierno anunci\u00f3 una alerta m\u00e1xima en las fronteras tras la violencia en R\u00edo de Janeiro - Radio Infinita Goya","isPartOf":{"@id":"https:\/\/radioinfinitagoya.com.ar\/v1\/#website"},"primaryImageOfPage":{"@id":"https:\/\/radioinfinitagoya.com.ar\/v1\/2025\/10\/29\/el-gobierno-anuncio-una-alerta-maxima-en-las-fronteras-tras-la-violencia-en-rio-de-janeiro\/#primaryimage"},"image":{"@id":"https:\/\/radioinfinitagoya.com.ar\/v1\/2025\/10\/29\/el-gobierno-anuncio-una-alerta-maxima-en-las-fronteras-tras-la-violencia-en-rio-de-janeiro\/#primaryimage"},"thumbnailUrl":"https:\/\/radioinfinitagoya.com.ar\/v1\/wp-content\/uploads\/2025\/10\/MZXOI6IV6BF2VCXPMD6NN5JRNM.avif","datePublished":"2025-10-29T19:53:20+00:00","description":"La ministra de Seguridad, Patricia Bullrich, se\u00f1al\u00f3 que intensificar\u00e1n los controles en los ingresos al pa\u00eds ante los hechos que conmueven a Brasil, donde","breadcrumb":{"@id":"https:\/\/radioinfinitagoya.com.ar\/v1\/2025\/10\/29\/el-gobierno-anuncio-una-alerta-maxima-en-las-fronteras-tras-la-violencia-en-rio-de-janeiro\/#breadcrumb"},"inLanguage":"es-AR","potentialAction":[{"@type":"ReadAction","target":["https:\/\/radioinfinitagoya.com.ar\/v1\/2025\/10\/29\/el-gobierno-anuncio-una-alerta-maxima-en-las-fronteras-tras-la-violencia-en-rio-de-janeiro\/"]}]},{"@type":"ImageObject","inLanguage":"es-AR","@id":"https:\/\/radioinfinitagoya.com.ar\/v1\/2025\/10\/29\/el-gobierno-anuncio-una-alerta-maxima-en-las-fronteras-tras-la-violencia-en-rio-de-janeiro\/#primaryimage","url":"https:\/\/radioinfinitagoya.com.ar\/v1\/wp-content\/uploads\/2025\/10\/MZXOI6IV6BF2VCXPMD6NN5JRNM.avif","contentUrl":"https:\/\/radioinfinitagoya.com.ar\/v1\/wp-content\/uploads\/2025\/10\/MZXOI6IV6BF2VCXPMD6NN5JRNM.avif","width":992,"height":661},{"@type":"BreadcrumbList","@id":"https:\/\/radioinfinitagoya.com.ar\/v1\/2025\/10\/29\/el-gobierno-anuncio-una-alerta-maxima-en-las-fronteras-tras-la-violencia-en-rio-de-janeiro\/#breadcrumb","itemListElement":[{"@type":"ListItem","position":1,"name":"Inicio","item":"https:\/\/radioinfinitagoya.com.ar\/v1\/"},{"@type":"ListItem","position":2,"name":"El Gobierno anunci\u00f3 una alerta m\u00e1xima en las fronteras tras la violencia en R\u00edo de Janeiro"}]},{"@type":"WebSite","@id":"https:\/\/radioinfinitagoya.com.ar\/v1\/#website","url":"https:\/\/radioinfinitagoya.com.ar\/v1\/","name":"radioinfinitagoya.com.ar","description":"Radio de noticias","publisher":{"@id":"https:\/\/radioinfinitagoya.com.ar\/v1\/#organization"},"potentialAction":[{"@type":"SearchAction","target":{"@type":"EntryPoint","urlTemplate":"https:\/\/radioinfinitagoya.com.ar\/v1\/?s={search_term_string}"},"query-input":{"@type":"PropertyValueSpecification","valueRequired":true,"valueName":"search_term_string"}}],"inLanguage":"es-AR"},{"@type":"Organization","@id":"https:\/\/radioinfinitagoya.com.ar\/v1\/#organization","name":"Radio Infinita Goya","url":"https:\/\/radioinfinitagoya.com.ar\/v1\/","logo":{"@type":"ImageObject","inLanguage":"es-AR","@id":"https:\/\/radioinfinitagoya.com.ar\/v1\/#\/schema\/logo\/image\/","url":"https:\/\/radioinfinitagoya.com.ar\/v1\/wp-content\/uploads\/2019\/11\/logo-pie-web.png","contentUrl":"https:\/\/radioinfinitagoya.com.ar\/v1\/wp-content\/uploads\/2019\/11\/logo-pie-web.png","width":635,"height":326,"caption":"Radio Infinita Goya"},"image":{"@id":"https:\/\/radioinfinitagoya.com.ar\/v1\/#\/schema\/logo\/image\/"},"sameAs":["https:\/\/www.facebook.com\/p\/Infinita-Goya-100063870918311\/"]},{"@type":"Person","@id":"https:\/\/radioinfinitagoya.com.ar\/v1\/#\/schema\/person\/d4cf9c413d4f6edb24aabdccab49ca4a","name":"Jorge Mi\u00f1o","image":{"@type":"ImageObject","inLanguage":"es-AR","@id":"https:\/\/secure.gravatar.com\/avatar\/910fcf6728fe95320e07a6643c1581fec1c7fc4bf8ae12e3d8f0d0373dc844be?s=96&d=mm&r=g","url":"https:\/\/secure.gravatar.com\/avatar\/910fcf6728fe95320e07a6643c1581fec1c7fc4bf8ae12e3d8f0d0373dc844be?s=96&d=mm&r=g","contentUrl":"https:\/\/secure.gravatar.com\/avatar\/910fcf6728fe95320e07a6643c1581fec1c7fc4bf8ae12e3d8f0d0373dc844be?s=96&d=mm&r=g","caption":"Jorge Mi\u00f1o"},"sameAs":["http:\/\/radioinfinitagoya.com.ar"]}]}},"_links":{"self":[{"href":"https:\/\/radioinfinitagoya.com.ar\/v1\/wp-json\/wp\/v2\/posts\/198433","targetHints":{"allow":["GET"]}}],"collection":[{"href":"https:\/\/radioinfinitagoya.com.ar\/v1\/wp-json\/wp\/v2\/posts"}],"about":[{"href":"https:\/\/radioinfinitagoya.com.ar\/v1\/wp-json\/wp\/v2\/types\/post"}],"author":[{"embeddable":true,"href":"https:\/\/radioinfinitagoya.com.ar\/v1\/wp-json\/wp\/v2\/users\/4"}],"replies":[{"embeddable":true,"href":"https:\/\/radioinfinitagoya.com.ar\/v1\/wp-json\/wp\/v2\/comments?post=198433"}],"version-history":[{"count":0,"href":"https:\/\/radioinfinitagoya.com.ar\/v1\/wp-json\/wp\/v2\/posts\/198433\/revisions"}],"wp:featuredmedia":[{"embeddable":true,"href":"https:\/\/radioinfinitagoya.com.ar\/v1\/wp-json\/wp\/v2\/media\/198434"}],"wp:attachment":[{"href":"https:\/\/radioinfinitagoya.com.ar\/v1\/wp-json\/wp\/v2\/media?parent=198433"}],"wp:term":[{"taxonomy":"category","embeddable":true,"href":"https:\/\/radioinfinitagoya.com.ar\/v1\/wp-json\/wp\/v2\/categories?post=198433"},{"taxonomy":"post_tag","embeddable":true,"href":"https:\/\/radioinfinitagoya.com.ar\/v1\/wp-json\/wp\/v2\/tags?post=198433"}],"curies":[{"name":"wp","href":"https:\/\/api.w.org\/{rel}","templated":true}]}}