{"id":198438,"date":"2025-10-29T16:57:17","date_gmt":"2025-10-29T19:57:17","guid":{"rendered":"https:\/\/radioinfinitagoya.com.ar\/v1\/?p=198438"},"modified":"2025-10-29T16:57:17","modified_gmt":"2025-10-29T19:57:17","slug":"se-aceleran-los-cambios-en-el-gabinete","status":"publish","type":"post","link":"https:\/\/radioinfinitagoya.com.ar\/v1\/2025\/10\/29\/se-aceleran-los-cambios-en-el-gabinete\/","title":{"rendered":"Se aceleran los cambios en el Gabinete"},"content":{"rendered":"<p>El nuevo esquema de poder de Casa Rosada podr\u00eda anunciarse en los pr\u00f3ximos d\u00edas<\/p>\n<p>Son inminentes las definiciones sobre las nuevas funciones en el equipo de Javier Milei. El inesperado llamado a los gobernadores y la trama que signa a la c\u00fapula del Poder Ejecutivo<\/p>\n<p>La presi\u00f3n de algunos funcionarios por quedarse en la gesti\u00f3n p\u00fablica es similar a la de otros que consideran que debe sincerarse el esquema de poder en Casa Rosada, para materializar un nuevo estado de situaci\u00f3n. Aunque en los \u00faltimos d\u00edas trascendi\u00f3 que los cambios en el Gabinete de Javier Milei pod\u00edan demorarse y comunicarse sobre el final de noviembre o principios de diciembre, ahora hay muchos indicios de que ciertos anuncios podr\u00edan adelantarse.<\/p>\n<p>Al menos tres fuentes ratificaron esta \u00faltima lectura. \u201cSe va a acelerar todo esto\u201d, marc\u00f3 a Infobae un integrante de alto rango del Gobierno. En m\u00e1s de un despacho de la Casa Rosada consideran que deben \u201csincerar\u201d el nuevo esquema de poder. Esto no es m\u00e1s que terminar de definir cu\u00e1les son los nuevos cargos, qui\u00e9nes los ocupar\u00e1n y qu\u00e9 tareas espec\u00edficas tendr\u00e1n a cargo.<\/p>\n<p>Hasta el momento, las negociaciones pol\u00edticas con gobernadores -a quienes considera clave para aprobar las reformas estructurales- ten\u00edan m\u00faltiples interlocutores libertarios. Para muchos, esto deber\u00eda reducirse. La decisi\u00f3n ser\u00e1 exclusiva del presidente Milei, que debe determinar c\u00f3mo ser\u00e1 la matriz de poder para la segunda parte de su gesti\u00f3n. En los \u00faltimos d\u00edas hubo un gran volumen de reuniones, que ayer por la tarde\/noche se agilizaron a\u00fan m\u00e1s. Las negociaciones no estar\u00edan cerradas, pero hay una idea de cu\u00e1l es el proyecto que varios le presentar\u00e1n al jefe de Estado para que termine de bajar el martillo. Podr\u00eda terminar siendo una suerte de acuerdo transversal entre varias huestes.<\/p>\n<p>El Gobierno todav\u00eda no hizo un relanzamiento del Gabinete. Al menos no como esperaba hacerlo hasta antes de las elecciones, cuando el panorama era m\u00e1s cauto. La victoria arrolladora del domingo le permiti\u00f3 a Milei prorrogar por unos d\u00edas los anuncios que muchos ya ten\u00edan previstos para el mismo lunes posterior a los comicios.<\/p>\n<p>Hay quienes marcaban que los anuncios incluso se esperaban para estos d\u00edas, pero que se demoraron por el llamado de Guillermo Francos y Lisandro Catal\u00e1n ayer por la tarde a m\u00e1s de 15 gobernadores para mantener una mesa de trabajo y recomponer el v\u00ednculo con ellos. All\u00ed participar\u00e1n el presidente Milei y el ministro de Econom\u00eda, Luis Caputo<\/p>\n<p>En Jefatura marcaron que fue un pedido del Presidente a Francos. En otros dos despachos marcaron que, en teor\u00eda, ese llamado no estaba previsto hasta antes de la jura de Pablo Quirno como canciller que se realiz\u00f3 ayer en el Sal\u00f3n Blanco de la Casa Rosada. Las versiones hablan de que la idea surgi\u00f3 despu\u00e9s de que \u201cToto\u201d le dijera al Presidente que \u201cser\u00eda un buen gesto mostrar una foto con los gobernadores\u201d dispuestos a dialogar con el oficialismo, y de que se realiz\u00f3 de manera intempestiva. Algunos funcionarios se enteraron por los medios del llamado.<\/p>\n<p>\u201cEso gener\u00f3 que se atrasen algunos d\u00edas los anuncios de cambios que pretend\u00edamos\u201d, marc\u00f3 una fuente inobjetable de la administraci\u00f3n nacional. \u00bfSer\u00e1 porque no iba a ser un buen gesto cambiar de interlocutores instantes antes de que se diera esa mesa de di\u00e1logo con los gobernadores? Lo cierto es que Infobae pudo recabar que esa movida no cay\u00f3 bien en m\u00e1s de una tribu libertaria.<\/p>\n<p>El resultado de los comicios trajo empoderamientos varios. En todas las huestes del Gobierno marcaron que la principal responsable de la victoria hab\u00eda sido la secretaria general de la Presidencia, Karina Milei, tanto por acompa\u00f1ar la estrategia de los armados provinciales de Eduardo \u201cLule\u201d Menem (que trajo un importante volumen de legisladores propios), como por participar en la coordinaci\u00f3n de campa\u00f1a y avalar la narrativa dise\u00f1ada por Santiago Caputo. Es por eso que nadie en el oficialismo duda -como s\u00ed pasaba antes- de que Mart\u00edn Menem siga como presidente de la C\u00e1mara de Diputados.<\/p>\n<p>Los dilemas de las responsabilidades no se resolvieron en Casa Rosada, un \u00e1mbito caracterizado por internas que no se diluyen, aunque se habla de que hay una leve mejor\u00eda entre ciertos sectores del karinismo con los integrantes del caputismo. La principal tensi\u00f3n actual es la del sector de Santiago Caputo con el del jefe de Gabinete, Guillermo Francos. Evidencia de eso es que no hubo saludo entre ambos en la jura de Quirno de ayer.<\/p>\n<p>Las versiones hablan de un eventual movimiento de estos dos \u00faltimos, pero tambi\u00e9n existen las lecturas de que Francos sigue fuerte y que al d\u00eda de hoy todo depende de qu\u00e9 decida Milei. En el caso de que suceda lo primero, se habla de una Jefatura algo diferente y de un Ministerio del Interior \u201ca lo (Carlos) Corach\u201d, es decir, con mayores atribuciones y nuevas \u00e1reas a cargo que sirvan para negociar con los gobernadores, que ser\u00e1n dadores de gobernabilidad para la segunda parte del mandato libertario.<\/p>\n<p>Aunque implican mucho menos en t\u00e9rminos de poder real, tambi\u00e9n hay nombramientos ministeriales en gestaci\u00f3n: qui\u00e9n reemplazar\u00e1 a Luis Petri como ministro de Defensa, por ejemplo. Es pr\u00e1cticamente un hecho que la secretaria de Seguridad, Alejandra Monteoliva, reemplazar\u00e1 a Patricia Bullrich como ministra. En Justicia todav\u00eda sigue la inc\u00f3gnita de si se lo elevar\u00e1 al actual secretario Sebasti\u00e1n Amerio, al intendente de General Pueyrred\u00f3n, Guillermo Montenegro, o si finalmente seguir\u00e1 por unos meses m\u00e1s el actual ministro, Mariano C\u00faneo Libarona, que la semana pasada le confes\u00f3 a Infobae que este lunes iba a presentar su renuncia, algo que finalmente no sucedi\u00f3.<\/p>\n<p>&nbsp;<\/p>\n","protected":false},"excerpt":{"rendered":"<p>El nuevo esquema de poder de Casa Rosada podr\u00eda anunciarse en los pr\u00f3ximos d\u00edas Son inminentes las definiciones sobre las nuevas funciones en el equipo de Javier Milei. El inesperado llamado a los gobernadores y la trama que signa a la c\u00fapula del Poder Ejecutivo La presi\u00f3n de algunos funcionarios por quedarse en la gesti\u00f3n [&hellip;]<\/p>\n","protected":false},"author":4,"featured_media":198439,"comment_status":"closed","ping_status":"closed","sticky":false,"template":"","format":"standard","meta":{"_joinchat":[],"footnotes":""},"categories":[25],"tags":[],"class_list":{"0":"post-198438","1":"post","2":"type-post","3":"status-publish","4":"format-standard","5":"has-post-thumbnail","7":"category-destacados"},"yoast_head":"<!-- This site is optimized with the Yoast SEO plugin v27.2 - https:\/\/yoast.com\/product\/yoast-seo-wordpress\/ -->\n<title>Se aceleran los cambios en el Gabinete - Radio Infinita Goya<\/title>\n<meta name=\"description\" content=\"El nuevo esquema de poder de Casa Rosada podr\u00eda anunciarse en los pr\u00f3ximos d\u00edas Son inminentes las definiciones sobre las nuevas funciones en el equipo de\" \/>\n<meta name=\"robots\" content=\"index, follow, max-snippet:-1, max-image-preview:large, max-video-preview:-1\" \/>\n<link rel=\"canonical\" href=\"https:\/\/radioinfinitagoya.com.ar\/v1\/2025\/10\/29\/se-aceleran-los-cambios-en-el-gabinete\/\" \/>\n<meta property=\"og:locale\" content=\"es_ES\" \/>\n<meta property=\"og:type\" content=\"article\" \/>\n<meta property=\"og:title\" content=\"Se aceleran los cambios en el Gabinete - Radio Infinita Goya\" \/>\n<meta property=\"og:description\" content=\"El nuevo esquema de poder de Casa Rosada podr\u00eda anunciarse en los pr\u00f3ximos d\u00edas Son inminentes las definiciones sobre las nuevas funciones en el equipo de\" \/>\n<meta property=\"og:url\" content=\"https:\/\/radioinfinitagoya.com.ar\/v1\/2025\/10\/29\/se-aceleran-los-cambios-en-el-gabinete\/\" \/>\n<meta property=\"og:site_name\" content=\"Radio Infinita Goya\" \/>\n<meta property=\"article:publisher\" content=\"https:\/\/www.facebook.com\/p\/Infinita-Goya-100063870918311\/\" \/>\n<meta property=\"article:published_time\" content=\"2025-10-29T19:57:17+00:00\" \/>\n<meta name=\"author\" content=\"Jorge Mi\u00f1o\" \/>\n<meta name=\"twitter:card\" content=\"summary_large_image\" \/>\n<meta name=\"twitter:label1\" content=\"Escrito por\" \/>\n\t<meta name=\"twitter:data1\" content=\"Jorge Mi\u00f1o\" \/>\n\t<meta name=\"twitter:label2\" content=\"Tiempo de lectura\" \/>\n\t<meta name=\"twitter:data2\" content=\"5 minutos\" \/>\n<script type=\"application\/ld+json\" class=\"yoast-schema-graph\">{\"@context\":\"https:\/\/schema.org\",\"@graph\":[{\"@type\":\"Article\",\"@id\":\"https:\/\/radioinfinitagoya.com.ar\/v1\/2025\/10\/29\/se-aceleran-los-cambios-en-el-gabinete\/#article\",\"isPartOf\":{\"@id\":\"https:\/\/radioinfinitagoya.com.ar\/v1\/2025\/10\/29\/se-aceleran-los-cambios-en-el-gabinete\/\"},\"author\":{\"name\":\"Jorge Mi\u00f1o\",\"@id\":\"https:\/\/radioinfinitagoya.com.ar\/v1\/#\/schema\/person\/d4cf9c413d4f6edb24aabdccab49ca4a\"},\"headline\":\"Se aceleran los cambios en el Gabinete\",\"datePublished\":\"2025-10-29T19:57:17+00:00\",\"mainEntityOfPage\":{\"@id\":\"https:\/\/radioinfinitagoya.com.ar\/v1\/2025\/10\/29\/se-aceleran-los-cambios-en-el-gabinete\/\"},\"wordCount\":1004,\"publisher\":{\"@id\":\"https:\/\/radioinfinitagoya.com.ar\/v1\/#organization\"},\"image\":{\"@id\":\"https:\/\/radioinfinitagoya.com.ar\/v1\/2025\/10\/29\/se-aceleran-los-cambios-en-el-gabinete\/#primaryimage\"},\"thumbnailUrl\":\"https:\/\/radioinfinitagoya.com.ar\/v1\/wp-content\/uploads\/2025\/10\/IZ7JHXOE2VH5FKLJR3AYUZOKS4.avif\",\"articleSection\":[\"DESTACADOS\"],\"inLanguage\":\"es-AR\"},{\"@type\":\"WebPage\",\"@id\":\"https:\/\/radioinfinitagoya.com.ar\/v1\/2025\/10\/29\/se-aceleran-los-cambios-en-el-gabinete\/\",\"url\":\"https:\/\/radioinfinitagoya.com.ar\/v1\/2025\/10\/29\/se-aceleran-los-cambios-en-el-gabinete\/\",\"name\":\"Se aceleran los cambios en el Gabinete - Radio Infinita Goya\",\"isPartOf\":{\"@id\":\"https:\/\/radioinfinitagoya.com.ar\/v1\/#website\"},\"primaryImageOfPage\":{\"@id\":\"https:\/\/radioinfinitagoya.com.ar\/v1\/2025\/10\/29\/se-aceleran-los-cambios-en-el-gabinete\/#primaryimage\"},\"image\":{\"@id\":\"https:\/\/radioinfinitagoya.com.ar\/v1\/2025\/10\/29\/se-aceleran-los-cambios-en-el-gabinete\/#primaryimage\"},\"thumbnailUrl\":\"https:\/\/radioinfinitagoya.com.ar\/v1\/wp-content\/uploads\/2025\/10\/IZ7JHXOE2VH5FKLJR3AYUZOKS4.avif\",\"datePublished\":\"2025-10-29T19:57:17+00:00\",\"description\":\"El nuevo esquema de poder de Casa Rosada podr\u00eda anunciarse en los pr\u00f3ximos d\u00edas Son inminentes las definiciones sobre las nuevas funciones en el equipo de\",\"breadcrumb\":{\"@id\":\"https:\/\/radioinfinitagoya.com.ar\/v1\/2025\/10\/29\/se-aceleran-los-cambios-en-el-gabinete\/#breadcrumb\"},\"inLanguage\":\"es-AR\",\"potentialAction\":[{\"@type\":\"ReadAction\",\"target\":[\"https:\/\/radioinfinitagoya.com.ar\/v1\/2025\/10\/29\/se-aceleran-los-cambios-en-el-gabinete\/\"]}]},{\"@type\":\"ImageObject\",\"inLanguage\":\"es-AR\",\"@id\":\"https:\/\/radioinfinitagoya.com.ar\/v1\/2025\/10\/29\/se-aceleran-los-cambios-en-el-gabinete\/#primaryimage\",\"url\":\"https:\/\/radioinfinitagoya.com.ar\/v1\/wp-content\/uploads\/2025\/10\/IZ7JHXOE2VH5FKLJR3AYUZOKS4.avif\",\"contentUrl\":\"https:\/\/radioinfinitagoya.com.ar\/v1\/wp-content\/uploads\/2025\/10\/IZ7JHXOE2VH5FKLJR3AYUZOKS4.avif\",\"width\":992,\"height\":640},{\"@type\":\"BreadcrumbList\",\"@id\":\"https:\/\/radioinfinitagoya.com.ar\/v1\/2025\/10\/29\/se-aceleran-los-cambios-en-el-gabinete\/#breadcrumb\",\"itemListElement\":[{\"@type\":\"ListItem\",\"position\":1,\"name\":\"Inicio\",\"item\":\"https:\/\/radioinfinitagoya.com.ar\/v1\/\"},{\"@type\":\"ListItem\",\"position\":2,\"name\":\"Se aceleran los cambios en el Gabinete\"}]},{\"@type\":\"WebSite\",\"@id\":\"https:\/\/radioinfinitagoya.com.ar\/v1\/#website\",\"url\":\"https:\/\/radioinfinitagoya.com.ar\/v1\/\",\"name\":\"radioinfinitagoya.com.ar\",\"description\":\"Radio de noticias\",\"publisher\":{\"@id\":\"https:\/\/radioinfinitagoya.com.ar\/v1\/#organization\"},\"potentialAction\":[{\"@type\":\"SearchAction\",\"target\":{\"@type\":\"EntryPoint\",\"urlTemplate\":\"https:\/\/radioinfinitagoya.com.ar\/v1\/?s={search_term_string}\"},\"query-input\":{\"@type\":\"PropertyValueSpecification\",\"valueRequired\":true,\"valueName\":\"search_term_string\"}}],\"inLanguage\":\"es-AR\"},{\"@type\":\"Organization\",\"@id\":\"https:\/\/radioinfinitagoya.com.ar\/v1\/#organization\",\"name\":\"Radio Infinita Goya\",\"url\":\"https:\/\/radioinfinitagoya.com.ar\/v1\/\",\"logo\":{\"@type\":\"ImageObject\",\"inLanguage\":\"es-AR\",\"@id\":\"https:\/\/radioinfinitagoya.com.ar\/v1\/#\/schema\/logo\/image\/\",\"url\":\"https:\/\/radioinfinitagoya.com.ar\/v1\/wp-content\/uploads\/2019\/11\/logo-pie-web.png\",\"contentUrl\":\"https:\/\/radioinfinitagoya.com.ar\/v1\/wp-content\/uploads\/2019\/11\/logo-pie-web.png\",\"width\":635,\"height\":326,\"caption\":\"Radio Infinita Goya\"},\"image\":{\"@id\":\"https:\/\/radioinfinitagoya.com.ar\/v1\/#\/schema\/logo\/image\/\"},\"sameAs\":[\"https:\/\/www.facebook.com\/p\/Infinita-Goya-100063870918311\/\"]},{\"@type\":\"Person\",\"@id\":\"https:\/\/radioinfinitagoya.com.ar\/v1\/#\/schema\/person\/d4cf9c413d4f6edb24aabdccab49ca4a\",\"name\":\"Jorge Mi\u00f1o\",\"image\":{\"@type\":\"ImageObject\",\"inLanguage\":\"es-AR\",\"@id\":\"https:\/\/secure.gravatar.com\/avatar\/910fcf6728fe95320e07a6643c1581fec1c7fc4bf8ae12e3d8f0d0373dc844be?s=96&d=mm&r=g\",\"url\":\"https:\/\/secure.gravatar.com\/avatar\/910fcf6728fe95320e07a6643c1581fec1c7fc4bf8ae12e3d8f0d0373dc844be?s=96&d=mm&r=g\",\"contentUrl\":\"https:\/\/secure.gravatar.com\/avatar\/910fcf6728fe95320e07a6643c1581fec1c7fc4bf8ae12e3d8f0d0373dc844be?s=96&d=mm&r=g\",\"caption\":\"Jorge Mi\u00f1o\"},\"sameAs\":[\"http:\/\/radioinfinitagoya.com.ar\"]}]}<\/script>\n<!-- \/ Yoast SEO plugin. -->","yoast_head_json":{"title":"Se aceleran los cambios en el Gabinete - Radio Infinita Goya","description":"El nuevo esquema de poder de Casa Rosada podr\u00eda anunciarse en los pr\u00f3ximos d\u00edas Son inminentes las definiciones sobre las nuevas funciones en el equipo de","robots":{"index":"index","follow":"follow","max-snippet":"max-snippet:-1","max-image-preview":"max-image-preview:large","max-video-preview":"max-video-preview:-1"},"canonical":"https:\/\/radioinfinitagoya.com.ar\/v1\/2025\/10\/29\/se-aceleran-los-cambios-en-el-gabinete\/","og_locale":"es_ES","og_type":"article","og_title":"Se aceleran los cambios en el Gabinete - Radio Infinita Goya","og_description":"El nuevo esquema de poder de Casa Rosada podr\u00eda anunciarse en los pr\u00f3ximos d\u00edas Son inminentes las definiciones sobre las nuevas funciones en el equipo de","og_url":"https:\/\/radioinfinitagoya.com.ar\/v1\/2025\/10\/29\/se-aceleran-los-cambios-en-el-gabinete\/","og_site_name":"Radio Infinita Goya","article_publisher":"https:\/\/www.facebook.com\/p\/Infinita-Goya-100063870918311\/","article_published_time":"2025-10-29T19:57:17+00:00","author":"Jorge Mi\u00f1o","twitter_card":"summary_large_image","twitter_misc":{"Escrito por":"Jorge Mi\u00f1o","Tiempo de lectura":"5 minutos"},"schema":{"@context":"https:\/\/schema.org","@graph":[{"@type":"Article","@id":"https:\/\/radioinfinitagoya.com.ar\/v1\/2025\/10\/29\/se-aceleran-los-cambios-en-el-gabinete\/#article","isPartOf":{"@id":"https:\/\/radioinfinitagoya.com.ar\/v1\/2025\/10\/29\/se-aceleran-los-cambios-en-el-gabinete\/"},"author":{"name":"Jorge Mi\u00f1o","@id":"https:\/\/radioinfinitagoya.com.ar\/v1\/#\/schema\/person\/d4cf9c413d4f6edb24aabdccab49ca4a"},"headline":"Se aceleran los cambios en el Gabinete","datePublished":"2025-10-29T19:57:17+00:00","mainEntityOfPage":{"@id":"https:\/\/radioinfinitagoya.com.ar\/v1\/2025\/10\/29\/se-aceleran-los-cambios-en-el-gabinete\/"},"wordCount":1004,"publisher":{"@id":"https:\/\/radioinfinitagoya.com.ar\/v1\/#organization"},"image":{"@id":"https:\/\/radioinfinitagoya.com.ar\/v1\/2025\/10\/29\/se-aceleran-los-cambios-en-el-gabinete\/#primaryimage"},"thumbnailUrl":"https:\/\/radioinfinitagoya.com.ar\/v1\/wp-content\/uploads\/2025\/10\/IZ7JHXOE2VH5FKLJR3AYUZOKS4.avif","articleSection":["DESTACADOS"],"inLanguage":"es-AR"},{"@type":"WebPage","@id":"https:\/\/radioinfinitagoya.com.ar\/v1\/2025\/10\/29\/se-aceleran-los-cambios-en-el-gabinete\/","url":"https:\/\/radioinfinitagoya.com.ar\/v1\/2025\/10\/29\/se-aceleran-los-cambios-en-el-gabinete\/","name":"Se aceleran los cambios en el Gabinete - Radio Infinita Goya","isPartOf":{"@id":"https:\/\/radioinfinitagoya.com.ar\/v1\/#website"},"primaryImageOfPage":{"@id":"https:\/\/radioinfinitagoya.com.ar\/v1\/2025\/10\/29\/se-aceleran-los-cambios-en-el-gabinete\/#primaryimage"},"image":{"@id":"https:\/\/radioinfinitagoya.com.ar\/v1\/2025\/10\/29\/se-aceleran-los-cambios-en-el-gabinete\/#primaryimage"},"thumbnailUrl":"https:\/\/radioinfinitagoya.com.ar\/v1\/wp-content\/uploads\/2025\/10\/IZ7JHXOE2VH5FKLJR3AYUZOKS4.avif","datePublished":"2025-10-29T19:57:17+00:00","description":"El nuevo esquema de poder de Casa Rosada podr\u00eda anunciarse en los pr\u00f3ximos d\u00edas Son inminentes las definiciones sobre las nuevas funciones en el equipo de","breadcrumb":{"@id":"https:\/\/radioinfinitagoya.com.ar\/v1\/2025\/10\/29\/se-aceleran-los-cambios-en-el-gabinete\/#breadcrumb"},"inLanguage":"es-AR","potentialAction":[{"@type":"ReadAction","target":["https:\/\/radioinfinitagoya.com.ar\/v1\/2025\/10\/29\/se-aceleran-los-cambios-en-el-gabinete\/"]}]},{"@type":"ImageObject","inLanguage":"es-AR","@id":"https:\/\/radioinfinitagoya.com.ar\/v1\/2025\/10\/29\/se-aceleran-los-cambios-en-el-gabinete\/#primaryimage","url":"https:\/\/radioinfinitagoya.com.ar\/v1\/wp-content\/uploads\/2025\/10\/IZ7JHXOE2VH5FKLJR3AYUZOKS4.avif","contentUrl":"https:\/\/radioinfinitagoya.com.ar\/v1\/wp-content\/uploads\/2025\/10\/IZ7JHXOE2VH5FKLJR3AYUZOKS4.avif","width":992,"height":640},{"@type":"BreadcrumbList","@id":"https:\/\/radioinfinitagoya.com.ar\/v1\/2025\/10\/29\/se-aceleran-los-cambios-en-el-gabinete\/#breadcrumb","itemListElement":[{"@type":"ListItem","position":1,"name":"Inicio","item":"https:\/\/radioinfinitagoya.com.ar\/v1\/"},{"@type":"ListItem","position":2,"name":"Se aceleran los cambios en el Gabinete"}]},{"@type":"WebSite","@id":"https:\/\/radioinfinitagoya.com.ar\/v1\/#website","url":"https:\/\/radioinfinitagoya.com.ar\/v1\/","name":"radioinfinitagoya.com.ar","description":"Radio de noticias","publisher":{"@id":"https:\/\/radioinfinitagoya.com.ar\/v1\/#organization"},"potentialAction":[{"@type":"SearchAction","target":{"@type":"EntryPoint","urlTemplate":"https:\/\/radioinfinitagoya.com.ar\/v1\/?s={search_term_string}"},"query-input":{"@type":"PropertyValueSpecification","valueRequired":true,"valueName":"search_term_string"}}],"inLanguage":"es-AR"},{"@type":"Organization","@id":"https:\/\/radioinfinitagoya.com.ar\/v1\/#organization","name":"Radio Infinita Goya","url":"https:\/\/radioinfinitagoya.com.ar\/v1\/","logo":{"@type":"ImageObject","inLanguage":"es-AR","@id":"https:\/\/radioinfinitagoya.com.ar\/v1\/#\/schema\/logo\/image\/","url":"https:\/\/radioinfinitagoya.com.ar\/v1\/wp-content\/uploads\/2019\/11\/logo-pie-web.png","contentUrl":"https:\/\/radioinfinitagoya.com.ar\/v1\/wp-content\/uploads\/2019\/11\/logo-pie-web.png","width":635,"height":326,"caption":"Radio Infinita Goya"},"image":{"@id":"https:\/\/radioinfinitagoya.com.ar\/v1\/#\/schema\/logo\/image\/"},"sameAs":["https:\/\/www.facebook.com\/p\/Infinita-Goya-100063870918311\/"]},{"@type":"Person","@id":"https:\/\/radioinfinitagoya.com.ar\/v1\/#\/schema\/person\/d4cf9c413d4f6edb24aabdccab49ca4a","name":"Jorge Mi\u00f1o","image":{"@type":"ImageObject","inLanguage":"es-AR","@id":"https:\/\/secure.gravatar.com\/avatar\/910fcf6728fe95320e07a6643c1581fec1c7fc4bf8ae12e3d8f0d0373dc844be?s=96&d=mm&r=g","url":"https:\/\/secure.gravatar.com\/avatar\/910fcf6728fe95320e07a6643c1581fec1c7fc4bf8ae12e3d8f0d0373dc844be?s=96&d=mm&r=g","contentUrl":"https:\/\/secure.gravatar.com\/avatar\/910fcf6728fe95320e07a6643c1581fec1c7fc4bf8ae12e3d8f0d0373dc844be?s=96&d=mm&r=g","caption":"Jorge Mi\u00f1o"},"sameAs":["http:\/\/radioinfinitagoya.com.ar"]}]}},"_links":{"self":[{"href":"https:\/\/radioinfinitagoya.com.ar\/v1\/wp-json\/wp\/v2\/posts\/198438","targetHints":{"allow":["GET"]}}],"collection":[{"href":"https:\/\/radioinfinitagoya.com.ar\/v1\/wp-json\/wp\/v2\/posts"}],"about":[{"href":"https:\/\/radioinfinitagoya.com.ar\/v1\/wp-json\/wp\/v2\/types\/post"}],"author":[{"embeddable":true,"href":"https:\/\/radioinfinitagoya.com.ar\/v1\/wp-json\/wp\/v2\/users\/4"}],"replies":[{"embeddable":true,"href":"https:\/\/radioinfinitagoya.com.ar\/v1\/wp-json\/wp\/v2\/comments?post=198438"}],"version-history":[{"count":0,"href":"https:\/\/radioinfinitagoya.com.ar\/v1\/wp-json\/wp\/v2\/posts\/198438\/revisions"}],"wp:featuredmedia":[{"embeddable":true,"href":"https:\/\/radioinfinitagoya.com.ar\/v1\/wp-json\/wp\/v2\/media\/198439"}],"wp:attachment":[{"href":"https:\/\/radioinfinitagoya.com.ar\/v1\/wp-json\/wp\/v2\/media?parent=198438"}],"wp:term":[{"taxonomy":"category","embeddable":true,"href":"https:\/\/radioinfinitagoya.com.ar\/v1\/wp-json\/wp\/v2\/categories?post=198438"},{"taxonomy":"post_tag","embeddable":true,"href":"https:\/\/radioinfinitagoya.com.ar\/v1\/wp-json\/wp\/v2\/tags?post=198438"}],"curies":[{"name":"wp","href":"https:\/\/api.w.org\/{rel}","templated":true}]}}