{"id":198441,"date":"2025-10-29T17:05:24","date_gmt":"2025-10-29T20:05:24","guid":{"rendered":"https:\/\/radioinfinitagoya.com.ar\/v1\/?p=198441"},"modified":"2025-10-29T17:05:24","modified_gmt":"2025-10-29T20:05:24","slug":"el-huracan-melissa-golpea-cuba-tras-convertir-a-jamaica-en-area-de-desastre","status":"publish","type":"post","link":"https:\/\/radioinfinitagoya.com.ar\/v1\/2025\/10\/29\/el-huracan-melissa-golpea-cuba-tras-convertir-a-jamaica-en-area-de-desastre\/","title":{"rendered":"El hurac\u00e1n Melissa golpea Cuba tras convertir a Jamaica en \u201c\u00e1rea de desastre\u201d"},"content":{"rendered":"<p>El hurac\u00e1n Melissa azot\u00f3 este mi\u00e9rcoles Cuba con vientos de 185 km\/h y fuertes lluvias, tras haber pasado por Jamaica como la tormenta m\u00e1s fuerte que ha golpeado el pa\u00eds en la historia moderna.<\/p>\n<p>En Jamaica, el primer ministro Andrew Holness declar\u00f3 la zona en estado de desastre y advirti\u00f3 sobre impactos devastadores.<\/p>\n<p><img loading=\"lazy\" decoding=\"async\" class=\"alignnone size-full wp-image-198443\" src=\"https:\/\/radioinfinitagoya.com.ar\/v1\/wp-content\/uploads\/2025\/10\/CFNLkBy5Y_720x0__1.jpg\" alt=\"\" width=\"720\" height=\"480\" srcset=\"https:\/\/radioinfinitagoya.com.ar\/v1\/wp-content\/uploads\/2025\/10\/CFNLkBy5Y_720x0__1.jpg 720w, https:\/\/radioinfinitagoya.com.ar\/v1\/wp-content\/uploads\/2025\/10\/CFNLkBy5Y_720x0__1-630x420.jpg 630w, https:\/\/radioinfinitagoya.com.ar\/v1\/wp-content\/uploads\/2025\/10\/CFNLkBy5Y_720x0__1-696x464.jpg 696w\" sizes=\"auto, (max-width: 720px) 100vw, 720px\" \/><\/p>\n<p>La magnitud de los da\u00f1os en Jamaica no se conocer\u00e1 con claridad hasta el amanecer, pero Holness advirti\u00f3 sobre da\u00f1os en viviendas y hospitales.<\/p>\n<p>Melissa en Cuba<br \/>\nMelissa toc\u00f3 tierra en el este de Cuba con vientos m\u00e1ximos sostenidos de 195 km\/h, despu\u00e9s de haberse debilitado a categor\u00eda 3 tras asolar Jamaica con violentas r\u00e1fagas y lluvias torrenciales.<\/p>\n<p>El Centro Nacional de Huracanes estadounidense (CNH) calific\u00f3 el hurac\u00e1n de &#8220;extremadamente peligroso&#8221;. &#8220;Melissa ha tocado tierra en la provincia de Santiago de Cuba, cerca de la localidad de Chivirico&#8221;, a las 07H10 GMT (en la madrugada cubana), indic\u00f3.<\/p>\n<p>Melissa se encontraba el mi\u00e9rcoles por la ma\u00f1ana a unos 95 kil\u00f3metros al oeste de Guant\u00e1namo, en el sur de Cuba, y sus vientos se hab\u00edan debilitado levemente a 185 km\/h.<\/p>\n<p>Las autoridades cubanas informaron que unas 735.000 personas fueron evacuadas, especialmente en las provincias de Santiago de Cuba, Holgu\u00edn y Guant\u00e1namo.<\/p>\n<p>El hurac\u00e1n ha provocado hasta ahora diez muertes en la regi\u00f3n: tres en Jamaica, tres en Hait\u00ed, tres en Panam\u00e1 y una en Rep\u00fablica Dominicana.<\/p>\n<p>&#8220;Ser\u00e1 una noche muy dif\u00edcil para toda Cuba, pero nos vamos a recuperar&#8221;, escribi\u00f3 en X el presidente Miguel D\u00edaz-Canel.<\/p>\n<p>Antes de la llegada del hurac\u00e1n, la empresa de electricidad desconect\u00f3 el Sistema El\u00e9ctrico Nacional en las provincias de Granma, Santiago de Cuba y Guant\u00e1namo.<\/p>\n<p>Im\u00e1genes difundidas en redes sociales muestran los feroces vientos y las lluvias que azotan Santiago de Cuba y llamados de personas que sufrieron da\u00f1os en sus viviendas.<\/p>\n<p>&#8220;Se derrumb\u00f3 una casa en Mariana de la Torre por favor dios m\u00edo&#8221;, dice en un mensaje de Facebook un poblador de Santiago de Cuba, la segunda ciudad m\u00e1s importante de la isla.<\/p>\n<p>&#8220;Nos estamos inundando todos aqu\u00ed&#8221;, alert\u00f3 otra santiaguera en la misma red social.<\/p>\n<p>En El Cobre, un pueblo de Santiago de Cuba, elementos de protecci\u00f3n civil trataban de rescatar a 17 personas que quedaron varadas tras la crecida de un r\u00edo y un deslizamiento de tierra.<\/p>\n<p>&#8220;Estamos resguardados y tratamos de mantener la calma&#8221;, dijo Lionnis Francos, un reumat\u00f3logo que permanece aislado con las otras 16 personas, seg\u00fan el sitio estatal de noticias Cubadebate.<\/p>\n<p>El m\u00e9dico aclar\u00f3 que no hay p\u00e9rdidas humanas y que entre los atrapados hay dos ni\u00f1os y cinco adultos mayores.<\/p>\n<p>Se prev\u00e9 que el hurac\u00e1n cruce el este de Cuba durante la ma\u00f1ana del mi\u00e9rcoles y avance m\u00e1s tarde por el sureste o centro de la Bahamas, para acercarse a Bermudas el jueves, indic\u00f3 el (CNH).<\/p>\n<p>Seg\u00fan Cubadebate, en la Sierra Maestra &#8220;las aguas bajan arrollando todo a su paso&#8221; por la crecida de r\u00edos y afluentes.<\/p>\n<p>En varias comunidades de las zonas bajas de estas monta\u00f1as extensas zonas &#8220;est\u00e1n inundadas, pero la oscuridad y limitaci\u00f3n de movimiento impide determinar si hay perdidas&#8221;.<\/p>\n<p>Jamaica: &#8220;zona de desastre&#8221;<br \/>\nMelissa lleg\u00f3 a Cuba tras haber golpeado el martes a Jamaica como un hurac\u00e1n de categor\u00eda 5 y vientos sostenidos de unos 300 km\/h.<\/p>\n<p>Este hurac\u00e1n es el m\u00e1s potente en t\u00e9rminos de velocidad de los vientos y presi\u00f3n, y super\u00f3 al tif\u00f3n Ragasa, que barri\u00f3 el este de Asia en septiembre con r\u00e1fagas de 267 km\/h, seg\u00fan los datos analizados de la Oficina Nacional de Administraci\u00f3n Oce\u00e1nica y Atmosf\u00e9rica (NOAA).<\/p>\n<p>La tormenta tard\u00f3 horas en cruzar Jamaica, lo que disminuy\u00f3 sus vientos al bajar hasta categor\u00eda 3 -desde el nivel m\u00e1ximo de 5- antes de volver a intensificarse.<\/p>\n<p>El primer ministro de Jamaica, Andrew Holness, declar\u00f3 que la isla es una &#8220;zona de desastre&#8221;. Las autoridades advirtieron a los residentes permanecer resguardados por el riesgo continuo de inundaciones y deslizamientos de tierra.<\/p>\n<p>&#8220;Parte de nuestro techo fue arrancado por el viento, otra parte se derrumb\u00f3, toda la casa est\u00e1 inundada. Las construcciones exteriores como los corrales para los animales o la cocina tambi\u00e9n fueron destruidos&#8221;, declar\u00f3 Lisa Sangster, residente en el suroeste de Jamaica.<\/p>\n<p>La potencia de Melissa super\u00f3 la de algunos huracanes como Katrina, que arras\u00f3 la ciudad de Nueva Orleans en 2005.<\/p>\n<p>La ONU anunci\u00f3 el martes su intenci\u00f3n de enviar por avi\u00f3n unos 2.000 kits de emergencia a Jamaica desde Barbados lo antes posible.<\/p>\n<p>&#8220;Estado de alarma&#8221; en Rep\u00fablica Dominicana y Hait\u00ed<br \/>\nMelissa amenaza tambi\u00e9n con inundaciones repentinas y deslizamientos de tierra a Hait\u00ed y Rep\u00fablica Dominicana.<\/p>\n<p>En Hait\u00ed las autoridades ordenaron el cierre de escuelas, comercios y administraciones el mi\u00e9rcoles.<\/p>\n<p>Los cient\u00edficos afirman que el cambio clim\u00e1tico causado por el ser humano ha intensificado las grandes tormentas y aumentado su frecuencia.<\/p>\n<p>El meteor\u00f3logo Kerry Emanuel explic\u00f3 que el calentamiento global est\u00e1 provocando que m\u00e1s tormentas se intensifiquen r\u00e1pidamente, como ocurri\u00f3 con Melissa, lo que eleva el riesgo de lluvias extremas.<\/p>\n<p>El agua mata a mucha m\u00e1s gente que el viento&#8221;, dijo.<\/p>\n<p><img loading=\"lazy\" decoding=\"async\" class=\"alignnone size-full wp-image-198444\" src=\"https:\/\/radioinfinitagoya.com.ar\/v1\/wp-content\/uploads\/2025\/10\/G4bTBw5WAAA2ifE.jpg\" alt=\"\" width=\"680\" height=\"453\" srcset=\"https:\/\/radioinfinitagoya.com.ar\/v1\/wp-content\/uploads\/2025\/10\/G4bTBw5WAAA2ifE.jpg 680w, https:\/\/radioinfinitagoya.com.ar\/v1\/wp-content\/uploads\/2025\/10\/G4bTBw5WAAA2ifE-630x420.jpg 630w\" sizes=\"auto, (max-width: 680px) 100vw, 680px\" \/><\/p>\n","protected":false},"excerpt":{"rendered":"<p>El hurac\u00e1n Melissa azot\u00f3 este mi\u00e9rcoles Cuba con vientos de 185 km\/h y fuertes lluvias, tras haber pasado por Jamaica como la tormenta m\u00e1s fuerte que ha golpeado el pa\u00eds en la historia moderna. En Jamaica, el primer ministro Andrew Holness declar\u00f3 la zona en estado de desastre y advirti\u00f3 sobre impactos devastadores. La magnitud [&hellip;]<\/p>\n","protected":false},"author":4,"featured_media":198442,"comment_status":"closed","ping_status":"closed","sticky":false,"template":"","format":"standard","meta":{"_joinchat":[],"footnotes":""},"categories":[31],"tags":[],"class_list":{"0":"post-198441","1":"post","2":"type-post","3":"status-publish","4":"format-standard","5":"has-post-thumbnail","7":"category-informacion-general"},"yoast_head":"<!-- This site is optimized with the Yoast SEO plugin v27.2 - https:\/\/yoast.com\/product\/yoast-seo-wordpress\/ -->\n<title>El hurac\u00e1n Melissa golpea Cuba tras convertir a Jamaica en \u201c\u00e1rea de desastre\u201d - Radio Infinita Goya<\/title>\n<meta name=\"description\" content=\"El hurac\u00e1n Melissa azot\u00f3 este mi\u00e9rcoles Cuba con vientos de 185 km\/h y fuertes lluvias, tras haber pasado por Jamaica como la tormenta m\u00e1s fuerte que ha\" \/>\n<meta name=\"robots\" content=\"index, follow, max-snippet:-1, max-image-preview:large, max-video-preview:-1\" \/>\n<link rel=\"canonical\" href=\"https:\/\/radioinfinitagoya.com.ar\/v1\/2025\/10\/29\/el-huracan-melissa-golpea-cuba-tras-convertir-a-jamaica-en-area-de-desastre\/\" \/>\n<meta property=\"og:locale\" content=\"es_ES\" \/>\n<meta property=\"og:type\" content=\"article\" \/>\n<meta property=\"og:title\" content=\"El hurac\u00e1n Melissa golpea Cuba tras convertir a Jamaica en \u201c\u00e1rea de desastre\u201d - Radio Infinita Goya\" \/>\n<meta property=\"og:description\" content=\"El hurac\u00e1n Melissa azot\u00f3 este mi\u00e9rcoles Cuba con vientos de 185 km\/h y fuertes lluvias, tras haber pasado por Jamaica como la tormenta m\u00e1s fuerte que ha\" \/>\n<meta property=\"og:url\" content=\"https:\/\/radioinfinitagoya.com.ar\/v1\/2025\/10\/29\/el-huracan-melissa-golpea-cuba-tras-convertir-a-jamaica-en-area-de-desastre\/\" \/>\n<meta property=\"og:site_name\" content=\"Radio Infinita Goya\" \/>\n<meta property=\"article:publisher\" content=\"https:\/\/www.facebook.com\/p\/Infinita-Goya-100063870918311\/\" \/>\n<meta property=\"article:published_time\" content=\"2025-10-29T20:05:24+00:00\" \/>\n<meta property=\"og:image\" content=\"https:\/\/radioinfinitagoya.com.ar\/v1\/wp-content\/uploads\/2025\/10\/G4c7fAYXcAAJs_G.jpg\" \/>\n\t<meta property=\"og:image:width\" content=\"1200\" \/>\n\t<meta property=\"og:image:height\" content=\"815\" \/>\n\t<meta property=\"og:image:type\" content=\"image\/jpeg\" \/>\n<meta name=\"author\" content=\"Jorge Mi\u00f1o\" \/>\n<meta name=\"twitter:card\" content=\"summary_large_image\" \/>\n<meta name=\"twitter:label1\" content=\"Escrito por\" \/>\n\t<meta name=\"twitter:data1\" content=\"Jorge Mi\u00f1o\" \/>\n\t<meta name=\"twitter:label2\" content=\"Tiempo de lectura\" \/>\n\t<meta name=\"twitter:data2\" content=\"5 minutos\" \/>\n<script type=\"application\/ld+json\" class=\"yoast-schema-graph\">{\"@context\":\"https:\/\/schema.org\",\"@graph\":[{\"@type\":\"Article\",\"@id\":\"https:\/\/radioinfinitagoya.com.ar\/v1\/2025\/10\/29\/el-huracan-melissa-golpea-cuba-tras-convertir-a-jamaica-en-area-de-desastre\/#article\",\"isPartOf\":{\"@id\":\"https:\/\/radioinfinitagoya.com.ar\/v1\/2025\/10\/29\/el-huracan-melissa-golpea-cuba-tras-convertir-a-jamaica-en-area-de-desastre\/\"},\"author\":{\"name\":\"Jorge Mi\u00f1o\",\"@id\":\"https:\/\/radioinfinitagoya.com.ar\/v1\/#\/schema\/person\/d4cf9c413d4f6edb24aabdccab49ca4a\"},\"headline\":\"El hurac\u00e1n Melissa golpea Cuba tras convertir a Jamaica en \u201c\u00e1rea de desastre\u201d\",\"datePublished\":\"2025-10-29T20:05:24+00:00\",\"mainEntityOfPage\":{\"@id\":\"https:\/\/radioinfinitagoya.com.ar\/v1\/2025\/10\/29\/el-huracan-melissa-golpea-cuba-tras-convertir-a-jamaica-en-area-de-desastre\/\"},\"wordCount\":907,\"publisher\":{\"@id\":\"https:\/\/radioinfinitagoya.com.ar\/v1\/#organization\"},\"image\":{\"@id\":\"https:\/\/radioinfinitagoya.com.ar\/v1\/2025\/10\/29\/el-huracan-melissa-golpea-cuba-tras-convertir-a-jamaica-en-area-de-desastre\/#primaryimage\"},\"thumbnailUrl\":\"https:\/\/radioinfinitagoya.com.ar\/v1\/wp-content\/uploads\/2025\/10\/G4c7fAYXcAAJs_G.jpg\",\"articleSection\":[\"INFORMACI\u00d3N GENERAL\"],\"inLanguage\":\"es-AR\"},{\"@type\":\"WebPage\",\"@id\":\"https:\/\/radioinfinitagoya.com.ar\/v1\/2025\/10\/29\/el-huracan-melissa-golpea-cuba-tras-convertir-a-jamaica-en-area-de-desastre\/\",\"url\":\"https:\/\/radioinfinitagoya.com.ar\/v1\/2025\/10\/29\/el-huracan-melissa-golpea-cuba-tras-convertir-a-jamaica-en-area-de-desastre\/\",\"name\":\"El hurac\u00e1n Melissa golpea Cuba tras convertir a Jamaica en \u201c\u00e1rea de desastre\u201d - Radio Infinita Goya\",\"isPartOf\":{\"@id\":\"https:\/\/radioinfinitagoya.com.ar\/v1\/#website\"},\"primaryImageOfPage\":{\"@id\":\"https:\/\/radioinfinitagoya.com.ar\/v1\/2025\/10\/29\/el-huracan-melissa-golpea-cuba-tras-convertir-a-jamaica-en-area-de-desastre\/#primaryimage\"},\"image\":{\"@id\":\"https:\/\/radioinfinitagoya.com.ar\/v1\/2025\/10\/29\/el-huracan-melissa-golpea-cuba-tras-convertir-a-jamaica-en-area-de-desastre\/#primaryimage\"},\"thumbnailUrl\":\"https:\/\/radioinfinitagoya.com.ar\/v1\/wp-content\/uploads\/2025\/10\/G4c7fAYXcAAJs_G.jpg\",\"datePublished\":\"2025-10-29T20:05:24+00:00\",\"description\":\"El hurac\u00e1n Melissa azot\u00f3 este mi\u00e9rcoles Cuba con vientos de 185 km\/h y fuertes lluvias, tras haber pasado por Jamaica como la tormenta m\u00e1s fuerte que ha\",\"breadcrumb\":{\"@id\":\"https:\/\/radioinfinitagoya.com.ar\/v1\/2025\/10\/29\/el-huracan-melissa-golpea-cuba-tras-convertir-a-jamaica-en-area-de-desastre\/#breadcrumb\"},\"inLanguage\":\"es-AR\",\"potentialAction\":[{\"@type\":\"ReadAction\",\"target\":[\"https:\/\/radioinfinitagoya.com.ar\/v1\/2025\/10\/29\/el-huracan-melissa-golpea-cuba-tras-convertir-a-jamaica-en-area-de-desastre\/\"]}]},{\"@type\":\"ImageObject\",\"inLanguage\":\"es-AR\",\"@id\":\"https:\/\/radioinfinitagoya.com.ar\/v1\/2025\/10\/29\/el-huracan-melissa-golpea-cuba-tras-convertir-a-jamaica-en-area-de-desastre\/#primaryimage\",\"url\":\"https:\/\/radioinfinitagoya.com.ar\/v1\/wp-content\/uploads\/2025\/10\/G4c7fAYXcAAJs_G.jpg\",\"contentUrl\":\"https:\/\/radioinfinitagoya.com.ar\/v1\/wp-content\/uploads\/2025\/10\/G4c7fAYXcAAJs_G.jpg\",\"width\":1200,\"height\":815},{\"@type\":\"BreadcrumbList\",\"@id\":\"https:\/\/radioinfinitagoya.com.ar\/v1\/2025\/10\/29\/el-huracan-melissa-golpea-cuba-tras-convertir-a-jamaica-en-area-de-desastre\/#breadcrumb\",\"itemListElement\":[{\"@type\":\"ListItem\",\"position\":1,\"name\":\"Inicio\",\"item\":\"https:\/\/radioinfinitagoya.com.ar\/v1\/\"},{\"@type\":\"ListItem\",\"position\":2,\"name\":\"El hurac\u00e1n Melissa golpea Cuba tras convertir a Jamaica en \u201c\u00e1rea de desastre\u201d\"}]},{\"@type\":\"WebSite\",\"@id\":\"https:\/\/radioinfinitagoya.com.ar\/v1\/#website\",\"url\":\"https:\/\/radioinfinitagoya.com.ar\/v1\/\",\"name\":\"radioinfinitagoya.com.ar\",\"description\":\"Radio de noticias\",\"publisher\":{\"@id\":\"https:\/\/radioinfinitagoya.com.ar\/v1\/#organization\"},\"potentialAction\":[{\"@type\":\"SearchAction\",\"target\":{\"@type\":\"EntryPoint\",\"urlTemplate\":\"https:\/\/radioinfinitagoya.com.ar\/v1\/?s={search_term_string}\"},\"query-input\":{\"@type\":\"PropertyValueSpecification\",\"valueRequired\":true,\"valueName\":\"search_term_string\"}}],\"inLanguage\":\"es-AR\"},{\"@type\":\"Organization\",\"@id\":\"https:\/\/radioinfinitagoya.com.ar\/v1\/#organization\",\"name\":\"Radio Infinita Goya\",\"url\":\"https:\/\/radioinfinitagoya.com.ar\/v1\/\",\"logo\":{\"@type\":\"ImageObject\",\"inLanguage\":\"es-AR\",\"@id\":\"https:\/\/radioinfinitagoya.com.ar\/v1\/#\/schema\/logo\/image\/\",\"url\":\"https:\/\/radioinfinitagoya.com.ar\/v1\/wp-content\/uploads\/2019\/11\/logo-pie-web.png\",\"contentUrl\":\"https:\/\/radioinfinitagoya.com.ar\/v1\/wp-content\/uploads\/2019\/11\/logo-pie-web.png\",\"width\":635,\"height\":326,\"caption\":\"Radio Infinita Goya\"},\"image\":{\"@id\":\"https:\/\/radioinfinitagoya.com.ar\/v1\/#\/schema\/logo\/image\/\"},\"sameAs\":[\"https:\/\/www.facebook.com\/p\/Infinita-Goya-100063870918311\/\"]},{\"@type\":\"Person\",\"@id\":\"https:\/\/radioinfinitagoya.com.ar\/v1\/#\/schema\/person\/d4cf9c413d4f6edb24aabdccab49ca4a\",\"name\":\"Jorge Mi\u00f1o\",\"image\":{\"@type\":\"ImageObject\",\"inLanguage\":\"es-AR\",\"@id\":\"https:\/\/secure.gravatar.com\/avatar\/910fcf6728fe95320e07a6643c1581fec1c7fc4bf8ae12e3d8f0d0373dc844be?s=96&d=mm&r=g\",\"url\":\"https:\/\/secure.gravatar.com\/avatar\/910fcf6728fe95320e07a6643c1581fec1c7fc4bf8ae12e3d8f0d0373dc844be?s=96&d=mm&r=g\",\"contentUrl\":\"https:\/\/secure.gravatar.com\/avatar\/910fcf6728fe95320e07a6643c1581fec1c7fc4bf8ae12e3d8f0d0373dc844be?s=96&d=mm&r=g\",\"caption\":\"Jorge Mi\u00f1o\"},\"sameAs\":[\"http:\/\/radioinfinitagoya.com.ar\"]}]}<\/script>\n<!-- \/ Yoast SEO plugin. -->","yoast_head_json":{"title":"El hurac\u00e1n Melissa golpea Cuba tras convertir a Jamaica en \u201c\u00e1rea de desastre\u201d - Radio Infinita Goya","description":"El hurac\u00e1n Melissa azot\u00f3 este mi\u00e9rcoles Cuba con vientos de 185 km\/h y fuertes lluvias, tras haber pasado por Jamaica como la tormenta m\u00e1s fuerte que ha","robots":{"index":"index","follow":"follow","max-snippet":"max-snippet:-1","max-image-preview":"max-image-preview:large","max-video-preview":"max-video-preview:-1"},"canonical":"https:\/\/radioinfinitagoya.com.ar\/v1\/2025\/10\/29\/el-huracan-melissa-golpea-cuba-tras-convertir-a-jamaica-en-area-de-desastre\/","og_locale":"es_ES","og_type":"article","og_title":"El hurac\u00e1n Melissa golpea Cuba tras convertir a Jamaica en \u201c\u00e1rea de desastre\u201d - Radio Infinita Goya","og_description":"El hurac\u00e1n Melissa azot\u00f3 este mi\u00e9rcoles Cuba con vientos de 185 km\/h y fuertes lluvias, tras haber pasado por Jamaica como la tormenta m\u00e1s fuerte que ha","og_url":"https:\/\/radioinfinitagoya.com.ar\/v1\/2025\/10\/29\/el-huracan-melissa-golpea-cuba-tras-convertir-a-jamaica-en-area-de-desastre\/","og_site_name":"Radio Infinita Goya","article_publisher":"https:\/\/www.facebook.com\/p\/Infinita-Goya-100063870918311\/","article_published_time":"2025-10-29T20:05:24+00:00","og_image":[{"width":1200,"height":815,"url":"https:\/\/radioinfinitagoya.com.ar\/v1\/wp-content\/uploads\/2025\/10\/G4c7fAYXcAAJs_G.jpg","type":"image\/jpeg"}],"author":"Jorge Mi\u00f1o","twitter_card":"summary_large_image","twitter_misc":{"Escrito por":"Jorge Mi\u00f1o","Tiempo de lectura":"5 minutos"},"schema":{"@context":"https:\/\/schema.org","@graph":[{"@type":"Article","@id":"https:\/\/radioinfinitagoya.com.ar\/v1\/2025\/10\/29\/el-huracan-melissa-golpea-cuba-tras-convertir-a-jamaica-en-area-de-desastre\/#article","isPartOf":{"@id":"https:\/\/radioinfinitagoya.com.ar\/v1\/2025\/10\/29\/el-huracan-melissa-golpea-cuba-tras-convertir-a-jamaica-en-area-de-desastre\/"},"author":{"name":"Jorge Mi\u00f1o","@id":"https:\/\/radioinfinitagoya.com.ar\/v1\/#\/schema\/person\/d4cf9c413d4f6edb24aabdccab49ca4a"},"headline":"El hurac\u00e1n Melissa golpea Cuba tras convertir a Jamaica en \u201c\u00e1rea de desastre\u201d","datePublished":"2025-10-29T20:05:24+00:00","mainEntityOfPage":{"@id":"https:\/\/radioinfinitagoya.com.ar\/v1\/2025\/10\/29\/el-huracan-melissa-golpea-cuba-tras-convertir-a-jamaica-en-area-de-desastre\/"},"wordCount":907,"publisher":{"@id":"https:\/\/radioinfinitagoya.com.ar\/v1\/#organization"},"image":{"@id":"https:\/\/radioinfinitagoya.com.ar\/v1\/2025\/10\/29\/el-huracan-melissa-golpea-cuba-tras-convertir-a-jamaica-en-area-de-desastre\/#primaryimage"},"thumbnailUrl":"https:\/\/radioinfinitagoya.com.ar\/v1\/wp-content\/uploads\/2025\/10\/G4c7fAYXcAAJs_G.jpg","articleSection":["INFORMACI\u00d3N GENERAL"],"inLanguage":"es-AR"},{"@type":"WebPage","@id":"https:\/\/radioinfinitagoya.com.ar\/v1\/2025\/10\/29\/el-huracan-melissa-golpea-cuba-tras-convertir-a-jamaica-en-area-de-desastre\/","url":"https:\/\/radioinfinitagoya.com.ar\/v1\/2025\/10\/29\/el-huracan-melissa-golpea-cuba-tras-convertir-a-jamaica-en-area-de-desastre\/","name":"El hurac\u00e1n Melissa golpea Cuba tras convertir a Jamaica en \u201c\u00e1rea de desastre\u201d - Radio Infinita Goya","isPartOf":{"@id":"https:\/\/radioinfinitagoya.com.ar\/v1\/#website"},"primaryImageOfPage":{"@id":"https:\/\/radioinfinitagoya.com.ar\/v1\/2025\/10\/29\/el-huracan-melissa-golpea-cuba-tras-convertir-a-jamaica-en-area-de-desastre\/#primaryimage"},"image":{"@id":"https:\/\/radioinfinitagoya.com.ar\/v1\/2025\/10\/29\/el-huracan-melissa-golpea-cuba-tras-convertir-a-jamaica-en-area-de-desastre\/#primaryimage"},"thumbnailUrl":"https:\/\/radioinfinitagoya.com.ar\/v1\/wp-content\/uploads\/2025\/10\/G4c7fAYXcAAJs_G.jpg","datePublished":"2025-10-29T20:05:24+00:00","description":"El hurac\u00e1n Melissa azot\u00f3 este mi\u00e9rcoles Cuba con vientos de 185 km\/h y fuertes lluvias, tras haber pasado por Jamaica como la tormenta m\u00e1s fuerte que ha","breadcrumb":{"@id":"https:\/\/radioinfinitagoya.com.ar\/v1\/2025\/10\/29\/el-huracan-melissa-golpea-cuba-tras-convertir-a-jamaica-en-area-de-desastre\/#breadcrumb"},"inLanguage":"es-AR","potentialAction":[{"@type":"ReadAction","target":["https:\/\/radioinfinitagoya.com.ar\/v1\/2025\/10\/29\/el-huracan-melissa-golpea-cuba-tras-convertir-a-jamaica-en-area-de-desastre\/"]}]},{"@type":"ImageObject","inLanguage":"es-AR","@id":"https:\/\/radioinfinitagoya.com.ar\/v1\/2025\/10\/29\/el-huracan-melissa-golpea-cuba-tras-convertir-a-jamaica-en-area-de-desastre\/#primaryimage","url":"https:\/\/radioinfinitagoya.com.ar\/v1\/wp-content\/uploads\/2025\/10\/G4c7fAYXcAAJs_G.jpg","contentUrl":"https:\/\/radioinfinitagoya.com.ar\/v1\/wp-content\/uploads\/2025\/10\/G4c7fAYXcAAJs_G.jpg","width":1200,"height":815},{"@type":"BreadcrumbList","@id":"https:\/\/radioinfinitagoya.com.ar\/v1\/2025\/10\/29\/el-huracan-melissa-golpea-cuba-tras-convertir-a-jamaica-en-area-de-desastre\/#breadcrumb","itemListElement":[{"@type":"ListItem","position":1,"name":"Inicio","item":"https:\/\/radioinfinitagoya.com.ar\/v1\/"},{"@type":"ListItem","position":2,"name":"El hurac\u00e1n Melissa golpea Cuba tras convertir a Jamaica en \u201c\u00e1rea de desastre\u201d"}]},{"@type":"WebSite","@id":"https:\/\/radioinfinitagoya.com.ar\/v1\/#website","url":"https:\/\/radioinfinitagoya.com.ar\/v1\/","name":"radioinfinitagoya.com.ar","description":"Radio de noticias","publisher":{"@id":"https:\/\/radioinfinitagoya.com.ar\/v1\/#organization"},"potentialAction":[{"@type":"SearchAction","target":{"@type":"EntryPoint","urlTemplate":"https:\/\/radioinfinitagoya.com.ar\/v1\/?s={search_term_string}"},"query-input":{"@type":"PropertyValueSpecification","valueRequired":true,"valueName":"search_term_string"}}],"inLanguage":"es-AR"},{"@type":"Organization","@id":"https:\/\/radioinfinitagoya.com.ar\/v1\/#organization","name":"Radio Infinita Goya","url":"https:\/\/radioinfinitagoya.com.ar\/v1\/","logo":{"@type":"ImageObject","inLanguage":"es-AR","@id":"https:\/\/radioinfinitagoya.com.ar\/v1\/#\/schema\/logo\/image\/","url":"https:\/\/radioinfinitagoya.com.ar\/v1\/wp-content\/uploads\/2019\/11\/logo-pie-web.png","contentUrl":"https:\/\/radioinfinitagoya.com.ar\/v1\/wp-content\/uploads\/2019\/11\/logo-pie-web.png","width":635,"height":326,"caption":"Radio Infinita Goya"},"image":{"@id":"https:\/\/radioinfinitagoya.com.ar\/v1\/#\/schema\/logo\/image\/"},"sameAs":["https:\/\/www.facebook.com\/p\/Infinita-Goya-100063870918311\/"]},{"@type":"Person","@id":"https:\/\/radioinfinitagoya.com.ar\/v1\/#\/schema\/person\/d4cf9c413d4f6edb24aabdccab49ca4a","name":"Jorge Mi\u00f1o","image":{"@type":"ImageObject","inLanguage":"es-AR","@id":"https:\/\/secure.gravatar.com\/avatar\/910fcf6728fe95320e07a6643c1581fec1c7fc4bf8ae12e3d8f0d0373dc844be?s=96&d=mm&r=g","url":"https:\/\/secure.gravatar.com\/avatar\/910fcf6728fe95320e07a6643c1581fec1c7fc4bf8ae12e3d8f0d0373dc844be?s=96&d=mm&r=g","contentUrl":"https:\/\/secure.gravatar.com\/avatar\/910fcf6728fe95320e07a6643c1581fec1c7fc4bf8ae12e3d8f0d0373dc844be?s=96&d=mm&r=g","caption":"Jorge Mi\u00f1o"},"sameAs":["http:\/\/radioinfinitagoya.com.ar"]}]}},"_links":{"self":[{"href":"https:\/\/radioinfinitagoya.com.ar\/v1\/wp-json\/wp\/v2\/posts\/198441","targetHints":{"allow":["GET"]}}],"collection":[{"href":"https:\/\/radioinfinitagoya.com.ar\/v1\/wp-json\/wp\/v2\/posts"}],"about":[{"href":"https:\/\/radioinfinitagoya.com.ar\/v1\/wp-json\/wp\/v2\/types\/post"}],"author":[{"embeddable":true,"href":"https:\/\/radioinfinitagoya.com.ar\/v1\/wp-json\/wp\/v2\/users\/4"}],"replies":[{"embeddable":true,"href":"https:\/\/radioinfinitagoya.com.ar\/v1\/wp-json\/wp\/v2\/comments?post=198441"}],"version-history":[{"count":0,"href":"https:\/\/radioinfinitagoya.com.ar\/v1\/wp-json\/wp\/v2\/posts\/198441\/revisions"}],"wp:featuredmedia":[{"embeddable":true,"href":"https:\/\/radioinfinitagoya.com.ar\/v1\/wp-json\/wp\/v2\/media\/198442"}],"wp:attachment":[{"href":"https:\/\/radioinfinitagoya.com.ar\/v1\/wp-json\/wp\/v2\/media?parent=198441"}],"wp:term":[{"taxonomy":"category","embeddable":true,"href":"https:\/\/radioinfinitagoya.com.ar\/v1\/wp-json\/wp\/v2\/categories?post=198441"},{"taxonomy":"post_tag","embeddable":true,"href":"https:\/\/radioinfinitagoya.com.ar\/v1\/wp-json\/wp\/v2\/tags?post=198441"}],"curies":[{"name":"wp","href":"https:\/\/api.w.org\/{rel}","templated":true}]}}