{"id":198452,"date":"2025-10-30T15:42:36","date_gmt":"2025-10-30T18:42:36","guid":{"rendered":"https:\/\/radioinfinitagoya.com.ar\/v1\/?p=198452"},"modified":"2025-10-30T15:42:36","modified_gmt":"2025-10-30T18:42:36","slug":"productores-en-santa-lucia","status":"publish","type":"post","link":"https:\/\/radioinfinitagoya.com.ar\/v1\/2025\/10\/30\/productores-en-santa-lucia\/","title":{"rendered":"Productores en Santa Luc\u00eda"},"content":{"rendered":"<p>\u201cCuando a la horticultura le va mal, nos va mal a todos\u201d<\/p>\n<p>El intendente de Santa Luc\u00eda, Norberto Villordo, habl\u00f3 con Hoja de Ruta sobre la creciente del r\u00edo, el estado de la producci\u00f3n hort\u00edcola y los desaf\u00edos de gesti\u00f3n local.<\/p>\n<p>El intendente de Santa Luc\u00eda, Norberto Villordo, brind\u00f3 detalles sobre la situaci\u00f3n h\u00eddrica y productiva de la localidad tras las intensas lluvias registradas en la regi\u00f3n. \u201cComo cada vez que llueve mucho en la cuenca del r\u00edo Santa Luc\u00eda, el nivel crece y se desborda en algunas zonas bajas, especialmente cerca del balneario municipal. Pero, por suerte, hasta el momento no hubo que evacuar familias ni tenemos un escenario cr\u00edtico\u201d, explic\u00f3.<\/p>\n<p>El jefe comunal asegur\u00f3 que las precipitaciones no fueron tan intensas como en el norte provincial, donde s\u00ed se registraron anegamientos. \u201cGracias a Dios, porque estamos terminando la temporada hort\u00edcola, y fue un a\u00f1o muy dif\u00edcil para el sector\u201d, agreg\u00f3.<\/p>\n<p>Villordo record\u00f3 que la econom\u00eda local depende directamente de la producci\u00f3n hort\u00edcola. \u201cCuando a la horticultura le va mal, nos va mal a todos. Nos afecta al comercio, al productor, al trabajador. Santa Luc\u00eda vive de esta actividad, que ocupa a cientos de personas y genera un circuito econ\u00f3mico vital para la zona\u201d, sostuvo.<\/p>\n<p>A pesar de las dificultades, la ciudad mantendr\u00e1 la realizaci\u00f3n de la Fiesta Nacional de la Horticultura, un evento emblem\u00e1tico para la regi\u00f3n. \u201cAntes de decidir si hac\u00edamos o no la fiesta, habl\u00e9 con los productores. Todos coincidieron en que no hay que bajar los brazos. Esta fiesta es un homenaje a su esfuerzo, a su trabajo, a quienes todos los a\u00f1os siembran con esperanza, incluso en los momentos m\u00e1s duros\u201d, expres\u00f3.<\/p>\n<p>El intendente destac\u00f3 el valor simb\u00f3lico del evento: \u201cNuestra fiesta tiene un arraigo cultural enorme. Es la reuni\u00f3n de los productores, de las familias, de toda la microrregi\u00f3n del Santa Luc\u00eda. M\u00e1s all\u00e1 de los resultados del a\u00f1o, siempre est\u00e1 la esperanza de que el pr\u00f3ximo sea mejor\u201d.<\/p>\n<p>Respecto al escenario pol\u00edtico y la transici\u00f3n provincial, Villordo se mostr\u00f3 optimista: \u201cCreo que la transici\u00f3n va a ser moderada. Juan Pablo Vald\u00e9s representa la continuidad de un modelo, y tengo la esperanza de poder concretar obras que quedaron pendientes con Gustavo Vald\u00e9s, como la repavimentaci\u00f3n de la calle San Mart\u00edn y de la ruta 27\u201d<\/p>\n<p>Finalmente, subray\u00f3 la importancia de mantener el di\u00e1logo institucional:<\/p>\n<p>\u201cLas diferencias pol\u00edticas deben durar lo que dura una campa\u00f1a. Despu\u00e9s, todos tenemos la obligaci\u00f3n de trabajar juntos por la gente. El que gana gobierna, y el que pierde acompa\u00f1a. Esa es la madurez que necesitamos como dirigentes\u201d.<\/p>\n<p>&nbsp;<\/p>\n<p>&nbsp;<\/p>\n<p>&nbsp;<\/p>\n","protected":false},"excerpt":{"rendered":"<p>\u201cCuando a la horticultura le va mal, nos va mal a todos\u201d El intendente de Santa Luc\u00eda, Norberto Villordo, habl\u00f3 con Hoja de Ruta sobre la creciente del r\u00edo, el estado de la producci\u00f3n hort\u00edcola y los desaf\u00edos de gesti\u00f3n local. El intendente de Santa Luc\u00eda, Norberto Villordo, brind\u00f3 detalles sobre la situaci\u00f3n h\u00eddrica y [&hellip;]<\/p>\n","protected":false},"author":4,"featured_media":198453,"comment_status":"closed","ping_status":"closed","sticky":false,"template":"","format":"standard","meta":{"_joinchat":[],"footnotes":""},"categories":[26],"tags":[],"class_list":{"0":"post-198452","1":"post","2":"type-post","3":"status-publish","4":"format-standard","5":"has-post-thumbnail","7":"category-provinciales"},"yoast_head":"<!-- This site is optimized with the Yoast SEO plugin v27.2 - https:\/\/yoast.com\/product\/yoast-seo-wordpress\/ -->\n<title>Productores en Santa Luc\u00eda - Radio Infinita Goya<\/title>\n<meta name=\"description\" content=\"\u201cCuando a la horticultura le va mal, nos va mal a todos\u201d El intendente de Santa Luc\u00eda, Norberto Villordo, habl\u00f3 con Hoja de Ruta sobre la creciente del\" \/>\n<meta name=\"robots\" content=\"index, follow, max-snippet:-1, max-image-preview:large, max-video-preview:-1\" \/>\n<link rel=\"canonical\" href=\"https:\/\/radioinfinitagoya.com.ar\/v1\/2025\/10\/30\/productores-en-santa-lucia\/\" \/>\n<meta property=\"og:locale\" content=\"es_ES\" \/>\n<meta property=\"og:type\" content=\"article\" \/>\n<meta property=\"og:title\" content=\"Productores en Santa Luc\u00eda - Radio Infinita Goya\" \/>\n<meta property=\"og:description\" content=\"\u201cCuando a la horticultura le va mal, nos va mal a todos\u201d El intendente de Santa Luc\u00eda, Norberto Villordo, habl\u00f3 con Hoja de Ruta sobre la creciente del\" \/>\n<meta property=\"og:url\" content=\"https:\/\/radioinfinitagoya.com.ar\/v1\/2025\/10\/30\/productores-en-santa-lucia\/\" \/>\n<meta property=\"og:site_name\" content=\"Radio Infinita Goya\" \/>\n<meta property=\"article:publisher\" content=\"https:\/\/www.facebook.com\/p\/Infinita-Goya-100063870918311\/\" \/>\n<meta property=\"article:published_time\" content=\"2025-10-30T18:42:36+00:00\" \/>\n<meta property=\"og:image\" content=\"https:\/\/radioinfinitagoya.com.ar\/v1\/wp-content\/uploads\/2025\/10\/1761846049858.webp\" \/>\n\t<meta property=\"og:image:width\" content=\"1200\" \/>\n\t<meta property=\"og:image:height\" content=\"675\" \/>\n\t<meta property=\"og:image:type\" content=\"image\/webp\" \/>\n<meta name=\"author\" content=\"Jorge Mi\u00f1o\" \/>\n<meta name=\"twitter:card\" content=\"summary_large_image\" \/>\n<meta name=\"twitter:label1\" content=\"Escrito por\" \/>\n\t<meta name=\"twitter:data1\" content=\"Jorge Mi\u00f1o\" \/>\n\t<meta name=\"twitter:label2\" content=\"Tiempo de lectura\" \/>\n\t<meta name=\"twitter:data2\" content=\"3 minutos\" \/>\n<script type=\"application\/ld+json\" class=\"yoast-schema-graph\">{\"@context\":\"https:\/\/schema.org\",\"@graph\":[{\"@type\":\"Article\",\"@id\":\"https:\/\/radioinfinitagoya.com.ar\/v1\/2025\/10\/30\/productores-en-santa-lucia\/#article\",\"isPartOf\":{\"@id\":\"https:\/\/radioinfinitagoya.com.ar\/v1\/2025\/10\/30\/productores-en-santa-lucia\/\"},\"author\":{\"name\":\"Jorge Mi\u00f1o\",\"@id\":\"https:\/\/radioinfinitagoya.com.ar\/v1\/#\/schema\/person\/d4cf9c413d4f6edb24aabdccab49ca4a\"},\"headline\":\"Productores en Santa Luc\u00eda\",\"datePublished\":\"2025-10-30T18:42:36+00:00\",\"mainEntityOfPage\":{\"@id\":\"https:\/\/radioinfinitagoya.com.ar\/v1\/2025\/10\/30\/productores-en-santa-lucia\/\"},\"wordCount\":483,\"publisher\":{\"@id\":\"https:\/\/radioinfinitagoya.com.ar\/v1\/#organization\"},\"image\":{\"@id\":\"https:\/\/radioinfinitagoya.com.ar\/v1\/2025\/10\/30\/productores-en-santa-lucia\/#primaryimage\"},\"thumbnailUrl\":\"https:\/\/radioinfinitagoya.com.ar\/v1\/wp-content\/uploads\/2025\/10\/1761846049858.webp\",\"articleSection\":[\"PROVINCIALES\"],\"inLanguage\":\"es-AR\"},{\"@type\":\"WebPage\",\"@id\":\"https:\/\/radioinfinitagoya.com.ar\/v1\/2025\/10\/30\/productores-en-santa-lucia\/\",\"url\":\"https:\/\/radioinfinitagoya.com.ar\/v1\/2025\/10\/30\/productores-en-santa-lucia\/\",\"name\":\"Productores en Santa Luc\u00eda - Radio Infinita Goya\",\"isPartOf\":{\"@id\":\"https:\/\/radioinfinitagoya.com.ar\/v1\/#website\"},\"primaryImageOfPage\":{\"@id\":\"https:\/\/radioinfinitagoya.com.ar\/v1\/2025\/10\/30\/productores-en-santa-lucia\/#primaryimage\"},\"image\":{\"@id\":\"https:\/\/radioinfinitagoya.com.ar\/v1\/2025\/10\/30\/productores-en-santa-lucia\/#primaryimage\"},\"thumbnailUrl\":\"https:\/\/radioinfinitagoya.com.ar\/v1\/wp-content\/uploads\/2025\/10\/1761846049858.webp\",\"datePublished\":\"2025-10-30T18:42:36+00:00\",\"description\":\"\u201cCuando a la horticultura le va mal, nos va mal a todos\u201d El intendente de Santa Luc\u00eda, Norberto Villordo, habl\u00f3 con Hoja de Ruta sobre la creciente del\",\"breadcrumb\":{\"@id\":\"https:\/\/radioinfinitagoya.com.ar\/v1\/2025\/10\/30\/productores-en-santa-lucia\/#breadcrumb\"},\"inLanguage\":\"es-AR\",\"potentialAction\":[{\"@type\":\"ReadAction\",\"target\":[\"https:\/\/radioinfinitagoya.com.ar\/v1\/2025\/10\/30\/productores-en-santa-lucia\/\"]}]},{\"@type\":\"ImageObject\",\"inLanguage\":\"es-AR\",\"@id\":\"https:\/\/radioinfinitagoya.com.ar\/v1\/2025\/10\/30\/productores-en-santa-lucia\/#primaryimage\",\"url\":\"https:\/\/radioinfinitagoya.com.ar\/v1\/wp-content\/uploads\/2025\/10\/1761846049858.webp\",\"contentUrl\":\"https:\/\/radioinfinitagoya.com.ar\/v1\/wp-content\/uploads\/2025\/10\/1761846049858.webp\",\"width\":1200,\"height\":675},{\"@type\":\"BreadcrumbList\",\"@id\":\"https:\/\/radioinfinitagoya.com.ar\/v1\/2025\/10\/30\/productores-en-santa-lucia\/#breadcrumb\",\"itemListElement\":[{\"@type\":\"ListItem\",\"position\":1,\"name\":\"Inicio\",\"item\":\"https:\/\/radioinfinitagoya.com.ar\/v1\/\"},{\"@type\":\"ListItem\",\"position\":2,\"name\":\"Productores en Santa Luc\u00eda\"}]},{\"@type\":\"WebSite\",\"@id\":\"https:\/\/radioinfinitagoya.com.ar\/v1\/#website\",\"url\":\"https:\/\/radioinfinitagoya.com.ar\/v1\/\",\"name\":\"radioinfinitagoya.com.ar\",\"description\":\"Radio de noticias\",\"publisher\":{\"@id\":\"https:\/\/radioinfinitagoya.com.ar\/v1\/#organization\"},\"potentialAction\":[{\"@type\":\"SearchAction\",\"target\":{\"@type\":\"EntryPoint\",\"urlTemplate\":\"https:\/\/radioinfinitagoya.com.ar\/v1\/?s={search_term_string}\"},\"query-input\":{\"@type\":\"PropertyValueSpecification\",\"valueRequired\":true,\"valueName\":\"search_term_string\"}}],\"inLanguage\":\"es-AR\"},{\"@type\":\"Organization\",\"@id\":\"https:\/\/radioinfinitagoya.com.ar\/v1\/#organization\",\"name\":\"Radio Infinita Goya\",\"url\":\"https:\/\/radioinfinitagoya.com.ar\/v1\/\",\"logo\":{\"@type\":\"ImageObject\",\"inLanguage\":\"es-AR\",\"@id\":\"https:\/\/radioinfinitagoya.com.ar\/v1\/#\/schema\/logo\/image\/\",\"url\":\"https:\/\/radioinfinitagoya.com.ar\/v1\/wp-content\/uploads\/2019\/11\/logo-pie-web.png\",\"contentUrl\":\"https:\/\/radioinfinitagoya.com.ar\/v1\/wp-content\/uploads\/2019\/11\/logo-pie-web.png\",\"width\":635,\"height\":326,\"caption\":\"Radio Infinita Goya\"},\"image\":{\"@id\":\"https:\/\/radioinfinitagoya.com.ar\/v1\/#\/schema\/logo\/image\/\"},\"sameAs\":[\"https:\/\/www.facebook.com\/p\/Infinita-Goya-100063870918311\/\"]},{\"@type\":\"Person\",\"@id\":\"https:\/\/radioinfinitagoya.com.ar\/v1\/#\/schema\/person\/d4cf9c413d4f6edb24aabdccab49ca4a\",\"name\":\"Jorge Mi\u00f1o\",\"image\":{\"@type\":\"ImageObject\",\"inLanguage\":\"es-AR\",\"@id\":\"https:\/\/secure.gravatar.com\/avatar\/910fcf6728fe95320e07a6643c1581fec1c7fc4bf8ae12e3d8f0d0373dc844be?s=96&d=mm&r=g\",\"url\":\"https:\/\/secure.gravatar.com\/avatar\/910fcf6728fe95320e07a6643c1581fec1c7fc4bf8ae12e3d8f0d0373dc844be?s=96&d=mm&r=g\",\"contentUrl\":\"https:\/\/secure.gravatar.com\/avatar\/910fcf6728fe95320e07a6643c1581fec1c7fc4bf8ae12e3d8f0d0373dc844be?s=96&d=mm&r=g\",\"caption\":\"Jorge Mi\u00f1o\"},\"sameAs\":[\"http:\/\/radioinfinitagoya.com.ar\"]}]}<\/script>\n<!-- \/ Yoast SEO plugin. -->","yoast_head_json":{"title":"Productores en Santa Luc\u00eda - Radio Infinita Goya","description":"\u201cCuando a la horticultura le va mal, nos va mal a todos\u201d El intendente de Santa Luc\u00eda, Norberto Villordo, habl\u00f3 con Hoja de Ruta sobre la creciente del","robots":{"index":"index","follow":"follow","max-snippet":"max-snippet:-1","max-image-preview":"max-image-preview:large","max-video-preview":"max-video-preview:-1"},"canonical":"https:\/\/radioinfinitagoya.com.ar\/v1\/2025\/10\/30\/productores-en-santa-lucia\/","og_locale":"es_ES","og_type":"article","og_title":"Productores en Santa Luc\u00eda - Radio Infinita Goya","og_description":"\u201cCuando a la horticultura le va mal, nos va mal a todos\u201d El intendente de Santa Luc\u00eda, Norberto Villordo, habl\u00f3 con Hoja de Ruta sobre la creciente del","og_url":"https:\/\/radioinfinitagoya.com.ar\/v1\/2025\/10\/30\/productores-en-santa-lucia\/","og_site_name":"Radio Infinita Goya","article_publisher":"https:\/\/www.facebook.com\/p\/Infinita-Goya-100063870918311\/","article_published_time":"2025-10-30T18:42:36+00:00","og_image":[{"width":1200,"height":675,"url":"https:\/\/radioinfinitagoya.com.ar\/v1\/wp-content\/uploads\/2025\/10\/1761846049858.webp","type":"image\/webp"}],"author":"Jorge Mi\u00f1o","twitter_card":"summary_large_image","twitter_misc":{"Escrito por":"Jorge Mi\u00f1o","Tiempo de lectura":"3 minutos"},"schema":{"@context":"https:\/\/schema.org","@graph":[{"@type":"Article","@id":"https:\/\/radioinfinitagoya.com.ar\/v1\/2025\/10\/30\/productores-en-santa-lucia\/#article","isPartOf":{"@id":"https:\/\/radioinfinitagoya.com.ar\/v1\/2025\/10\/30\/productores-en-santa-lucia\/"},"author":{"name":"Jorge Mi\u00f1o","@id":"https:\/\/radioinfinitagoya.com.ar\/v1\/#\/schema\/person\/d4cf9c413d4f6edb24aabdccab49ca4a"},"headline":"Productores en Santa Luc\u00eda","datePublished":"2025-10-30T18:42:36+00:00","mainEntityOfPage":{"@id":"https:\/\/radioinfinitagoya.com.ar\/v1\/2025\/10\/30\/productores-en-santa-lucia\/"},"wordCount":483,"publisher":{"@id":"https:\/\/radioinfinitagoya.com.ar\/v1\/#organization"},"image":{"@id":"https:\/\/radioinfinitagoya.com.ar\/v1\/2025\/10\/30\/productores-en-santa-lucia\/#primaryimage"},"thumbnailUrl":"https:\/\/radioinfinitagoya.com.ar\/v1\/wp-content\/uploads\/2025\/10\/1761846049858.webp","articleSection":["PROVINCIALES"],"inLanguage":"es-AR"},{"@type":"WebPage","@id":"https:\/\/radioinfinitagoya.com.ar\/v1\/2025\/10\/30\/productores-en-santa-lucia\/","url":"https:\/\/radioinfinitagoya.com.ar\/v1\/2025\/10\/30\/productores-en-santa-lucia\/","name":"Productores en Santa Luc\u00eda - Radio Infinita Goya","isPartOf":{"@id":"https:\/\/radioinfinitagoya.com.ar\/v1\/#website"},"primaryImageOfPage":{"@id":"https:\/\/radioinfinitagoya.com.ar\/v1\/2025\/10\/30\/productores-en-santa-lucia\/#primaryimage"},"image":{"@id":"https:\/\/radioinfinitagoya.com.ar\/v1\/2025\/10\/30\/productores-en-santa-lucia\/#primaryimage"},"thumbnailUrl":"https:\/\/radioinfinitagoya.com.ar\/v1\/wp-content\/uploads\/2025\/10\/1761846049858.webp","datePublished":"2025-10-30T18:42:36+00:00","description":"\u201cCuando a la horticultura le va mal, nos va mal a todos\u201d El intendente de Santa Luc\u00eda, Norberto Villordo, habl\u00f3 con Hoja de Ruta sobre la creciente del","breadcrumb":{"@id":"https:\/\/radioinfinitagoya.com.ar\/v1\/2025\/10\/30\/productores-en-santa-lucia\/#breadcrumb"},"inLanguage":"es-AR","potentialAction":[{"@type":"ReadAction","target":["https:\/\/radioinfinitagoya.com.ar\/v1\/2025\/10\/30\/productores-en-santa-lucia\/"]}]},{"@type":"ImageObject","inLanguage":"es-AR","@id":"https:\/\/radioinfinitagoya.com.ar\/v1\/2025\/10\/30\/productores-en-santa-lucia\/#primaryimage","url":"https:\/\/radioinfinitagoya.com.ar\/v1\/wp-content\/uploads\/2025\/10\/1761846049858.webp","contentUrl":"https:\/\/radioinfinitagoya.com.ar\/v1\/wp-content\/uploads\/2025\/10\/1761846049858.webp","width":1200,"height":675},{"@type":"BreadcrumbList","@id":"https:\/\/radioinfinitagoya.com.ar\/v1\/2025\/10\/30\/productores-en-santa-lucia\/#breadcrumb","itemListElement":[{"@type":"ListItem","position":1,"name":"Inicio","item":"https:\/\/radioinfinitagoya.com.ar\/v1\/"},{"@type":"ListItem","position":2,"name":"Productores en Santa Luc\u00eda"}]},{"@type":"WebSite","@id":"https:\/\/radioinfinitagoya.com.ar\/v1\/#website","url":"https:\/\/radioinfinitagoya.com.ar\/v1\/","name":"radioinfinitagoya.com.ar","description":"Radio de noticias","publisher":{"@id":"https:\/\/radioinfinitagoya.com.ar\/v1\/#organization"},"potentialAction":[{"@type":"SearchAction","target":{"@type":"EntryPoint","urlTemplate":"https:\/\/radioinfinitagoya.com.ar\/v1\/?s={search_term_string}"},"query-input":{"@type":"PropertyValueSpecification","valueRequired":true,"valueName":"search_term_string"}}],"inLanguage":"es-AR"},{"@type":"Organization","@id":"https:\/\/radioinfinitagoya.com.ar\/v1\/#organization","name":"Radio Infinita Goya","url":"https:\/\/radioinfinitagoya.com.ar\/v1\/","logo":{"@type":"ImageObject","inLanguage":"es-AR","@id":"https:\/\/radioinfinitagoya.com.ar\/v1\/#\/schema\/logo\/image\/","url":"https:\/\/radioinfinitagoya.com.ar\/v1\/wp-content\/uploads\/2019\/11\/logo-pie-web.png","contentUrl":"https:\/\/radioinfinitagoya.com.ar\/v1\/wp-content\/uploads\/2019\/11\/logo-pie-web.png","width":635,"height":326,"caption":"Radio Infinita Goya"},"image":{"@id":"https:\/\/radioinfinitagoya.com.ar\/v1\/#\/schema\/logo\/image\/"},"sameAs":["https:\/\/www.facebook.com\/p\/Infinita-Goya-100063870918311\/"]},{"@type":"Person","@id":"https:\/\/radioinfinitagoya.com.ar\/v1\/#\/schema\/person\/d4cf9c413d4f6edb24aabdccab49ca4a","name":"Jorge Mi\u00f1o","image":{"@type":"ImageObject","inLanguage":"es-AR","@id":"https:\/\/secure.gravatar.com\/avatar\/910fcf6728fe95320e07a6643c1581fec1c7fc4bf8ae12e3d8f0d0373dc844be?s=96&d=mm&r=g","url":"https:\/\/secure.gravatar.com\/avatar\/910fcf6728fe95320e07a6643c1581fec1c7fc4bf8ae12e3d8f0d0373dc844be?s=96&d=mm&r=g","contentUrl":"https:\/\/secure.gravatar.com\/avatar\/910fcf6728fe95320e07a6643c1581fec1c7fc4bf8ae12e3d8f0d0373dc844be?s=96&d=mm&r=g","caption":"Jorge Mi\u00f1o"},"sameAs":["http:\/\/radioinfinitagoya.com.ar"]}]}},"_links":{"self":[{"href":"https:\/\/radioinfinitagoya.com.ar\/v1\/wp-json\/wp\/v2\/posts\/198452","targetHints":{"allow":["GET"]}}],"collection":[{"href":"https:\/\/radioinfinitagoya.com.ar\/v1\/wp-json\/wp\/v2\/posts"}],"about":[{"href":"https:\/\/radioinfinitagoya.com.ar\/v1\/wp-json\/wp\/v2\/types\/post"}],"author":[{"embeddable":true,"href":"https:\/\/radioinfinitagoya.com.ar\/v1\/wp-json\/wp\/v2\/users\/4"}],"replies":[{"embeddable":true,"href":"https:\/\/radioinfinitagoya.com.ar\/v1\/wp-json\/wp\/v2\/comments?post=198452"}],"version-history":[{"count":0,"href":"https:\/\/radioinfinitagoya.com.ar\/v1\/wp-json\/wp\/v2\/posts\/198452\/revisions"}],"wp:featuredmedia":[{"embeddable":true,"href":"https:\/\/radioinfinitagoya.com.ar\/v1\/wp-json\/wp\/v2\/media\/198453"}],"wp:attachment":[{"href":"https:\/\/radioinfinitagoya.com.ar\/v1\/wp-json\/wp\/v2\/media?parent=198452"}],"wp:term":[{"taxonomy":"category","embeddable":true,"href":"https:\/\/radioinfinitagoya.com.ar\/v1\/wp-json\/wp\/v2\/categories?post=198452"},{"taxonomy":"post_tag","embeddable":true,"href":"https:\/\/radioinfinitagoya.com.ar\/v1\/wp-json\/wp\/v2\/tags?post=198452"}],"curies":[{"name":"wp","href":"https:\/\/api.w.org\/{rel}","templated":true}]}}