{"id":198455,"date":"2025-10-30T15:50:01","date_gmt":"2025-10-30T18:50:01","guid":{"rendered":"https:\/\/radioinfinitagoya.com.ar\/v1\/?p=198455"},"modified":"2025-10-30T15:50:01","modified_gmt":"2025-10-30T18:50:01","slug":"francos-desmintio-los-comentarios-sobre-su-salida-milei-jamas-me-ha-dicho-nada","status":"publish","type":"post","link":"https:\/\/radioinfinitagoya.com.ar\/v1\/2025\/10\/30\/francos-desmintio-los-comentarios-sobre-su-salida-milei-jamas-me-ha-dicho-nada\/","title":{"rendered":"Francos desminti\u00f3 los comentarios sobre su salida: MIlei &#8220;jam\u00e1s me ha dicho nada&#8221;"},"content":{"rendered":"<p>El jefe de Gabinete dio por mentiras los comentarios de su posible desplazamiento tras las elecciones legislativas.<\/p>\n<p>Los rumores sobre una posible salida de Guillermo Francos del Gobierno, tras las elecciones legislativas del pasado domingo, fueron desmentidos por el propio jefe de Gabinete, quien asegur\u00f3 que el Presidente nunca mencion\u00f3 el tema. El \u00faltimo tramo electoral del 2025, le dio a La Libertad Avanza una aplastante victoria a nivel nacional sobre su principal opositor, Fuerza Patria.<\/p>\n<p>&#8220;La verdad que el Presidente nunca ha hecho un comentario sobre esto. Hasta se molesta cuando le hacen una consulta\u201d, asegur\u00f3 el jefe de Gabinete y record\u00f3 que con Javier Milei tiene un v\u00ednculo s\u00f3lido \u201cde hace muchos a\u00f1os\u201d.<\/p>\n<p>\u201cTengo una relaci\u00f3n de amistad con \u00e9l y nos tenemos un respeto, es rec\u00edproco. De manera que yo estoy convencido de que si \u00e9l tuviera que decirme algo, no tiene m\u00e1s que decirme: \u2018Guillermo, conversemos sobre esto\u2019\u201d, afirm\u00f3. En este sentido, expres\u00f3: \u201cJam\u00e1s me ha dicho nada, as\u00ed que yo me siento muy tranquilo\u201d.<\/p>\n<p>En di\u00e1logo con LN+, record\u00f3 algunos momentos similares que vivi\u00f3 al comienzo. \u201cA poco tiempo del inicio del Gobierno, me quer\u00edan mandar de embajador. Varias veces me mandaron de embajador a distintos pa\u00edses y de canciller\u201d, ironiz\u00f3 acerca de los rumores que circularon antes de los \u00faltimos comicios.<\/p>\n<p>La renuncia del canciller Gerardo Werthein fue otro motivo para pensar que una salida de Francos era inminente. Sin embargo, surgi\u00f3 el nombre de Pablo Quirno como sucesor y poco despu\u00e9s se oficializ\u00f3.<\/p>\n<p><img loading=\"lazy\" decoding=\"async\" class=\"alignnone size-full wp-image-198457\" src=\"https:\/\/radioinfinitagoya.com.ar\/v1\/wp-content\/uploads\/2025\/10\/1761832260676.png\" alt=\"\" width=\"807\" height=\"454\" srcset=\"https:\/\/radioinfinitagoya.com.ar\/v1\/wp-content\/uploads\/2025\/10\/1761832260676.png 807w, https:\/\/radioinfinitagoya.com.ar\/v1\/wp-content\/uploads\/2025\/10\/1761832260676-747x420.png 747w, https:\/\/radioinfinitagoya.com.ar\/v1\/wp-content\/uploads\/2025\/10\/1761832260676-696x392.png 696w\" sizes=\"auto, (max-width: 807px) 100vw, 807px\" \/><\/p>\n<p>El ex Secretario de Finanzas del ministerio de Econom\u00eda asumi\u00f3 su nuevo rol el martes como ministro de Relaciones Exteriores y ya tiene a cargo el manejo de la pol\u00edtica exterior argentina, con fuerte peso en materia econ\u00f3mica.<\/p>\n<p>En esa l\u00ednea, Francos hizo una pausa y reflexion\u00f3 acerca del nombramiento. \u201cYo creo que el Presidente no lo ha designado solo por ser economista, sino por la calidad de relaciones personales que tiene Pablo Quirno, y por su conocimiento del comercio internacional. \u00c9l ha sido tambi\u00e9n muy importante en este proceso, en Estados Unidos\u201d, expres\u00f3.<\/p>\n<p>\u201cCreo que va a ser un excelente canciller y vamos a ver dentro de un tiempo c\u00f3mo han mejorado las relaciones de la Argentina con los pa\u00edses que comercian\u201d, asegur\u00f3 el funcionario.<\/p>\n<p>En cuanto a los inesperados resultados del 26 de octubre, incluso para algunos de los integrantes del mismo espacio, Francos expres\u00f3 su convicci\u00f3n antes de que se conocieran los resultados. \u201cLa curva de La Libertad Avanza dio vuelta y la del kirchnerismo no, al rev\u00e9s\u201d, explic\u00f3.<\/p>\n<p>Seg\u00fan Francos, esto fue posible debido a que \u201cMilei se puso la campa\u00f1a al hombro junto con su hermana, Karina, y recorrieron los distritos m\u00e1s importantes del pa\u00eds, hicieron actos, caminatas y llevaron un mensaje\u201d, manifest\u00f3.<\/p>\n<p><img loading=\"lazy\" decoding=\"async\" class=\"alignnone size-full wp-image-198458\" src=\"https:\/\/radioinfinitagoya.com.ar\/v1\/wp-content\/uploads\/2025\/10\/1761832260220.png\" alt=\"\" width=\"807\" height=\"538\" srcset=\"https:\/\/radioinfinitagoya.com.ar\/v1\/wp-content\/uploads\/2025\/10\/1761832260220.png 807w, https:\/\/radioinfinitagoya.com.ar\/v1\/wp-content\/uploads\/2025\/10\/1761832260220-630x420.png 630w, https:\/\/radioinfinitagoya.com.ar\/v1\/wp-content\/uploads\/2025\/10\/1761832260220-696x464.png 696w\" sizes=\"auto, (max-width: 807px) 100vw, 807px\" \/><\/p>\n<p>&#8220;Hubo un Presidente distinto que volvi\u00f3 a convencer a mucha gente, porque lo que ten\u00eda enfrente era el kirchnerismo, y la gente no quiere volver al kirchnerismo\u201d, argument\u00f3.<\/p>\n<p>Adem\u00e1s, remarc\u00f3 que la implementaci\u00f3n de la Boleta \u00danica de Papel fue un factor fundamental porque \u201celimin\u00f3 totalmente el fraude y las picard\u00edas electorales a lo que estamos acostumbrados, que nunca supimos bien de qu\u00e9 magnitud era\u201d.<\/p>\n<p><img loading=\"lazy\" decoding=\"async\" class=\"alignnone size-full wp-image-198459\" src=\"https:\/\/radioinfinitagoya.com.ar\/v1\/wp-content\/uploads\/2025\/10\/1761832259780.png\" alt=\"\" width=\"807\" height=\"329\" srcset=\"https:\/\/radioinfinitagoya.com.ar\/v1\/wp-content\/uploads\/2025\/10\/1761832259780.png 807w, https:\/\/radioinfinitagoya.com.ar\/v1\/wp-content\/uploads\/2025\/10\/1761832259780-696x284.png 696w\" sizes=\"auto, (max-width: 807px) 100vw, 807px\" \/><\/p>\n<p>Asimismo, se refiri\u00f3 al cambio de actitud del Presidente en el \u00faltimo tramo de la campa\u00f1a: \u201c\u00c9l percibi\u00f3 que, tal vez, algunas formas de su estilo generaban molestias en sectores de la sociedad. Aunque forma parte de su personalidad esa vehemencia, est\u00e1 tratando de evitarlas sin afectar en absoluto sus pensamientos y sus convicciones\u201d.<\/p>\n<p>Los \u00f3ptimos resultados llevaron tambi\u00e9n a que se env\u00ede una convocatoria a los gobernadores de las provincias para una reuni\u00f3n \u2014la cual se llevar\u00e1 a cabo este jueves a las 17 en Casa Rosada\u2014.<\/p>\n<p>\u201cEl Presidente me pidi\u00f3 que convocara a aquellos que pensamos que pueden construirse apoyos y consensos sobre determinados temas. As\u00ed que, hay 20 que confirmaron su asistencia\u201d, indic\u00f3 Francos.<\/p>\n<p>Respecto a los no convocados, el jefe de Gabinete argument\u00f3: \u201cCon algunos, es muy dif\u00edcil generar consensos\u201d. \u201cPensamos tan distinto y se han expresado tan p\u00fablicamente esas diferencias que podemos conversar individualmente en alguna circunstancia o por alguna motivaci\u00f3n particular, pero una reuni\u00f3n de conjunto es mucho m\u00e1s dif\u00edcil\u201d, explic\u00f3 al respecto.<\/p>\n<p><img loading=\"lazy\" decoding=\"async\" class=\"alignnone size-full wp-image-198460\" src=\"https:\/\/radioinfinitagoya.com.ar\/v1\/wp-content\/uploads\/2025\/10\/1761832258629.png\" alt=\"\" width=\"807\" height=\"514\" srcset=\"https:\/\/radioinfinitagoya.com.ar\/v1\/wp-content\/uploads\/2025\/10\/1761832258629.png 807w, https:\/\/radioinfinitagoya.com.ar\/v1\/wp-content\/uploads\/2025\/10\/1761832258629-659x420.png 659w, https:\/\/radioinfinitagoya.com.ar\/v1\/wp-content\/uploads\/2025\/10\/1761832258629-696x443.png 696w\" sizes=\"auto, (max-width: 807px) 100vw, 807px\" \/><\/p>\n<p>Por \u00faltimo, habl\u00f3 acerca de las reformas que se vienen, entre ellas la tributaria y la laboral. \u201cHoy necesitamos convertir trabajadores informales en formales, necesitamos que las empresas inviertan para generar trabajo, que exista competencia en el mercado por los trabajadores, de manera de que los salarios suban. Todo eso forma parte de una propuesta econ\u00f3mica para hacer crecer a la Argentina\u201d, asegur\u00f3.<\/p>\n<p>\u201cEl empresario tiene miedo de invertir y decir \u2018voy a poner capital con el temor de que tener un costo enorme laboral, tener que pagar una indemnizaci\u00f3n enorme\u2019\u201d, a\u00f1adi\u00f3.<\/p>\n<p>En paralelo, mencion\u00f3 el tema tributario. \u201cLo tenemos que resolver en conjunto con las provincias, porque el costo tributario, el costo de la presi\u00f3n fiscal, no solamente es el nacional, sino tambi\u00e9n que es el provincial y el municipal\u201d, concluy\u00f3.<\/p>\n","protected":false},"excerpt":{"rendered":"<p>El jefe de Gabinete dio por mentiras los comentarios de su posible desplazamiento tras las elecciones legislativas. Los rumores sobre una posible salida de Guillermo Francos del Gobierno, tras las elecciones legislativas del pasado domingo, fueron desmentidos por el propio jefe de Gabinete, quien asegur\u00f3 que el Presidente nunca mencion\u00f3 el tema. El \u00faltimo tramo [&hellip;]<\/p>\n","protected":false},"author":4,"featured_media":198456,"comment_status":"closed","ping_status":"closed","sticky":false,"template":"","format":"standard","meta":{"_joinchat":[],"footnotes":""},"categories":[29],"tags":[],"class_list":{"0":"post-198455","1":"post","2":"type-post","3":"status-publish","4":"format-standard","5":"has-post-thumbnail","7":"category-nacionales"},"yoast_head":"<!-- This site is optimized with the Yoast SEO plugin v27.2 - https:\/\/yoast.com\/product\/yoast-seo-wordpress\/ -->\n<title>Francos desminti\u00f3 los comentarios sobre su salida: MIlei &quot;jam\u00e1s me ha dicho nada&quot; - Radio Infinita Goya<\/title>\n<meta name=\"description\" content=\"El jefe de Gabinete dio por mentiras los comentarios de su posible desplazamiento tras las elecciones legislativas. Los rumores sobre una posible salida\" \/>\n<meta name=\"robots\" content=\"index, follow, max-snippet:-1, max-image-preview:large, max-video-preview:-1\" \/>\n<link rel=\"canonical\" href=\"https:\/\/radioinfinitagoya.com.ar\/v1\/2025\/10\/30\/francos-desmintio-los-comentarios-sobre-su-salida-milei-jamas-me-ha-dicho-nada\/\" \/>\n<meta property=\"og:locale\" content=\"es_ES\" \/>\n<meta property=\"og:type\" content=\"article\" \/>\n<meta property=\"og:title\" content=\"Francos desminti\u00f3 los comentarios sobre su salida: MIlei &quot;jam\u00e1s me ha dicho nada&quot; - Radio Infinita Goya\" \/>\n<meta property=\"og:description\" content=\"El jefe de Gabinete dio por mentiras los comentarios de su posible desplazamiento tras las elecciones legislativas. Los rumores sobre una posible salida\" \/>\n<meta property=\"og:url\" content=\"https:\/\/radioinfinitagoya.com.ar\/v1\/2025\/10\/30\/francos-desmintio-los-comentarios-sobre-su-salida-milei-jamas-me-ha-dicho-nada\/\" \/>\n<meta property=\"og:site_name\" content=\"Radio Infinita Goya\" \/>\n<meta property=\"article:publisher\" content=\"https:\/\/www.facebook.com\/p\/Infinita-Goya-100063870918311\/\" \/>\n<meta property=\"article:published_time\" content=\"2025-10-30T18:50:01+00:00\" \/>\n<meta property=\"og:image\" content=\"https:\/\/radioinfinitagoya.com.ar\/v1\/wp-content\/uploads\/2025\/10\/XXdmcb7x.jpg\" \/>\n\t<meta property=\"og:image:width\" content=\"680\" \/>\n\t<meta property=\"og:image:height\" content=\"357\" \/>\n\t<meta property=\"og:image:type\" content=\"image\/jpeg\" \/>\n<meta name=\"author\" content=\"Jorge Mi\u00f1o\" \/>\n<meta name=\"twitter:card\" content=\"summary_large_image\" \/>\n<meta name=\"twitter:label1\" content=\"Escrito por\" \/>\n\t<meta name=\"twitter:data1\" content=\"Jorge Mi\u00f1o\" \/>\n\t<meta name=\"twitter:label2\" content=\"Tiempo de lectura\" \/>\n\t<meta name=\"twitter:data2\" content=\"5 minutos\" \/>\n<script type=\"application\/ld+json\" class=\"yoast-schema-graph\">{\"@context\":\"https:\/\/schema.org\",\"@graph\":[{\"@type\":\"Article\",\"@id\":\"https:\/\/radioinfinitagoya.com.ar\/v1\/2025\/10\/30\/francos-desmintio-los-comentarios-sobre-su-salida-milei-jamas-me-ha-dicho-nada\/#article\",\"isPartOf\":{\"@id\":\"https:\/\/radioinfinitagoya.com.ar\/v1\/2025\/10\/30\/francos-desmintio-los-comentarios-sobre-su-salida-milei-jamas-me-ha-dicho-nada\/\"},\"author\":{\"name\":\"Jorge Mi\u00f1o\",\"@id\":\"https:\/\/radioinfinitagoya.com.ar\/v1\/#\/schema\/person\/d4cf9c413d4f6edb24aabdccab49ca4a\"},\"headline\":\"Francos desminti\u00f3 los comentarios sobre su salida: MIlei &#8220;jam\u00e1s me ha dicho nada&#8221;\",\"datePublished\":\"2025-10-30T18:50:01+00:00\",\"mainEntityOfPage\":{\"@id\":\"https:\/\/radioinfinitagoya.com.ar\/v1\/2025\/10\/30\/francos-desmintio-los-comentarios-sobre-su-salida-milei-jamas-me-ha-dicho-nada\/\"},\"wordCount\":877,\"publisher\":{\"@id\":\"https:\/\/radioinfinitagoya.com.ar\/v1\/#organization\"},\"image\":{\"@id\":\"https:\/\/radioinfinitagoya.com.ar\/v1\/2025\/10\/30\/francos-desmintio-los-comentarios-sobre-su-salida-milei-jamas-me-ha-dicho-nada\/#primaryimage\"},\"thumbnailUrl\":\"https:\/\/radioinfinitagoya.com.ar\/v1\/wp-content\/uploads\/2025\/10\/XXdmcb7x.jpg\",\"articleSection\":[\"NACIONALES\"],\"inLanguage\":\"es-AR\"},{\"@type\":\"WebPage\",\"@id\":\"https:\/\/radioinfinitagoya.com.ar\/v1\/2025\/10\/30\/francos-desmintio-los-comentarios-sobre-su-salida-milei-jamas-me-ha-dicho-nada\/\",\"url\":\"https:\/\/radioinfinitagoya.com.ar\/v1\/2025\/10\/30\/francos-desmintio-los-comentarios-sobre-su-salida-milei-jamas-me-ha-dicho-nada\/\",\"name\":\"Francos desminti\u00f3 los comentarios sobre su salida: MIlei \\\"jam\u00e1s me ha dicho nada\\\" - Radio Infinita Goya\",\"isPartOf\":{\"@id\":\"https:\/\/radioinfinitagoya.com.ar\/v1\/#website\"},\"primaryImageOfPage\":{\"@id\":\"https:\/\/radioinfinitagoya.com.ar\/v1\/2025\/10\/30\/francos-desmintio-los-comentarios-sobre-su-salida-milei-jamas-me-ha-dicho-nada\/#primaryimage\"},\"image\":{\"@id\":\"https:\/\/radioinfinitagoya.com.ar\/v1\/2025\/10\/30\/francos-desmintio-los-comentarios-sobre-su-salida-milei-jamas-me-ha-dicho-nada\/#primaryimage\"},\"thumbnailUrl\":\"https:\/\/radioinfinitagoya.com.ar\/v1\/wp-content\/uploads\/2025\/10\/XXdmcb7x.jpg\",\"datePublished\":\"2025-10-30T18:50:01+00:00\",\"description\":\"El jefe de Gabinete dio por mentiras los comentarios de su posible desplazamiento tras las elecciones legislativas. Los rumores sobre una posible salida\",\"breadcrumb\":{\"@id\":\"https:\/\/radioinfinitagoya.com.ar\/v1\/2025\/10\/30\/francos-desmintio-los-comentarios-sobre-su-salida-milei-jamas-me-ha-dicho-nada\/#breadcrumb\"},\"inLanguage\":\"es-AR\",\"potentialAction\":[{\"@type\":\"ReadAction\",\"target\":[\"https:\/\/radioinfinitagoya.com.ar\/v1\/2025\/10\/30\/francos-desmintio-los-comentarios-sobre-su-salida-milei-jamas-me-ha-dicho-nada\/\"]}]},{\"@type\":\"ImageObject\",\"inLanguage\":\"es-AR\",\"@id\":\"https:\/\/radioinfinitagoya.com.ar\/v1\/2025\/10\/30\/francos-desmintio-los-comentarios-sobre-su-salida-milei-jamas-me-ha-dicho-nada\/#primaryimage\",\"url\":\"https:\/\/radioinfinitagoya.com.ar\/v1\/wp-content\/uploads\/2025\/10\/XXdmcb7x.jpg\",\"contentUrl\":\"https:\/\/radioinfinitagoya.com.ar\/v1\/wp-content\/uploads\/2025\/10\/XXdmcb7x.jpg\",\"width\":680,\"height\":357},{\"@type\":\"BreadcrumbList\",\"@id\":\"https:\/\/radioinfinitagoya.com.ar\/v1\/2025\/10\/30\/francos-desmintio-los-comentarios-sobre-su-salida-milei-jamas-me-ha-dicho-nada\/#breadcrumb\",\"itemListElement\":[{\"@type\":\"ListItem\",\"position\":1,\"name\":\"Inicio\",\"item\":\"https:\/\/radioinfinitagoya.com.ar\/v1\/\"},{\"@type\":\"ListItem\",\"position\":2,\"name\":\"Francos desminti\u00f3 los comentarios sobre su salida: MIlei &#8220;jam\u00e1s me ha dicho nada&#8221;\"}]},{\"@type\":\"WebSite\",\"@id\":\"https:\/\/radioinfinitagoya.com.ar\/v1\/#website\",\"url\":\"https:\/\/radioinfinitagoya.com.ar\/v1\/\",\"name\":\"radioinfinitagoya.com.ar\",\"description\":\"Radio de noticias\",\"publisher\":{\"@id\":\"https:\/\/radioinfinitagoya.com.ar\/v1\/#organization\"},\"potentialAction\":[{\"@type\":\"SearchAction\",\"target\":{\"@type\":\"EntryPoint\",\"urlTemplate\":\"https:\/\/radioinfinitagoya.com.ar\/v1\/?s={search_term_string}\"},\"query-input\":{\"@type\":\"PropertyValueSpecification\",\"valueRequired\":true,\"valueName\":\"search_term_string\"}}],\"inLanguage\":\"es-AR\"},{\"@type\":\"Organization\",\"@id\":\"https:\/\/radioinfinitagoya.com.ar\/v1\/#organization\",\"name\":\"Radio Infinita Goya\",\"url\":\"https:\/\/radioinfinitagoya.com.ar\/v1\/\",\"logo\":{\"@type\":\"ImageObject\",\"inLanguage\":\"es-AR\",\"@id\":\"https:\/\/radioinfinitagoya.com.ar\/v1\/#\/schema\/logo\/image\/\",\"url\":\"https:\/\/radioinfinitagoya.com.ar\/v1\/wp-content\/uploads\/2019\/11\/logo-pie-web.png\",\"contentUrl\":\"https:\/\/radioinfinitagoya.com.ar\/v1\/wp-content\/uploads\/2019\/11\/logo-pie-web.png\",\"width\":635,\"height\":326,\"caption\":\"Radio Infinita Goya\"},\"image\":{\"@id\":\"https:\/\/radioinfinitagoya.com.ar\/v1\/#\/schema\/logo\/image\/\"},\"sameAs\":[\"https:\/\/www.facebook.com\/p\/Infinita-Goya-100063870918311\/\"]},{\"@type\":\"Person\",\"@id\":\"https:\/\/radioinfinitagoya.com.ar\/v1\/#\/schema\/person\/d4cf9c413d4f6edb24aabdccab49ca4a\",\"name\":\"Jorge Mi\u00f1o\",\"image\":{\"@type\":\"ImageObject\",\"inLanguage\":\"es-AR\",\"@id\":\"https:\/\/secure.gravatar.com\/avatar\/910fcf6728fe95320e07a6643c1581fec1c7fc4bf8ae12e3d8f0d0373dc844be?s=96&d=mm&r=g\",\"url\":\"https:\/\/secure.gravatar.com\/avatar\/910fcf6728fe95320e07a6643c1581fec1c7fc4bf8ae12e3d8f0d0373dc844be?s=96&d=mm&r=g\",\"contentUrl\":\"https:\/\/secure.gravatar.com\/avatar\/910fcf6728fe95320e07a6643c1581fec1c7fc4bf8ae12e3d8f0d0373dc844be?s=96&d=mm&r=g\",\"caption\":\"Jorge Mi\u00f1o\"},\"sameAs\":[\"http:\/\/radioinfinitagoya.com.ar\"]}]}<\/script>\n<!-- \/ Yoast SEO plugin. -->","yoast_head_json":{"title":"Francos desminti\u00f3 los comentarios sobre su salida: MIlei \"jam\u00e1s me ha dicho nada\" - Radio Infinita Goya","description":"El jefe de Gabinete dio por mentiras los comentarios de su posible desplazamiento tras las elecciones legislativas. Los rumores sobre una posible salida","robots":{"index":"index","follow":"follow","max-snippet":"max-snippet:-1","max-image-preview":"max-image-preview:large","max-video-preview":"max-video-preview:-1"},"canonical":"https:\/\/radioinfinitagoya.com.ar\/v1\/2025\/10\/30\/francos-desmintio-los-comentarios-sobre-su-salida-milei-jamas-me-ha-dicho-nada\/","og_locale":"es_ES","og_type":"article","og_title":"Francos desminti\u00f3 los comentarios sobre su salida: MIlei \"jam\u00e1s me ha dicho nada\" - Radio Infinita Goya","og_description":"El jefe de Gabinete dio por mentiras los comentarios de su posible desplazamiento tras las elecciones legislativas. Los rumores sobre una posible salida","og_url":"https:\/\/radioinfinitagoya.com.ar\/v1\/2025\/10\/30\/francos-desmintio-los-comentarios-sobre-su-salida-milei-jamas-me-ha-dicho-nada\/","og_site_name":"Radio Infinita Goya","article_publisher":"https:\/\/www.facebook.com\/p\/Infinita-Goya-100063870918311\/","article_published_time":"2025-10-30T18:50:01+00:00","og_image":[{"width":680,"height":357,"url":"https:\/\/radioinfinitagoya.com.ar\/v1\/wp-content\/uploads\/2025\/10\/XXdmcb7x.jpg","type":"image\/jpeg"}],"author":"Jorge Mi\u00f1o","twitter_card":"summary_large_image","twitter_misc":{"Escrito por":"Jorge Mi\u00f1o","Tiempo de lectura":"5 minutos"},"schema":{"@context":"https:\/\/schema.org","@graph":[{"@type":"Article","@id":"https:\/\/radioinfinitagoya.com.ar\/v1\/2025\/10\/30\/francos-desmintio-los-comentarios-sobre-su-salida-milei-jamas-me-ha-dicho-nada\/#article","isPartOf":{"@id":"https:\/\/radioinfinitagoya.com.ar\/v1\/2025\/10\/30\/francos-desmintio-los-comentarios-sobre-su-salida-milei-jamas-me-ha-dicho-nada\/"},"author":{"name":"Jorge Mi\u00f1o","@id":"https:\/\/radioinfinitagoya.com.ar\/v1\/#\/schema\/person\/d4cf9c413d4f6edb24aabdccab49ca4a"},"headline":"Francos desminti\u00f3 los comentarios sobre su salida: MIlei &#8220;jam\u00e1s me ha dicho nada&#8221;","datePublished":"2025-10-30T18:50:01+00:00","mainEntityOfPage":{"@id":"https:\/\/radioinfinitagoya.com.ar\/v1\/2025\/10\/30\/francos-desmintio-los-comentarios-sobre-su-salida-milei-jamas-me-ha-dicho-nada\/"},"wordCount":877,"publisher":{"@id":"https:\/\/radioinfinitagoya.com.ar\/v1\/#organization"},"image":{"@id":"https:\/\/radioinfinitagoya.com.ar\/v1\/2025\/10\/30\/francos-desmintio-los-comentarios-sobre-su-salida-milei-jamas-me-ha-dicho-nada\/#primaryimage"},"thumbnailUrl":"https:\/\/radioinfinitagoya.com.ar\/v1\/wp-content\/uploads\/2025\/10\/XXdmcb7x.jpg","articleSection":["NACIONALES"],"inLanguage":"es-AR"},{"@type":"WebPage","@id":"https:\/\/radioinfinitagoya.com.ar\/v1\/2025\/10\/30\/francos-desmintio-los-comentarios-sobre-su-salida-milei-jamas-me-ha-dicho-nada\/","url":"https:\/\/radioinfinitagoya.com.ar\/v1\/2025\/10\/30\/francos-desmintio-los-comentarios-sobre-su-salida-milei-jamas-me-ha-dicho-nada\/","name":"Francos desminti\u00f3 los comentarios sobre su salida: MIlei \"jam\u00e1s me ha dicho nada\" - Radio Infinita Goya","isPartOf":{"@id":"https:\/\/radioinfinitagoya.com.ar\/v1\/#website"},"primaryImageOfPage":{"@id":"https:\/\/radioinfinitagoya.com.ar\/v1\/2025\/10\/30\/francos-desmintio-los-comentarios-sobre-su-salida-milei-jamas-me-ha-dicho-nada\/#primaryimage"},"image":{"@id":"https:\/\/radioinfinitagoya.com.ar\/v1\/2025\/10\/30\/francos-desmintio-los-comentarios-sobre-su-salida-milei-jamas-me-ha-dicho-nada\/#primaryimage"},"thumbnailUrl":"https:\/\/radioinfinitagoya.com.ar\/v1\/wp-content\/uploads\/2025\/10\/XXdmcb7x.jpg","datePublished":"2025-10-30T18:50:01+00:00","description":"El jefe de Gabinete dio por mentiras los comentarios de su posible desplazamiento tras las elecciones legislativas. Los rumores sobre una posible salida","breadcrumb":{"@id":"https:\/\/radioinfinitagoya.com.ar\/v1\/2025\/10\/30\/francos-desmintio-los-comentarios-sobre-su-salida-milei-jamas-me-ha-dicho-nada\/#breadcrumb"},"inLanguage":"es-AR","potentialAction":[{"@type":"ReadAction","target":["https:\/\/radioinfinitagoya.com.ar\/v1\/2025\/10\/30\/francos-desmintio-los-comentarios-sobre-su-salida-milei-jamas-me-ha-dicho-nada\/"]}]},{"@type":"ImageObject","inLanguage":"es-AR","@id":"https:\/\/radioinfinitagoya.com.ar\/v1\/2025\/10\/30\/francos-desmintio-los-comentarios-sobre-su-salida-milei-jamas-me-ha-dicho-nada\/#primaryimage","url":"https:\/\/radioinfinitagoya.com.ar\/v1\/wp-content\/uploads\/2025\/10\/XXdmcb7x.jpg","contentUrl":"https:\/\/radioinfinitagoya.com.ar\/v1\/wp-content\/uploads\/2025\/10\/XXdmcb7x.jpg","width":680,"height":357},{"@type":"BreadcrumbList","@id":"https:\/\/radioinfinitagoya.com.ar\/v1\/2025\/10\/30\/francos-desmintio-los-comentarios-sobre-su-salida-milei-jamas-me-ha-dicho-nada\/#breadcrumb","itemListElement":[{"@type":"ListItem","position":1,"name":"Inicio","item":"https:\/\/radioinfinitagoya.com.ar\/v1\/"},{"@type":"ListItem","position":2,"name":"Francos desminti\u00f3 los comentarios sobre su salida: MIlei &#8220;jam\u00e1s me ha dicho nada&#8221;"}]},{"@type":"WebSite","@id":"https:\/\/radioinfinitagoya.com.ar\/v1\/#website","url":"https:\/\/radioinfinitagoya.com.ar\/v1\/","name":"radioinfinitagoya.com.ar","description":"Radio de noticias","publisher":{"@id":"https:\/\/radioinfinitagoya.com.ar\/v1\/#organization"},"potentialAction":[{"@type":"SearchAction","target":{"@type":"EntryPoint","urlTemplate":"https:\/\/radioinfinitagoya.com.ar\/v1\/?s={search_term_string}"},"query-input":{"@type":"PropertyValueSpecification","valueRequired":true,"valueName":"search_term_string"}}],"inLanguage":"es-AR"},{"@type":"Organization","@id":"https:\/\/radioinfinitagoya.com.ar\/v1\/#organization","name":"Radio Infinita Goya","url":"https:\/\/radioinfinitagoya.com.ar\/v1\/","logo":{"@type":"ImageObject","inLanguage":"es-AR","@id":"https:\/\/radioinfinitagoya.com.ar\/v1\/#\/schema\/logo\/image\/","url":"https:\/\/radioinfinitagoya.com.ar\/v1\/wp-content\/uploads\/2019\/11\/logo-pie-web.png","contentUrl":"https:\/\/radioinfinitagoya.com.ar\/v1\/wp-content\/uploads\/2019\/11\/logo-pie-web.png","width":635,"height":326,"caption":"Radio Infinita Goya"},"image":{"@id":"https:\/\/radioinfinitagoya.com.ar\/v1\/#\/schema\/logo\/image\/"},"sameAs":["https:\/\/www.facebook.com\/p\/Infinita-Goya-100063870918311\/"]},{"@type":"Person","@id":"https:\/\/radioinfinitagoya.com.ar\/v1\/#\/schema\/person\/d4cf9c413d4f6edb24aabdccab49ca4a","name":"Jorge Mi\u00f1o","image":{"@type":"ImageObject","inLanguage":"es-AR","@id":"https:\/\/secure.gravatar.com\/avatar\/910fcf6728fe95320e07a6643c1581fec1c7fc4bf8ae12e3d8f0d0373dc844be?s=96&d=mm&r=g","url":"https:\/\/secure.gravatar.com\/avatar\/910fcf6728fe95320e07a6643c1581fec1c7fc4bf8ae12e3d8f0d0373dc844be?s=96&d=mm&r=g","contentUrl":"https:\/\/secure.gravatar.com\/avatar\/910fcf6728fe95320e07a6643c1581fec1c7fc4bf8ae12e3d8f0d0373dc844be?s=96&d=mm&r=g","caption":"Jorge Mi\u00f1o"},"sameAs":["http:\/\/radioinfinitagoya.com.ar"]}]}},"_links":{"self":[{"href":"https:\/\/radioinfinitagoya.com.ar\/v1\/wp-json\/wp\/v2\/posts\/198455","targetHints":{"allow":["GET"]}}],"collection":[{"href":"https:\/\/radioinfinitagoya.com.ar\/v1\/wp-json\/wp\/v2\/posts"}],"about":[{"href":"https:\/\/radioinfinitagoya.com.ar\/v1\/wp-json\/wp\/v2\/types\/post"}],"author":[{"embeddable":true,"href":"https:\/\/radioinfinitagoya.com.ar\/v1\/wp-json\/wp\/v2\/users\/4"}],"replies":[{"embeddable":true,"href":"https:\/\/radioinfinitagoya.com.ar\/v1\/wp-json\/wp\/v2\/comments?post=198455"}],"version-history":[{"count":0,"href":"https:\/\/radioinfinitagoya.com.ar\/v1\/wp-json\/wp\/v2\/posts\/198455\/revisions"}],"wp:featuredmedia":[{"embeddable":true,"href":"https:\/\/radioinfinitagoya.com.ar\/v1\/wp-json\/wp\/v2\/media\/198456"}],"wp:attachment":[{"href":"https:\/\/radioinfinitagoya.com.ar\/v1\/wp-json\/wp\/v2\/media?parent=198455"}],"wp:term":[{"taxonomy":"category","embeddable":true,"href":"https:\/\/radioinfinitagoya.com.ar\/v1\/wp-json\/wp\/v2\/categories?post=198455"},{"taxonomy":"post_tag","embeddable":true,"href":"https:\/\/radioinfinitagoya.com.ar\/v1\/wp-json\/wp\/v2\/tags?post=198455"}],"curies":[{"name":"wp","href":"https:\/\/api.w.org\/{rel}","templated":true}]}}