{"id":198465,"date":"2025-10-30T16:01:08","date_gmt":"2025-10-30T19:01:08","guid":{"rendered":"https:\/\/radioinfinitagoya.com.ar\/v1\/?p=198465"},"modified":"2025-10-30T16:01:08","modified_gmt":"2025-10-30T19:01:08","slug":"nuevo-reves-judicial-para-jose-luis-espert","status":"publish","type":"post","link":"https:\/\/radioinfinitagoya.com.ar\/v1\/2025\/10\/30\/nuevo-reves-judicial-para-jose-luis-espert\/","title":{"rendered":"Nuevo rev\u00e9s judicial para Jos\u00e9 Luis Espert"},"content":{"rendered":"<p>Le rechazan la unificaci\u00f3n de causas en Comodoro Py<\/p>\n<p>Jos\u00e9 Luis Espert est\u00e1 cada vez complicado en las causas en que es investigado por su estrecho v\u00ednculo con el empresario Federico &#8220;Fred&#8221; Machado a quien habr\u00eda ayudado a lavar dinero proveniente del narcotr\u00e1fico y quien le financi\u00f3 su campa\u00f1a electoral de 2019.<\/p>\n<p>La Justicia volvi\u00f3 a asestarle un duro rev\u00e9s al diputado en uso de licencia Jos\u00e9 Luis Espert y rechaz\u00f3 su pedido para concentrar las dos causas en su contra en los tribunales de Comodoro Py. El libertario est\u00e1 siendo investigado por su v\u00ednculo con Federico &#8220;Fred&#8221; Machado, empresario acusado de narcotr\u00e1fico, lavado de dinero, fraude y asociaci\u00f3n il\u00edcita en los Estados Unidos, pa\u00eds al que ser\u00e1 extraditado en los pr\u00f3ximas d\u00edas.<\/p>\n<p>El objetivo de Espert era que la causa que se tramita en la Justicia Federal de San Isidro, surgida a partir de la denuncia de Juan Grabois, se acoplara a la investigaci\u00f3n en la Capital Federal, que est\u00e1 en manos del juez Marcelo Mart\u00ednez De Giorgi, quien hab\u00eda rechazado en primer lugar la unificaci\u00f3n.<\/p>\n<p>En la misma l\u00ednea termin\u00f3 fallando Mariano Llorens, presidente de la Sala I de la C\u00e1mara Federal porte\u00f1a. En su resoluci\u00f3n, el magistrado explic\u00f3 que &#8220;a la luz de la ausencia de una precisa definici\u00f3n del objeto que abarca cada una de las pesquisas y los distintos caminos que, aparentemente, recorren a tal fin&#8221;.<\/p>\n<p>A su vez, la C\u00e1mara de Apelaciones advirti\u00f3 que apresurarse para unificar las causas podr\u00eda repercutir en el curso de ambos procesos de investigaci\u00f3n aunque dej\u00f3 la puerta abierta a volver a analizar el pedido en caso de que surjan nuevos elementos al avanzar en el proceso.<\/p>\n<p>La resoluci\u00f3n previa, del Juzgado Federal N\u00b08, hab\u00eda se\u00f1alado el mismo elemento al argumentar que la unificaci\u00f3n de las causas &#8220;resultaba prematura&#8221;. La fiscal Alejandra M\u00e1ngano sostuvo que la pesquisa &#8220;a\u00fan se encuentra en un estado incipiente&#8221;.<\/p>\n<p>Por su parte, la defensa de Espert hab\u00eda considerado que ambas causas se centraban en &#8220;la relaci\u00f3n&#8221; entre el diputado y Machado y en los mismos delitos.<\/p>\n<p>En la investigaci\u00f3n en curso en San Isidro, a cargo del fiscal Federico Dom\u00ednguez, ya se llev\u00f3 a cabo un allanamiento a un estudio contable vinculado a Espert en Pergamino. El diputado, bajo licencia tras el estallido del esc\u00e1ndalo, todav\u00eda no fue llamado a indagatoria.<\/p>\n<p>Jos\u00e9 Luis Espert, m\u00e1s complicado<\/p>\n<p>El pilar de la investigaci\u00f3n es el v\u00ednculo entre Espert y Machado. El economista recibi\u00f3 200 mil d\u00f3lares del empresario investigado por narcotr\u00e1fico durante la campa\u00f1a presidencial de 2019 en una cuenta a su nombre en el Banco Morgan Stanley, como parte de un acuerdo que ascender\u00eda a 1 mill\u00f3n de d\u00f3lares. Adem\u00e1s del dinero, el entonces candidato libertario habr\u00eda recibido apoyo log\u00edstico con el uso de una camioneta blindada y un avi\u00f3n privado, en el que reconoci\u00f3 haber viajado al menos 35 veces.<\/p>\n<p>&nbsp;<\/p>\n","protected":false},"excerpt":{"rendered":"<p>Le rechazan la unificaci\u00f3n de causas en Comodoro Py Jos\u00e9 Luis Espert est\u00e1 cada vez complicado en las causas en que es investigado por su estrecho v\u00ednculo con el empresario Federico &#8220;Fred&#8221; Machado a quien habr\u00eda ayudado a lavar dinero proveniente del narcotr\u00e1fico y quien le financi\u00f3 su campa\u00f1a electoral de 2019. La Justicia volvi\u00f3 [&hellip;]<\/p>\n","protected":false},"author":4,"featured_media":198466,"comment_status":"closed","ping_status":"closed","sticky":false,"template":"","format":"standard","meta":{"_joinchat":[],"footnotes":""},"categories":[29],"tags":[],"class_list":{"0":"post-198465","1":"post","2":"type-post","3":"status-publish","4":"format-standard","5":"has-post-thumbnail","7":"category-nacionales"},"yoast_head":"<!-- This site is optimized with the Yoast SEO plugin v27.2 - https:\/\/yoast.com\/product\/yoast-seo-wordpress\/ -->\n<title>Nuevo rev\u00e9s judicial para Jos\u00e9 Luis Espert - Radio Infinita Goya<\/title>\n<meta name=\"description\" content=\"Le rechazan la unificaci\u00f3n de causas en Comodoro Py Jos\u00e9 Luis Espert est\u00e1 cada vez complicado en las causas en que es investigado por su estrecho v\u00ednculo\" \/>\n<meta name=\"robots\" content=\"index, follow, max-snippet:-1, max-image-preview:large, max-video-preview:-1\" \/>\n<link rel=\"canonical\" href=\"https:\/\/radioinfinitagoya.com.ar\/v1\/2025\/10\/30\/nuevo-reves-judicial-para-jose-luis-espert\/\" \/>\n<meta property=\"og:locale\" content=\"es_ES\" \/>\n<meta property=\"og:type\" content=\"article\" \/>\n<meta property=\"og:title\" content=\"Nuevo rev\u00e9s judicial para Jos\u00e9 Luis Espert - Radio Infinita Goya\" \/>\n<meta property=\"og:description\" content=\"Le rechazan la unificaci\u00f3n de causas en Comodoro Py Jos\u00e9 Luis Espert est\u00e1 cada vez complicado en las causas en que es investigado por su estrecho v\u00ednculo\" \/>\n<meta property=\"og:url\" content=\"https:\/\/radioinfinitagoya.com.ar\/v1\/2025\/10\/30\/nuevo-reves-judicial-para-jose-luis-espert\/\" \/>\n<meta property=\"og:site_name\" content=\"Radio Infinita Goya\" \/>\n<meta property=\"article:publisher\" content=\"https:\/\/www.facebook.com\/p\/Infinita-Goya-100063870918311\/\" \/>\n<meta property=\"article:published_time\" content=\"2025-10-30T19:01:08+00:00\" \/>\n<meta property=\"og:image\" content=\"https:\/\/radioinfinitagoya.com.ar\/v1\/wp-content\/uploads\/2025\/10\/UIR_4-xc.jpg\" \/>\n\t<meta property=\"og:image:width\" content=\"680\" \/>\n\t<meta property=\"og:image:height\" content=\"383\" \/>\n\t<meta property=\"og:image:type\" content=\"image\/jpeg\" \/>\n<meta name=\"author\" content=\"Jorge Mi\u00f1o\" \/>\n<meta name=\"twitter:card\" content=\"summary_large_image\" \/>\n<meta name=\"twitter:label1\" content=\"Escrito por\" \/>\n\t<meta name=\"twitter:data1\" content=\"Jorge Mi\u00f1o\" \/>\n\t<meta name=\"twitter:label2\" content=\"Tiempo de lectura\" \/>\n\t<meta name=\"twitter:data2\" content=\"3 minutos\" \/>\n<script type=\"application\/ld+json\" class=\"yoast-schema-graph\">{\"@context\":\"https:\/\/schema.org\",\"@graph\":[{\"@type\":\"Article\",\"@id\":\"https:\/\/radioinfinitagoya.com.ar\/v1\/2025\/10\/30\/nuevo-reves-judicial-para-jose-luis-espert\/#article\",\"isPartOf\":{\"@id\":\"https:\/\/radioinfinitagoya.com.ar\/v1\/2025\/10\/30\/nuevo-reves-judicial-para-jose-luis-espert\/\"},\"author\":{\"name\":\"Jorge Mi\u00f1o\",\"@id\":\"https:\/\/radioinfinitagoya.com.ar\/v1\/#\/schema\/person\/d4cf9c413d4f6edb24aabdccab49ca4a\"},\"headline\":\"Nuevo rev\u00e9s judicial para Jos\u00e9 Luis Espert\",\"datePublished\":\"2025-10-30T19:01:08+00:00\",\"mainEntityOfPage\":{\"@id\":\"https:\/\/radioinfinitagoya.com.ar\/v1\/2025\/10\/30\/nuevo-reves-judicial-para-jose-luis-espert\/\"},\"wordCount\":530,\"publisher\":{\"@id\":\"https:\/\/radioinfinitagoya.com.ar\/v1\/#organization\"},\"image\":{\"@id\":\"https:\/\/radioinfinitagoya.com.ar\/v1\/2025\/10\/30\/nuevo-reves-judicial-para-jose-luis-espert\/#primaryimage\"},\"thumbnailUrl\":\"https:\/\/radioinfinitagoya.com.ar\/v1\/wp-content\/uploads\/2025\/10\/UIR_4-xc.jpg\",\"articleSection\":[\"NACIONALES\"],\"inLanguage\":\"es-AR\"},{\"@type\":\"WebPage\",\"@id\":\"https:\/\/radioinfinitagoya.com.ar\/v1\/2025\/10\/30\/nuevo-reves-judicial-para-jose-luis-espert\/\",\"url\":\"https:\/\/radioinfinitagoya.com.ar\/v1\/2025\/10\/30\/nuevo-reves-judicial-para-jose-luis-espert\/\",\"name\":\"Nuevo rev\u00e9s judicial para Jos\u00e9 Luis Espert - Radio Infinita Goya\",\"isPartOf\":{\"@id\":\"https:\/\/radioinfinitagoya.com.ar\/v1\/#website\"},\"primaryImageOfPage\":{\"@id\":\"https:\/\/radioinfinitagoya.com.ar\/v1\/2025\/10\/30\/nuevo-reves-judicial-para-jose-luis-espert\/#primaryimage\"},\"image\":{\"@id\":\"https:\/\/radioinfinitagoya.com.ar\/v1\/2025\/10\/30\/nuevo-reves-judicial-para-jose-luis-espert\/#primaryimage\"},\"thumbnailUrl\":\"https:\/\/radioinfinitagoya.com.ar\/v1\/wp-content\/uploads\/2025\/10\/UIR_4-xc.jpg\",\"datePublished\":\"2025-10-30T19:01:08+00:00\",\"description\":\"Le rechazan la unificaci\u00f3n de causas en Comodoro Py Jos\u00e9 Luis Espert est\u00e1 cada vez complicado en las causas en que es investigado por su estrecho v\u00ednculo\",\"breadcrumb\":{\"@id\":\"https:\/\/radioinfinitagoya.com.ar\/v1\/2025\/10\/30\/nuevo-reves-judicial-para-jose-luis-espert\/#breadcrumb\"},\"inLanguage\":\"es-AR\",\"potentialAction\":[{\"@type\":\"ReadAction\",\"target\":[\"https:\/\/radioinfinitagoya.com.ar\/v1\/2025\/10\/30\/nuevo-reves-judicial-para-jose-luis-espert\/\"]}]},{\"@type\":\"ImageObject\",\"inLanguage\":\"es-AR\",\"@id\":\"https:\/\/radioinfinitagoya.com.ar\/v1\/2025\/10\/30\/nuevo-reves-judicial-para-jose-luis-espert\/#primaryimage\",\"url\":\"https:\/\/radioinfinitagoya.com.ar\/v1\/wp-content\/uploads\/2025\/10\/UIR_4-xc.jpg\",\"contentUrl\":\"https:\/\/radioinfinitagoya.com.ar\/v1\/wp-content\/uploads\/2025\/10\/UIR_4-xc.jpg\",\"width\":680,\"height\":383},{\"@type\":\"BreadcrumbList\",\"@id\":\"https:\/\/radioinfinitagoya.com.ar\/v1\/2025\/10\/30\/nuevo-reves-judicial-para-jose-luis-espert\/#breadcrumb\",\"itemListElement\":[{\"@type\":\"ListItem\",\"position\":1,\"name\":\"Inicio\",\"item\":\"https:\/\/radioinfinitagoya.com.ar\/v1\/\"},{\"@type\":\"ListItem\",\"position\":2,\"name\":\"Nuevo rev\u00e9s judicial para Jos\u00e9 Luis Espert\"}]},{\"@type\":\"WebSite\",\"@id\":\"https:\/\/radioinfinitagoya.com.ar\/v1\/#website\",\"url\":\"https:\/\/radioinfinitagoya.com.ar\/v1\/\",\"name\":\"radioinfinitagoya.com.ar\",\"description\":\"Radio de noticias\",\"publisher\":{\"@id\":\"https:\/\/radioinfinitagoya.com.ar\/v1\/#organization\"},\"potentialAction\":[{\"@type\":\"SearchAction\",\"target\":{\"@type\":\"EntryPoint\",\"urlTemplate\":\"https:\/\/radioinfinitagoya.com.ar\/v1\/?s={search_term_string}\"},\"query-input\":{\"@type\":\"PropertyValueSpecification\",\"valueRequired\":true,\"valueName\":\"search_term_string\"}}],\"inLanguage\":\"es-AR\"},{\"@type\":\"Organization\",\"@id\":\"https:\/\/radioinfinitagoya.com.ar\/v1\/#organization\",\"name\":\"Radio Infinita Goya\",\"url\":\"https:\/\/radioinfinitagoya.com.ar\/v1\/\",\"logo\":{\"@type\":\"ImageObject\",\"inLanguage\":\"es-AR\",\"@id\":\"https:\/\/radioinfinitagoya.com.ar\/v1\/#\/schema\/logo\/image\/\",\"url\":\"https:\/\/radioinfinitagoya.com.ar\/v1\/wp-content\/uploads\/2019\/11\/logo-pie-web.png\",\"contentUrl\":\"https:\/\/radioinfinitagoya.com.ar\/v1\/wp-content\/uploads\/2019\/11\/logo-pie-web.png\",\"width\":635,\"height\":326,\"caption\":\"Radio Infinita Goya\"},\"image\":{\"@id\":\"https:\/\/radioinfinitagoya.com.ar\/v1\/#\/schema\/logo\/image\/\"},\"sameAs\":[\"https:\/\/www.facebook.com\/p\/Infinita-Goya-100063870918311\/\"]},{\"@type\":\"Person\",\"@id\":\"https:\/\/radioinfinitagoya.com.ar\/v1\/#\/schema\/person\/d4cf9c413d4f6edb24aabdccab49ca4a\",\"name\":\"Jorge Mi\u00f1o\",\"image\":{\"@type\":\"ImageObject\",\"inLanguage\":\"es-AR\",\"@id\":\"https:\/\/secure.gravatar.com\/avatar\/910fcf6728fe95320e07a6643c1581fec1c7fc4bf8ae12e3d8f0d0373dc844be?s=96&d=mm&r=g\",\"url\":\"https:\/\/secure.gravatar.com\/avatar\/910fcf6728fe95320e07a6643c1581fec1c7fc4bf8ae12e3d8f0d0373dc844be?s=96&d=mm&r=g\",\"contentUrl\":\"https:\/\/secure.gravatar.com\/avatar\/910fcf6728fe95320e07a6643c1581fec1c7fc4bf8ae12e3d8f0d0373dc844be?s=96&d=mm&r=g\",\"caption\":\"Jorge Mi\u00f1o\"},\"sameAs\":[\"http:\/\/radioinfinitagoya.com.ar\"]}]}<\/script>\n<!-- \/ Yoast SEO plugin. -->","yoast_head_json":{"title":"Nuevo rev\u00e9s judicial para Jos\u00e9 Luis Espert - Radio Infinita Goya","description":"Le rechazan la unificaci\u00f3n de causas en Comodoro Py Jos\u00e9 Luis Espert est\u00e1 cada vez complicado en las causas en que es investigado por su estrecho v\u00ednculo","robots":{"index":"index","follow":"follow","max-snippet":"max-snippet:-1","max-image-preview":"max-image-preview:large","max-video-preview":"max-video-preview:-1"},"canonical":"https:\/\/radioinfinitagoya.com.ar\/v1\/2025\/10\/30\/nuevo-reves-judicial-para-jose-luis-espert\/","og_locale":"es_ES","og_type":"article","og_title":"Nuevo rev\u00e9s judicial para Jos\u00e9 Luis Espert - Radio Infinita Goya","og_description":"Le rechazan la unificaci\u00f3n de causas en Comodoro Py Jos\u00e9 Luis Espert est\u00e1 cada vez complicado en las causas en que es investigado por su estrecho v\u00ednculo","og_url":"https:\/\/radioinfinitagoya.com.ar\/v1\/2025\/10\/30\/nuevo-reves-judicial-para-jose-luis-espert\/","og_site_name":"Radio Infinita Goya","article_publisher":"https:\/\/www.facebook.com\/p\/Infinita-Goya-100063870918311\/","article_published_time":"2025-10-30T19:01:08+00:00","og_image":[{"width":680,"height":383,"url":"https:\/\/radioinfinitagoya.com.ar\/v1\/wp-content\/uploads\/2025\/10\/UIR_4-xc.jpg","type":"image\/jpeg"}],"author":"Jorge Mi\u00f1o","twitter_card":"summary_large_image","twitter_misc":{"Escrito por":"Jorge Mi\u00f1o","Tiempo de lectura":"3 minutos"},"schema":{"@context":"https:\/\/schema.org","@graph":[{"@type":"Article","@id":"https:\/\/radioinfinitagoya.com.ar\/v1\/2025\/10\/30\/nuevo-reves-judicial-para-jose-luis-espert\/#article","isPartOf":{"@id":"https:\/\/radioinfinitagoya.com.ar\/v1\/2025\/10\/30\/nuevo-reves-judicial-para-jose-luis-espert\/"},"author":{"name":"Jorge Mi\u00f1o","@id":"https:\/\/radioinfinitagoya.com.ar\/v1\/#\/schema\/person\/d4cf9c413d4f6edb24aabdccab49ca4a"},"headline":"Nuevo rev\u00e9s judicial para Jos\u00e9 Luis Espert","datePublished":"2025-10-30T19:01:08+00:00","mainEntityOfPage":{"@id":"https:\/\/radioinfinitagoya.com.ar\/v1\/2025\/10\/30\/nuevo-reves-judicial-para-jose-luis-espert\/"},"wordCount":530,"publisher":{"@id":"https:\/\/radioinfinitagoya.com.ar\/v1\/#organization"},"image":{"@id":"https:\/\/radioinfinitagoya.com.ar\/v1\/2025\/10\/30\/nuevo-reves-judicial-para-jose-luis-espert\/#primaryimage"},"thumbnailUrl":"https:\/\/radioinfinitagoya.com.ar\/v1\/wp-content\/uploads\/2025\/10\/UIR_4-xc.jpg","articleSection":["NACIONALES"],"inLanguage":"es-AR"},{"@type":"WebPage","@id":"https:\/\/radioinfinitagoya.com.ar\/v1\/2025\/10\/30\/nuevo-reves-judicial-para-jose-luis-espert\/","url":"https:\/\/radioinfinitagoya.com.ar\/v1\/2025\/10\/30\/nuevo-reves-judicial-para-jose-luis-espert\/","name":"Nuevo rev\u00e9s judicial para Jos\u00e9 Luis Espert - Radio Infinita Goya","isPartOf":{"@id":"https:\/\/radioinfinitagoya.com.ar\/v1\/#website"},"primaryImageOfPage":{"@id":"https:\/\/radioinfinitagoya.com.ar\/v1\/2025\/10\/30\/nuevo-reves-judicial-para-jose-luis-espert\/#primaryimage"},"image":{"@id":"https:\/\/radioinfinitagoya.com.ar\/v1\/2025\/10\/30\/nuevo-reves-judicial-para-jose-luis-espert\/#primaryimage"},"thumbnailUrl":"https:\/\/radioinfinitagoya.com.ar\/v1\/wp-content\/uploads\/2025\/10\/UIR_4-xc.jpg","datePublished":"2025-10-30T19:01:08+00:00","description":"Le rechazan la unificaci\u00f3n de causas en Comodoro Py Jos\u00e9 Luis Espert est\u00e1 cada vez complicado en las causas en que es investigado por su estrecho v\u00ednculo","breadcrumb":{"@id":"https:\/\/radioinfinitagoya.com.ar\/v1\/2025\/10\/30\/nuevo-reves-judicial-para-jose-luis-espert\/#breadcrumb"},"inLanguage":"es-AR","potentialAction":[{"@type":"ReadAction","target":["https:\/\/radioinfinitagoya.com.ar\/v1\/2025\/10\/30\/nuevo-reves-judicial-para-jose-luis-espert\/"]}]},{"@type":"ImageObject","inLanguage":"es-AR","@id":"https:\/\/radioinfinitagoya.com.ar\/v1\/2025\/10\/30\/nuevo-reves-judicial-para-jose-luis-espert\/#primaryimage","url":"https:\/\/radioinfinitagoya.com.ar\/v1\/wp-content\/uploads\/2025\/10\/UIR_4-xc.jpg","contentUrl":"https:\/\/radioinfinitagoya.com.ar\/v1\/wp-content\/uploads\/2025\/10\/UIR_4-xc.jpg","width":680,"height":383},{"@type":"BreadcrumbList","@id":"https:\/\/radioinfinitagoya.com.ar\/v1\/2025\/10\/30\/nuevo-reves-judicial-para-jose-luis-espert\/#breadcrumb","itemListElement":[{"@type":"ListItem","position":1,"name":"Inicio","item":"https:\/\/radioinfinitagoya.com.ar\/v1\/"},{"@type":"ListItem","position":2,"name":"Nuevo rev\u00e9s judicial para Jos\u00e9 Luis Espert"}]},{"@type":"WebSite","@id":"https:\/\/radioinfinitagoya.com.ar\/v1\/#website","url":"https:\/\/radioinfinitagoya.com.ar\/v1\/","name":"radioinfinitagoya.com.ar","description":"Radio de noticias","publisher":{"@id":"https:\/\/radioinfinitagoya.com.ar\/v1\/#organization"},"potentialAction":[{"@type":"SearchAction","target":{"@type":"EntryPoint","urlTemplate":"https:\/\/radioinfinitagoya.com.ar\/v1\/?s={search_term_string}"},"query-input":{"@type":"PropertyValueSpecification","valueRequired":true,"valueName":"search_term_string"}}],"inLanguage":"es-AR"},{"@type":"Organization","@id":"https:\/\/radioinfinitagoya.com.ar\/v1\/#organization","name":"Radio Infinita Goya","url":"https:\/\/radioinfinitagoya.com.ar\/v1\/","logo":{"@type":"ImageObject","inLanguage":"es-AR","@id":"https:\/\/radioinfinitagoya.com.ar\/v1\/#\/schema\/logo\/image\/","url":"https:\/\/radioinfinitagoya.com.ar\/v1\/wp-content\/uploads\/2019\/11\/logo-pie-web.png","contentUrl":"https:\/\/radioinfinitagoya.com.ar\/v1\/wp-content\/uploads\/2019\/11\/logo-pie-web.png","width":635,"height":326,"caption":"Radio Infinita Goya"},"image":{"@id":"https:\/\/radioinfinitagoya.com.ar\/v1\/#\/schema\/logo\/image\/"},"sameAs":["https:\/\/www.facebook.com\/p\/Infinita-Goya-100063870918311\/"]},{"@type":"Person","@id":"https:\/\/radioinfinitagoya.com.ar\/v1\/#\/schema\/person\/d4cf9c413d4f6edb24aabdccab49ca4a","name":"Jorge Mi\u00f1o","image":{"@type":"ImageObject","inLanguage":"es-AR","@id":"https:\/\/secure.gravatar.com\/avatar\/910fcf6728fe95320e07a6643c1581fec1c7fc4bf8ae12e3d8f0d0373dc844be?s=96&d=mm&r=g","url":"https:\/\/secure.gravatar.com\/avatar\/910fcf6728fe95320e07a6643c1581fec1c7fc4bf8ae12e3d8f0d0373dc844be?s=96&d=mm&r=g","contentUrl":"https:\/\/secure.gravatar.com\/avatar\/910fcf6728fe95320e07a6643c1581fec1c7fc4bf8ae12e3d8f0d0373dc844be?s=96&d=mm&r=g","caption":"Jorge Mi\u00f1o"},"sameAs":["http:\/\/radioinfinitagoya.com.ar"]}]}},"_links":{"self":[{"href":"https:\/\/radioinfinitagoya.com.ar\/v1\/wp-json\/wp\/v2\/posts\/198465","targetHints":{"allow":["GET"]}}],"collection":[{"href":"https:\/\/radioinfinitagoya.com.ar\/v1\/wp-json\/wp\/v2\/posts"}],"about":[{"href":"https:\/\/radioinfinitagoya.com.ar\/v1\/wp-json\/wp\/v2\/types\/post"}],"author":[{"embeddable":true,"href":"https:\/\/radioinfinitagoya.com.ar\/v1\/wp-json\/wp\/v2\/users\/4"}],"replies":[{"embeddable":true,"href":"https:\/\/radioinfinitagoya.com.ar\/v1\/wp-json\/wp\/v2\/comments?post=198465"}],"version-history":[{"count":0,"href":"https:\/\/radioinfinitagoya.com.ar\/v1\/wp-json\/wp\/v2\/posts\/198465\/revisions"}],"wp:featuredmedia":[{"embeddable":true,"href":"https:\/\/radioinfinitagoya.com.ar\/v1\/wp-json\/wp\/v2\/media\/198466"}],"wp:attachment":[{"href":"https:\/\/radioinfinitagoya.com.ar\/v1\/wp-json\/wp\/v2\/media?parent=198465"}],"wp:term":[{"taxonomy":"category","embeddable":true,"href":"https:\/\/radioinfinitagoya.com.ar\/v1\/wp-json\/wp\/v2\/categories?post=198465"},{"taxonomy":"post_tag","embeddable":true,"href":"https:\/\/radioinfinitagoya.com.ar\/v1\/wp-json\/wp\/v2\/tags?post=198465"}],"curies":[{"name":"wp","href":"https:\/\/api.w.org\/{rel}","templated":true}]}}