{"id":198468,"date":"2025-10-30T16:03:48","date_gmt":"2025-10-30T19:03:48","guid":{"rendered":"https:\/\/radioinfinitagoya.com.ar\/v1\/?p=198468"},"modified":"2025-10-30T16:03:48","modified_gmt":"2025-10-30T19:03:48","slug":"flavio-briatore-ya-tomo-una-decision-sobre-el-futuro-de-colapinto-en-la-formula-1","status":"publish","type":"post","link":"https:\/\/radioinfinitagoya.com.ar\/v1\/2025\/10\/30\/flavio-briatore-ya-tomo-una-decision-sobre-el-futuro-de-colapinto-en-la-formula-1\/","title":{"rendered":"Flavio Briatore ya tom\u00f3 una decisi\u00f3n sobre el futuro de Colapinto en la F\u00f3rmula 1"},"content":{"rendered":"<p>Los sitios especializados en la m\u00e1xima categor\u00eda del automovilismo aseguran que el director ejecutivo de Alpine se inclin\u00f3 por la renovaci\u00f3n del piloto argentino tras una evaluaci\u00f3n interna con su equipo de ingenieros. La pr\u00e1ctica libre 1 de M\u00e9xico habr\u00eda sido crucial en su resoluci\u00f3n.<\/p>\n<p>El reloj pasa y la incertidumbre que rodea a Franco Colapinto acerca de su renovaci\u00f3n con Alpine parece que va tomando color. Con el paso de los d\u00edas y, de cara al Gran Premio de Brasil, el m\u00e1s cercano a la Argentina, crecen los rumores de la continuidad del argentino en la F\u00f3rmula 1.<\/p>\n<p>&#8220;Flavio Briatore finalmente tom\u00f3 su decisi\u00f3n. Franco Colapinto fue confirmado y permanecer\u00e1 en Alpine en 2026. Se espera que el anuncio se produzca en torno al pr\u00f3ximo Gran Premio, en Brasil&#8221;, adelant\u00f3 el sitio especializado en F1 \u2018AutoRacer\u2019.<\/p>\n<p>Y destac\u00f3 en su art\u00edculo sobre Colapinto: &#8220;El equipo siempre apoy\u00f3 al piloto argentino, a pesar de las dificultades iniciales. Sin embargo, los ingenieros y el propio Briatore vieron una evoluci\u00f3n en \u00e9l, como demuestran sus recientes buenos resultados&#8221;.<\/p>\n<p>En sinton\u00eda con este rumor que fue tomando fuerza en los \u00faltimos d\u00edas, la p\u00e1gina \u2018Racing News 365\u2032 remarc\u00f3 que &#8220;el joven de 22 a\u00f1os volver\u00e1 a ser compa\u00f1ero de Pierre Gasly en el equipo franc\u00e9s de F1, aunque no est\u00e1 claro cu\u00e1ntos a\u00f1os durar\u00e1 el nuevo contrato&#8221;<\/p>\n<p>No obstante, \u2018AutoRacer\u2019 subray\u00f3 que la evaluaci\u00f3n interna liderada por Briatore y el equipo de ingenieros se inclin\u00f3 por la renovaci\u00f3n de Colapinto, quien mostr\u00f3 una tenaz evoluci\u00f3n a lo largo de la temporada, superando algunos registros de su compa\u00f1ero franc\u00e9s.<\/p>\n<p>Adem\u00e1s, los recientes resultados positivos que logr\u00f3 Franco en la pr\u00e1ctica libre 1 del Gran Premio de M\u00e9xico, donde se midi\u00f3 &#8220;mano a mano&#8221; ante Paul Aron (piloto de reserva) y termin\u00f3 9\u00b0 en los registros del primer d\u00eda, reforzaron la confianza en el oriundo de Pilar.<\/p>\n<p>&nbsp;<\/p>\n<p>&nbsp;<\/p>\n","protected":false},"excerpt":{"rendered":"<p>Los sitios especializados en la m\u00e1xima categor\u00eda del automovilismo aseguran que el director ejecutivo de Alpine se inclin\u00f3 por la renovaci\u00f3n del piloto argentino tras una evaluaci\u00f3n interna con su equipo de ingenieros. La pr\u00e1ctica libre 1 de M\u00e9xico habr\u00eda sido crucial en su resoluci\u00f3n. El reloj pasa y la incertidumbre que rodea a Franco [&hellip;]<\/p>\n","protected":false},"author":4,"featured_media":198469,"comment_status":"closed","ping_status":"closed","sticky":false,"template":"","format":"standard","meta":{"_joinchat":[],"footnotes":""},"categories":[28],"tags":[],"class_list":{"0":"post-198468","1":"post","2":"type-post","3":"status-publish","4":"format-standard","5":"has-post-thumbnail","7":"category-deportes"},"yoast_head":"<!-- This site is optimized with the Yoast SEO plugin v27.2 - https:\/\/yoast.com\/product\/yoast-seo-wordpress\/ -->\n<title>Flavio Briatore ya tom\u00f3 una decisi\u00f3n sobre el futuro de Colapinto en la F\u00f3rmula 1 - Radio Infinita Goya<\/title>\n<meta name=\"description\" content=\"Los sitios especializados en la m\u00e1xima categor\u00eda del automovilismo aseguran que el director ejecutivo de Alpine se inclin\u00f3 por la renovaci\u00f3n del piloto\" \/>\n<meta name=\"robots\" content=\"index, follow, max-snippet:-1, max-image-preview:large, max-video-preview:-1\" \/>\n<link rel=\"canonical\" href=\"https:\/\/radioinfinitagoya.com.ar\/v1\/2025\/10\/30\/flavio-briatore-ya-tomo-una-decision-sobre-el-futuro-de-colapinto-en-la-formula-1\/\" \/>\n<meta property=\"og:locale\" content=\"es_ES\" \/>\n<meta property=\"og:type\" content=\"article\" \/>\n<meta property=\"og:title\" content=\"Flavio Briatore ya tom\u00f3 una decisi\u00f3n sobre el futuro de Colapinto en la F\u00f3rmula 1 - Radio Infinita Goya\" \/>\n<meta property=\"og:description\" content=\"Los sitios especializados en la m\u00e1xima categor\u00eda del automovilismo aseguran que el director ejecutivo de Alpine se inclin\u00f3 por la renovaci\u00f3n del piloto\" \/>\n<meta property=\"og:url\" content=\"https:\/\/radioinfinitagoya.com.ar\/v1\/2025\/10\/30\/flavio-briatore-ya-tomo-una-decision-sobre-el-futuro-de-colapinto-en-la-formula-1\/\" \/>\n<meta property=\"og:site_name\" content=\"Radio Infinita Goya\" \/>\n<meta property=\"article:publisher\" content=\"https:\/\/www.facebook.com\/p\/Infinita-Goya-100063870918311\/\" \/>\n<meta property=\"article:published_time\" content=\"2025-10-30T19:03:48+00:00\" \/>\n<meta property=\"og:image\" content=\"https:\/\/radioinfinitagoya.com.ar\/v1\/wp-content\/uploads\/2025\/10\/274141w850h567c.jpg.webp\" \/>\n\t<meta property=\"og:image:width\" content=\"850\" \/>\n\t<meta property=\"og:image:height\" content=\"567\" \/>\n\t<meta property=\"og:image:type\" content=\"image\/webp\" \/>\n<meta name=\"author\" content=\"Jorge Mi\u00f1o\" \/>\n<meta name=\"twitter:card\" content=\"summary_large_image\" \/>\n<meta name=\"twitter:label1\" content=\"Escrito por\" \/>\n\t<meta name=\"twitter:data1\" content=\"Jorge Mi\u00f1o\" \/>\n\t<meta name=\"twitter:label2\" content=\"Tiempo de lectura\" \/>\n\t<meta name=\"twitter:data2\" content=\"2 minutos\" \/>\n<script type=\"application\/ld+json\" class=\"yoast-schema-graph\">{\"@context\":\"https:\/\/schema.org\",\"@graph\":[{\"@type\":\"Article\",\"@id\":\"https:\/\/radioinfinitagoya.com.ar\/v1\/2025\/10\/30\/flavio-briatore-ya-tomo-una-decision-sobre-el-futuro-de-colapinto-en-la-formula-1\/#article\",\"isPartOf\":{\"@id\":\"https:\/\/radioinfinitagoya.com.ar\/v1\/2025\/10\/30\/flavio-briatore-ya-tomo-una-decision-sobre-el-futuro-de-colapinto-en-la-formula-1\/\"},\"author\":{\"name\":\"Jorge Mi\u00f1o\",\"@id\":\"https:\/\/radioinfinitagoya.com.ar\/v1\/#\/schema\/person\/d4cf9c413d4f6edb24aabdccab49ca4a\"},\"headline\":\"Flavio Briatore ya tom\u00f3 una decisi\u00f3n sobre el futuro de Colapinto en la F\u00f3rmula 1\",\"datePublished\":\"2025-10-30T19:03:48+00:00\",\"mainEntityOfPage\":{\"@id\":\"https:\/\/radioinfinitagoya.com.ar\/v1\/2025\/10\/30\/flavio-briatore-ya-tomo-una-decision-sobre-el-futuro-de-colapinto-en-la-formula-1\/\"},\"wordCount\":356,\"publisher\":{\"@id\":\"https:\/\/radioinfinitagoya.com.ar\/v1\/#organization\"},\"image\":{\"@id\":\"https:\/\/radioinfinitagoya.com.ar\/v1\/2025\/10\/30\/flavio-briatore-ya-tomo-una-decision-sobre-el-futuro-de-colapinto-en-la-formula-1\/#primaryimage\"},\"thumbnailUrl\":\"https:\/\/radioinfinitagoya.com.ar\/v1\/wp-content\/uploads\/2025\/10\/274141w850h567c.jpg.webp\",\"articleSection\":[\"DEPORTES\"],\"inLanguage\":\"es-AR\"},{\"@type\":\"WebPage\",\"@id\":\"https:\/\/radioinfinitagoya.com.ar\/v1\/2025\/10\/30\/flavio-briatore-ya-tomo-una-decision-sobre-el-futuro-de-colapinto-en-la-formula-1\/\",\"url\":\"https:\/\/radioinfinitagoya.com.ar\/v1\/2025\/10\/30\/flavio-briatore-ya-tomo-una-decision-sobre-el-futuro-de-colapinto-en-la-formula-1\/\",\"name\":\"Flavio Briatore ya tom\u00f3 una decisi\u00f3n sobre el futuro de Colapinto en la F\u00f3rmula 1 - Radio Infinita Goya\",\"isPartOf\":{\"@id\":\"https:\/\/radioinfinitagoya.com.ar\/v1\/#website\"},\"primaryImageOfPage\":{\"@id\":\"https:\/\/radioinfinitagoya.com.ar\/v1\/2025\/10\/30\/flavio-briatore-ya-tomo-una-decision-sobre-el-futuro-de-colapinto-en-la-formula-1\/#primaryimage\"},\"image\":{\"@id\":\"https:\/\/radioinfinitagoya.com.ar\/v1\/2025\/10\/30\/flavio-briatore-ya-tomo-una-decision-sobre-el-futuro-de-colapinto-en-la-formula-1\/#primaryimage\"},\"thumbnailUrl\":\"https:\/\/radioinfinitagoya.com.ar\/v1\/wp-content\/uploads\/2025\/10\/274141w850h567c.jpg.webp\",\"datePublished\":\"2025-10-30T19:03:48+00:00\",\"description\":\"Los sitios especializados en la m\u00e1xima categor\u00eda del automovilismo aseguran que el director ejecutivo de Alpine se inclin\u00f3 por la renovaci\u00f3n del piloto\",\"breadcrumb\":{\"@id\":\"https:\/\/radioinfinitagoya.com.ar\/v1\/2025\/10\/30\/flavio-briatore-ya-tomo-una-decision-sobre-el-futuro-de-colapinto-en-la-formula-1\/#breadcrumb\"},\"inLanguage\":\"es-AR\",\"potentialAction\":[{\"@type\":\"ReadAction\",\"target\":[\"https:\/\/radioinfinitagoya.com.ar\/v1\/2025\/10\/30\/flavio-briatore-ya-tomo-una-decision-sobre-el-futuro-de-colapinto-en-la-formula-1\/\"]}]},{\"@type\":\"ImageObject\",\"inLanguage\":\"es-AR\",\"@id\":\"https:\/\/radioinfinitagoya.com.ar\/v1\/2025\/10\/30\/flavio-briatore-ya-tomo-una-decision-sobre-el-futuro-de-colapinto-en-la-formula-1\/#primaryimage\",\"url\":\"https:\/\/radioinfinitagoya.com.ar\/v1\/wp-content\/uploads\/2025\/10\/274141w850h567c.jpg.webp\",\"contentUrl\":\"https:\/\/radioinfinitagoya.com.ar\/v1\/wp-content\/uploads\/2025\/10\/274141w850h567c.jpg.webp\",\"width\":850,\"height\":567},{\"@type\":\"BreadcrumbList\",\"@id\":\"https:\/\/radioinfinitagoya.com.ar\/v1\/2025\/10\/30\/flavio-briatore-ya-tomo-una-decision-sobre-el-futuro-de-colapinto-en-la-formula-1\/#breadcrumb\",\"itemListElement\":[{\"@type\":\"ListItem\",\"position\":1,\"name\":\"Inicio\",\"item\":\"https:\/\/radioinfinitagoya.com.ar\/v1\/\"},{\"@type\":\"ListItem\",\"position\":2,\"name\":\"Flavio Briatore ya tom\u00f3 una decisi\u00f3n sobre el futuro de Colapinto en la F\u00f3rmula 1\"}]},{\"@type\":\"WebSite\",\"@id\":\"https:\/\/radioinfinitagoya.com.ar\/v1\/#website\",\"url\":\"https:\/\/radioinfinitagoya.com.ar\/v1\/\",\"name\":\"radioinfinitagoya.com.ar\",\"description\":\"Radio de noticias\",\"publisher\":{\"@id\":\"https:\/\/radioinfinitagoya.com.ar\/v1\/#organization\"},\"potentialAction\":[{\"@type\":\"SearchAction\",\"target\":{\"@type\":\"EntryPoint\",\"urlTemplate\":\"https:\/\/radioinfinitagoya.com.ar\/v1\/?s={search_term_string}\"},\"query-input\":{\"@type\":\"PropertyValueSpecification\",\"valueRequired\":true,\"valueName\":\"search_term_string\"}}],\"inLanguage\":\"es-AR\"},{\"@type\":\"Organization\",\"@id\":\"https:\/\/radioinfinitagoya.com.ar\/v1\/#organization\",\"name\":\"Radio Infinita Goya\",\"url\":\"https:\/\/radioinfinitagoya.com.ar\/v1\/\",\"logo\":{\"@type\":\"ImageObject\",\"inLanguage\":\"es-AR\",\"@id\":\"https:\/\/radioinfinitagoya.com.ar\/v1\/#\/schema\/logo\/image\/\",\"url\":\"https:\/\/radioinfinitagoya.com.ar\/v1\/wp-content\/uploads\/2019\/11\/logo-pie-web.png\",\"contentUrl\":\"https:\/\/radioinfinitagoya.com.ar\/v1\/wp-content\/uploads\/2019\/11\/logo-pie-web.png\",\"width\":635,\"height\":326,\"caption\":\"Radio Infinita Goya\"},\"image\":{\"@id\":\"https:\/\/radioinfinitagoya.com.ar\/v1\/#\/schema\/logo\/image\/\"},\"sameAs\":[\"https:\/\/www.facebook.com\/p\/Infinita-Goya-100063870918311\/\"]},{\"@type\":\"Person\",\"@id\":\"https:\/\/radioinfinitagoya.com.ar\/v1\/#\/schema\/person\/d4cf9c413d4f6edb24aabdccab49ca4a\",\"name\":\"Jorge Mi\u00f1o\",\"image\":{\"@type\":\"ImageObject\",\"inLanguage\":\"es-AR\",\"@id\":\"https:\/\/secure.gravatar.com\/avatar\/910fcf6728fe95320e07a6643c1581fec1c7fc4bf8ae12e3d8f0d0373dc844be?s=96&d=mm&r=g\",\"url\":\"https:\/\/secure.gravatar.com\/avatar\/910fcf6728fe95320e07a6643c1581fec1c7fc4bf8ae12e3d8f0d0373dc844be?s=96&d=mm&r=g\",\"contentUrl\":\"https:\/\/secure.gravatar.com\/avatar\/910fcf6728fe95320e07a6643c1581fec1c7fc4bf8ae12e3d8f0d0373dc844be?s=96&d=mm&r=g\",\"caption\":\"Jorge Mi\u00f1o\"},\"sameAs\":[\"http:\/\/radioinfinitagoya.com.ar\"]}]}<\/script>\n<!-- \/ Yoast SEO plugin. -->","yoast_head_json":{"title":"Flavio Briatore ya tom\u00f3 una decisi\u00f3n sobre el futuro de Colapinto en la F\u00f3rmula 1 - Radio Infinita Goya","description":"Los sitios especializados en la m\u00e1xima categor\u00eda del automovilismo aseguran que el director ejecutivo de Alpine se inclin\u00f3 por la renovaci\u00f3n del piloto","robots":{"index":"index","follow":"follow","max-snippet":"max-snippet:-1","max-image-preview":"max-image-preview:large","max-video-preview":"max-video-preview:-1"},"canonical":"https:\/\/radioinfinitagoya.com.ar\/v1\/2025\/10\/30\/flavio-briatore-ya-tomo-una-decision-sobre-el-futuro-de-colapinto-en-la-formula-1\/","og_locale":"es_ES","og_type":"article","og_title":"Flavio Briatore ya tom\u00f3 una decisi\u00f3n sobre el futuro de Colapinto en la F\u00f3rmula 1 - Radio Infinita Goya","og_description":"Los sitios especializados en la m\u00e1xima categor\u00eda del automovilismo aseguran que el director ejecutivo de Alpine se inclin\u00f3 por la renovaci\u00f3n del piloto","og_url":"https:\/\/radioinfinitagoya.com.ar\/v1\/2025\/10\/30\/flavio-briatore-ya-tomo-una-decision-sobre-el-futuro-de-colapinto-en-la-formula-1\/","og_site_name":"Radio Infinita Goya","article_publisher":"https:\/\/www.facebook.com\/p\/Infinita-Goya-100063870918311\/","article_published_time":"2025-10-30T19:03:48+00:00","og_image":[{"width":850,"height":567,"url":"https:\/\/radioinfinitagoya.com.ar\/v1\/wp-content\/uploads\/2025\/10\/274141w850h567c.jpg.webp","type":"image\/webp"}],"author":"Jorge Mi\u00f1o","twitter_card":"summary_large_image","twitter_misc":{"Escrito por":"Jorge Mi\u00f1o","Tiempo de lectura":"2 minutos"},"schema":{"@context":"https:\/\/schema.org","@graph":[{"@type":"Article","@id":"https:\/\/radioinfinitagoya.com.ar\/v1\/2025\/10\/30\/flavio-briatore-ya-tomo-una-decision-sobre-el-futuro-de-colapinto-en-la-formula-1\/#article","isPartOf":{"@id":"https:\/\/radioinfinitagoya.com.ar\/v1\/2025\/10\/30\/flavio-briatore-ya-tomo-una-decision-sobre-el-futuro-de-colapinto-en-la-formula-1\/"},"author":{"name":"Jorge Mi\u00f1o","@id":"https:\/\/radioinfinitagoya.com.ar\/v1\/#\/schema\/person\/d4cf9c413d4f6edb24aabdccab49ca4a"},"headline":"Flavio Briatore ya tom\u00f3 una decisi\u00f3n sobre el futuro de Colapinto en la F\u00f3rmula 1","datePublished":"2025-10-30T19:03:48+00:00","mainEntityOfPage":{"@id":"https:\/\/radioinfinitagoya.com.ar\/v1\/2025\/10\/30\/flavio-briatore-ya-tomo-una-decision-sobre-el-futuro-de-colapinto-en-la-formula-1\/"},"wordCount":356,"publisher":{"@id":"https:\/\/radioinfinitagoya.com.ar\/v1\/#organization"},"image":{"@id":"https:\/\/radioinfinitagoya.com.ar\/v1\/2025\/10\/30\/flavio-briatore-ya-tomo-una-decision-sobre-el-futuro-de-colapinto-en-la-formula-1\/#primaryimage"},"thumbnailUrl":"https:\/\/radioinfinitagoya.com.ar\/v1\/wp-content\/uploads\/2025\/10\/274141w850h567c.jpg.webp","articleSection":["DEPORTES"],"inLanguage":"es-AR"},{"@type":"WebPage","@id":"https:\/\/radioinfinitagoya.com.ar\/v1\/2025\/10\/30\/flavio-briatore-ya-tomo-una-decision-sobre-el-futuro-de-colapinto-en-la-formula-1\/","url":"https:\/\/radioinfinitagoya.com.ar\/v1\/2025\/10\/30\/flavio-briatore-ya-tomo-una-decision-sobre-el-futuro-de-colapinto-en-la-formula-1\/","name":"Flavio Briatore ya tom\u00f3 una decisi\u00f3n sobre el futuro de Colapinto en la F\u00f3rmula 1 - Radio Infinita Goya","isPartOf":{"@id":"https:\/\/radioinfinitagoya.com.ar\/v1\/#website"},"primaryImageOfPage":{"@id":"https:\/\/radioinfinitagoya.com.ar\/v1\/2025\/10\/30\/flavio-briatore-ya-tomo-una-decision-sobre-el-futuro-de-colapinto-en-la-formula-1\/#primaryimage"},"image":{"@id":"https:\/\/radioinfinitagoya.com.ar\/v1\/2025\/10\/30\/flavio-briatore-ya-tomo-una-decision-sobre-el-futuro-de-colapinto-en-la-formula-1\/#primaryimage"},"thumbnailUrl":"https:\/\/radioinfinitagoya.com.ar\/v1\/wp-content\/uploads\/2025\/10\/274141w850h567c.jpg.webp","datePublished":"2025-10-30T19:03:48+00:00","description":"Los sitios especializados en la m\u00e1xima categor\u00eda del automovilismo aseguran que el director ejecutivo de Alpine se inclin\u00f3 por la renovaci\u00f3n del piloto","breadcrumb":{"@id":"https:\/\/radioinfinitagoya.com.ar\/v1\/2025\/10\/30\/flavio-briatore-ya-tomo-una-decision-sobre-el-futuro-de-colapinto-en-la-formula-1\/#breadcrumb"},"inLanguage":"es-AR","potentialAction":[{"@type":"ReadAction","target":["https:\/\/radioinfinitagoya.com.ar\/v1\/2025\/10\/30\/flavio-briatore-ya-tomo-una-decision-sobre-el-futuro-de-colapinto-en-la-formula-1\/"]}]},{"@type":"ImageObject","inLanguage":"es-AR","@id":"https:\/\/radioinfinitagoya.com.ar\/v1\/2025\/10\/30\/flavio-briatore-ya-tomo-una-decision-sobre-el-futuro-de-colapinto-en-la-formula-1\/#primaryimage","url":"https:\/\/radioinfinitagoya.com.ar\/v1\/wp-content\/uploads\/2025\/10\/274141w850h567c.jpg.webp","contentUrl":"https:\/\/radioinfinitagoya.com.ar\/v1\/wp-content\/uploads\/2025\/10\/274141w850h567c.jpg.webp","width":850,"height":567},{"@type":"BreadcrumbList","@id":"https:\/\/radioinfinitagoya.com.ar\/v1\/2025\/10\/30\/flavio-briatore-ya-tomo-una-decision-sobre-el-futuro-de-colapinto-en-la-formula-1\/#breadcrumb","itemListElement":[{"@type":"ListItem","position":1,"name":"Inicio","item":"https:\/\/radioinfinitagoya.com.ar\/v1\/"},{"@type":"ListItem","position":2,"name":"Flavio Briatore ya tom\u00f3 una decisi\u00f3n sobre el futuro de Colapinto en la F\u00f3rmula 1"}]},{"@type":"WebSite","@id":"https:\/\/radioinfinitagoya.com.ar\/v1\/#website","url":"https:\/\/radioinfinitagoya.com.ar\/v1\/","name":"radioinfinitagoya.com.ar","description":"Radio de noticias","publisher":{"@id":"https:\/\/radioinfinitagoya.com.ar\/v1\/#organization"},"potentialAction":[{"@type":"SearchAction","target":{"@type":"EntryPoint","urlTemplate":"https:\/\/radioinfinitagoya.com.ar\/v1\/?s={search_term_string}"},"query-input":{"@type":"PropertyValueSpecification","valueRequired":true,"valueName":"search_term_string"}}],"inLanguage":"es-AR"},{"@type":"Organization","@id":"https:\/\/radioinfinitagoya.com.ar\/v1\/#organization","name":"Radio Infinita Goya","url":"https:\/\/radioinfinitagoya.com.ar\/v1\/","logo":{"@type":"ImageObject","inLanguage":"es-AR","@id":"https:\/\/radioinfinitagoya.com.ar\/v1\/#\/schema\/logo\/image\/","url":"https:\/\/radioinfinitagoya.com.ar\/v1\/wp-content\/uploads\/2019\/11\/logo-pie-web.png","contentUrl":"https:\/\/radioinfinitagoya.com.ar\/v1\/wp-content\/uploads\/2019\/11\/logo-pie-web.png","width":635,"height":326,"caption":"Radio Infinita Goya"},"image":{"@id":"https:\/\/radioinfinitagoya.com.ar\/v1\/#\/schema\/logo\/image\/"},"sameAs":["https:\/\/www.facebook.com\/p\/Infinita-Goya-100063870918311\/"]},{"@type":"Person","@id":"https:\/\/radioinfinitagoya.com.ar\/v1\/#\/schema\/person\/d4cf9c413d4f6edb24aabdccab49ca4a","name":"Jorge Mi\u00f1o","image":{"@type":"ImageObject","inLanguage":"es-AR","@id":"https:\/\/secure.gravatar.com\/avatar\/910fcf6728fe95320e07a6643c1581fec1c7fc4bf8ae12e3d8f0d0373dc844be?s=96&d=mm&r=g","url":"https:\/\/secure.gravatar.com\/avatar\/910fcf6728fe95320e07a6643c1581fec1c7fc4bf8ae12e3d8f0d0373dc844be?s=96&d=mm&r=g","contentUrl":"https:\/\/secure.gravatar.com\/avatar\/910fcf6728fe95320e07a6643c1581fec1c7fc4bf8ae12e3d8f0d0373dc844be?s=96&d=mm&r=g","caption":"Jorge Mi\u00f1o"},"sameAs":["http:\/\/radioinfinitagoya.com.ar"]}]}},"_links":{"self":[{"href":"https:\/\/radioinfinitagoya.com.ar\/v1\/wp-json\/wp\/v2\/posts\/198468","targetHints":{"allow":["GET"]}}],"collection":[{"href":"https:\/\/radioinfinitagoya.com.ar\/v1\/wp-json\/wp\/v2\/posts"}],"about":[{"href":"https:\/\/radioinfinitagoya.com.ar\/v1\/wp-json\/wp\/v2\/types\/post"}],"author":[{"embeddable":true,"href":"https:\/\/radioinfinitagoya.com.ar\/v1\/wp-json\/wp\/v2\/users\/4"}],"replies":[{"embeddable":true,"href":"https:\/\/radioinfinitagoya.com.ar\/v1\/wp-json\/wp\/v2\/comments?post=198468"}],"version-history":[{"count":0,"href":"https:\/\/radioinfinitagoya.com.ar\/v1\/wp-json\/wp\/v2\/posts\/198468\/revisions"}],"wp:featuredmedia":[{"embeddable":true,"href":"https:\/\/radioinfinitagoya.com.ar\/v1\/wp-json\/wp\/v2\/media\/198469"}],"wp:attachment":[{"href":"https:\/\/radioinfinitagoya.com.ar\/v1\/wp-json\/wp\/v2\/media?parent=198468"}],"wp:term":[{"taxonomy":"category","embeddable":true,"href":"https:\/\/radioinfinitagoya.com.ar\/v1\/wp-json\/wp\/v2\/categories?post=198468"},{"taxonomy":"post_tag","embeddable":true,"href":"https:\/\/radioinfinitagoya.com.ar\/v1\/wp-json\/wp\/v2\/tags?post=198468"}],"curies":[{"name":"wp","href":"https:\/\/api.w.org\/{rel}","templated":true}]}}