{"id":198474,"date":"2025-10-30T16:09:50","date_gmt":"2025-10-30T19:09:50","guid":{"rendered":"https:\/\/radioinfinitagoya.com.ar\/v1\/?p=198474"},"modified":"2025-10-30T16:09:50","modified_gmt":"2025-10-30T19:09:50","slug":"la-batalla-del-puente-tiene-su-16o-edicion-en-el-club-cordoba","status":"publish","type":"post","link":"https:\/\/radioinfinitagoya.com.ar\/v1\/2025\/10\/30\/la-batalla-del-puente-tiene-su-16o-edicion-en-el-club-cordoba\/","title":{"rendered":"La &#8220;Batalla del Puente&#8221; tiene su 16\u00ba edici\u00f3n en el Club C\u00f3rdoba"},"content":{"rendered":"<p>La decimosexta edici\u00f3n de la denominada &#8220;Batalla del Puente&#8221; anticipa una propuesta para revalidar t\u00edtulos y confirmar el momento de varios luchadores destacados del pa\u00eds. Este s\u00e1bado 1 de noviembre, en el Club C\u00f3rdoba el espect\u00e1culo deportivo comenzar\u00e1 a las 20 hs y se reeditar\u00e1 uno de los eventos de artes marciales mixtas de mayor crecimiento y nivel en esta parte del pa\u00eds.<\/p>\n<p>En la pelea central de la noche se presentar\u00e1 el correntino, &#8220;Juanjo&#8221; Iba\u00f1ez que enfrentar\u00e1 al santafecino Jes\u00fas &#8220;Mapache&#8221; Ru. El pugilista oriundo de Corrientes defender\u00e1 el cintur\u00f3n de la franquicia. Es de destacar que el luchador local tuvo compromisos internacionales en los \u00faltimos meses, consiguiendo buenos resultados y gan\u00e1ndose un lugar de privilegio entre los valores de la regi\u00f3n.<\/p>\n<p>En tanto en una de las peleas de semifondo Pablo &#8220;El ni\u00f1o&#8221; Flores tendr\u00e1 como rival en la jaula a El\u00edas Ru, santafecino y hermano de Jes\u00fas que combatir\u00e1 en la pelea central. De esta manera se consolida el espect\u00e1culo con exponentes nacionales destacados de las artes marciales. Este t\u00edtulo de la franquicia esta vacante. En otro preliminar sobresaliente, Valeria &#8220;Foxi&#8221; Iba\u00f1ez tambi\u00e9n pondr\u00e1 en juego su cintur\u00f3n, esta vez ante Katherine &#8220;La 22&#8221; Mansilla. La velada en el m\u00edtico club C\u00f3rdoba anuncia la realizaci\u00f3n de 15 combates en todas las categor\u00edas, entre ellas MMA profesional y semi profesional, destacadas peleas de Kickboxing semi pro y MMA amateurs.<\/p>\n<p>Con respecto a los lugares donde se pueden adquirir las entradas en Corrientes son Yvy Club (Alta Gracia 2332), Dojo Guerreros (Avenida Ayacucho 2049), Hexagom Gym (Maip\u00fa 1348 y Gobernador Ruiz 2589), Aire Libre (Teniente Iba\u00f1ez 1602), Barber\u00eda Brutus (Gdor Ruiz 2395), Riki Repuestos (Centenario 4478). En Resistencia se pueden adquirir en MMA Lab (Alice Le Sarge 636), Alma de Chip\u00e1 (9 de Julio 209) y Figther (Ameghino 45-Local 21).<\/p>\n<p>&nbsp;<\/p>\n<p>&nbsp;<\/p>\n","protected":false},"excerpt":{"rendered":"<p>La decimosexta edici\u00f3n de la denominada &#8220;Batalla del Puente&#8221; anticipa una propuesta para revalidar t\u00edtulos y confirmar el momento de varios luchadores destacados del pa\u00eds. Este s\u00e1bado 1 de noviembre, en el Club C\u00f3rdoba el espect\u00e1culo deportivo comenzar\u00e1 a las 20 hs y se reeditar\u00e1 uno de los eventos de artes marciales mixtas de mayor [&hellip;]<\/p>\n","protected":false},"author":4,"featured_media":198475,"comment_status":"closed","ping_status":"closed","sticky":false,"template":"","format":"standard","meta":{"_joinchat":[],"footnotes":""},"categories":[28],"tags":[],"class_list":{"0":"post-198474","1":"post","2":"type-post","3":"status-publish","4":"format-standard","5":"has-post-thumbnail","7":"category-deportes"},"yoast_head":"<!-- This site is optimized with the Yoast SEO plugin v27.2 - https:\/\/yoast.com\/product\/yoast-seo-wordpress\/ -->\n<title>La &quot;Batalla del Puente&quot; tiene su 16\u00ba edici\u00f3n en el Club C\u00f3rdoba - Radio Infinita Goya<\/title>\n<meta name=\"description\" content=\"La decimosexta edici\u00f3n de la denominada &quot;Batalla del Puente&quot; anticipa una propuesta para revalidar t\u00edtulos y confirmar el momento de varios luchadores\" \/>\n<meta name=\"robots\" content=\"index, follow, max-snippet:-1, max-image-preview:large, max-video-preview:-1\" \/>\n<link rel=\"canonical\" href=\"https:\/\/radioinfinitagoya.com.ar\/v1\/2025\/10\/30\/la-batalla-del-puente-tiene-su-16o-edicion-en-el-club-cordoba\/\" \/>\n<meta property=\"og:locale\" content=\"es_ES\" \/>\n<meta property=\"og:type\" content=\"article\" \/>\n<meta property=\"og:title\" content=\"La &quot;Batalla del Puente&quot; tiene su 16\u00ba edici\u00f3n en el Club C\u00f3rdoba - Radio Infinita Goya\" \/>\n<meta property=\"og:description\" content=\"La decimosexta edici\u00f3n de la denominada &quot;Batalla del Puente&quot; anticipa una propuesta para revalidar t\u00edtulos y confirmar el momento de varios luchadores\" \/>\n<meta property=\"og:url\" content=\"https:\/\/radioinfinitagoya.com.ar\/v1\/2025\/10\/30\/la-batalla-del-puente-tiene-su-16o-edicion-en-el-club-cordoba\/\" \/>\n<meta property=\"og:site_name\" content=\"Radio Infinita Goya\" \/>\n<meta property=\"article:publisher\" content=\"https:\/\/www.facebook.com\/p\/Infinita-Goya-100063870918311\/\" \/>\n<meta property=\"article:published_time\" content=\"2025-10-30T19:09:50+00:00\" \/>\n<meta property=\"og:image\" content=\"https:\/\/radioinfinitagoya.com.ar\/v1\/wp-content\/uploads\/2025\/10\/BATALLAPUENTEPREVIA-1.jpg\" \/>\n\t<meta property=\"og:image:width\" content=\"800\" \/>\n\t<meta property=\"og:image:height\" content=\"449\" \/>\n\t<meta property=\"og:image:type\" content=\"image\/jpeg\" \/>\n<meta name=\"author\" content=\"Jorge Mi\u00f1o\" \/>\n<meta name=\"twitter:card\" content=\"summary_large_image\" \/>\n<meta name=\"twitter:label1\" content=\"Escrito por\" \/>\n\t<meta name=\"twitter:data1\" content=\"Jorge Mi\u00f1o\" \/>\n\t<meta name=\"twitter:label2\" content=\"Tiempo de lectura\" \/>\n\t<meta name=\"twitter:data2\" content=\"2 minutos\" \/>\n<script type=\"application\/ld+json\" class=\"yoast-schema-graph\">{\"@context\":\"https:\/\/schema.org\",\"@graph\":[{\"@type\":\"Article\",\"@id\":\"https:\/\/radioinfinitagoya.com.ar\/v1\/2025\/10\/30\/la-batalla-del-puente-tiene-su-16o-edicion-en-el-club-cordoba\/#article\",\"isPartOf\":{\"@id\":\"https:\/\/radioinfinitagoya.com.ar\/v1\/2025\/10\/30\/la-batalla-del-puente-tiene-su-16o-edicion-en-el-club-cordoba\/\"},\"author\":{\"name\":\"Jorge Mi\u00f1o\",\"@id\":\"https:\/\/radioinfinitagoya.com.ar\/v1\/#\/schema\/person\/d4cf9c413d4f6edb24aabdccab49ca4a\"},\"headline\":\"La &#8220;Batalla del Puente&#8221; tiene su 16\u00ba edici\u00f3n en el Club C\u00f3rdoba\",\"datePublished\":\"2025-10-30T19:09:50+00:00\",\"mainEntityOfPage\":{\"@id\":\"https:\/\/radioinfinitagoya.com.ar\/v1\/2025\/10\/30\/la-batalla-del-puente-tiene-su-16o-edicion-en-el-club-cordoba\/\"},\"wordCount\":327,\"publisher\":{\"@id\":\"https:\/\/radioinfinitagoya.com.ar\/v1\/#organization\"},\"image\":{\"@id\":\"https:\/\/radioinfinitagoya.com.ar\/v1\/2025\/10\/30\/la-batalla-del-puente-tiene-su-16o-edicion-en-el-club-cordoba\/#primaryimage\"},\"thumbnailUrl\":\"https:\/\/radioinfinitagoya.com.ar\/v1\/wp-content\/uploads\/2025\/10\/BATALLAPUENTEPREVIA-1.jpg\",\"articleSection\":[\"DEPORTES\"],\"inLanguage\":\"es-AR\"},{\"@type\":\"WebPage\",\"@id\":\"https:\/\/radioinfinitagoya.com.ar\/v1\/2025\/10\/30\/la-batalla-del-puente-tiene-su-16o-edicion-en-el-club-cordoba\/\",\"url\":\"https:\/\/radioinfinitagoya.com.ar\/v1\/2025\/10\/30\/la-batalla-del-puente-tiene-su-16o-edicion-en-el-club-cordoba\/\",\"name\":\"La \\\"Batalla del Puente\\\" tiene su 16\u00ba edici\u00f3n en el Club C\u00f3rdoba - Radio Infinita Goya\",\"isPartOf\":{\"@id\":\"https:\/\/radioinfinitagoya.com.ar\/v1\/#website\"},\"primaryImageOfPage\":{\"@id\":\"https:\/\/radioinfinitagoya.com.ar\/v1\/2025\/10\/30\/la-batalla-del-puente-tiene-su-16o-edicion-en-el-club-cordoba\/#primaryimage\"},\"image\":{\"@id\":\"https:\/\/radioinfinitagoya.com.ar\/v1\/2025\/10\/30\/la-batalla-del-puente-tiene-su-16o-edicion-en-el-club-cordoba\/#primaryimage\"},\"thumbnailUrl\":\"https:\/\/radioinfinitagoya.com.ar\/v1\/wp-content\/uploads\/2025\/10\/BATALLAPUENTEPREVIA-1.jpg\",\"datePublished\":\"2025-10-30T19:09:50+00:00\",\"description\":\"La decimosexta edici\u00f3n de la denominada \\\"Batalla del Puente\\\" anticipa una propuesta para revalidar t\u00edtulos y confirmar el momento de varios luchadores\",\"breadcrumb\":{\"@id\":\"https:\/\/radioinfinitagoya.com.ar\/v1\/2025\/10\/30\/la-batalla-del-puente-tiene-su-16o-edicion-en-el-club-cordoba\/#breadcrumb\"},\"inLanguage\":\"es-AR\",\"potentialAction\":[{\"@type\":\"ReadAction\",\"target\":[\"https:\/\/radioinfinitagoya.com.ar\/v1\/2025\/10\/30\/la-batalla-del-puente-tiene-su-16o-edicion-en-el-club-cordoba\/\"]}]},{\"@type\":\"ImageObject\",\"inLanguage\":\"es-AR\",\"@id\":\"https:\/\/radioinfinitagoya.com.ar\/v1\/2025\/10\/30\/la-batalla-del-puente-tiene-su-16o-edicion-en-el-club-cordoba\/#primaryimage\",\"url\":\"https:\/\/radioinfinitagoya.com.ar\/v1\/wp-content\/uploads\/2025\/10\/BATALLAPUENTEPREVIA-1.jpg\",\"contentUrl\":\"https:\/\/radioinfinitagoya.com.ar\/v1\/wp-content\/uploads\/2025\/10\/BATALLAPUENTEPREVIA-1.jpg\",\"width\":800,\"height\":449},{\"@type\":\"BreadcrumbList\",\"@id\":\"https:\/\/radioinfinitagoya.com.ar\/v1\/2025\/10\/30\/la-batalla-del-puente-tiene-su-16o-edicion-en-el-club-cordoba\/#breadcrumb\",\"itemListElement\":[{\"@type\":\"ListItem\",\"position\":1,\"name\":\"Inicio\",\"item\":\"https:\/\/radioinfinitagoya.com.ar\/v1\/\"},{\"@type\":\"ListItem\",\"position\":2,\"name\":\"La &#8220;Batalla del Puente&#8221; tiene su 16\u00ba edici\u00f3n en el Club C\u00f3rdoba\"}]},{\"@type\":\"WebSite\",\"@id\":\"https:\/\/radioinfinitagoya.com.ar\/v1\/#website\",\"url\":\"https:\/\/radioinfinitagoya.com.ar\/v1\/\",\"name\":\"radioinfinitagoya.com.ar\",\"description\":\"Radio de noticias\",\"publisher\":{\"@id\":\"https:\/\/radioinfinitagoya.com.ar\/v1\/#organization\"},\"potentialAction\":[{\"@type\":\"SearchAction\",\"target\":{\"@type\":\"EntryPoint\",\"urlTemplate\":\"https:\/\/radioinfinitagoya.com.ar\/v1\/?s={search_term_string}\"},\"query-input\":{\"@type\":\"PropertyValueSpecification\",\"valueRequired\":true,\"valueName\":\"search_term_string\"}}],\"inLanguage\":\"es-AR\"},{\"@type\":\"Organization\",\"@id\":\"https:\/\/radioinfinitagoya.com.ar\/v1\/#organization\",\"name\":\"Radio Infinita Goya\",\"url\":\"https:\/\/radioinfinitagoya.com.ar\/v1\/\",\"logo\":{\"@type\":\"ImageObject\",\"inLanguage\":\"es-AR\",\"@id\":\"https:\/\/radioinfinitagoya.com.ar\/v1\/#\/schema\/logo\/image\/\",\"url\":\"https:\/\/radioinfinitagoya.com.ar\/v1\/wp-content\/uploads\/2019\/11\/logo-pie-web.png\",\"contentUrl\":\"https:\/\/radioinfinitagoya.com.ar\/v1\/wp-content\/uploads\/2019\/11\/logo-pie-web.png\",\"width\":635,\"height\":326,\"caption\":\"Radio Infinita Goya\"},\"image\":{\"@id\":\"https:\/\/radioinfinitagoya.com.ar\/v1\/#\/schema\/logo\/image\/\"},\"sameAs\":[\"https:\/\/www.facebook.com\/p\/Infinita-Goya-100063870918311\/\"]},{\"@type\":\"Person\",\"@id\":\"https:\/\/radioinfinitagoya.com.ar\/v1\/#\/schema\/person\/d4cf9c413d4f6edb24aabdccab49ca4a\",\"name\":\"Jorge Mi\u00f1o\",\"image\":{\"@type\":\"ImageObject\",\"inLanguage\":\"es-AR\",\"@id\":\"https:\/\/secure.gravatar.com\/avatar\/910fcf6728fe95320e07a6643c1581fec1c7fc4bf8ae12e3d8f0d0373dc844be?s=96&d=mm&r=g\",\"url\":\"https:\/\/secure.gravatar.com\/avatar\/910fcf6728fe95320e07a6643c1581fec1c7fc4bf8ae12e3d8f0d0373dc844be?s=96&d=mm&r=g\",\"contentUrl\":\"https:\/\/secure.gravatar.com\/avatar\/910fcf6728fe95320e07a6643c1581fec1c7fc4bf8ae12e3d8f0d0373dc844be?s=96&d=mm&r=g\",\"caption\":\"Jorge Mi\u00f1o\"},\"sameAs\":[\"http:\/\/radioinfinitagoya.com.ar\"]}]}<\/script>\n<!-- \/ Yoast SEO plugin. -->","yoast_head_json":{"title":"La \"Batalla del Puente\" tiene su 16\u00ba edici\u00f3n en el Club C\u00f3rdoba - Radio Infinita Goya","description":"La decimosexta edici\u00f3n de la denominada \"Batalla del Puente\" anticipa una propuesta para revalidar t\u00edtulos y confirmar el momento de varios luchadores","robots":{"index":"index","follow":"follow","max-snippet":"max-snippet:-1","max-image-preview":"max-image-preview:large","max-video-preview":"max-video-preview:-1"},"canonical":"https:\/\/radioinfinitagoya.com.ar\/v1\/2025\/10\/30\/la-batalla-del-puente-tiene-su-16o-edicion-en-el-club-cordoba\/","og_locale":"es_ES","og_type":"article","og_title":"La \"Batalla del Puente\" tiene su 16\u00ba edici\u00f3n en el Club C\u00f3rdoba - Radio Infinita Goya","og_description":"La decimosexta edici\u00f3n de la denominada \"Batalla del Puente\" anticipa una propuesta para revalidar t\u00edtulos y confirmar el momento de varios luchadores","og_url":"https:\/\/radioinfinitagoya.com.ar\/v1\/2025\/10\/30\/la-batalla-del-puente-tiene-su-16o-edicion-en-el-club-cordoba\/","og_site_name":"Radio Infinita Goya","article_publisher":"https:\/\/www.facebook.com\/p\/Infinita-Goya-100063870918311\/","article_published_time":"2025-10-30T19:09:50+00:00","og_image":[{"width":800,"height":449,"url":"https:\/\/radioinfinitagoya.com.ar\/v1\/wp-content\/uploads\/2025\/10\/BATALLAPUENTEPREVIA-1.jpg","type":"image\/jpeg"}],"author":"Jorge Mi\u00f1o","twitter_card":"summary_large_image","twitter_misc":{"Escrito por":"Jorge Mi\u00f1o","Tiempo de lectura":"2 minutos"},"schema":{"@context":"https:\/\/schema.org","@graph":[{"@type":"Article","@id":"https:\/\/radioinfinitagoya.com.ar\/v1\/2025\/10\/30\/la-batalla-del-puente-tiene-su-16o-edicion-en-el-club-cordoba\/#article","isPartOf":{"@id":"https:\/\/radioinfinitagoya.com.ar\/v1\/2025\/10\/30\/la-batalla-del-puente-tiene-su-16o-edicion-en-el-club-cordoba\/"},"author":{"name":"Jorge Mi\u00f1o","@id":"https:\/\/radioinfinitagoya.com.ar\/v1\/#\/schema\/person\/d4cf9c413d4f6edb24aabdccab49ca4a"},"headline":"La &#8220;Batalla del Puente&#8221; tiene su 16\u00ba edici\u00f3n en el Club C\u00f3rdoba","datePublished":"2025-10-30T19:09:50+00:00","mainEntityOfPage":{"@id":"https:\/\/radioinfinitagoya.com.ar\/v1\/2025\/10\/30\/la-batalla-del-puente-tiene-su-16o-edicion-en-el-club-cordoba\/"},"wordCount":327,"publisher":{"@id":"https:\/\/radioinfinitagoya.com.ar\/v1\/#organization"},"image":{"@id":"https:\/\/radioinfinitagoya.com.ar\/v1\/2025\/10\/30\/la-batalla-del-puente-tiene-su-16o-edicion-en-el-club-cordoba\/#primaryimage"},"thumbnailUrl":"https:\/\/radioinfinitagoya.com.ar\/v1\/wp-content\/uploads\/2025\/10\/BATALLAPUENTEPREVIA-1.jpg","articleSection":["DEPORTES"],"inLanguage":"es-AR"},{"@type":"WebPage","@id":"https:\/\/radioinfinitagoya.com.ar\/v1\/2025\/10\/30\/la-batalla-del-puente-tiene-su-16o-edicion-en-el-club-cordoba\/","url":"https:\/\/radioinfinitagoya.com.ar\/v1\/2025\/10\/30\/la-batalla-del-puente-tiene-su-16o-edicion-en-el-club-cordoba\/","name":"La \"Batalla del Puente\" tiene su 16\u00ba edici\u00f3n en el Club C\u00f3rdoba - Radio Infinita Goya","isPartOf":{"@id":"https:\/\/radioinfinitagoya.com.ar\/v1\/#website"},"primaryImageOfPage":{"@id":"https:\/\/radioinfinitagoya.com.ar\/v1\/2025\/10\/30\/la-batalla-del-puente-tiene-su-16o-edicion-en-el-club-cordoba\/#primaryimage"},"image":{"@id":"https:\/\/radioinfinitagoya.com.ar\/v1\/2025\/10\/30\/la-batalla-del-puente-tiene-su-16o-edicion-en-el-club-cordoba\/#primaryimage"},"thumbnailUrl":"https:\/\/radioinfinitagoya.com.ar\/v1\/wp-content\/uploads\/2025\/10\/BATALLAPUENTEPREVIA-1.jpg","datePublished":"2025-10-30T19:09:50+00:00","description":"La decimosexta edici\u00f3n de la denominada \"Batalla del Puente\" anticipa una propuesta para revalidar t\u00edtulos y confirmar el momento de varios luchadores","breadcrumb":{"@id":"https:\/\/radioinfinitagoya.com.ar\/v1\/2025\/10\/30\/la-batalla-del-puente-tiene-su-16o-edicion-en-el-club-cordoba\/#breadcrumb"},"inLanguage":"es-AR","potentialAction":[{"@type":"ReadAction","target":["https:\/\/radioinfinitagoya.com.ar\/v1\/2025\/10\/30\/la-batalla-del-puente-tiene-su-16o-edicion-en-el-club-cordoba\/"]}]},{"@type":"ImageObject","inLanguage":"es-AR","@id":"https:\/\/radioinfinitagoya.com.ar\/v1\/2025\/10\/30\/la-batalla-del-puente-tiene-su-16o-edicion-en-el-club-cordoba\/#primaryimage","url":"https:\/\/radioinfinitagoya.com.ar\/v1\/wp-content\/uploads\/2025\/10\/BATALLAPUENTEPREVIA-1.jpg","contentUrl":"https:\/\/radioinfinitagoya.com.ar\/v1\/wp-content\/uploads\/2025\/10\/BATALLAPUENTEPREVIA-1.jpg","width":800,"height":449},{"@type":"BreadcrumbList","@id":"https:\/\/radioinfinitagoya.com.ar\/v1\/2025\/10\/30\/la-batalla-del-puente-tiene-su-16o-edicion-en-el-club-cordoba\/#breadcrumb","itemListElement":[{"@type":"ListItem","position":1,"name":"Inicio","item":"https:\/\/radioinfinitagoya.com.ar\/v1\/"},{"@type":"ListItem","position":2,"name":"La &#8220;Batalla del Puente&#8221; tiene su 16\u00ba edici\u00f3n en el Club C\u00f3rdoba"}]},{"@type":"WebSite","@id":"https:\/\/radioinfinitagoya.com.ar\/v1\/#website","url":"https:\/\/radioinfinitagoya.com.ar\/v1\/","name":"radioinfinitagoya.com.ar","description":"Radio de noticias","publisher":{"@id":"https:\/\/radioinfinitagoya.com.ar\/v1\/#organization"},"potentialAction":[{"@type":"SearchAction","target":{"@type":"EntryPoint","urlTemplate":"https:\/\/radioinfinitagoya.com.ar\/v1\/?s={search_term_string}"},"query-input":{"@type":"PropertyValueSpecification","valueRequired":true,"valueName":"search_term_string"}}],"inLanguage":"es-AR"},{"@type":"Organization","@id":"https:\/\/radioinfinitagoya.com.ar\/v1\/#organization","name":"Radio Infinita Goya","url":"https:\/\/radioinfinitagoya.com.ar\/v1\/","logo":{"@type":"ImageObject","inLanguage":"es-AR","@id":"https:\/\/radioinfinitagoya.com.ar\/v1\/#\/schema\/logo\/image\/","url":"https:\/\/radioinfinitagoya.com.ar\/v1\/wp-content\/uploads\/2019\/11\/logo-pie-web.png","contentUrl":"https:\/\/radioinfinitagoya.com.ar\/v1\/wp-content\/uploads\/2019\/11\/logo-pie-web.png","width":635,"height":326,"caption":"Radio Infinita Goya"},"image":{"@id":"https:\/\/radioinfinitagoya.com.ar\/v1\/#\/schema\/logo\/image\/"},"sameAs":["https:\/\/www.facebook.com\/p\/Infinita-Goya-100063870918311\/"]},{"@type":"Person","@id":"https:\/\/radioinfinitagoya.com.ar\/v1\/#\/schema\/person\/d4cf9c413d4f6edb24aabdccab49ca4a","name":"Jorge Mi\u00f1o","image":{"@type":"ImageObject","inLanguage":"es-AR","@id":"https:\/\/secure.gravatar.com\/avatar\/910fcf6728fe95320e07a6643c1581fec1c7fc4bf8ae12e3d8f0d0373dc844be?s=96&d=mm&r=g","url":"https:\/\/secure.gravatar.com\/avatar\/910fcf6728fe95320e07a6643c1581fec1c7fc4bf8ae12e3d8f0d0373dc844be?s=96&d=mm&r=g","contentUrl":"https:\/\/secure.gravatar.com\/avatar\/910fcf6728fe95320e07a6643c1581fec1c7fc4bf8ae12e3d8f0d0373dc844be?s=96&d=mm&r=g","caption":"Jorge Mi\u00f1o"},"sameAs":["http:\/\/radioinfinitagoya.com.ar"]}]}},"_links":{"self":[{"href":"https:\/\/radioinfinitagoya.com.ar\/v1\/wp-json\/wp\/v2\/posts\/198474","targetHints":{"allow":["GET"]}}],"collection":[{"href":"https:\/\/radioinfinitagoya.com.ar\/v1\/wp-json\/wp\/v2\/posts"}],"about":[{"href":"https:\/\/radioinfinitagoya.com.ar\/v1\/wp-json\/wp\/v2\/types\/post"}],"author":[{"embeddable":true,"href":"https:\/\/radioinfinitagoya.com.ar\/v1\/wp-json\/wp\/v2\/users\/4"}],"replies":[{"embeddable":true,"href":"https:\/\/radioinfinitagoya.com.ar\/v1\/wp-json\/wp\/v2\/comments?post=198474"}],"version-history":[{"count":0,"href":"https:\/\/radioinfinitagoya.com.ar\/v1\/wp-json\/wp\/v2\/posts\/198474\/revisions"}],"wp:featuredmedia":[{"embeddable":true,"href":"https:\/\/radioinfinitagoya.com.ar\/v1\/wp-json\/wp\/v2\/media\/198475"}],"wp:attachment":[{"href":"https:\/\/radioinfinitagoya.com.ar\/v1\/wp-json\/wp\/v2\/media?parent=198474"}],"wp:term":[{"taxonomy":"category","embeddable":true,"href":"https:\/\/radioinfinitagoya.com.ar\/v1\/wp-json\/wp\/v2\/categories?post=198474"},{"taxonomy":"post_tag","embeddable":true,"href":"https:\/\/radioinfinitagoya.com.ar\/v1\/wp-json\/wp\/v2\/tags?post=198474"}],"curies":[{"name":"wp","href":"https:\/\/api.w.org\/{rel}","templated":true}]}}