{"id":198492,"date":"2025-10-30T16:28:51","date_gmt":"2025-10-30T19:28:51","guid":{"rendered":"https:\/\/radioinfinitagoya.com.ar\/v1\/?p=198492"},"modified":"2025-10-30T16:28:51","modified_gmt":"2025-10-30T19:28:51","slug":"rusia-asesino-en-combate-a-tres-argentinos-alistados-en-el-ejercito-de-ucrania","status":"publish","type":"post","link":"https:\/\/radioinfinitagoya.com.ar\/v1\/2025\/10\/30\/rusia-asesino-en-combate-a-tres-argentinos-alistados-en-el-ejercito-de-ucrania\/","title":{"rendered":"Rusia asesin\u00f3 en combate a tres argentinos alistados en el ej\u00e9rcito de Ucrania"},"content":{"rendered":"<p>Los soldados fueron v\u00edctimas de un ataque de drones en la regi\u00f3n de Sumy. Se hab\u00edan sumado a las tropas hac\u00eda dos meses<\/p>\n<p>Rusia asesin\u00f3 a tres argentinos que integraban el Ej\u00e9rcito de Ucrania, en el marco de una misi\u00f3n de asalto en la que Volodimir Zelenski aspiraba a recuperar la posici\u00f3n tomada por el Kremlin en la ciudad de Sumy, ubicada el noroeste del pa\u00eds.<\/p>\n<p>Los tres combatientes fueron identificados como Jos\u00e9 Adri\u00e1n Gallardo de 53 a\u00f1os, Mariano Franco de 47 y el menor de ellos, Ariel Achor de 25 a\u00f1os, seg\u00fan confirmaron fuentes de Gobierno, y se hab\u00edan sumado a las tropas dos meses atr\u00e1s.<\/p>\n<p>En su primera misi\u00f3n al frente de batalla, que data de hace tres semanas, los tres argentinos fueron detectados y atacados por drones de las tropas rusas. En plena retirada, murieron producto de la explosi\u00f3n de una mina. Ninguno de los efectivos ten\u00eda formaci\u00f3n del Ej\u00e9rcito Argentino ni hab\u00edan integrado sus filas sino que eran contratados, aquellos a los que se denomina \u201cmercenarios\u201d.<\/p>\n<p>El jefe de la administraci\u00f3n militar de la zona, Oleg Grigorov, sostuvo que durante el ataque el Ej\u00e9rcito que responde a Vladimir Put\u00edn despleg\u00f3 \u201cdecenas de lanzamientos de drones y bombas a\u00e9reas guiadas\u201c. El impacto de la ofensiva alcanz\u00f3 tambi\u00e9n a prisioneros de guerra rusos.<\/p>\n<p>Las muertes de Gallardo, Franco, Achor se suman a la del argentino, Emmanuel Vilte, de 39 a\u00f1os, tambi\u00e9n integrante del ejercito ucraniano desde 2022. Vilte perdi\u00f3 la vida en julio, luego de ser detectado por un dron Shahed, de origen iran\u00ed, adaptado a la industria militar rusa, en la ciudad de Pokrovsk.<\/p>\n<p><img loading=\"lazy\" decoding=\"async\" class=\"alignnone size-full wp-image-198494\" src=\"https:\/\/radioinfinitagoya.com.ar\/v1\/wp-content\/uploads\/2025\/10\/DU6JKJJRDJBKHI26JCJE34ZGZI.avif\" alt=\"\" width=\"992\" height=\"690\" srcset=\"https:\/\/radioinfinitagoya.com.ar\/v1\/wp-content\/uploads\/2025\/10\/DU6JKJJRDJBKHI26JCJE34ZGZI.avif 992w, https:\/\/radioinfinitagoya.com.ar\/v1\/wp-content\/uploads\/2025\/10\/DU6JKJJRDJBKHI26JCJE34ZGZI-604x420.jpg 604w, https:\/\/radioinfinitagoya.com.ar\/v1\/wp-content\/uploads\/2025\/10\/DU6JKJJRDJBKHI26JCJE34ZGZI-696x484.jpg 696w, https:\/\/radioinfinitagoya.com.ar\/v1\/wp-content\/uploads\/2025\/10\/DU6JKJJRDJBKHI26JCJE34ZGZI-100x70.jpg 100w\" sizes=\"auto, (max-width: 992px) 100vw, 992px\" \/><\/p>\n<p>La ofensiva de Mosc\u00fa en Sumy tuvo lugar tras la expulsi\u00f3n de las fuerzas ucranianas de la regi\u00f3n Kursk, ocupadas parcialmente por Kiev durante el 2024. A finales de mayo, las autoridades de la regi\u00f3n lindante con Rusia ordenaron la evacuaci\u00f3n de 11 aldeas por la violenta ofensiva.<\/p>\n<p>Sin embargo, los principales focos de enfrentamiento se dan en el este de Ucrania. Actualmente, Rusia ocupa el 20% del territorio ucraniano, principalmente en el este y en el sur.<\/p>\n<p>En las \u00faltimas horas, Zelenski valu\u00f3 en 50.000 millones de d\u00f3lares anuales las p\u00e9rdidas de Rusia, que surgen de las sanciones aplicadas por el Tesoro de los Estados Unidos, anunciadas por el republicano Donald Trump, a las dos principales petroleras del pa\u00eds, Rosneft y Lukoil.<\/p>\n<p>A m\u00e1s de tres a\u00f1os de la invasi\u00f3n que data el 24 de febrero de 2022, el presidente Javier Milei se pronunci\u00f3 en m\u00e1s de una oportunidad en respaldo de su par Volodimir Zelenski, con el que mantiene una relaci\u00f3n estrecha.<\/p>\n<p>El llamado de Zelenski a Milei y la invitaci\u00f3n a Ucrania<br \/>\nEn las \u00faltimas horas, a ra\u00edz del triunfo de La Libertad Avanza (LLA) en las elecciones legislativas, el jefe de Estado recibi\u00f3 un llamado del ex comediante para felicitarlo por los resultados de los comicios del domingo.<\/p>\n<p>A trav\u00e9s de su cuenta de X, el ucraniano revel\u00f3 que elogi\u00f3 a Milei por la performance electoral de medio t\u00e9rmino y lo invit\u00f3 a visitar Ucrania. \u201cUna conversaci\u00f3n cordial con el Presidente de la Argentina, Javier Milei. Felicit\u00e9 a Javier por la victoria de su partido en las elecciones parlamentarias. La Argentina est\u00e1 haciendo mucho para alcanzar el \u00e9xito y fortalecerse, y sinceramente deseamos que siga avanzando en la implementaci\u00f3n de todas las reformas necesarias\u201d, expres\u00f3.<\/p>\n<p><img loading=\"lazy\" decoding=\"async\" class=\"alignnone size-full wp-image-198495\" src=\"https:\/\/radioinfinitagoya.com.ar\/v1\/wp-content\/uploads\/2025\/10\/456GWOK3DJHR7HA6KXBJTEGIRA.avif\" alt=\"\" width=\"992\" height=\"661\" srcset=\"https:\/\/radioinfinitagoya.com.ar\/v1\/wp-content\/uploads\/2025\/10\/456GWOK3DJHR7HA6KXBJTEGIRA.avif 992w, https:\/\/radioinfinitagoya.com.ar\/v1\/wp-content\/uploads\/2025\/10\/456GWOK3DJHR7HA6KXBJTEGIRA-630x420.jpg 630w, https:\/\/radioinfinitagoya.com.ar\/v1\/wp-content\/uploads\/2025\/10\/456GWOK3DJHR7HA6KXBJTEGIRA-696x464.jpg 696w\" sizes=\"auto, (max-width: 992px) 100vw, 992px\" \/><\/p>\n<p>Asimismo, revel\u00f3: \u201cInvit\u00e9 al se\u00f1or Presidente a visitar Ucrania para continuar nuestro di\u00e1logo y abordar las principales perspectivas de desarrollo de las relaciones entre nuestros pa\u00edses: realmente tenemos muchos proyectos que podemos llevar a cabo juntos. Nuestros equipos permanecer\u00e1n en contacto. \u00a1Gracias!\u201c.<\/p>\n<p>No es la primera vez que Zelenski, quien estuvo presente en la jura presidencial del libertario, convoca a Milei a visitar su pa\u00eds. Lo mismo hizo a mediados de agosto, en otro contacto que mantuvieron por videoconferencia, un d\u00eda antes de las negociaciones entre Trump y Putin en Alaska, para que ambos pa\u00edses europeos alcancen un acuerdo de paz que ponga fin al conflicto b\u00e9lico. Hasta el momento, no hubo respuesta oficial por parte del mandatario ni hay fecha de la potencial visita.<\/p>\n<p>&nbsp;<\/p>\n","protected":false},"excerpt":{"rendered":"<p>Los soldados fueron v\u00edctimas de un ataque de drones en la regi\u00f3n de Sumy. Se hab\u00edan sumado a las tropas hac\u00eda dos meses Rusia asesin\u00f3 a tres argentinos que integraban el Ej\u00e9rcito de Ucrania, en el marco de una misi\u00f3n de asalto en la que Volodimir Zelenski aspiraba a recuperar la posici\u00f3n tomada por el [&hellip;]<\/p>\n","protected":false},"author":4,"featured_media":198493,"comment_status":"closed","ping_status":"closed","sticky":false,"template":"","format":"standard","meta":{"_joinchat":[],"footnotes":""},"categories":[31],"tags":[],"class_list":{"0":"post-198492","1":"post","2":"type-post","3":"status-publish","4":"format-standard","5":"has-post-thumbnail","7":"category-informacion-general"},"yoast_head":"<!-- This site is optimized with the Yoast SEO plugin v27.2 - https:\/\/yoast.com\/product\/yoast-seo-wordpress\/ -->\n<title>Rusia asesin\u00f3 en combate a tres argentinos alistados en el ej\u00e9rcito de Ucrania - Radio Infinita Goya<\/title>\n<meta name=\"description\" content=\"Los soldados fueron v\u00edctimas de un ataque de drones en la regi\u00f3n de Sumy. Se hab\u00edan sumado a las tropas hac\u00eda dos meses Rusia asesin\u00f3 a tres argentinos\" \/>\n<meta name=\"robots\" content=\"index, follow, max-snippet:-1, max-image-preview:large, max-video-preview:-1\" \/>\n<link rel=\"canonical\" href=\"https:\/\/radioinfinitagoya.com.ar\/v1\/2025\/10\/30\/rusia-asesino-en-combate-a-tres-argentinos-alistados-en-el-ejercito-de-ucrania\/\" \/>\n<meta property=\"og:locale\" content=\"es_ES\" \/>\n<meta property=\"og:type\" content=\"article\" \/>\n<meta property=\"og:title\" content=\"Rusia asesin\u00f3 en combate a tres argentinos alistados en el ej\u00e9rcito de Ucrania - Radio Infinita Goya\" \/>\n<meta property=\"og:description\" content=\"Los soldados fueron v\u00edctimas de un ataque de drones en la regi\u00f3n de Sumy. Se hab\u00edan sumado a las tropas hac\u00eda dos meses Rusia asesin\u00f3 a tres argentinos\" \/>\n<meta property=\"og:url\" content=\"https:\/\/radioinfinitagoya.com.ar\/v1\/2025\/10\/30\/rusia-asesino-en-combate-a-tres-argentinos-alistados-en-el-ejercito-de-ucrania\/\" \/>\n<meta property=\"og:site_name\" content=\"Radio Infinita Goya\" \/>\n<meta property=\"article:publisher\" content=\"https:\/\/www.facebook.com\/p\/Infinita-Goya-100063870918311\/\" \/>\n<meta property=\"article:published_time\" content=\"2025-10-30T19:28:51+00:00\" \/>\n<meta name=\"author\" content=\"Jorge Mi\u00f1o\" \/>\n<meta name=\"twitter:card\" content=\"summary_large_image\" \/>\n<meta name=\"twitter:label1\" content=\"Escrito por\" \/>\n\t<meta name=\"twitter:data1\" content=\"Jorge Mi\u00f1o\" \/>\n\t<meta name=\"twitter:label2\" content=\"Tiempo de lectura\" \/>\n\t<meta name=\"twitter:data2\" content=\"4 minutos\" \/>\n<script type=\"application\/ld+json\" class=\"yoast-schema-graph\">{\"@context\":\"https:\/\/schema.org\",\"@graph\":[{\"@type\":\"Article\",\"@id\":\"https:\/\/radioinfinitagoya.com.ar\/v1\/2025\/10\/30\/rusia-asesino-en-combate-a-tres-argentinos-alistados-en-el-ejercito-de-ucrania\/#article\",\"isPartOf\":{\"@id\":\"https:\/\/radioinfinitagoya.com.ar\/v1\/2025\/10\/30\/rusia-asesino-en-combate-a-tres-argentinos-alistados-en-el-ejercito-de-ucrania\/\"},\"author\":{\"name\":\"Jorge Mi\u00f1o\",\"@id\":\"https:\/\/radioinfinitagoya.com.ar\/v1\/#\/schema\/person\/d4cf9c413d4f6edb24aabdccab49ca4a\"},\"headline\":\"Rusia asesin\u00f3 en combate a tres argentinos alistados en el ej\u00e9rcito de Ucrania\",\"datePublished\":\"2025-10-30T19:28:51+00:00\",\"mainEntityOfPage\":{\"@id\":\"https:\/\/radioinfinitagoya.com.ar\/v1\/2025\/10\/30\/rusia-asesino-en-combate-a-tres-argentinos-alistados-en-el-ejercito-de-ucrania\/\"},\"wordCount\":738,\"publisher\":{\"@id\":\"https:\/\/radioinfinitagoya.com.ar\/v1\/#organization\"},\"image\":{\"@id\":\"https:\/\/radioinfinitagoya.com.ar\/v1\/2025\/10\/30\/rusia-asesino-en-combate-a-tres-argentinos-alistados-en-el-ejercito-de-ucrania\/#primaryimage\"},\"thumbnailUrl\":\"https:\/\/radioinfinitagoya.com.ar\/v1\/wp-content\/uploads\/2025\/10\/GTBTDFGA6RAVNC6WGGIZRDAU6M.avif\",\"articleSection\":[\"INFORMACI\u00d3N GENERAL\"],\"inLanguage\":\"es-AR\"},{\"@type\":\"WebPage\",\"@id\":\"https:\/\/radioinfinitagoya.com.ar\/v1\/2025\/10\/30\/rusia-asesino-en-combate-a-tres-argentinos-alistados-en-el-ejercito-de-ucrania\/\",\"url\":\"https:\/\/radioinfinitagoya.com.ar\/v1\/2025\/10\/30\/rusia-asesino-en-combate-a-tres-argentinos-alistados-en-el-ejercito-de-ucrania\/\",\"name\":\"Rusia asesin\u00f3 en combate a tres argentinos alistados en el ej\u00e9rcito de Ucrania - Radio Infinita Goya\",\"isPartOf\":{\"@id\":\"https:\/\/radioinfinitagoya.com.ar\/v1\/#website\"},\"primaryImageOfPage\":{\"@id\":\"https:\/\/radioinfinitagoya.com.ar\/v1\/2025\/10\/30\/rusia-asesino-en-combate-a-tres-argentinos-alistados-en-el-ejercito-de-ucrania\/#primaryimage\"},\"image\":{\"@id\":\"https:\/\/radioinfinitagoya.com.ar\/v1\/2025\/10\/30\/rusia-asesino-en-combate-a-tres-argentinos-alistados-en-el-ejercito-de-ucrania\/#primaryimage\"},\"thumbnailUrl\":\"https:\/\/radioinfinitagoya.com.ar\/v1\/wp-content\/uploads\/2025\/10\/GTBTDFGA6RAVNC6WGGIZRDAU6M.avif\",\"datePublished\":\"2025-10-30T19:28:51+00:00\",\"description\":\"Los soldados fueron v\u00edctimas de un ataque de drones en la regi\u00f3n de Sumy. Se hab\u00edan sumado a las tropas hac\u00eda dos meses Rusia asesin\u00f3 a tres argentinos\",\"breadcrumb\":{\"@id\":\"https:\/\/radioinfinitagoya.com.ar\/v1\/2025\/10\/30\/rusia-asesino-en-combate-a-tres-argentinos-alistados-en-el-ejercito-de-ucrania\/#breadcrumb\"},\"inLanguage\":\"es-AR\",\"potentialAction\":[{\"@type\":\"ReadAction\",\"target\":[\"https:\/\/radioinfinitagoya.com.ar\/v1\/2025\/10\/30\/rusia-asesino-en-combate-a-tres-argentinos-alistados-en-el-ejercito-de-ucrania\/\"]}]},{\"@type\":\"ImageObject\",\"inLanguage\":\"es-AR\",\"@id\":\"https:\/\/radioinfinitagoya.com.ar\/v1\/2025\/10\/30\/rusia-asesino-en-combate-a-tres-argentinos-alistados-en-el-ejercito-de-ucrania\/#primaryimage\",\"url\":\"https:\/\/radioinfinitagoya.com.ar\/v1\/wp-content\/uploads\/2025\/10\/GTBTDFGA6RAVNC6WGGIZRDAU6M.avif\",\"contentUrl\":\"https:\/\/radioinfinitagoya.com.ar\/v1\/wp-content\/uploads\/2025\/10\/GTBTDFGA6RAVNC6WGGIZRDAU6M.avif\",\"width\":992,\"height\":558},{\"@type\":\"BreadcrumbList\",\"@id\":\"https:\/\/radioinfinitagoya.com.ar\/v1\/2025\/10\/30\/rusia-asesino-en-combate-a-tres-argentinos-alistados-en-el-ejercito-de-ucrania\/#breadcrumb\",\"itemListElement\":[{\"@type\":\"ListItem\",\"position\":1,\"name\":\"Inicio\",\"item\":\"https:\/\/radioinfinitagoya.com.ar\/v1\/\"},{\"@type\":\"ListItem\",\"position\":2,\"name\":\"Rusia asesin\u00f3 en combate a tres argentinos alistados en el ej\u00e9rcito de Ucrania\"}]},{\"@type\":\"WebSite\",\"@id\":\"https:\/\/radioinfinitagoya.com.ar\/v1\/#website\",\"url\":\"https:\/\/radioinfinitagoya.com.ar\/v1\/\",\"name\":\"radioinfinitagoya.com.ar\",\"description\":\"Radio de noticias\",\"publisher\":{\"@id\":\"https:\/\/radioinfinitagoya.com.ar\/v1\/#organization\"},\"potentialAction\":[{\"@type\":\"SearchAction\",\"target\":{\"@type\":\"EntryPoint\",\"urlTemplate\":\"https:\/\/radioinfinitagoya.com.ar\/v1\/?s={search_term_string}\"},\"query-input\":{\"@type\":\"PropertyValueSpecification\",\"valueRequired\":true,\"valueName\":\"search_term_string\"}}],\"inLanguage\":\"es-AR\"},{\"@type\":\"Organization\",\"@id\":\"https:\/\/radioinfinitagoya.com.ar\/v1\/#organization\",\"name\":\"Radio Infinita Goya\",\"url\":\"https:\/\/radioinfinitagoya.com.ar\/v1\/\",\"logo\":{\"@type\":\"ImageObject\",\"inLanguage\":\"es-AR\",\"@id\":\"https:\/\/radioinfinitagoya.com.ar\/v1\/#\/schema\/logo\/image\/\",\"url\":\"https:\/\/radioinfinitagoya.com.ar\/v1\/wp-content\/uploads\/2019\/11\/logo-pie-web.png\",\"contentUrl\":\"https:\/\/radioinfinitagoya.com.ar\/v1\/wp-content\/uploads\/2019\/11\/logo-pie-web.png\",\"width\":635,\"height\":326,\"caption\":\"Radio Infinita Goya\"},\"image\":{\"@id\":\"https:\/\/radioinfinitagoya.com.ar\/v1\/#\/schema\/logo\/image\/\"},\"sameAs\":[\"https:\/\/www.facebook.com\/p\/Infinita-Goya-100063870918311\/\"]},{\"@type\":\"Person\",\"@id\":\"https:\/\/radioinfinitagoya.com.ar\/v1\/#\/schema\/person\/d4cf9c413d4f6edb24aabdccab49ca4a\",\"name\":\"Jorge Mi\u00f1o\",\"image\":{\"@type\":\"ImageObject\",\"inLanguage\":\"es-AR\",\"@id\":\"https:\/\/secure.gravatar.com\/avatar\/910fcf6728fe95320e07a6643c1581fec1c7fc4bf8ae12e3d8f0d0373dc844be?s=96&d=mm&r=g\",\"url\":\"https:\/\/secure.gravatar.com\/avatar\/910fcf6728fe95320e07a6643c1581fec1c7fc4bf8ae12e3d8f0d0373dc844be?s=96&d=mm&r=g\",\"contentUrl\":\"https:\/\/secure.gravatar.com\/avatar\/910fcf6728fe95320e07a6643c1581fec1c7fc4bf8ae12e3d8f0d0373dc844be?s=96&d=mm&r=g\",\"caption\":\"Jorge Mi\u00f1o\"},\"sameAs\":[\"http:\/\/radioinfinitagoya.com.ar\"]}]}<\/script>\n<!-- \/ Yoast SEO plugin. -->","yoast_head_json":{"title":"Rusia asesin\u00f3 en combate a tres argentinos alistados en el ej\u00e9rcito de Ucrania - Radio Infinita Goya","description":"Los soldados fueron v\u00edctimas de un ataque de drones en la regi\u00f3n de Sumy. Se hab\u00edan sumado a las tropas hac\u00eda dos meses Rusia asesin\u00f3 a tres argentinos","robots":{"index":"index","follow":"follow","max-snippet":"max-snippet:-1","max-image-preview":"max-image-preview:large","max-video-preview":"max-video-preview:-1"},"canonical":"https:\/\/radioinfinitagoya.com.ar\/v1\/2025\/10\/30\/rusia-asesino-en-combate-a-tres-argentinos-alistados-en-el-ejercito-de-ucrania\/","og_locale":"es_ES","og_type":"article","og_title":"Rusia asesin\u00f3 en combate a tres argentinos alistados en el ej\u00e9rcito de Ucrania - Radio Infinita Goya","og_description":"Los soldados fueron v\u00edctimas de un ataque de drones en la regi\u00f3n de Sumy. Se hab\u00edan sumado a las tropas hac\u00eda dos meses Rusia asesin\u00f3 a tres argentinos","og_url":"https:\/\/radioinfinitagoya.com.ar\/v1\/2025\/10\/30\/rusia-asesino-en-combate-a-tres-argentinos-alistados-en-el-ejercito-de-ucrania\/","og_site_name":"Radio Infinita Goya","article_publisher":"https:\/\/www.facebook.com\/p\/Infinita-Goya-100063870918311\/","article_published_time":"2025-10-30T19:28:51+00:00","author":"Jorge Mi\u00f1o","twitter_card":"summary_large_image","twitter_misc":{"Escrito por":"Jorge Mi\u00f1o","Tiempo de lectura":"4 minutos"},"schema":{"@context":"https:\/\/schema.org","@graph":[{"@type":"Article","@id":"https:\/\/radioinfinitagoya.com.ar\/v1\/2025\/10\/30\/rusia-asesino-en-combate-a-tres-argentinos-alistados-en-el-ejercito-de-ucrania\/#article","isPartOf":{"@id":"https:\/\/radioinfinitagoya.com.ar\/v1\/2025\/10\/30\/rusia-asesino-en-combate-a-tres-argentinos-alistados-en-el-ejercito-de-ucrania\/"},"author":{"name":"Jorge Mi\u00f1o","@id":"https:\/\/radioinfinitagoya.com.ar\/v1\/#\/schema\/person\/d4cf9c413d4f6edb24aabdccab49ca4a"},"headline":"Rusia asesin\u00f3 en combate a tres argentinos alistados en el ej\u00e9rcito de Ucrania","datePublished":"2025-10-30T19:28:51+00:00","mainEntityOfPage":{"@id":"https:\/\/radioinfinitagoya.com.ar\/v1\/2025\/10\/30\/rusia-asesino-en-combate-a-tres-argentinos-alistados-en-el-ejercito-de-ucrania\/"},"wordCount":738,"publisher":{"@id":"https:\/\/radioinfinitagoya.com.ar\/v1\/#organization"},"image":{"@id":"https:\/\/radioinfinitagoya.com.ar\/v1\/2025\/10\/30\/rusia-asesino-en-combate-a-tres-argentinos-alistados-en-el-ejercito-de-ucrania\/#primaryimage"},"thumbnailUrl":"https:\/\/radioinfinitagoya.com.ar\/v1\/wp-content\/uploads\/2025\/10\/GTBTDFGA6RAVNC6WGGIZRDAU6M.avif","articleSection":["INFORMACI\u00d3N GENERAL"],"inLanguage":"es-AR"},{"@type":"WebPage","@id":"https:\/\/radioinfinitagoya.com.ar\/v1\/2025\/10\/30\/rusia-asesino-en-combate-a-tres-argentinos-alistados-en-el-ejercito-de-ucrania\/","url":"https:\/\/radioinfinitagoya.com.ar\/v1\/2025\/10\/30\/rusia-asesino-en-combate-a-tres-argentinos-alistados-en-el-ejercito-de-ucrania\/","name":"Rusia asesin\u00f3 en combate a tres argentinos alistados en el ej\u00e9rcito de Ucrania - Radio Infinita Goya","isPartOf":{"@id":"https:\/\/radioinfinitagoya.com.ar\/v1\/#website"},"primaryImageOfPage":{"@id":"https:\/\/radioinfinitagoya.com.ar\/v1\/2025\/10\/30\/rusia-asesino-en-combate-a-tres-argentinos-alistados-en-el-ejercito-de-ucrania\/#primaryimage"},"image":{"@id":"https:\/\/radioinfinitagoya.com.ar\/v1\/2025\/10\/30\/rusia-asesino-en-combate-a-tres-argentinos-alistados-en-el-ejercito-de-ucrania\/#primaryimage"},"thumbnailUrl":"https:\/\/radioinfinitagoya.com.ar\/v1\/wp-content\/uploads\/2025\/10\/GTBTDFGA6RAVNC6WGGIZRDAU6M.avif","datePublished":"2025-10-30T19:28:51+00:00","description":"Los soldados fueron v\u00edctimas de un ataque de drones en la regi\u00f3n de Sumy. Se hab\u00edan sumado a las tropas hac\u00eda dos meses Rusia asesin\u00f3 a tres argentinos","breadcrumb":{"@id":"https:\/\/radioinfinitagoya.com.ar\/v1\/2025\/10\/30\/rusia-asesino-en-combate-a-tres-argentinos-alistados-en-el-ejercito-de-ucrania\/#breadcrumb"},"inLanguage":"es-AR","potentialAction":[{"@type":"ReadAction","target":["https:\/\/radioinfinitagoya.com.ar\/v1\/2025\/10\/30\/rusia-asesino-en-combate-a-tres-argentinos-alistados-en-el-ejercito-de-ucrania\/"]}]},{"@type":"ImageObject","inLanguage":"es-AR","@id":"https:\/\/radioinfinitagoya.com.ar\/v1\/2025\/10\/30\/rusia-asesino-en-combate-a-tres-argentinos-alistados-en-el-ejercito-de-ucrania\/#primaryimage","url":"https:\/\/radioinfinitagoya.com.ar\/v1\/wp-content\/uploads\/2025\/10\/GTBTDFGA6RAVNC6WGGIZRDAU6M.avif","contentUrl":"https:\/\/radioinfinitagoya.com.ar\/v1\/wp-content\/uploads\/2025\/10\/GTBTDFGA6RAVNC6WGGIZRDAU6M.avif","width":992,"height":558},{"@type":"BreadcrumbList","@id":"https:\/\/radioinfinitagoya.com.ar\/v1\/2025\/10\/30\/rusia-asesino-en-combate-a-tres-argentinos-alistados-en-el-ejercito-de-ucrania\/#breadcrumb","itemListElement":[{"@type":"ListItem","position":1,"name":"Inicio","item":"https:\/\/radioinfinitagoya.com.ar\/v1\/"},{"@type":"ListItem","position":2,"name":"Rusia asesin\u00f3 en combate a tres argentinos alistados en el ej\u00e9rcito de Ucrania"}]},{"@type":"WebSite","@id":"https:\/\/radioinfinitagoya.com.ar\/v1\/#website","url":"https:\/\/radioinfinitagoya.com.ar\/v1\/","name":"radioinfinitagoya.com.ar","description":"Radio de noticias","publisher":{"@id":"https:\/\/radioinfinitagoya.com.ar\/v1\/#organization"},"potentialAction":[{"@type":"SearchAction","target":{"@type":"EntryPoint","urlTemplate":"https:\/\/radioinfinitagoya.com.ar\/v1\/?s={search_term_string}"},"query-input":{"@type":"PropertyValueSpecification","valueRequired":true,"valueName":"search_term_string"}}],"inLanguage":"es-AR"},{"@type":"Organization","@id":"https:\/\/radioinfinitagoya.com.ar\/v1\/#organization","name":"Radio Infinita Goya","url":"https:\/\/radioinfinitagoya.com.ar\/v1\/","logo":{"@type":"ImageObject","inLanguage":"es-AR","@id":"https:\/\/radioinfinitagoya.com.ar\/v1\/#\/schema\/logo\/image\/","url":"https:\/\/radioinfinitagoya.com.ar\/v1\/wp-content\/uploads\/2019\/11\/logo-pie-web.png","contentUrl":"https:\/\/radioinfinitagoya.com.ar\/v1\/wp-content\/uploads\/2019\/11\/logo-pie-web.png","width":635,"height":326,"caption":"Radio Infinita Goya"},"image":{"@id":"https:\/\/radioinfinitagoya.com.ar\/v1\/#\/schema\/logo\/image\/"},"sameAs":["https:\/\/www.facebook.com\/p\/Infinita-Goya-100063870918311\/"]},{"@type":"Person","@id":"https:\/\/radioinfinitagoya.com.ar\/v1\/#\/schema\/person\/d4cf9c413d4f6edb24aabdccab49ca4a","name":"Jorge Mi\u00f1o","image":{"@type":"ImageObject","inLanguage":"es-AR","@id":"https:\/\/secure.gravatar.com\/avatar\/910fcf6728fe95320e07a6643c1581fec1c7fc4bf8ae12e3d8f0d0373dc844be?s=96&d=mm&r=g","url":"https:\/\/secure.gravatar.com\/avatar\/910fcf6728fe95320e07a6643c1581fec1c7fc4bf8ae12e3d8f0d0373dc844be?s=96&d=mm&r=g","contentUrl":"https:\/\/secure.gravatar.com\/avatar\/910fcf6728fe95320e07a6643c1581fec1c7fc4bf8ae12e3d8f0d0373dc844be?s=96&d=mm&r=g","caption":"Jorge Mi\u00f1o"},"sameAs":["http:\/\/radioinfinitagoya.com.ar"]}]}},"_links":{"self":[{"href":"https:\/\/radioinfinitagoya.com.ar\/v1\/wp-json\/wp\/v2\/posts\/198492","targetHints":{"allow":["GET"]}}],"collection":[{"href":"https:\/\/radioinfinitagoya.com.ar\/v1\/wp-json\/wp\/v2\/posts"}],"about":[{"href":"https:\/\/radioinfinitagoya.com.ar\/v1\/wp-json\/wp\/v2\/types\/post"}],"author":[{"embeddable":true,"href":"https:\/\/radioinfinitagoya.com.ar\/v1\/wp-json\/wp\/v2\/users\/4"}],"replies":[{"embeddable":true,"href":"https:\/\/radioinfinitagoya.com.ar\/v1\/wp-json\/wp\/v2\/comments?post=198492"}],"version-history":[{"count":0,"href":"https:\/\/radioinfinitagoya.com.ar\/v1\/wp-json\/wp\/v2\/posts\/198492\/revisions"}],"wp:featuredmedia":[{"embeddable":true,"href":"https:\/\/radioinfinitagoya.com.ar\/v1\/wp-json\/wp\/v2\/media\/198493"}],"wp:attachment":[{"href":"https:\/\/radioinfinitagoya.com.ar\/v1\/wp-json\/wp\/v2\/media?parent=198492"}],"wp:term":[{"taxonomy":"category","embeddable":true,"href":"https:\/\/radioinfinitagoya.com.ar\/v1\/wp-json\/wp\/v2\/categories?post=198492"},{"taxonomy":"post_tag","embeddable":true,"href":"https:\/\/radioinfinitagoya.com.ar\/v1\/wp-json\/wp\/v2\/tags?post=198492"}],"curies":[{"name":"wp","href":"https:\/\/api.w.org\/{rel}","templated":true}]}}