{"id":198500,"date":"2025-10-30T16:45:51","date_gmt":"2025-10-30T19:45:51","guid":{"rendered":"https:\/\/radioinfinitagoya.com.ar\/v1\/?p=198500"},"modified":"2025-10-30T16:45:51","modified_gmt":"2025-10-30T19:45:51","slug":"quirno-expuso-en-diputados-y-desafio-al-kirchnerismo","status":"publish","type":"post","link":"https:\/\/radioinfinitagoya.com.ar\/v1\/2025\/10\/30\/quirno-expuso-en-diputados-y-desafio-al-kirchnerismo\/","title":{"rendered":"Quirno expuso en Diputados y desafi\u00f3 al kirchnerismo"},"content":{"rendered":"<p>\u201cEl mercado ten\u00eda pavor de que ustedes volvieran\u201d<\/p>\n<p>El actual Canciller se present\u00f3 en la comisi\u00f3n de Presupuesto. Habl\u00f3 del apoyo de los EEUU al programa de Milei y rechaz\u00f3 cualquier tipo de pago al respecto. Las bandas cambiarias y el riesgo K<\/p>\n<p>El actual Canciller Pablo Quirno se hizo presente en la Comisi\u00f3n de Presupuesto y Hacienda para exponer respecto a su anterior rol como secretario de Finanzas, ya que a\u00fan no fue nombrado su reemplazante. El hombre que acompa\u00f1\u00f3 a Luis Caputo en todas sus incursiones en la administraci\u00f3n p\u00fablica se mostr\u00f3, al igual que todos los funcionarios que fueron esta semana al Congreso, salvo el secretario de pol\u00edtica universitaria, Alejandro \u00c1lvarez, calmo y receptivo. Aunque tuvo algunas respuestas en modo \u201cchicana\u201d al bloque peronista, se concentr\u00f3 en resaltar el apoyo electoral a Javier Milei.<\/p>\n<p>Una de las primeras preguntas que respondi\u00f3 el funcionario se refiri\u00f3 a su pasado en el JP Morgan, donde se\u00f1al\u00f3: \u201cDej\u00e9 de trabajar ah\u00ed hace 20 a\u00f1os. Todos ac\u00e1 trabajamos en otros lugares, no hace falta explicarlo. Todos los contratos del ministerio cumplen con los requisitos legales y no hay ning\u00fan conflicto de inter\u00e9s\u201d. Quirno llev\u00f3 una presentaci\u00f3n en la que recorri\u00f3 aspectos de la deuda, los montos y las herramientas, y el pasaje del 2023 a la actualidad. En varios momentos de su presentaci\u00f3n hizo referencia a la herencia recibida, a la que calific\u00f3 de \u201cbombas\u201d y de \u201churac\u00e1n nivel 60\u2033.<\/p>\n<p>Apalanc\u00e1ndose en eso, hizo referencia a la ortodoxia del Gobierno y reconoci\u00f3 que en la previa a las elecciones y al apoyo del Tesoro de los EEUU sufrieron una corrida que la explic\u00f3 apuntando a los diputados del bloque de Uni\u00f3n por la Patria. \u201cEs cierto, tuvimos un proceso de corrida, pero porque el mercado ten\u00eda miedo de que volvieran ustedes -los K-. Con el apoyo de la sociedad y el resultado del domingo, eso ya no pas\u00f3\u201d. Pero buena parte del debate se concentr\u00f3 en el apoyo de los EEUU y los detalles del swap, algo que el funcionario evit\u00f3 dar. Respecto al apoyo del Tesoro norteamericano, expres\u00f3: \u201cEl acuerdo es entre el Tesoro norteamericano y el Banco Central; est\u00e1 claro que cuando uno est\u00e1 en este tipo de tratativas todo se hace a derecho, nadie est\u00e1 haciendo nada que no sea dentro de las atribuciones que tenga el Tesoro americano o el Tesoro argentino, o el Banco Central. Todos los pasos necesarios son para cumplir con las leyes actuales\u201d.<\/p>\n<p><img loading=\"lazy\" decoding=\"async\" class=\"alignnone size-full wp-image-198502\" src=\"https:\/\/radioinfinitagoya.com.ar\/v1\/wp-content\/uploads\/2025\/10\/UW2QBX6AZZFBNL4JA4B4QXWHMA.avif\" alt=\"\" width=\"992\" height=\"558\" srcset=\"https:\/\/radioinfinitagoya.com.ar\/v1\/wp-content\/uploads\/2025\/10\/UW2QBX6AZZFBNL4JA4B4QXWHMA.avif 992w, https:\/\/radioinfinitagoya.com.ar\/v1\/wp-content\/uploads\/2025\/10\/UW2QBX6AZZFBNL4JA4B4QXWHMA-747x420.jpg 747w, https:\/\/radioinfinitagoya.com.ar\/v1\/wp-content\/uploads\/2025\/10\/UW2QBX6AZZFBNL4JA4B4QXWHMA-696x392.jpg 696w\" sizes=\"auto, (max-width: 992px) 100vw, 992px\" \/><\/p>\n<p>Luego de se\u00f1alar que el apoyo no era a cambio de nada, sino de la \u201ccontinuidad\u201d de la pol\u00edtica econ\u00f3mica de Milei, dej\u00f3 en claro que tampoco se le exige a la Argentina cancelar el swap con China \u201cni nada relacionado con uranio o litio que, adem\u00e1s, son de las provincias\u201d. \u201cArgentina no tiene un problema de cantidad de deuda, sino de credibilidad y de acceso al mercado. Tuvimos 23 programas con el FMI y no se cumpli\u00f3 ninguno. Estamos tratando de recuperar esa credibilidad\u201d, agreg\u00f3,<\/p>\n<p>Aunque asegur\u00f3 que los EEUU no pide nada a cambio, se\u00f1al\u00f3 que la administraci\u00f3n Trump fue muy expl\u00edcita en el apoyo al gobierno de Milei Cuando le preguntaron cu\u00e1ntos pesos hab\u00edan comprado, Quirno dijo que \u201ccompra como un agente m\u00e1s. Eso no puede determinar un monto porque justamente van a utilizar todo lo que tengan a su alcance para apoyar a una situaci\u00f3n argentina que era de mucha incertidumbre por culpa de ustedes -otra vez se\u00f1al\u00f3 al bloque peronista\u201d.<\/p>\n<p>El ex funcionario de Econom\u00eda festej\u00f3 en modo ir\u00f3nico que el peronismo le preguntara por la acumulaci\u00f3n de reservas, se\u00f1alando que hab\u00edan \u201cganado una batalla\u201d. \u201cNosotros compramos alrededor de USD 26 000 millones, pero que se fueron por los pagos que ten\u00edamos que hacer. Vamos a seguir comprando d\u00f3lares\u201d, explic\u00f3.<\/p>\n<p>\u201cEl super\u00e1vit fiscal solamente se ocupa de cubrir los pagos de intereses, los pagos de capital no pueden ser cubiertos por el super\u00e1vit primario, y como tal el Tesoro est\u00e1 obligado a comprar d\u00f3lares para hacer frente a esas obligaciones\u201d, apunt\u00f3.<\/p>\n<p>Respecto del tipo de cambio, Quirno dijo que el esquema de bandas cambiarias \u201cva a continuar\u201d y evit\u00f3 dar un n\u00famero de cotizaci\u00f3n del d\u00f3lar para el a\u00f1o que viene. \u201cSi seguimos en este camino vamos a tener posibilidad de reducir impuestos distorsivos como son las retenciones. Estamos frente a una oportunidad hist\u00f3rica que la Argentina puede tener una balanza comercial en los pr\u00f3ximos 7 a\u00f1os de USD 100.000 millones\u201d, cerr\u00f3 en lo que pareci\u00f3 ser un mensaje esperanzador.<\/p>\n","protected":false},"excerpt":{"rendered":"<p>\u201cEl mercado ten\u00eda pavor de que ustedes volvieran\u201d El actual Canciller se present\u00f3 en la comisi\u00f3n de Presupuesto. Habl\u00f3 del apoyo de los EEUU al programa de Milei y rechaz\u00f3 cualquier tipo de pago al respecto. Las bandas cambiarias y el riesgo K El actual Canciller Pablo Quirno se hizo presente en la Comisi\u00f3n de [&hellip;]<\/p>\n","protected":false},"author":4,"featured_media":198501,"comment_status":"closed","ping_status":"closed","sticky":false,"template":"","format":"standard","meta":{"_joinchat":[],"footnotes":""},"categories":[25],"tags":[],"class_list":{"0":"post-198500","1":"post","2":"type-post","3":"status-publish","4":"format-standard","5":"has-post-thumbnail","7":"category-destacados"},"yoast_head":"<!-- This site is optimized with the Yoast SEO plugin v27.2 - https:\/\/yoast.com\/product\/yoast-seo-wordpress\/ -->\n<title>Quirno expuso en Diputados y desafi\u00f3 al kirchnerismo - Radio Infinita Goya<\/title>\n<meta name=\"description\" content=\"\u201cEl mercado ten\u00eda pavor de que ustedes volvieran\u201d El actual Canciller se present\u00f3 en la comisi\u00f3n de Presupuesto. Habl\u00f3 del apoyo de los EEUU al programa\" \/>\n<meta name=\"robots\" content=\"index, follow, max-snippet:-1, max-image-preview:large, max-video-preview:-1\" \/>\n<link rel=\"canonical\" href=\"https:\/\/radioinfinitagoya.com.ar\/v1\/2025\/10\/30\/quirno-expuso-en-diputados-y-desafio-al-kirchnerismo\/\" \/>\n<meta property=\"og:locale\" content=\"es_ES\" \/>\n<meta property=\"og:type\" content=\"article\" \/>\n<meta property=\"og:title\" content=\"Quirno expuso en Diputados y desafi\u00f3 al kirchnerismo - Radio Infinita Goya\" \/>\n<meta property=\"og:description\" content=\"\u201cEl mercado ten\u00eda pavor de que ustedes volvieran\u201d El actual Canciller se present\u00f3 en la comisi\u00f3n de Presupuesto. Habl\u00f3 del apoyo de los EEUU al programa\" \/>\n<meta property=\"og:url\" content=\"https:\/\/radioinfinitagoya.com.ar\/v1\/2025\/10\/30\/quirno-expuso-en-diputados-y-desafio-al-kirchnerismo\/\" \/>\n<meta property=\"og:site_name\" content=\"Radio Infinita Goya\" \/>\n<meta property=\"article:publisher\" content=\"https:\/\/www.facebook.com\/p\/Infinita-Goya-100063870918311\/\" \/>\n<meta property=\"article:published_time\" content=\"2025-10-30T19:45:51+00:00\" \/>\n<meta name=\"author\" content=\"Jorge Mi\u00f1o\" \/>\n<meta name=\"twitter:card\" content=\"summary_large_image\" \/>\n<meta name=\"twitter:label1\" content=\"Escrito por\" \/>\n\t<meta name=\"twitter:data1\" content=\"Jorge Mi\u00f1o\" \/>\n\t<meta name=\"twitter:label2\" content=\"Tiempo de lectura\" \/>\n\t<meta name=\"twitter:data2\" content=\"4 minutos\" \/>\n<script type=\"application\/ld+json\" class=\"yoast-schema-graph\">{\"@context\":\"https:\/\/schema.org\",\"@graph\":[{\"@type\":\"Article\",\"@id\":\"https:\/\/radioinfinitagoya.com.ar\/v1\/2025\/10\/30\/quirno-expuso-en-diputados-y-desafio-al-kirchnerismo\/#article\",\"isPartOf\":{\"@id\":\"https:\/\/radioinfinitagoya.com.ar\/v1\/2025\/10\/30\/quirno-expuso-en-diputados-y-desafio-al-kirchnerismo\/\"},\"author\":{\"name\":\"Jorge Mi\u00f1o\",\"@id\":\"https:\/\/radioinfinitagoya.com.ar\/v1\/#\/schema\/person\/d4cf9c413d4f6edb24aabdccab49ca4a\"},\"headline\":\"Quirno expuso en Diputados y desafi\u00f3 al kirchnerismo\",\"datePublished\":\"2025-10-30T19:45:51+00:00\",\"mainEntityOfPage\":{\"@id\":\"https:\/\/radioinfinitagoya.com.ar\/v1\/2025\/10\/30\/quirno-expuso-en-diputados-y-desafio-al-kirchnerismo\/\"},\"wordCount\":791,\"publisher\":{\"@id\":\"https:\/\/radioinfinitagoya.com.ar\/v1\/#organization\"},\"image\":{\"@id\":\"https:\/\/radioinfinitagoya.com.ar\/v1\/2025\/10\/30\/quirno-expuso-en-diputados-y-desafio-al-kirchnerismo\/#primaryimage\"},\"thumbnailUrl\":\"https:\/\/radioinfinitagoya.com.ar\/v1\/wp-content\/uploads\/2025\/10\/5Q2HL7745ZHRHEUMQZWM4NAH6U.avif\",\"articleSection\":[\"DESTACADOS\"],\"inLanguage\":\"es-AR\"},{\"@type\":\"WebPage\",\"@id\":\"https:\/\/radioinfinitagoya.com.ar\/v1\/2025\/10\/30\/quirno-expuso-en-diputados-y-desafio-al-kirchnerismo\/\",\"url\":\"https:\/\/radioinfinitagoya.com.ar\/v1\/2025\/10\/30\/quirno-expuso-en-diputados-y-desafio-al-kirchnerismo\/\",\"name\":\"Quirno expuso en Diputados y desafi\u00f3 al kirchnerismo - Radio Infinita Goya\",\"isPartOf\":{\"@id\":\"https:\/\/radioinfinitagoya.com.ar\/v1\/#website\"},\"primaryImageOfPage\":{\"@id\":\"https:\/\/radioinfinitagoya.com.ar\/v1\/2025\/10\/30\/quirno-expuso-en-diputados-y-desafio-al-kirchnerismo\/#primaryimage\"},\"image\":{\"@id\":\"https:\/\/radioinfinitagoya.com.ar\/v1\/2025\/10\/30\/quirno-expuso-en-diputados-y-desafio-al-kirchnerismo\/#primaryimage\"},\"thumbnailUrl\":\"https:\/\/radioinfinitagoya.com.ar\/v1\/wp-content\/uploads\/2025\/10\/5Q2HL7745ZHRHEUMQZWM4NAH6U.avif\",\"datePublished\":\"2025-10-30T19:45:51+00:00\",\"description\":\"\u201cEl mercado ten\u00eda pavor de que ustedes volvieran\u201d El actual Canciller se present\u00f3 en la comisi\u00f3n de Presupuesto. Habl\u00f3 del apoyo de los EEUU al programa\",\"breadcrumb\":{\"@id\":\"https:\/\/radioinfinitagoya.com.ar\/v1\/2025\/10\/30\/quirno-expuso-en-diputados-y-desafio-al-kirchnerismo\/#breadcrumb\"},\"inLanguage\":\"es-AR\",\"potentialAction\":[{\"@type\":\"ReadAction\",\"target\":[\"https:\/\/radioinfinitagoya.com.ar\/v1\/2025\/10\/30\/quirno-expuso-en-diputados-y-desafio-al-kirchnerismo\/\"]}]},{\"@type\":\"ImageObject\",\"inLanguage\":\"es-AR\",\"@id\":\"https:\/\/radioinfinitagoya.com.ar\/v1\/2025\/10\/30\/quirno-expuso-en-diputados-y-desafio-al-kirchnerismo\/#primaryimage\",\"url\":\"https:\/\/radioinfinitagoya.com.ar\/v1\/wp-content\/uploads\/2025\/10\/5Q2HL7745ZHRHEUMQZWM4NAH6U.avif\",\"contentUrl\":\"https:\/\/radioinfinitagoya.com.ar\/v1\/wp-content\/uploads\/2025\/10\/5Q2HL7745ZHRHEUMQZWM4NAH6U.avif\",\"width\":992,\"height\":558},{\"@type\":\"BreadcrumbList\",\"@id\":\"https:\/\/radioinfinitagoya.com.ar\/v1\/2025\/10\/30\/quirno-expuso-en-diputados-y-desafio-al-kirchnerismo\/#breadcrumb\",\"itemListElement\":[{\"@type\":\"ListItem\",\"position\":1,\"name\":\"Inicio\",\"item\":\"https:\/\/radioinfinitagoya.com.ar\/v1\/\"},{\"@type\":\"ListItem\",\"position\":2,\"name\":\"Quirno expuso en Diputados y desafi\u00f3 al kirchnerismo\"}]},{\"@type\":\"WebSite\",\"@id\":\"https:\/\/radioinfinitagoya.com.ar\/v1\/#website\",\"url\":\"https:\/\/radioinfinitagoya.com.ar\/v1\/\",\"name\":\"radioinfinitagoya.com.ar\",\"description\":\"Radio de noticias\",\"publisher\":{\"@id\":\"https:\/\/radioinfinitagoya.com.ar\/v1\/#organization\"},\"potentialAction\":[{\"@type\":\"SearchAction\",\"target\":{\"@type\":\"EntryPoint\",\"urlTemplate\":\"https:\/\/radioinfinitagoya.com.ar\/v1\/?s={search_term_string}\"},\"query-input\":{\"@type\":\"PropertyValueSpecification\",\"valueRequired\":true,\"valueName\":\"search_term_string\"}}],\"inLanguage\":\"es-AR\"},{\"@type\":\"Organization\",\"@id\":\"https:\/\/radioinfinitagoya.com.ar\/v1\/#organization\",\"name\":\"Radio Infinita Goya\",\"url\":\"https:\/\/radioinfinitagoya.com.ar\/v1\/\",\"logo\":{\"@type\":\"ImageObject\",\"inLanguage\":\"es-AR\",\"@id\":\"https:\/\/radioinfinitagoya.com.ar\/v1\/#\/schema\/logo\/image\/\",\"url\":\"https:\/\/radioinfinitagoya.com.ar\/v1\/wp-content\/uploads\/2019\/11\/logo-pie-web.png\",\"contentUrl\":\"https:\/\/radioinfinitagoya.com.ar\/v1\/wp-content\/uploads\/2019\/11\/logo-pie-web.png\",\"width\":635,\"height\":326,\"caption\":\"Radio Infinita Goya\"},\"image\":{\"@id\":\"https:\/\/radioinfinitagoya.com.ar\/v1\/#\/schema\/logo\/image\/\"},\"sameAs\":[\"https:\/\/www.facebook.com\/p\/Infinita-Goya-100063870918311\/\"]},{\"@type\":\"Person\",\"@id\":\"https:\/\/radioinfinitagoya.com.ar\/v1\/#\/schema\/person\/d4cf9c413d4f6edb24aabdccab49ca4a\",\"name\":\"Jorge Mi\u00f1o\",\"image\":{\"@type\":\"ImageObject\",\"inLanguage\":\"es-AR\",\"@id\":\"https:\/\/secure.gravatar.com\/avatar\/910fcf6728fe95320e07a6643c1581fec1c7fc4bf8ae12e3d8f0d0373dc844be?s=96&d=mm&r=g\",\"url\":\"https:\/\/secure.gravatar.com\/avatar\/910fcf6728fe95320e07a6643c1581fec1c7fc4bf8ae12e3d8f0d0373dc844be?s=96&d=mm&r=g\",\"contentUrl\":\"https:\/\/secure.gravatar.com\/avatar\/910fcf6728fe95320e07a6643c1581fec1c7fc4bf8ae12e3d8f0d0373dc844be?s=96&d=mm&r=g\",\"caption\":\"Jorge Mi\u00f1o\"},\"sameAs\":[\"http:\/\/radioinfinitagoya.com.ar\"]}]}<\/script>\n<!-- \/ Yoast SEO plugin. -->","yoast_head_json":{"title":"Quirno expuso en Diputados y desafi\u00f3 al kirchnerismo - Radio Infinita Goya","description":"\u201cEl mercado ten\u00eda pavor de que ustedes volvieran\u201d El actual Canciller se present\u00f3 en la comisi\u00f3n de Presupuesto. Habl\u00f3 del apoyo de los EEUU al programa","robots":{"index":"index","follow":"follow","max-snippet":"max-snippet:-1","max-image-preview":"max-image-preview:large","max-video-preview":"max-video-preview:-1"},"canonical":"https:\/\/radioinfinitagoya.com.ar\/v1\/2025\/10\/30\/quirno-expuso-en-diputados-y-desafio-al-kirchnerismo\/","og_locale":"es_ES","og_type":"article","og_title":"Quirno expuso en Diputados y desafi\u00f3 al kirchnerismo - Radio Infinita Goya","og_description":"\u201cEl mercado ten\u00eda pavor de que ustedes volvieran\u201d El actual Canciller se present\u00f3 en la comisi\u00f3n de Presupuesto. Habl\u00f3 del apoyo de los EEUU al programa","og_url":"https:\/\/radioinfinitagoya.com.ar\/v1\/2025\/10\/30\/quirno-expuso-en-diputados-y-desafio-al-kirchnerismo\/","og_site_name":"Radio Infinita Goya","article_publisher":"https:\/\/www.facebook.com\/p\/Infinita-Goya-100063870918311\/","article_published_time":"2025-10-30T19:45:51+00:00","author":"Jorge Mi\u00f1o","twitter_card":"summary_large_image","twitter_misc":{"Escrito por":"Jorge Mi\u00f1o","Tiempo de lectura":"4 minutos"},"schema":{"@context":"https:\/\/schema.org","@graph":[{"@type":"Article","@id":"https:\/\/radioinfinitagoya.com.ar\/v1\/2025\/10\/30\/quirno-expuso-en-diputados-y-desafio-al-kirchnerismo\/#article","isPartOf":{"@id":"https:\/\/radioinfinitagoya.com.ar\/v1\/2025\/10\/30\/quirno-expuso-en-diputados-y-desafio-al-kirchnerismo\/"},"author":{"name":"Jorge Mi\u00f1o","@id":"https:\/\/radioinfinitagoya.com.ar\/v1\/#\/schema\/person\/d4cf9c413d4f6edb24aabdccab49ca4a"},"headline":"Quirno expuso en Diputados y desafi\u00f3 al kirchnerismo","datePublished":"2025-10-30T19:45:51+00:00","mainEntityOfPage":{"@id":"https:\/\/radioinfinitagoya.com.ar\/v1\/2025\/10\/30\/quirno-expuso-en-diputados-y-desafio-al-kirchnerismo\/"},"wordCount":791,"publisher":{"@id":"https:\/\/radioinfinitagoya.com.ar\/v1\/#organization"},"image":{"@id":"https:\/\/radioinfinitagoya.com.ar\/v1\/2025\/10\/30\/quirno-expuso-en-diputados-y-desafio-al-kirchnerismo\/#primaryimage"},"thumbnailUrl":"https:\/\/radioinfinitagoya.com.ar\/v1\/wp-content\/uploads\/2025\/10\/5Q2HL7745ZHRHEUMQZWM4NAH6U.avif","articleSection":["DESTACADOS"],"inLanguage":"es-AR"},{"@type":"WebPage","@id":"https:\/\/radioinfinitagoya.com.ar\/v1\/2025\/10\/30\/quirno-expuso-en-diputados-y-desafio-al-kirchnerismo\/","url":"https:\/\/radioinfinitagoya.com.ar\/v1\/2025\/10\/30\/quirno-expuso-en-diputados-y-desafio-al-kirchnerismo\/","name":"Quirno expuso en Diputados y desafi\u00f3 al kirchnerismo - Radio Infinita Goya","isPartOf":{"@id":"https:\/\/radioinfinitagoya.com.ar\/v1\/#website"},"primaryImageOfPage":{"@id":"https:\/\/radioinfinitagoya.com.ar\/v1\/2025\/10\/30\/quirno-expuso-en-diputados-y-desafio-al-kirchnerismo\/#primaryimage"},"image":{"@id":"https:\/\/radioinfinitagoya.com.ar\/v1\/2025\/10\/30\/quirno-expuso-en-diputados-y-desafio-al-kirchnerismo\/#primaryimage"},"thumbnailUrl":"https:\/\/radioinfinitagoya.com.ar\/v1\/wp-content\/uploads\/2025\/10\/5Q2HL7745ZHRHEUMQZWM4NAH6U.avif","datePublished":"2025-10-30T19:45:51+00:00","description":"\u201cEl mercado ten\u00eda pavor de que ustedes volvieran\u201d El actual Canciller se present\u00f3 en la comisi\u00f3n de Presupuesto. Habl\u00f3 del apoyo de los EEUU al programa","breadcrumb":{"@id":"https:\/\/radioinfinitagoya.com.ar\/v1\/2025\/10\/30\/quirno-expuso-en-diputados-y-desafio-al-kirchnerismo\/#breadcrumb"},"inLanguage":"es-AR","potentialAction":[{"@type":"ReadAction","target":["https:\/\/radioinfinitagoya.com.ar\/v1\/2025\/10\/30\/quirno-expuso-en-diputados-y-desafio-al-kirchnerismo\/"]}]},{"@type":"ImageObject","inLanguage":"es-AR","@id":"https:\/\/radioinfinitagoya.com.ar\/v1\/2025\/10\/30\/quirno-expuso-en-diputados-y-desafio-al-kirchnerismo\/#primaryimage","url":"https:\/\/radioinfinitagoya.com.ar\/v1\/wp-content\/uploads\/2025\/10\/5Q2HL7745ZHRHEUMQZWM4NAH6U.avif","contentUrl":"https:\/\/radioinfinitagoya.com.ar\/v1\/wp-content\/uploads\/2025\/10\/5Q2HL7745ZHRHEUMQZWM4NAH6U.avif","width":992,"height":558},{"@type":"BreadcrumbList","@id":"https:\/\/radioinfinitagoya.com.ar\/v1\/2025\/10\/30\/quirno-expuso-en-diputados-y-desafio-al-kirchnerismo\/#breadcrumb","itemListElement":[{"@type":"ListItem","position":1,"name":"Inicio","item":"https:\/\/radioinfinitagoya.com.ar\/v1\/"},{"@type":"ListItem","position":2,"name":"Quirno expuso en Diputados y desafi\u00f3 al kirchnerismo"}]},{"@type":"WebSite","@id":"https:\/\/radioinfinitagoya.com.ar\/v1\/#website","url":"https:\/\/radioinfinitagoya.com.ar\/v1\/","name":"radioinfinitagoya.com.ar","description":"Radio de noticias","publisher":{"@id":"https:\/\/radioinfinitagoya.com.ar\/v1\/#organization"},"potentialAction":[{"@type":"SearchAction","target":{"@type":"EntryPoint","urlTemplate":"https:\/\/radioinfinitagoya.com.ar\/v1\/?s={search_term_string}"},"query-input":{"@type":"PropertyValueSpecification","valueRequired":true,"valueName":"search_term_string"}}],"inLanguage":"es-AR"},{"@type":"Organization","@id":"https:\/\/radioinfinitagoya.com.ar\/v1\/#organization","name":"Radio Infinita Goya","url":"https:\/\/radioinfinitagoya.com.ar\/v1\/","logo":{"@type":"ImageObject","inLanguage":"es-AR","@id":"https:\/\/radioinfinitagoya.com.ar\/v1\/#\/schema\/logo\/image\/","url":"https:\/\/radioinfinitagoya.com.ar\/v1\/wp-content\/uploads\/2019\/11\/logo-pie-web.png","contentUrl":"https:\/\/radioinfinitagoya.com.ar\/v1\/wp-content\/uploads\/2019\/11\/logo-pie-web.png","width":635,"height":326,"caption":"Radio Infinita Goya"},"image":{"@id":"https:\/\/radioinfinitagoya.com.ar\/v1\/#\/schema\/logo\/image\/"},"sameAs":["https:\/\/www.facebook.com\/p\/Infinita-Goya-100063870918311\/"]},{"@type":"Person","@id":"https:\/\/radioinfinitagoya.com.ar\/v1\/#\/schema\/person\/d4cf9c413d4f6edb24aabdccab49ca4a","name":"Jorge Mi\u00f1o","image":{"@type":"ImageObject","inLanguage":"es-AR","@id":"https:\/\/secure.gravatar.com\/avatar\/910fcf6728fe95320e07a6643c1581fec1c7fc4bf8ae12e3d8f0d0373dc844be?s=96&d=mm&r=g","url":"https:\/\/secure.gravatar.com\/avatar\/910fcf6728fe95320e07a6643c1581fec1c7fc4bf8ae12e3d8f0d0373dc844be?s=96&d=mm&r=g","contentUrl":"https:\/\/secure.gravatar.com\/avatar\/910fcf6728fe95320e07a6643c1581fec1c7fc4bf8ae12e3d8f0d0373dc844be?s=96&d=mm&r=g","caption":"Jorge Mi\u00f1o"},"sameAs":["http:\/\/radioinfinitagoya.com.ar"]}]}},"_links":{"self":[{"href":"https:\/\/radioinfinitagoya.com.ar\/v1\/wp-json\/wp\/v2\/posts\/198500","targetHints":{"allow":["GET"]}}],"collection":[{"href":"https:\/\/radioinfinitagoya.com.ar\/v1\/wp-json\/wp\/v2\/posts"}],"about":[{"href":"https:\/\/radioinfinitagoya.com.ar\/v1\/wp-json\/wp\/v2\/types\/post"}],"author":[{"embeddable":true,"href":"https:\/\/radioinfinitagoya.com.ar\/v1\/wp-json\/wp\/v2\/users\/4"}],"replies":[{"embeddable":true,"href":"https:\/\/radioinfinitagoya.com.ar\/v1\/wp-json\/wp\/v2\/comments?post=198500"}],"version-history":[{"count":0,"href":"https:\/\/radioinfinitagoya.com.ar\/v1\/wp-json\/wp\/v2\/posts\/198500\/revisions"}],"wp:featuredmedia":[{"embeddable":true,"href":"https:\/\/radioinfinitagoya.com.ar\/v1\/wp-json\/wp\/v2\/media\/198501"}],"wp:attachment":[{"href":"https:\/\/radioinfinitagoya.com.ar\/v1\/wp-json\/wp\/v2\/media?parent=198500"}],"wp:term":[{"taxonomy":"category","embeddable":true,"href":"https:\/\/radioinfinitagoya.com.ar\/v1\/wp-json\/wp\/v2\/categories?post=198500"},{"taxonomy":"post_tag","embeddable":true,"href":"https:\/\/radioinfinitagoya.com.ar\/v1\/wp-json\/wp\/v2\/tags?post=198500"}],"curies":[{"name":"wp","href":"https:\/\/api.w.org\/{rel}","templated":true}]}}