{"id":198504,"date":"2025-10-30T19:05:08","date_gmt":"2025-10-30T22:05:08","guid":{"rendered":"https:\/\/radioinfinitagoya.com.ar\/v1\/?p=198504"},"modified":"2025-10-30T19:05:08","modified_gmt":"2025-10-30T22:05:08","slug":"javier-milei-se-reunio-con-los-gobernadores-en-casa-rosada-para-acordar-reformas","status":"publish","type":"post","link":"https:\/\/radioinfinitagoya.com.ar\/v1\/2025\/10\/30\/javier-milei-se-reunio-con-los-gobernadores-en-casa-rosada-para-acordar-reformas\/","title":{"rendered":"Javier Milei se reuni\u00f3 con los gobernadores en Casa Rosada para acordar reformas"},"content":{"rendered":"<p>El jefe de Gabinete, Guillermo Francos, curs\u00f3 la convocatoria a mandatarios aliados y a otros que suelen ser opositores. Tambi\u00e9n participaron todos los ministros del gobierno nacional. Habr\u00e1 una declaraci\u00f3n del vocero presidencial, Manuel Adorni<\/p>\n<p>Con el objetivo de retomar el v\u00ednculo con las provincias, este jueves por la tarde se produce una cumbre en Casa Rosada entre el presidente Javier Milei y 20 gobernadores, la cual busca comenzar a debatir los consensos para las reformas estructurales libertarias y el Presupuesto 2026 que se tratar\u00e1 en semanas en el Congreso.<\/p>\n<p>El encuentro inici\u00f3 pocos minutos despu\u00e9s de las 17:00, tal como estaba previsto originalmente, en el Sal\u00f3n Eva Per\u00f3n del primer piso de Balcarce 50.<\/p>\n<p>Como otro gesto de acercamiento y de apertura al di\u00e1logo, el l\u00edder libertario decidi\u00f3 sumar a la reuni\u00f3n a todo su Gabinete, y no solamente a aquellos que est\u00e1n encargados del v\u00ednculo con las provincias.<\/p>\n<p>En un principio, el l\u00edder libertario iba a estar acompa\u00f1ado \u00fanicamente por el jefe de Gabinete, Guillermo Francos, y los ministros de Econom\u00eda, Luis Caputo, y de Interior, Lisandro Catal\u00e1n.<\/p>\n<p>En las \u00faltimas horas, Milei convoc\u00f3 tambi\u00e9n al resto del equipo, por lo que se sumaron el asesor, Santiago Caputo; la secretaria general, Karina Milei; el vocero, Manuel Adorni; y los ministros Patricia Bullrich (Seguridad), Luis Petri (Defensa), Federico Sturzenegger (Desregulaci\u00f3n y Transformaci\u00f3n del Estado), Mariano C\u00faneo Libarona (Justicia), Sandra Pettovello (Capital Humano) y Mario Lugones (Salud).<\/p>\n<p>Tambi\u00e9n estaban el flamante canciller, Pablo Quirno, que asumi\u00f3 hace tan solo unos d\u00edas; el presidente del Banco Central, Santiago Bausili; la secretaria de Legal y T\u00e9cnica, Mar\u00eda Ibarz\u00e1bal Murphy, y el titular de la C\u00e1mara de Diputados, Mart\u00edn Menem.<\/p>\n<p>La lista de invitados provisoria la configuran los 18 mandatarios provinciales que firmaron el Pacto de Mayo a mediados del a\u00f1o pasado y dos integrantes adicionales, el santacruce\u00f1o Claudio Vidal y el pampeano Sergio Ziliotto, quien suele ser ubicado como uno de los gobernadores m\u00e1s opositores al Gobierno.<\/p>\n<p><img loading=\"lazy\" decoding=\"async\" class=\"alignnone size-full wp-image-198506\" src=\"https:\/\/radioinfinitagoya.com.ar\/v1\/wp-content\/uploads\/2025\/10\/4M6WW4XEPZGVZGKHLGKEFNF2IU.avif\" alt=\"\" width=\"992\" height=\"660\" srcset=\"https:\/\/radioinfinitagoya.com.ar\/v1\/wp-content\/uploads\/2025\/10\/4M6WW4XEPZGVZGKHLGKEFNF2IU.avif 992w, https:\/\/radioinfinitagoya.com.ar\/v1\/wp-content\/uploads\/2025\/10\/4M6WW4XEPZGVZGKHLGKEFNF2IU-631x420.jpg 631w, https:\/\/radioinfinitagoya.com.ar\/v1\/wp-content\/uploads\/2025\/10\/4M6WW4XEPZGVZGKHLGKEFNF2IU-696x463.jpg 696w\" sizes=\"auto, (max-width: 992px) 100vw, 992px\" \/><\/p>\n<p>Los primeros en llegar fueron los mandatarios de Chubut, Ignacio \u201cNacho\u201d Torres, y de Santa Cruz, Claudio Vidal, quienes fueron recibidos por el jefe de Gabinete, Guillermo Francos, para una reuni\u00f3n previa por temas de sus provincias.<\/p>\n<p>Los patag\u00f3nicos le reclaman a la Naci\u00f3n que se eliminen por completo las retenciones al petr\u00f3leo crudo convencional, por lo que de la conversaci\u00f3n tambi\u00e9n participaban empresarios y dirigentes gremiales del sector.<\/p>\n<p>\u201cLas operadoras, que hoy van a estar presentes, se comprometen a que todo el ahorro fiscal va a ser inversi\u00f3n directa para producir m\u00e1s crudo escalante, que es lo que se demanda hoy en el mundo\u201d, explic\u00f3 Torres antes de ingresar a Balcarce 50.<\/p>\n<p>El chubutense sostuvo que, si esta iniciativa prospera, \u201cser\u00eda la primera vez que haya una baja real de impuestos, regal\u00edas, y que los gremios, gobiernos, municipios y empresas se pongan de acuerdo para ser m\u00e1s competitivos y producir m\u00e1s\u201d.<\/p>\n<p><img loading=\"lazy\" decoding=\"async\" class=\"alignnone size-full wp-image-198507\" src=\"https:\/\/radioinfinitagoya.com.ar\/v1\/wp-content\/uploads\/2025\/10\/SOXF6VMEMFG7ZMI6ST54N4BEP4.avif\" alt=\"\" width=\"992\" height=\"660\" srcset=\"https:\/\/radioinfinitagoya.com.ar\/v1\/wp-content\/uploads\/2025\/10\/SOXF6VMEMFG7ZMI6ST54N4BEP4.avif 992w, https:\/\/radioinfinitagoya.com.ar\/v1\/wp-content\/uploads\/2025\/10\/SOXF6VMEMFG7ZMI6ST54N4BEP4-631x420.jpg 631w, https:\/\/radioinfinitagoya.com.ar\/v1\/wp-content\/uploads\/2025\/10\/SOXF6VMEMFG7ZMI6ST54N4BEP4-696x463.jpg 696w\" sizes=\"auto, (max-width: 992px) 100vw, 992px\" \/><\/p>\n<p>El resto de los gobernadores empezaron a llegar a la sede de la administraci\u00f3n nacional m\u00e1s cerca de las 17:00 y fueron trasladados primeros al Sal\u00f3n Norte, donde esperaron unos minutos hasta que fueron recibidos por el Presidente.<\/p>\n<p>La reuni\u00f3n amplia con gobernadores responde a la nueva postura marcada por Milei de ampliar la base de sustentaci\u00f3n pol\u00edtica del oficialismo a trav\u00e9s del acuerdo con gobernadores. Esta busca impulsar las principales reformas que la Casa Rosada considera prioritarias con vista a los pr\u00f3ximos dos a\u00f1os. Las primeras son la tributaria y la laboral, que para los libertarios son definidas como indispensables para crear condiciones estructurales para la generaci\u00f3n de empleo.<\/p>\n<p>\u201cQueremos invitar a la gran mayor\u00eda de los gobernadores que tendr\u00e1n representaci\u00f3n parlamentaria a discutir estos acuerdos. En definitiva, ahora s\u00ed podremos transformar en leyes las consignas del Pacto de Mayo. Vamos a poder sentarnos a discutir las bases para una Argentina distinta, una Argentina que hoy en d\u00eda no nos podemos imaginar&#8221;, esgrimi\u00f3 el jefe de Estado en su discurso luego de la victoria electoral.<\/p>\n<p><img loading=\"lazy\" decoding=\"async\" class=\"alignnone size-full wp-image-198508\" src=\"https:\/\/radioinfinitagoya.com.ar\/v1\/wp-content\/uploads\/2025\/10\/6H5ROYU2T5GJTNCO37J46YVCBQ.avif\" alt=\"\" width=\"992\" height=\"661\" srcset=\"https:\/\/radioinfinitagoya.com.ar\/v1\/wp-content\/uploads\/2025\/10\/6H5ROYU2T5GJTNCO37J46YVCBQ.avif 992w, https:\/\/radioinfinitagoya.com.ar\/v1\/wp-content\/uploads\/2025\/10\/6H5ROYU2T5GJTNCO37J46YVCBQ-630x420.jpg 630w, https:\/\/radioinfinitagoya.com.ar\/v1\/wp-content\/uploads\/2025\/10\/6H5ROYU2T5GJTNCO37J46YVCBQ-696x464.jpg 696w\" sizes=\"auto, (max-width: 992px) 100vw, 992px\" \/><\/p>\n<p>Por parte de los gobernadores, confirmaron Carlos Sadir (Jujuy), Jorge Macri (Ciudad de Buenos Aires), Maxmiliano Pullaro (Santa Fe), Rogelio Frigerio (Entre R\u00edos), Hebe Casado (vice en Mendoza), Ignacio \u201cNacho\u201d Torres (Chubut), Ra\u00fal Jalil (Catamarca) Osvaldo Jaldo (Tucum\u00e1n), Hugo Passalacqua (Misiones), Zulema Reina (vice en Neuqu\u00e9n) y Claudio Poggi (San Luis).<\/p>\n<p>Tambi\u00e9n participar\u00e1n Alberto Weretilneck (R\u00edo Negro), Gustavo S\u00e1enz (Salta), Marcelo Orrego (San Juan) y Silvana Schneider (vice en Chaco), Mart\u00edn Llaryora (C\u00f3rdoba), Gustavo Vald\u00e9s (Corrientes), Gerardo Zamora (Santiago del Estero), Sergio Ziliotto (La Pampa), Claudio Vidal (Santa Cruz).<\/p>\n<p>Estos dos \u00faltimos no participaron de la firma del Pacto de Mayo, el acuerdo de diez cl\u00e1usulas clave para impulsar pol\u00edticas p\u00fablicas y cambios estructurales de diversa \u00edndole. Aun as\u00ed, ayer fueron contactados por Francos y Catal\u00e1n para ampliar la invitaci\u00f3n. De la foto con el Presidente quedar\u00e1n afuera Axel Kicillof (Buenos Aires), Gildo Insfr\u00e1n (Formosa) Ricardo Quintela (La Rioja) y Gustavo Melella (Tierra del Fuego). Los libertarios consideran que son dirigentes con los que no se debe abrir la mesa de debate nacional.<\/p>\n<p><img loading=\"lazy\" decoding=\"async\" class=\"alignnone size-full wp-image-198509\" src=\"https:\/\/radioinfinitagoya.com.ar\/v1\/wp-content\/uploads\/2025\/10\/7YMQOYHAIBA2JJKTYDRPPKH57E.avif\" alt=\"\" width=\"992\" height=\"558\" srcset=\"https:\/\/radioinfinitagoya.com.ar\/v1\/wp-content\/uploads\/2025\/10\/7YMQOYHAIBA2JJKTYDRPPKH57E.avif 992w, https:\/\/radioinfinitagoya.com.ar\/v1\/wp-content\/uploads\/2025\/10\/7YMQOYHAIBA2JJKTYDRPPKH57E-747x420.jpg 747w, https:\/\/radioinfinitagoya.com.ar\/v1\/wp-content\/uploads\/2025\/10\/7YMQOYHAIBA2JJKTYDRPPKH57E-696x392.jpg 696w\" sizes=\"auto, (max-width: 992px) 100vw, 992px\" \/><\/p>\n<p>La foto buscar\u00e1 reeditar la reuni\u00f3n que Milei tuvo en los primeros d\u00edas de su gesti\u00f3n, cuando hab\u00eda logrado convocar a todos los gobernadores del pa\u00eds. Ese \u00e1nimo de concertaci\u00f3n no dur\u00f3 demasiado porque a los pocos d\u00edas se public\u00f3 el Decreto 70\/23 de desregulaci\u00f3n econ\u00f3mica y se envi\u00f3 al Congreso la primera versi\u00f3n de la Ley Bases.<\/p>\n<p>A pesar del debate legislativo y las rispideces acumuladas con varios de los mandatarios provinciales, en julio del a\u00f1o pasado el Presidente logr\u00f3 convocar a 18 gobernadores para la firma del Pacto de Mayo. Esto deriv\u00f3 en que un a\u00f1o despu\u00e9s el Gobierno creara el Consejo de Mayo, que tiene por objetivo el debate y la creaci\u00f3n de pol\u00edticas p\u00fablicas enmarcadas en las cl\u00e1usulas del Acta de Mayo.<\/p>\n<p>Los \u00faltimos meses fueron complicados para el di\u00e1logo entre Naci\u00f3n y las provincias. La Libertad Avanza adopt\u00f3 una posici\u00f3n ofensiva en su armado electoral y compiti\u00f3 con los oficialismos de varios gobernadores, tanto en las nacionales como en comicios provinciales. Tambi\u00e9n hubo un fuerte desgaste por la merma de fondos desde la Casa Rosada hacia las arcas provinciales.<\/p>\n<p>Una acumulaci\u00f3n de ambos factores gener\u00f3 incentivos para que varios de los gobernadores aunaran fuerzas para confrontar con el Gobierno. Varios de ellos crearon la fuerza Provincias Unidas, que compiti\u00f3 contra LLA en varios distritos sin lograr el efecto esperado: pese a presentarse con candidatos fuertes, perdieron por amplia diferencia en la gran mayor\u00eda de los lugares en donde se presentaron.<\/p>\n<p>Con la victoria nacional, el oficialismo se siente empoderado y busca aprovechar el momento de vulnerabilidad pol\u00edtica por la que transitan varios gobernadores. En varias provincias solicitan que una base del acuerdo puede iniciarse con ciertas concesiones en el Presupuesto 2026. Hablan de que minimizar el super\u00e1vit fiscal proyectado para ese a\u00f1o de 1,5% a 0,9% podr\u00eda ser suficiente para utilizar esos fondos en obras p\u00fablicas y fondos federales. Si se logra algo similar, en varias de ellas creen que la Casa Rosada puede recuperar la credibilidad perdida este a\u00f1o y estar muy cerca de aprobar la reforma laboral y la tributaria.<\/p>\n<p>En di\u00e1logo con Radio Rivadavia, el jefe de Gabinete adelant\u00f3 este jueves que el presidente Javier Milei \u201cva a plantearle a los gobernadores que avancemos en estos temas\u201d, adem\u00e1s de apurar la aprobaci\u00f3n del Presupuesto Nacional 2026. \u201cSacamos la Ley Bases con un bloque de solo 36 diputados, ahora cambia el panorama con un bloque de 100 diputados propios, m\u00e1s muchos otros legisladores que miran la realidad del pa\u00eds de manera muy parecida a la nuestra\u201d, asever\u00f3.<\/p>\n","protected":false},"excerpt":{"rendered":"<p>El jefe de Gabinete, Guillermo Francos, curs\u00f3 la convocatoria a mandatarios aliados y a otros que suelen ser opositores. Tambi\u00e9n participaron todos los ministros del gobierno nacional. Habr\u00e1 una declaraci\u00f3n del vocero presidencial, Manuel Adorni Con el objetivo de retomar el v\u00ednculo con las provincias, este jueves por la tarde se produce una cumbre en [&hellip;]<\/p>\n","protected":false},"author":4,"featured_media":198505,"comment_status":"closed","ping_status":"closed","sticky":false,"template":"","format":"standard","meta":{"_joinchat":[],"footnotes":""},"categories":[34],"tags":[],"class_list":{"0":"post-198504","1":"post","2":"type-post","3":"status-publish","4":"format-standard","5":"has-post-thumbnail","7":"category-principal"},"yoast_head":"<!-- This site is optimized with the Yoast SEO plugin v27.2 - https:\/\/yoast.com\/product\/yoast-seo-wordpress\/ -->\n<title>Javier Milei se reuni\u00f3 con los gobernadores en Casa Rosada para acordar reformas - Radio Infinita Goya<\/title>\n<meta name=\"description\" content=\"El jefe de Gabinete, Guillermo Francos, curs\u00f3 la convocatoria a mandatarios aliados y a otros que suelen ser opositores. Tambi\u00e9n participaron todos los\" \/>\n<meta name=\"robots\" content=\"index, follow, max-snippet:-1, max-image-preview:large, max-video-preview:-1\" \/>\n<link rel=\"canonical\" href=\"https:\/\/radioinfinitagoya.com.ar\/v1\/2025\/10\/30\/javier-milei-se-reunio-con-los-gobernadores-en-casa-rosada-para-acordar-reformas\/\" \/>\n<meta property=\"og:locale\" content=\"es_ES\" \/>\n<meta property=\"og:type\" content=\"article\" \/>\n<meta property=\"og:title\" content=\"Javier Milei se reuni\u00f3 con los gobernadores en Casa Rosada para acordar reformas - Radio Infinita Goya\" \/>\n<meta property=\"og:description\" content=\"El jefe de Gabinete, Guillermo Francos, curs\u00f3 la convocatoria a mandatarios aliados y a otros que suelen ser opositores. Tambi\u00e9n participaron todos los\" \/>\n<meta property=\"og:url\" content=\"https:\/\/radioinfinitagoya.com.ar\/v1\/2025\/10\/30\/javier-milei-se-reunio-con-los-gobernadores-en-casa-rosada-para-acordar-reformas\/\" \/>\n<meta property=\"og:site_name\" content=\"Radio Infinita Goya\" \/>\n<meta property=\"article:publisher\" content=\"https:\/\/www.facebook.com\/p\/Infinita-Goya-100063870918311\/\" \/>\n<meta property=\"article:published_time\" content=\"2025-10-30T22:05:08+00:00\" \/>\n<meta name=\"author\" content=\"Jorge Mi\u00f1o\" \/>\n<meta name=\"twitter:card\" content=\"summary_large_image\" \/>\n<meta name=\"twitter:label1\" content=\"Escrito por\" \/>\n\t<meta name=\"twitter:data1\" content=\"Jorge Mi\u00f1o\" \/>\n\t<meta name=\"twitter:label2\" content=\"Tiempo de lectura\" \/>\n\t<meta name=\"twitter:data2\" content=\"7 minutos\" \/>\n<script type=\"application\/ld+json\" class=\"yoast-schema-graph\">{\"@context\":\"https:\/\/schema.org\",\"@graph\":[{\"@type\":\"Article\",\"@id\":\"https:\/\/radioinfinitagoya.com.ar\/v1\/2025\/10\/30\/javier-milei-se-reunio-con-los-gobernadores-en-casa-rosada-para-acordar-reformas\/#article\",\"isPartOf\":{\"@id\":\"https:\/\/radioinfinitagoya.com.ar\/v1\/2025\/10\/30\/javier-milei-se-reunio-con-los-gobernadores-en-casa-rosada-para-acordar-reformas\/\"},\"author\":{\"name\":\"Jorge Mi\u00f1o\",\"@id\":\"https:\/\/radioinfinitagoya.com.ar\/v1\/#\/schema\/person\/d4cf9c413d4f6edb24aabdccab49ca4a\"},\"headline\":\"Javier Milei se reuni\u00f3 con los gobernadores en Casa Rosada para acordar reformas\",\"datePublished\":\"2025-10-30T22:05:08+00:00\",\"mainEntityOfPage\":{\"@id\":\"https:\/\/radioinfinitagoya.com.ar\/v1\/2025\/10\/30\/javier-milei-se-reunio-con-los-gobernadores-en-casa-rosada-para-acordar-reformas\/\"},\"wordCount\":1355,\"publisher\":{\"@id\":\"https:\/\/radioinfinitagoya.com.ar\/v1\/#organization\"},\"image\":{\"@id\":\"https:\/\/radioinfinitagoya.com.ar\/v1\/2025\/10\/30\/javier-milei-se-reunio-con-los-gobernadores-en-casa-rosada-para-acordar-reformas\/#primaryimage\"},\"thumbnailUrl\":\"https:\/\/radioinfinitagoya.com.ar\/v1\/wp-content\/uploads\/2025\/10\/6KEUCUC44NF7HH3BFWESWOWVJQ.avif\",\"articleSection\":[\"PRINCIPAL\"],\"inLanguage\":\"es-AR\"},{\"@type\":\"WebPage\",\"@id\":\"https:\/\/radioinfinitagoya.com.ar\/v1\/2025\/10\/30\/javier-milei-se-reunio-con-los-gobernadores-en-casa-rosada-para-acordar-reformas\/\",\"url\":\"https:\/\/radioinfinitagoya.com.ar\/v1\/2025\/10\/30\/javier-milei-se-reunio-con-los-gobernadores-en-casa-rosada-para-acordar-reformas\/\",\"name\":\"Javier Milei se reuni\u00f3 con los gobernadores en Casa Rosada para acordar reformas - Radio Infinita Goya\",\"isPartOf\":{\"@id\":\"https:\/\/radioinfinitagoya.com.ar\/v1\/#website\"},\"primaryImageOfPage\":{\"@id\":\"https:\/\/radioinfinitagoya.com.ar\/v1\/2025\/10\/30\/javier-milei-se-reunio-con-los-gobernadores-en-casa-rosada-para-acordar-reformas\/#primaryimage\"},\"image\":{\"@id\":\"https:\/\/radioinfinitagoya.com.ar\/v1\/2025\/10\/30\/javier-milei-se-reunio-con-los-gobernadores-en-casa-rosada-para-acordar-reformas\/#primaryimage\"},\"thumbnailUrl\":\"https:\/\/radioinfinitagoya.com.ar\/v1\/wp-content\/uploads\/2025\/10\/6KEUCUC44NF7HH3BFWESWOWVJQ.avif\",\"datePublished\":\"2025-10-30T22:05:08+00:00\",\"description\":\"El jefe de Gabinete, Guillermo Francos, curs\u00f3 la convocatoria a mandatarios aliados y a otros que suelen ser opositores. Tambi\u00e9n participaron todos los\",\"breadcrumb\":{\"@id\":\"https:\/\/radioinfinitagoya.com.ar\/v1\/2025\/10\/30\/javier-milei-se-reunio-con-los-gobernadores-en-casa-rosada-para-acordar-reformas\/#breadcrumb\"},\"inLanguage\":\"es-AR\",\"potentialAction\":[{\"@type\":\"ReadAction\",\"target\":[\"https:\/\/radioinfinitagoya.com.ar\/v1\/2025\/10\/30\/javier-milei-se-reunio-con-los-gobernadores-en-casa-rosada-para-acordar-reformas\/\"]}]},{\"@type\":\"ImageObject\",\"inLanguage\":\"es-AR\",\"@id\":\"https:\/\/radioinfinitagoya.com.ar\/v1\/2025\/10\/30\/javier-milei-se-reunio-con-los-gobernadores-en-casa-rosada-para-acordar-reformas\/#primaryimage\",\"url\":\"https:\/\/radioinfinitagoya.com.ar\/v1\/wp-content\/uploads\/2025\/10\/6KEUCUC44NF7HH3BFWESWOWVJQ.avif\",\"contentUrl\":\"https:\/\/radioinfinitagoya.com.ar\/v1\/wp-content\/uploads\/2025\/10\/6KEUCUC44NF7HH3BFWESWOWVJQ.avif\",\"width\":992,\"height\":660},{\"@type\":\"BreadcrumbList\",\"@id\":\"https:\/\/radioinfinitagoya.com.ar\/v1\/2025\/10\/30\/javier-milei-se-reunio-con-los-gobernadores-en-casa-rosada-para-acordar-reformas\/#breadcrumb\",\"itemListElement\":[{\"@type\":\"ListItem\",\"position\":1,\"name\":\"Inicio\",\"item\":\"https:\/\/radioinfinitagoya.com.ar\/v1\/\"},{\"@type\":\"ListItem\",\"position\":2,\"name\":\"Javier Milei se reuni\u00f3 con los gobernadores en Casa Rosada para acordar reformas\"}]},{\"@type\":\"WebSite\",\"@id\":\"https:\/\/radioinfinitagoya.com.ar\/v1\/#website\",\"url\":\"https:\/\/radioinfinitagoya.com.ar\/v1\/\",\"name\":\"radioinfinitagoya.com.ar\",\"description\":\"Radio de noticias\",\"publisher\":{\"@id\":\"https:\/\/radioinfinitagoya.com.ar\/v1\/#organization\"},\"potentialAction\":[{\"@type\":\"SearchAction\",\"target\":{\"@type\":\"EntryPoint\",\"urlTemplate\":\"https:\/\/radioinfinitagoya.com.ar\/v1\/?s={search_term_string}\"},\"query-input\":{\"@type\":\"PropertyValueSpecification\",\"valueRequired\":true,\"valueName\":\"search_term_string\"}}],\"inLanguage\":\"es-AR\"},{\"@type\":\"Organization\",\"@id\":\"https:\/\/radioinfinitagoya.com.ar\/v1\/#organization\",\"name\":\"Radio Infinita Goya\",\"url\":\"https:\/\/radioinfinitagoya.com.ar\/v1\/\",\"logo\":{\"@type\":\"ImageObject\",\"inLanguage\":\"es-AR\",\"@id\":\"https:\/\/radioinfinitagoya.com.ar\/v1\/#\/schema\/logo\/image\/\",\"url\":\"https:\/\/radioinfinitagoya.com.ar\/v1\/wp-content\/uploads\/2019\/11\/logo-pie-web.png\",\"contentUrl\":\"https:\/\/radioinfinitagoya.com.ar\/v1\/wp-content\/uploads\/2019\/11\/logo-pie-web.png\",\"width\":635,\"height\":326,\"caption\":\"Radio Infinita Goya\"},\"image\":{\"@id\":\"https:\/\/radioinfinitagoya.com.ar\/v1\/#\/schema\/logo\/image\/\"},\"sameAs\":[\"https:\/\/www.facebook.com\/p\/Infinita-Goya-100063870918311\/\"]},{\"@type\":\"Person\",\"@id\":\"https:\/\/radioinfinitagoya.com.ar\/v1\/#\/schema\/person\/d4cf9c413d4f6edb24aabdccab49ca4a\",\"name\":\"Jorge Mi\u00f1o\",\"image\":{\"@type\":\"ImageObject\",\"inLanguage\":\"es-AR\",\"@id\":\"https:\/\/secure.gravatar.com\/avatar\/910fcf6728fe95320e07a6643c1581fec1c7fc4bf8ae12e3d8f0d0373dc844be?s=96&d=mm&r=g\",\"url\":\"https:\/\/secure.gravatar.com\/avatar\/910fcf6728fe95320e07a6643c1581fec1c7fc4bf8ae12e3d8f0d0373dc844be?s=96&d=mm&r=g\",\"contentUrl\":\"https:\/\/secure.gravatar.com\/avatar\/910fcf6728fe95320e07a6643c1581fec1c7fc4bf8ae12e3d8f0d0373dc844be?s=96&d=mm&r=g\",\"caption\":\"Jorge Mi\u00f1o\"},\"sameAs\":[\"http:\/\/radioinfinitagoya.com.ar\"]}]}<\/script>\n<!-- \/ Yoast SEO plugin. -->","yoast_head_json":{"title":"Javier Milei se reuni\u00f3 con los gobernadores en Casa Rosada para acordar reformas - Radio Infinita Goya","description":"El jefe de Gabinete, Guillermo Francos, curs\u00f3 la convocatoria a mandatarios aliados y a otros que suelen ser opositores. Tambi\u00e9n participaron todos los","robots":{"index":"index","follow":"follow","max-snippet":"max-snippet:-1","max-image-preview":"max-image-preview:large","max-video-preview":"max-video-preview:-1"},"canonical":"https:\/\/radioinfinitagoya.com.ar\/v1\/2025\/10\/30\/javier-milei-se-reunio-con-los-gobernadores-en-casa-rosada-para-acordar-reformas\/","og_locale":"es_ES","og_type":"article","og_title":"Javier Milei se reuni\u00f3 con los gobernadores en Casa Rosada para acordar reformas - Radio Infinita Goya","og_description":"El jefe de Gabinete, Guillermo Francos, curs\u00f3 la convocatoria a mandatarios aliados y a otros que suelen ser opositores. Tambi\u00e9n participaron todos los","og_url":"https:\/\/radioinfinitagoya.com.ar\/v1\/2025\/10\/30\/javier-milei-se-reunio-con-los-gobernadores-en-casa-rosada-para-acordar-reformas\/","og_site_name":"Radio Infinita Goya","article_publisher":"https:\/\/www.facebook.com\/p\/Infinita-Goya-100063870918311\/","article_published_time":"2025-10-30T22:05:08+00:00","author":"Jorge Mi\u00f1o","twitter_card":"summary_large_image","twitter_misc":{"Escrito por":"Jorge Mi\u00f1o","Tiempo de lectura":"7 minutos"},"schema":{"@context":"https:\/\/schema.org","@graph":[{"@type":"Article","@id":"https:\/\/radioinfinitagoya.com.ar\/v1\/2025\/10\/30\/javier-milei-se-reunio-con-los-gobernadores-en-casa-rosada-para-acordar-reformas\/#article","isPartOf":{"@id":"https:\/\/radioinfinitagoya.com.ar\/v1\/2025\/10\/30\/javier-milei-se-reunio-con-los-gobernadores-en-casa-rosada-para-acordar-reformas\/"},"author":{"name":"Jorge Mi\u00f1o","@id":"https:\/\/radioinfinitagoya.com.ar\/v1\/#\/schema\/person\/d4cf9c413d4f6edb24aabdccab49ca4a"},"headline":"Javier Milei se reuni\u00f3 con los gobernadores en Casa Rosada para acordar reformas","datePublished":"2025-10-30T22:05:08+00:00","mainEntityOfPage":{"@id":"https:\/\/radioinfinitagoya.com.ar\/v1\/2025\/10\/30\/javier-milei-se-reunio-con-los-gobernadores-en-casa-rosada-para-acordar-reformas\/"},"wordCount":1355,"publisher":{"@id":"https:\/\/radioinfinitagoya.com.ar\/v1\/#organization"},"image":{"@id":"https:\/\/radioinfinitagoya.com.ar\/v1\/2025\/10\/30\/javier-milei-se-reunio-con-los-gobernadores-en-casa-rosada-para-acordar-reformas\/#primaryimage"},"thumbnailUrl":"https:\/\/radioinfinitagoya.com.ar\/v1\/wp-content\/uploads\/2025\/10\/6KEUCUC44NF7HH3BFWESWOWVJQ.avif","articleSection":["PRINCIPAL"],"inLanguage":"es-AR"},{"@type":"WebPage","@id":"https:\/\/radioinfinitagoya.com.ar\/v1\/2025\/10\/30\/javier-milei-se-reunio-con-los-gobernadores-en-casa-rosada-para-acordar-reformas\/","url":"https:\/\/radioinfinitagoya.com.ar\/v1\/2025\/10\/30\/javier-milei-se-reunio-con-los-gobernadores-en-casa-rosada-para-acordar-reformas\/","name":"Javier Milei se reuni\u00f3 con los gobernadores en Casa Rosada para acordar reformas - Radio Infinita Goya","isPartOf":{"@id":"https:\/\/radioinfinitagoya.com.ar\/v1\/#website"},"primaryImageOfPage":{"@id":"https:\/\/radioinfinitagoya.com.ar\/v1\/2025\/10\/30\/javier-milei-se-reunio-con-los-gobernadores-en-casa-rosada-para-acordar-reformas\/#primaryimage"},"image":{"@id":"https:\/\/radioinfinitagoya.com.ar\/v1\/2025\/10\/30\/javier-milei-se-reunio-con-los-gobernadores-en-casa-rosada-para-acordar-reformas\/#primaryimage"},"thumbnailUrl":"https:\/\/radioinfinitagoya.com.ar\/v1\/wp-content\/uploads\/2025\/10\/6KEUCUC44NF7HH3BFWESWOWVJQ.avif","datePublished":"2025-10-30T22:05:08+00:00","description":"El jefe de Gabinete, Guillermo Francos, curs\u00f3 la convocatoria a mandatarios aliados y a otros que suelen ser opositores. Tambi\u00e9n participaron todos los","breadcrumb":{"@id":"https:\/\/radioinfinitagoya.com.ar\/v1\/2025\/10\/30\/javier-milei-se-reunio-con-los-gobernadores-en-casa-rosada-para-acordar-reformas\/#breadcrumb"},"inLanguage":"es-AR","potentialAction":[{"@type":"ReadAction","target":["https:\/\/radioinfinitagoya.com.ar\/v1\/2025\/10\/30\/javier-milei-se-reunio-con-los-gobernadores-en-casa-rosada-para-acordar-reformas\/"]}]},{"@type":"ImageObject","inLanguage":"es-AR","@id":"https:\/\/radioinfinitagoya.com.ar\/v1\/2025\/10\/30\/javier-milei-se-reunio-con-los-gobernadores-en-casa-rosada-para-acordar-reformas\/#primaryimage","url":"https:\/\/radioinfinitagoya.com.ar\/v1\/wp-content\/uploads\/2025\/10\/6KEUCUC44NF7HH3BFWESWOWVJQ.avif","contentUrl":"https:\/\/radioinfinitagoya.com.ar\/v1\/wp-content\/uploads\/2025\/10\/6KEUCUC44NF7HH3BFWESWOWVJQ.avif","width":992,"height":660},{"@type":"BreadcrumbList","@id":"https:\/\/radioinfinitagoya.com.ar\/v1\/2025\/10\/30\/javier-milei-se-reunio-con-los-gobernadores-en-casa-rosada-para-acordar-reformas\/#breadcrumb","itemListElement":[{"@type":"ListItem","position":1,"name":"Inicio","item":"https:\/\/radioinfinitagoya.com.ar\/v1\/"},{"@type":"ListItem","position":2,"name":"Javier Milei se reuni\u00f3 con los gobernadores en Casa Rosada para acordar reformas"}]},{"@type":"WebSite","@id":"https:\/\/radioinfinitagoya.com.ar\/v1\/#website","url":"https:\/\/radioinfinitagoya.com.ar\/v1\/","name":"radioinfinitagoya.com.ar","description":"Radio de noticias","publisher":{"@id":"https:\/\/radioinfinitagoya.com.ar\/v1\/#organization"},"potentialAction":[{"@type":"SearchAction","target":{"@type":"EntryPoint","urlTemplate":"https:\/\/radioinfinitagoya.com.ar\/v1\/?s={search_term_string}"},"query-input":{"@type":"PropertyValueSpecification","valueRequired":true,"valueName":"search_term_string"}}],"inLanguage":"es-AR"},{"@type":"Organization","@id":"https:\/\/radioinfinitagoya.com.ar\/v1\/#organization","name":"Radio Infinita Goya","url":"https:\/\/radioinfinitagoya.com.ar\/v1\/","logo":{"@type":"ImageObject","inLanguage":"es-AR","@id":"https:\/\/radioinfinitagoya.com.ar\/v1\/#\/schema\/logo\/image\/","url":"https:\/\/radioinfinitagoya.com.ar\/v1\/wp-content\/uploads\/2019\/11\/logo-pie-web.png","contentUrl":"https:\/\/radioinfinitagoya.com.ar\/v1\/wp-content\/uploads\/2019\/11\/logo-pie-web.png","width":635,"height":326,"caption":"Radio Infinita Goya"},"image":{"@id":"https:\/\/radioinfinitagoya.com.ar\/v1\/#\/schema\/logo\/image\/"},"sameAs":["https:\/\/www.facebook.com\/p\/Infinita-Goya-100063870918311\/"]},{"@type":"Person","@id":"https:\/\/radioinfinitagoya.com.ar\/v1\/#\/schema\/person\/d4cf9c413d4f6edb24aabdccab49ca4a","name":"Jorge Mi\u00f1o","image":{"@type":"ImageObject","inLanguage":"es-AR","@id":"https:\/\/secure.gravatar.com\/avatar\/910fcf6728fe95320e07a6643c1581fec1c7fc4bf8ae12e3d8f0d0373dc844be?s=96&d=mm&r=g","url":"https:\/\/secure.gravatar.com\/avatar\/910fcf6728fe95320e07a6643c1581fec1c7fc4bf8ae12e3d8f0d0373dc844be?s=96&d=mm&r=g","contentUrl":"https:\/\/secure.gravatar.com\/avatar\/910fcf6728fe95320e07a6643c1581fec1c7fc4bf8ae12e3d8f0d0373dc844be?s=96&d=mm&r=g","caption":"Jorge Mi\u00f1o"},"sameAs":["http:\/\/radioinfinitagoya.com.ar"]}]}},"_links":{"self":[{"href":"https:\/\/radioinfinitagoya.com.ar\/v1\/wp-json\/wp\/v2\/posts\/198504","targetHints":{"allow":["GET"]}}],"collection":[{"href":"https:\/\/radioinfinitagoya.com.ar\/v1\/wp-json\/wp\/v2\/posts"}],"about":[{"href":"https:\/\/radioinfinitagoya.com.ar\/v1\/wp-json\/wp\/v2\/types\/post"}],"author":[{"embeddable":true,"href":"https:\/\/radioinfinitagoya.com.ar\/v1\/wp-json\/wp\/v2\/users\/4"}],"replies":[{"embeddable":true,"href":"https:\/\/radioinfinitagoya.com.ar\/v1\/wp-json\/wp\/v2\/comments?post=198504"}],"version-history":[{"count":0,"href":"https:\/\/radioinfinitagoya.com.ar\/v1\/wp-json\/wp\/v2\/posts\/198504\/revisions"}],"wp:featuredmedia":[{"embeddable":true,"href":"https:\/\/radioinfinitagoya.com.ar\/v1\/wp-json\/wp\/v2\/media\/198505"}],"wp:attachment":[{"href":"https:\/\/radioinfinitagoya.com.ar\/v1\/wp-json\/wp\/v2\/media?parent=198504"}],"wp:term":[{"taxonomy":"category","embeddable":true,"href":"https:\/\/radioinfinitagoya.com.ar\/v1\/wp-json\/wp\/v2\/categories?post=198504"},{"taxonomy":"post_tag","embeddable":true,"href":"https:\/\/radioinfinitagoya.com.ar\/v1\/wp-json\/wp\/v2\/tags?post=198504"}],"curies":[{"name":"wp","href":"https:\/\/api.w.org\/{rel}","templated":true}]}}