{"id":198511,"date":"2025-10-31T15:46:28","date_gmt":"2025-10-31T18:46:28","guid":{"rendered":"https:\/\/radioinfinitagoya.com.ar\/v1\/?p=198511"},"modified":"2025-10-31T15:46:28","modified_gmt":"2025-10-31T18:46:28","slug":"tragedia-en-corrientes-al-menos-4-muertos-tras-un-choque-frontal-en-ituzaingo","status":"publish","type":"post","link":"https:\/\/radioinfinitagoya.com.ar\/v1\/2025\/10\/31\/tragedia-en-corrientes-al-menos-4-muertos-tras-un-choque-frontal-en-ituzaingo\/","title":{"rendered":"Tragedia en Corrientes: al menos 4 muertos tras un choque frontal en Ituzaing\u00f3"},"content":{"rendered":"<p>El fatal accidente se produjo en la ruta nacional 12 de la localidad de Ituzaing\u00f3. La calzada se encuentra parcialmente cortada.<\/p>\n<p>Dos camionetas chocaron este viernes, dejando al menos cuatro muertos. El tr\u00e1gico accidente ocurri\u00f3 en la ruta nacional 12 cerca de la localidad correntina de Ituzaing\u00f3.<\/p>\n<p>El impacto se produjo en forma frontal y ocurri\u00f3 alrededor de las 08:10 a la altura del kil\u00f3metro 1.304, a unos 40 km del acceso a la ciudad, camino a Posadas. Tras el impacto, una Ford Ranger veh\u00edculos se incendi\u00f3, desde donde murieron calcinadas dos personas.<\/p>\n<p>Seg\u00fan las primeras informaciones, la colisi\u00f3n involucr\u00f3 a una Ford Ranger y una Toyota Hilux. La Ford Ranger se incendi\u00f3 tras el impacto, provocando la muerte de sus dos ocupantes, a\u00fan no identificados oficialmente, aunque se estima que ser\u00edan hombres oriundos de Misiones.<\/p>\n<p>En la Toyota Hilux viajaban tres personas, todas familiares entre s\u00ed. Ale L\u00f3pez, de 32 a\u00f1os; L\u00f3pez Beristayn, de 59 murieron en el acto. En tanto, Ale L\u00f3pez, de 27, result\u00f3 con lesiones leves y fue trasladado a un centro de salud local.<\/p>\n<p>Los otros dos ocupantes de la Hilux fallecieron. Seg\u00fan informaciones preliminares, estas personas residir\u00edan en Encarnaci\u00f3n, Paraguay, y tendr\u00edan familiares en Ituzaing\u00f3. Equipos de emergencia y autoridades trabajan en el lugar para terminar de identificar a las v\u00edctimas de la Ford Ranger.<\/p>\n<p>En el lugar se realizan tareas para identificar a las personas calcinadas, que, seg\u00fan las primeras estimaciones, podr\u00edan ser dos hombres oriundos de la provincia de Misiones.<\/p>\n<p>La calzada permanece parcialmente cortada (50%), afectando principalmente el sentido descendente. En el lugar trabajan la Polic\u00eda de Ituzaing\u00f3, Bomberos Voluntarios, el Servicio de Ambulancias local y personal del MSV Ituzaing\u00f3.<\/p>\n<p>Se recomienda a los conductores circular con extrema precauci\u00f3n y respetar las indicaciones del personal presente hasta que finalicen las tareas de asistencia y limpieza.<\/p>\n<p>&nbsp;<\/p>\n<p>&nbsp;<\/p>\n","protected":false},"excerpt":{"rendered":"<p>El fatal accidente se produjo en la ruta nacional 12 de la localidad de Ituzaing\u00f3. La calzada se encuentra parcialmente cortada. Dos camionetas chocaron este viernes, dejando al menos cuatro muertos. El tr\u00e1gico accidente ocurri\u00f3 en la ruta nacional 12 cerca de la localidad correntina de Ituzaing\u00f3. El impacto se produjo en forma frontal y [&hellip;]<\/p>\n","protected":false},"author":4,"featured_media":198512,"comment_status":"closed","ping_status":"closed","sticky":false,"template":"","format":"standard","meta":{"_joinchat":[],"footnotes":""},"categories":[26],"tags":[],"class_list":{"0":"post-198511","1":"post","2":"type-post","3":"status-publish","4":"format-standard","5":"has-post-thumbnail","7":"category-provinciales"},"yoast_head":"<!-- This site is optimized with the Yoast SEO plugin v27.2 - https:\/\/yoast.com\/product\/yoast-seo-wordpress\/ -->\n<title>Tragedia en Corrientes: al menos 4 muertos tras un choque frontal en Ituzaing\u00f3 - Radio Infinita Goya<\/title>\n<meta name=\"description\" content=\"El fatal accidente se produjo en la ruta nacional 12 de la localidad de Ituzaing\u00f3. La calzada se encuentra parcialmente cortada. Dos camionetas chocaron\" \/>\n<meta name=\"robots\" content=\"index, follow, max-snippet:-1, max-image-preview:large, max-video-preview:-1\" \/>\n<link rel=\"canonical\" href=\"https:\/\/radioinfinitagoya.com.ar\/v1\/2025\/10\/31\/tragedia-en-corrientes-al-menos-4-muertos-tras-un-choque-frontal-en-ituzaingo\/\" \/>\n<meta property=\"og:locale\" content=\"es_ES\" \/>\n<meta property=\"og:type\" content=\"article\" \/>\n<meta property=\"og:title\" content=\"Tragedia en Corrientes: al menos 4 muertos tras un choque frontal en Ituzaing\u00f3 - Radio Infinita Goya\" \/>\n<meta property=\"og:description\" content=\"El fatal accidente se produjo en la ruta nacional 12 de la localidad de Ituzaing\u00f3. La calzada se encuentra parcialmente cortada. Dos camionetas chocaron\" \/>\n<meta property=\"og:url\" content=\"https:\/\/radioinfinitagoya.com.ar\/v1\/2025\/10\/31\/tragedia-en-corrientes-al-menos-4-muertos-tras-un-choque-frontal-en-ituzaingo\/\" \/>\n<meta property=\"og:site_name\" content=\"Radio Infinita Goya\" \/>\n<meta property=\"article:publisher\" content=\"https:\/\/www.facebook.com\/p\/Infinita-Goya-100063870918311\/\" \/>\n<meta property=\"article:published_time\" content=\"2025-10-31T18:46:28+00:00\" \/>\n<meta property=\"og:image\" content=\"https:\/\/radioinfinitagoya.com.ar\/v1\/wp-content\/uploads\/2025\/10\/G4mvX4aWsAEonno.jpg\" \/>\n\t<meta property=\"og:image:width\" content=\"680\" \/>\n\t<meta property=\"og:image:height\" content=\"420\" \/>\n\t<meta property=\"og:image:type\" content=\"image\/jpeg\" \/>\n<meta name=\"author\" content=\"Jorge Mi\u00f1o\" \/>\n<meta name=\"twitter:card\" content=\"summary_large_image\" \/>\n<meta name=\"twitter:label1\" content=\"Escrito por\" \/>\n\t<meta name=\"twitter:data1\" content=\"Jorge Mi\u00f1o\" \/>\n\t<meta name=\"twitter:label2\" content=\"Tiempo de lectura\" \/>\n\t<meta name=\"twitter:data2\" content=\"2 minutos\" \/>\n<script type=\"application\/ld+json\" class=\"yoast-schema-graph\">{\"@context\":\"https:\/\/schema.org\",\"@graph\":[{\"@type\":\"Article\",\"@id\":\"https:\/\/radioinfinitagoya.com.ar\/v1\/2025\/10\/31\/tragedia-en-corrientes-al-menos-4-muertos-tras-un-choque-frontal-en-ituzaingo\/#article\",\"isPartOf\":{\"@id\":\"https:\/\/radioinfinitagoya.com.ar\/v1\/2025\/10\/31\/tragedia-en-corrientes-al-menos-4-muertos-tras-un-choque-frontal-en-ituzaingo\/\"},\"author\":{\"name\":\"Jorge Mi\u00f1o\",\"@id\":\"https:\/\/radioinfinitagoya.com.ar\/v1\/#\/schema\/person\/d4cf9c413d4f6edb24aabdccab49ca4a\"},\"headline\":\"Tragedia en Corrientes: al menos 4 muertos tras un choque frontal en Ituzaing\u00f3\",\"datePublished\":\"2025-10-31T18:46:28+00:00\",\"mainEntityOfPage\":{\"@id\":\"https:\/\/radioinfinitagoya.com.ar\/v1\/2025\/10\/31\/tragedia-en-corrientes-al-menos-4-muertos-tras-un-choque-frontal-en-ituzaingo\/\"},\"wordCount\":329,\"publisher\":{\"@id\":\"https:\/\/radioinfinitagoya.com.ar\/v1\/#organization\"},\"image\":{\"@id\":\"https:\/\/radioinfinitagoya.com.ar\/v1\/2025\/10\/31\/tragedia-en-corrientes-al-menos-4-muertos-tras-un-choque-frontal-en-ituzaingo\/#primaryimage\"},\"thumbnailUrl\":\"https:\/\/radioinfinitagoya.com.ar\/v1\/wp-content\/uploads\/2025\/10\/G4mvX4aWsAEonno.jpg\",\"articleSection\":[\"PROVINCIALES\"],\"inLanguage\":\"es-AR\"},{\"@type\":\"WebPage\",\"@id\":\"https:\/\/radioinfinitagoya.com.ar\/v1\/2025\/10\/31\/tragedia-en-corrientes-al-menos-4-muertos-tras-un-choque-frontal-en-ituzaingo\/\",\"url\":\"https:\/\/radioinfinitagoya.com.ar\/v1\/2025\/10\/31\/tragedia-en-corrientes-al-menos-4-muertos-tras-un-choque-frontal-en-ituzaingo\/\",\"name\":\"Tragedia en Corrientes: al menos 4 muertos tras un choque frontal en Ituzaing\u00f3 - Radio Infinita Goya\",\"isPartOf\":{\"@id\":\"https:\/\/radioinfinitagoya.com.ar\/v1\/#website\"},\"primaryImageOfPage\":{\"@id\":\"https:\/\/radioinfinitagoya.com.ar\/v1\/2025\/10\/31\/tragedia-en-corrientes-al-menos-4-muertos-tras-un-choque-frontal-en-ituzaingo\/#primaryimage\"},\"image\":{\"@id\":\"https:\/\/radioinfinitagoya.com.ar\/v1\/2025\/10\/31\/tragedia-en-corrientes-al-menos-4-muertos-tras-un-choque-frontal-en-ituzaingo\/#primaryimage\"},\"thumbnailUrl\":\"https:\/\/radioinfinitagoya.com.ar\/v1\/wp-content\/uploads\/2025\/10\/G4mvX4aWsAEonno.jpg\",\"datePublished\":\"2025-10-31T18:46:28+00:00\",\"description\":\"El fatal accidente se produjo en la ruta nacional 12 de la localidad de Ituzaing\u00f3. La calzada se encuentra parcialmente cortada. Dos camionetas chocaron\",\"breadcrumb\":{\"@id\":\"https:\/\/radioinfinitagoya.com.ar\/v1\/2025\/10\/31\/tragedia-en-corrientes-al-menos-4-muertos-tras-un-choque-frontal-en-ituzaingo\/#breadcrumb\"},\"inLanguage\":\"es-AR\",\"potentialAction\":[{\"@type\":\"ReadAction\",\"target\":[\"https:\/\/radioinfinitagoya.com.ar\/v1\/2025\/10\/31\/tragedia-en-corrientes-al-menos-4-muertos-tras-un-choque-frontal-en-ituzaingo\/\"]}]},{\"@type\":\"ImageObject\",\"inLanguage\":\"es-AR\",\"@id\":\"https:\/\/radioinfinitagoya.com.ar\/v1\/2025\/10\/31\/tragedia-en-corrientes-al-menos-4-muertos-tras-un-choque-frontal-en-ituzaingo\/#primaryimage\",\"url\":\"https:\/\/radioinfinitagoya.com.ar\/v1\/wp-content\/uploads\/2025\/10\/G4mvX4aWsAEonno.jpg\",\"contentUrl\":\"https:\/\/radioinfinitagoya.com.ar\/v1\/wp-content\/uploads\/2025\/10\/G4mvX4aWsAEonno.jpg\",\"width\":680,\"height\":420},{\"@type\":\"BreadcrumbList\",\"@id\":\"https:\/\/radioinfinitagoya.com.ar\/v1\/2025\/10\/31\/tragedia-en-corrientes-al-menos-4-muertos-tras-un-choque-frontal-en-ituzaingo\/#breadcrumb\",\"itemListElement\":[{\"@type\":\"ListItem\",\"position\":1,\"name\":\"Inicio\",\"item\":\"https:\/\/radioinfinitagoya.com.ar\/v1\/\"},{\"@type\":\"ListItem\",\"position\":2,\"name\":\"Tragedia en Corrientes: al menos 4 muertos tras un choque frontal en Ituzaing\u00f3\"}]},{\"@type\":\"WebSite\",\"@id\":\"https:\/\/radioinfinitagoya.com.ar\/v1\/#website\",\"url\":\"https:\/\/radioinfinitagoya.com.ar\/v1\/\",\"name\":\"radioinfinitagoya.com.ar\",\"description\":\"Radio de noticias\",\"publisher\":{\"@id\":\"https:\/\/radioinfinitagoya.com.ar\/v1\/#organization\"},\"potentialAction\":[{\"@type\":\"SearchAction\",\"target\":{\"@type\":\"EntryPoint\",\"urlTemplate\":\"https:\/\/radioinfinitagoya.com.ar\/v1\/?s={search_term_string}\"},\"query-input\":{\"@type\":\"PropertyValueSpecification\",\"valueRequired\":true,\"valueName\":\"search_term_string\"}}],\"inLanguage\":\"es-AR\"},{\"@type\":\"Organization\",\"@id\":\"https:\/\/radioinfinitagoya.com.ar\/v1\/#organization\",\"name\":\"Radio Infinita Goya\",\"url\":\"https:\/\/radioinfinitagoya.com.ar\/v1\/\",\"logo\":{\"@type\":\"ImageObject\",\"inLanguage\":\"es-AR\",\"@id\":\"https:\/\/radioinfinitagoya.com.ar\/v1\/#\/schema\/logo\/image\/\",\"url\":\"https:\/\/radioinfinitagoya.com.ar\/v1\/wp-content\/uploads\/2019\/11\/logo-pie-web.png\",\"contentUrl\":\"https:\/\/radioinfinitagoya.com.ar\/v1\/wp-content\/uploads\/2019\/11\/logo-pie-web.png\",\"width\":635,\"height\":326,\"caption\":\"Radio Infinita Goya\"},\"image\":{\"@id\":\"https:\/\/radioinfinitagoya.com.ar\/v1\/#\/schema\/logo\/image\/\"},\"sameAs\":[\"https:\/\/www.facebook.com\/p\/Infinita-Goya-100063870918311\/\"]},{\"@type\":\"Person\",\"@id\":\"https:\/\/radioinfinitagoya.com.ar\/v1\/#\/schema\/person\/d4cf9c413d4f6edb24aabdccab49ca4a\",\"name\":\"Jorge Mi\u00f1o\",\"image\":{\"@type\":\"ImageObject\",\"inLanguage\":\"es-AR\",\"@id\":\"https:\/\/secure.gravatar.com\/avatar\/910fcf6728fe95320e07a6643c1581fec1c7fc4bf8ae12e3d8f0d0373dc844be?s=96&d=mm&r=g\",\"url\":\"https:\/\/secure.gravatar.com\/avatar\/910fcf6728fe95320e07a6643c1581fec1c7fc4bf8ae12e3d8f0d0373dc844be?s=96&d=mm&r=g\",\"contentUrl\":\"https:\/\/secure.gravatar.com\/avatar\/910fcf6728fe95320e07a6643c1581fec1c7fc4bf8ae12e3d8f0d0373dc844be?s=96&d=mm&r=g\",\"caption\":\"Jorge Mi\u00f1o\"},\"sameAs\":[\"http:\/\/radioinfinitagoya.com.ar\"]}]}<\/script>\n<!-- \/ Yoast SEO plugin. -->","yoast_head_json":{"title":"Tragedia en Corrientes: al menos 4 muertos tras un choque frontal en Ituzaing\u00f3 - Radio Infinita Goya","description":"El fatal accidente se produjo en la ruta nacional 12 de la localidad de Ituzaing\u00f3. La calzada se encuentra parcialmente cortada. Dos camionetas chocaron","robots":{"index":"index","follow":"follow","max-snippet":"max-snippet:-1","max-image-preview":"max-image-preview:large","max-video-preview":"max-video-preview:-1"},"canonical":"https:\/\/radioinfinitagoya.com.ar\/v1\/2025\/10\/31\/tragedia-en-corrientes-al-menos-4-muertos-tras-un-choque-frontal-en-ituzaingo\/","og_locale":"es_ES","og_type":"article","og_title":"Tragedia en Corrientes: al menos 4 muertos tras un choque frontal en Ituzaing\u00f3 - Radio Infinita Goya","og_description":"El fatal accidente se produjo en la ruta nacional 12 de la localidad de Ituzaing\u00f3. La calzada se encuentra parcialmente cortada. Dos camionetas chocaron","og_url":"https:\/\/radioinfinitagoya.com.ar\/v1\/2025\/10\/31\/tragedia-en-corrientes-al-menos-4-muertos-tras-un-choque-frontal-en-ituzaingo\/","og_site_name":"Radio Infinita Goya","article_publisher":"https:\/\/www.facebook.com\/p\/Infinita-Goya-100063870918311\/","article_published_time":"2025-10-31T18:46:28+00:00","og_image":[{"width":680,"height":420,"url":"https:\/\/radioinfinitagoya.com.ar\/v1\/wp-content\/uploads\/2025\/10\/G4mvX4aWsAEonno.jpg","type":"image\/jpeg"}],"author":"Jorge Mi\u00f1o","twitter_card":"summary_large_image","twitter_misc":{"Escrito por":"Jorge Mi\u00f1o","Tiempo de lectura":"2 minutos"},"schema":{"@context":"https:\/\/schema.org","@graph":[{"@type":"Article","@id":"https:\/\/radioinfinitagoya.com.ar\/v1\/2025\/10\/31\/tragedia-en-corrientes-al-menos-4-muertos-tras-un-choque-frontal-en-ituzaingo\/#article","isPartOf":{"@id":"https:\/\/radioinfinitagoya.com.ar\/v1\/2025\/10\/31\/tragedia-en-corrientes-al-menos-4-muertos-tras-un-choque-frontal-en-ituzaingo\/"},"author":{"name":"Jorge Mi\u00f1o","@id":"https:\/\/radioinfinitagoya.com.ar\/v1\/#\/schema\/person\/d4cf9c413d4f6edb24aabdccab49ca4a"},"headline":"Tragedia en Corrientes: al menos 4 muertos tras un choque frontal en Ituzaing\u00f3","datePublished":"2025-10-31T18:46:28+00:00","mainEntityOfPage":{"@id":"https:\/\/radioinfinitagoya.com.ar\/v1\/2025\/10\/31\/tragedia-en-corrientes-al-menos-4-muertos-tras-un-choque-frontal-en-ituzaingo\/"},"wordCount":329,"publisher":{"@id":"https:\/\/radioinfinitagoya.com.ar\/v1\/#organization"},"image":{"@id":"https:\/\/radioinfinitagoya.com.ar\/v1\/2025\/10\/31\/tragedia-en-corrientes-al-menos-4-muertos-tras-un-choque-frontal-en-ituzaingo\/#primaryimage"},"thumbnailUrl":"https:\/\/radioinfinitagoya.com.ar\/v1\/wp-content\/uploads\/2025\/10\/G4mvX4aWsAEonno.jpg","articleSection":["PROVINCIALES"],"inLanguage":"es-AR"},{"@type":"WebPage","@id":"https:\/\/radioinfinitagoya.com.ar\/v1\/2025\/10\/31\/tragedia-en-corrientes-al-menos-4-muertos-tras-un-choque-frontal-en-ituzaingo\/","url":"https:\/\/radioinfinitagoya.com.ar\/v1\/2025\/10\/31\/tragedia-en-corrientes-al-menos-4-muertos-tras-un-choque-frontal-en-ituzaingo\/","name":"Tragedia en Corrientes: al menos 4 muertos tras un choque frontal en Ituzaing\u00f3 - Radio Infinita Goya","isPartOf":{"@id":"https:\/\/radioinfinitagoya.com.ar\/v1\/#website"},"primaryImageOfPage":{"@id":"https:\/\/radioinfinitagoya.com.ar\/v1\/2025\/10\/31\/tragedia-en-corrientes-al-menos-4-muertos-tras-un-choque-frontal-en-ituzaingo\/#primaryimage"},"image":{"@id":"https:\/\/radioinfinitagoya.com.ar\/v1\/2025\/10\/31\/tragedia-en-corrientes-al-menos-4-muertos-tras-un-choque-frontal-en-ituzaingo\/#primaryimage"},"thumbnailUrl":"https:\/\/radioinfinitagoya.com.ar\/v1\/wp-content\/uploads\/2025\/10\/G4mvX4aWsAEonno.jpg","datePublished":"2025-10-31T18:46:28+00:00","description":"El fatal accidente se produjo en la ruta nacional 12 de la localidad de Ituzaing\u00f3. La calzada se encuentra parcialmente cortada. Dos camionetas chocaron","breadcrumb":{"@id":"https:\/\/radioinfinitagoya.com.ar\/v1\/2025\/10\/31\/tragedia-en-corrientes-al-menos-4-muertos-tras-un-choque-frontal-en-ituzaingo\/#breadcrumb"},"inLanguage":"es-AR","potentialAction":[{"@type":"ReadAction","target":["https:\/\/radioinfinitagoya.com.ar\/v1\/2025\/10\/31\/tragedia-en-corrientes-al-menos-4-muertos-tras-un-choque-frontal-en-ituzaingo\/"]}]},{"@type":"ImageObject","inLanguage":"es-AR","@id":"https:\/\/radioinfinitagoya.com.ar\/v1\/2025\/10\/31\/tragedia-en-corrientes-al-menos-4-muertos-tras-un-choque-frontal-en-ituzaingo\/#primaryimage","url":"https:\/\/radioinfinitagoya.com.ar\/v1\/wp-content\/uploads\/2025\/10\/G4mvX4aWsAEonno.jpg","contentUrl":"https:\/\/radioinfinitagoya.com.ar\/v1\/wp-content\/uploads\/2025\/10\/G4mvX4aWsAEonno.jpg","width":680,"height":420},{"@type":"BreadcrumbList","@id":"https:\/\/radioinfinitagoya.com.ar\/v1\/2025\/10\/31\/tragedia-en-corrientes-al-menos-4-muertos-tras-un-choque-frontal-en-ituzaingo\/#breadcrumb","itemListElement":[{"@type":"ListItem","position":1,"name":"Inicio","item":"https:\/\/radioinfinitagoya.com.ar\/v1\/"},{"@type":"ListItem","position":2,"name":"Tragedia en Corrientes: al menos 4 muertos tras un choque frontal en Ituzaing\u00f3"}]},{"@type":"WebSite","@id":"https:\/\/radioinfinitagoya.com.ar\/v1\/#website","url":"https:\/\/radioinfinitagoya.com.ar\/v1\/","name":"radioinfinitagoya.com.ar","description":"Radio de noticias","publisher":{"@id":"https:\/\/radioinfinitagoya.com.ar\/v1\/#organization"},"potentialAction":[{"@type":"SearchAction","target":{"@type":"EntryPoint","urlTemplate":"https:\/\/radioinfinitagoya.com.ar\/v1\/?s={search_term_string}"},"query-input":{"@type":"PropertyValueSpecification","valueRequired":true,"valueName":"search_term_string"}}],"inLanguage":"es-AR"},{"@type":"Organization","@id":"https:\/\/radioinfinitagoya.com.ar\/v1\/#organization","name":"Radio Infinita Goya","url":"https:\/\/radioinfinitagoya.com.ar\/v1\/","logo":{"@type":"ImageObject","inLanguage":"es-AR","@id":"https:\/\/radioinfinitagoya.com.ar\/v1\/#\/schema\/logo\/image\/","url":"https:\/\/radioinfinitagoya.com.ar\/v1\/wp-content\/uploads\/2019\/11\/logo-pie-web.png","contentUrl":"https:\/\/radioinfinitagoya.com.ar\/v1\/wp-content\/uploads\/2019\/11\/logo-pie-web.png","width":635,"height":326,"caption":"Radio Infinita Goya"},"image":{"@id":"https:\/\/radioinfinitagoya.com.ar\/v1\/#\/schema\/logo\/image\/"},"sameAs":["https:\/\/www.facebook.com\/p\/Infinita-Goya-100063870918311\/"]},{"@type":"Person","@id":"https:\/\/radioinfinitagoya.com.ar\/v1\/#\/schema\/person\/d4cf9c413d4f6edb24aabdccab49ca4a","name":"Jorge Mi\u00f1o","image":{"@type":"ImageObject","inLanguage":"es-AR","@id":"https:\/\/secure.gravatar.com\/avatar\/910fcf6728fe95320e07a6643c1581fec1c7fc4bf8ae12e3d8f0d0373dc844be?s=96&d=mm&r=g","url":"https:\/\/secure.gravatar.com\/avatar\/910fcf6728fe95320e07a6643c1581fec1c7fc4bf8ae12e3d8f0d0373dc844be?s=96&d=mm&r=g","contentUrl":"https:\/\/secure.gravatar.com\/avatar\/910fcf6728fe95320e07a6643c1581fec1c7fc4bf8ae12e3d8f0d0373dc844be?s=96&d=mm&r=g","caption":"Jorge Mi\u00f1o"},"sameAs":["http:\/\/radioinfinitagoya.com.ar"]}]}},"_links":{"self":[{"href":"https:\/\/radioinfinitagoya.com.ar\/v1\/wp-json\/wp\/v2\/posts\/198511","targetHints":{"allow":["GET"]}}],"collection":[{"href":"https:\/\/radioinfinitagoya.com.ar\/v1\/wp-json\/wp\/v2\/posts"}],"about":[{"href":"https:\/\/radioinfinitagoya.com.ar\/v1\/wp-json\/wp\/v2\/types\/post"}],"author":[{"embeddable":true,"href":"https:\/\/radioinfinitagoya.com.ar\/v1\/wp-json\/wp\/v2\/users\/4"}],"replies":[{"embeddable":true,"href":"https:\/\/radioinfinitagoya.com.ar\/v1\/wp-json\/wp\/v2\/comments?post=198511"}],"version-history":[{"count":0,"href":"https:\/\/radioinfinitagoya.com.ar\/v1\/wp-json\/wp\/v2\/posts\/198511\/revisions"}],"wp:featuredmedia":[{"embeddable":true,"href":"https:\/\/radioinfinitagoya.com.ar\/v1\/wp-json\/wp\/v2\/media\/198512"}],"wp:attachment":[{"href":"https:\/\/radioinfinitagoya.com.ar\/v1\/wp-json\/wp\/v2\/media?parent=198511"}],"wp:term":[{"taxonomy":"category","embeddable":true,"href":"https:\/\/radioinfinitagoya.com.ar\/v1\/wp-json\/wp\/v2\/categories?post=198511"},{"taxonomy":"post_tag","embeddable":true,"href":"https:\/\/radioinfinitagoya.com.ar\/v1\/wp-json\/wp\/v2\/tags?post=198511"}],"curies":[{"name":"wp","href":"https:\/\/api.w.org\/{rel}","templated":true}]}}