{"id":198517,"date":"2025-10-31T15:58:47","date_gmt":"2025-10-31T18:58:47","guid":{"rendered":"https:\/\/radioinfinitagoya.com.ar\/v1\/?p=198517"},"modified":"2025-10-31T15:58:47","modified_gmt":"2025-10-31T18:58:47","slug":"milei-recibio-guinos-de-los-gobernadores-pero-le-reclamaron-el-reparto-de-fondos","status":"publish","type":"post","link":"https:\/\/radioinfinitagoya.com.ar\/v1\/2025\/10\/31\/milei-recibio-guinos-de-los-gobernadores-pero-le-reclamaron-el-reparto-de-fondos\/","title":{"rendered":"Milei recibi\u00f3 gui\u00f1os de los gobernadores, pero le reclamaron el reparto de fondos"},"content":{"rendered":"<p>El Presidente logr\u00f3 avances con los mandatarios provinciales, pero seguir\u00e1n las charlas y habr\u00e1 condiciones. Los detalles de una cumbre que podr\u00eda marcar el pulso de la segunda parte de la gesti\u00f3n del gobierno libertario.<\/p>\n<p>Luego de meses de tensiones, declaraciones cruzadas y batallas electorales, el presidente Javier Milei dio un primer gesto de apertura al di\u00e1logo al recibir en la Casa Rosada a un importante grupo de gobernadores, con los que comenz\u00f3 a acordar las reformas que planea impulsar en el Congreso, aunque se llev\u00f3 nuevamente el reclamo de mayores fondos para las provincias.<\/p>\n<p>El encuentro se realiz\u00f3 en el Sal\u00f3n Eva Per\u00f3n, en el primer piso de Balcarce 50, donde el mandatario nacional se mostr\u00f3 junto a todo su Gabinete y les explic\u00f3 a sus invitados durante m\u00e1s de dos horas las medidas que tiene en agenda.<\/p>\n<p>De acuerdo con lo que precisaron a Infobae fuentes cercanas a los protagonistas, durante la reuni\u00f3n se tocaron fundamentalmente cuatro temas: la reforma fiscal e impositiva, la modernizaci\u00f3n laboral, el nuevo C\u00f3digo Penal y el Presupuesto 2026<\/p>\n<p>Todas estas iniciativas ser\u00edan tratadas durante las sesiones extraordinarias a las que llamar\u00e1 en las pr\u00f3ximas semanas el Gobierno, para que los legisladores contin\u00faen trabajando durante el verano.<\/p>\n<p>La oposici\u00f3n logr\u00f3 un emplazamiento para que el Presupuesto se debata en comisi\u00f3n la semana que viene, pero las autoridades nacionales pretenden postergar la discusi\u00f3n para despu\u00e9s de diciembre.<\/p>\n<p>Para esa fecha, adem\u00e1s, estar\u00edan listas las reformas laboral y tributaria, que est\u00e1n siendo preparadas por el ministro de Desregulaci\u00f3n y Transformaci\u00f3n del Estado, Federico Sturzenegger, en el marco del Consejo de Mayo.<\/p>\n<p>La respuesta de los gobernadores<br \/>\nEn cuanto a la reuni\u00f3n de este jueves, todas las partes coinciden en que \u201cfue una muy buena charla\u201d, en la que los representantes provinciales \u201cplantearon que estaban para apoyar que Milei tenga un Presupuesto de equilibrio fiscal\u201d<\/p>\n<p>Sin embargo, los presentes tambi\u00e9n aprovecharon la ocasi\u00f3n para insistir con la \u201ccoparticipaci\u00f3n de las asignaciones del impuesto a los combustibles l\u00edquidos\u201d, entre otras cuestiones a seguir conversando en otras reuniones.<\/p>\n<p>Se trata de un proyecto que los gobernadores presentaron a finales de junio pasado, en el momento de mayor diferencia con la Casa Rosada, pero que fue rechazado por la C\u00e1mara de Diputados.<\/p>\n<p>La iniciativa en cuesti\u00f3n se present\u00f3 en conjunto con otra que establec\u00eda cambios en el r\u00e9gimen de los ATN, para que su distribuci\u00f3n sea autom\u00e1tica, la cual s\u00ed fue sancionada por el Congreso, pero luego vetada por el Presidente.<\/p>\n<p>En lo que respecta a los combustibles, los mandatarios locales puntualmente hab\u00edan propuesto modificar el art\u00edculo 19 de la ley 23.966, que fij\u00f3 la forma en la que se reparten los ingresos que la Naci\u00f3n percibe por ese gravamen.<\/p>\n<p>Actualmente, ese dinero se divide en un 10,40% para el Tesoro Nacional; el 15,07% al Fondo Nacional de la Vivienda (FONAVI); el 28,69% al Sistema \u00danico de Seguridad Social; el 4,31% al Fideicomiso de Infraestructura H\u00eddrica; el 28,58% al Fideicomiso de Infraestructura de Transporte y el 2,55% a la Compensaci\u00f3n de Transporte P\u00fablico.<\/p>\n<p>De esta manera, solamente el 10,40% restante se reparte entre las provincias, lo que representa un monto minoritario de los m\u00e1s de 2.500 millones de pesos que recibi\u00f3 la Naci\u00f3n en concepto de este gravamen, seg\u00fan fuentes oficiales.<\/p>\n<p>Los gobernadores buscaban con este proyecto que el monto pase a distribuirse \u00fanicamente entre las provincias, que se quedar\u00edan con el 58,36%, y el Tesoro Nacional, el sistema previsional y la compensaci\u00f3n para el transporte p\u00fablico, que mantendr\u00edan sus porcentajes actuales.<\/p>\n<p>Para esto, el segundo art\u00edculo de la normativa establece disolver todos los fondos fiduciarios antes mencionados, para que el monto remanente pase directamente a las 24 jurisdicciones del pa\u00eds.<\/p>\n<p>En la reuni\u00f3n de este jueves, los representantes de las provincias reclamaron que se vuelva a abrir un canal de negociaci\u00f3n para discutir la forma en que haya mayores fondos por parte de la Naci\u00f3n para sus territorios.<\/p>\n<p>A la Casa Rosada asistieron Ra\u00fal Jalil (Catamarca), Ignacio Torres (Chubut), Jorge Macri (Ciudad de Buenos Aires), Mart\u00edn Llaryora (C\u00f3rdoba), Gustavo Vald\u00e9s (Corrientes), Rogelio Frigerio (Entre R\u00edos), Carlos Sadir (Jujuy), Sergio Ziliotto (La Pampa), Hugo Passalacqua (Misiones), Alberto Weretilneck (R\u00edo Negro), Gustavo S\u00e1enz (Salta), Marcelo Orrego (San Juan), Claudio Poggi (San Luis), Claudio Vidal (Santa Cruz), Maximiliano Pullaro (Santa Fe), Gerardo Zamora (Santiago del Estero) y Osvaldo Jaldo (Tucum\u00e1n).<\/p>\n<p>Adem\u00e1s, participaron las vices de Chaco, Silvana Schneider; de Mendoza, Hebe Casado; y de Neuqu\u00e9n, Zulma Reina, quienes fueron en representaci\u00f3n de los mandatarios de sus distritos, que estaban de viaje.<\/p>\n<p>Es que la convocatoria se hizo de manera repentina, por decisi\u00f3n del Presidente, que en el acto de toma de juramento de Pablo Quirno como canciller, convers\u00f3 unos minutos con el ministro de Econom\u00eda, Luis \u201cToto\u201d Caputo, que fue quien le dio la idea de este primer gesto de apertura.<\/p>\n<p>Al salir de ese evento protocolar, Milei se comunic\u00f3 con el jefe de Gabinete, Guillermo Francos, y le pidi\u00f3 que organizara el encuentro para este jueves. Y as\u00ed sucedi\u00f3.<\/p>\n<p>Al comienzo, estaba previsto que en la reuni\u00f3n estuvieran solamente el l\u00edder libertario, Francos, Caputo y el ministro del Interior, Lisandro Catal\u00e1n, pero eso cambi\u00f3 horas antes del c\u00f3nclave.<\/p>\n<p>Poco antes del di\u00e1logo con los gobernadores, el jefe de Gabinete se cruz\u00f3 en Casa Rosada con la secretaria general, Karina Milei, y coincidieron en que por la magnitud del acontecimiento, deb\u00edan estar tambi\u00e9n el resto de los principales integrantes del Poder Ejecutivo.<\/p>\n<p>Por eso se sumaron la funcionaria; el asesor, Santiago Caputo; el vocero, Manuel Adorni; y los ministros Patricia Bullrich (Seguridad), Luis Petri (Defensa), Federico Sturzenegger (Desregulaci\u00f3n y Transformaci\u00f3n del Estado), Mariano C\u00faneo Libarona (Justicia), Sandra Pettovello (Capital Humano) y Mario Lugones (Salud), y el propio Quirno.<\/p>\n<p>Tambi\u00e9n el presidente del Banco Central, Santiago Bausili; la secretaria de Legal y T\u00e9cnica, Mar\u00eda Ibarz\u00e1bal Murphy; y el titular de la C\u00e1mara de Diputados, Mart\u00edn Menem.<\/p>\n","protected":false},"excerpt":{"rendered":"<p>El Presidente logr\u00f3 avances con los mandatarios provinciales, pero seguir\u00e1n las charlas y habr\u00e1 condiciones. Los detalles de una cumbre que podr\u00eda marcar el pulso de la segunda parte de la gesti\u00f3n del gobierno libertario. Luego de meses de tensiones, declaraciones cruzadas y batallas electorales, el presidente Javier Milei dio un primer gesto de apertura [&hellip;]<\/p>\n","protected":false},"author":4,"featured_media":198518,"comment_status":"closed","ping_status":"closed","sticky":false,"template":"","format":"standard","meta":{"_joinchat":[],"footnotes":""},"categories":[29],"tags":[],"class_list":{"0":"post-198517","1":"post","2":"type-post","3":"status-publish","4":"format-standard","5":"has-post-thumbnail","7":"category-nacionales"},"yoast_head":"<!-- This site is optimized with the Yoast SEO plugin v27.2 - https:\/\/yoast.com\/product\/yoast-seo-wordpress\/ -->\n<title>Milei recibi\u00f3 gui\u00f1os de los gobernadores, pero le reclamaron el reparto de fondos - Radio Infinita Goya<\/title>\n<meta name=\"description\" content=\"El Presidente logr\u00f3 avances con los mandatarios provinciales, pero seguir\u00e1n las charlas y habr\u00e1 condiciones. Los detalles de una cumbre que podr\u00eda marcar\" \/>\n<meta name=\"robots\" content=\"index, follow, max-snippet:-1, max-image-preview:large, max-video-preview:-1\" \/>\n<link rel=\"canonical\" href=\"https:\/\/radioinfinitagoya.com.ar\/v1\/2025\/10\/31\/milei-recibio-guinos-de-los-gobernadores-pero-le-reclamaron-el-reparto-de-fondos\/\" \/>\n<meta property=\"og:locale\" content=\"es_ES\" \/>\n<meta property=\"og:type\" content=\"article\" \/>\n<meta property=\"og:title\" content=\"Milei recibi\u00f3 gui\u00f1os de los gobernadores, pero le reclamaron el reparto de fondos - Radio Infinita Goya\" \/>\n<meta property=\"og:description\" content=\"El Presidente logr\u00f3 avances con los mandatarios provinciales, pero seguir\u00e1n las charlas y habr\u00e1 condiciones. Los detalles de una cumbre que podr\u00eda marcar\" \/>\n<meta property=\"og:url\" content=\"https:\/\/radioinfinitagoya.com.ar\/v1\/2025\/10\/31\/milei-recibio-guinos-de-los-gobernadores-pero-le-reclamaron-el-reparto-de-fondos\/\" \/>\n<meta property=\"og:site_name\" content=\"Radio Infinita Goya\" \/>\n<meta property=\"article:publisher\" content=\"https:\/\/www.facebook.com\/p\/Infinita-Goya-100063870918311\/\" \/>\n<meta property=\"article:published_time\" content=\"2025-10-31T18:58:47+00:00\" \/>\n<meta property=\"og:image\" content=\"https:\/\/radioinfinitagoya.com.ar\/v1\/wp-content\/uploads\/2025\/10\/G4lCt6gWAAAsXrB.jpg\" \/>\n\t<meta property=\"og:image:width\" content=\"680\" \/>\n\t<meta property=\"og:image:height\" content=\"383\" \/>\n\t<meta property=\"og:image:type\" content=\"image\/jpeg\" \/>\n<meta name=\"author\" content=\"Jorge Mi\u00f1o\" \/>\n<meta name=\"twitter:card\" content=\"summary_large_image\" \/>\n<meta name=\"twitter:label1\" content=\"Escrito por\" \/>\n\t<meta name=\"twitter:data1\" content=\"Jorge Mi\u00f1o\" \/>\n\t<meta name=\"twitter:label2\" content=\"Tiempo de lectura\" \/>\n\t<meta name=\"twitter:data2\" content=\"5 minutos\" \/>\n<script type=\"application\/ld+json\" class=\"yoast-schema-graph\">{\"@context\":\"https:\/\/schema.org\",\"@graph\":[{\"@type\":\"Article\",\"@id\":\"https:\/\/radioinfinitagoya.com.ar\/v1\/2025\/10\/31\/milei-recibio-guinos-de-los-gobernadores-pero-le-reclamaron-el-reparto-de-fondos\/#article\",\"isPartOf\":{\"@id\":\"https:\/\/radioinfinitagoya.com.ar\/v1\/2025\/10\/31\/milei-recibio-guinos-de-los-gobernadores-pero-le-reclamaron-el-reparto-de-fondos\/\"},\"author\":{\"name\":\"Jorge Mi\u00f1o\",\"@id\":\"https:\/\/radioinfinitagoya.com.ar\/v1\/#\/schema\/person\/d4cf9c413d4f6edb24aabdccab49ca4a\"},\"headline\":\"Milei recibi\u00f3 gui\u00f1os de los gobernadores, pero le reclamaron el reparto de fondos\",\"datePublished\":\"2025-10-31T18:58:47+00:00\",\"mainEntityOfPage\":{\"@id\":\"https:\/\/radioinfinitagoya.com.ar\/v1\/2025\/10\/31\/milei-recibio-guinos-de-los-gobernadores-pero-le-reclamaron-el-reparto-de-fondos\/\"},\"wordCount\":1054,\"publisher\":{\"@id\":\"https:\/\/radioinfinitagoya.com.ar\/v1\/#organization\"},\"image\":{\"@id\":\"https:\/\/radioinfinitagoya.com.ar\/v1\/2025\/10\/31\/milei-recibio-guinos-de-los-gobernadores-pero-le-reclamaron-el-reparto-de-fondos\/#primaryimage\"},\"thumbnailUrl\":\"https:\/\/radioinfinitagoya.com.ar\/v1\/wp-content\/uploads\/2025\/10\/G4lCt6gWAAAsXrB.jpg\",\"articleSection\":[\"NACIONALES\"],\"inLanguage\":\"es-AR\"},{\"@type\":\"WebPage\",\"@id\":\"https:\/\/radioinfinitagoya.com.ar\/v1\/2025\/10\/31\/milei-recibio-guinos-de-los-gobernadores-pero-le-reclamaron-el-reparto-de-fondos\/\",\"url\":\"https:\/\/radioinfinitagoya.com.ar\/v1\/2025\/10\/31\/milei-recibio-guinos-de-los-gobernadores-pero-le-reclamaron-el-reparto-de-fondos\/\",\"name\":\"Milei recibi\u00f3 gui\u00f1os de los gobernadores, pero le reclamaron el reparto de fondos - Radio Infinita Goya\",\"isPartOf\":{\"@id\":\"https:\/\/radioinfinitagoya.com.ar\/v1\/#website\"},\"primaryImageOfPage\":{\"@id\":\"https:\/\/radioinfinitagoya.com.ar\/v1\/2025\/10\/31\/milei-recibio-guinos-de-los-gobernadores-pero-le-reclamaron-el-reparto-de-fondos\/#primaryimage\"},\"image\":{\"@id\":\"https:\/\/radioinfinitagoya.com.ar\/v1\/2025\/10\/31\/milei-recibio-guinos-de-los-gobernadores-pero-le-reclamaron-el-reparto-de-fondos\/#primaryimage\"},\"thumbnailUrl\":\"https:\/\/radioinfinitagoya.com.ar\/v1\/wp-content\/uploads\/2025\/10\/G4lCt6gWAAAsXrB.jpg\",\"datePublished\":\"2025-10-31T18:58:47+00:00\",\"description\":\"El Presidente logr\u00f3 avances con los mandatarios provinciales, pero seguir\u00e1n las charlas y habr\u00e1 condiciones. Los detalles de una cumbre que podr\u00eda marcar\",\"breadcrumb\":{\"@id\":\"https:\/\/radioinfinitagoya.com.ar\/v1\/2025\/10\/31\/milei-recibio-guinos-de-los-gobernadores-pero-le-reclamaron-el-reparto-de-fondos\/#breadcrumb\"},\"inLanguage\":\"es-AR\",\"potentialAction\":[{\"@type\":\"ReadAction\",\"target\":[\"https:\/\/radioinfinitagoya.com.ar\/v1\/2025\/10\/31\/milei-recibio-guinos-de-los-gobernadores-pero-le-reclamaron-el-reparto-de-fondos\/\"]}]},{\"@type\":\"ImageObject\",\"inLanguage\":\"es-AR\",\"@id\":\"https:\/\/radioinfinitagoya.com.ar\/v1\/2025\/10\/31\/milei-recibio-guinos-de-los-gobernadores-pero-le-reclamaron-el-reparto-de-fondos\/#primaryimage\",\"url\":\"https:\/\/radioinfinitagoya.com.ar\/v1\/wp-content\/uploads\/2025\/10\/G4lCt6gWAAAsXrB.jpg\",\"contentUrl\":\"https:\/\/radioinfinitagoya.com.ar\/v1\/wp-content\/uploads\/2025\/10\/G4lCt6gWAAAsXrB.jpg\",\"width\":680,\"height\":383},{\"@type\":\"BreadcrumbList\",\"@id\":\"https:\/\/radioinfinitagoya.com.ar\/v1\/2025\/10\/31\/milei-recibio-guinos-de-los-gobernadores-pero-le-reclamaron-el-reparto-de-fondos\/#breadcrumb\",\"itemListElement\":[{\"@type\":\"ListItem\",\"position\":1,\"name\":\"Inicio\",\"item\":\"https:\/\/radioinfinitagoya.com.ar\/v1\/\"},{\"@type\":\"ListItem\",\"position\":2,\"name\":\"Milei recibi\u00f3 gui\u00f1os de los gobernadores, pero le reclamaron el reparto de fondos\"}]},{\"@type\":\"WebSite\",\"@id\":\"https:\/\/radioinfinitagoya.com.ar\/v1\/#website\",\"url\":\"https:\/\/radioinfinitagoya.com.ar\/v1\/\",\"name\":\"radioinfinitagoya.com.ar\",\"description\":\"Radio de noticias\",\"publisher\":{\"@id\":\"https:\/\/radioinfinitagoya.com.ar\/v1\/#organization\"},\"potentialAction\":[{\"@type\":\"SearchAction\",\"target\":{\"@type\":\"EntryPoint\",\"urlTemplate\":\"https:\/\/radioinfinitagoya.com.ar\/v1\/?s={search_term_string}\"},\"query-input\":{\"@type\":\"PropertyValueSpecification\",\"valueRequired\":true,\"valueName\":\"search_term_string\"}}],\"inLanguage\":\"es-AR\"},{\"@type\":\"Organization\",\"@id\":\"https:\/\/radioinfinitagoya.com.ar\/v1\/#organization\",\"name\":\"Radio Infinita Goya\",\"url\":\"https:\/\/radioinfinitagoya.com.ar\/v1\/\",\"logo\":{\"@type\":\"ImageObject\",\"inLanguage\":\"es-AR\",\"@id\":\"https:\/\/radioinfinitagoya.com.ar\/v1\/#\/schema\/logo\/image\/\",\"url\":\"https:\/\/radioinfinitagoya.com.ar\/v1\/wp-content\/uploads\/2019\/11\/logo-pie-web.png\",\"contentUrl\":\"https:\/\/radioinfinitagoya.com.ar\/v1\/wp-content\/uploads\/2019\/11\/logo-pie-web.png\",\"width\":635,\"height\":326,\"caption\":\"Radio Infinita Goya\"},\"image\":{\"@id\":\"https:\/\/radioinfinitagoya.com.ar\/v1\/#\/schema\/logo\/image\/\"},\"sameAs\":[\"https:\/\/www.facebook.com\/p\/Infinita-Goya-100063870918311\/\"]},{\"@type\":\"Person\",\"@id\":\"https:\/\/radioinfinitagoya.com.ar\/v1\/#\/schema\/person\/d4cf9c413d4f6edb24aabdccab49ca4a\",\"name\":\"Jorge Mi\u00f1o\",\"image\":{\"@type\":\"ImageObject\",\"inLanguage\":\"es-AR\",\"@id\":\"https:\/\/secure.gravatar.com\/avatar\/910fcf6728fe95320e07a6643c1581fec1c7fc4bf8ae12e3d8f0d0373dc844be?s=96&d=mm&r=g\",\"url\":\"https:\/\/secure.gravatar.com\/avatar\/910fcf6728fe95320e07a6643c1581fec1c7fc4bf8ae12e3d8f0d0373dc844be?s=96&d=mm&r=g\",\"contentUrl\":\"https:\/\/secure.gravatar.com\/avatar\/910fcf6728fe95320e07a6643c1581fec1c7fc4bf8ae12e3d8f0d0373dc844be?s=96&d=mm&r=g\",\"caption\":\"Jorge Mi\u00f1o\"},\"sameAs\":[\"http:\/\/radioinfinitagoya.com.ar\"]}]}<\/script>\n<!-- \/ Yoast SEO plugin. -->","yoast_head_json":{"title":"Milei recibi\u00f3 gui\u00f1os de los gobernadores, pero le reclamaron el reparto de fondos - Radio Infinita Goya","description":"El Presidente logr\u00f3 avances con los mandatarios provinciales, pero seguir\u00e1n las charlas y habr\u00e1 condiciones. Los detalles de una cumbre que podr\u00eda marcar","robots":{"index":"index","follow":"follow","max-snippet":"max-snippet:-1","max-image-preview":"max-image-preview:large","max-video-preview":"max-video-preview:-1"},"canonical":"https:\/\/radioinfinitagoya.com.ar\/v1\/2025\/10\/31\/milei-recibio-guinos-de-los-gobernadores-pero-le-reclamaron-el-reparto-de-fondos\/","og_locale":"es_ES","og_type":"article","og_title":"Milei recibi\u00f3 gui\u00f1os de los gobernadores, pero le reclamaron el reparto de fondos - Radio Infinita Goya","og_description":"El Presidente logr\u00f3 avances con los mandatarios provinciales, pero seguir\u00e1n las charlas y habr\u00e1 condiciones. Los detalles de una cumbre que podr\u00eda marcar","og_url":"https:\/\/radioinfinitagoya.com.ar\/v1\/2025\/10\/31\/milei-recibio-guinos-de-los-gobernadores-pero-le-reclamaron-el-reparto-de-fondos\/","og_site_name":"Radio Infinita Goya","article_publisher":"https:\/\/www.facebook.com\/p\/Infinita-Goya-100063870918311\/","article_published_time":"2025-10-31T18:58:47+00:00","og_image":[{"width":680,"height":383,"url":"https:\/\/radioinfinitagoya.com.ar\/v1\/wp-content\/uploads\/2025\/10\/G4lCt6gWAAAsXrB.jpg","type":"image\/jpeg"}],"author":"Jorge Mi\u00f1o","twitter_card":"summary_large_image","twitter_misc":{"Escrito por":"Jorge Mi\u00f1o","Tiempo de lectura":"5 minutos"},"schema":{"@context":"https:\/\/schema.org","@graph":[{"@type":"Article","@id":"https:\/\/radioinfinitagoya.com.ar\/v1\/2025\/10\/31\/milei-recibio-guinos-de-los-gobernadores-pero-le-reclamaron-el-reparto-de-fondos\/#article","isPartOf":{"@id":"https:\/\/radioinfinitagoya.com.ar\/v1\/2025\/10\/31\/milei-recibio-guinos-de-los-gobernadores-pero-le-reclamaron-el-reparto-de-fondos\/"},"author":{"name":"Jorge Mi\u00f1o","@id":"https:\/\/radioinfinitagoya.com.ar\/v1\/#\/schema\/person\/d4cf9c413d4f6edb24aabdccab49ca4a"},"headline":"Milei recibi\u00f3 gui\u00f1os de los gobernadores, pero le reclamaron el reparto de fondos","datePublished":"2025-10-31T18:58:47+00:00","mainEntityOfPage":{"@id":"https:\/\/radioinfinitagoya.com.ar\/v1\/2025\/10\/31\/milei-recibio-guinos-de-los-gobernadores-pero-le-reclamaron-el-reparto-de-fondos\/"},"wordCount":1054,"publisher":{"@id":"https:\/\/radioinfinitagoya.com.ar\/v1\/#organization"},"image":{"@id":"https:\/\/radioinfinitagoya.com.ar\/v1\/2025\/10\/31\/milei-recibio-guinos-de-los-gobernadores-pero-le-reclamaron-el-reparto-de-fondos\/#primaryimage"},"thumbnailUrl":"https:\/\/radioinfinitagoya.com.ar\/v1\/wp-content\/uploads\/2025\/10\/G4lCt6gWAAAsXrB.jpg","articleSection":["NACIONALES"],"inLanguage":"es-AR"},{"@type":"WebPage","@id":"https:\/\/radioinfinitagoya.com.ar\/v1\/2025\/10\/31\/milei-recibio-guinos-de-los-gobernadores-pero-le-reclamaron-el-reparto-de-fondos\/","url":"https:\/\/radioinfinitagoya.com.ar\/v1\/2025\/10\/31\/milei-recibio-guinos-de-los-gobernadores-pero-le-reclamaron-el-reparto-de-fondos\/","name":"Milei recibi\u00f3 gui\u00f1os de los gobernadores, pero le reclamaron el reparto de fondos - Radio Infinita Goya","isPartOf":{"@id":"https:\/\/radioinfinitagoya.com.ar\/v1\/#website"},"primaryImageOfPage":{"@id":"https:\/\/radioinfinitagoya.com.ar\/v1\/2025\/10\/31\/milei-recibio-guinos-de-los-gobernadores-pero-le-reclamaron-el-reparto-de-fondos\/#primaryimage"},"image":{"@id":"https:\/\/radioinfinitagoya.com.ar\/v1\/2025\/10\/31\/milei-recibio-guinos-de-los-gobernadores-pero-le-reclamaron-el-reparto-de-fondos\/#primaryimage"},"thumbnailUrl":"https:\/\/radioinfinitagoya.com.ar\/v1\/wp-content\/uploads\/2025\/10\/G4lCt6gWAAAsXrB.jpg","datePublished":"2025-10-31T18:58:47+00:00","description":"El Presidente logr\u00f3 avances con los mandatarios provinciales, pero seguir\u00e1n las charlas y habr\u00e1 condiciones. Los detalles de una cumbre que podr\u00eda marcar","breadcrumb":{"@id":"https:\/\/radioinfinitagoya.com.ar\/v1\/2025\/10\/31\/milei-recibio-guinos-de-los-gobernadores-pero-le-reclamaron-el-reparto-de-fondos\/#breadcrumb"},"inLanguage":"es-AR","potentialAction":[{"@type":"ReadAction","target":["https:\/\/radioinfinitagoya.com.ar\/v1\/2025\/10\/31\/milei-recibio-guinos-de-los-gobernadores-pero-le-reclamaron-el-reparto-de-fondos\/"]}]},{"@type":"ImageObject","inLanguage":"es-AR","@id":"https:\/\/radioinfinitagoya.com.ar\/v1\/2025\/10\/31\/milei-recibio-guinos-de-los-gobernadores-pero-le-reclamaron-el-reparto-de-fondos\/#primaryimage","url":"https:\/\/radioinfinitagoya.com.ar\/v1\/wp-content\/uploads\/2025\/10\/G4lCt6gWAAAsXrB.jpg","contentUrl":"https:\/\/radioinfinitagoya.com.ar\/v1\/wp-content\/uploads\/2025\/10\/G4lCt6gWAAAsXrB.jpg","width":680,"height":383},{"@type":"BreadcrumbList","@id":"https:\/\/radioinfinitagoya.com.ar\/v1\/2025\/10\/31\/milei-recibio-guinos-de-los-gobernadores-pero-le-reclamaron-el-reparto-de-fondos\/#breadcrumb","itemListElement":[{"@type":"ListItem","position":1,"name":"Inicio","item":"https:\/\/radioinfinitagoya.com.ar\/v1\/"},{"@type":"ListItem","position":2,"name":"Milei recibi\u00f3 gui\u00f1os de los gobernadores, pero le reclamaron el reparto de fondos"}]},{"@type":"WebSite","@id":"https:\/\/radioinfinitagoya.com.ar\/v1\/#website","url":"https:\/\/radioinfinitagoya.com.ar\/v1\/","name":"radioinfinitagoya.com.ar","description":"Radio de noticias","publisher":{"@id":"https:\/\/radioinfinitagoya.com.ar\/v1\/#organization"},"potentialAction":[{"@type":"SearchAction","target":{"@type":"EntryPoint","urlTemplate":"https:\/\/radioinfinitagoya.com.ar\/v1\/?s={search_term_string}"},"query-input":{"@type":"PropertyValueSpecification","valueRequired":true,"valueName":"search_term_string"}}],"inLanguage":"es-AR"},{"@type":"Organization","@id":"https:\/\/radioinfinitagoya.com.ar\/v1\/#organization","name":"Radio Infinita Goya","url":"https:\/\/radioinfinitagoya.com.ar\/v1\/","logo":{"@type":"ImageObject","inLanguage":"es-AR","@id":"https:\/\/radioinfinitagoya.com.ar\/v1\/#\/schema\/logo\/image\/","url":"https:\/\/radioinfinitagoya.com.ar\/v1\/wp-content\/uploads\/2019\/11\/logo-pie-web.png","contentUrl":"https:\/\/radioinfinitagoya.com.ar\/v1\/wp-content\/uploads\/2019\/11\/logo-pie-web.png","width":635,"height":326,"caption":"Radio Infinita Goya"},"image":{"@id":"https:\/\/radioinfinitagoya.com.ar\/v1\/#\/schema\/logo\/image\/"},"sameAs":["https:\/\/www.facebook.com\/p\/Infinita-Goya-100063870918311\/"]},{"@type":"Person","@id":"https:\/\/radioinfinitagoya.com.ar\/v1\/#\/schema\/person\/d4cf9c413d4f6edb24aabdccab49ca4a","name":"Jorge Mi\u00f1o","image":{"@type":"ImageObject","inLanguage":"es-AR","@id":"https:\/\/secure.gravatar.com\/avatar\/910fcf6728fe95320e07a6643c1581fec1c7fc4bf8ae12e3d8f0d0373dc844be?s=96&d=mm&r=g","url":"https:\/\/secure.gravatar.com\/avatar\/910fcf6728fe95320e07a6643c1581fec1c7fc4bf8ae12e3d8f0d0373dc844be?s=96&d=mm&r=g","contentUrl":"https:\/\/secure.gravatar.com\/avatar\/910fcf6728fe95320e07a6643c1581fec1c7fc4bf8ae12e3d8f0d0373dc844be?s=96&d=mm&r=g","caption":"Jorge Mi\u00f1o"},"sameAs":["http:\/\/radioinfinitagoya.com.ar"]}]}},"_links":{"self":[{"href":"https:\/\/radioinfinitagoya.com.ar\/v1\/wp-json\/wp\/v2\/posts\/198517","targetHints":{"allow":["GET"]}}],"collection":[{"href":"https:\/\/radioinfinitagoya.com.ar\/v1\/wp-json\/wp\/v2\/posts"}],"about":[{"href":"https:\/\/radioinfinitagoya.com.ar\/v1\/wp-json\/wp\/v2\/types\/post"}],"author":[{"embeddable":true,"href":"https:\/\/radioinfinitagoya.com.ar\/v1\/wp-json\/wp\/v2\/users\/4"}],"replies":[{"embeddable":true,"href":"https:\/\/radioinfinitagoya.com.ar\/v1\/wp-json\/wp\/v2\/comments?post=198517"}],"version-history":[{"count":0,"href":"https:\/\/radioinfinitagoya.com.ar\/v1\/wp-json\/wp\/v2\/posts\/198517\/revisions"}],"wp:featuredmedia":[{"embeddable":true,"href":"https:\/\/radioinfinitagoya.com.ar\/v1\/wp-json\/wp\/v2\/media\/198518"}],"wp:attachment":[{"href":"https:\/\/radioinfinitagoya.com.ar\/v1\/wp-json\/wp\/v2\/media?parent=198517"}],"wp:term":[{"taxonomy":"category","embeddable":true,"href":"https:\/\/radioinfinitagoya.com.ar\/v1\/wp-json\/wp\/v2\/categories?post=198517"},{"taxonomy":"post_tag","embeddable":true,"href":"https:\/\/radioinfinitagoya.com.ar\/v1\/wp-json\/wp\/v2\/tags?post=198517"}],"curies":[{"name":"wp","href":"https:\/\/api.w.org\/{rel}","templated":true}]}}