{"id":198520,"date":"2025-10-31T16:02:57","date_gmt":"2025-10-31T19:02:57","guid":{"rendered":"https:\/\/radioinfinitagoya.com.ar\/v1\/?p=198520"},"modified":"2025-10-31T16:02:57","modified_gmt":"2025-10-31T19:02:57","slug":"lograron-integrar-el-jurado-y-comienza-el-juicio-por-cecilia-strzyzowski","status":"publish","type":"post","link":"https:\/\/radioinfinitagoya.com.ar\/v1\/2025\/10\/31\/lograron-integrar-el-jurado-y-comienza-el-juicio-por-cecilia-strzyzowski\/","title":{"rendered":"Lograron integrar el jurado y comienza el juicio por Cecilia Strzyzowski"},"content":{"rendered":"<p>Se consigui\u00f3 conformar el cuerpo luego de tres jornadas.<\/p>\n<p>Despu\u00e9s de tres jornadas r\u00edspidas, se conform\u00f3 jurado popular para el juicio por el femicidio de Cecilia Strzyzowski (28) ocurrido en Chaco y que tiene entre los principales acusados a los integrantes al clan encabezado por el dirigente pol\u00edtico Emerenciano Sena.<\/p>\n<p>Como el juicio se define por un jurado popular, el primer paso fue conseguir a esos veinte ciudadanos de Resistencia (doce titulares, ocho suplentes) que puedan tomar la carga p\u00fablica.<\/p>\n<p>La familia Sena -alguna vez el grupo piquetero con m\u00e1s m\u00fasculo de la provincia- tiene a los principales acusados por el crimen. Otro cuatro colaboradores est\u00e1n imputados como encubridores.<\/p>\n<p>Este jueves empez\u00f3 con un total de 80 posibles jurados que segu\u00edan en carrera tras el &#8220;casting&#8221; que arranc\u00f3 el martes. Fueron tres jornada con tandas de m\u00e1s de diez horas cada una. En ellas los candidatos iban respondiendo preguntas, llenando formularios y, en muchas ocasiones, esperando.<\/p>\n<p>Seg\u00fan confirmaron fuentes judiciales, el proceso fue &#8220;desgastante&#8221;. Se hizo hincapi\u00e9 en indagar en los prejuicios que pudiesen tener los candidatos sobre temas de protesta social o piquetes.<\/p>\n<p>El proceso de selecci\u00f3n multiplic\u00f3 todas las previsiones que se aplican para cualquier caso com\u00fan. El triple de convocados, el triple de audiencias. Los interrogatorios duraron dos veces lo normal, tambi\u00e9n el debate de recusaci\u00f3n. Las audiencias preliminares fueron 35.<\/p>\n<p>Desde este viernes 31 de octubre, las audiencias se trasladar\u00e1n al Centro de Estudios Judiciales de Resistencia (Juan B. Justo 42), donde se desarrollar\u00e1n hasta el 20 de noviembre, de 8 a 17.<\/p>\n<p>Una vez conformado el jurado, el proceso continuar\u00e1 con las instrucciones iniciales, los alegatos de apertura, la producci\u00f3n de la prueba, los alegatos de clausura, las instrucciones finales, la deliberaci\u00f3n y, finalmente, el veredicto.<\/p>\n<p>Vale se\u00f1alar, tiene que haber unanimidad para una condena.<\/p>\n<p>&nbsp;<\/p>\n<p>&nbsp;<\/p>\n","protected":false},"excerpt":{"rendered":"<p>Se consigui\u00f3 conformar el cuerpo luego de tres jornadas. Despu\u00e9s de tres jornadas r\u00edspidas, se conform\u00f3 jurado popular para el juicio por el femicidio de Cecilia Strzyzowski (28) ocurrido en Chaco y que tiene entre los principales acusados a los integrantes al clan encabezado por el dirigente pol\u00edtico Emerenciano Sena. Como el juicio se define [&hellip;]<\/p>\n","protected":false},"author":4,"featured_media":198521,"comment_status":"closed","ping_status":"closed","sticky":false,"template":"","format":"standard","meta":{"_joinchat":[],"footnotes":""},"categories":[29],"tags":[],"class_list":{"0":"post-198520","1":"post","2":"type-post","3":"status-publish","4":"format-standard","5":"has-post-thumbnail","7":"category-nacionales"},"yoast_head":"<!-- This site is optimized with the Yoast SEO plugin v27.2 - https:\/\/yoast.com\/product\/yoast-seo-wordpress\/ -->\n<title>Lograron integrar el jurado y comienza el juicio por Cecilia Strzyzowski - Radio Infinita Goya<\/title>\n<meta name=\"description\" content=\"Se consigui\u00f3 conformar el cuerpo luego de tres jornadas. Despu\u00e9s de tres jornadas r\u00edspidas, se conform\u00f3 jurado popular para el juicio por el femicidio de\" \/>\n<meta name=\"robots\" content=\"index, follow, max-snippet:-1, max-image-preview:large, max-video-preview:-1\" \/>\n<link rel=\"canonical\" href=\"https:\/\/radioinfinitagoya.com.ar\/v1\/2025\/10\/31\/lograron-integrar-el-jurado-y-comienza-el-juicio-por-cecilia-strzyzowski\/\" \/>\n<meta property=\"og:locale\" content=\"es_ES\" \/>\n<meta property=\"og:type\" content=\"article\" \/>\n<meta property=\"og:title\" content=\"Lograron integrar el jurado y comienza el juicio por Cecilia Strzyzowski - Radio Infinita Goya\" \/>\n<meta property=\"og:description\" content=\"Se consigui\u00f3 conformar el cuerpo luego de tres jornadas. Despu\u00e9s de tres jornadas r\u00edspidas, se conform\u00f3 jurado popular para el juicio por el femicidio de\" \/>\n<meta property=\"og:url\" content=\"https:\/\/radioinfinitagoya.com.ar\/v1\/2025\/10\/31\/lograron-integrar-el-jurado-y-comienza-el-juicio-por-cecilia-strzyzowski\/\" \/>\n<meta property=\"og:site_name\" content=\"Radio Infinita Goya\" \/>\n<meta property=\"article:publisher\" content=\"https:\/\/www.facebook.com\/p\/Infinita-Goya-100063870918311\/\" \/>\n<meta property=\"article:published_time\" content=\"2025-10-31T19:02:57+00:00\" \/>\n<meta property=\"og:image\" content=\"https:\/\/radioinfinitagoya.com.ar\/v1\/wp-content\/uploads\/2025\/10\/adsasdsdaasd_-1-png_1329552577.png\" \/>\n\t<meta property=\"og:image:width\" content=\"1200\" \/>\n\t<meta property=\"og:image:height\" content=\"675\" \/>\n\t<meta property=\"og:image:type\" content=\"image\/png\" \/>\n<meta name=\"author\" content=\"Jorge Mi\u00f1o\" \/>\n<meta name=\"twitter:card\" content=\"summary_large_image\" \/>\n<meta name=\"twitter:label1\" content=\"Escrito por\" \/>\n\t<meta name=\"twitter:data1\" content=\"Jorge Mi\u00f1o\" \/>\n\t<meta name=\"twitter:label2\" content=\"Tiempo de lectura\" \/>\n\t<meta name=\"twitter:data2\" content=\"2 minutos\" \/>\n<script type=\"application\/ld+json\" class=\"yoast-schema-graph\">{\"@context\":\"https:\/\/schema.org\",\"@graph\":[{\"@type\":\"Article\",\"@id\":\"https:\/\/radioinfinitagoya.com.ar\/v1\/2025\/10\/31\/lograron-integrar-el-jurado-y-comienza-el-juicio-por-cecilia-strzyzowski\/#article\",\"isPartOf\":{\"@id\":\"https:\/\/radioinfinitagoya.com.ar\/v1\/2025\/10\/31\/lograron-integrar-el-jurado-y-comienza-el-juicio-por-cecilia-strzyzowski\/\"},\"author\":{\"name\":\"Jorge Mi\u00f1o\",\"@id\":\"https:\/\/radioinfinitagoya.com.ar\/v1\/#\/schema\/person\/d4cf9c413d4f6edb24aabdccab49ca4a\"},\"headline\":\"Lograron integrar el jurado y comienza el juicio por Cecilia Strzyzowski\",\"datePublished\":\"2025-10-31T19:02:57+00:00\",\"mainEntityOfPage\":{\"@id\":\"https:\/\/radioinfinitagoya.com.ar\/v1\/2025\/10\/31\/lograron-integrar-el-jurado-y-comienza-el-juicio-por-cecilia-strzyzowski\/\"},\"wordCount\":324,\"publisher\":{\"@id\":\"https:\/\/radioinfinitagoya.com.ar\/v1\/#organization\"},\"image\":{\"@id\":\"https:\/\/radioinfinitagoya.com.ar\/v1\/2025\/10\/31\/lograron-integrar-el-jurado-y-comienza-el-juicio-por-cecilia-strzyzowski\/#primaryimage\"},\"thumbnailUrl\":\"https:\/\/radioinfinitagoya.com.ar\/v1\/wp-content\/uploads\/2025\/10\/adsasdsdaasd_-1-png_1329552577.png\",\"articleSection\":[\"NACIONALES\"],\"inLanguage\":\"es-AR\"},{\"@type\":\"WebPage\",\"@id\":\"https:\/\/radioinfinitagoya.com.ar\/v1\/2025\/10\/31\/lograron-integrar-el-jurado-y-comienza-el-juicio-por-cecilia-strzyzowski\/\",\"url\":\"https:\/\/radioinfinitagoya.com.ar\/v1\/2025\/10\/31\/lograron-integrar-el-jurado-y-comienza-el-juicio-por-cecilia-strzyzowski\/\",\"name\":\"Lograron integrar el jurado y comienza el juicio por Cecilia Strzyzowski - Radio Infinita Goya\",\"isPartOf\":{\"@id\":\"https:\/\/radioinfinitagoya.com.ar\/v1\/#website\"},\"primaryImageOfPage\":{\"@id\":\"https:\/\/radioinfinitagoya.com.ar\/v1\/2025\/10\/31\/lograron-integrar-el-jurado-y-comienza-el-juicio-por-cecilia-strzyzowski\/#primaryimage\"},\"image\":{\"@id\":\"https:\/\/radioinfinitagoya.com.ar\/v1\/2025\/10\/31\/lograron-integrar-el-jurado-y-comienza-el-juicio-por-cecilia-strzyzowski\/#primaryimage\"},\"thumbnailUrl\":\"https:\/\/radioinfinitagoya.com.ar\/v1\/wp-content\/uploads\/2025\/10\/adsasdsdaasd_-1-png_1329552577.png\",\"datePublished\":\"2025-10-31T19:02:57+00:00\",\"description\":\"Se consigui\u00f3 conformar el cuerpo luego de tres jornadas. Despu\u00e9s de tres jornadas r\u00edspidas, se conform\u00f3 jurado popular para el juicio por el femicidio de\",\"breadcrumb\":{\"@id\":\"https:\/\/radioinfinitagoya.com.ar\/v1\/2025\/10\/31\/lograron-integrar-el-jurado-y-comienza-el-juicio-por-cecilia-strzyzowski\/#breadcrumb\"},\"inLanguage\":\"es-AR\",\"potentialAction\":[{\"@type\":\"ReadAction\",\"target\":[\"https:\/\/radioinfinitagoya.com.ar\/v1\/2025\/10\/31\/lograron-integrar-el-jurado-y-comienza-el-juicio-por-cecilia-strzyzowski\/\"]}]},{\"@type\":\"ImageObject\",\"inLanguage\":\"es-AR\",\"@id\":\"https:\/\/radioinfinitagoya.com.ar\/v1\/2025\/10\/31\/lograron-integrar-el-jurado-y-comienza-el-juicio-por-cecilia-strzyzowski\/#primaryimage\",\"url\":\"https:\/\/radioinfinitagoya.com.ar\/v1\/wp-content\/uploads\/2025\/10\/adsasdsdaasd_-1-png_1329552577.png\",\"contentUrl\":\"https:\/\/radioinfinitagoya.com.ar\/v1\/wp-content\/uploads\/2025\/10\/adsasdsdaasd_-1-png_1329552577.png\",\"width\":1200,\"height\":675},{\"@type\":\"BreadcrumbList\",\"@id\":\"https:\/\/radioinfinitagoya.com.ar\/v1\/2025\/10\/31\/lograron-integrar-el-jurado-y-comienza-el-juicio-por-cecilia-strzyzowski\/#breadcrumb\",\"itemListElement\":[{\"@type\":\"ListItem\",\"position\":1,\"name\":\"Inicio\",\"item\":\"https:\/\/radioinfinitagoya.com.ar\/v1\/\"},{\"@type\":\"ListItem\",\"position\":2,\"name\":\"Lograron integrar el jurado y comienza el juicio por Cecilia Strzyzowski\"}]},{\"@type\":\"WebSite\",\"@id\":\"https:\/\/radioinfinitagoya.com.ar\/v1\/#website\",\"url\":\"https:\/\/radioinfinitagoya.com.ar\/v1\/\",\"name\":\"radioinfinitagoya.com.ar\",\"description\":\"Radio de noticias\",\"publisher\":{\"@id\":\"https:\/\/radioinfinitagoya.com.ar\/v1\/#organization\"},\"potentialAction\":[{\"@type\":\"SearchAction\",\"target\":{\"@type\":\"EntryPoint\",\"urlTemplate\":\"https:\/\/radioinfinitagoya.com.ar\/v1\/?s={search_term_string}\"},\"query-input\":{\"@type\":\"PropertyValueSpecification\",\"valueRequired\":true,\"valueName\":\"search_term_string\"}}],\"inLanguage\":\"es-AR\"},{\"@type\":\"Organization\",\"@id\":\"https:\/\/radioinfinitagoya.com.ar\/v1\/#organization\",\"name\":\"Radio Infinita Goya\",\"url\":\"https:\/\/radioinfinitagoya.com.ar\/v1\/\",\"logo\":{\"@type\":\"ImageObject\",\"inLanguage\":\"es-AR\",\"@id\":\"https:\/\/radioinfinitagoya.com.ar\/v1\/#\/schema\/logo\/image\/\",\"url\":\"https:\/\/radioinfinitagoya.com.ar\/v1\/wp-content\/uploads\/2019\/11\/logo-pie-web.png\",\"contentUrl\":\"https:\/\/radioinfinitagoya.com.ar\/v1\/wp-content\/uploads\/2019\/11\/logo-pie-web.png\",\"width\":635,\"height\":326,\"caption\":\"Radio Infinita Goya\"},\"image\":{\"@id\":\"https:\/\/radioinfinitagoya.com.ar\/v1\/#\/schema\/logo\/image\/\"},\"sameAs\":[\"https:\/\/www.facebook.com\/p\/Infinita-Goya-100063870918311\/\"]},{\"@type\":\"Person\",\"@id\":\"https:\/\/radioinfinitagoya.com.ar\/v1\/#\/schema\/person\/d4cf9c413d4f6edb24aabdccab49ca4a\",\"name\":\"Jorge Mi\u00f1o\",\"image\":{\"@type\":\"ImageObject\",\"inLanguage\":\"es-AR\",\"@id\":\"https:\/\/secure.gravatar.com\/avatar\/910fcf6728fe95320e07a6643c1581fec1c7fc4bf8ae12e3d8f0d0373dc844be?s=96&d=mm&r=g\",\"url\":\"https:\/\/secure.gravatar.com\/avatar\/910fcf6728fe95320e07a6643c1581fec1c7fc4bf8ae12e3d8f0d0373dc844be?s=96&d=mm&r=g\",\"contentUrl\":\"https:\/\/secure.gravatar.com\/avatar\/910fcf6728fe95320e07a6643c1581fec1c7fc4bf8ae12e3d8f0d0373dc844be?s=96&d=mm&r=g\",\"caption\":\"Jorge Mi\u00f1o\"},\"sameAs\":[\"http:\/\/radioinfinitagoya.com.ar\"]}]}<\/script>\n<!-- \/ Yoast SEO plugin. -->","yoast_head_json":{"title":"Lograron integrar el jurado y comienza el juicio por Cecilia Strzyzowski - Radio Infinita Goya","description":"Se consigui\u00f3 conformar el cuerpo luego de tres jornadas. Despu\u00e9s de tres jornadas r\u00edspidas, se conform\u00f3 jurado popular para el juicio por el femicidio de","robots":{"index":"index","follow":"follow","max-snippet":"max-snippet:-1","max-image-preview":"max-image-preview:large","max-video-preview":"max-video-preview:-1"},"canonical":"https:\/\/radioinfinitagoya.com.ar\/v1\/2025\/10\/31\/lograron-integrar-el-jurado-y-comienza-el-juicio-por-cecilia-strzyzowski\/","og_locale":"es_ES","og_type":"article","og_title":"Lograron integrar el jurado y comienza el juicio por Cecilia Strzyzowski - Radio Infinita Goya","og_description":"Se consigui\u00f3 conformar el cuerpo luego de tres jornadas. Despu\u00e9s de tres jornadas r\u00edspidas, se conform\u00f3 jurado popular para el juicio por el femicidio de","og_url":"https:\/\/radioinfinitagoya.com.ar\/v1\/2025\/10\/31\/lograron-integrar-el-jurado-y-comienza-el-juicio-por-cecilia-strzyzowski\/","og_site_name":"Radio Infinita Goya","article_publisher":"https:\/\/www.facebook.com\/p\/Infinita-Goya-100063870918311\/","article_published_time":"2025-10-31T19:02:57+00:00","og_image":[{"width":1200,"height":675,"url":"https:\/\/radioinfinitagoya.com.ar\/v1\/wp-content\/uploads\/2025\/10\/adsasdsdaasd_-1-png_1329552577.png","type":"image\/png"}],"author":"Jorge Mi\u00f1o","twitter_card":"summary_large_image","twitter_misc":{"Escrito por":"Jorge Mi\u00f1o","Tiempo de lectura":"2 minutos"},"schema":{"@context":"https:\/\/schema.org","@graph":[{"@type":"Article","@id":"https:\/\/radioinfinitagoya.com.ar\/v1\/2025\/10\/31\/lograron-integrar-el-jurado-y-comienza-el-juicio-por-cecilia-strzyzowski\/#article","isPartOf":{"@id":"https:\/\/radioinfinitagoya.com.ar\/v1\/2025\/10\/31\/lograron-integrar-el-jurado-y-comienza-el-juicio-por-cecilia-strzyzowski\/"},"author":{"name":"Jorge Mi\u00f1o","@id":"https:\/\/radioinfinitagoya.com.ar\/v1\/#\/schema\/person\/d4cf9c413d4f6edb24aabdccab49ca4a"},"headline":"Lograron integrar el jurado y comienza el juicio por Cecilia Strzyzowski","datePublished":"2025-10-31T19:02:57+00:00","mainEntityOfPage":{"@id":"https:\/\/radioinfinitagoya.com.ar\/v1\/2025\/10\/31\/lograron-integrar-el-jurado-y-comienza-el-juicio-por-cecilia-strzyzowski\/"},"wordCount":324,"publisher":{"@id":"https:\/\/radioinfinitagoya.com.ar\/v1\/#organization"},"image":{"@id":"https:\/\/radioinfinitagoya.com.ar\/v1\/2025\/10\/31\/lograron-integrar-el-jurado-y-comienza-el-juicio-por-cecilia-strzyzowski\/#primaryimage"},"thumbnailUrl":"https:\/\/radioinfinitagoya.com.ar\/v1\/wp-content\/uploads\/2025\/10\/adsasdsdaasd_-1-png_1329552577.png","articleSection":["NACIONALES"],"inLanguage":"es-AR"},{"@type":"WebPage","@id":"https:\/\/radioinfinitagoya.com.ar\/v1\/2025\/10\/31\/lograron-integrar-el-jurado-y-comienza-el-juicio-por-cecilia-strzyzowski\/","url":"https:\/\/radioinfinitagoya.com.ar\/v1\/2025\/10\/31\/lograron-integrar-el-jurado-y-comienza-el-juicio-por-cecilia-strzyzowski\/","name":"Lograron integrar el jurado y comienza el juicio por Cecilia Strzyzowski - Radio Infinita Goya","isPartOf":{"@id":"https:\/\/radioinfinitagoya.com.ar\/v1\/#website"},"primaryImageOfPage":{"@id":"https:\/\/radioinfinitagoya.com.ar\/v1\/2025\/10\/31\/lograron-integrar-el-jurado-y-comienza-el-juicio-por-cecilia-strzyzowski\/#primaryimage"},"image":{"@id":"https:\/\/radioinfinitagoya.com.ar\/v1\/2025\/10\/31\/lograron-integrar-el-jurado-y-comienza-el-juicio-por-cecilia-strzyzowski\/#primaryimage"},"thumbnailUrl":"https:\/\/radioinfinitagoya.com.ar\/v1\/wp-content\/uploads\/2025\/10\/adsasdsdaasd_-1-png_1329552577.png","datePublished":"2025-10-31T19:02:57+00:00","description":"Se consigui\u00f3 conformar el cuerpo luego de tres jornadas. Despu\u00e9s de tres jornadas r\u00edspidas, se conform\u00f3 jurado popular para el juicio por el femicidio de","breadcrumb":{"@id":"https:\/\/radioinfinitagoya.com.ar\/v1\/2025\/10\/31\/lograron-integrar-el-jurado-y-comienza-el-juicio-por-cecilia-strzyzowski\/#breadcrumb"},"inLanguage":"es-AR","potentialAction":[{"@type":"ReadAction","target":["https:\/\/radioinfinitagoya.com.ar\/v1\/2025\/10\/31\/lograron-integrar-el-jurado-y-comienza-el-juicio-por-cecilia-strzyzowski\/"]}]},{"@type":"ImageObject","inLanguage":"es-AR","@id":"https:\/\/radioinfinitagoya.com.ar\/v1\/2025\/10\/31\/lograron-integrar-el-jurado-y-comienza-el-juicio-por-cecilia-strzyzowski\/#primaryimage","url":"https:\/\/radioinfinitagoya.com.ar\/v1\/wp-content\/uploads\/2025\/10\/adsasdsdaasd_-1-png_1329552577.png","contentUrl":"https:\/\/radioinfinitagoya.com.ar\/v1\/wp-content\/uploads\/2025\/10\/adsasdsdaasd_-1-png_1329552577.png","width":1200,"height":675},{"@type":"BreadcrumbList","@id":"https:\/\/radioinfinitagoya.com.ar\/v1\/2025\/10\/31\/lograron-integrar-el-jurado-y-comienza-el-juicio-por-cecilia-strzyzowski\/#breadcrumb","itemListElement":[{"@type":"ListItem","position":1,"name":"Inicio","item":"https:\/\/radioinfinitagoya.com.ar\/v1\/"},{"@type":"ListItem","position":2,"name":"Lograron integrar el jurado y comienza el juicio por Cecilia Strzyzowski"}]},{"@type":"WebSite","@id":"https:\/\/radioinfinitagoya.com.ar\/v1\/#website","url":"https:\/\/radioinfinitagoya.com.ar\/v1\/","name":"radioinfinitagoya.com.ar","description":"Radio de noticias","publisher":{"@id":"https:\/\/radioinfinitagoya.com.ar\/v1\/#organization"},"potentialAction":[{"@type":"SearchAction","target":{"@type":"EntryPoint","urlTemplate":"https:\/\/radioinfinitagoya.com.ar\/v1\/?s={search_term_string}"},"query-input":{"@type":"PropertyValueSpecification","valueRequired":true,"valueName":"search_term_string"}}],"inLanguage":"es-AR"},{"@type":"Organization","@id":"https:\/\/radioinfinitagoya.com.ar\/v1\/#organization","name":"Radio Infinita Goya","url":"https:\/\/radioinfinitagoya.com.ar\/v1\/","logo":{"@type":"ImageObject","inLanguage":"es-AR","@id":"https:\/\/radioinfinitagoya.com.ar\/v1\/#\/schema\/logo\/image\/","url":"https:\/\/radioinfinitagoya.com.ar\/v1\/wp-content\/uploads\/2019\/11\/logo-pie-web.png","contentUrl":"https:\/\/radioinfinitagoya.com.ar\/v1\/wp-content\/uploads\/2019\/11\/logo-pie-web.png","width":635,"height":326,"caption":"Radio Infinita Goya"},"image":{"@id":"https:\/\/radioinfinitagoya.com.ar\/v1\/#\/schema\/logo\/image\/"},"sameAs":["https:\/\/www.facebook.com\/p\/Infinita-Goya-100063870918311\/"]},{"@type":"Person","@id":"https:\/\/radioinfinitagoya.com.ar\/v1\/#\/schema\/person\/d4cf9c413d4f6edb24aabdccab49ca4a","name":"Jorge Mi\u00f1o","image":{"@type":"ImageObject","inLanguage":"es-AR","@id":"https:\/\/secure.gravatar.com\/avatar\/910fcf6728fe95320e07a6643c1581fec1c7fc4bf8ae12e3d8f0d0373dc844be?s=96&d=mm&r=g","url":"https:\/\/secure.gravatar.com\/avatar\/910fcf6728fe95320e07a6643c1581fec1c7fc4bf8ae12e3d8f0d0373dc844be?s=96&d=mm&r=g","contentUrl":"https:\/\/secure.gravatar.com\/avatar\/910fcf6728fe95320e07a6643c1581fec1c7fc4bf8ae12e3d8f0d0373dc844be?s=96&d=mm&r=g","caption":"Jorge Mi\u00f1o"},"sameAs":["http:\/\/radioinfinitagoya.com.ar"]}]}},"_links":{"self":[{"href":"https:\/\/radioinfinitagoya.com.ar\/v1\/wp-json\/wp\/v2\/posts\/198520","targetHints":{"allow":["GET"]}}],"collection":[{"href":"https:\/\/radioinfinitagoya.com.ar\/v1\/wp-json\/wp\/v2\/posts"}],"about":[{"href":"https:\/\/radioinfinitagoya.com.ar\/v1\/wp-json\/wp\/v2\/types\/post"}],"author":[{"embeddable":true,"href":"https:\/\/radioinfinitagoya.com.ar\/v1\/wp-json\/wp\/v2\/users\/4"}],"replies":[{"embeddable":true,"href":"https:\/\/radioinfinitagoya.com.ar\/v1\/wp-json\/wp\/v2\/comments?post=198520"}],"version-history":[{"count":0,"href":"https:\/\/radioinfinitagoya.com.ar\/v1\/wp-json\/wp\/v2\/posts\/198520\/revisions"}],"wp:featuredmedia":[{"embeddable":true,"href":"https:\/\/radioinfinitagoya.com.ar\/v1\/wp-json\/wp\/v2\/media\/198521"}],"wp:attachment":[{"href":"https:\/\/radioinfinitagoya.com.ar\/v1\/wp-json\/wp\/v2\/media?parent=198520"}],"wp:term":[{"taxonomy":"category","embeddable":true,"href":"https:\/\/radioinfinitagoya.com.ar\/v1\/wp-json\/wp\/v2\/categories?post=198520"},{"taxonomy":"post_tag","embeddable":true,"href":"https:\/\/radioinfinitagoya.com.ar\/v1\/wp-json\/wp\/v2\/tags?post=198520"}],"curies":[{"name":"wp","href":"https:\/\/api.w.org\/{rel}","templated":true}]}}