{"id":198526,"date":"2025-10-31T16:08:30","date_gmt":"2025-10-31T19:08:30","guid":{"rendered":"https:\/\/radioinfinitagoya.com.ar\/v1\/?p=198526"},"modified":"2025-10-31T16:08:30","modified_gmt":"2025-10-31T19:08:30","slug":"el-lunes-comienza-a-regir-la-nueva-tarifa-del-servicio-de-colectivo-en-corrientes","status":"publish","type":"post","link":"https:\/\/radioinfinitagoya.com.ar\/v1\/2025\/10\/31\/el-lunes-comienza-a-regir-la-nueva-tarifa-del-servicio-de-colectivo-en-corrientes\/","title":{"rendered":"El lunes comienza a regir la nueva tarifa del servicio de colectivo en Corrientes"},"content":{"rendered":"<p>A partir del primer servicio del 3 de noviembre, el pasaje de colectivo en la ciudad de Corrientes costar\u00e1 $1.890. De esta manera, entra en vigencia la actualizaci\u00f3n tarifaria aprobada a mediados de octubre por el Concejo Deliberante capitalino.<\/p>\n<p>La Secretar\u00eda de Movilidad Urbana y Seguridad Ciudadana de la Municipalidad informa que el lunes 3 de noviembre entrar\u00e1 en vigencia la nueva tarifa del boleto de transporte urbano de pasajeros en todo el ejido de la ciudad de Corrientes, cuyo valor ascender\u00e1 a $1.890.<\/p>\n<p>Esta medida corresponde a la aplicaci\u00f3n de la Ordenanza N\u00b0 7658 sancionada por el Concejo Deliberante capitalino hace dos semanas, que estableci\u00f3 la actualizaci\u00f3n del costo del pasaje: de esta manera, el precio del boleto pasa de $1.290 a $1.890.<\/p>\n<p>Cumpliendo con el tratamiento correspondiente, en el \u00e1mbito del recinto deliberativo se debati\u00f3 la actualizaci\u00f3n de la tarifa del servicio p\u00fablico que fue solicitada por las empresas de transporte que funcionan en la ciudad. Lo que incluy\u00f3 una primera lectura, una instancia de audiencia p\u00fablica donde los usuarios expresaron su parecer, el an\u00e1lisis en las comisiones y finalmente la aprobaci\u00f3n por parte de los ediles.<\/p>\n<p>Adem\u00e1s, la legislaci\u00f3n municipal contempla una elevaci\u00f3n en el costo del servicio diferencial, que va desde el aeropuerto internacional Piragine Niveyro hasta el barrio Centro y La Rosada; con paradas por avenida Libertad y J.R. Fern\u00e1ndez; al igual que por las calles Pellegrini y Santa Fe. Esta modificaci\u00f3n espec\u00edfica implica el equivalente a seis tarifas planas.<\/p>\n<p>Desde la Municipalidad se recuerda que siguen vigentes los servicios sociales a trav\u00e9s de la tarjeta SUBE. Se mantiene y se garantiza la gratuidad del boleto estudiantil, que incluye a los niveles: primario, secundario, terciario y universitario, al igual que los beneficios para las personas con discapacidad, personas con HIV y trasplantados (dos pasajes gratuitos por d\u00eda).<\/p>\n<p>&nbsp;<\/p>\n<p>&nbsp;<\/p>\n<p>&nbsp;<\/p>\n<p>&nbsp;<\/p>\n","protected":false},"excerpt":{"rendered":"<p>A partir del primer servicio del 3 de noviembre, el pasaje de colectivo en la ciudad de Corrientes costar\u00e1 $1.890. De esta manera, entra en vigencia la actualizaci\u00f3n tarifaria aprobada a mediados de octubre por el Concejo Deliberante capitalino. La Secretar\u00eda de Movilidad Urbana y Seguridad Ciudadana de la Municipalidad informa que el lunes 3 [&hellip;]<\/p>\n","protected":false},"author":4,"featured_media":198527,"comment_status":"closed","ping_status":"closed","sticky":false,"template":"","format":"standard","meta":{"_joinchat":[],"footnotes":""},"categories":[26],"tags":[],"class_list":{"0":"post-198526","1":"post","2":"type-post","3":"status-publish","4":"format-standard","5":"has-post-thumbnail","7":"category-provinciales"},"yoast_head":"<!-- This site is optimized with the Yoast SEO plugin v27.2 - https:\/\/yoast.com\/product\/yoast-seo-wordpress\/ -->\n<title>El lunes comienza a regir la nueva tarifa del servicio de colectivo en Corrientes - Radio Infinita Goya<\/title>\n<meta name=\"description\" content=\"A partir del primer servicio del 3 de noviembre, el pasaje de colectivo en la ciudad de Corrientes costar\u00e1 $1.890. De esta manera, entra en vigencia la\" \/>\n<meta name=\"robots\" content=\"index, follow, max-snippet:-1, max-image-preview:large, max-video-preview:-1\" \/>\n<link rel=\"canonical\" href=\"https:\/\/radioinfinitagoya.com.ar\/v1\/2025\/10\/31\/el-lunes-comienza-a-regir-la-nueva-tarifa-del-servicio-de-colectivo-en-corrientes\/\" \/>\n<meta property=\"og:locale\" content=\"es_ES\" \/>\n<meta property=\"og:type\" content=\"article\" \/>\n<meta property=\"og:title\" content=\"El lunes comienza a regir la nueva tarifa del servicio de colectivo en Corrientes - Radio Infinita Goya\" \/>\n<meta property=\"og:description\" content=\"A partir del primer servicio del 3 de noviembre, el pasaje de colectivo en la ciudad de Corrientes costar\u00e1 $1.890. De esta manera, entra en vigencia la\" \/>\n<meta property=\"og:url\" content=\"https:\/\/radioinfinitagoya.com.ar\/v1\/2025\/10\/31\/el-lunes-comienza-a-regir-la-nueva-tarifa-del-servicio-de-colectivo-en-corrientes\/\" \/>\n<meta property=\"og:site_name\" content=\"Radio Infinita Goya\" \/>\n<meta property=\"article:publisher\" content=\"https:\/\/www.facebook.com\/p\/Infinita-Goya-100063870918311\/\" \/>\n<meta property=\"article:published_time\" content=\"2025-10-31T19:08:30+00:00\" \/>\n<meta property=\"og:image\" content=\"https:\/\/radioinfinitagoya.com.ar\/v1\/wp-content\/uploads\/2025\/10\/247420w790h378c.jpg.webp\" \/>\n\t<meta property=\"og:image:width\" content=\"790\" \/>\n\t<meta property=\"og:image:height\" content=\"378\" \/>\n\t<meta property=\"og:image:type\" content=\"image\/webp\" \/>\n<meta name=\"author\" content=\"Jorge Mi\u00f1o\" \/>\n<meta name=\"twitter:card\" content=\"summary_large_image\" \/>\n<meta name=\"twitter:label1\" content=\"Escrito por\" \/>\n\t<meta name=\"twitter:data1\" content=\"Jorge Mi\u00f1o\" \/>\n\t<meta name=\"twitter:label2\" content=\"Tiempo de lectura\" \/>\n\t<meta name=\"twitter:data2\" content=\"2 minutos\" \/>\n<script type=\"application\/ld+json\" class=\"yoast-schema-graph\">{\"@context\":\"https:\/\/schema.org\",\"@graph\":[{\"@type\":\"Article\",\"@id\":\"https:\/\/radioinfinitagoya.com.ar\/v1\/2025\/10\/31\/el-lunes-comienza-a-regir-la-nueva-tarifa-del-servicio-de-colectivo-en-corrientes\/#article\",\"isPartOf\":{\"@id\":\"https:\/\/radioinfinitagoya.com.ar\/v1\/2025\/10\/31\/el-lunes-comienza-a-regir-la-nueva-tarifa-del-servicio-de-colectivo-en-corrientes\/\"},\"author\":{\"name\":\"Jorge Mi\u00f1o\",\"@id\":\"https:\/\/radioinfinitagoya.com.ar\/v1\/#\/schema\/person\/d4cf9c413d4f6edb24aabdccab49ca4a\"},\"headline\":\"El lunes comienza a regir la nueva tarifa del servicio de colectivo en Corrientes\",\"datePublished\":\"2025-10-31T19:08:30+00:00\",\"mainEntityOfPage\":{\"@id\":\"https:\/\/radioinfinitagoya.com.ar\/v1\/2025\/10\/31\/el-lunes-comienza-a-regir-la-nueva-tarifa-del-servicio-de-colectivo-en-corrientes\/\"},\"wordCount\":331,\"publisher\":{\"@id\":\"https:\/\/radioinfinitagoya.com.ar\/v1\/#organization\"},\"image\":{\"@id\":\"https:\/\/radioinfinitagoya.com.ar\/v1\/2025\/10\/31\/el-lunes-comienza-a-regir-la-nueva-tarifa-del-servicio-de-colectivo-en-corrientes\/#primaryimage\"},\"thumbnailUrl\":\"https:\/\/radioinfinitagoya.com.ar\/v1\/wp-content\/uploads\/2025\/10\/247420w790h378c.jpg.webp\",\"articleSection\":[\"PROVINCIALES\"],\"inLanguage\":\"es-AR\"},{\"@type\":\"WebPage\",\"@id\":\"https:\/\/radioinfinitagoya.com.ar\/v1\/2025\/10\/31\/el-lunes-comienza-a-regir-la-nueva-tarifa-del-servicio-de-colectivo-en-corrientes\/\",\"url\":\"https:\/\/radioinfinitagoya.com.ar\/v1\/2025\/10\/31\/el-lunes-comienza-a-regir-la-nueva-tarifa-del-servicio-de-colectivo-en-corrientes\/\",\"name\":\"El lunes comienza a regir la nueva tarifa del servicio de colectivo en Corrientes - Radio Infinita Goya\",\"isPartOf\":{\"@id\":\"https:\/\/radioinfinitagoya.com.ar\/v1\/#website\"},\"primaryImageOfPage\":{\"@id\":\"https:\/\/radioinfinitagoya.com.ar\/v1\/2025\/10\/31\/el-lunes-comienza-a-regir-la-nueva-tarifa-del-servicio-de-colectivo-en-corrientes\/#primaryimage\"},\"image\":{\"@id\":\"https:\/\/radioinfinitagoya.com.ar\/v1\/2025\/10\/31\/el-lunes-comienza-a-regir-la-nueva-tarifa-del-servicio-de-colectivo-en-corrientes\/#primaryimage\"},\"thumbnailUrl\":\"https:\/\/radioinfinitagoya.com.ar\/v1\/wp-content\/uploads\/2025\/10\/247420w790h378c.jpg.webp\",\"datePublished\":\"2025-10-31T19:08:30+00:00\",\"description\":\"A partir del primer servicio del 3 de noviembre, el pasaje de colectivo en la ciudad de Corrientes costar\u00e1 $1.890. De esta manera, entra en vigencia la\",\"breadcrumb\":{\"@id\":\"https:\/\/radioinfinitagoya.com.ar\/v1\/2025\/10\/31\/el-lunes-comienza-a-regir-la-nueva-tarifa-del-servicio-de-colectivo-en-corrientes\/#breadcrumb\"},\"inLanguage\":\"es-AR\",\"potentialAction\":[{\"@type\":\"ReadAction\",\"target\":[\"https:\/\/radioinfinitagoya.com.ar\/v1\/2025\/10\/31\/el-lunes-comienza-a-regir-la-nueva-tarifa-del-servicio-de-colectivo-en-corrientes\/\"]}]},{\"@type\":\"ImageObject\",\"inLanguage\":\"es-AR\",\"@id\":\"https:\/\/radioinfinitagoya.com.ar\/v1\/2025\/10\/31\/el-lunes-comienza-a-regir-la-nueva-tarifa-del-servicio-de-colectivo-en-corrientes\/#primaryimage\",\"url\":\"https:\/\/radioinfinitagoya.com.ar\/v1\/wp-content\/uploads\/2025\/10\/247420w790h378c.jpg.webp\",\"contentUrl\":\"https:\/\/radioinfinitagoya.com.ar\/v1\/wp-content\/uploads\/2025\/10\/247420w790h378c.jpg.webp\",\"width\":790,\"height\":378},{\"@type\":\"BreadcrumbList\",\"@id\":\"https:\/\/radioinfinitagoya.com.ar\/v1\/2025\/10\/31\/el-lunes-comienza-a-regir-la-nueva-tarifa-del-servicio-de-colectivo-en-corrientes\/#breadcrumb\",\"itemListElement\":[{\"@type\":\"ListItem\",\"position\":1,\"name\":\"Inicio\",\"item\":\"https:\/\/radioinfinitagoya.com.ar\/v1\/\"},{\"@type\":\"ListItem\",\"position\":2,\"name\":\"El lunes comienza a regir la nueva tarifa del servicio de colectivo en Corrientes\"}]},{\"@type\":\"WebSite\",\"@id\":\"https:\/\/radioinfinitagoya.com.ar\/v1\/#website\",\"url\":\"https:\/\/radioinfinitagoya.com.ar\/v1\/\",\"name\":\"radioinfinitagoya.com.ar\",\"description\":\"Radio de noticias\",\"publisher\":{\"@id\":\"https:\/\/radioinfinitagoya.com.ar\/v1\/#organization\"},\"potentialAction\":[{\"@type\":\"SearchAction\",\"target\":{\"@type\":\"EntryPoint\",\"urlTemplate\":\"https:\/\/radioinfinitagoya.com.ar\/v1\/?s={search_term_string}\"},\"query-input\":{\"@type\":\"PropertyValueSpecification\",\"valueRequired\":true,\"valueName\":\"search_term_string\"}}],\"inLanguage\":\"es-AR\"},{\"@type\":\"Organization\",\"@id\":\"https:\/\/radioinfinitagoya.com.ar\/v1\/#organization\",\"name\":\"Radio Infinita Goya\",\"url\":\"https:\/\/radioinfinitagoya.com.ar\/v1\/\",\"logo\":{\"@type\":\"ImageObject\",\"inLanguage\":\"es-AR\",\"@id\":\"https:\/\/radioinfinitagoya.com.ar\/v1\/#\/schema\/logo\/image\/\",\"url\":\"https:\/\/radioinfinitagoya.com.ar\/v1\/wp-content\/uploads\/2019\/11\/logo-pie-web.png\",\"contentUrl\":\"https:\/\/radioinfinitagoya.com.ar\/v1\/wp-content\/uploads\/2019\/11\/logo-pie-web.png\",\"width\":635,\"height\":326,\"caption\":\"Radio Infinita Goya\"},\"image\":{\"@id\":\"https:\/\/radioinfinitagoya.com.ar\/v1\/#\/schema\/logo\/image\/\"},\"sameAs\":[\"https:\/\/www.facebook.com\/p\/Infinita-Goya-100063870918311\/\"]},{\"@type\":\"Person\",\"@id\":\"https:\/\/radioinfinitagoya.com.ar\/v1\/#\/schema\/person\/d4cf9c413d4f6edb24aabdccab49ca4a\",\"name\":\"Jorge Mi\u00f1o\",\"image\":{\"@type\":\"ImageObject\",\"inLanguage\":\"es-AR\",\"@id\":\"https:\/\/secure.gravatar.com\/avatar\/910fcf6728fe95320e07a6643c1581fec1c7fc4bf8ae12e3d8f0d0373dc844be?s=96&d=mm&r=g\",\"url\":\"https:\/\/secure.gravatar.com\/avatar\/910fcf6728fe95320e07a6643c1581fec1c7fc4bf8ae12e3d8f0d0373dc844be?s=96&d=mm&r=g\",\"contentUrl\":\"https:\/\/secure.gravatar.com\/avatar\/910fcf6728fe95320e07a6643c1581fec1c7fc4bf8ae12e3d8f0d0373dc844be?s=96&d=mm&r=g\",\"caption\":\"Jorge Mi\u00f1o\"},\"sameAs\":[\"http:\/\/radioinfinitagoya.com.ar\"]}]}<\/script>\n<!-- \/ Yoast SEO plugin. -->","yoast_head_json":{"title":"El lunes comienza a regir la nueva tarifa del servicio de colectivo en Corrientes - Radio Infinita Goya","description":"A partir del primer servicio del 3 de noviembre, el pasaje de colectivo en la ciudad de Corrientes costar\u00e1 $1.890. De esta manera, entra en vigencia la","robots":{"index":"index","follow":"follow","max-snippet":"max-snippet:-1","max-image-preview":"max-image-preview:large","max-video-preview":"max-video-preview:-1"},"canonical":"https:\/\/radioinfinitagoya.com.ar\/v1\/2025\/10\/31\/el-lunes-comienza-a-regir-la-nueva-tarifa-del-servicio-de-colectivo-en-corrientes\/","og_locale":"es_ES","og_type":"article","og_title":"El lunes comienza a regir la nueva tarifa del servicio de colectivo en Corrientes - Radio Infinita Goya","og_description":"A partir del primer servicio del 3 de noviembre, el pasaje de colectivo en la ciudad de Corrientes costar\u00e1 $1.890. De esta manera, entra en vigencia la","og_url":"https:\/\/radioinfinitagoya.com.ar\/v1\/2025\/10\/31\/el-lunes-comienza-a-regir-la-nueva-tarifa-del-servicio-de-colectivo-en-corrientes\/","og_site_name":"Radio Infinita Goya","article_publisher":"https:\/\/www.facebook.com\/p\/Infinita-Goya-100063870918311\/","article_published_time":"2025-10-31T19:08:30+00:00","og_image":[{"width":790,"height":378,"url":"https:\/\/radioinfinitagoya.com.ar\/v1\/wp-content\/uploads\/2025\/10\/247420w790h378c.jpg.webp","type":"image\/webp"}],"author":"Jorge Mi\u00f1o","twitter_card":"summary_large_image","twitter_misc":{"Escrito por":"Jorge Mi\u00f1o","Tiempo de lectura":"2 minutos"},"schema":{"@context":"https:\/\/schema.org","@graph":[{"@type":"Article","@id":"https:\/\/radioinfinitagoya.com.ar\/v1\/2025\/10\/31\/el-lunes-comienza-a-regir-la-nueva-tarifa-del-servicio-de-colectivo-en-corrientes\/#article","isPartOf":{"@id":"https:\/\/radioinfinitagoya.com.ar\/v1\/2025\/10\/31\/el-lunes-comienza-a-regir-la-nueva-tarifa-del-servicio-de-colectivo-en-corrientes\/"},"author":{"name":"Jorge Mi\u00f1o","@id":"https:\/\/radioinfinitagoya.com.ar\/v1\/#\/schema\/person\/d4cf9c413d4f6edb24aabdccab49ca4a"},"headline":"El lunes comienza a regir la nueva tarifa del servicio de colectivo en Corrientes","datePublished":"2025-10-31T19:08:30+00:00","mainEntityOfPage":{"@id":"https:\/\/radioinfinitagoya.com.ar\/v1\/2025\/10\/31\/el-lunes-comienza-a-regir-la-nueva-tarifa-del-servicio-de-colectivo-en-corrientes\/"},"wordCount":331,"publisher":{"@id":"https:\/\/radioinfinitagoya.com.ar\/v1\/#organization"},"image":{"@id":"https:\/\/radioinfinitagoya.com.ar\/v1\/2025\/10\/31\/el-lunes-comienza-a-regir-la-nueva-tarifa-del-servicio-de-colectivo-en-corrientes\/#primaryimage"},"thumbnailUrl":"https:\/\/radioinfinitagoya.com.ar\/v1\/wp-content\/uploads\/2025\/10\/247420w790h378c.jpg.webp","articleSection":["PROVINCIALES"],"inLanguage":"es-AR"},{"@type":"WebPage","@id":"https:\/\/radioinfinitagoya.com.ar\/v1\/2025\/10\/31\/el-lunes-comienza-a-regir-la-nueva-tarifa-del-servicio-de-colectivo-en-corrientes\/","url":"https:\/\/radioinfinitagoya.com.ar\/v1\/2025\/10\/31\/el-lunes-comienza-a-regir-la-nueva-tarifa-del-servicio-de-colectivo-en-corrientes\/","name":"El lunes comienza a regir la nueva tarifa del servicio de colectivo en Corrientes - Radio Infinita Goya","isPartOf":{"@id":"https:\/\/radioinfinitagoya.com.ar\/v1\/#website"},"primaryImageOfPage":{"@id":"https:\/\/radioinfinitagoya.com.ar\/v1\/2025\/10\/31\/el-lunes-comienza-a-regir-la-nueva-tarifa-del-servicio-de-colectivo-en-corrientes\/#primaryimage"},"image":{"@id":"https:\/\/radioinfinitagoya.com.ar\/v1\/2025\/10\/31\/el-lunes-comienza-a-regir-la-nueva-tarifa-del-servicio-de-colectivo-en-corrientes\/#primaryimage"},"thumbnailUrl":"https:\/\/radioinfinitagoya.com.ar\/v1\/wp-content\/uploads\/2025\/10\/247420w790h378c.jpg.webp","datePublished":"2025-10-31T19:08:30+00:00","description":"A partir del primer servicio del 3 de noviembre, el pasaje de colectivo en la ciudad de Corrientes costar\u00e1 $1.890. De esta manera, entra en vigencia la","breadcrumb":{"@id":"https:\/\/radioinfinitagoya.com.ar\/v1\/2025\/10\/31\/el-lunes-comienza-a-regir-la-nueva-tarifa-del-servicio-de-colectivo-en-corrientes\/#breadcrumb"},"inLanguage":"es-AR","potentialAction":[{"@type":"ReadAction","target":["https:\/\/radioinfinitagoya.com.ar\/v1\/2025\/10\/31\/el-lunes-comienza-a-regir-la-nueva-tarifa-del-servicio-de-colectivo-en-corrientes\/"]}]},{"@type":"ImageObject","inLanguage":"es-AR","@id":"https:\/\/radioinfinitagoya.com.ar\/v1\/2025\/10\/31\/el-lunes-comienza-a-regir-la-nueva-tarifa-del-servicio-de-colectivo-en-corrientes\/#primaryimage","url":"https:\/\/radioinfinitagoya.com.ar\/v1\/wp-content\/uploads\/2025\/10\/247420w790h378c.jpg.webp","contentUrl":"https:\/\/radioinfinitagoya.com.ar\/v1\/wp-content\/uploads\/2025\/10\/247420w790h378c.jpg.webp","width":790,"height":378},{"@type":"BreadcrumbList","@id":"https:\/\/radioinfinitagoya.com.ar\/v1\/2025\/10\/31\/el-lunes-comienza-a-regir-la-nueva-tarifa-del-servicio-de-colectivo-en-corrientes\/#breadcrumb","itemListElement":[{"@type":"ListItem","position":1,"name":"Inicio","item":"https:\/\/radioinfinitagoya.com.ar\/v1\/"},{"@type":"ListItem","position":2,"name":"El lunes comienza a regir la nueva tarifa del servicio de colectivo en Corrientes"}]},{"@type":"WebSite","@id":"https:\/\/radioinfinitagoya.com.ar\/v1\/#website","url":"https:\/\/radioinfinitagoya.com.ar\/v1\/","name":"radioinfinitagoya.com.ar","description":"Radio de noticias","publisher":{"@id":"https:\/\/radioinfinitagoya.com.ar\/v1\/#organization"},"potentialAction":[{"@type":"SearchAction","target":{"@type":"EntryPoint","urlTemplate":"https:\/\/radioinfinitagoya.com.ar\/v1\/?s={search_term_string}"},"query-input":{"@type":"PropertyValueSpecification","valueRequired":true,"valueName":"search_term_string"}}],"inLanguage":"es-AR"},{"@type":"Organization","@id":"https:\/\/radioinfinitagoya.com.ar\/v1\/#organization","name":"Radio Infinita Goya","url":"https:\/\/radioinfinitagoya.com.ar\/v1\/","logo":{"@type":"ImageObject","inLanguage":"es-AR","@id":"https:\/\/radioinfinitagoya.com.ar\/v1\/#\/schema\/logo\/image\/","url":"https:\/\/radioinfinitagoya.com.ar\/v1\/wp-content\/uploads\/2019\/11\/logo-pie-web.png","contentUrl":"https:\/\/radioinfinitagoya.com.ar\/v1\/wp-content\/uploads\/2019\/11\/logo-pie-web.png","width":635,"height":326,"caption":"Radio Infinita Goya"},"image":{"@id":"https:\/\/radioinfinitagoya.com.ar\/v1\/#\/schema\/logo\/image\/"},"sameAs":["https:\/\/www.facebook.com\/p\/Infinita-Goya-100063870918311\/"]},{"@type":"Person","@id":"https:\/\/radioinfinitagoya.com.ar\/v1\/#\/schema\/person\/d4cf9c413d4f6edb24aabdccab49ca4a","name":"Jorge Mi\u00f1o","image":{"@type":"ImageObject","inLanguage":"es-AR","@id":"https:\/\/secure.gravatar.com\/avatar\/910fcf6728fe95320e07a6643c1581fec1c7fc4bf8ae12e3d8f0d0373dc844be?s=96&d=mm&r=g","url":"https:\/\/secure.gravatar.com\/avatar\/910fcf6728fe95320e07a6643c1581fec1c7fc4bf8ae12e3d8f0d0373dc844be?s=96&d=mm&r=g","contentUrl":"https:\/\/secure.gravatar.com\/avatar\/910fcf6728fe95320e07a6643c1581fec1c7fc4bf8ae12e3d8f0d0373dc844be?s=96&d=mm&r=g","caption":"Jorge Mi\u00f1o"},"sameAs":["http:\/\/radioinfinitagoya.com.ar"]}]}},"_links":{"self":[{"href":"https:\/\/radioinfinitagoya.com.ar\/v1\/wp-json\/wp\/v2\/posts\/198526","targetHints":{"allow":["GET"]}}],"collection":[{"href":"https:\/\/radioinfinitagoya.com.ar\/v1\/wp-json\/wp\/v2\/posts"}],"about":[{"href":"https:\/\/radioinfinitagoya.com.ar\/v1\/wp-json\/wp\/v2\/types\/post"}],"author":[{"embeddable":true,"href":"https:\/\/radioinfinitagoya.com.ar\/v1\/wp-json\/wp\/v2\/users\/4"}],"replies":[{"embeddable":true,"href":"https:\/\/radioinfinitagoya.com.ar\/v1\/wp-json\/wp\/v2\/comments?post=198526"}],"version-history":[{"count":0,"href":"https:\/\/radioinfinitagoya.com.ar\/v1\/wp-json\/wp\/v2\/posts\/198526\/revisions"}],"wp:featuredmedia":[{"embeddable":true,"href":"https:\/\/radioinfinitagoya.com.ar\/v1\/wp-json\/wp\/v2\/media\/198527"}],"wp:attachment":[{"href":"https:\/\/radioinfinitagoya.com.ar\/v1\/wp-json\/wp\/v2\/media?parent=198526"}],"wp:term":[{"taxonomy":"category","embeddable":true,"href":"https:\/\/radioinfinitagoya.com.ar\/v1\/wp-json\/wp\/v2\/categories?post=198526"},{"taxonomy":"post_tag","embeddable":true,"href":"https:\/\/radioinfinitagoya.com.ar\/v1\/wp-json\/wp\/v2\/tags?post=198526"}],"curies":[{"name":"wp","href":"https:\/\/api.w.org\/{rel}","templated":true}]}}