{"id":198544,"date":"2025-10-31T16:23:59","date_gmt":"2025-10-31T19:23:59","guid":{"rendered":"https:\/\/radioinfinitagoya.com.ar\/v1\/?p=198544"},"modified":"2025-10-31T16:23:59","modified_gmt":"2025-10-31T19:23:59","slug":"tapia-si-quieren-volver-a-san-lorenzo-una-sad-lo-desafilio","status":"publish","type":"post","link":"https:\/\/radioinfinitagoya.com.ar\/v1\/2025\/10\/31\/tapia-si-quieren-volver-a-san-lorenzo-una-sad-lo-desafilio\/","title":{"rendered":"Tapia: &#8220;Si quieren volver a San Lorenzo una SAD, lo desafilio&#8221;"},"content":{"rendered":"<p>El presidente de AFA le marc\u00f3 la cancha a los dirigentes de San Lorenzo en una reuni\u00f3n.<\/p>\n<p>El presidente de la Asociaci\u00f3n del F\u00fatbol Argentino, Claudio Tapia, convoc\u00f3 a la Comisi\u00f3n Directiva de San Lorenzo en Ezeiza y exigi\u00f3 una posici\u00f3n institucional clara ante los trascendidos sobre un eventual avance hacia un modelo de Sociedad An\u00f3nima Deportiva.<\/p>\n<p>Adem\u00e1s, Tapia pidi\u00f3 una soluci\u00f3n interna, otorg\u00f3 plazo hasta despu\u00e9s del fin de semana para presentar una definici\u00f3n y remarc\u00f3 que cualquier medida deber\u00e1 ajustarse al estatuto y a la normativa vigente, que no habilitan la conformaci\u00f3n de SAD en el f\u00fatbol argentino.<\/p>\n<p>En el inicio del encuentro, Tapia afirm\u00f3 contar con informaci\u00f3n sobre una supuesta firma vinculada a un proyecto para transformar a San Lorenzo en una Sociedad An\u00f3nima Deportiva, seg\u00fan informaron fuentes a Noticias Argentinas.<\/p>\n<p>La gran novedad fue la aparici\u00f3n del expresidente Mat\u00edas Lammens, desde septiembre de 2012 hasta diciembre de 2019, quien no se adentraba de lleno en la vida institucional del club desde antes de finalizar su mandato.<\/p>\n<p>El dirigente Manuel Agote fue el causante del enojo de Tapia, ya que al protestar por la presencia de Moretti y Lammens en la misma sala, decidi\u00f3 abandonar la reuni\u00f3n al grito de &#8220;traidor&#8221; para el ex mandatario. Ante esto, el presidente de AFA sentenci\u00f3 que si la Inspecci\u00f3n General de Justicia (IGJ) interviene el club, iba a desafiliar a San Lorenzo.<\/p>\n<p>Frente a la consulta del dirigente Ulises Morales sobre el margen de acci\u00f3n de la Comisi\u00f3n Directiva, Tapia respondi\u00f3 que el club posee libertad para resolver su futuro, siempre dentro de las restricciones estatutarias que impiden avanzar hacia un esquema societario privado y sostuvo que la conducci\u00f3n deber\u00e1 aclarar p\u00fablicamente su posici\u00f3n para evitar especulaciones que puedan afectar la estabilidad institucional.<\/p>\n<p>La reuni\u00f3n se extendi\u00f3 durante aproximadamente una hora. Tras la salida de Tapia, la Comisi\u00f3n Directiva continu\u00f3 deliberando en privado, con la presencia de Marcelo Moretti.<\/p>\n<p>A la reuni\u00f3n asistieron: Marcelo Moretti, Emiliano Rodr\u00edguez, N\u00e9stor Ortigoza, Sergio Costantino, Agote, Pablo Levalle, Leandro Goroyesky, Pablo Garc\u00eda Lago, Sergio Tammer, Javier Allievi, Mart\u00edn Cigna, Bel\u00e9n Lugones, Carina Far\u00edas, Horacio Arreceygor, Uriel Barros, Ulises Morales, Cristhian Evangelista, Dami\u00e1n Terzano, Soledas Boufflet, Lammens, Mateo Sagardoy, Mariano Marino y Marcelo Culotta.<\/p>\n<p>&nbsp;<\/p>\n","protected":false},"excerpt":{"rendered":"<p>El presidente de AFA le marc\u00f3 la cancha a los dirigentes de San Lorenzo en una reuni\u00f3n. El presidente de la Asociaci\u00f3n del F\u00fatbol Argentino, Claudio Tapia, convoc\u00f3 a la Comisi\u00f3n Directiva de San Lorenzo en Ezeiza y exigi\u00f3 una posici\u00f3n institucional clara ante los trascendidos sobre un eventual avance hacia un modelo de Sociedad [&hellip;]<\/p>\n","protected":false},"author":4,"featured_media":198545,"comment_status":"closed","ping_status":"closed","sticky":false,"template":"","format":"standard","meta":{"_joinchat":[],"footnotes":""},"categories":[28],"tags":[],"class_list":{"0":"post-198544","1":"post","2":"type-post","3":"status-publish","4":"format-standard","5":"has-post-thumbnail","7":"category-deportes"},"yoast_head":"<!-- This site is optimized with the Yoast SEO plugin v27.2 - https:\/\/yoast.com\/product\/yoast-seo-wordpress\/ -->\n<title>Tapia: &quot;Si quieren volver a San Lorenzo una SAD, lo desafilio&quot; - Radio Infinita Goya<\/title>\n<meta name=\"description\" content=\"El presidente de AFA le marc\u00f3 la cancha a los dirigentes de San Lorenzo en una reuni\u00f3n. El presidente de la Asociaci\u00f3n del F\u00fatbol Argentino, Claudio\" \/>\n<meta name=\"robots\" content=\"index, follow, max-snippet:-1, max-image-preview:large, max-video-preview:-1\" \/>\n<link rel=\"canonical\" href=\"https:\/\/radioinfinitagoya.com.ar\/v1\/2025\/10\/31\/tapia-si-quieren-volver-a-san-lorenzo-una-sad-lo-desafilio\/\" \/>\n<meta property=\"og:locale\" content=\"es_ES\" \/>\n<meta property=\"og:type\" content=\"article\" \/>\n<meta property=\"og:title\" content=\"Tapia: &quot;Si quieren volver a San Lorenzo una SAD, lo desafilio&quot; - Radio Infinita Goya\" \/>\n<meta property=\"og:description\" content=\"El presidente de AFA le marc\u00f3 la cancha a los dirigentes de San Lorenzo en una reuni\u00f3n. El presidente de la Asociaci\u00f3n del F\u00fatbol Argentino, Claudio\" \/>\n<meta property=\"og:url\" content=\"https:\/\/radioinfinitagoya.com.ar\/v1\/2025\/10\/31\/tapia-si-quieren-volver-a-san-lorenzo-una-sad-lo-desafilio\/\" \/>\n<meta property=\"og:site_name\" content=\"Radio Infinita Goya\" \/>\n<meta property=\"article:publisher\" content=\"https:\/\/www.facebook.com\/p\/Infinita-Goya-100063870918311\/\" \/>\n<meta property=\"article:published_time\" content=\"2025-10-31T19:23:59+00:00\" \/>\n<meta property=\"og:image\" content=\"https:\/\/radioinfinitagoya.com.ar\/v1\/wp-content\/uploads\/2025\/10\/274695w850h567c.webp.webp\" \/>\n\t<meta property=\"og:image:width\" content=\"850\" \/>\n\t<meta property=\"og:image:height\" content=\"567\" \/>\n\t<meta property=\"og:image:type\" content=\"image\/webp\" \/>\n<meta name=\"author\" content=\"Jorge Mi\u00f1o\" \/>\n<meta name=\"twitter:card\" content=\"summary_large_image\" \/>\n<meta name=\"twitter:label1\" content=\"Escrito por\" \/>\n\t<meta name=\"twitter:data1\" content=\"Jorge Mi\u00f1o\" \/>\n\t<meta name=\"twitter:label2\" content=\"Tiempo de lectura\" \/>\n\t<meta name=\"twitter:data2\" content=\"2 minutos\" \/>\n<script type=\"application\/ld+json\" class=\"yoast-schema-graph\">{\"@context\":\"https:\/\/schema.org\",\"@graph\":[{\"@type\":\"Article\",\"@id\":\"https:\/\/radioinfinitagoya.com.ar\/v1\/2025\/10\/31\/tapia-si-quieren-volver-a-san-lorenzo-una-sad-lo-desafilio\/#article\",\"isPartOf\":{\"@id\":\"https:\/\/radioinfinitagoya.com.ar\/v1\/2025\/10\/31\/tapia-si-quieren-volver-a-san-lorenzo-una-sad-lo-desafilio\/\"},\"author\":{\"name\":\"Jorge Mi\u00f1o\",\"@id\":\"https:\/\/radioinfinitagoya.com.ar\/v1\/#\/schema\/person\/d4cf9c413d4f6edb24aabdccab49ca4a\"},\"headline\":\"Tapia: &#8220;Si quieren volver a San Lorenzo una SAD, lo desafilio&#8221;\",\"datePublished\":\"2025-10-31T19:23:59+00:00\",\"mainEntityOfPage\":{\"@id\":\"https:\/\/radioinfinitagoya.com.ar\/v1\/2025\/10\/31\/tapia-si-quieren-volver-a-san-lorenzo-una-sad-lo-desafilio\/\"},\"wordCount\":413,\"publisher\":{\"@id\":\"https:\/\/radioinfinitagoya.com.ar\/v1\/#organization\"},\"image\":{\"@id\":\"https:\/\/radioinfinitagoya.com.ar\/v1\/2025\/10\/31\/tapia-si-quieren-volver-a-san-lorenzo-una-sad-lo-desafilio\/#primaryimage\"},\"thumbnailUrl\":\"https:\/\/radioinfinitagoya.com.ar\/v1\/wp-content\/uploads\/2025\/10\/274695w850h567c.webp.webp\",\"articleSection\":[\"DEPORTES\"],\"inLanguage\":\"es-AR\"},{\"@type\":\"WebPage\",\"@id\":\"https:\/\/radioinfinitagoya.com.ar\/v1\/2025\/10\/31\/tapia-si-quieren-volver-a-san-lorenzo-una-sad-lo-desafilio\/\",\"url\":\"https:\/\/radioinfinitagoya.com.ar\/v1\/2025\/10\/31\/tapia-si-quieren-volver-a-san-lorenzo-una-sad-lo-desafilio\/\",\"name\":\"Tapia: \\\"Si quieren volver a San Lorenzo una SAD, lo desafilio\\\" - Radio Infinita Goya\",\"isPartOf\":{\"@id\":\"https:\/\/radioinfinitagoya.com.ar\/v1\/#website\"},\"primaryImageOfPage\":{\"@id\":\"https:\/\/radioinfinitagoya.com.ar\/v1\/2025\/10\/31\/tapia-si-quieren-volver-a-san-lorenzo-una-sad-lo-desafilio\/#primaryimage\"},\"image\":{\"@id\":\"https:\/\/radioinfinitagoya.com.ar\/v1\/2025\/10\/31\/tapia-si-quieren-volver-a-san-lorenzo-una-sad-lo-desafilio\/#primaryimage\"},\"thumbnailUrl\":\"https:\/\/radioinfinitagoya.com.ar\/v1\/wp-content\/uploads\/2025\/10\/274695w850h567c.webp.webp\",\"datePublished\":\"2025-10-31T19:23:59+00:00\",\"description\":\"El presidente de AFA le marc\u00f3 la cancha a los dirigentes de San Lorenzo en una reuni\u00f3n. El presidente de la Asociaci\u00f3n del F\u00fatbol Argentino, Claudio\",\"breadcrumb\":{\"@id\":\"https:\/\/radioinfinitagoya.com.ar\/v1\/2025\/10\/31\/tapia-si-quieren-volver-a-san-lorenzo-una-sad-lo-desafilio\/#breadcrumb\"},\"inLanguage\":\"es-AR\",\"potentialAction\":[{\"@type\":\"ReadAction\",\"target\":[\"https:\/\/radioinfinitagoya.com.ar\/v1\/2025\/10\/31\/tapia-si-quieren-volver-a-san-lorenzo-una-sad-lo-desafilio\/\"]}]},{\"@type\":\"ImageObject\",\"inLanguage\":\"es-AR\",\"@id\":\"https:\/\/radioinfinitagoya.com.ar\/v1\/2025\/10\/31\/tapia-si-quieren-volver-a-san-lorenzo-una-sad-lo-desafilio\/#primaryimage\",\"url\":\"https:\/\/radioinfinitagoya.com.ar\/v1\/wp-content\/uploads\/2025\/10\/274695w850h567c.webp.webp\",\"contentUrl\":\"https:\/\/radioinfinitagoya.com.ar\/v1\/wp-content\/uploads\/2025\/10\/274695w850h567c.webp.webp\",\"width\":850,\"height\":567},{\"@type\":\"BreadcrumbList\",\"@id\":\"https:\/\/radioinfinitagoya.com.ar\/v1\/2025\/10\/31\/tapia-si-quieren-volver-a-san-lorenzo-una-sad-lo-desafilio\/#breadcrumb\",\"itemListElement\":[{\"@type\":\"ListItem\",\"position\":1,\"name\":\"Inicio\",\"item\":\"https:\/\/radioinfinitagoya.com.ar\/v1\/\"},{\"@type\":\"ListItem\",\"position\":2,\"name\":\"Tapia: &#8220;Si quieren volver a San Lorenzo una SAD, lo desafilio&#8221;\"}]},{\"@type\":\"WebSite\",\"@id\":\"https:\/\/radioinfinitagoya.com.ar\/v1\/#website\",\"url\":\"https:\/\/radioinfinitagoya.com.ar\/v1\/\",\"name\":\"radioinfinitagoya.com.ar\",\"description\":\"Radio de noticias\",\"publisher\":{\"@id\":\"https:\/\/radioinfinitagoya.com.ar\/v1\/#organization\"},\"potentialAction\":[{\"@type\":\"SearchAction\",\"target\":{\"@type\":\"EntryPoint\",\"urlTemplate\":\"https:\/\/radioinfinitagoya.com.ar\/v1\/?s={search_term_string}\"},\"query-input\":{\"@type\":\"PropertyValueSpecification\",\"valueRequired\":true,\"valueName\":\"search_term_string\"}}],\"inLanguage\":\"es-AR\"},{\"@type\":\"Organization\",\"@id\":\"https:\/\/radioinfinitagoya.com.ar\/v1\/#organization\",\"name\":\"Radio Infinita Goya\",\"url\":\"https:\/\/radioinfinitagoya.com.ar\/v1\/\",\"logo\":{\"@type\":\"ImageObject\",\"inLanguage\":\"es-AR\",\"@id\":\"https:\/\/radioinfinitagoya.com.ar\/v1\/#\/schema\/logo\/image\/\",\"url\":\"https:\/\/radioinfinitagoya.com.ar\/v1\/wp-content\/uploads\/2019\/11\/logo-pie-web.png\",\"contentUrl\":\"https:\/\/radioinfinitagoya.com.ar\/v1\/wp-content\/uploads\/2019\/11\/logo-pie-web.png\",\"width\":635,\"height\":326,\"caption\":\"Radio Infinita Goya\"},\"image\":{\"@id\":\"https:\/\/radioinfinitagoya.com.ar\/v1\/#\/schema\/logo\/image\/\"},\"sameAs\":[\"https:\/\/www.facebook.com\/p\/Infinita-Goya-100063870918311\/\"]},{\"@type\":\"Person\",\"@id\":\"https:\/\/radioinfinitagoya.com.ar\/v1\/#\/schema\/person\/d4cf9c413d4f6edb24aabdccab49ca4a\",\"name\":\"Jorge Mi\u00f1o\",\"image\":{\"@type\":\"ImageObject\",\"inLanguage\":\"es-AR\",\"@id\":\"https:\/\/secure.gravatar.com\/avatar\/910fcf6728fe95320e07a6643c1581fec1c7fc4bf8ae12e3d8f0d0373dc844be?s=96&d=mm&r=g\",\"url\":\"https:\/\/secure.gravatar.com\/avatar\/910fcf6728fe95320e07a6643c1581fec1c7fc4bf8ae12e3d8f0d0373dc844be?s=96&d=mm&r=g\",\"contentUrl\":\"https:\/\/secure.gravatar.com\/avatar\/910fcf6728fe95320e07a6643c1581fec1c7fc4bf8ae12e3d8f0d0373dc844be?s=96&d=mm&r=g\",\"caption\":\"Jorge Mi\u00f1o\"},\"sameAs\":[\"http:\/\/radioinfinitagoya.com.ar\"]}]}<\/script>\n<!-- \/ Yoast SEO plugin. -->","yoast_head_json":{"title":"Tapia: \"Si quieren volver a San Lorenzo una SAD, lo desafilio\" - Radio Infinita Goya","description":"El presidente de AFA le marc\u00f3 la cancha a los dirigentes de San Lorenzo en una reuni\u00f3n. El presidente de la Asociaci\u00f3n del F\u00fatbol Argentino, Claudio","robots":{"index":"index","follow":"follow","max-snippet":"max-snippet:-1","max-image-preview":"max-image-preview:large","max-video-preview":"max-video-preview:-1"},"canonical":"https:\/\/radioinfinitagoya.com.ar\/v1\/2025\/10\/31\/tapia-si-quieren-volver-a-san-lorenzo-una-sad-lo-desafilio\/","og_locale":"es_ES","og_type":"article","og_title":"Tapia: \"Si quieren volver a San Lorenzo una SAD, lo desafilio\" - Radio Infinita Goya","og_description":"El presidente de AFA le marc\u00f3 la cancha a los dirigentes de San Lorenzo en una reuni\u00f3n. El presidente de la Asociaci\u00f3n del F\u00fatbol Argentino, Claudio","og_url":"https:\/\/radioinfinitagoya.com.ar\/v1\/2025\/10\/31\/tapia-si-quieren-volver-a-san-lorenzo-una-sad-lo-desafilio\/","og_site_name":"Radio Infinita Goya","article_publisher":"https:\/\/www.facebook.com\/p\/Infinita-Goya-100063870918311\/","article_published_time":"2025-10-31T19:23:59+00:00","og_image":[{"width":850,"height":567,"url":"https:\/\/radioinfinitagoya.com.ar\/v1\/wp-content\/uploads\/2025\/10\/274695w850h567c.webp.webp","type":"image\/webp"}],"author":"Jorge Mi\u00f1o","twitter_card":"summary_large_image","twitter_misc":{"Escrito por":"Jorge Mi\u00f1o","Tiempo de lectura":"2 minutos"},"schema":{"@context":"https:\/\/schema.org","@graph":[{"@type":"Article","@id":"https:\/\/radioinfinitagoya.com.ar\/v1\/2025\/10\/31\/tapia-si-quieren-volver-a-san-lorenzo-una-sad-lo-desafilio\/#article","isPartOf":{"@id":"https:\/\/radioinfinitagoya.com.ar\/v1\/2025\/10\/31\/tapia-si-quieren-volver-a-san-lorenzo-una-sad-lo-desafilio\/"},"author":{"name":"Jorge Mi\u00f1o","@id":"https:\/\/radioinfinitagoya.com.ar\/v1\/#\/schema\/person\/d4cf9c413d4f6edb24aabdccab49ca4a"},"headline":"Tapia: &#8220;Si quieren volver a San Lorenzo una SAD, lo desafilio&#8221;","datePublished":"2025-10-31T19:23:59+00:00","mainEntityOfPage":{"@id":"https:\/\/radioinfinitagoya.com.ar\/v1\/2025\/10\/31\/tapia-si-quieren-volver-a-san-lorenzo-una-sad-lo-desafilio\/"},"wordCount":413,"publisher":{"@id":"https:\/\/radioinfinitagoya.com.ar\/v1\/#organization"},"image":{"@id":"https:\/\/radioinfinitagoya.com.ar\/v1\/2025\/10\/31\/tapia-si-quieren-volver-a-san-lorenzo-una-sad-lo-desafilio\/#primaryimage"},"thumbnailUrl":"https:\/\/radioinfinitagoya.com.ar\/v1\/wp-content\/uploads\/2025\/10\/274695w850h567c.webp.webp","articleSection":["DEPORTES"],"inLanguage":"es-AR"},{"@type":"WebPage","@id":"https:\/\/radioinfinitagoya.com.ar\/v1\/2025\/10\/31\/tapia-si-quieren-volver-a-san-lorenzo-una-sad-lo-desafilio\/","url":"https:\/\/radioinfinitagoya.com.ar\/v1\/2025\/10\/31\/tapia-si-quieren-volver-a-san-lorenzo-una-sad-lo-desafilio\/","name":"Tapia: \"Si quieren volver a San Lorenzo una SAD, lo desafilio\" - Radio Infinita Goya","isPartOf":{"@id":"https:\/\/radioinfinitagoya.com.ar\/v1\/#website"},"primaryImageOfPage":{"@id":"https:\/\/radioinfinitagoya.com.ar\/v1\/2025\/10\/31\/tapia-si-quieren-volver-a-san-lorenzo-una-sad-lo-desafilio\/#primaryimage"},"image":{"@id":"https:\/\/radioinfinitagoya.com.ar\/v1\/2025\/10\/31\/tapia-si-quieren-volver-a-san-lorenzo-una-sad-lo-desafilio\/#primaryimage"},"thumbnailUrl":"https:\/\/radioinfinitagoya.com.ar\/v1\/wp-content\/uploads\/2025\/10\/274695w850h567c.webp.webp","datePublished":"2025-10-31T19:23:59+00:00","description":"El presidente de AFA le marc\u00f3 la cancha a los dirigentes de San Lorenzo en una reuni\u00f3n. El presidente de la Asociaci\u00f3n del F\u00fatbol Argentino, Claudio","breadcrumb":{"@id":"https:\/\/radioinfinitagoya.com.ar\/v1\/2025\/10\/31\/tapia-si-quieren-volver-a-san-lorenzo-una-sad-lo-desafilio\/#breadcrumb"},"inLanguage":"es-AR","potentialAction":[{"@type":"ReadAction","target":["https:\/\/radioinfinitagoya.com.ar\/v1\/2025\/10\/31\/tapia-si-quieren-volver-a-san-lorenzo-una-sad-lo-desafilio\/"]}]},{"@type":"ImageObject","inLanguage":"es-AR","@id":"https:\/\/radioinfinitagoya.com.ar\/v1\/2025\/10\/31\/tapia-si-quieren-volver-a-san-lorenzo-una-sad-lo-desafilio\/#primaryimage","url":"https:\/\/radioinfinitagoya.com.ar\/v1\/wp-content\/uploads\/2025\/10\/274695w850h567c.webp.webp","contentUrl":"https:\/\/radioinfinitagoya.com.ar\/v1\/wp-content\/uploads\/2025\/10\/274695w850h567c.webp.webp","width":850,"height":567},{"@type":"BreadcrumbList","@id":"https:\/\/radioinfinitagoya.com.ar\/v1\/2025\/10\/31\/tapia-si-quieren-volver-a-san-lorenzo-una-sad-lo-desafilio\/#breadcrumb","itemListElement":[{"@type":"ListItem","position":1,"name":"Inicio","item":"https:\/\/radioinfinitagoya.com.ar\/v1\/"},{"@type":"ListItem","position":2,"name":"Tapia: &#8220;Si quieren volver a San Lorenzo una SAD, lo desafilio&#8221;"}]},{"@type":"WebSite","@id":"https:\/\/radioinfinitagoya.com.ar\/v1\/#website","url":"https:\/\/radioinfinitagoya.com.ar\/v1\/","name":"radioinfinitagoya.com.ar","description":"Radio de noticias","publisher":{"@id":"https:\/\/radioinfinitagoya.com.ar\/v1\/#organization"},"potentialAction":[{"@type":"SearchAction","target":{"@type":"EntryPoint","urlTemplate":"https:\/\/radioinfinitagoya.com.ar\/v1\/?s={search_term_string}"},"query-input":{"@type":"PropertyValueSpecification","valueRequired":true,"valueName":"search_term_string"}}],"inLanguage":"es-AR"},{"@type":"Organization","@id":"https:\/\/radioinfinitagoya.com.ar\/v1\/#organization","name":"Radio Infinita Goya","url":"https:\/\/radioinfinitagoya.com.ar\/v1\/","logo":{"@type":"ImageObject","inLanguage":"es-AR","@id":"https:\/\/radioinfinitagoya.com.ar\/v1\/#\/schema\/logo\/image\/","url":"https:\/\/radioinfinitagoya.com.ar\/v1\/wp-content\/uploads\/2019\/11\/logo-pie-web.png","contentUrl":"https:\/\/radioinfinitagoya.com.ar\/v1\/wp-content\/uploads\/2019\/11\/logo-pie-web.png","width":635,"height":326,"caption":"Radio Infinita Goya"},"image":{"@id":"https:\/\/radioinfinitagoya.com.ar\/v1\/#\/schema\/logo\/image\/"},"sameAs":["https:\/\/www.facebook.com\/p\/Infinita-Goya-100063870918311\/"]},{"@type":"Person","@id":"https:\/\/radioinfinitagoya.com.ar\/v1\/#\/schema\/person\/d4cf9c413d4f6edb24aabdccab49ca4a","name":"Jorge Mi\u00f1o","image":{"@type":"ImageObject","inLanguage":"es-AR","@id":"https:\/\/secure.gravatar.com\/avatar\/910fcf6728fe95320e07a6643c1581fec1c7fc4bf8ae12e3d8f0d0373dc844be?s=96&d=mm&r=g","url":"https:\/\/secure.gravatar.com\/avatar\/910fcf6728fe95320e07a6643c1581fec1c7fc4bf8ae12e3d8f0d0373dc844be?s=96&d=mm&r=g","contentUrl":"https:\/\/secure.gravatar.com\/avatar\/910fcf6728fe95320e07a6643c1581fec1c7fc4bf8ae12e3d8f0d0373dc844be?s=96&d=mm&r=g","caption":"Jorge Mi\u00f1o"},"sameAs":["http:\/\/radioinfinitagoya.com.ar"]}]}},"_links":{"self":[{"href":"https:\/\/radioinfinitagoya.com.ar\/v1\/wp-json\/wp\/v2\/posts\/198544","targetHints":{"allow":["GET"]}}],"collection":[{"href":"https:\/\/radioinfinitagoya.com.ar\/v1\/wp-json\/wp\/v2\/posts"}],"about":[{"href":"https:\/\/radioinfinitagoya.com.ar\/v1\/wp-json\/wp\/v2\/types\/post"}],"author":[{"embeddable":true,"href":"https:\/\/radioinfinitagoya.com.ar\/v1\/wp-json\/wp\/v2\/users\/4"}],"replies":[{"embeddable":true,"href":"https:\/\/radioinfinitagoya.com.ar\/v1\/wp-json\/wp\/v2\/comments?post=198544"}],"version-history":[{"count":0,"href":"https:\/\/radioinfinitagoya.com.ar\/v1\/wp-json\/wp\/v2\/posts\/198544\/revisions"}],"wp:featuredmedia":[{"embeddable":true,"href":"https:\/\/radioinfinitagoya.com.ar\/v1\/wp-json\/wp\/v2\/media\/198545"}],"wp:attachment":[{"href":"https:\/\/radioinfinitagoya.com.ar\/v1\/wp-json\/wp\/v2\/media?parent=198544"}],"wp:term":[{"taxonomy":"category","embeddable":true,"href":"https:\/\/radioinfinitagoya.com.ar\/v1\/wp-json\/wp\/v2\/categories?post=198544"},{"taxonomy":"post_tag","embeddable":true,"href":"https:\/\/radioinfinitagoya.com.ar\/v1\/wp-json\/wp\/v2\/tags?post=198544"}],"curies":[{"name":"wp","href":"https:\/\/api.w.org\/{rel}","templated":true}]}}