{"id":199113,"date":"2025-11-10T16:13:15","date_gmt":"2025-11-10T19:13:15","guid":{"rendered":"https:\/\/radioinfinitagoya.com.ar\/v1\/?p=199113"},"modified":"2025-11-10T16:13:15","modified_gmt":"2025-11-10T19:13:15","slug":"el-gobierno-firmaria-un-acuerdo-comercial-con-estados-unidos","status":"publish","type":"post","link":"https:\/\/radioinfinitagoya.com.ar\/v1\/2025\/11\/10\/el-gobierno-firmaria-un-acuerdo-comercial-con-estados-unidos\/","title":{"rendered":"El Gobierno firmar\u00eda un acuerdo comercial con Estados Unidos"},"content":{"rendered":"<p>El Gobierno de Javier Milei avanza con Washington en un nuevo pacto comercial que incluir\u00eda cuotas de exportaci\u00f3n libres de impuestos y beneficios para sectores clave como el metal\u00fargico y el agroindustrial.<\/p>\n<p>El Gobierno argentino y la administraci\u00f3n de Estados Unidos estar\u00edan ultimando detalles para avanzar con una nueva reforma arancelaria que modifique las condiciones del intercambio bilateral. El entendimiento, seg\u00fan trascendi\u00f3, se sumar\u00eda a un paquete econ\u00f3mico y comercial m\u00e1s amplio que incluir\u00eda beneficios para distintos sectores productivos.<\/p>\n<p>De acuerdo con fuentes diplom\u00e1ticas, Argentina mantiene negociaciones avanzadas con Washington para establecer una cuota de exportaci\u00f3n libre de aranceles para el acero y el aluminio. La intenci\u00f3n oficial es replicar el esquema acordado en 2018 entre Mauricio Macri y Donald Trump, cuando se fij\u00f3 un cupo cercano a 180.000 toneladas anuales de ambos productos.<\/p>\n<p>Hoy, Estados Unidos impone un arancel del 50% a la mayor parte de las importaciones de acero y aluminio, por lo que la eventual exenci\u00f3n se traducir\u00eda en un alivio clave para compa\u00f1\u00edas argentinas como Aluar y Ternium, que dependen en gran parte del mercado norteamericano.<\/p>\n<p>El posible acuerdo incluir\u00eda adem\u00e1s una cuota preferencial de 80.000 toneladas de carne argentina para su ingreso al mercado estadounidense, dentro de un paquete comercial integral que podr\u00eda anunciarse oficialmente antes de fin de noviembre.<\/p>\n<p>Durante su participaci\u00f3n en el Business Forum de Miami, el presidente Javier Milei ratific\u00f3 los avances de las conversaciones y adelant\u00f3 que el entendimiento ser\u00e1 comunicado antes de fin de mes, mediante un comunicado conjunto con funcionarios de Estados Unidos.<\/p>\n<p>En paralelo, est\u00e1 prevista una nueva visita del secretario del Tesoro estadounidense, Scott Bessent, antes de que termine el a\u00f1o, con el prop\u00f3sito de reafirmar la cooperaci\u00f3n econ\u00f3mica y fortalecer la agenda bilateral entre ambos pa\u00edses.<\/p>\n<p>El acercamiento se enmarca en una relaci\u00f3n pol\u00edtica y econ\u00f3mica cada vez m\u00e1s estrecha entre las administraciones de Donald Trump y Javier Milei, y apunta a consolidar un eje estrat\u00e9gico con beneficios comerciales concretos.<\/p>\n<p>Fuentes del Ministerio de Econom\u00eda recordaron que el respaldo del expresidente norteamericano incluy\u00f3 un swap de monedas por u$s20.000 millones y compras directas de pesos por parte del Tesoro estadounidense, medidas destinadas a contener la volatilidad cambiaria antes de las elecciones legislativas de medio t\u00e9rmino en Argentina.<\/p>\n<p>Con ese impulso, el pa\u00eds consolid\u00f3 una alianza orientada al comercio, la energ\u00eda y las inversiones, con el objetivo de expandir las exportaciones y abrir nuevos mercados. La Canciller\u00eda argentina puso el foco en los rubros de carne, acero y aluminio, que todav\u00eda enfrentan barreras arancelarias en Estados Unidos, a diferencia de los combustibles, minerales y productos derivados del petr\u00f3leo, que ya ingresan sin arancel por su car\u00e1cter de insumos cr\u00edticos para la industria norteamericana.<\/p>\n<p>Las negociaciones est\u00e1n encabezadas por el canciller Pablo Quirno, acompa\u00f1ado por el secretario de Coordinaci\u00f3n de Producci\u00f3n, Pablo Lavigne. &#8220;Vuelvo a Estados Unidos la pr\u00f3xima semana para continuar con las conversaciones sobre el acuerdo comercial. La agenda est\u00e1 completa&#8221;, afirm\u00f3 Quirno durante el Foro Abeceb realizado en Puerto Madero.<\/p>\n","protected":false},"excerpt":{"rendered":"<p>El Gobierno de Javier Milei avanza con Washington en un nuevo pacto comercial que incluir\u00eda cuotas de exportaci\u00f3n libres de impuestos y beneficios para sectores clave como el metal\u00fargico y el agroindustrial. El Gobierno argentino y la administraci\u00f3n de Estados Unidos estar\u00edan ultimando detalles para avanzar con una nueva reforma arancelaria que modifique las condiciones [&hellip;]<\/p>\n","protected":false},"author":4,"featured_media":199114,"comment_status":"closed","ping_status":"closed","sticky":false,"template":"","format":"standard","meta":{"_joinchat":[],"footnotes":""},"categories":[29],"tags":[],"class_list":{"0":"post-199113","1":"post","2":"type-post","3":"status-publish","4":"format-standard","5":"has-post-thumbnail","7":"category-nacionales"},"yoast_head":"<!-- This site is optimized with the Yoast SEO plugin v27.2 - https:\/\/yoast.com\/product\/yoast-seo-wordpress\/ -->\n<title>El Gobierno firmar\u00eda un acuerdo comercial con Estados Unidos - Radio Infinita Goya<\/title>\n<meta name=\"description\" content=\"El Gobierno de Javier Milei avanza con Washington en un nuevo pacto comercial que incluir\u00eda cuotas de exportaci\u00f3n libres de impuestos y beneficios para\" \/>\n<meta name=\"robots\" content=\"index, follow, max-snippet:-1, max-image-preview:large, max-video-preview:-1\" \/>\n<link rel=\"canonical\" href=\"https:\/\/radioinfinitagoya.com.ar\/v1\/2025\/11\/10\/el-gobierno-firmaria-un-acuerdo-comercial-con-estados-unidos\/\" \/>\n<meta property=\"og:locale\" content=\"es_ES\" \/>\n<meta property=\"og:type\" content=\"article\" \/>\n<meta property=\"og:title\" content=\"El Gobierno firmar\u00eda un acuerdo comercial con Estados Unidos - Radio Infinita Goya\" \/>\n<meta property=\"og:description\" content=\"El Gobierno de Javier Milei avanza con Washington en un nuevo pacto comercial que incluir\u00eda cuotas de exportaci\u00f3n libres de impuestos y beneficios para\" \/>\n<meta property=\"og:url\" content=\"https:\/\/radioinfinitagoya.com.ar\/v1\/2025\/11\/10\/el-gobierno-firmaria-un-acuerdo-comercial-con-estados-unidos\/\" \/>\n<meta property=\"og:site_name\" content=\"Radio Infinita Goya\" \/>\n<meta property=\"article:publisher\" content=\"https:\/\/www.facebook.com\/p\/Infinita-Goya-100063870918311\/\" \/>\n<meta property=\"article:published_time\" content=\"2025-11-10T19:13:15+00:00\" \/>\n<meta property=\"og:image\" content=\"https:\/\/radioinfinitagoya.com.ar\/v1\/wp-content\/uploads\/2025\/11\/4DjLh7iS.jpg\" \/>\n\t<meta property=\"og:image:width\" content=\"680\" \/>\n\t<meta property=\"og:image:height\" content=\"381\" \/>\n\t<meta property=\"og:image:type\" content=\"image\/jpeg\" \/>\n<meta name=\"author\" content=\"Jorge Mi\u00f1o\" \/>\n<meta name=\"twitter:card\" content=\"summary_large_image\" \/>\n<meta name=\"twitter:label1\" content=\"Escrito por\" \/>\n\t<meta name=\"twitter:data1\" content=\"Jorge Mi\u00f1o\" \/>\n\t<meta name=\"twitter:label2\" content=\"Tiempo de lectura\" \/>\n\t<meta name=\"twitter:data2\" content=\"3 minutos\" \/>\n<script type=\"application\/ld+json\" class=\"yoast-schema-graph\">{\"@context\":\"https:\/\/schema.org\",\"@graph\":[{\"@type\":\"Article\",\"@id\":\"https:\/\/radioinfinitagoya.com.ar\/v1\/2025\/11\/10\/el-gobierno-firmaria-un-acuerdo-comercial-con-estados-unidos\/#article\",\"isPartOf\":{\"@id\":\"https:\/\/radioinfinitagoya.com.ar\/v1\/2025\/11\/10\/el-gobierno-firmaria-un-acuerdo-comercial-con-estados-unidos\/\"},\"author\":{\"name\":\"Jorge Mi\u00f1o\",\"@id\":\"https:\/\/radioinfinitagoya.com.ar\/v1\/#\/schema\/person\/d4cf9c413d4f6edb24aabdccab49ca4a\"},\"headline\":\"El Gobierno firmar\u00eda un acuerdo comercial con Estados Unidos\",\"datePublished\":\"2025-11-10T19:13:15+00:00\",\"mainEntityOfPage\":{\"@id\":\"https:\/\/radioinfinitagoya.com.ar\/v1\/2025\/11\/10\/el-gobierno-firmaria-un-acuerdo-comercial-con-estados-unidos\/\"},\"wordCount\":547,\"publisher\":{\"@id\":\"https:\/\/radioinfinitagoya.com.ar\/v1\/#organization\"},\"image\":{\"@id\":\"https:\/\/radioinfinitagoya.com.ar\/v1\/2025\/11\/10\/el-gobierno-firmaria-un-acuerdo-comercial-con-estados-unidos\/#primaryimage\"},\"thumbnailUrl\":\"https:\/\/radioinfinitagoya.com.ar\/v1\/wp-content\/uploads\/2025\/11\/4DjLh7iS.jpg\",\"articleSection\":[\"NACIONALES\"],\"inLanguage\":\"es-AR\"},{\"@type\":\"WebPage\",\"@id\":\"https:\/\/radioinfinitagoya.com.ar\/v1\/2025\/11\/10\/el-gobierno-firmaria-un-acuerdo-comercial-con-estados-unidos\/\",\"url\":\"https:\/\/radioinfinitagoya.com.ar\/v1\/2025\/11\/10\/el-gobierno-firmaria-un-acuerdo-comercial-con-estados-unidos\/\",\"name\":\"El Gobierno firmar\u00eda un acuerdo comercial con Estados Unidos - Radio Infinita Goya\",\"isPartOf\":{\"@id\":\"https:\/\/radioinfinitagoya.com.ar\/v1\/#website\"},\"primaryImageOfPage\":{\"@id\":\"https:\/\/radioinfinitagoya.com.ar\/v1\/2025\/11\/10\/el-gobierno-firmaria-un-acuerdo-comercial-con-estados-unidos\/#primaryimage\"},\"image\":{\"@id\":\"https:\/\/radioinfinitagoya.com.ar\/v1\/2025\/11\/10\/el-gobierno-firmaria-un-acuerdo-comercial-con-estados-unidos\/#primaryimage\"},\"thumbnailUrl\":\"https:\/\/radioinfinitagoya.com.ar\/v1\/wp-content\/uploads\/2025\/11\/4DjLh7iS.jpg\",\"datePublished\":\"2025-11-10T19:13:15+00:00\",\"description\":\"El Gobierno de Javier Milei avanza con Washington en un nuevo pacto comercial que incluir\u00eda cuotas de exportaci\u00f3n libres de impuestos y beneficios para\",\"breadcrumb\":{\"@id\":\"https:\/\/radioinfinitagoya.com.ar\/v1\/2025\/11\/10\/el-gobierno-firmaria-un-acuerdo-comercial-con-estados-unidos\/#breadcrumb\"},\"inLanguage\":\"es-AR\",\"potentialAction\":[{\"@type\":\"ReadAction\",\"target\":[\"https:\/\/radioinfinitagoya.com.ar\/v1\/2025\/11\/10\/el-gobierno-firmaria-un-acuerdo-comercial-con-estados-unidos\/\"]}]},{\"@type\":\"ImageObject\",\"inLanguage\":\"es-AR\",\"@id\":\"https:\/\/radioinfinitagoya.com.ar\/v1\/2025\/11\/10\/el-gobierno-firmaria-un-acuerdo-comercial-con-estados-unidos\/#primaryimage\",\"url\":\"https:\/\/radioinfinitagoya.com.ar\/v1\/wp-content\/uploads\/2025\/11\/4DjLh7iS.jpg\",\"contentUrl\":\"https:\/\/radioinfinitagoya.com.ar\/v1\/wp-content\/uploads\/2025\/11\/4DjLh7iS.jpg\",\"width\":680,\"height\":381},{\"@type\":\"BreadcrumbList\",\"@id\":\"https:\/\/radioinfinitagoya.com.ar\/v1\/2025\/11\/10\/el-gobierno-firmaria-un-acuerdo-comercial-con-estados-unidos\/#breadcrumb\",\"itemListElement\":[{\"@type\":\"ListItem\",\"position\":1,\"name\":\"Inicio\",\"item\":\"https:\/\/radioinfinitagoya.com.ar\/v1\/\"},{\"@type\":\"ListItem\",\"position\":2,\"name\":\"El Gobierno firmar\u00eda un acuerdo comercial con Estados Unidos\"}]},{\"@type\":\"WebSite\",\"@id\":\"https:\/\/radioinfinitagoya.com.ar\/v1\/#website\",\"url\":\"https:\/\/radioinfinitagoya.com.ar\/v1\/\",\"name\":\"radioinfinitagoya.com.ar\",\"description\":\"Radio de noticias\",\"publisher\":{\"@id\":\"https:\/\/radioinfinitagoya.com.ar\/v1\/#organization\"},\"potentialAction\":[{\"@type\":\"SearchAction\",\"target\":{\"@type\":\"EntryPoint\",\"urlTemplate\":\"https:\/\/radioinfinitagoya.com.ar\/v1\/?s={search_term_string}\"},\"query-input\":{\"@type\":\"PropertyValueSpecification\",\"valueRequired\":true,\"valueName\":\"search_term_string\"}}],\"inLanguage\":\"es-AR\"},{\"@type\":\"Organization\",\"@id\":\"https:\/\/radioinfinitagoya.com.ar\/v1\/#organization\",\"name\":\"Radio Infinita Goya\",\"url\":\"https:\/\/radioinfinitagoya.com.ar\/v1\/\",\"logo\":{\"@type\":\"ImageObject\",\"inLanguage\":\"es-AR\",\"@id\":\"https:\/\/radioinfinitagoya.com.ar\/v1\/#\/schema\/logo\/image\/\",\"url\":\"https:\/\/radioinfinitagoya.com.ar\/v1\/wp-content\/uploads\/2019\/11\/logo-pie-web.png\",\"contentUrl\":\"https:\/\/radioinfinitagoya.com.ar\/v1\/wp-content\/uploads\/2019\/11\/logo-pie-web.png\",\"width\":635,\"height\":326,\"caption\":\"Radio Infinita Goya\"},\"image\":{\"@id\":\"https:\/\/radioinfinitagoya.com.ar\/v1\/#\/schema\/logo\/image\/\"},\"sameAs\":[\"https:\/\/www.facebook.com\/p\/Infinita-Goya-100063870918311\/\"]},{\"@type\":\"Person\",\"@id\":\"https:\/\/radioinfinitagoya.com.ar\/v1\/#\/schema\/person\/d4cf9c413d4f6edb24aabdccab49ca4a\",\"name\":\"Jorge Mi\u00f1o\",\"image\":{\"@type\":\"ImageObject\",\"inLanguage\":\"es-AR\",\"@id\":\"https:\/\/secure.gravatar.com\/avatar\/910fcf6728fe95320e07a6643c1581fec1c7fc4bf8ae12e3d8f0d0373dc844be?s=96&d=mm&r=g\",\"url\":\"https:\/\/secure.gravatar.com\/avatar\/910fcf6728fe95320e07a6643c1581fec1c7fc4bf8ae12e3d8f0d0373dc844be?s=96&d=mm&r=g\",\"contentUrl\":\"https:\/\/secure.gravatar.com\/avatar\/910fcf6728fe95320e07a6643c1581fec1c7fc4bf8ae12e3d8f0d0373dc844be?s=96&d=mm&r=g\",\"caption\":\"Jorge Mi\u00f1o\"},\"sameAs\":[\"http:\/\/radioinfinitagoya.com.ar\"]}]}<\/script>\n<!-- \/ Yoast SEO plugin. -->","yoast_head_json":{"title":"El Gobierno firmar\u00eda un acuerdo comercial con Estados Unidos - Radio Infinita Goya","description":"El Gobierno de Javier Milei avanza con Washington en un nuevo pacto comercial que incluir\u00eda cuotas de exportaci\u00f3n libres de impuestos y beneficios para","robots":{"index":"index","follow":"follow","max-snippet":"max-snippet:-1","max-image-preview":"max-image-preview:large","max-video-preview":"max-video-preview:-1"},"canonical":"https:\/\/radioinfinitagoya.com.ar\/v1\/2025\/11\/10\/el-gobierno-firmaria-un-acuerdo-comercial-con-estados-unidos\/","og_locale":"es_ES","og_type":"article","og_title":"El Gobierno firmar\u00eda un acuerdo comercial con Estados Unidos - Radio Infinita Goya","og_description":"El Gobierno de Javier Milei avanza con Washington en un nuevo pacto comercial que incluir\u00eda cuotas de exportaci\u00f3n libres de impuestos y beneficios para","og_url":"https:\/\/radioinfinitagoya.com.ar\/v1\/2025\/11\/10\/el-gobierno-firmaria-un-acuerdo-comercial-con-estados-unidos\/","og_site_name":"Radio Infinita Goya","article_publisher":"https:\/\/www.facebook.com\/p\/Infinita-Goya-100063870918311\/","article_published_time":"2025-11-10T19:13:15+00:00","og_image":[{"width":680,"height":381,"url":"https:\/\/radioinfinitagoya.com.ar\/v1\/wp-content\/uploads\/2025\/11\/4DjLh7iS.jpg","type":"image\/jpeg"}],"author":"Jorge Mi\u00f1o","twitter_card":"summary_large_image","twitter_misc":{"Escrito por":"Jorge Mi\u00f1o","Tiempo de lectura":"3 minutos"},"schema":{"@context":"https:\/\/schema.org","@graph":[{"@type":"Article","@id":"https:\/\/radioinfinitagoya.com.ar\/v1\/2025\/11\/10\/el-gobierno-firmaria-un-acuerdo-comercial-con-estados-unidos\/#article","isPartOf":{"@id":"https:\/\/radioinfinitagoya.com.ar\/v1\/2025\/11\/10\/el-gobierno-firmaria-un-acuerdo-comercial-con-estados-unidos\/"},"author":{"name":"Jorge Mi\u00f1o","@id":"https:\/\/radioinfinitagoya.com.ar\/v1\/#\/schema\/person\/d4cf9c413d4f6edb24aabdccab49ca4a"},"headline":"El Gobierno firmar\u00eda un acuerdo comercial con Estados Unidos","datePublished":"2025-11-10T19:13:15+00:00","mainEntityOfPage":{"@id":"https:\/\/radioinfinitagoya.com.ar\/v1\/2025\/11\/10\/el-gobierno-firmaria-un-acuerdo-comercial-con-estados-unidos\/"},"wordCount":547,"publisher":{"@id":"https:\/\/radioinfinitagoya.com.ar\/v1\/#organization"},"image":{"@id":"https:\/\/radioinfinitagoya.com.ar\/v1\/2025\/11\/10\/el-gobierno-firmaria-un-acuerdo-comercial-con-estados-unidos\/#primaryimage"},"thumbnailUrl":"https:\/\/radioinfinitagoya.com.ar\/v1\/wp-content\/uploads\/2025\/11\/4DjLh7iS.jpg","articleSection":["NACIONALES"],"inLanguage":"es-AR"},{"@type":"WebPage","@id":"https:\/\/radioinfinitagoya.com.ar\/v1\/2025\/11\/10\/el-gobierno-firmaria-un-acuerdo-comercial-con-estados-unidos\/","url":"https:\/\/radioinfinitagoya.com.ar\/v1\/2025\/11\/10\/el-gobierno-firmaria-un-acuerdo-comercial-con-estados-unidos\/","name":"El Gobierno firmar\u00eda un acuerdo comercial con Estados Unidos - Radio Infinita Goya","isPartOf":{"@id":"https:\/\/radioinfinitagoya.com.ar\/v1\/#website"},"primaryImageOfPage":{"@id":"https:\/\/radioinfinitagoya.com.ar\/v1\/2025\/11\/10\/el-gobierno-firmaria-un-acuerdo-comercial-con-estados-unidos\/#primaryimage"},"image":{"@id":"https:\/\/radioinfinitagoya.com.ar\/v1\/2025\/11\/10\/el-gobierno-firmaria-un-acuerdo-comercial-con-estados-unidos\/#primaryimage"},"thumbnailUrl":"https:\/\/radioinfinitagoya.com.ar\/v1\/wp-content\/uploads\/2025\/11\/4DjLh7iS.jpg","datePublished":"2025-11-10T19:13:15+00:00","description":"El Gobierno de Javier Milei avanza con Washington en un nuevo pacto comercial que incluir\u00eda cuotas de exportaci\u00f3n libres de impuestos y beneficios para","breadcrumb":{"@id":"https:\/\/radioinfinitagoya.com.ar\/v1\/2025\/11\/10\/el-gobierno-firmaria-un-acuerdo-comercial-con-estados-unidos\/#breadcrumb"},"inLanguage":"es-AR","potentialAction":[{"@type":"ReadAction","target":["https:\/\/radioinfinitagoya.com.ar\/v1\/2025\/11\/10\/el-gobierno-firmaria-un-acuerdo-comercial-con-estados-unidos\/"]}]},{"@type":"ImageObject","inLanguage":"es-AR","@id":"https:\/\/radioinfinitagoya.com.ar\/v1\/2025\/11\/10\/el-gobierno-firmaria-un-acuerdo-comercial-con-estados-unidos\/#primaryimage","url":"https:\/\/radioinfinitagoya.com.ar\/v1\/wp-content\/uploads\/2025\/11\/4DjLh7iS.jpg","contentUrl":"https:\/\/radioinfinitagoya.com.ar\/v1\/wp-content\/uploads\/2025\/11\/4DjLh7iS.jpg","width":680,"height":381},{"@type":"BreadcrumbList","@id":"https:\/\/radioinfinitagoya.com.ar\/v1\/2025\/11\/10\/el-gobierno-firmaria-un-acuerdo-comercial-con-estados-unidos\/#breadcrumb","itemListElement":[{"@type":"ListItem","position":1,"name":"Inicio","item":"https:\/\/radioinfinitagoya.com.ar\/v1\/"},{"@type":"ListItem","position":2,"name":"El Gobierno firmar\u00eda un acuerdo comercial con Estados Unidos"}]},{"@type":"WebSite","@id":"https:\/\/radioinfinitagoya.com.ar\/v1\/#website","url":"https:\/\/radioinfinitagoya.com.ar\/v1\/","name":"radioinfinitagoya.com.ar","description":"Radio de noticias","publisher":{"@id":"https:\/\/radioinfinitagoya.com.ar\/v1\/#organization"},"potentialAction":[{"@type":"SearchAction","target":{"@type":"EntryPoint","urlTemplate":"https:\/\/radioinfinitagoya.com.ar\/v1\/?s={search_term_string}"},"query-input":{"@type":"PropertyValueSpecification","valueRequired":true,"valueName":"search_term_string"}}],"inLanguage":"es-AR"},{"@type":"Organization","@id":"https:\/\/radioinfinitagoya.com.ar\/v1\/#organization","name":"Radio Infinita Goya","url":"https:\/\/radioinfinitagoya.com.ar\/v1\/","logo":{"@type":"ImageObject","inLanguage":"es-AR","@id":"https:\/\/radioinfinitagoya.com.ar\/v1\/#\/schema\/logo\/image\/","url":"https:\/\/radioinfinitagoya.com.ar\/v1\/wp-content\/uploads\/2019\/11\/logo-pie-web.png","contentUrl":"https:\/\/radioinfinitagoya.com.ar\/v1\/wp-content\/uploads\/2019\/11\/logo-pie-web.png","width":635,"height":326,"caption":"Radio Infinita Goya"},"image":{"@id":"https:\/\/radioinfinitagoya.com.ar\/v1\/#\/schema\/logo\/image\/"},"sameAs":["https:\/\/www.facebook.com\/p\/Infinita-Goya-100063870918311\/"]},{"@type":"Person","@id":"https:\/\/radioinfinitagoya.com.ar\/v1\/#\/schema\/person\/d4cf9c413d4f6edb24aabdccab49ca4a","name":"Jorge Mi\u00f1o","image":{"@type":"ImageObject","inLanguage":"es-AR","@id":"https:\/\/secure.gravatar.com\/avatar\/910fcf6728fe95320e07a6643c1581fec1c7fc4bf8ae12e3d8f0d0373dc844be?s=96&d=mm&r=g","url":"https:\/\/secure.gravatar.com\/avatar\/910fcf6728fe95320e07a6643c1581fec1c7fc4bf8ae12e3d8f0d0373dc844be?s=96&d=mm&r=g","contentUrl":"https:\/\/secure.gravatar.com\/avatar\/910fcf6728fe95320e07a6643c1581fec1c7fc4bf8ae12e3d8f0d0373dc844be?s=96&d=mm&r=g","caption":"Jorge Mi\u00f1o"},"sameAs":["http:\/\/radioinfinitagoya.com.ar"]}]}},"_links":{"self":[{"href":"https:\/\/radioinfinitagoya.com.ar\/v1\/wp-json\/wp\/v2\/posts\/199113","targetHints":{"allow":["GET"]}}],"collection":[{"href":"https:\/\/radioinfinitagoya.com.ar\/v1\/wp-json\/wp\/v2\/posts"}],"about":[{"href":"https:\/\/radioinfinitagoya.com.ar\/v1\/wp-json\/wp\/v2\/types\/post"}],"author":[{"embeddable":true,"href":"https:\/\/radioinfinitagoya.com.ar\/v1\/wp-json\/wp\/v2\/users\/4"}],"replies":[{"embeddable":true,"href":"https:\/\/radioinfinitagoya.com.ar\/v1\/wp-json\/wp\/v2\/comments?post=199113"}],"version-history":[{"count":0,"href":"https:\/\/radioinfinitagoya.com.ar\/v1\/wp-json\/wp\/v2\/posts\/199113\/revisions"}],"wp:featuredmedia":[{"embeddable":true,"href":"https:\/\/radioinfinitagoya.com.ar\/v1\/wp-json\/wp\/v2\/media\/199114"}],"wp:attachment":[{"href":"https:\/\/radioinfinitagoya.com.ar\/v1\/wp-json\/wp\/v2\/media?parent=199113"}],"wp:term":[{"taxonomy":"category","embeddable":true,"href":"https:\/\/radioinfinitagoya.com.ar\/v1\/wp-json\/wp\/v2\/categories?post=199113"},{"taxonomy":"post_tag","embeddable":true,"href":"https:\/\/radioinfinitagoya.com.ar\/v1\/wp-json\/wp\/v2\/tags?post=199113"}],"curies":[{"name":"wp","href":"https:\/\/api.w.org\/{rel}","templated":true}]}}