{"id":199207,"date":"2025-11-11T16:40:17","date_gmt":"2025-11-11T19:40:17","guid":{"rendered":"https:\/\/radioinfinitagoya.com.ar\/v1\/?p=199207"},"modified":"2025-11-11T16:40:17","modified_gmt":"2025-11-11T19:40:17","slug":"elecciones-en-corrientes-comenzo-el-pago-a-autoridades-de-mesa-y-delegados","status":"publish","type":"post","link":"https:\/\/radioinfinitagoya.com.ar\/v1\/2025\/11\/11\/elecciones-en-corrientes-comenzo-el-pago-a-autoridades-de-mesa-y-delegados\/","title":{"rendered":"Elecciones en Corrientes: comenz\u00f3 el pago a autoridades de mesa y delegados"},"content":{"rendered":"<p>La Junta Electoral inform\u00f3 que el Correo Andreani inici\u00f3 el pago de vi\u00e1ticos a quienes se desempe\u00f1aron en los comicios del 31 de agosto.<\/p>\n<p>La Junta Electoral de la Provincia comunic\u00f3 que desde este lunes 10 de noviembre comenz\u00f3 el pago de vi\u00e1ticos a las autoridades de mesa y delegados que participaron en las elecciones provinciales del pasado 31 de agosto.<\/p>\n<p>El proceso de pago, a cargo del Correo Andreani, se realizar\u00e1 de manera progresiva y se extender\u00e1 hasta el 15 de diciembre de 2025, fecha en la que vence el plazo para cobrar sin excepci\u00f3n. Quienes no registren sus datos dentro del per\u00edodo establecido perder\u00e1n el derecho a reclamar el beneficio.<\/p>\n<p>El organismo record\u00f3 que el \u00fanico medio habilitado para la percepci\u00f3n del vi\u00e1tico es la transferencia electr\u00f3nica, gestionada por Correo Andreani S.A. Las personas que a\u00fan no hayan completado el formulario de registro pueden hacerlo escaneando el c\u00f3digo QR provisto por la Junta Electoral o comunic\u00e1ndose con los canales oficiales de atenci\u00f3n: el correo consultaselecciones@andreani.com o el tel\u00e9fono (011) 4468-6510<\/p>\n<p>Seg\u00fan lo establecido por el Decreto N.\u00ba 1530 del Poder Ejecutivo provincial, los montos fijados para esta elecci\u00f3n fueron de $70.000 para las autoridades de mesa que desempe\u00f1aron funciones el d\u00eda de los comicios, $30.000 por la asistencia a la capacitaci\u00f3n previa y $110.000 para los delegados electorales.<\/p>\n<p>De esta forma, el pago de vi\u00e1ticos completa el proceso administrativo posterior a los comicios provinciales realizados en Corrientes el 31 de agosto, en los que se eligieron autoridades locales.<\/p>\n<p>&nbsp;<\/p>\n","protected":false},"excerpt":{"rendered":"<p>La Junta Electoral inform\u00f3 que el Correo Andreani inici\u00f3 el pago de vi\u00e1ticos a quienes se desempe\u00f1aron en los comicios del 31 de agosto. La Junta Electoral de la Provincia comunic\u00f3 que desde este lunes 10 de noviembre comenz\u00f3 el pago de vi\u00e1ticos a las autoridades de mesa y delegados que participaron en las elecciones [&hellip;]<\/p>\n","protected":false},"author":4,"featured_media":199208,"comment_status":"closed","ping_status":"closed","sticky":false,"template":"","format":"standard","meta":{"_joinchat":[],"footnotes":""},"categories":[31],"tags":[],"class_list":{"0":"post-199207","1":"post","2":"type-post","3":"status-publish","4":"format-standard","5":"has-post-thumbnail","7":"category-informacion-general"},"yoast_head":"<!-- This site is optimized with the Yoast SEO plugin v27.2 - https:\/\/yoast.com\/product\/yoast-seo-wordpress\/ -->\n<title>Elecciones en Corrientes: comenz\u00f3 el pago a autoridades de mesa y delegados - Radio Infinita Goya<\/title>\n<meta name=\"description\" content=\"La Junta Electoral inform\u00f3 que el Correo Andreani inici\u00f3 el pago de vi\u00e1ticos a quienes se desempe\u00f1aron en los comicios del 31 de agosto. La Junta\" \/>\n<meta name=\"robots\" content=\"index, follow, max-snippet:-1, max-image-preview:large, max-video-preview:-1\" \/>\n<link rel=\"canonical\" href=\"https:\/\/radioinfinitagoya.com.ar\/v1\/2025\/11\/11\/elecciones-en-corrientes-comenzo-el-pago-a-autoridades-de-mesa-y-delegados\/\" \/>\n<meta property=\"og:locale\" content=\"es_ES\" \/>\n<meta property=\"og:type\" content=\"article\" \/>\n<meta property=\"og:title\" content=\"Elecciones en Corrientes: comenz\u00f3 el pago a autoridades de mesa y delegados - Radio Infinita Goya\" \/>\n<meta property=\"og:description\" content=\"La Junta Electoral inform\u00f3 que el Correo Andreani inici\u00f3 el pago de vi\u00e1ticos a quienes se desempe\u00f1aron en los comicios del 31 de agosto. La Junta\" \/>\n<meta property=\"og:url\" content=\"https:\/\/radioinfinitagoya.com.ar\/v1\/2025\/11\/11\/elecciones-en-corrientes-comenzo-el-pago-a-autoridades-de-mesa-y-delegados\/\" \/>\n<meta property=\"og:site_name\" content=\"Radio Infinita Goya\" \/>\n<meta property=\"article:publisher\" content=\"https:\/\/www.facebook.com\/p\/Infinita-Goya-100063870918311\/\" \/>\n<meta property=\"article:published_time\" content=\"2025-11-11T19:40:17+00:00\" \/>\n<meta property=\"og:image\" content=\"https:\/\/radioinfinitagoya.com.ar\/v1\/wp-content\/uploads\/2025\/11\/nFcT1cSX.jpg\" \/>\n\t<meta property=\"og:image:width\" content=\"620\" \/>\n\t<meta property=\"og:image:height\" content=\"347\" \/>\n\t<meta property=\"og:image:type\" content=\"image\/jpeg\" \/>\n<meta name=\"author\" content=\"Jorge Mi\u00f1o\" \/>\n<meta name=\"twitter:card\" content=\"summary_large_image\" \/>\n<meta name=\"twitter:label1\" content=\"Escrito por\" \/>\n\t<meta name=\"twitter:data1\" content=\"Jorge Mi\u00f1o\" \/>\n\t<meta name=\"twitter:label2\" content=\"Tiempo de lectura\" \/>\n\t<meta name=\"twitter:data2\" content=\"2 minutos\" \/>\n<script type=\"application\/ld+json\" class=\"yoast-schema-graph\">{\"@context\":\"https:\/\/schema.org\",\"@graph\":[{\"@type\":\"Article\",\"@id\":\"https:\/\/radioinfinitagoya.com.ar\/v1\/2025\/11\/11\/elecciones-en-corrientes-comenzo-el-pago-a-autoridades-de-mesa-y-delegados\/#article\",\"isPartOf\":{\"@id\":\"https:\/\/radioinfinitagoya.com.ar\/v1\/2025\/11\/11\/elecciones-en-corrientes-comenzo-el-pago-a-autoridades-de-mesa-y-delegados\/\"},\"author\":{\"name\":\"Jorge Mi\u00f1o\",\"@id\":\"https:\/\/radioinfinitagoya.com.ar\/v1\/#\/schema\/person\/d4cf9c413d4f6edb24aabdccab49ca4a\"},\"headline\":\"Elecciones en Corrientes: comenz\u00f3 el pago a autoridades de mesa y delegados\",\"datePublished\":\"2025-11-11T19:40:17+00:00\",\"mainEntityOfPage\":{\"@id\":\"https:\/\/radioinfinitagoya.com.ar\/v1\/2025\/11\/11\/elecciones-en-corrientes-comenzo-el-pago-a-autoridades-de-mesa-y-delegados\/\"},\"wordCount\":275,\"publisher\":{\"@id\":\"https:\/\/radioinfinitagoya.com.ar\/v1\/#organization\"},\"image\":{\"@id\":\"https:\/\/radioinfinitagoya.com.ar\/v1\/2025\/11\/11\/elecciones-en-corrientes-comenzo-el-pago-a-autoridades-de-mesa-y-delegados\/#primaryimage\"},\"thumbnailUrl\":\"https:\/\/radioinfinitagoya.com.ar\/v1\/wp-content\/uploads\/2025\/11\/nFcT1cSX.jpg\",\"articleSection\":[\"INFORMACI\u00d3N GENERAL\"],\"inLanguage\":\"es-AR\"},{\"@type\":\"WebPage\",\"@id\":\"https:\/\/radioinfinitagoya.com.ar\/v1\/2025\/11\/11\/elecciones-en-corrientes-comenzo-el-pago-a-autoridades-de-mesa-y-delegados\/\",\"url\":\"https:\/\/radioinfinitagoya.com.ar\/v1\/2025\/11\/11\/elecciones-en-corrientes-comenzo-el-pago-a-autoridades-de-mesa-y-delegados\/\",\"name\":\"Elecciones en Corrientes: comenz\u00f3 el pago a autoridades de mesa y delegados - Radio Infinita Goya\",\"isPartOf\":{\"@id\":\"https:\/\/radioinfinitagoya.com.ar\/v1\/#website\"},\"primaryImageOfPage\":{\"@id\":\"https:\/\/radioinfinitagoya.com.ar\/v1\/2025\/11\/11\/elecciones-en-corrientes-comenzo-el-pago-a-autoridades-de-mesa-y-delegados\/#primaryimage\"},\"image\":{\"@id\":\"https:\/\/radioinfinitagoya.com.ar\/v1\/2025\/11\/11\/elecciones-en-corrientes-comenzo-el-pago-a-autoridades-de-mesa-y-delegados\/#primaryimage\"},\"thumbnailUrl\":\"https:\/\/radioinfinitagoya.com.ar\/v1\/wp-content\/uploads\/2025\/11\/nFcT1cSX.jpg\",\"datePublished\":\"2025-11-11T19:40:17+00:00\",\"description\":\"La Junta Electoral inform\u00f3 que el Correo Andreani inici\u00f3 el pago de vi\u00e1ticos a quienes se desempe\u00f1aron en los comicios del 31 de agosto. La Junta\",\"breadcrumb\":{\"@id\":\"https:\/\/radioinfinitagoya.com.ar\/v1\/2025\/11\/11\/elecciones-en-corrientes-comenzo-el-pago-a-autoridades-de-mesa-y-delegados\/#breadcrumb\"},\"inLanguage\":\"es-AR\",\"potentialAction\":[{\"@type\":\"ReadAction\",\"target\":[\"https:\/\/radioinfinitagoya.com.ar\/v1\/2025\/11\/11\/elecciones-en-corrientes-comenzo-el-pago-a-autoridades-de-mesa-y-delegados\/\"]}]},{\"@type\":\"ImageObject\",\"inLanguage\":\"es-AR\",\"@id\":\"https:\/\/radioinfinitagoya.com.ar\/v1\/2025\/11\/11\/elecciones-en-corrientes-comenzo-el-pago-a-autoridades-de-mesa-y-delegados\/#primaryimage\",\"url\":\"https:\/\/radioinfinitagoya.com.ar\/v1\/wp-content\/uploads\/2025\/11\/nFcT1cSX.jpg\",\"contentUrl\":\"https:\/\/radioinfinitagoya.com.ar\/v1\/wp-content\/uploads\/2025\/11\/nFcT1cSX.jpg\",\"width\":620,\"height\":347},{\"@type\":\"BreadcrumbList\",\"@id\":\"https:\/\/radioinfinitagoya.com.ar\/v1\/2025\/11\/11\/elecciones-en-corrientes-comenzo-el-pago-a-autoridades-de-mesa-y-delegados\/#breadcrumb\",\"itemListElement\":[{\"@type\":\"ListItem\",\"position\":1,\"name\":\"Inicio\",\"item\":\"https:\/\/radioinfinitagoya.com.ar\/v1\/\"},{\"@type\":\"ListItem\",\"position\":2,\"name\":\"Elecciones en Corrientes: comenz\u00f3 el pago a autoridades de mesa y delegados\"}]},{\"@type\":\"WebSite\",\"@id\":\"https:\/\/radioinfinitagoya.com.ar\/v1\/#website\",\"url\":\"https:\/\/radioinfinitagoya.com.ar\/v1\/\",\"name\":\"radioinfinitagoya.com.ar\",\"description\":\"Radio de noticias\",\"publisher\":{\"@id\":\"https:\/\/radioinfinitagoya.com.ar\/v1\/#organization\"},\"potentialAction\":[{\"@type\":\"SearchAction\",\"target\":{\"@type\":\"EntryPoint\",\"urlTemplate\":\"https:\/\/radioinfinitagoya.com.ar\/v1\/?s={search_term_string}\"},\"query-input\":{\"@type\":\"PropertyValueSpecification\",\"valueRequired\":true,\"valueName\":\"search_term_string\"}}],\"inLanguage\":\"es-AR\"},{\"@type\":\"Organization\",\"@id\":\"https:\/\/radioinfinitagoya.com.ar\/v1\/#organization\",\"name\":\"Radio Infinita Goya\",\"url\":\"https:\/\/radioinfinitagoya.com.ar\/v1\/\",\"logo\":{\"@type\":\"ImageObject\",\"inLanguage\":\"es-AR\",\"@id\":\"https:\/\/radioinfinitagoya.com.ar\/v1\/#\/schema\/logo\/image\/\",\"url\":\"https:\/\/radioinfinitagoya.com.ar\/v1\/wp-content\/uploads\/2019\/11\/logo-pie-web.png\",\"contentUrl\":\"https:\/\/radioinfinitagoya.com.ar\/v1\/wp-content\/uploads\/2019\/11\/logo-pie-web.png\",\"width\":635,\"height\":326,\"caption\":\"Radio Infinita Goya\"},\"image\":{\"@id\":\"https:\/\/radioinfinitagoya.com.ar\/v1\/#\/schema\/logo\/image\/\"},\"sameAs\":[\"https:\/\/www.facebook.com\/p\/Infinita-Goya-100063870918311\/\"]},{\"@type\":\"Person\",\"@id\":\"https:\/\/radioinfinitagoya.com.ar\/v1\/#\/schema\/person\/d4cf9c413d4f6edb24aabdccab49ca4a\",\"name\":\"Jorge Mi\u00f1o\",\"image\":{\"@type\":\"ImageObject\",\"inLanguage\":\"es-AR\",\"@id\":\"https:\/\/secure.gravatar.com\/avatar\/910fcf6728fe95320e07a6643c1581fec1c7fc4bf8ae12e3d8f0d0373dc844be?s=96&d=mm&r=g\",\"url\":\"https:\/\/secure.gravatar.com\/avatar\/910fcf6728fe95320e07a6643c1581fec1c7fc4bf8ae12e3d8f0d0373dc844be?s=96&d=mm&r=g\",\"contentUrl\":\"https:\/\/secure.gravatar.com\/avatar\/910fcf6728fe95320e07a6643c1581fec1c7fc4bf8ae12e3d8f0d0373dc844be?s=96&d=mm&r=g\",\"caption\":\"Jorge Mi\u00f1o\"},\"sameAs\":[\"http:\/\/radioinfinitagoya.com.ar\"]}]}<\/script>\n<!-- \/ Yoast SEO plugin. -->","yoast_head_json":{"title":"Elecciones en Corrientes: comenz\u00f3 el pago a autoridades de mesa y delegados - Radio Infinita Goya","description":"La Junta Electoral inform\u00f3 que el Correo Andreani inici\u00f3 el pago de vi\u00e1ticos a quienes se desempe\u00f1aron en los comicios del 31 de agosto. La Junta","robots":{"index":"index","follow":"follow","max-snippet":"max-snippet:-1","max-image-preview":"max-image-preview:large","max-video-preview":"max-video-preview:-1"},"canonical":"https:\/\/radioinfinitagoya.com.ar\/v1\/2025\/11\/11\/elecciones-en-corrientes-comenzo-el-pago-a-autoridades-de-mesa-y-delegados\/","og_locale":"es_ES","og_type":"article","og_title":"Elecciones en Corrientes: comenz\u00f3 el pago a autoridades de mesa y delegados - Radio Infinita Goya","og_description":"La Junta Electoral inform\u00f3 que el Correo Andreani inici\u00f3 el pago de vi\u00e1ticos a quienes se desempe\u00f1aron en los comicios del 31 de agosto. La Junta","og_url":"https:\/\/radioinfinitagoya.com.ar\/v1\/2025\/11\/11\/elecciones-en-corrientes-comenzo-el-pago-a-autoridades-de-mesa-y-delegados\/","og_site_name":"Radio Infinita Goya","article_publisher":"https:\/\/www.facebook.com\/p\/Infinita-Goya-100063870918311\/","article_published_time":"2025-11-11T19:40:17+00:00","og_image":[{"width":620,"height":347,"url":"https:\/\/radioinfinitagoya.com.ar\/v1\/wp-content\/uploads\/2025\/11\/nFcT1cSX.jpg","type":"image\/jpeg"}],"author":"Jorge Mi\u00f1o","twitter_card":"summary_large_image","twitter_misc":{"Escrito por":"Jorge Mi\u00f1o","Tiempo de lectura":"2 minutos"},"schema":{"@context":"https:\/\/schema.org","@graph":[{"@type":"Article","@id":"https:\/\/radioinfinitagoya.com.ar\/v1\/2025\/11\/11\/elecciones-en-corrientes-comenzo-el-pago-a-autoridades-de-mesa-y-delegados\/#article","isPartOf":{"@id":"https:\/\/radioinfinitagoya.com.ar\/v1\/2025\/11\/11\/elecciones-en-corrientes-comenzo-el-pago-a-autoridades-de-mesa-y-delegados\/"},"author":{"name":"Jorge Mi\u00f1o","@id":"https:\/\/radioinfinitagoya.com.ar\/v1\/#\/schema\/person\/d4cf9c413d4f6edb24aabdccab49ca4a"},"headline":"Elecciones en Corrientes: comenz\u00f3 el pago a autoridades de mesa y delegados","datePublished":"2025-11-11T19:40:17+00:00","mainEntityOfPage":{"@id":"https:\/\/radioinfinitagoya.com.ar\/v1\/2025\/11\/11\/elecciones-en-corrientes-comenzo-el-pago-a-autoridades-de-mesa-y-delegados\/"},"wordCount":275,"publisher":{"@id":"https:\/\/radioinfinitagoya.com.ar\/v1\/#organization"},"image":{"@id":"https:\/\/radioinfinitagoya.com.ar\/v1\/2025\/11\/11\/elecciones-en-corrientes-comenzo-el-pago-a-autoridades-de-mesa-y-delegados\/#primaryimage"},"thumbnailUrl":"https:\/\/radioinfinitagoya.com.ar\/v1\/wp-content\/uploads\/2025\/11\/nFcT1cSX.jpg","articleSection":["INFORMACI\u00d3N GENERAL"],"inLanguage":"es-AR"},{"@type":"WebPage","@id":"https:\/\/radioinfinitagoya.com.ar\/v1\/2025\/11\/11\/elecciones-en-corrientes-comenzo-el-pago-a-autoridades-de-mesa-y-delegados\/","url":"https:\/\/radioinfinitagoya.com.ar\/v1\/2025\/11\/11\/elecciones-en-corrientes-comenzo-el-pago-a-autoridades-de-mesa-y-delegados\/","name":"Elecciones en Corrientes: comenz\u00f3 el pago a autoridades de mesa y delegados - Radio Infinita Goya","isPartOf":{"@id":"https:\/\/radioinfinitagoya.com.ar\/v1\/#website"},"primaryImageOfPage":{"@id":"https:\/\/radioinfinitagoya.com.ar\/v1\/2025\/11\/11\/elecciones-en-corrientes-comenzo-el-pago-a-autoridades-de-mesa-y-delegados\/#primaryimage"},"image":{"@id":"https:\/\/radioinfinitagoya.com.ar\/v1\/2025\/11\/11\/elecciones-en-corrientes-comenzo-el-pago-a-autoridades-de-mesa-y-delegados\/#primaryimage"},"thumbnailUrl":"https:\/\/radioinfinitagoya.com.ar\/v1\/wp-content\/uploads\/2025\/11\/nFcT1cSX.jpg","datePublished":"2025-11-11T19:40:17+00:00","description":"La Junta Electoral inform\u00f3 que el Correo Andreani inici\u00f3 el pago de vi\u00e1ticos a quienes se desempe\u00f1aron en los comicios del 31 de agosto. La Junta","breadcrumb":{"@id":"https:\/\/radioinfinitagoya.com.ar\/v1\/2025\/11\/11\/elecciones-en-corrientes-comenzo-el-pago-a-autoridades-de-mesa-y-delegados\/#breadcrumb"},"inLanguage":"es-AR","potentialAction":[{"@type":"ReadAction","target":["https:\/\/radioinfinitagoya.com.ar\/v1\/2025\/11\/11\/elecciones-en-corrientes-comenzo-el-pago-a-autoridades-de-mesa-y-delegados\/"]}]},{"@type":"ImageObject","inLanguage":"es-AR","@id":"https:\/\/radioinfinitagoya.com.ar\/v1\/2025\/11\/11\/elecciones-en-corrientes-comenzo-el-pago-a-autoridades-de-mesa-y-delegados\/#primaryimage","url":"https:\/\/radioinfinitagoya.com.ar\/v1\/wp-content\/uploads\/2025\/11\/nFcT1cSX.jpg","contentUrl":"https:\/\/radioinfinitagoya.com.ar\/v1\/wp-content\/uploads\/2025\/11\/nFcT1cSX.jpg","width":620,"height":347},{"@type":"BreadcrumbList","@id":"https:\/\/radioinfinitagoya.com.ar\/v1\/2025\/11\/11\/elecciones-en-corrientes-comenzo-el-pago-a-autoridades-de-mesa-y-delegados\/#breadcrumb","itemListElement":[{"@type":"ListItem","position":1,"name":"Inicio","item":"https:\/\/radioinfinitagoya.com.ar\/v1\/"},{"@type":"ListItem","position":2,"name":"Elecciones en Corrientes: comenz\u00f3 el pago a autoridades de mesa y delegados"}]},{"@type":"WebSite","@id":"https:\/\/radioinfinitagoya.com.ar\/v1\/#website","url":"https:\/\/radioinfinitagoya.com.ar\/v1\/","name":"radioinfinitagoya.com.ar","description":"Radio de noticias","publisher":{"@id":"https:\/\/radioinfinitagoya.com.ar\/v1\/#organization"},"potentialAction":[{"@type":"SearchAction","target":{"@type":"EntryPoint","urlTemplate":"https:\/\/radioinfinitagoya.com.ar\/v1\/?s={search_term_string}"},"query-input":{"@type":"PropertyValueSpecification","valueRequired":true,"valueName":"search_term_string"}}],"inLanguage":"es-AR"},{"@type":"Organization","@id":"https:\/\/radioinfinitagoya.com.ar\/v1\/#organization","name":"Radio Infinita Goya","url":"https:\/\/radioinfinitagoya.com.ar\/v1\/","logo":{"@type":"ImageObject","inLanguage":"es-AR","@id":"https:\/\/radioinfinitagoya.com.ar\/v1\/#\/schema\/logo\/image\/","url":"https:\/\/radioinfinitagoya.com.ar\/v1\/wp-content\/uploads\/2019\/11\/logo-pie-web.png","contentUrl":"https:\/\/radioinfinitagoya.com.ar\/v1\/wp-content\/uploads\/2019\/11\/logo-pie-web.png","width":635,"height":326,"caption":"Radio Infinita Goya"},"image":{"@id":"https:\/\/radioinfinitagoya.com.ar\/v1\/#\/schema\/logo\/image\/"},"sameAs":["https:\/\/www.facebook.com\/p\/Infinita-Goya-100063870918311\/"]},{"@type":"Person","@id":"https:\/\/radioinfinitagoya.com.ar\/v1\/#\/schema\/person\/d4cf9c413d4f6edb24aabdccab49ca4a","name":"Jorge Mi\u00f1o","image":{"@type":"ImageObject","inLanguage":"es-AR","@id":"https:\/\/secure.gravatar.com\/avatar\/910fcf6728fe95320e07a6643c1581fec1c7fc4bf8ae12e3d8f0d0373dc844be?s=96&d=mm&r=g","url":"https:\/\/secure.gravatar.com\/avatar\/910fcf6728fe95320e07a6643c1581fec1c7fc4bf8ae12e3d8f0d0373dc844be?s=96&d=mm&r=g","contentUrl":"https:\/\/secure.gravatar.com\/avatar\/910fcf6728fe95320e07a6643c1581fec1c7fc4bf8ae12e3d8f0d0373dc844be?s=96&d=mm&r=g","caption":"Jorge Mi\u00f1o"},"sameAs":["http:\/\/radioinfinitagoya.com.ar"]}]}},"_links":{"self":[{"href":"https:\/\/radioinfinitagoya.com.ar\/v1\/wp-json\/wp\/v2\/posts\/199207","targetHints":{"allow":["GET"]}}],"collection":[{"href":"https:\/\/radioinfinitagoya.com.ar\/v1\/wp-json\/wp\/v2\/posts"}],"about":[{"href":"https:\/\/radioinfinitagoya.com.ar\/v1\/wp-json\/wp\/v2\/types\/post"}],"author":[{"embeddable":true,"href":"https:\/\/radioinfinitagoya.com.ar\/v1\/wp-json\/wp\/v2\/users\/4"}],"replies":[{"embeddable":true,"href":"https:\/\/radioinfinitagoya.com.ar\/v1\/wp-json\/wp\/v2\/comments?post=199207"}],"version-history":[{"count":0,"href":"https:\/\/radioinfinitagoya.com.ar\/v1\/wp-json\/wp\/v2\/posts\/199207\/revisions"}],"wp:featuredmedia":[{"embeddable":true,"href":"https:\/\/radioinfinitagoya.com.ar\/v1\/wp-json\/wp\/v2\/media\/199208"}],"wp:attachment":[{"href":"https:\/\/radioinfinitagoya.com.ar\/v1\/wp-json\/wp\/v2\/media?parent=199207"}],"wp:term":[{"taxonomy":"category","embeddable":true,"href":"https:\/\/radioinfinitagoya.com.ar\/v1\/wp-json\/wp\/v2\/categories?post=199207"},{"taxonomy":"post_tag","embeddable":true,"href":"https:\/\/radioinfinitagoya.com.ar\/v1\/wp-json\/wp\/v2\/tags?post=199207"}],"curies":[{"name":"wp","href":"https:\/\/api.w.org\/{rel}","templated":true}]}}