{"id":200816,"date":"2025-12-09T15:44:06","date_gmt":"2025-12-09T18:44:06","guid":{"rendered":"https:\/\/radioinfinitagoya.com.ar\/v1\/?p=200816"},"modified":"2025-12-09T15:44:06","modified_gmt":"2025-12-09T18:44:06","slug":"corrientes-consenso-nuevo-secretario-y-tenso-cruce-en-la-camara-de-diputados","status":"publish","type":"post","link":"https:\/\/radioinfinitagoya.com.ar\/v1\/2025\/12\/09\/corrientes-consenso-nuevo-secretario-y-tenso-cruce-en-la-camara-de-diputados\/","title":{"rendered":"Corrientes: consenso, nuevo secretario y tenso cruce en la C\u00e1mara de Diputados"},"content":{"rendered":"<p>Una propuesta del oficialismo para cambiar autoridades administrativas fue rechazada por un sector opositor. Los cambios se definieron con amplia mayor\u00eda.<\/p>\n<p>La C\u00e1mara de Diputados de Corrientes incorpor\u00f3 este martes a sus legisladores para el per\u00edodo 2025-2029 y defini\u00f3 su nueva mesa directiva durante la tradicional Sesi\u00f3n Preparatoria. Sin embargo, lo que comenz\u00f3 como un acto protocolar deriv\u00f3 en el primer cruce pol\u00edtico del nuevo cuerpo, a partir de una sorpresiva propuesta del oficialismo que termin\u00f3 con adhesi\u00f3n mayoritaria mediante acuerdos basados en un consenso amplio.<\/p>\n<p>Tras el izamiento de banderas, el Himno Nacional y la lectura de las resoluciones de la Junta Electoral Provincial, los diputados electos prestaron juramento y se procedi\u00f3 a la elecci\u00f3n de las autoridades de la C\u00e1mara.<\/p>\n<p>Pero el clima cambi\u00f3 cuando el diputado oficialista Norberto Ast pidi\u00f3 tratar sobre tablas una iniciativa para reemplazar a la secretaria, el prosecretario y el secretario de comisiones de la C\u00e1mara baja, cargos administrativos clave para el funcionamiento interno.<\/p>\n<p>La moci\u00f3n gener\u00f3 un rechazo inmediato entre referentes de la oposici\u00f3n en el cuerpo legislativo, que consideraron improcedente avanzar con ese tipo de definiciones en una sesi\u00f3n preparatoria.<\/p>\n<p>Consenso amplio<br \/>\nLos cambios impulsados por el oficialismo ven\u00edan de ser trabajados en una serie de di\u00e1logos donde prim\u00f3 el consenso y que no significaron solamente una coincidencia entre integramtes del bloque de Vamos Corrientes. Alcanz\u00f3 tambi\u00e9n a los peronistas del PJ y el Frente Renpvador, as\u00ed como a los integrantes de Encuentro por Corrientes (ECO).<\/p>\n<p>De ese modo, no se pudo sostener la continuidad de Evelyn Kasrten en la Secretar\u00eda de la C\u00e1mara, una posici\u00f3n que ELI y La Libertad Avanza pretend\u00edan conservar.<\/p>\n<p>Vale recordar, la funcionaria hab\u00eda sido candidata a vicegobernadora de La Libertad Avanza en las elecciones del 31 de agosto pasado.<\/p>\n<p>Finalmente los cambios se produjeron con un resultado de 27 votos a favor y tres abstenciones libertarias.<\/p>\n<p>&#8220;Nulidad absoluta\u201d<br \/>\nEl diputado Pedro Cassani (ELI-LLA), quien finaliz\u00f3 su mandato como presidente del cuerpo pero contin\u00faa como legislador, tom\u00f3 la palabra para cuestionar la propuesta de Ast. \u201cNo corresponde, es de nulidad absoluta. Una elecci\u00f3n no te da la potestad de hacer lo que quieras\u201d, lanz\u00f3. Adem\u00e1s, advirti\u00f3 que la sesi\u00f3n preparatoria tiene l\u00edmites normativos claros y que no habilita la reorganizaci\u00f3n de cargos administrativos.<\/p>\n<p>En la misma l\u00ednea, el diputado Ricardo Leconte (LLA) plante\u00f3 que intentar votar cambios de autoridades administrativas en ese momento violaba la normativa vigente. \u201cEsto se est\u00e1 convirtiendo en un sinsentido, porque no estamos facultados para votar; el d\u00eda de ma\u00f1ana a las 00 horas reci\u00e9n podemos hacerlo\u201d, se\u00f1al\u00f3.<\/p>\n<p>El legislador advirti\u00f3 que avanzar en ese marco implicar\u00eda un riesgo institucional y anticip\u00f3 su postura: \u201cNo puedo aceptar. Estoy tomando una decisi\u00f3n, es una cuesti\u00f3n de gravedad institucional. Este acto es nulo, por eso plante\u00e9 abstenerme\u201d.<\/p>\n<p>Nuevas autoridades<br \/>\nFinalmente, Fabricio Sartori, fue designado como nuevo secretario de la presidencia de la C\u00e1mara, Martha In\u00e9s Rashmanko, como pro secretaria del Concejo y como Secretario de Comisiones, Tamandar\u00e9 Ram\u00edrez Forte.<\/p>\n","protected":false},"excerpt":{"rendered":"<p>Una propuesta del oficialismo para cambiar autoridades administrativas fue rechazada por un sector opositor. Los cambios se definieron con amplia mayor\u00eda. La C\u00e1mara de Diputados de Corrientes incorpor\u00f3 este martes a sus legisladores para el per\u00edodo 2025-2029 y defini\u00f3 su nueva mesa directiva durante la tradicional Sesi\u00f3n Preparatoria. Sin embargo, lo que comenz\u00f3 como un [&hellip;]<\/p>\n","protected":false},"author":4,"featured_media":200817,"comment_status":"closed","ping_status":"closed","sticky":false,"template":"","format":"standard","meta":{"_joinchat":[],"footnotes":""},"categories":[26],"tags":[],"class_list":{"0":"post-200816","1":"post","2":"type-post","3":"status-publish","4":"format-standard","5":"has-post-thumbnail","7":"category-provinciales"},"yoast_head":"<!-- This site is optimized with the Yoast SEO plugin v27.2 - https:\/\/yoast.com\/product\/yoast-seo-wordpress\/ -->\n<title>Corrientes: consenso, nuevo secretario y tenso cruce en la C\u00e1mara de Diputados - Radio Infinita Goya<\/title>\n<meta name=\"description\" content=\"Una propuesta del oficialismo para cambiar autoridades administrativas fue rechazada por un sector opositor. Los cambios se definieron con amplia mayor\u00eda.\" \/>\n<meta name=\"robots\" content=\"index, follow, max-snippet:-1, max-image-preview:large, max-video-preview:-1\" \/>\n<link rel=\"canonical\" href=\"https:\/\/radioinfinitagoya.com.ar\/v1\/2025\/12\/09\/corrientes-consenso-nuevo-secretario-y-tenso-cruce-en-la-camara-de-diputados\/\" \/>\n<meta property=\"og:locale\" content=\"es_ES\" \/>\n<meta property=\"og:type\" content=\"article\" \/>\n<meta property=\"og:title\" content=\"Corrientes: consenso, nuevo secretario y tenso cruce en la C\u00e1mara de Diputados - Radio Infinita Goya\" \/>\n<meta property=\"og:description\" content=\"Una propuesta del oficialismo para cambiar autoridades administrativas fue rechazada por un sector opositor. Los cambios se definieron con amplia mayor\u00eda.\" \/>\n<meta property=\"og:url\" content=\"https:\/\/radioinfinitagoya.com.ar\/v1\/2025\/12\/09\/corrientes-consenso-nuevo-secretario-y-tenso-cruce-en-la-camara-de-diputados\/\" \/>\n<meta property=\"og:site_name\" content=\"Radio Infinita Goya\" \/>\n<meta property=\"article:publisher\" content=\"https:\/\/www.facebook.com\/p\/Infinita-Goya-100063870918311\/\" \/>\n<meta property=\"article:published_time\" content=\"2025-12-09T18:44:06+00:00\" \/>\n<meta property=\"og:image\" content=\"https:\/\/radioinfinitagoya.com.ar\/v1\/wp-content\/uploads\/2025\/12\/1765295636213.webp\" \/>\n\t<meta property=\"og:image:width\" content=\"1200\" \/>\n\t<meta property=\"og:image:height\" content=\"675\" \/>\n\t<meta property=\"og:image:type\" content=\"image\/webp\" \/>\n<meta name=\"author\" content=\"Jorge Mi\u00f1o\" \/>\n<meta name=\"twitter:card\" content=\"summary_large_image\" \/>\n<meta name=\"twitter:label1\" content=\"Escrito por\" \/>\n\t<meta name=\"twitter:data1\" content=\"Jorge Mi\u00f1o\" \/>\n\t<meta name=\"twitter:label2\" content=\"Tiempo de lectura\" \/>\n\t<meta name=\"twitter:data2\" content=\"3 minutos\" \/>\n<script type=\"application\/ld+json\" class=\"yoast-schema-graph\">{\"@context\":\"https:\/\/schema.org\",\"@graph\":[{\"@type\":\"Article\",\"@id\":\"https:\/\/radioinfinitagoya.com.ar\/v1\/2025\/12\/09\/corrientes-consenso-nuevo-secretario-y-tenso-cruce-en-la-camara-de-diputados\/#article\",\"isPartOf\":{\"@id\":\"https:\/\/radioinfinitagoya.com.ar\/v1\/2025\/12\/09\/corrientes-consenso-nuevo-secretario-y-tenso-cruce-en-la-camara-de-diputados\/\"},\"author\":{\"name\":\"Jorge Mi\u00f1o\",\"@id\":\"https:\/\/radioinfinitagoya.com.ar\/v1\/#\/schema\/person\/d4cf9c413d4f6edb24aabdccab49ca4a\"},\"headline\":\"Corrientes: consenso, nuevo secretario y tenso cruce en la C\u00e1mara de Diputados\",\"datePublished\":\"2025-12-09T18:44:06+00:00\",\"mainEntityOfPage\":{\"@id\":\"https:\/\/radioinfinitagoya.com.ar\/v1\/2025\/12\/09\/corrientes-consenso-nuevo-secretario-y-tenso-cruce-en-la-camara-de-diputados\/\"},\"wordCount\":542,\"publisher\":{\"@id\":\"https:\/\/radioinfinitagoya.com.ar\/v1\/#organization\"},\"image\":{\"@id\":\"https:\/\/radioinfinitagoya.com.ar\/v1\/2025\/12\/09\/corrientes-consenso-nuevo-secretario-y-tenso-cruce-en-la-camara-de-diputados\/#primaryimage\"},\"thumbnailUrl\":\"https:\/\/radioinfinitagoya.com.ar\/v1\/wp-content\/uploads\/2025\/12\/1765295636213.webp\",\"articleSection\":[\"PROVINCIALES\"],\"inLanguage\":\"es-AR\"},{\"@type\":\"WebPage\",\"@id\":\"https:\/\/radioinfinitagoya.com.ar\/v1\/2025\/12\/09\/corrientes-consenso-nuevo-secretario-y-tenso-cruce-en-la-camara-de-diputados\/\",\"url\":\"https:\/\/radioinfinitagoya.com.ar\/v1\/2025\/12\/09\/corrientes-consenso-nuevo-secretario-y-tenso-cruce-en-la-camara-de-diputados\/\",\"name\":\"Corrientes: consenso, nuevo secretario y tenso cruce en la C\u00e1mara de Diputados - Radio Infinita Goya\",\"isPartOf\":{\"@id\":\"https:\/\/radioinfinitagoya.com.ar\/v1\/#website\"},\"primaryImageOfPage\":{\"@id\":\"https:\/\/radioinfinitagoya.com.ar\/v1\/2025\/12\/09\/corrientes-consenso-nuevo-secretario-y-tenso-cruce-en-la-camara-de-diputados\/#primaryimage\"},\"image\":{\"@id\":\"https:\/\/radioinfinitagoya.com.ar\/v1\/2025\/12\/09\/corrientes-consenso-nuevo-secretario-y-tenso-cruce-en-la-camara-de-diputados\/#primaryimage\"},\"thumbnailUrl\":\"https:\/\/radioinfinitagoya.com.ar\/v1\/wp-content\/uploads\/2025\/12\/1765295636213.webp\",\"datePublished\":\"2025-12-09T18:44:06+00:00\",\"description\":\"Una propuesta del oficialismo para cambiar autoridades administrativas fue rechazada por un sector opositor. Los cambios se definieron con amplia mayor\u00eda.\",\"breadcrumb\":{\"@id\":\"https:\/\/radioinfinitagoya.com.ar\/v1\/2025\/12\/09\/corrientes-consenso-nuevo-secretario-y-tenso-cruce-en-la-camara-de-diputados\/#breadcrumb\"},\"inLanguage\":\"es-AR\",\"potentialAction\":[{\"@type\":\"ReadAction\",\"target\":[\"https:\/\/radioinfinitagoya.com.ar\/v1\/2025\/12\/09\/corrientes-consenso-nuevo-secretario-y-tenso-cruce-en-la-camara-de-diputados\/\"]}]},{\"@type\":\"ImageObject\",\"inLanguage\":\"es-AR\",\"@id\":\"https:\/\/radioinfinitagoya.com.ar\/v1\/2025\/12\/09\/corrientes-consenso-nuevo-secretario-y-tenso-cruce-en-la-camara-de-diputados\/#primaryimage\",\"url\":\"https:\/\/radioinfinitagoya.com.ar\/v1\/wp-content\/uploads\/2025\/12\/1765295636213.webp\",\"contentUrl\":\"https:\/\/radioinfinitagoya.com.ar\/v1\/wp-content\/uploads\/2025\/12\/1765295636213.webp\",\"width\":1200,\"height\":675},{\"@type\":\"BreadcrumbList\",\"@id\":\"https:\/\/radioinfinitagoya.com.ar\/v1\/2025\/12\/09\/corrientes-consenso-nuevo-secretario-y-tenso-cruce-en-la-camara-de-diputados\/#breadcrumb\",\"itemListElement\":[{\"@type\":\"ListItem\",\"position\":1,\"name\":\"Inicio\",\"item\":\"https:\/\/radioinfinitagoya.com.ar\/v1\/\"},{\"@type\":\"ListItem\",\"position\":2,\"name\":\"Corrientes: consenso, nuevo secretario y tenso cruce en la C\u00e1mara de Diputados\"}]},{\"@type\":\"WebSite\",\"@id\":\"https:\/\/radioinfinitagoya.com.ar\/v1\/#website\",\"url\":\"https:\/\/radioinfinitagoya.com.ar\/v1\/\",\"name\":\"radioinfinitagoya.com.ar\",\"description\":\"Radio de noticias\",\"publisher\":{\"@id\":\"https:\/\/radioinfinitagoya.com.ar\/v1\/#organization\"},\"potentialAction\":[{\"@type\":\"SearchAction\",\"target\":{\"@type\":\"EntryPoint\",\"urlTemplate\":\"https:\/\/radioinfinitagoya.com.ar\/v1\/?s={search_term_string}\"},\"query-input\":{\"@type\":\"PropertyValueSpecification\",\"valueRequired\":true,\"valueName\":\"search_term_string\"}}],\"inLanguage\":\"es-AR\"},{\"@type\":\"Organization\",\"@id\":\"https:\/\/radioinfinitagoya.com.ar\/v1\/#organization\",\"name\":\"Radio Infinita Goya\",\"url\":\"https:\/\/radioinfinitagoya.com.ar\/v1\/\",\"logo\":{\"@type\":\"ImageObject\",\"inLanguage\":\"es-AR\",\"@id\":\"https:\/\/radioinfinitagoya.com.ar\/v1\/#\/schema\/logo\/image\/\",\"url\":\"https:\/\/radioinfinitagoya.com.ar\/v1\/wp-content\/uploads\/2019\/11\/logo-pie-web.png\",\"contentUrl\":\"https:\/\/radioinfinitagoya.com.ar\/v1\/wp-content\/uploads\/2019\/11\/logo-pie-web.png\",\"width\":635,\"height\":326,\"caption\":\"Radio Infinita Goya\"},\"image\":{\"@id\":\"https:\/\/radioinfinitagoya.com.ar\/v1\/#\/schema\/logo\/image\/\"},\"sameAs\":[\"https:\/\/www.facebook.com\/p\/Infinita-Goya-100063870918311\/\"]},{\"@type\":\"Person\",\"@id\":\"https:\/\/radioinfinitagoya.com.ar\/v1\/#\/schema\/person\/d4cf9c413d4f6edb24aabdccab49ca4a\",\"name\":\"Jorge Mi\u00f1o\",\"image\":{\"@type\":\"ImageObject\",\"inLanguage\":\"es-AR\",\"@id\":\"https:\/\/secure.gravatar.com\/avatar\/910fcf6728fe95320e07a6643c1581fec1c7fc4bf8ae12e3d8f0d0373dc844be?s=96&d=mm&r=g\",\"url\":\"https:\/\/secure.gravatar.com\/avatar\/910fcf6728fe95320e07a6643c1581fec1c7fc4bf8ae12e3d8f0d0373dc844be?s=96&d=mm&r=g\",\"contentUrl\":\"https:\/\/secure.gravatar.com\/avatar\/910fcf6728fe95320e07a6643c1581fec1c7fc4bf8ae12e3d8f0d0373dc844be?s=96&d=mm&r=g\",\"caption\":\"Jorge Mi\u00f1o\"},\"sameAs\":[\"http:\/\/radioinfinitagoya.com.ar\"]}]}<\/script>\n<!-- \/ Yoast SEO plugin. -->","yoast_head_json":{"title":"Corrientes: consenso, nuevo secretario y tenso cruce en la C\u00e1mara de Diputados - Radio Infinita Goya","description":"Una propuesta del oficialismo para cambiar autoridades administrativas fue rechazada por un sector opositor. Los cambios se definieron con amplia mayor\u00eda.","robots":{"index":"index","follow":"follow","max-snippet":"max-snippet:-1","max-image-preview":"max-image-preview:large","max-video-preview":"max-video-preview:-1"},"canonical":"https:\/\/radioinfinitagoya.com.ar\/v1\/2025\/12\/09\/corrientes-consenso-nuevo-secretario-y-tenso-cruce-en-la-camara-de-diputados\/","og_locale":"es_ES","og_type":"article","og_title":"Corrientes: consenso, nuevo secretario y tenso cruce en la C\u00e1mara de Diputados - Radio Infinita Goya","og_description":"Una propuesta del oficialismo para cambiar autoridades administrativas fue rechazada por un sector opositor. Los cambios se definieron con amplia mayor\u00eda.","og_url":"https:\/\/radioinfinitagoya.com.ar\/v1\/2025\/12\/09\/corrientes-consenso-nuevo-secretario-y-tenso-cruce-en-la-camara-de-diputados\/","og_site_name":"Radio Infinita Goya","article_publisher":"https:\/\/www.facebook.com\/p\/Infinita-Goya-100063870918311\/","article_published_time":"2025-12-09T18:44:06+00:00","og_image":[{"width":1200,"height":675,"url":"https:\/\/radioinfinitagoya.com.ar\/v1\/wp-content\/uploads\/2025\/12\/1765295636213.webp","type":"image\/webp"}],"author":"Jorge Mi\u00f1o","twitter_card":"summary_large_image","twitter_misc":{"Escrito por":"Jorge Mi\u00f1o","Tiempo de lectura":"3 minutos"},"schema":{"@context":"https:\/\/schema.org","@graph":[{"@type":"Article","@id":"https:\/\/radioinfinitagoya.com.ar\/v1\/2025\/12\/09\/corrientes-consenso-nuevo-secretario-y-tenso-cruce-en-la-camara-de-diputados\/#article","isPartOf":{"@id":"https:\/\/radioinfinitagoya.com.ar\/v1\/2025\/12\/09\/corrientes-consenso-nuevo-secretario-y-tenso-cruce-en-la-camara-de-diputados\/"},"author":{"name":"Jorge Mi\u00f1o","@id":"https:\/\/radioinfinitagoya.com.ar\/v1\/#\/schema\/person\/d4cf9c413d4f6edb24aabdccab49ca4a"},"headline":"Corrientes: consenso, nuevo secretario y tenso cruce en la C\u00e1mara de Diputados","datePublished":"2025-12-09T18:44:06+00:00","mainEntityOfPage":{"@id":"https:\/\/radioinfinitagoya.com.ar\/v1\/2025\/12\/09\/corrientes-consenso-nuevo-secretario-y-tenso-cruce-en-la-camara-de-diputados\/"},"wordCount":542,"publisher":{"@id":"https:\/\/radioinfinitagoya.com.ar\/v1\/#organization"},"image":{"@id":"https:\/\/radioinfinitagoya.com.ar\/v1\/2025\/12\/09\/corrientes-consenso-nuevo-secretario-y-tenso-cruce-en-la-camara-de-diputados\/#primaryimage"},"thumbnailUrl":"https:\/\/radioinfinitagoya.com.ar\/v1\/wp-content\/uploads\/2025\/12\/1765295636213.webp","articleSection":["PROVINCIALES"],"inLanguage":"es-AR"},{"@type":"WebPage","@id":"https:\/\/radioinfinitagoya.com.ar\/v1\/2025\/12\/09\/corrientes-consenso-nuevo-secretario-y-tenso-cruce-en-la-camara-de-diputados\/","url":"https:\/\/radioinfinitagoya.com.ar\/v1\/2025\/12\/09\/corrientes-consenso-nuevo-secretario-y-tenso-cruce-en-la-camara-de-diputados\/","name":"Corrientes: consenso, nuevo secretario y tenso cruce en la C\u00e1mara de Diputados - Radio Infinita Goya","isPartOf":{"@id":"https:\/\/radioinfinitagoya.com.ar\/v1\/#website"},"primaryImageOfPage":{"@id":"https:\/\/radioinfinitagoya.com.ar\/v1\/2025\/12\/09\/corrientes-consenso-nuevo-secretario-y-tenso-cruce-en-la-camara-de-diputados\/#primaryimage"},"image":{"@id":"https:\/\/radioinfinitagoya.com.ar\/v1\/2025\/12\/09\/corrientes-consenso-nuevo-secretario-y-tenso-cruce-en-la-camara-de-diputados\/#primaryimage"},"thumbnailUrl":"https:\/\/radioinfinitagoya.com.ar\/v1\/wp-content\/uploads\/2025\/12\/1765295636213.webp","datePublished":"2025-12-09T18:44:06+00:00","description":"Una propuesta del oficialismo para cambiar autoridades administrativas fue rechazada por un sector opositor. Los cambios se definieron con amplia mayor\u00eda.","breadcrumb":{"@id":"https:\/\/radioinfinitagoya.com.ar\/v1\/2025\/12\/09\/corrientes-consenso-nuevo-secretario-y-tenso-cruce-en-la-camara-de-diputados\/#breadcrumb"},"inLanguage":"es-AR","potentialAction":[{"@type":"ReadAction","target":["https:\/\/radioinfinitagoya.com.ar\/v1\/2025\/12\/09\/corrientes-consenso-nuevo-secretario-y-tenso-cruce-en-la-camara-de-diputados\/"]}]},{"@type":"ImageObject","inLanguage":"es-AR","@id":"https:\/\/radioinfinitagoya.com.ar\/v1\/2025\/12\/09\/corrientes-consenso-nuevo-secretario-y-tenso-cruce-en-la-camara-de-diputados\/#primaryimage","url":"https:\/\/radioinfinitagoya.com.ar\/v1\/wp-content\/uploads\/2025\/12\/1765295636213.webp","contentUrl":"https:\/\/radioinfinitagoya.com.ar\/v1\/wp-content\/uploads\/2025\/12\/1765295636213.webp","width":1200,"height":675},{"@type":"BreadcrumbList","@id":"https:\/\/radioinfinitagoya.com.ar\/v1\/2025\/12\/09\/corrientes-consenso-nuevo-secretario-y-tenso-cruce-en-la-camara-de-diputados\/#breadcrumb","itemListElement":[{"@type":"ListItem","position":1,"name":"Inicio","item":"https:\/\/radioinfinitagoya.com.ar\/v1\/"},{"@type":"ListItem","position":2,"name":"Corrientes: consenso, nuevo secretario y tenso cruce en la C\u00e1mara de Diputados"}]},{"@type":"WebSite","@id":"https:\/\/radioinfinitagoya.com.ar\/v1\/#website","url":"https:\/\/radioinfinitagoya.com.ar\/v1\/","name":"radioinfinitagoya.com.ar","description":"Radio de noticias","publisher":{"@id":"https:\/\/radioinfinitagoya.com.ar\/v1\/#organization"},"potentialAction":[{"@type":"SearchAction","target":{"@type":"EntryPoint","urlTemplate":"https:\/\/radioinfinitagoya.com.ar\/v1\/?s={search_term_string}"},"query-input":{"@type":"PropertyValueSpecification","valueRequired":true,"valueName":"search_term_string"}}],"inLanguage":"es-AR"},{"@type":"Organization","@id":"https:\/\/radioinfinitagoya.com.ar\/v1\/#organization","name":"Radio Infinita Goya","url":"https:\/\/radioinfinitagoya.com.ar\/v1\/","logo":{"@type":"ImageObject","inLanguage":"es-AR","@id":"https:\/\/radioinfinitagoya.com.ar\/v1\/#\/schema\/logo\/image\/","url":"https:\/\/radioinfinitagoya.com.ar\/v1\/wp-content\/uploads\/2019\/11\/logo-pie-web.png","contentUrl":"https:\/\/radioinfinitagoya.com.ar\/v1\/wp-content\/uploads\/2019\/11\/logo-pie-web.png","width":635,"height":326,"caption":"Radio Infinita Goya"},"image":{"@id":"https:\/\/radioinfinitagoya.com.ar\/v1\/#\/schema\/logo\/image\/"},"sameAs":["https:\/\/www.facebook.com\/p\/Infinita-Goya-100063870918311\/"]},{"@type":"Person","@id":"https:\/\/radioinfinitagoya.com.ar\/v1\/#\/schema\/person\/d4cf9c413d4f6edb24aabdccab49ca4a","name":"Jorge Mi\u00f1o","image":{"@type":"ImageObject","inLanguage":"es-AR","@id":"https:\/\/secure.gravatar.com\/avatar\/910fcf6728fe95320e07a6643c1581fec1c7fc4bf8ae12e3d8f0d0373dc844be?s=96&d=mm&r=g","url":"https:\/\/secure.gravatar.com\/avatar\/910fcf6728fe95320e07a6643c1581fec1c7fc4bf8ae12e3d8f0d0373dc844be?s=96&d=mm&r=g","contentUrl":"https:\/\/secure.gravatar.com\/avatar\/910fcf6728fe95320e07a6643c1581fec1c7fc4bf8ae12e3d8f0d0373dc844be?s=96&d=mm&r=g","caption":"Jorge Mi\u00f1o"},"sameAs":["http:\/\/radioinfinitagoya.com.ar"]}]}},"_links":{"self":[{"href":"https:\/\/radioinfinitagoya.com.ar\/v1\/wp-json\/wp\/v2\/posts\/200816","targetHints":{"allow":["GET"]}}],"collection":[{"href":"https:\/\/radioinfinitagoya.com.ar\/v1\/wp-json\/wp\/v2\/posts"}],"about":[{"href":"https:\/\/radioinfinitagoya.com.ar\/v1\/wp-json\/wp\/v2\/types\/post"}],"author":[{"embeddable":true,"href":"https:\/\/radioinfinitagoya.com.ar\/v1\/wp-json\/wp\/v2\/users\/4"}],"replies":[{"embeddable":true,"href":"https:\/\/radioinfinitagoya.com.ar\/v1\/wp-json\/wp\/v2\/comments?post=200816"}],"version-history":[{"count":0,"href":"https:\/\/radioinfinitagoya.com.ar\/v1\/wp-json\/wp\/v2\/posts\/200816\/revisions"}],"wp:featuredmedia":[{"embeddable":true,"href":"https:\/\/radioinfinitagoya.com.ar\/v1\/wp-json\/wp\/v2\/media\/200817"}],"wp:attachment":[{"href":"https:\/\/radioinfinitagoya.com.ar\/v1\/wp-json\/wp\/v2\/media?parent=200816"}],"wp:term":[{"taxonomy":"category","embeddable":true,"href":"https:\/\/radioinfinitagoya.com.ar\/v1\/wp-json\/wp\/v2\/categories?post=200816"},{"taxonomy":"post_tag","embeddable":true,"href":"https:\/\/radioinfinitagoya.com.ar\/v1\/wp-json\/wp\/v2\/tags?post=200816"}],"curies":[{"name":"wp","href":"https:\/\/api.w.org\/{rel}","templated":true}]}}