{"id":200819,"date":"2025-12-09T15:49:26","date_gmt":"2025-12-09T18:49:26","guid":{"rendered":"https:\/\/radioinfinitagoya.com.ar\/v1\/?p=200819"},"modified":"2025-12-09T15:49:26","modified_gmt":"2025-12-09T18:49:26","slug":"pago-del-plus-de-refuerzo-en-corrientes-como-es-el-cronograma-de-diciembre","status":"publish","type":"post","link":"https:\/\/radioinfinitagoya.com.ar\/v1\/2025\/12\/09\/pago-del-plus-de-refuerzo-en-corrientes-como-es-el-cronograma-de-diciembre\/","title":{"rendered":"Pago del Plus de Refuerzo en Corrientes: c\u00f3mo es el cronograma de diciembre"},"content":{"rendered":"<p>El Gobierno provincial inform\u00f3 el beneficio de diciembre para empleados activos, jubilados y pensionados de la administraci\u00f3n p\u00fablica.<\/p>\n<p>El gobernador de Corrientes, Gustavo Vald\u00e9s, confirm\u00f3 el cronograma de pago del Plus de Refuerzo correspondiente a diciembre, un adicional de $100 mil que integra el Ingreso Salarial Mensual. El beneficio alcanza a los agentes activos, jubilados y pensionados de la administraci\u00f3n p\u00fablica provincial.<\/p>\n<p>El calendario de pagos es el siguiente:<\/p>\n<p>Mi\u00e9rcoles 10 de diciembre: DNI terminados en 0 y 1<\/p>\n<p>Jueves 11 de diciembre: DNI terminados en 2 y 3<\/p>\n<p>Viernes 12 de diciembre: DNI terminados en 4 y 5<\/p>\n<p>S\u00e1bado 13 de diciembre: Inicio de disponibilidad en cajeros autom\u00e1ticos y homebanking para el tramo final<\/p>\n<p>Lunes 15 de diciembre: DNI terminados en 6, 7, 8 y 9<\/p>\n<p>La Provincia destinar\u00e1 m\u00e1s de $8.900 millones al mercado local para cubrir este pago. Adem\u00e1s, se suman $9.335 millones correspondientes al Plus Unificado, por lo que el desembolso total en diciembre superar\u00e1 los $18.235 millones.<\/p>\n<p><img loading=\"lazy\" decoding=\"async\" class=\"alignnone size-full wp-image-200820\" src=\"https:\/\/radioinfinitagoya.com.ar\/v1\/wp-content\/uploads\/2025\/12\/5a0bf1fa-cd26-4a4d-b347-c8a7e76c2d2d.jpg\" alt=\"\" width=\"1206\" height=\"840\" srcset=\"https:\/\/radioinfinitagoya.com.ar\/v1\/wp-content\/uploads\/2025\/12\/5a0bf1fa-cd26-4a4d-b347-c8a7e76c2d2d.jpg 1206w, https:\/\/radioinfinitagoya.com.ar\/v1\/wp-content\/uploads\/2025\/12\/5a0bf1fa-cd26-4a4d-b347-c8a7e76c2d2d-603x420.jpg 603w, https:\/\/radioinfinitagoya.com.ar\/v1\/wp-content\/uploads\/2025\/12\/5a0bf1fa-cd26-4a4d-b347-c8a7e76c2d2d-696x485.jpg 696w, https:\/\/radioinfinitagoya.com.ar\/v1\/wp-content\/uploads\/2025\/12\/5a0bf1fa-cd26-4a4d-b347-c8a7e76c2d2d-1068x744.jpg 1068w, https:\/\/radioinfinitagoya.com.ar\/v1\/wp-content\/uploads\/2025\/12\/5a0bf1fa-cd26-4a4d-b347-c8a7e76c2d2d-100x70.jpg 100w\" sizes=\"auto, (max-width: 1206px) 100vw, 1206px\" \/><\/p>\n<p>&nbsp;<\/p>\n<p>&nbsp;<\/p>\n","protected":false},"excerpt":{"rendered":"<p>El Gobierno provincial inform\u00f3 el beneficio de diciembre para empleados activos, jubilados y pensionados de la administraci\u00f3n p\u00fablica. El gobernador de Corrientes, Gustavo Vald\u00e9s, confirm\u00f3 el cronograma de pago del Plus de Refuerzo correspondiente a diciembre, un adicional de $100 mil que integra el Ingreso Salarial Mensual. El beneficio alcanza a los agentes activos, jubilados [&hellip;]<\/p>\n","protected":false},"author":4,"featured_media":200821,"comment_status":"closed","ping_status":"closed","sticky":false,"template":"","format":"standard","meta":{"_joinchat":[],"footnotes":""},"categories":[26],"tags":[],"class_list":{"0":"post-200819","1":"post","2":"type-post","3":"status-publish","4":"format-standard","5":"has-post-thumbnail","7":"category-provinciales"},"yoast_head":"<!-- This site is optimized with the Yoast SEO plugin v27.2 - https:\/\/yoast.com\/product\/yoast-seo-wordpress\/ -->\n<title>Pago del Plus de Refuerzo en Corrientes: c\u00f3mo es el cronograma de diciembre - Radio Infinita Goya<\/title>\n<meta name=\"description\" content=\"El Gobierno provincial inform\u00f3 el beneficio de diciembre para empleados activos, jubilados y pensionados de la administraci\u00f3n p\u00fablica. El gobernador de\" \/>\n<meta name=\"robots\" content=\"index, follow, max-snippet:-1, max-image-preview:large, max-video-preview:-1\" \/>\n<link rel=\"canonical\" href=\"https:\/\/radioinfinitagoya.com.ar\/v1\/2025\/12\/09\/pago-del-plus-de-refuerzo-en-corrientes-como-es-el-cronograma-de-diciembre\/\" \/>\n<meta property=\"og:locale\" content=\"es_ES\" \/>\n<meta property=\"og:type\" content=\"article\" \/>\n<meta property=\"og:title\" content=\"Pago del Plus de Refuerzo en Corrientes: c\u00f3mo es el cronograma de diciembre - Radio Infinita Goya\" \/>\n<meta property=\"og:description\" content=\"El Gobierno provincial inform\u00f3 el beneficio de diciembre para empleados activos, jubilados y pensionados de la administraci\u00f3n p\u00fablica. El gobernador de\" \/>\n<meta property=\"og:url\" content=\"https:\/\/radioinfinitagoya.com.ar\/v1\/2025\/12\/09\/pago-del-plus-de-refuerzo-en-corrientes-como-es-el-cronograma-de-diciembre\/\" \/>\n<meta property=\"og:site_name\" content=\"Radio Infinita Goya\" \/>\n<meta property=\"article:publisher\" content=\"https:\/\/www.facebook.com\/p\/Infinita-Goya-100063870918311\/\" \/>\n<meta property=\"article:published_time\" content=\"2025-12-09T18:49:26+00:00\" \/>\n<meta property=\"og:image\" content=\"https:\/\/radioinfinitagoya.com.ar\/v1\/wp-content\/uploads\/2025\/12\/MDSCTqLP.jpg\" \/>\n\t<meta property=\"og:image:width\" content=\"680\" \/>\n\t<meta property=\"og:image:height\" content=\"357\" \/>\n\t<meta property=\"og:image:type\" content=\"image\/jpeg\" \/>\n<meta name=\"author\" content=\"Jorge Mi\u00f1o\" \/>\n<meta name=\"twitter:card\" content=\"summary_large_image\" \/>\n<meta name=\"twitter:label1\" content=\"Escrito por\" \/>\n\t<meta name=\"twitter:data1\" content=\"Jorge Mi\u00f1o\" \/>\n\t<meta name=\"twitter:label2\" content=\"Tiempo de lectura\" \/>\n\t<meta name=\"twitter:data2\" content=\"2 minutos\" \/>\n<script type=\"application\/ld+json\" class=\"yoast-schema-graph\">{\"@context\":\"https:\/\/schema.org\",\"@graph\":[{\"@type\":\"Article\",\"@id\":\"https:\/\/radioinfinitagoya.com.ar\/v1\/2025\/12\/09\/pago-del-plus-de-refuerzo-en-corrientes-como-es-el-cronograma-de-diciembre\/#article\",\"isPartOf\":{\"@id\":\"https:\/\/radioinfinitagoya.com.ar\/v1\/2025\/12\/09\/pago-del-plus-de-refuerzo-en-corrientes-como-es-el-cronograma-de-diciembre\/\"},\"author\":{\"name\":\"Jorge Mi\u00f1o\",\"@id\":\"https:\/\/radioinfinitagoya.com.ar\/v1\/#\/schema\/person\/d4cf9c413d4f6edb24aabdccab49ca4a\"},\"headline\":\"Pago del Plus de Refuerzo en Corrientes: c\u00f3mo es el cronograma de diciembre\",\"datePublished\":\"2025-12-09T18:49:26+00:00\",\"mainEntityOfPage\":{\"@id\":\"https:\/\/radioinfinitagoya.com.ar\/v1\/2025\/12\/09\/pago-del-plus-de-refuerzo-en-corrientes-como-es-el-cronograma-de-diciembre\/\"},\"wordCount\":169,\"publisher\":{\"@id\":\"https:\/\/radioinfinitagoya.com.ar\/v1\/#organization\"},\"image\":{\"@id\":\"https:\/\/radioinfinitagoya.com.ar\/v1\/2025\/12\/09\/pago-del-plus-de-refuerzo-en-corrientes-como-es-el-cronograma-de-diciembre\/#primaryimage\"},\"thumbnailUrl\":\"https:\/\/radioinfinitagoya.com.ar\/v1\/wp-content\/uploads\/2025\/12\/MDSCTqLP.jpg\",\"articleSection\":[\"PROVINCIALES\"],\"inLanguage\":\"es-AR\"},{\"@type\":\"WebPage\",\"@id\":\"https:\/\/radioinfinitagoya.com.ar\/v1\/2025\/12\/09\/pago-del-plus-de-refuerzo-en-corrientes-como-es-el-cronograma-de-diciembre\/\",\"url\":\"https:\/\/radioinfinitagoya.com.ar\/v1\/2025\/12\/09\/pago-del-plus-de-refuerzo-en-corrientes-como-es-el-cronograma-de-diciembre\/\",\"name\":\"Pago del Plus de Refuerzo en Corrientes: c\u00f3mo es el cronograma de diciembre - Radio Infinita Goya\",\"isPartOf\":{\"@id\":\"https:\/\/radioinfinitagoya.com.ar\/v1\/#website\"},\"primaryImageOfPage\":{\"@id\":\"https:\/\/radioinfinitagoya.com.ar\/v1\/2025\/12\/09\/pago-del-plus-de-refuerzo-en-corrientes-como-es-el-cronograma-de-diciembre\/#primaryimage\"},\"image\":{\"@id\":\"https:\/\/radioinfinitagoya.com.ar\/v1\/2025\/12\/09\/pago-del-plus-de-refuerzo-en-corrientes-como-es-el-cronograma-de-diciembre\/#primaryimage\"},\"thumbnailUrl\":\"https:\/\/radioinfinitagoya.com.ar\/v1\/wp-content\/uploads\/2025\/12\/MDSCTqLP.jpg\",\"datePublished\":\"2025-12-09T18:49:26+00:00\",\"description\":\"El Gobierno provincial inform\u00f3 el beneficio de diciembre para empleados activos, jubilados y pensionados de la administraci\u00f3n p\u00fablica. El gobernador de\",\"breadcrumb\":{\"@id\":\"https:\/\/radioinfinitagoya.com.ar\/v1\/2025\/12\/09\/pago-del-plus-de-refuerzo-en-corrientes-como-es-el-cronograma-de-diciembre\/#breadcrumb\"},\"inLanguage\":\"es-AR\",\"potentialAction\":[{\"@type\":\"ReadAction\",\"target\":[\"https:\/\/radioinfinitagoya.com.ar\/v1\/2025\/12\/09\/pago-del-plus-de-refuerzo-en-corrientes-como-es-el-cronograma-de-diciembre\/\"]}]},{\"@type\":\"ImageObject\",\"inLanguage\":\"es-AR\",\"@id\":\"https:\/\/radioinfinitagoya.com.ar\/v1\/2025\/12\/09\/pago-del-plus-de-refuerzo-en-corrientes-como-es-el-cronograma-de-diciembre\/#primaryimage\",\"url\":\"https:\/\/radioinfinitagoya.com.ar\/v1\/wp-content\/uploads\/2025\/12\/MDSCTqLP.jpg\",\"contentUrl\":\"https:\/\/radioinfinitagoya.com.ar\/v1\/wp-content\/uploads\/2025\/12\/MDSCTqLP.jpg\",\"width\":680,\"height\":357},{\"@type\":\"BreadcrumbList\",\"@id\":\"https:\/\/radioinfinitagoya.com.ar\/v1\/2025\/12\/09\/pago-del-plus-de-refuerzo-en-corrientes-como-es-el-cronograma-de-diciembre\/#breadcrumb\",\"itemListElement\":[{\"@type\":\"ListItem\",\"position\":1,\"name\":\"Inicio\",\"item\":\"https:\/\/radioinfinitagoya.com.ar\/v1\/\"},{\"@type\":\"ListItem\",\"position\":2,\"name\":\"Pago del Plus de Refuerzo en Corrientes: c\u00f3mo es el cronograma de diciembre\"}]},{\"@type\":\"WebSite\",\"@id\":\"https:\/\/radioinfinitagoya.com.ar\/v1\/#website\",\"url\":\"https:\/\/radioinfinitagoya.com.ar\/v1\/\",\"name\":\"radioinfinitagoya.com.ar\",\"description\":\"Radio de noticias\",\"publisher\":{\"@id\":\"https:\/\/radioinfinitagoya.com.ar\/v1\/#organization\"},\"potentialAction\":[{\"@type\":\"SearchAction\",\"target\":{\"@type\":\"EntryPoint\",\"urlTemplate\":\"https:\/\/radioinfinitagoya.com.ar\/v1\/?s={search_term_string}\"},\"query-input\":{\"@type\":\"PropertyValueSpecification\",\"valueRequired\":true,\"valueName\":\"search_term_string\"}}],\"inLanguage\":\"es-AR\"},{\"@type\":\"Organization\",\"@id\":\"https:\/\/radioinfinitagoya.com.ar\/v1\/#organization\",\"name\":\"Radio Infinita Goya\",\"url\":\"https:\/\/radioinfinitagoya.com.ar\/v1\/\",\"logo\":{\"@type\":\"ImageObject\",\"inLanguage\":\"es-AR\",\"@id\":\"https:\/\/radioinfinitagoya.com.ar\/v1\/#\/schema\/logo\/image\/\",\"url\":\"https:\/\/radioinfinitagoya.com.ar\/v1\/wp-content\/uploads\/2019\/11\/logo-pie-web.png\",\"contentUrl\":\"https:\/\/radioinfinitagoya.com.ar\/v1\/wp-content\/uploads\/2019\/11\/logo-pie-web.png\",\"width\":635,\"height\":326,\"caption\":\"Radio Infinita Goya\"},\"image\":{\"@id\":\"https:\/\/radioinfinitagoya.com.ar\/v1\/#\/schema\/logo\/image\/\"},\"sameAs\":[\"https:\/\/www.facebook.com\/p\/Infinita-Goya-100063870918311\/\"]},{\"@type\":\"Person\",\"@id\":\"https:\/\/radioinfinitagoya.com.ar\/v1\/#\/schema\/person\/d4cf9c413d4f6edb24aabdccab49ca4a\",\"name\":\"Jorge Mi\u00f1o\",\"image\":{\"@type\":\"ImageObject\",\"inLanguage\":\"es-AR\",\"@id\":\"https:\/\/secure.gravatar.com\/avatar\/910fcf6728fe95320e07a6643c1581fec1c7fc4bf8ae12e3d8f0d0373dc844be?s=96&d=mm&r=g\",\"url\":\"https:\/\/secure.gravatar.com\/avatar\/910fcf6728fe95320e07a6643c1581fec1c7fc4bf8ae12e3d8f0d0373dc844be?s=96&d=mm&r=g\",\"contentUrl\":\"https:\/\/secure.gravatar.com\/avatar\/910fcf6728fe95320e07a6643c1581fec1c7fc4bf8ae12e3d8f0d0373dc844be?s=96&d=mm&r=g\",\"caption\":\"Jorge Mi\u00f1o\"},\"sameAs\":[\"http:\/\/radioinfinitagoya.com.ar\"]}]}<\/script>\n<!-- \/ Yoast SEO plugin. -->","yoast_head_json":{"title":"Pago del Plus de Refuerzo en Corrientes: c\u00f3mo es el cronograma de diciembre - Radio Infinita Goya","description":"El Gobierno provincial inform\u00f3 el beneficio de diciembre para empleados activos, jubilados y pensionados de la administraci\u00f3n p\u00fablica. El gobernador de","robots":{"index":"index","follow":"follow","max-snippet":"max-snippet:-1","max-image-preview":"max-image-preview:large","max-video-preview":"max-video-preview:-1"},"canonical":"https:\/\/radioinfinitagoya.com.ar\/v1\/2025\/12\/09\/pago-del-plus-de-refuerzo-en-corrientes-como-es-el-cronograma-de-diciembre\/","og_locale":"es_ES","og_type":"article","og_title":"Pago del Plus de Refuerzo en Corrientes: c\u00f3mo es el cronograma de diciembre - Radio Infinita Goya","og_description":"El Gobierno provincial inform\u00f3 el beneficio de diciembre para empleados activos, jubilados y pensionados de la administraci\u00f3n p\u00fablica. El gobernador de","og_url":"https:\/\/radioinfinitagoya.com.ar\/v1\/2025\/12\/09\/pago-del-plus-de-refuerzo-en-corrientes-como-es-el-cronograma-de-diciembre\/","og_site_name":"Radio Infinita Goya","article_publisher":"https:\/\/www.facebook.com\/p\/Infinita-Goya-100063870918311\/","article_published_time":"2025-12-09T18:49:26+00:00","og_image":[{"width":680,"height":357,"url":"https:\/\/radioinfinitagoya.com.ar\/v1\/wp-content\/uploads\/2025\/12\/MDSCTqLP.jpg","type":"image\/jpeg"}],"author":"Jorge Mi\u00f1o","twitter_card":"summary_large_image","twitter_misc":{"Escrito por":"Jorge Mi\u00f1o","Tiempo de lectura":"2 minutos"},"schema":{"@context":"https:\/\/schema.org","@graph":[{"@type":"Article","@id":"https:\/\/radioinfinitagoya.com.ar\/v1\/2025\/12\/09\/pago-del-plus-de-refuerzo-en-corrientes-como-es-el-cronograma-de-diciembre\/#article","isPartOf":{"@id":"https:\/\/radioinfinitagoya.com.ar\/v1\/2025\/12\/09\/pago-del-plus-de-refuerzo-en-corrientes-como-es-el-cronograma-de-diciembre\/"},"author":{"name":"Jorge Mi\u00f1o","@id":"https:\/\/radioinfinitagoya.com.ar\/v1\/#\/schema\/person\/d4cf9c413d4f6edb24aabdccab49ca4a"},"headline":"Pago del Plus de Refuerzo en Corrientes: c\u00f3mo es el cronograma de diciembre","datePublished":"2025-12-09T18:49:26+00:00","mainEntityOfPage":{"@id":"https:\/\/radioinfinitagoya.com.ar\/v1\/2025\/12\/09\/pago-del-plus-de-refuerzo-en-corrientes-como-es-el-cronograma-de-diciembre\/"},"wordCount":169,"publisher":{"@id":"https:\/\/radioinfinitagoya.com.ar\/v1\/#organization"},"image":{"@id":"https:\/\/radioinfinitagoya.com.ar\/v1\/2025\/12\/09\/pago-del-plus-de-refuerzo-en-corrientes-como-es-el-cronograma-de-diciembre\/#primaryimage"},"thumbnailUrl":"https:\/\/radioinfinitagoya.com.ar\/v1\/wp-content\/uploads\/2025\/12\/MDSCTqLP.jpg","articleSection":["PROVINCIALES"],"inLanguage":"es-AR"},{"@type":"WebPage","@id":"https:\/\/radioinfinitagoya.com.ar\/v1\/2025\/12\/09\/pago-del-plus-de-refuerzo-en-corrientes-como-es-el-cronograma-de-diciembre\/","url":"https:\/\/radioinfinitagoya.com.ar\/v1\/2025\/12\/09\/pago-del-plus-de-refuerzo-en-corrientes-como-es-el-cronograma-de-diciembre\/","name":"Pago del Plus de Refuerzo en Corrientes: c\u00f3mo es el cronograma de diciembre - Radio Infinita Goya","isPartOf":{"@id":"https:\/\/radioinfinitagoya.com.ar\/v1\/#website"},"primaryImageOfPage":{"@id":"https:\/\/radioinfinitagoya.com.ar\/v1\/2025\/12\/09\/pago-del-plus-de-refuerzo-en-corrientes-como-es-el-cronograma-de-diciembre\/#primaryimage"},"image":{"@id":"https:\/\/radioinfinitagoya.com.ar\/v1\/2025\/12\/09\/pago-del-plus-de-refuerzo-en-corrientes-como-es-el-cronograma-de-diciembre\/#primaryimage"},"thumbnailUrl":"https:\/\/radioinfinitagoya.com.ar\/v1\/wp-content\/uploads\/2025\/12\/MDSCTqLP.jpg","datePublished":"2025-12-09T18:49:26+00:00","description":"El Gobierno provincial inform\u00f3 el beneficio de diciembre para empleados activos, jubilados y pensionados de la administraci\u00f3n p\u00fablica. El gobernador de","breadcrumb":{"@id":"https:\/\/radioinfinitagoya.com.ar\/v1\/2025\/12\/09\/pago-del-plus-de-refuerzo-en-corrientes-como-es-el-cronograma-de-diciembre\/#breadcrumb"},"inLanguage":"es-AR","potentialAction":[{"@type":"ReadAction","target":["https:\/\/radioinfinitagoya.com.ar\/v1\/2025\/12\/09\/pago-del-plus-de-refuerzo-en-corrientes-como-es-el-cronograma-de-diciembre\/"]}]},{"@type":"ImageObject","inLanguage":"es-AR","@id":"https:\/\/radioinfinitagoya.com.ar\/v1\/2025\/12\/09\/pago-del-plus-de-refuerzo-en-corrientes-como-es-el-cronograma-de-diciembre\/#primaryimage","url":"https:\/\/radioinfinitagoya.com.ar\/v1\/wp-content\/uploads\/2025\/12\/MDSCTqLP.jpg","contentUrl":"https:\/\/radioinfinitagoya.com.ar\/v1\/wp-content\/uploads\/2025\/12\/MDSCTqLP.jpg","width":680,"height":357},{"@type":"BreadcrumbList","@id":"https:\/\/radioinfinitagoya.com.ar\/v1\/2025\/12\/09\/pago-del-plus-de-refuerzo-en-corrientes-como-es-el-cronograma-de-diciembre\/#breadcrumb","itemListElement":[{"@type":"ListItem","position":1,"name":"Inicio","item":"https:\/\/radioinfinitagoya.com.ar\/v1\/"},{"@type":"ListItem","position":2,"name":"Pago del Plus de Refuerzo en Corrientes: c\u00f3mo es el cronograma de diciembre"}]},{"@type":"WebSite","@id":"https:\/\/radioinfinitagoya.com.ar\/v1\/#website","url":"https:\/\/radioinfinitagoya.com.ar\/v1\/","name":"radioinfinitagoya.com.ar","description":"Radio de noticias","publisher":{"@id":"https:\/\/radioinfinitagoya.com.ar\/v1\/#organization"},"potentialAction":[{"@type":"SearchAction","target":{"@type":"EntryPoint","urlTemplate":"https:\/\/radioinfinitagoya.com.ar\/v1\/?s={search_term_string}"},"query-input":{"@type":"PropertyValueSpecification","valueRequired":true,"valueName":"search_term_string"}}],"inLanguage":"es-AR"},{"@type":"Organization","@id":"https:\/\/radioinfinitagoya.com.ar\/v1\/#organization","name":"Radio Infinita Goya","url":"https:\/\/radioinfinitagoya.com.ar\/v1\/","logo":{"@type":"ImageObject","inLanguage":"es-AR","@id":"https:\/\/radioinfinitagoya.com.ar\/v1\/#\/schema\/logo\/image\/","url":"https:\/\/radioinfinitagoya.com.ar\/v1\/wp-content\/uploads\/2019\/11\/logo-pie-web.png","contentUrl":"https:\/\/radioinfinitagoya.com.ar\/v1\/wp-content\/uploads\/2019\/11\/logo-pie-web.png","width":635,"height":326,"caption":"Radio Infinita Goya"},"image":{"@id":"https:\/\/radioinfinitagoya.com.ar\/v1\/#\/schema\/logo\/image\/"},"sameAs":["https:\/\/www.facebook.com\/p\/Infinita-Goya-100063870918311\/"]},{"@type":"Person","@id":"https:\/\/radioinfinitagoya.com.ar\/v1\/#\/schema\/person\/d4cf9c413d4f6edb24aabdccab49ca4a","name":"Jorge Mi\u00f1o","image":{"@type":"ImageObject","inLanguage":"es-AR","@id":"https:\/\/secure.gravatar.com\/avatar\/910fcf6728fe95320e07a6643c1581fec1c7fc4bf8ae12e3d8f0d0373dc844be?s=96&d=mm&r=g","url":"https:\/\/secure.gravatar.com\/avatar\/910fcf6728fe95320e07a6643c1581fec1c7fc4bf8ae12e3d8f0d0373dc844be?s=96&d=mm&r=g","contentUrl":"https:\/\/secure.gravatar.com\/avatar\/910fcf6728fe95320e07a6643c1581fec1c7fc4bf8ae12e3d8f0d0373dc844be?s=96&d=mm&r=g","caption":"Jorge Mi\u00f1o"},"sameAs":["http:\/\/radioinfinitagoya.com.ar"]}]}},"_links":{"self":[{"href":"https:\/\/radioinfinitagoya.com.ar\/v1\/wp-json\/wp\/v2\/posts\/200819","targetHints":{"allow":["GET"]}}],"collection":[{"href":"https:\/\/radioinfinitagoya.com.ar\/v1\/wp-json\/wp\/v2\/posts"}],"about":[{"href":"https:\/\/radioinfinitagoya.com.ar\/v1\/wp-json\/wp\/v2\/types\/post"}],"author":[{"embeddable":true,"href":"https:\/\/radioinfinitagoya.com.ar\/v1\/wp-json\/wp\/v2\/users\/4"}],"replies":[{"embeddable":true,"href":"https:\/\/radioinfinitagoya.com.ar\/v1\/wp-json\/wp\/v2\/comments?post=200819"}],"version-history":[{"count":0,"href":"https:\/\/radioinfinitagoya.com.ar\/v1\/wp-json\/wp\/v2\/posts\/200819\/revisions"}],"wp:featuredmedia":[{"embeddable":true,"href":"https:\/\/radioinfinitagoya.com.ar\/v1\/wp-json\/wp\/v2\/media\/200821"}],"wp:attachment":[{"href":"https:\/\/radioinfinitagoya.com.ar\/v1\/wp-json\/wp\/v2\/media?parent=200819"}],"wp:term":[{"taxonomy":"category","embeddable":true,"href":"https:\/\/radioinfinitagoya.com.ar\/v1\/wp-json\/wp\/v2\/categories?post=200819"},{"taxonomy":"post_tag","embeddable":true,"href":"https:\/\/radioinfinitagoya.com.ar\/v1\/wp-json\/wp\/v2\/tags?post=200819"}],"curies":[{"name":"wp","href":"https:\/\/api.w.org\/{rel}","templated":true}]}}