{"id":200823,"date":"2025-12-09T15:52:45","date_gmt":"2025-12-09T18:52:45","guid":{"rendered":"https:\/\/radioinfinitagoya.com.ar\/v1\/?p=200823"},"modified":"2025-12-09T15:52:45","modified_gmt":"2025-12-09T18:52:45","slug":"merendero-correntino-lanzo-una-campana-para-recaudar-pan-dulces-y-juguetes","status":"publish","type":"post","link":"https:\/\/radioinfinitagoya.com.ar\/v1\/2025\/12\/09\/merendero-correntino-lanzo-una-campana-para-recaudar-pan-dulces-y-juguetes\/","title":{"rendered":"Merendero correntino lanz\u00f3 una campa\u00f1a para recaudar pan dulces y juguetes"},"content":{"rendered":"<p>El comedor donde casi 100 ni\u00f1os y adultos meriendan diariamente impulsa una campa\u00f1a solidaria para estas fiestas.<\/p>\n<p>El merendero \u201cPancita Llena\u201d de Corrientes, que trabaja acompa\u00f1ando a familias en situaci\u00f3n de vulnerabilidad, lanz\u00f3 una campa\u00f1a solidaria con miras a las pr\u00f3ximas fiestas. El objetivo es reunir budines, pan dulces y juguetes para celebrar la Navidad junto a los ni\u00f1os y ni\u00f1as que asisten al espacio.<\/p>\n<p><img loading=\"lazy\" decoding=\"async\" class=\"alignnone size-full wp-image-200825\" src=\"https:\/\/radioinfinitagoya.com.ar\/v1\/wp-content\/uploads\/2025\/12\/1765298710255.webp\" alt=\"\" width=\"1200\" height=\"675\" srcset=\"https:\/\/radioinfinitagoya.com.ar\/v1\/wp-content\/uploads\/2025\/12\/1765298710255.webp 1200w, https:\/\/radioinfinitagoya.com.ar\/v1\/wp-content\/uploads\/2025\/12\/1765298710255-747x420.webp 747w, https:\/\/radioinfinitagoya.com.ar\/v1\/wp-content\/uploads\/2025\/12\/1765298710255-696x392.webp 696w, https:\/\/radioinfinitagoya.com.ar\/v1\/wp-content\/uploads\/2025\/12\/1765298710255-1068x601.webp 1068w\" sizes=\"auto, (max-width: 1200px) 100vw, 1200px\" \/><\/p>\n<p>Desde la organizaci\u00f3n, explicaron que cualquier aporte, por peque\u00f1o que sea, contribuye a llevar alegr\u00eda en una fecha muy especial para cientos de familias.<\/p>\n<p>Convocatoria a la comunidad correntina<br \/>\nEmilce, referente del merendero, se\u00f1al\u00f3 que la tarea comunitaria se viene intensificando ante la creciente demanda. \u201cCon cualquier cosita ya ayudan a hacer felices a otros en estas fechas\u201d, expres\u00f3.<\/p>\n<p>La campa\u00f1a ya comenz\u00f3 y el merendero invita a todos los correntinos a participar. La meta es que m\u00e1s ni\u00f1os y ni\u00f1as puedan recibir un gesto de amor en Navidad.<\/p>\n<p>Quienes deseen colaborar pueden comunicarse al n\u00famero 3794 007447, que se encuentra habilitado para coordinar las donaciones.<\/p>\n","protected":false},"excerpt":{"rendered":"<p>El comedor donde casi 100 ni\u00f1os y adultos meriendan diariamente impulsa una campa\u00f1a solidaria para estas fiestas. El merendero \u201cPancita Llena\u201d de Corrientes, que trabaja acompa\u00f1ando a familias en situaci\u00f3n de vulnerabilidad, lanz\u00f3 una campa\u00f1a solidaria con miras a las pr\u00f3ximas fiestas. El objetivo es reunir budines, pan dulces y juguetes para celebrar la Navidad [&hellip;]<\/p>\n","protected":false},"author":4,"featured_media":200824,"comment_status":"closed","ping_status":"closed","sticky":false,"template":"","format":"standard","meta":{"_joinchat":[],"footnotes":""},"categories":[26],"tags":[],"class_list":{"0":"post-200823","1":"post","2":"type-post","3":"status-publish","4":"format-standard","5":"has-post-thumbnail","7":"category-provinciales"},"yoast_head":"<!-- This site is optimized with the Yoast SEO plugin v27.2 - https:\/\/yoast.com\/product\/yoast-seo-wordpress\/ -->\n<title>Merendero correntino lanz\u00f3 una campa\u00f1a para recaudar pan dulces y juguetes - Radio Infinita Goya<\/title>\n<meta name=\"description\" content=\"El comedor donde casi 100 ni\u00f1os y adultos meriendan diariamente impulsa una campa\u00f1a solidaria para estas fiestas. El merendero \u201cPancita Llena\u201d de\" \/>\n<meta name=\"robots\" content=\"index, follow, max-snippet:-1, max-image-preview:large, max-video-preview:-1\" \/>\n<link rel=\"canonical\" href=\"https:\/\/radioinfinitagoya.com.ar\/v1\/2025\/12\/09\/merendero-correntino-lanzo-una-campana-para-recaudar-pan-dulces-y-juguetes\/\" \/>\n<meta property=\"og:locale\" content=\"es_ES\" \/>\n<meta property=\"og:type\" content=\"article\" \/>\n<meta property=\"og:title\" content=\"Merendero correntino lanz\u00f3 una campa\u00f1a para recaudar pan dulces y juguetes - Radio Infinita Goya\" \/>\n<meta property=\"og:description\" content=\"El comedor donde casi 100 ni\u00f1os y adultos meriendan diariamente impulsa una campa\u00f1a solidaria para estas fiestas. El merendero \u201cPancita Llena\u201d de\" \/>\n<meta property=\"og:url\" content=\"https:\/\/radioinfinitagoya.com.ar\/v1\/2025\/12\/09\/merendero-correntino-lanzo-una-campana-para-recaudar-pan-dulces-y-juguetes\/\" \/>\n<meta property=\"og:site_name\" content=\"Radio Infinita Goya\" \/>\n<meta property=\"article:publisher\" content=\"https:\/\/www.facebook.com\/p\/Infinita-Goya-100063870918311\/\" \/>\n<meta property=\"article:published_time\" content=\"2025-12-09T18:52:45+00:00\" \/>\n<meta property=\"og:image\" content=\"https:\/\/radioinfinitagoya.com.ar\/v1\/wp-content\/uploads\/2025\/12\/1765298924253.jpg\" \/>\n\t<meta property=\"og:image:width\" content=\"807\" \/>\n\t<meta property=\"og:image:height\" content=\"606\" \/>\n\t<meta property=\"og:image:type\" content=\"image\/jpeg\" \/>\n<meta name=\"author\" content=\"Jorge Mi\u00f1o\" \/>\n<meta name=\"twitter:card\" content=\"summary_large_image\" \/>\n<meta name=\"twitter:label1\" content=\"Escrito por\" \/>\n\t<meta name=\"twitter:data1\" content=\"Jorge Mi\u00f1o\" \/>\n\t<meta name=\"twitter:label2\" content=\"Tiempo de lectura\" \/>\n\t<meta name=\"twitter:data2\" content=\"2 minutos\" \/>\n<script type=\"application\/ld+json\" class=\"yoast-schema-graph\">{\"@context\":\"https:\/\/schema.org\",\"@graph\":[{\"@type\":\"Article\",\"@id\":\"https:\/\/radioinfinitagoya.com.ar\/v1\/2025\/12\/09\/merendero-correntino-lanzo-una-campana-para-recaudar-pan-dulces-y-juguetes\/#article\",\"isPartOf\":{\"@id\":\"https:\/\/radioinfinitagoya.com.ar\/v1\/2025\/12\/09\/merendero-correntino-lanzo-una-campana-para-recaudar-pan-dulces-y-juguetes\/\"},\"author\":{\"name\":\"Jorge Mi\u00f1o\",\"@id\":\"https:\/\/radioinfinitagoya.com.ar\/v1\/#\/schema\/person\/d4cf9c413d4f6edb24aabdccab49ca4a\"},\"headline\":\"Merendero correntino lanz\u00f3 una campa\u00f1a para recaudar pan dulces y juguetes\",\"datePublished\":\"2025-12-09T18:52:45+00:00\",\"mainEntityOfPage\":{\"@id\":\"https:\/\/radioinfinitagoya.com.ar\/v1\/2025\/12\/09\/merendero-correntino-lanzo-una-campana-para-recaudar-pan-dulces-y-juguetes\/\"},\"wordCount\":197,\"publisher\":{\"@id\":\"https:\/\/radioinfinitagoya.com.ar\/v1\/#organization\"},\"image\":{\"@id\":\"https:\/\/radioinfinitagoya.com.ar\/v1\/2025\/12\/09\/merendero-correntino-lanzo-una-campana-para-recaudar-pan-dulces-y-juguetes\/#primaryimage\"},\"thumbnailUrl\":\"https:\/\/radioinfinitagoya.com.ar\/v1\/wp-content\/uploads\/2025\/12\/1765298924253.jpg\",\"articleSection\":[\"PROVINCIALES\"],\"inLanguage\":\"es-AR\"},{\"@type\":\"WebPage\",\"@id\":\"https:\/\/radioinfinitagoya.com.ar\/v1\/2025\/12\/09\/merendero-correntino-lanzo-una-campana-para-recaudar-pan-dulces-y-juguetes\/\",\"url\":\"https:\/\/radioinfinitagoya.com.ar\/v1\/2025\/12\/09\/merendero-correntino-lanzo-una-campana-para-recaudar-pan-dulces-y-juguetes\/\",\"name\":\"Merendero correntino lanz\u00f3 una campa\u00f1a para recaudar pan dulces y juguetes - Radio Infinita Goya\",\"isPartOf\":{\"@id\":\"https:\/\/radioinfinitagoya.com.ar\/v1\/#website\"},\"primaryImageOfPage\":{\"@id\":\"https:\/\/radioinfinitagoya.com.ar\/v1\/2025\/12\/09\/merendero-correntino-lanzo-una-campana-para-recaudar-pan-dulces-y-juguetes\/#primaryimage\"},\"image\":{\"@id\":\"https:\/\/radioinfinitagoya.com.ar\/v1\/2025\/12\/09\/merendero-correntino-lanzo-una-campana-para-recaudar-pan-dulces-y-juguetes\/#primaryimage\"},\"thumbnailUrl\":\"https:\/\/radioinfinitagoya.com.ar\/v1\/wp-content\/uploads\/2025\/12\/1765298924253.jpg\",\"datePublished\":\"2025-12-09T18:52:45+00:00\",\"description\":\"El comedor donde casi 100 ni\u00f1os y adultos meriendan diariamente impulsa una campa\u00f1a solidaria para estas fiestas. El merendero \u201cPancita Llena\u201d de\",\"breadcrumb\":{\"@id\":\"https:\/\/radioinfinitagoya.com.ar\/v1\/2025\/12\/09\/merendero-correntino-lanzo-una-campana-para-recaudar-pan-dulces-y-juguetes\/#breadcrumb\"},\"inLanguage\":\"es-AR\",\"potentialAction\":[{\"@type\":\"ReadAction\",\"target\":[\"https:\/\/radioinfinitagoya.com.ar\/v1\/2025\/12\/09\/merendero-correntino-lanzo-una-campana-para-recaudar-pan-dulces-y-juguetes\/\"]}]},{\"@type\":\"ImageObject\",\"inLanguage\":\"es-AR\",\"@id\":\"https:\/\/radioinfinitagoya.com.ar\/v1\/2025\/12\/09\/merendero-correntino-lanzo-una-campana-para-recaudar-pan-dulces-y-juguetes\/#primaryimage\",\"url\":\"https:\/\/radioinfinitagoya.com.ar\/v1\/wp-content\/uploads\/2025\/12\/1765298924253.jpg\",\"contentUrl\":\"https:\/\/radioinfinitagoya.com.ar\/v1\/wp-content\/uploads\/2025\/12\/1765298924253.jpg\",\"width\":807,\"height\":606},{\"@type\":\"BreadcrumbList\",\"@id\":\"https:\/\/radioinfinitagoya.com.ar\/v1\/2025\/12\/09\/merendero-correntino-lanzo-una-campana-para-recaudar-pan-dulces-y-juguetes\/#breadcrumb\",\"itemListElement\":[{\"@type\":\"ListItem\",\"position\":1,\"name\":\"Inicio\",\"item\":\"https:\/\/radioinfinitagoya.com.ar\/v1\/\"},{\"@type\":\"ListItem\",\"position\":2,\"name\":\"Merendero correntino lanz\u00f3 una campa\u00f1a para recaudar pan dulces y juguetes\"}]},{\"@type\":\"WebSite\",\"@id\":\"https:\/\/radioinfinitagoya.com.ar\/v1\/#website\",\"url\":\"https:\/\/radioinfinitagoya.com.ar\/v1\/\",\"name\":\"radioinfinitagoya.com.ar\",\"description\":\"Radio de noticias\",\"publisher\":{\"@id\":\"https:\/\/radioinfinitagoya.com.ar\/v1\/#organization\"},\"potentialAction\":[{\"@type\":\"SearchAction\",\"target\":{\"@type\":\"EntryPoint\",\"urlTemplate\":\"https:\/\/radioinfinitagoya.com.ar\/v1\/?s={search_term_string}\"},\"query-input\":{\"@type\":\"PropertyValueSpecification\",\"valueRequired\":true,\"valueName\":\"search_term_string\"}}],\"inLanguage\":\"es-AR\"},{\"@type\":\"Organization\",\"@id\":\"https:\/\/radioinfinitagoya.com.ar\/v1\/#organization\",\"name\":\"Radio Infinita Goya\",\"url\":\"https:\/\/radioinfinitagoya.com.ar\/v1\/\",\"logo\":{\"@type\":\"ImageObject\",\"inLanguage\":\"es-AR\",\"@id\":\"https:\/\/radioinfinitagoya.com.ar\/v1\/#\/schema\/logo\/image\/\",\"url\":\"https:\/\/radioinfinitagoya.com.ar\/v1\/wp-content\/uploads\/2019\/11\/logo-pie-web.png\",\"contentUrl\":\"https:\/\/radioinfinitagoya.com.ar\/v1\/wp-content\/uploads\/2019\/11\/logo-pie-web.png\",\"width\":635,\"height\":326,\"caption\":\"Radio Infinita Goya\"},\"image\":{\"@id\":\"https:\/\/radioinfinitagoya.com.ar\/v1\/#\/schema\/logo\/image\/\"},\"sameAs\":[\"https:\/\/www.facebook.com\/p\/Infinita-Goya-100063870918311\/\"]},{\"@type\":\"Person\",\"@id\":\"https:\/\/radioinfinitagoya.com.ar\/v1\/#\/schema\/person\/d4cf9c413d4f6edb24aabdccab49ca4a\",\"name\":\"Jorge Mi\u00f1o\",\"image\":{\"@type\":\"ImageObject\",\"inLanguage\":\"es-AR\",\"@id\":\"https:\/\/secure.gravatar.com\/avatar\/910fcf6728fe95320e07a6643c1581fec1c7fc4bf8ae12e3d8f0d0373dc844be?s=96&d=mm&r=g\",\"url\":\"https:\/\/secure.gravatar.com\/avatar\/910fcf6728fe95320e07a6643c1581fec1c7fc4bf8ae12e3d8f0d0373dc844be?s=96&d=mm&r=g\",\"contentUrl\":\"https:\/\/secure.gravatar.com\/avatar\/910fcf6728fe95320e07a6643c1581fec1c7fc4bf8ae12e3d8f0d0373dc844be?s=96&d=mm&r=g\",\"caption\":\"Jorge Mi\u00f1o\"},\"sameAs\":[\"http:\/\/radioinfinitagoya.com.ar\"]}]}<\/script>\n<!-- \/ Yoast SEO plugin. -->","yoast_head_json":{"title":"Merendero correntino lanz\u00f3 una campa\u00f1a para recaudar pan dulces y juguetes - Radio Infinita Goya","description":"El comedor donde casi 100 ni\u00f1os y adultos meriendan diariamente impulsa una campa\u00f1a solidaria para estas fiestas. El merendero \u201cPancita Llena\u201d de","robots":{"index":"index","follow":"follow","max-snippet":"max-snippet:-1","max-image-preview":"max-image-preview:large","max-video-preview":"max-video-preview:-1"},"canonical":"https:\/\/radioinfinitagoya.com.ar\/v1\/2025\/12\/09\/merendero-correntino-lanzo-una-campana-para-recaudar-pan-dulces-y-juguetes\/","og_locale":"es_ES","og_type":"article","og_title":"Merendero correntino lanz\u00f3 una campa\u00f1a para recaudar pan dulces y juguetes - Radio Infinita Goya","og_description":"El comedor donde casi 100 ni\u00f1os y adultos meriendan diariamente impulsa una campa\u00f1a solidaria para estas fiestas. El merendero \u201cPancita Llena\u201d de","og_url":"https:\/\/radioinfinitagoya.com.ar\/v1\/2025\/12\/09\/merendero-correntino-lanzo-una-campana-para-recaudar-pan-dulces-y-juguetes\/","og_site_name":"Radio Infinita Goya","article_publisher":"https:\/\/www.facebook.com\/p\/Infinita-Goya-100063870918311\/","article_published_time":"2025-12-09T18:52:45+00:00","og_image":[{"width":807,"height":606,"url":"https:\/\/radioinfinitagoya.com.ar\/v1\/wp-content\/uploads\/2025\/12\/1765298924253.jpg","type":"image\/jpeg"}],"author":"Jorge Mi\u00f1o","twitter_card":"summary_large_image","twitter_misc":{"Escrito por":"Jorge Mi\u00f1o","Tiempo de lectura":"2 minutos"},"schema":{"@context":"https:\/\/schema.org","@graph":[{"@type":"Article","@id":"https:\/\/radioinfinitagoya.com.ar\/v1\/2025\/12\/09\/merendero-correntino-lanzo-una-campana-para-recaudar-pan-dulces-y-juguetes\/#article","isPartOf":{"@id":"https:\/\/radioinfinitagoya.com.ar\/v1\/2025\/12\/09\/merendero-correntino-lanzo-una-campana-para-recaudar-pan-dulces-y-juguetes\/"},"author":{"name":"Jorge Mi\u00f1o","@id":"https:\/\/radioinfinitagoya.com.ar\/v1\/#\/schema\/person\/d4cf9c413d4f6edb24aabdccab49ca4a"},"headline":"Merendero correntino lanz\u00f3 una campa\u00f1a para recaudar pan dulces y juguetes","datePublished":"2025-12-09T18:52:45+00:00","mainEntityOfPage":{"@id":"https:\/\/radioinfinitagoya.com.ar\/v1\/2025\/12\/09\/merendero-correntino-lanzo-una-campana-para-recaudar-pan-dulces-y-juguetes\/"},"wordCount":197,"publisher":{"@id":"https:\/\/radioinfinitagoya.com.ar\/v1\/#organization"},"image":{"@id":"https:\/\/radioinfinitagoya.com.ar\/v1\/2025\/12\/09\/merendero-correntino-lanzo-una-campana-para-recaudar-pan-dulces-y-juguetes\/#primaryimage"},"thumbnailUrl":"https:\/\/radioinfinitagoya.com.ar\/v1\/wp-content\/uploads\/2025\/12\/1765298924253.jpg","articleSection":["PROVINCIALES"],"inLanguage":"es-AR"},{"@type":"WebPage","@id":"https:\/\/radioinfinitagoya.com.ar\/v1\/2025\/12\/09\/merendero-correntino-lanzo-una-campana-para-recaudar-pan-dulces-y-juguetes\/","url":"https:\/\/radioinfinitagoya.com.ar\/v1\/2025\/12\/09\/merendero-correntino-lanzo-una-campana-para-recaudar-pan-dulces-y-juguetes\/","name":"Merendero correntino lanz\u00f3 una campa\u00f1a para recaudar pan dulces y juguetes - Radio Infinita Goya","isPartOf":{"@id":"https:\/\/radioinfinitagoya.com.ar\/v1\/#website"},"primaryImageOfPage":{"@id":"https:\/\/radioinfinitagoya.com.ar\/v1\/2025\/12\/09\/merendero-correntino-lanzo-una-campana-para-recaudar-pan-dulces-y-juguetes\/#primaryimage"},"image":{"@id":"https:\/\/radioinfinitagoya.com.ar\/v1\/2025\/12\/09\/merendero-correntino-lanzo-una-campana-para-recaudar-pan-dulces-y-juguetes\/#primaryimage"},"thumbnailUrl":"https:\/\/radioinfinitagoya.com.ar\/v1\/wp-content\/uploads\/2025\/12\/1765298924253.jpg","datePublished":"2025-12-09T18:52:45+00:00","description":"El comedor donde casi 100 ni\u00f1os y adultos meriendan diariamente impulsa una campa\u00f1a solidaria para estas fiestas. El merendero \u201cPancita Llena\u201d de","breadcrumb":{"@id":"https:\/\/radioinfinitagoya.com.ar\/v1\/2025\/12\/09\/merendero-correntino-lanzo-una-campana-para-recaudar-pan-dulces-y-juguetes\/#breadcrumb"},"inLanguage":"es-AR","potentialAction":[{"@type":"ReadAction","target":["https:\/\/radioinfinitagoya.com.ar\/v1\/2025\/12\/09\/merendero-correntino-lanzo-una-campana-para-recaudar-pan-dulces-y-juguetes\/"]}]},{"@type":"ImageObject","inLanguage":"es-AR","@id":"https:\/\/radioinfinitagoya.com.ar\/v1\/2025\/12\/09\/merendero-correntino-lanzo-una-campana-para-recaudar-pan-dulces-y-juguetes\/#primaryimage","url":"https:\/\/radioinfinitagoya.com.ar\/v1\/wp-content\/uploads\/2025\/12\/1765298924253.jpg","contentUrl":"https:\/\/radioinfinitagoya.com.ar\/v1\/wp-content\/uploads\/2025\/12\/1765298924253.jpg","width":807,"height":606},{"@type":"BreadcrumbList","@id":"https:\/\/radioinfinitagoya.com.ar\/v1\/2025\/12\/09\/merendero-correntino-lanzo-una-campana-para-recaudar-pan-dulces-y-juguetes\/#breadcrumb","itemListElement":[{"@type":"ListItem","position":1,"name":"Inicio","item":"https:\/\/radioinfinitagoya.com.ar\/v1\/"},{"@type":"ListItem","position":2,"name":"Merendero correntino lanz\u00f3 una campa\u00f1a para recaudar pan dulces y juguetes"}]},{"@type":"WebSite","@id":"https:\/\/radioinfinitagoya.com.ar\/v1\/#website","url":"https:\/\/radioinfinitagoya.com.ar\/v1\/","name":"radioinfinitagoya.com.ar","description":"Radio de noticias","publisher":{"@id":"https:\/\/radioinfinitagoya.com.ar\/v1\/#organization"},"potentialAction":[{"@type":"SearchAction","target":{"@type":"EntryPoint","urlTemplate":"https:\/\/radioinfinitagoya.com.ar\/v1\/?s={search_term_string}"},"query-input":{"@type":"PropertyValueSpecification","valueRequired":true,"valueName":"search_term_string"}}],"inLanguage":"es-AR"},{"@type":"Organization","@id":"https:\/\/radioinfinitagoya.com.ar\/v1\/#organization","name":"Radio Infinita Goya","url":"https:\/\/radioinfinitagoya.com.ar\/v1\/","logo":{"@type":"ImageObject","inLanguage":"es-AR","@id":"https:\/\/radioinfinitagoya.com.ar\/v1\/#\/schema\/logo\/image\/","url":"https:\/\/radioinfinitagoya.com.ar\/v1\/wp-content\/uploads\/2019\/11\/logo-pie-web.png","contentUrl":"https:\/\/radioinfinitagoya.com.ar\/v1\/wp-content\/uploads\/2019\/11\/logo-pie-web.png","width":635,"height":326,"caption":"Radio Infinita Goya"},"image":{"@id":"https:\/\/radioinfinitagoya.com.ar\/v1\/#\/schema\/logo\/image\/"},"sameAs":["https:\/\/www.facebook.com\/p\/Infinita-Goya-100063870918311\/"]},{"@type":"Person","@id":"https:\/\/radioinfinitagoya.com.ar\/v1\/#\/schema\/person\/d4cf9c413d4f6edb24aabdccab49ca4a","name":"Jorge Mi\u00f1o","image":{"@type":"ImageObject","inLanguage":"es-AR","@id":"https:\/\/secure.gravatar.com\/avatar\/910fcf6728fe95320e07a6643c1581fec1c7fc4bf8ae12e3d8f0d0373dc844be?s=96&d=mm&r=g","url":"https:\/\/secure.gravatar.com\/avatar\/910fcf6728fe95320e07a6643c1581fec1c7fc4bf8ae12e3d8f0d0373dc844be?s=96&d=mm&r=g","contentUrl":"https:\/\/secure.gravatar.com\/avatar\/910fcf6728fe95320e07a6643c1581fec1c7fc4bf8ae12e3d8f0d0373dc844be?s=96&d=mm&r=g","caption":"Jorge Mi\u00f1o"},"sameAs":["http:\/\/radioinfinitagoya.com.ar"]}]}},"_links":{"self":[{"href":"https:\/\/radioinfinitagoya.com.ar\/v1\/wp-json\/wp\/v2\/posts\/200823","targetHints":{"allow":["GET"]}}],"collection":[{"href":"https:\/\/radioinfinitagoya.com.ar\/v1\/wp-json\/wp\/v2\/posts"}],"about":[{"href":"https:\/\/radioinfinitagoya.com.ar\/v1\/wp-json\/wp\/v2\/types\/post"}],"author":[{"embeddable":true,"href":"https:\/\/radioinfinitagoya.com.ar\/v1\/wp-json\/wp\/v2\/users\/4"}],"replies":[{"embeddable":true,"href":"https:\/\/radioinfinitagoya.com.ar\/v1\/wp-json\/wp\/v2\/comments?post=200823"}],"version-history":[{"count":0,"href":"https:\/\/radioinfinitagoya.com.ar\/v1\/wp-json\/wp\/v2\/posts\/200823\/revisions"}],"wp:featuredmedia":[{"embeddable":true,"href":"https:\/\/radioinfinitagoya.com.ar\/v1\/wp-json\/wp\/v2\/media\/200824"}],"wp:attachment":[{"href":"https:\/\/radioinfinitagoya.com.ar\/v1\/wp-json\/wp\/v2\/media?parent=200823"}],"wp:term":[{"taxonomy":"category","embeddable":true,"href":"https:\/\/radioinfinitagoya.com.ar\/v1\/wp-json\/wp\/v2\/categories?post=200823"},{"taxonomy":"post_tag","embeddable":true,"href":"https:\/\/radioinfinitagoya.com.ar\/v1\/wp-json\/wp\/v2\/tags?post=200823"}],"curies":[{"name":"wp","href":"https:\/\/api.w.org\/{rel}","templated":true}]}}